{"id":7213,"date":"2019-06-15T07:00:31","date_gmt":"2019-06-15T05:00:31","guid":{"rendered":"http:\/\/blogg.svenskakyrkan.se\/vandravagen\/?p=7213"},"modified":"2019-06-14T21:35:23","modified_gmt":"2019-06-14T19:35:23","slug":"sommaravslutning-och-att-rita-i-sanden","status":"publish","type":"post","link":"https:\/\/blogg.svenskakyrkan.se\/vandravagen\/2019\/06\/15\/sommaravslutning-och-att-rita-i-sanden\/","title":{"rendered":"Sommaravslutning och att rita i sanden"},"content":{"rendered":"<p>Ig\u00e5r var det skolavslutningar \u00e4ven i Dalstorp, som p\u00e5 s\u00e5 m\u00e5nga platser i Sverige just nu. Jag brukar f\u00f6rs\u00f6ka ber\u00e4tta n\u00e5gon enkel men bra ber\u00e4ttelse, utan att p\u00e5 n\u00e5got s\u00e4tt ge mig in p\u00e5 saker som kan ge rektorn problem eller s\u00e5. Skolavslutningarna \u00e4r ju trots allt inga gudstj\u00e4nster s\u00e5 i vanlig ordning anpassar jag vad jag s\u00e4ger efter talomst\u00e4ndigheterna.<\/p>\n<p>Men efter att ha dragit den h\u00e4r ber\u00e4ttelsen n\u00e5gra g\u00e5nger i dagarna k\u00e4nner jag att jag hade kunnat s\u00e4ga lite mer s\u00e5 jag tar det h\u00e4r p\u00e5 bloggen. Vars\u00e5god, ett skolavslutningstal och en frist\u00e5ende forts\u00e4ttning:<\/p>\n<p>&nbsp;<\/p>\n<p>Sommaravslutning 2019<\/p>\n<p>Tv\u00e5 v\u00e4nner som var ute och gick, de blev osams. Den ene slog den andre. Det gjorde ont i magen och ont i hj\u00e4rtat. Den slagne skrev i sandstranden \u201didag har min v\u00e4n slagit mig\u201d. Men de fortsatte tillsammans. Efter ett tag kom en stor hund och sprang mot dem. Det fanns en stor sten de kunde fly upp p\u00e5, den som varit dum innan kl\u00e4ttrade upp men den andre var inte lika bra p\u00e5 att kl\u00e4ttra, och hunden kom n\u00e4rmare. D\u00e5 hj\u00e4lpte den f\u00f6rste sin v\u00e4n upp och s\u00e5 var de i s\u00e4kerhet tills hundens \u00e4gare kom och tog hand om den. D\u00e5 tog den som nu blivit r\u00e4ddad och h\u00f6gg in i stenen (inte vet jag hur det gick till f\u00f6r det \u00e4r sv\u00e5rt och tar l\u00e5ng tid) \u201didag har min v\u00e4n r\u00e4ddat mig\u201d.<\/p>\n<p>D\u00e5 fr\u00e5gade den andre: innan skrev du i sanden, och nu skriver du i sten, varf\u00f6r?<\/p>\n<p>\u201dJag skrev i sanden att du slagit mig f\u00f6r det vill jag helst gl\u00f6mma, v\u00e5gorna och vinden g\u00f6r att de orden snart \u00e4r borta\u201d. Men att du r\u00e4ddade mig vill jag alltid komma ih\u00e5g och vara glad f\u00f6r s\u00e5 det skrev jag i sten\u201d.<\/p>\n<p>Det \u00e4r s\u00e5 med livet att allt som har h\u00e4nt har ju h\u00e4nt, det kan vi inte p\u00e5verka.<\/p>\n<p>N\u00e4r ett skol\u00e5r \u00e4r slut s\u00e5 \u00e4r det s\u00e4kert m\u00e5nga viktiga saker som man m\u00e5ste ta till sitt hj\u00e4rta, h\u00e4rliga minnen och viktiga kunskaper. Och s\u00e5 kanske det finns jobbiga h\u00e4ndelser som man mer f\u00e5r skriva i sanden och hoppas att de suddas bort fr\u00e5n minnet r\u00e4tt fort.<\/p>\n<p>Och s\u00e5 ligger ju en sommar framf\u00f6r, hoppas att det ska inneh\u00e5lla mycket h\u00e4rliga minnen f\u00f6r livet att skriva i sten i hj\u00e4rtat. Men jag vet ocks\u00e5 att det s\u00e4kert sitter en och annan som \u00e4r orolig inf\u00f6r sommaren och tycker det \u00e4r sv\u00e5rt f\u00f6r att det \u00e4r jobbigt hemma eller vad det kan vara, d\u00e5 f\u00e5r man skriva de sakerna i sanden i hj\u00e4rtat och spara de fina stunderna n\u00e4r de kommer.<\/p>\n<p>Det finns f\u00f6rresten en i bibeln som skriver i sanden en g\u00e5ng och det \u00e4r en viktig ber\u00e4ttelse men den f\u00e5r vi ta en annan g\u00e5ng. Nu vill jag \u00f6nska er alla en s\u00e5 god och h\u00e4rlig sommar som det bara kan bli!<\/p>\n<p>&nbsp;<\/p>\n<p>&#8212;- Forts\u00e4ttningen!<\/p>\n<p>Jag n\u00e4mnde i f\u00f6rbig\u00e5ende att Jesus ocks\u00e5 skriver i sanden vid ett tillf\u00e4lle. Det \u00e4r n\u00e4r man kommer till honom med en kvinna som ertappats med \u00e4ktenskapsbrott och de s\u00e4tter honom i den om\u00f6jliga situationen att avg\u00f6ra om hon ska stenas eller inte. Friar han henne \u00e4r han slarvig med lagen, h\u00e5ller han med om steningen har han f\u00e5tt sl\u00e5 in p\u00e5 en h\u00e5rdhj\u00e4rtad linje som annars var honom fr\u00e4mmande i torah-fr\u00e5gor.<\/p>\n<p>Jesus sitter och skriver i sanden. Vi vet inte vad han skriver men kanske \u00e4r det hennes brott han skriver d\u00e4r? Precis som i v\u00e5r ber\u00e4ttelse? Visst har det h\u00e4nt, och visst var det fel men det f\u00e5r \u00e4nd\u00e5 till slut bl\u00e5sas bort i vinden och den skyldige f\u00e5r en ny chans.<\/p>\n<p>Sedan f\u00f6ljer ju att Jesus s\u00e4ger att den som aldrig syndat ska kasta f\u00f6rsta stenen, och ingen g\u00f6r det f\u00f6r n\u00e5gon syndfri finns ju inte. Utan han sj\u00e4lv d\u00e5, men han har valt att skriva brottet i sanden ist\u00e4llet f\u00f6r att kr\u00e4va att hon ska sona synden sj\u00e4lv.<\/p>\n<p>Vad t\u00e4nker du om detta? Skriv en kommentar!<\/p>\n<p>&nbsp;<\/p>\n","protected":false},"excerpt":{"rendered":"<p>Ig\u00e5r var det skolavslutningar \u00e4ven i Dalstorp, som p\u00e5 s\u00e5 m\u00e5nga platser i Sverige just nu. Jag brukar f\u00f6rs\u00f6ka ber\u00e4tta n\u00e5gon enkel men bra ber\u00e4ttelse, utan att p\u00e5 n\u00e5got s\u00e4tt ge mig in p\u00e5 saker som kan ge rektorn problem eller s\u00e5. Skolavslutningarna \u00e4r ju trots allt inga gudstj\u00e4nster s\u00e5 i vanlig ordning anpassar jag [&hellip;]<\/p>\n","protected":false},"author":392,"featured_media":7214,"comment_status":"open","ping_status":"open","sticky":false,"template":"","format":"standard","meta":{"_acf_changed":false,"footnotes":""},"categories":[76766],"tags":[],"class_list":["post-7213","post","type-post","status-publish","format-standard","has-post-thumbnail","hentry","category-blandat"],"acf":[],"yoast_head":"<!-- This site is optimized with the Yoast SEO plugin v27.1.1 - https:\/\/yoast.com\/product\/yoast-seo-wordpress\/ -->\n<title>Sommaravslutning och att rita i sanden - Vandra V\u00e4gen<\/title>\n<meta name=\"robots\" content=\"index, follow, max-snippet:-1, max-image-preview:large, max-video-preview:-1\" \/>\n<link rel=\"canonical\" href=\"https:\/\/blogg.svenskakyrkan.se\/vandravagen\/2019\/06\/15\/sommaravslutning-och-att-rita-i-sanden\/\" \/>\n<meta property=\"og:locale\" content=\"sv_SE\" \/>\n<meta property=\"og:type\" content=\"article\" \/>\n<meta property=\"og:title\" content=\"Sommaravslutning och att rita i sanden - Vandra V\u00e4gen\" \/>\n<meta property=\"og:description\" content=\"Ig\u00e5r var det skolavslutningar \u00e4ven i Dalstorp, som p\u00e5 s\u00e5 m\u00e5nga platser i Sverige just nu. Jag brukar f\u00f6rs\u00f6ka ber\u00e4tta n\u00e5gon enkel men bra ber\u00e4ttelse, utan att p\u00e5 n\u00e5got s\u00e4tt ge mig in p\u00e5 saker som kan ge rektorn problem eller s\u00e5. Skolavslutningarna \u00e4r ju trots allt inga gudstj\u00e4nster s\u00e5 i vanlig ordning anpassar jag [&hellip;]\" \/>\n<meta property=\"og:url\" content=\"https:\/\/blogg.svenskakyrkan.se\/vandravagen\/2019\/06\/15\/sommaravslutning-och-att-rita-i-sanden\/\" \/>\n<meta property=\"og:site_name\" content=\"Vandra V\u00e4gen\" \/>\n<meta property=\"article:publisher\" content=\"http:\/\/facebook.com\/vandravagen\" \/>\n<meta property=\"article:published_time\" content=\"2019-06-15T05:00:31+00:00\" \/>\n<meta name=\"author\" content=\"Tomas Jarvid\" \/>\n<meta name=\"twitter:card\" content=\"summary_large_image\" \/>\n<meta name=\"twitter:creator\" content=\"@fadertomas\" \/>\n<meta name=\"twitter:site\" content=\"@fadertomas\" \/>\n<meta name=\"twitter:label1\" content=\"Skriven av\" \/>\n\t<meta name=\"twitter:data1\" content=\"Tomas Jarvid\" \/>\n\t<meta name=\"twitter:label2\" content=\"Ber\u00e4knad l\u00e4stid\" \/>\n\t<meta name=\"twitter:data2\" content=\"4 minuter\" \/>\n<script type=\"application\/ld+json\" class=\"yoast-schema-graph\">{\"@context\":\"https:\/\/schema.org\",\"@graph\":[{\"@type\":\"Article\",\"@id\":\"https:\/\/blogg.svenskakyrkan.se\/vandravagen\/2019\/06\/15\/sommaravslutning-och-att-rita-i-sanden\/#article\",\"isPartOf\":{\"@id\":\"https:\/\/blogg.svenskakyrkan.se\/vandravagen\/2019\/06\/15\/sommaravslutning-och-att-rita-i-sanden\/\"},\"author\":{\"name\":\"Tomas Jarvid\",\"@id\":\"https:\/\/blogg.svenskakyrkan.se\/vandravagen\/#\/schema\/person\/25da02d4f76b137d04291711e2c9fc16\"},\"headline\":\"Sommaravslutning och att rita i sanden\",\"datePublished\":\"2019-06-15T05:00:31+00:00\",\"mainEntityOfPage\":{\"@id\":\"https:\/\/blogg.svenskakyrkan.se\/vandravagen\/2019\/06\/15\/sommaravslutning-och-att-rita-i-sanden\/\"},\"wordCount\":779,\"commentCount\":2,\"publisher\":{\"@id\":\"https:\/\/blogg.svenskakyrkan.se\/vandravagen\/#organization\"},\"image\":{\"@id\":\"https:\/\/blogg.svenskakyrkan.se\/vandravagen\/2019\/06\/15\/sommaravslutning-och-att-rita-i-sanden\/#primaryimage\"},\"thumbnailUrl\":\"https:\/\/blogg.svenskakyrkan.se\/vandravagen\/files\/2019\/06\/the-stoning-final1.jpg\",\"articleSection\":[\"blandat\"],\"inLanguage\":\"sv-SE\",\"potentialAction\":[{\"@type\":\"CommentAction\",\"name\":\"Comment\",\"target\":[\"https:\/\/blogg.svenskakyrkan.se\/vandravagen\/2019\/06\/15\/sommaravslutning-och-att-rita-i-sanden\/#respond\"]}]},{\"@type\":\"WebPage\",\"@id\":\"https:\/\/blogg.svenskakyrkan.se\/vandravagen\/2019\/06\/15\/sommaravslutning-och-att-rita-i-sanden\/\",\"url\":\"https:\/\/blogg.svenskakyrkan.se\/vandravagen\/2019\/06\/15\/sommaravslutning-och-att-rita-i-sanden\/\",\"name\":\"Sommaravslutning och att rita i sanden - Vandra V\u00e4gen\",\"isPartOf\":{\"@id\":\"https:\/\/blogg.svenskakyrkan.se\/vandravagen\/#website\"},\"primaryImageOfPage\":{\"@id\":\"https:\/\/blogg.svenskakyrkan.se\/vandravagen\/2019\/06\/15\/sommaravslutning-och-att-rita-i-sanden\/#primaryimage\"},\"image\":{\"@id\":\"https:\/\/blogg.svenskakyrkan.se\/vandravagen\/2019\/06\/15\/sommaravslutning-och-att-rita-i-sanden\/#primaryimage\"},\"thumbnailUrl\":\"https:\/\/blogg.svenskakyrkan.se\/vandravagen\/files\/2019\/06\/the-stoning-final1.jpg\",\"datePublished\":\"2019-06-15T05:00:31+00:00\",\"breadcrumb\":{\"@id\":\"https:\/\/blogg.svenskakyrkan.se\/vandravagen\/2019\/06\/15\/sommaravslutning-och-att-rita-i-sanden\/#breadcrumb\"},\"inLanguage\":\"sv-SE\",\"potentialAction\":[{\"@type\":\"ReadAction\",\"target\":[\"https:\/\/blogg.svenskakyrkan.se\/vandravagen\/2019\/06\/15\/sommaravslutning-och-att-rita-i-sanden\/\"]}]},{\"@type\":\"ImageObject\",\"inLanguage\":\"sv-SE\",\"@id\":\"https:\/\/blogg.svenskakyrkan.se\/vandravagen\/2019\/06\/15\/sommaravslutning-och-att-rita-i-sanden\/#primaryimage\",\"url\":\"https:\/\/blogg.svenskakyrkan.se\/vandravagen\/files\/2019\/06\/the-stoning-final1.jpg\",\"contentUrl\":\"https:\/\/blogg.svenskakyrkan.se\/vandravagen\/files\/2019\/06\/the-stoning-final1.jpg\",\"width\":1653,\"height\":1429,\"caption\":\"Jesus skriver i sanden. Det enda vi k\u00e4nner till att han n\u00e5gonsin skrivit.\"},{\"@type\":\"BreadcrumbList\",\"@id\":\"https:\/\/blogg.svenskakyrkan.se\/vandravagen\/2019\/06\/15\/sommaravslutning-och-att-rita-i-sanden\/#breadcrumb\",\"itemListElement\":[{\"@type\":\"ListItem\",\"position\":1,\"name\":\"Hem\",\"item\":\"https:\/\/blogg.svenskakyrkan.se\/vandravagen\/\"},{\"@type\":\"ListItem\",\"position\":2,\"name\":\"Sommaravslutning och att rita i sanden\"}]},{\"@type\":\"WebSite\",\"@id\":\"https:\/\/blogg.svenskakyrkan.se\/vandravagen\/#website\",\"url\":\"https:\/\/blogg.svenskakyrkan.se\/vandravagen\/\",\"name\":\"Vandra V\u00e4gen\",\"description\":\"-Mot en tro f\u00f6r hela livet\",\"publisher\":{\"@id\":\"https:\/\/blogg.svenskakyrkan.se\/vandravagen\/#organization\"},\"potentialAction\":[{\"@type\":\"SearchAction\",\"target\":{\"@type\":\"EntryPoint\",\"urlTemplate\":\"https:\/\/blogg.svenskakyrkan.se\/vandravagen\/?s={search_term_string}\"},\"query-input\":{\"@type\":\"PropertyValueSpecification\",\"valueRequired\":true,\"valueName\":\"search_term_string\"}}],\"inLanguage\":\"sv-SE\"},{\"@type\":\"Organization\",\"@id\":\"https:\/\/blogg.svenskakyrkan.se\/vandravagen\/#organization\",\"name\":\"ulricehamns pastorat\",\"alternateName\":\"ulricehamns pastorat\",\"url\":\"https:\/\/blogg.svenskakyrkan.se\/vandravagen\/\",\"logo\":{\"@type\":\"ImageObject\",\"inLanguage\":\"sv-SE\",\"@id\":\"https:\/\/blogg.svenskakyrkan.se\/vandravagen\/#\/schema\/logo\/image\/\",\"url\":\"https:\/\/blogg.svenskakyrkan.se\/vandravagen\/files\/2023\/05\/Ulr_logo_RGB.png\",\"contentUrl\":\"https:\/\/blogg.svenskakyrkan.se\/vandravagen\/files\/2023\/05\/Ulr_logo_RGB.png\",\"width\":205,\"height\":77,\"caption\":\"ulricehamns pastorat\"},\"image\":{\"@id\":\"https:\/\/blogg.svenskakyrkan.se\/vandravagen\/#\/schema\/logo\/image\/\"},\"sameAs\":[\"http:\/\/facebook.com\/vandravagen\",\"https:\/\/x.com\/fadertomas\",\"http:\/\/www.facebook.com\/svenskakyrkaniulricehamn\"]},{\"@type\":\"Person\",\"@id\":\"https:\/\/blogg.svenskakyrkan.se\/vandravagen\/#\/schema\/person\/25da02d4f76b137d04291711e2c9fc16\",\"name\":\"Tomas Jarvid\",\"image\":{\"@type\":\"ImageObject\",\"inLanguage\":\"sv-SE\",\"@id\":\"https:\/\/blogg.svenskakyrkan.se\/vandravagen\/#\/schema\/person\/image\/\",\"url\":\"https:\/\/secure.gravatar.com\/avatar\/7fa71899795e8f540f615a1f5ab25255dc27aa40f05ee7ddd21aac521e01bf50?s=96&d=identicon&r=g\",\"contentUrl\":\"https:\/\/secure.gravatar.com\/avatar\/7fa71899795e8f540f615a1f5ab25255dc27aa40f05ee7ddd21aac521e01bf50?s=96&d=identicon&r=g\",\"caption\":\"Tomas Jarvid\"},\"description\":\"Jag bor i Ulricehamn i V\u00e4sterg\u00f6tland och \u00e4r f\u00f6rsamlingspr\u00e4st i Svenska Kyrkan f\u00f6r Dalstorps f\u00f6rsamling i Kinds pastorat. P\u00e5 den h\u00e4r bloggen skriver jag ner tankar om vandringen som kristen.\",\"sameAs\":[\"http:\/\/www.vandravagen.se\"],\"url\":\"https:\/\/blogg.svenskakyrkan.se\/vandravagen\/author\/vandravagen\/\"}]}<\/script>\n<!-- \/ Yoast SEO plugin. -->","yoast_head_json":{"title":"Sommaravslutning och att rita i sanden - Vandra V\u00e4gen","robots":{"index":"index","follow":"follow","max-snippet":"max-snippet:-1","max-image-preview":"max-image-preview:large","max-video-preview":"max-video-preview:-1"},"canonical":"https:\/\/blogg.svenskakyrkan.se\/vandravagen\/2019\/06\/15\/sommaravslutning-och-att-rita-i-sanden\/","og_locale":"sv_SE","og_type":"article","og_title":"Sommaravslutning och att rita i sanden - Vandra V\u00e4gen","og_description":"Ig\u00e5r var det skolavslutningar \u00e4ven i Dalstorp, som p\u00e5 s\u00e5 m\u00e5nga platser i Sverige just nu. Jag brukar f\u00f6rs\u00f6ka ber\u00e4tta n\u00e5gon enkel men bra ber\u00e4ttelse, utan att p\u00e5 n\u00e5got s\u00e4tt ge mig in p\u00e5 saker som kan ge rektorn problem eller s\u00e5. Skolavslutningarna \u00e4r ju trots allt inga gudstj\u00e4nster s\u00e5 i vanlig ordning anpassar jag [&hellip;]","og_url":"https:\/\/blogg.svenskakyrkan.se\/vandravagen\/2019\/06\/15\/sommaravslutning-och-att-rita-i-sanden\/","og_site_name":"Vandra V\u00e4gen","article_publisher":"http:\/\/facebook.com\/vandravagen","article_published_time":"2019-06-15T05:00:31+00:00","author":"Tomas Jarvid","twitter_card":"summary_large_image","twitter_creator":"@fadertomas","twitter_site":"@fadertomas","twitter_misc":{"Skriven av":"Tomas Jarvid","Ber\u00e4knad l\u00e4stid":"4 minuter"},"schema":{"@context":"https:\/\/schema.org","@graph":[{"@type":"Article","@id":"https:\/\/blogg.svenskakyrkan.se\/vandravagen\/2019\/06\/15\/sommaravslutning-och-att-rita-i-sanden\/#article","isPartOf":{"@id":"https:\/\/blogg.svenskakyrkan.se\/vandravagen\/2019\/06\/15\/sommaravslutning-och-att-rita-i-sanden\/"},"author":{"name":"Tomas Jarvid","@id":"https:\/\/blogg.svenskakyrkan.se\/vandravagen\/#\/schema\/person\/25da02d4f76b137d04291711e2c9fc16"},"headline":"Sommaravslutning och att rita i sanden","datePublished":"2019-06-15T05:00:31+00:00","mainEntityOfPage":{"@id":"https:\/\/blogg.svenskakyrkan.se\/vandravagen\/2019\/06\/15\/sommaravslutning-och-att-rita-i-sanden\/"},"wordCount":779,"commentCount":2,"publisher":{"@id":"https:\/\/blogg.svenskakyrkan.se\/vandravagen\/#organization"},"image":{"@id":"https:\/\/blogg.svenskakyrkan.se\/vandravagen\/2019\/06\/15\/sommaravslutning-och-att-rita-i-sanden\/#primaryimage"},"thumbnailUrl":"https:\/\/blogg.svenskakyrkan.se\/vandravagen\/files\/2019\/06\/the-stoning-final1.jpg","articleSection":["blandat"],"inLanguage":"sv-SE","potentialAction":[{"@type":"CommentAction","name":"Comment","target":["https:\/\/blogg.svenskakyrkan.se\/vandravagen\/2019\/06\/15\/sommaravslutning-och-att-rita-i-sanden\/#respond"]}]},{"@type":"WebPage","@id":"https:\/\/blogg.svenskakyrkan.se\/vandravagen\/2019\/06\/15\/sommaravslutning-och-att-rita-i-sanden\/","url":"https:\/\/blogg.svenskakyrkan.se\/vandravagen\/2019\/06\/15\/sommaravslutning-och-att-rita-i-sanden\/","name":"Sommaravslutning och att rita i sanden - Vandra V\u00e4gen","isPartOf":{"@id":"https:\/\/blogg.svenskakyrkan.se\/vandravagen\/#website"},"primaryImageOfPage":{"@id":"https:\/\/blogg.svenskakyrkan.se\/vandravagen\/2019\/06\/15\/sommaravslutning-och-att-rita-i-sanden\/#primaryimage"},"image":{"@id":"https:\/\/blogg.svenskakyrkan.se\/vandravagen\/2019\/06\/15\/sommaravslutning-och-att-rita-i-sanden\/#primaryimage"},"thumbnailUrl":"https:\/\/blogg.svenskakyrkan.se\/vandravagen\/files\/2019\/06\/the-stoning-final1.jpg","datePublished":"2019-06-15T05:00:31+00:00","breadcrumb":{"@id":"https:\/\/blogg.svenskakyrkan.se\/vandravagen\/2019\/06\/15\/sommaravslutning-och-att-rita-i-sanden\/#breadcrumb"},"inLanguage":"sv-SE","potentialAction":[{"@type":"ReadAction","target":["https:\/\/blogg.svenskakyrkan.se\/vandravagen\/2019\/06\/15\/sommaravslutning-och-att-rita-i-sanden\/"]}]},{"@type":"ImageObject","inLanguage":"sv-SE","@id":"https:\/\/blogg.svenskakyrkan.se\/vandravagen\/2019\/06\/15\/sommaravslutning-och-att-rita-i-sanden\/#primaryimage","url":"https:\/\/blogg.svenskakyrkan.se\/vandravagen\/files\/2019\/06\/the-stoning-final1.jpg","contentUrl":"https:\/\/blogg.svenskakyrkan.se\/vandravagen\/files\/2019\/06\/the-stoning-final1.jpg","width":1653,"height":1429,"caption":"Jesus skriver i sanden. Det enda vi k\u00e4nner till att han n\u00e5gonsin skrivit."},{"@type":"BreadcrumbList","@id":"https:\/\/blogg.svenskakyrkan.se\/vandravagen\/2019\/06\/15\/sommaravslutning-och-att-rita-i-sanden\/#breadcrumb","itemListElement":[{"@type":"ListItem","position":1,"name":"Hem","item":"https:\/\/blogg.svenskakyrkan.se\/vandravagen\/"},{"@type":"ListItem","position":2,"name":"Sommaravslutning och att rita i sanden"}]},{"@type":"WebSite","@id":"https:\/\/blogg.svenskakyrkan.se\/vandravagen\/#website","url":"https:\/\/blogg.svenskakyrkan.se\/vandravagen\/","name":"Vandra V\u00e4gen","description":"-Mot en tro f\u00f6r hela livet","publisher":{"@id":"https:\/\/blogg.svenskakyrkan.se\/vandravagen\/#organization"},"potentialAction":[{"@type":"SearchAction","target":{"@type":"EntryPoint","urlTemplate":"https:\/\/blogg.svenskakyrkan.se\/vandravagen\/?s={search_term_string}"},"query-input":{"@type":"PropertyValueSpecification","valueRequired":true,"valueName":"search_term_string"}}],"inLanguage":"sv-SE"},{"@type":"Organization","@id":"https:\/\/blogg.svenskakyrkan.se\/vandravagen\/#organization","name":"ulricehamns pastorat","alternateName":"ulricehamns pastorat","url":"https:\/\/blogg.svenskakyrkan.se\/vandravagen\/","logo":{"@type":"ImageObject","inLanguage":"sv-SE","@id":"https:\/\/blogg.svenskakyrkan.se\/vandravagen\/#\/schema\/logo\/image\/","url":"https:\/\/blogg.svenskakyrkan.se\/vandravagen\/files\/2023\/05\/Ulr_logo_RGB.png","contentUrl":"https:\/\/blogg.svenskakyrkan.se\/vandravagen\/files\/2023\/05\/Ulr_logo_RGB.png","width":205,"height":77,"caption":"ulricehamns pastorat"},"image":{"@id":"https:\/\/blogg.svenskakyrkan.se\/vandravagen\/#\/schema\/logo\/image\/"},"sameAs":["http:\/\/facebook.com\/vandravagen","https:\/\/x.com\/fadertomas","http:\/\/www.facebook.com\/svenskakyrkaniulricehamn"]},{"@type":"Person","@id":"https:\/\/blogg.svenskakyrkan.se\/vandravagen\/#\/schema\/person\/25da02d4f76b137d04291711e2c9fc16","name":"Tomas Jarvid","image":{"@type":"ImageObject","inLanguage":"sv-SE","@id":"https:\/\/blogg.svenskakyrkan.se\/vandravagen\/#\/schema\/person\/image\/","url":"https:\/\/secure.gravatar.com\/avatar\/7fa71899795e8f540f615a1f5ab25255dc27aa40f05ee7ddd21aac521e01bf50?s=96&d=identicon&r=g","contentUrl":"https:\/\/secure.gravatar.com\/avatar\/7fa71899795e8f540f615a1f5ab25255dc27aa40f05ee7ddd21aac521e01bf50?s=96&d=identicon&r=g","caption":"Tomas Jarvid"},"description":"Jag bor i Ulricehamn i V\u00e4sterg\u00f6tland och \u00e4r f\u00f6rsamlingspr\u00e4st i Svenska Kyrkan f\u00f6r Dalstorps f\u00f6rsamling i Kinds pastorat. P\u00e5 den h\u00e4r bloggen skriver jag ner tankar om vandringen som kristen.","sameAs":["http:\/\/www.vandravagen.se"],"url":"https:\/\/blogg.svenskakyrkan.se\/vandravagen\/author\/vandravagen\/"}]}},"author_meta":{"ID":"392","user_nicename":"vandravagen","user_url":"http:\/\/www.vandravagen.se","user_registered":"2014-05-19 05:44:52","display_name":"Tomas Jarvid","first_name":"Tomas","last_name":"Jarvid","avatar":"https:\/\/secure.gravatar.com\/avatar\/7fa71899795e8f540f615a1f5ab25255dc27aa40f05ee7ddd21aac521e01bf50?s=96&d=identicon&r=g"},"featured_image":["https:\/\/blogg.svenskakyrkan.se\/vandravagen\/files\/2019\/06\/the-stoning-final1-1024x885.jpg",1024,885,true],"bloginfo":{"name":"Vandra V\u00e4gen","url":"https:\/\/blogg.svenskakyrkan.se\/vandravagen"},"_links":{"self":[{"href":"https:\/\/blogg.svenskakyrkan.se\/vandravagen\/wp-json\/wp\/v2\/posts\/7213","targetHints":{"allow":["GET"]}}],"collection":[{"href":"https:\/\/blogg.svenskakyrkan.se\/vandravagen\/wp-json\/wp\/v2\/posts"}],"about":[{"href":"https:\/\/blogg.svenskakyrkan.se\/vandravagen\/wp-json\/wp\/v2\/types\/post"}],"author":[{"embeddable":true,"href":"https:\/\/blogg.svenskakyrkan.se\/vandravagen\/wp-json\/wp\/v2\/users\/392"}],"replies":[{"embeddable":true,"href":"https:\/\/blogg.svenskakyrkan.se\/vandravagen\/wp-json\/wp\/v2\/comments?post=7213"}],"version-history":[{"count":1,"href":"https:\/\/blogg.svenskakyrkan.se\/vandravagen\/wp-json\/wp\/v2\/posts\/7213\/revisions"}],"predecessor-version":[{"id":7215,"href":"https:\/\/blogg.svenskakyrkan.se\/vandravagen\/wp-json\/wp\/v2\/posts\/7213\/revisions\/7215"}],"wp:featuredmedia":[{"embeddable":true,"href":"https:\/\/blogg.svenskakyrkan.se\/vandravagen\/wp-json\/wp\/v2\/media\/7214"}],"wp:attachment":[{"href":"https:\/\/blogg.svenskakyrkan.se\/vandravagen\/wp-json\/wp\/v2\/media?parent=7213"}],"wp:term":[{"taxonomy":"category","embeddable":true,"href":"https:\/\/blogg.svenskakyrkan.se\/vandravagen\/wp-json\/wp\/v2\/categories?post=7213"},{"taxonomy":"post_tag","embeddable":true,"href":"https:\/\/blogg.svenskakyrkan.se\/vandravagen\/wp-json\/wp\/v2\/tags?post=7213"}],"curies":[{"name":"wp","href":"https:\/\/api.w.org\/{rel}","templated":true}]}}