{"id":7225,"date":"2019-06-27T07:00:50","date_gmt":"2019-06-27T05:00:50","guid":{"rendered":"http:\/\/blogg.svenskakyrkan.se\/vandravagen\/?p=7225"},"modified":"2019-06-26T21:50:40","modified_gmt":"2019-06-26T19:50:40","slug":"en-prast-laser-mythos-och-dyker-i-de-grekiska-myterna","status":"publish","type":"post","link":"https:\/\/blogg.svenskakyrkan.se\/vandravagen\/2019\/06\/27\/en-prast-laser-mythos-och-dyker-i-de-grekiska-myterna\/","title":{"rendered":"En pr\u00e4st l\u00e4ser &#8221;mythos&#8221; och dyker i de grekiska myterna"},"content":{"rendered":"<p>Nu har jag l\u00e4st (=lyssnat p\u00e5) &#8221;Mythos&#8221; av Stephen Fry. Boken \u00e4r ett frejdigt \u00e5terber\u00e4ttande av de grekiska myterna. Allt \u00e4r inte med (som Herakles till exempel) men v\u00e4ldigt mycket \u00e4r det. Och Fry g\u00f6r d\u00e5 och d\u00e5 sm\u00e5 kommentarer om hur myterna satt sitt sp\u00e5r i v\u00e5rt spr\u00e5k eller i vetenskapliga namn eller vad det kan vara. Jag rekommenderar f\u00f6rst\u00e5s boken till alla intresserade. Den kr\u00e4ver inga f\u00f6rkunskaper alls men den \u00e4r ju p\u00e5 engelska.<\/p>\n<p>Det \u00e4r s\u00e5 v\u00e4ldigt bra ber\u00e4ttelser, fulla med liv och detaljer. Det \u00e4r f\u00f6rst\u00e5s ocks\u00e5 v\u00e4ldigt t\u00e4nkv\u00e4rt f\u00f6r den som annars h\u00e5ller p\u00e5 med bibeln att det ju var detta &#8221;mythos&#8221; (denna samling av myter som ber\u00e4ttade vad det var f\u00f6r v\u00e4rld man levde i egentligen) som r\u00e5dde i medelhavsv\u00e4rlden d\u00e5 den kristna tron spred sig d\u00e4r. Ibland m\u00e4rker man av det i bibeln (genom h\u00e4nvisningar till Zeus eller i Efesos d\u00e4r Paulus kraschar samman med kulten av Artemis) men oftare m\u00e5ste det helt enkelt vara luften man andades i den grekiska omv\u00e4rlden (eller den romerska som var snarlik och l\u00e5nade in de b\u00e4sta historierna).<\/p>\n<p>Jag b\u00f6rjade redan fundera p\u00e5 om jag kan hitta n\u00e5got sammanhang d\u00e4r det \u00e4r naturligt att ber\u00e4tta om kung Midas eller Prometeus, det borde v\u00e4l inte vara s\u00e5 om\u00f6jligt? (Jag har f\u00f6rresten <a href=\"https:\/\/blogg.svenskakyrkan.se\/vandravagen\/2013\/02\/23\/har-du-en-minotaurus-i-garderoben\/\">bloggat om att ha en minotaurus i garderoben<\/a>, eller <a href=\"https:\/\/blogg.svenskakyrkan.se\/vandravagen\/2013\/02\/25\/surrad-vid-masten-som-odysseus\/\">att bli surrad vid masten som Odysseus<\/a> (den brukar jag dra i vigseltal ibland)<\/p>\n<p>Fry s\u00e4ger rakt ut att h\u00e4r \u00e4r det fr\u00e5ga om Gudar som m\u00e4nniskorna sj\u00e4lva skapat till sin avbild ist\u00e4llet f\u00f6r tv\u00e4rtom. Det h\u00e4nder ju att Gud i kristen tro ocks\u00e5 s\u00e4gs vara en uppf\u00f6rstorad m\u00e4nniska i v\u00e5rt psyke men vad g\u00e4ller de grekiska gudarna \u00e4r det verkligen v\u00e4ldigt tydligt s\u00e5. De \u00e4r magnifika och starka men ocks\u00e5 begivna p\u00e5 smicker, v\u00e5ldsamma och h\u00e4mndlystna (och Zeus \u00e4r dessutom st\u00e4ndigt p\u00e5 jakt efter sexuella er\u00f6vringar). Kontrasten \u00e4r stor mot den himmelske Fadern som Jesus talar om m\u00e5ste jag s\u00e4ga.<\/p>\n<p>Jag st\u00f6tte f\u00f6rresten p\u00e5 ordet &#8221;mythos&#8221; i predikanten Tim Kellers mun. Det var i sammanhanget att han ans\u00e5g att et \u00e4kta par p\u00e5 ett eller annat s\u00e4tt m\u00e5ste ha ett gemensamt mythos. V\u00e4rldsbild och v\u00e4rderingar, kanske vi skulle kalla det d\u00e5? Om vi ska f\u00f6rst\u00e5 varandra m\u00e5ste vi v\u00e4l \u00e4nd\u00e5 p\u00e5 n\u00e5got plan se lika p\u00e5 v\u00e4rlden antar jag.<\/p>\n<p>Hur bra kan du din grekiska gudav\u00e4rld? N\u00e5gra favoritber\u00e4ttelser?<\/p>\n","protected":false},"excerpt":{"rendered":"<p>Nu har jag l\u00e4st (=lyssnat p\u00e5) &#8221;Mythos&#8221; av Stephen Fry. Boken \u00e4r ett frejdigt \u00e5terber\u00e4ttande av de grekiska myterna. Allt \u00e4r inte med (som Herakles till exempel) men v\u00e4ldigt mycket \u00e4r det. Och Fry g\u00f6r d\u00e5 och d\u00e5 sm\u00e5 kommentarer om hur myterna satt sitt sp\u00e5r i v\u00e5rt spr\u00e5k eller i vetenskapliga namn eller vad [&hellip;]<\/p>\n","protected":false},"author":392,"featured_media":7252,"comment_status":"open","ping_status":"open","sticky":false,"template":"","format":"standard","meta":{"_acf_changed":false,"footnotes":""},"categories":[33559,8253,42374],"tags":[],"class_list":["post-7225","post","type-post","status-publish","format-standard","has-post-thumbnail","hentry","category-berattelser","category-bocker","category-boktips"],"acf":[],"yoast_head":"<!-- This site is optimized with the Yoast SEO plugin v27.1.1 - https:\/\/yoast.com\/product\/yoast-seo-wordpress\/ -->\n<title>En pr\u00e4st l\u00e4ser &quot;mythos&quot; och dyker i de grekiska myterna - Vandra V\u00e4gen<\/title>\n<meta name=\"robots\" content=\"index, follow, max-snippet:-1, max-image-preview:large, max-video-preview:-1\" \/>\n<link rel=\"canonical\" href=\"https:\/\/blogg.svenskakyrkan.se\/vandravagen\/2019\/06\/27\/en-prast-laser-mythos-och-dyker-i-de-grekiska-myterna\/\" \/>\n<meta property=\"og:locale\" content=\"sv_SE\" \/>\n<meta property=\"og:type\" content=\"article\" \/>\n<meta property=\"og:title\" content=\"En pr\u00e4st l\u00e4ser &quot;mythos&quot; och dyker i de grekiska myterna - Vandra V\u00e4gen\" \/>\n<meta property=\"og:description\" content=\"Nu har jag l\u00e4st (=lyssnat p\u00e5) &#8221;Mythos&#8221; av Stephen Fry. Boken \u00e4r ett frejdigt \u00e5terber\u00e4ttande av de grekiska myterna. Allt \u00e4r inte med (som Herakles till exempel) men v\u00e4ldigt mycket \u00e4r det. Och Fry g\u00f6r d\u00e5 och d\u00e5 sm\u00e5 kommentarer om hur myterna satt sitt sp\u00e5r i v\u00e5rt spr\u00e5k eller i vetenskapliga namn eller vad [&hellip;]\" \/>\n<meta property=\"og:url\" content=\"https:\/\/blogg.svenskakyrkan.se\/vandravagen\/2019\/06\/27\/en-prast-laser-mythos-och-dyker-i-de-grekiska-myterna\/\" \/>\n<meta property=\"og:site_name\" content=\"Vandra V\u00e4gen\" \/>\n<meta property=\"article:publisher\" content=\"http:\/\/facebook.com\/vandravagen\" \/>\n<meta property=\"article:published_time\" content=\"2019-06-27T05:00:50+00:00\" \/>\n<meta name=\"author\" content=\"Tomas Jarvid\" \/>\n<meta name=\"twitter:card\" content=\"summary_large_image\" \/>\n<meta name=\"twitter:creator\" content=\"@fadertomas\" \/>\n<meta name=\"twitter:site\" content=\"@fadertomas\" \/>\n<meta name=\"twitter:label1\" content=\"Skriven av\" \/>\n\t<meta name=\"twitter:data1\" content=\"Tomas Jarvid\" \/>\n\t<meta name=\"twitter:label2\" content=\"Ber\u00e4knad l\u00e4stid\" \/>\n\t<meta name=\"twitter:data2\" content=\"2 minuter\" \/>\n<script type=\"application\/ld+json\" class=\"yoast-schema-graph\">{\"@context\":\"https:\/\/schema.org\",\"@graph\":[{\"@type\":\"Article\",\"@id\":\"https:\/\/blogg.svenskakyrkan.se\/vandravagen\/2019\/06\/27\/en-prast-laser-mythos-och-dyker-i-de-grekiska-myterna\/#article\",\"isPartOf\":{\"@id\":\"https:\/\/blogg.svenskakyrkan.se\/vandravagen\/2019\/06\/27\/en-prast-laser-mythos-och-dyker-i-de-grekiska-myterna\/\"},\"author\":{\"name\":\"Tomas Jarvid\",\"@id\":\"https:\/\/blogg.svenskakyrkan.se\/vandravagen\/#\/schema\/person\/25da02d4f76b137d04291711e2c9fc16\"},\"headline\":\"En pr\u00e4st l\u00e4ser &#8221;mythos&#8221; och dyker i de grekiska myterna\",\"datePublished\":\"2019-06-27T05:00:50+00:00\",\"mainEntityOfPage\":{\"@id\":\"https:\/\/blogg.svenskakyrkan.se\/vandravagen\/2019\/06\/27\/en-prast-laser-mythos-och-dyker-i-de-grekiska-myterna\/\"},\"wordCount\":479,\"commentCount\":0,\"publisher\":{\"@id\":\"https:\/\/blogg.svenskakyrkan.se\/vandravagen\/#organization\"},\"image\":{\"@id\":\"https:\/\/blogg.svenskakyrkan.se\/vandravagen\/2019\/06\/27\/en-prast-laser-mythos-och-dyker-i-de-grekiska-myterna\/#primaryimage\"},\"thumbnailUrl\":\"https:\/\/blogg.svenskakyrkan.se\/vandravagen\/files\/2019\/06\/IMG_1727.jpg\",\"articleSection\":[\"ber\u00e4ttelser\",\"b\u00f6cker\",\"boktips\"],\"inLanguage\":\"sv-SE\",\"potentialAction\":[{\"@type\":\"CommentAction\",\"name\":\"Comment\",\"target\":[\"https:\/\/blogg.svenskakyrkan.se\/vandravagen\/2019\/06\/27\/en-prast-laser-mythos-och-dyker-i-de-grekiska-myterna\/#respond\"]}]},{\"@type\":\"WebPage\",\"@id\":\"https:\/\/blogg.svenskakyrkan.se\/vandravagen\/2019\/06\/27\/en-prast-laser-mythos-och-dyker-i-de-grekiska-myterna\/\",\"url\":\"https:\/\/blogg.svenskakyrkan.se\/vandravagen\/2019\/06\/27\/en-prast-laser-mythos-och-dyker-i-de-grekiska-myterna\/\",\"name\":\"En pr\u00e4st l\u00e4ser \\\"mythos\\\" och dyker i de grekiska myterna - Vandra V\u00e4gen\",\"isPartOf\":{\"@id\":\"https:\/\/blogg.svenskakyrkan.se\/vandravagen\/#website\"},\"primaryImageOfPage\":{\"@id\":\"https:\/\/blogg.svenskakyrkan.se\/vandravagen\/2019\/06\/27\/en-prast-laser-mythos-och-dyker-i-de-grekiska-myterna\/#primaryimage\"},\"image\":{\"@id\":\"https:\/\/blogg.svenskakyrkan.se\/vandravagen\/2019\/06\/27\/en-prast-laser-mythos-och-dyker-i-de-grekiska-myterna\/#primaryimage\"},\"thumbnailUrl\":\"https:\/\/blogg.svenskakyrkan.se\/vandravagen\/files\/2019\/06\/IMG_1727.jpg\",\"datePublished\":\"2019-06-27T05:00:50+00:00\",\"breadcrumb\":{\"@id\":\"https:\/\/blogg.svenskakyrkan.se\/vandravagen\/2019\/06\/27\/en-prast-laser-mythos-och-dyker-i-de-grekiska-myterna\/#breadcrumb\"},\"inLanguage\":\"sv-SE\",\"potentialAction\":[{\"@type\":\"ReadAction\",\"target\":[\"https:\/\/blogg.svenskakyrkan.se\/vandravagen\/2019\/06\/27\/en-prast-laser-mythos-och-dyker-i-de-grekiska-myterna\/\"]}]},{\"@type\":\"ImageObject\",\"inLanguage\":\"sv-SE\",\"@id\":\"https:\/\/blogg.svenskakyrkan.se\/vandravagen\/2019\/06\/27\/en-prast-laser-mythos-och-dyker-i-de-grekiska-myterna\/#primaryimage\",\"url\":\"https:\/\/blogg.svenskakyrkan.se\/vandravagen\/files\/2019\/06\/IMG_1727.jpg\",\"contentUrl\":\"https:\/\/blogg.svenskakyrkan.se\/vandravagen\/files\/2019\/06\/IMG_1727.jpg\",\"width\":749,\"height\":967,\"caption\":\"\\\"Mythos\\\" av Stephen Fry.\"},{\"@type\":\"BreadcrumbList\",\"@id\":\"https:\/\/blogg.svenskakyrkan.se\/vandravagen\/2019\/06\/27\/en-prast-laser-mythos-och-dyker-i-de-grekiska-myterna\/#breadcrumb\",\"itemListElement\":[{\"@type\":\"ListItem\",\"position\":1,\"name\":\"Hem\",\"item\":\"https:\/\/blogg.svenskakyrkan.se\/vandravagen\/\"},{\"@type\":\"ListItem\",\"position\":2,\"name\":\"En pr\u00e4st l\u00e4ser &#8221;mythos&#8221; och dyker i de grekiska myterna\"}]},{\"@type\":\"WebSite\",\"@id\":\"https:\/\/blogg.svenskakyrkan.se\/vandravagen\/#website\",\"url\":\"https:\/\/blogg.svenskakyrkan.se\/vandravagen\/\",\"name\":\"Vandra V\u00e4gen\",\"description\":\"-Mot en tro f\u00f6r hela livet\",\"publisher\":{\"@id\":\"https:\/\/blogg.svenskakyrkan.se\/vandravagen\/#organization\"},\"potentialAction\":[{\"@type\":\"SearchAction\",\"target\":{\"@type\":\"EntryPoint\",\"urlTemplate\":\"https:\/\/blogg.svenskakyrkan.se\/vandravagen\/?s={search_term_string}\"},\"query-input\":{\"@type\":\"PropertyValueSpecification\",\"valueRequired\":true,\"valueName\":\"search_term_string\"}}],\"inLanguage\":\"sv-SE\"},{\"@type\":\"Organization\",\"@id\":\"https:\/\/blogg.svenskakyrkan.se\/vandravagen\/#organization\",\"name\":\"ulricehamns pastorat\",\"alternateName\":\"ulricehamns pastorat\",\"url\":\"https:\/\/blogg.svenskakyrkan.se\/vandravagen\/\",\"logo\":{\"@type\":\"ImageObject\",\"inLanguage\":\"sv-SE\",\"@id\":\"https:\/\/blogg.svenskakyrkan.se\/vandravagen\/#\/schema\/logo\/image\/\",\"url\":\"https:\/\/blogg.svenskakyrkan.se\/vandravagen\/files\/2023\/05\/Ulr_logo_RGB.png\",\"contentUrl\":\"https:\/\/blogg.svenskakyrkan.se\/vandravagen\/files\/2023\/05\/Ulr_logo_RGB.png\",\"width\":205,\"height\":77,\"caption\":\"ulricehamns pastorat\"},\"image\":{\"@id\":\"https:\/\/blogg.svenskakyrkan.se\/vandravagen\/#\/schema\/logo\/image\/\"},\"sameAs\":[\"http:\/\/facebook.com\/vandravagen\",\"https:\/\/x.com\/fadertomas\",\"http:\/\/www.facebook.com\/svenskakyrkaniulricehamn\"]},{\"@type\":\"Person\",\"@id\":\"https:\/\/blogg.svenskakyrkan.se\/vandravagen\/#\/schema\/person\/25da02d4f76b137d04291711e2c9fc16\",\"name\":\"Tomas Jarvid\",\"image\":{\"@type\":\"ImageObject\",\"inLanguage\":\"sv-SE\",\"@id\":\"https:\/\/blogg.svenskakyrkan.se\/vandravagen\/#\/schema\/person\/image\/\",\"url\":\"https:\/\/secure.gravatar.com\/avatar\/7fa71899795e8f540f615a1f5ab25255dc27aa40f05ee7ddd21aac521e01bf50?s=96&d=identicon&r=g\",\"contentUrl\":\"https:\/\/secure.gravatar.com\/avatar\/7fa71899795e8f540f615a1f5ab25255dc27aa40f05ee7ddd21aac521e01bf50?s=96&d=identicon&r=g\",\"caption\":\"Tomas Jarvid\"},\"description\":\"Jag bor i Ulricehamn i V\u00e4sterg\u00f6tland och \u00e4r f\u00f6rsamlingspr\u00e4st i Svenska Kyrkan f\u00f6r Dalstorps f\u00f6rsamling i Kinds pastorat. P\u00e5 den h\u00e4r bloggen skriver jag ner tankar om vandringen som kristen.\",\"sameAs\":[\"http:\/\/www.vandravagen.se\"],\"url\":\"https:\/\/blogg.svenskakyrkan.se\/vandravagen\/author\/vandravagen\/\"}]}<\/script>\n<!-- \/ Yoast SEO plugin. -->","yoast_head_json":{"title":"En pr\u00e4st l\u00e4ser \"mythos\" och dyker i de grekiska myterna - Vandra V\u00e4gen","robots":{"index":"index","follow":"follow","max-snippet":"max-snippet:-1","max-image-preview":"max-image-preview:large","max-video-preview":"max-video-preview:-1"},"canonical":"https:\/\/blogg.svenskakyrkan.se\/vandravagen\/2019\/06\/27\/en-prast-laser-mythos-och-dyker-i-de-grekiska-myterna\/","og_locale":"sv_SE","og_type":"article","og_title":"En pr\u00e4st l\u00e4ser \"mythos\" och dyker i de grekiska myterna - Vandra V\u00e4gen","og_description":"Nu har jag l\u00e4st (=lyssnat p\u00e5) &#8221;Mythos&#8221; av Stephen Fry. Boken \u00e4r ett frejdigt \u00e5terber\u00e4ttande av de grekiska myterna. Allt \u00e4r inte med (som Herakles till exempel) men v\u00e4ldigt mycket \u00e4r det. Och Fry g\u00f6r d\u00e5 och d\u00e5 sm\u00e5 kommentarer om hur myterna satt sitt sp\u00e5r i v\u00e5rt spr\u00e5k eller i vetenskapliga namn eller vad [&hellip;]","og_url":"https:\/\/blogg.svenskakyrkan.se\/vandravagen\/2019\/06\/27\/en-prast-laser-mythos-och-dyker-i-de-grekiska-myterna\/","og_site_name":"Vandra V\u00e4gen","article_publisher":"http:\/\/facebook.com\/vandravagen","article_published_time":"2019-06-27T05:00:50+00:00","author":"Tomas Jarvid","twitter_card":"summary_large_image","twitter_creator":"@fadertomas","twitter_site":"@fadertomas","twitter_misc":{"Skriven av":"Tomas Jarvid","Ber\u00e4knad l\u00e4stid":"2 minuter"},"schema":{"@context":"https:\/\/schema.org","@graph":[{"@type":"Article","@id":"https:\/\/blogg.svenskakyrkan.se\/vandravagen\/2019\/06\/27\/en-prast-laser-mythos-och-dyker-i-de-grekiska-myterna\/#article","isPartOf":{"@id":"https:\/\/blogg.svenskakyrkan.se\/vandravagen\/2019\/06\/27\/en-prast-laser-mythos-och-dyker-i-de-grekiska-myterna\/"},"author":{"name":"Tomas Jarvid","@id":"https:\/\/blogg.svenskakyrkan.se\/vandravagen\/#\/schema\/person\/25da02d4f76b137d04291711e2c9fc16"},"headline":"En pr\u00e4st l\u00e4ser &#8221;mythos&#8221; och dyker i de grekiska myterna","datePublished":"2019-06-27T05:00:50+00:00","mainEntityOfPage":{"@id":"https:\/\/blogg.svenskakyrkan.se\/vandravagen\/2019\/06\/27\/en-prast-laser-mythos-och-dyker-i-de-grekiska-myterna\/"},"wordCount":479,"commentCount":0,"publisher":{"@id":"https:\/\/blogg.svenskakyrkan.se\/vandravagen\/#organization"},"image":{"@id":"https:\/\/blogg.svenskakyrkan.se\/vandravagen\/2019\/06\/27\/en-prast-laser-mythos-och-dyker-i-de-grekiska-myterna\/#primaryimage"},"thumbnailUrl":"https:\/\/blogg.svenskakyrkan.se\/vandravagen\/files\/2019\/06\/IMG_1727.jpg","articleSection":["ber\u00e4ttelser","b\u00f6cker","boktips"],"inLanguage":"sv-SE","potentialAction":[{"@type":"CommentAction","name":"Comment","target":["https:\/\/blogg.svenskakyrkan.se\/vandravagen\/2019\/06\/27\/en-prast-laser-mythos-och-dyker-i-de-grekiska-myterna\/#respond"]}]},{"@type":"WebPage","@id":"https:\/\/blogg.svenskakyrkan.se\/vandravagen\/2019\/06\/27\/en-prast-laser-mythos-och-dyker-i-de-grekiska-myterna\/","url":"https:\/\/blogg.svenskakyrkan.se\/vandravagen\/2019\/06\/27\/en-prast-laser-mythos-och-dyker-i-de-grekiska-myterna\/","name":"En pr\u00e4st l\u00e4ser \"mythos\" och dyker i de grekiska myterna - Vandra V\u00e4gen","isPartOf":{"@id":"https:\/\/blogg.svenskakyrkan.se\/vandravagen\/#website"},"primaryImageOfPage":{"@id":"https:\/\/blogg.svenskakyrkan.se\/vandravagen\/2019\/06\/27\/en-prast-laser-mythos-och-dyker-i-de-grekiska-myterna\/#primaryimage"},"image":{"@id":"https:\/\/blogg.svenskakyrkan.se\/vandravagen\/2019\/06\/27\/en-prast-laser-mythos-och-dyker-i-de-grekiska-myterna\/#primaryimage"},"thumbnailUrl":"https:\/\/blogg.svenskakyrkan.se\/vandravagen\/files\/2019\/06\/IMG_1727.jpg","datePublished":"2019-06-27T05:00:50+00:00","breadcrumb":{"@id":"https:\/\/blogg.svenskakyrkan.se\/vandravagen\/2019\/06\/27\/en-prast-laser-mythos-och-dyker-i-de-grekiska-myterna\/#breadcrumb"},"inLanguage":"sv-SE","potentialAction":[{"@type":"ReadAction","target":["https:\/\/blogg.svenskakyrkan.se\/vandravagen\/2019\/06\/27\/en-prast-laser-mythos-och-dyker-i-de-grekiska-myterna\/"]}]},{"@type":"ImageObject","inLanguage":"sv-SE","@id":"https:\/\/blogg.svenskakyrkan.se\/vandravagen\/2019\/06\/27\/en-prast-laser-mythos-och-dyker-i-de-grekiska-myterna\/#primaryimage","url":"https:\/\/blogg.svenskakyrkan.se\/vandravagen\/files\/2019\/06\/IMG_1727.jpg","contentUrl":"https:\/\/blogg.svenskakyrkan.se\/vandravagen\/files\/2019\/06\/IMG_1727.jpg","width":749,"height":967,"caption":"\"Mythos\" av Stephen Fry."},{"@type":"BreadcrumbList","@id":"https:\/\/blogg.svenskakyrkan.se\/vandravagen\/2019\/06\/27\/en-prast-laser-mythos-och-dyker-i-de-grekiska-myterna\/#breadcrumb","itemListElement":[{"@type":"ListItem","position":1,"name":"Hem","item":"https:\/\/blogg.svenskakyrkan.se\/vandravagen\/"},{"@type":"ListItem","position":2,"name":"En pr\u00e4st l\u00e4ser &#8221;mythos&#8221; och dyker i de grekiska myterna"}]},{"@type":"WebSite","@id":"https:\/\/blogg.svenskakyrkan.se\/vandravagen\/#website","url":"https:\/\/blogg.svenskakyrkan.se\/vandravagen\/","name":"Vandra V\u00e4gen","description":"-Mot en tro f\u00f6r hela livet","publisher":{"@id":"https:\/\/blogg.svenskakyrkan.se\/vandravagen\/#organization"},"potentialAction":[{"@type":"SearchAction","target":{"@type":"EntryPoint","urlTemplate":"https:\/\/blogg.svenskakyrkan.se\/vandravagen\/?s={search_term_string}"},"query-input":{"@type":"PropertyValueSpecification","valueRequired":true,"valueName":"search_term_string"}}],"inLanguage":"sv-SE"},{"@type":"Organization","@id":"https:\/\/blogg.svenskakyrkan.se\/vandravagen\/#organization","name":"ulricehamns pastorat","alternateName":"ulricehamns pastorat","url":"https:\/\/blogg.svenskakyrkan.se\/vandravagen\/","logo":{"@type":"ImageObject","inLanguage":"sv-SE","@id":"https:\/\/blogg.svenskakyrkan.se\/vandravagen\/#\/schema\/logo\/image\/","url":"https:\/\/blogg.svenskakyrkan.se\/vandravagen\/files\/2023\/05\/Ulr_logo_RGB.png","contentUrl":"https:\/\/blogg.svenskakyrkan.se\/vandravagen\/files\/2023\/05\/Ulr_logo_RGB.png","width":205,"height":77,"caption":"ulricehamns pastorat"},"image":{"@id":"https:\/\/blogg.svenskakyrkan.se\/vandravagen\/#\/schema\/logo\/image\/"},"sameAs":["http:\/\/facebook.com\/vandravagen","https:\/\/x.com\/fadertomas","http:\/\/www.facebook.com\/svenskakyrkaniulricehamn"]},{"@type":"Person","@id":"https:\/\/blogg.svenskakyrkan.se\/vandravagen\/#\/schema\/person\/25da02d4f76b137d04291711e2c9fc16","name":"Tomas Jarvid","image":{"@type":"ImageObject","inLanguage":"sv-SE","@id":"https:\/\/blogg.svenskakyrkan.se\/vandravagen\/#\/schema\/person\/image\/","url":"https:\/\/secure.gravatar.com\/avatar\/7fa71899795e8f540f615a1f5ab25255dc27aa40f05ee7ddd21aac521e01bf50?s=96&d=identicon&r=g","contentUrl":"https:\/\/secure.gravatar.com\/avatar\/7fa71899795e8f540f615a1f5ab25255dc27aa40f05ee7ddd21aac521e01bf50?s=96&d=identicon&r=g","caption":"Tomas Jarvid"},"description":"Jag bor i Ulricehamn i V\u00e4sterg\u00f6tland och \u00e4r f\u00f6rsamlingspr\u00e4st i Svenska Kyrkan f\u00f6r Dalstorps f\u00f6rsamling i Kinds pastorat. P\u00e5 den h\u00e4r bloggen skriver jag ner tankar om vandringen som kristen.","sameAs":["http:\/\/www.vandravagen.se"],"url":"https:\/\/blogg.svenskakyrkan.se\/vandravagen\/author\/vandravagen\/"}]}},"author_meta":{"ID":"392","user_nicename":"vandravagen","user_url":"http:\/\/www.vandravagen.se","user_registered":"2014-05-19 05:44:52","display_name":"Tomas Jarvid","first_name":"Tomas","last_name":"Jarvid","avatar":"https:\/\/secure.gravatar.com\/avatar\/7fa71899795e8f540f615a1f5ab25255dc27aa40f05ee7ddd21aac521e01bf50?s=96&d=identicon&r=g"},"featured_image":["https:\/\/blogg.svenskakyrkan.se\/vandravagen\/files\/2019\/06\/IMG_1727.jpg",749,967,false],"bloginfo":{"name":"Vandra V\u00e4gen","url":"https:\/\/blogg.svenskakyrkan.se\/vandravagen"},"_links":{"self":[{"href":"https:\/\/blogg.svenskakyrkan.se\/vandravagen\/wp-json\/wp\/v2\/posts\/7225","targetHints":{"allow":["GET"]}}],"collection":[{"href":"https:\/\/blogg.svenskakyrkan.se\/vandravagen\/wp-json\/wp\/v2\/posts"}],"about":[{"href":"https:\/\/blogg.svenskakyrkan.se\/vandravagen\/wp-json\/wp\/v2\/types\/post"}],"author":[{"embeddable":true,"href":"https:\/\/blogg.svenskakyrkan.se\/vandravagen\/wp-json\/wp\/v2\/users\/392"}],"replies":[{"embeddable":true,"href":"https:\/\/blogg.svenskakyrkan.se\/vandravagen\/wp-json\/wp\/v2\/comments?post=7225"}],"version-history":[{"count":2,"href":"https:\/\/blogg.svenskakyrkan.se\/vandravagen\/wp-json\/wp\/v2\/posts\/7225\/revisions"}],"predecessor-version":[{"id":7253,"href":"https:\/\/blogg.svenskakyrkan.se\/vandravagen\/wp-json\/wp\/v2\/posts\/7225\/revisions\/7253"}],"wp:featuredmedia":[{"embeddable":true,"href":"https:\/\/blogg.svenskakyrkan.se\/vandravagen\/wp-json\/wp\/v2\/media\/7252"}],"wp:attachment":[{"href":"https:\/\/blogg.svenskakyrkan.se\/vandravagen\/wp-json\/wp\/v2\/media?parent=7225"}],"wp:term":[{"taxonomy":"category","embeddable":true,"href":"https:\/\/blogg.svenskakyrkan.se\/vandravagen\/wp-json\/wp\/v2\/categories?post=7225"},{"taxonomy":"post_tag","embeddable":true,"href":"https:\/\/blogg.svenskakyrkan.se\/vandravagen\/wp-json\/wp\/v2\/tags?post=7225"}],"curies":[{"name":"wp","href":"https:\/\/api.w.org\/{rel}","templated":true}]}}