{"id":7235,"date":"2019-07-11T07:00:31","date_gmt":"2019-07-11T05:00:31","guid":{"rendered":"http:\/\/blogg.svenskakyrkan.se\/vandravagen\/?p=7235"},"modified":"2019-07-10T09:22:53","modified_gmt":"2019-07-10T07:22:53","slug":"en-prast-laser-den-oandliga-historien","status":"publish","type":"post","link":"https:\/\/blogg.svenskakyrkan.se\/vandravagen\/2019\/07\/11\/en-prast-laser-den-oandliga-historien\/","title":{"rendered":"En pr\u00e4st l\u00e4ser &#8221;Den o\u00e4ndliga historien&#8221;"},"content":{"rendered":"<p>Jag har nu l\u00e4st den v\u00e4ldigt klassiska sagan (eller vad man ska kalla den) &#8221;Den o\u00e4ndliga historien&#8221; av Michael Ende. Jag har sett den gamla filmen som barn och var fascinerad och sedan dess har jag nog t\u00e4nkt jag ska l\u00e4sa boken f\u00f6rr eller senare. Sedan har det ocks\u00e5 blivit liggande l\u00e4nge, mest har jag l\u00e4st medan jag vaktat barn i badkaret s\u00e5 det har blivit ett personligt rekord i antal oml\u00e5n p\u00e5 biblioteket. Nu kan jag i alla fall skriva n\u00e5gra tankar utifr\u00e5n den utl\u00e4sta boken.<\/p>\n<p>Det \u00e4r en ber\u00e4ttelse som dr\u00f6jer sig kvar i en, med m\u00e5nga saker att fundera vidare p\u00e5. I grund och botten handlar det om fantasins kraft att f\u00f6rvandla oss, men ocks\u00e5 om vilka faror den kan f\u00f6ra med sig. N\u00e4r jag l\u00e4st den har jag ocks\u00e5 t\u00e4nkt mycket p\u00e5 vad jag tidigare sett av pojkar som g\u00e5tt fr\u00e5n r\u00e4dda och nedtryckta till att inta sin plats, det \u00e4r ju en knepig process och det \u00e4r inte givet att man klarar att vara s\u00e5 v\u00e4rst god till en b\u00f6rjan.<\/p>\n<p>I centrum av ber\u00e4ttelsen om Bastian finns ett f\u00f6rem\u00e5l som heter AURYN. En skyddande magisk amulett med inskriptionen<\/p>\n<p>G\u00d6R VAD DU VILL<\/p>\n<p>Och det \u00e4r f\u00f6rst\u00e5s m\u00e5ngtydigt. Till en b\u00f6rjan handlar det om friheten att kunna forma sin tillvaro utifr\u00e5n hur man vill ha det men f\u00f6rr eller senare st\u00e4lls man ju inf\u00f6r fr\u00e5gan vad det egentligen \u00e4r man vill, p\u00e5 djupet?<\/p>\n<p>Jag har t\u00e4nkt i de banorna n\u00e4r det handlar om b\u00f6n. B\u00f6n \u00e4r ju p\u00e5 ett s\u00e4tt att komma till Gud med sina \u00f6nskningar om livet och lite som et utvecklar sig med AURYN s\u00e5 djupnar man efterhand i takt med att man b\u00f6rjar g\u00f6ra sin egen vilja h\u00f6rd. Man m\u00e5ste f\u00e5 komma med sina mindre kloka b\u00f6ner f\u00f6r att med tiden komma underfund med vem man \u00e4r och vad man innerst inne vill. B\u00f6nen f\u00f6rvandlar oss allteftersom. Sedan finns kanske inte riktigt samma faror p\u00e5 b\u00f6nens v\u00e4g som med AURYN men det finns helt klart \u00e5terv\u00e4ndgr\u00e4nder och sv\u00e5righeter. Vi f\u00e5r lita till att Gud leder oss p\u00e5 sina v\u00e4gar n\u00e4r vi ber.<\/p>\n<p>L\u00e4s g\u00e4rna Den o\u00e4ndliga historien. Den skulle ocks\u00e5 vara en v\u00e4ldigt bra h\u00f6gl\u00e4sningsbok om den inte var s\u00e5 v\u00e4ldigt tjock.<\/p>\n<p>Har du l\u00e4st boken? Eller har tankar utifr\u00e5n det jag skrivit? Skriv en rad och dela dina tankar!<\/p>\n","protected":false},"excerpt":{"rendered":"<p>Jag har nu l\u00e4st den v\u00e4ldigt klassiska sagan (eller vad man ska kalla den) &#8221;Den o\u00e4ndliga historien&#8221; av Michael Ende. Jag har sett den gamla filmen som barn och var fascinerad och sedan dess har jag nog t\u00e4nkt jag ska l\u00e4sa boken f\u00f6rr eller senare. Sedan har det ocks\u00e5 blivit liggande l\u00e4nge, mest har jag [&hellip;]<\/p>\n","protected":false},"author":392,"featured_media":7275,"comment_status":"open","ping_status":"open","sticky":false,"template":"","format":"standard","meta":{"_acf_changed":false,"footnotes":""},"categories":[8253,42374,35,77554],"tags":[],"class_list":["post-7235","post","type-post","status-publish","format-standard","has-post-thumbnail","hentry","category-bocker","category-boktips","category-bon","category-vara-manniska"],"acf":[],"yoast_head":"<!-- This site is optimized with the Yoast SEO plugin v27.1.1 - https:\/\/yoast.com\/product\/yoast-seo-wordpress\/ -->\n<title>En pr\u00e4st l\u00e4ser &quot;Den o\u00e4ndliga historien&quot; - Vandra V\u00e4gen<\/title>\n<meta name=\"robots\" content=\"index, follow, max-snippet:-1, max-image-preview:large, max-video-preview:-1\" \/>\n<link rel=\"canonical\" href=\"https:\/\/blogg.svenskakyrkan.se\/vandravagen\/2019\/07\/11\/en-prast-laser-den-oandliga-historien\/\" \/>\n<meta property=\"og:locale\" content=\"sv_SE\" \/>\n<meta property=\"og:type\" content=\"article\" \/>\n<meta property=\"og:title\" content=\"En pr\u00e4st l\u00e4ser &quot;Den o\u00e4ndliga historien&quot; - Vandra V\u00e4gen\" \/>\n<meta property=\"og:description\" content=\"Jag har nu l\u00e4st den v\u00e4ldigt klassiska sagan (eller vad man ska kalla den) &#8221;Den o\u00e4ndliga historien&#8221; av Michael Ende. Jag har sett den gamla filmen som barn och var fascinerad och sedan dess har jag nog t\u00e4nkt jag ska l\u00e4sa boken f\u00f6rr eller senare. Sedan har det ocks\u00e5 blivit liggande l\u00e4nge, mest har jag [&hellip;]\" \/>\n<meta property=\"og:url\" content=\"https:\/\/blogg.svenskakyrkan.se\/vandravagen\/2019\/07\/11\/en-prast-laser-den-oandliga-historien\/\" \/>\n<meta property=\"og:site_name\" content=\"Vandra V\u00e4gen\" \/>\n<meta property=\"article:publisher\" content=\"http:\/\/facebook.com\/vandravagen\" \/>\n<meta property=\"article:published_time\" content=\"2019-07-11T05:00:31+00:00\" \/>\n<meta name=\"author\" content=\"Tomas Jarvid\" \/>\n<meta name=\"twitter:card\" content=\"summary_large_image\" \/>\n<meta name=\"twitter:creator\" content=\"@fadertomas\" \/>\n<meta name=\"twitter:site\" content=\"@fadertomas\" \/>\n<meta name=\"twitter:label1\" content=\"Skriven av\" \/>\n\t<meta name=\"twitter:data1\" content=\"Tomas Jarvid\" \/>\n\t<meta name=\"twitter:label2\" content=\"Ber\u00e4knad l\u00e4stid\" \/>\n\t<meta name=\"twitter:data2\" content=\"2 minuter\" \/>\n<script type=\"application\/ld+json\" class=\"yoast-schema-graph\">{\"@context\":\"https:\/\/schema.org\",\"@graph\":[{\"@type\":\"Article\",\"@id\":\"https:\/\/blogg.svenskakyrkan.se\/vandravagen\/2019\/07\/11\/en-prast-laser-den-oandliga-historien\/#article\",\"isPartOf\":{\"@id\":\"https:\/\/blogg.svenskakyrkan.se\/vandravagen\/2019\/07\/11\/en-prast-laser-den-oandliga-historien\/\"},\"author\":{\"name\":\"Tomas Jarvid\",\"@id\":\"https:\/\/blogg.svenskakyrkan.se\/vandravagen\/#\/schema\/person\/25da02d4f76b137d04291711e2c9fc16\"},\"headline\":\"En pr\u00e4st l\u00e4ser &#8221;Den o\u00e4ndliga historien&#8221;\",\"datePublished\":\"2019-07-11T05:00:31+00:00\",\"mainEntityOfPage\":{\"@id\":\"https:\/\/blogg.svenskakyrkan.se\/vandravagen\/2019\/07\/11\/en-prast-laser-den-oandliga-historien\/\"},\"wordCount\":465,\"commentCount\":2,\"publisher\":{\"@id\":\"https:\/\/blogg.svenskakyrkan.se\/vandravagen\/#organization\"},\"image\":{\"@id\":\"https:\/\/blogg.svenskakyrkan.se\/vandravagen\/2019\/07\/11\/en-prast-laser-den-oandliga-historien\/#primaryimage\"},\"thumbnailUrl\":\"https:\/\/blogg.svenskakyrkan.se\/vandravagen\/files\/2019\/07\/den-o\u00e4ndliga-historien-e1562141093359.jpg\",\"articleSection\":[\"b\u00f6cker\",\"boktips\",\"b\u00f6n\",\"vara m\u00e4nniska\"],\"inLanguage\":\"sv-SE\",\"potentialAction\":[{\"@type\":\"CommentAction\",\"name\":\"Comment\",\"target\":[\"https:\/\/blogg.svenskakyrkan.se\/vandravagen\/2019\/07\/11\/en-prast-laser-den-oandliga-historien\/#respond\"]}]},{\"@type\":\"WebPage\",\"@id\":\"https:\/\/blogg.svenskakyrkan.se\/vandravagen\/2019\/07\/11\/en-prast-laser-den-oandliga-historien\/\",\"url\":\"https:\/\/blogg.svenskakyrkan.se\/vandravagen\/2019\/07\/11\/en-prast-laser-den-oandliga-historien\/\",\"name\":\"En pr\u00e4st l\u00e4ser \\\"Den o\u00e4ndliga historien\\\" - Vandra V\u00e4gen\",\"isPartOf\":{\"@id\":\"https:\/\/blogg.svenskakyrkan.se\/vandravagen\/#website\"},\"primaryImageOfPage\":{\"@id\":\"https:\/\/blogg.svenskakyrkan.se\/vandravagen\/2019\/07\/11\/en-prast-laser-den-oandliga-historien\/#primaryimage\"},\"image\":{\"@id\":\"https:\/\/blogg.svenskakyrkan.se\/vandravagen\/2019\/07\/11\/en-prast-laser-den-oandliga-historien\/#primaryimage\"},\"thumbnailUrl\":\"https:\/\/blogg.svenskakyrkan.se\/vandravagen\/files\/2019\/07\/den-o\u00e4ndliga-historien-e1562141093359.jpg\",\"datePublished\":\"2019-07-11T05:00:31+00:00\",\"breadcrumb\":{\"@id\":\"https:\/\/blogg.svenskakyrkan.se\/vandravagen\/2019\/07\/11\/en-prast-laser-den-oandliga-historien\/#breadcrumb\"},\"inLanguage\":\"sv-SE\",\"potentialAction\":[{\"@type\":\"ReadAction\",\"target\":[\"https:\/\/blogg.svenskakyrkan.se\/vandravagen\/2019\/07\/11\/en-prast-laser-den-oandliga-historien\/\"]}]},{\"@type\":\"ImageObject\",\"inLanguage\":\"sv-SE\",\"@id\":\"https:\/\/blogg.svenskakyrkan.se\/vandravagen\/2019\/07\/11\/en-prast-laser-den-oandliga-historien\/#primaryimage\",\"url\":\"https:\/\/blogg.svenskakyrkan.se\/vandravagen\/files\/2019\/07\/den-o\u00e4ndliga-historien-e1562141093359.jpg\",\"contentUrl\":\"https:\/\/blogg.svenskakyrkan.se\/vandravagen\/files\/2019\/07\/den-o\u00e4ndliga-historien-e1562141093359.jpg\",\"width\":1512,\"height\":2016,\"caption\":\"Den o\u00e4ndliga historien av Michael Ende. En klassiker.\"},{\"@type\":\"BreadcrumbList\",\"@id\":\"https:\/\/blogg.svenskakyrkan.se\/vandravagen\/2019\/07\/11\/en-prast-laser-den-oandliga-historien\/#breadcrumb\",\"itemListElement\":[{\"@type\":\"ListItem\",\"position\":1,\"name\":\"Hem\",\"item\":\"https:\/\/blogg.svenskakyrkan.se\/vandravagen\/\"},{\"@type\":\"ListItem\",\"position\":2,\"name\":\"En pr\u00e4st l\u00e4ser &#8221;Den o\u00e4ndliga historien&#8221;\"}]},{\"@type\":\"WebSite\",\"@id\":\"https:\/\/blogg.svenskakyrkan.se\/vandravagen\/#website\",\"url\":\"https:\/\/blogg.svenskakyrkan.se\/vandravagen\/\",\"name\":\"Vandra V\u00e4gen\",\"description\":\"-Mot en tro f\u00f6r hela livet\",\"publisher\":{\"@id\":\"https:\/\/blogg.svenskakyrkan.se\/vandravagen\/#organization\"},\"potentialAction\":[{\"@type\":\"SearchAction\",\"target\":{\"@type\":\"EntryPoint\",\"urlTemplate\":\"https:\/\/blogg.svenskakyrkan.se\/vandravagen\/?s={search_term_string}\"},\"query-input\":{\"@type\":\"PropertyValueSpecification\",\"valueRequired\":true,\"valueName\":\"search_term_string\"}}],\"inLanguage\":\"sv-SE\"},{\"@type\":\"Organization\",\"@id\":\"https:\/\/blogg.svenskakyrkan.se\/vandravagen\/#organization\",\"name\":\"ulricehamns pastorat\",\"alternateName\":\"ulricehamns pastorat\",\"url\":\"https:\/\/blogg.svenskakyrkan.se\/vandravagen\/\",\"logo\":{\"@type\":\"ImageObject\",\"inLanguage\":\"sv-SE\",\"@id\":\"https:\/\/blogg.svenskakyrkan.se\/vandravagen\/#\/schema\/logo\/image\/\",\"url\":\"https:\/\/blogg.svenskakyrkan.se\/vandravagen\/files\/2023\/05\/Ulr_logo_RGB.png\",\"contentUrl\":\"https:\/\/blogg.svenskakyrkan.se\/vandravagen\/files\/2023\/05\/Ulr_logo_RGB.png\",\"width\":205,\"height\":77,\"caption\":\"ulricehamns pastorat\"},\"image\":{\"@id\":\"https:\/\/blogg.svenskakyrkan.se\/vandravagen\/#\/schema\/logo\/image\/\"},\"sameAs\":[\"http:\/\/facebook.com\/vandravagen\",\"https:\/\/x.com\/fadertomas\",\"http:\/\/www.facebook.com\/svenskakyrkaniulricehamn\"]},{\"@type\":\"Person\",\"@id\":\"https:\/\/blogg.svenskakyrkan.se\/vandravagen\/#\/schema\/person\/25da02d4f76b137d04291711e2c9fc16\",\"name\":\"Tomas Jarvid\",\"image\":{\"@type\":\"ImageObject\",\"inLanguage\":\"sv-SE\",\"@id\":\"https:\/\/blogg.svenskakyrkan.se\/vandravagen\/#\/schema\/person\/image\/\",\"url\":\"https:\/\/secure.gravatar.com\/avatar\/7fa71899795e8f540f615a1f5ab25255dc27aa40f05ee7ddd21aac521e01bf50?s=96&d=identicon&r=g\",\"contentUrl\":\"https:\/\/secure.gravatar.com\/avatar\/7fa71899795e8f540f615a1f5ab25255dc27aa40f05ee7ddd21aac521e01bf50?s=96&d=identicon&r=g\",\"caption\":\"Tomas Jarvid\"},\"description\":\"Jag bor i Ulricehamn i V\u00e4sterg\u00f6tland och \u00e4r f\u00f6rsamlingspr\u00e4st i Svenska Kyrkan f\u00f6r Dalstorps f\u00f6rsamling i Kinds pastorat. P\u00e5 den h\u00e4r bloggen skriver jag ner tankar om vandringen som kristen.\",\"sameAs\":[\"http:\/\/www.vandravagen.se\"],\"url\":\"https:\/\/blogg.svenskakyrkan.se\/vandravagen\/author\/vandravagen\/\"}]}<\/script>\n<!-- \/ Yoast SEO plugin. -->","yoast_head_json":{"title":"En pr\u00e4st l\u00e4ser \"Den o\u00e4ndliga historien\" - Vandra V\u00e4gen","robots":{"index":"index","follow":"follow","max-snippet":"max-snippet:-1","max-image-preview":"max-image-preview:large","max-video-preview":"max-video-preview:-1"},"canonical":"https:\/\/blogg.svenskakyrkan.se\/vandravagen\/2019\/07\/11\/en-prast-laser-den-oandliga-historien\/","og_locale":"sv_SE","og_type":"article","og_title":"En pr\u00e4st l\u00e4ser \"Den o\u00e4ndliga historien\" - Vandra V\u00e4gen","og_description":"Jag har nu l\u00e4st den v\u00e4ldigt klassiska sagan (eller vad man ska kalla den) &#8221;Den o\u00e4ndliga historien&#8221; av Michael Ende. Jag har sett den gamla filmen som barn och var fascinerad och sedan dess har jag nog t\u00e4nkt jag ska l\u00e4sa boken f\u00f6rr eller senare. Sedan har det ocks\u00e5 blivit liggande l\u00e4nge, mest har jag [&hellip;]","og_url":"https:\/\/blogg.svenskakyrkan.se\/vandravagen\/2019\/07\/11\/en-prast-laser-den-oandliga-historien\/","og_site_name":"Vandra V\u00e4gen","article_publisher":"http:\/\/facebook.com\/vandravagen","article_published_time":"2019-07-11T05:00:31+00:00","author":"Tomas Jarvid","twitter_card":"summary_large_image","twitter_creator":"@fadertomas","twitter_site":"@fadertomas","twitter_misc":{"Skriven av":"Tomas Jarvid","Ber\u00e4knad l\u00e4stid":"2 minuter"},"schema":{"@context":"https:\/\/schema.org","@graph":[{"@type":"Article","@id":"https:\/\/blogg.svenskakyrkan.se\/vandravagen\/2019\/07\/11\/en-prast-laser-den-oandliga-historien\/#article","isPartOf":{"@id":"https:\/\/blogg.svenskakyrkan.se\/vandravagen\/2019\/07\/11\/en-prast-laser-den-oandliga-historien\/"},"author":{"name":"Tomas Jarvid","@id":"https:\/\/blogg.svenskakyrkan.se\/vandravagen\/#\/schema\/person\/25da02d4f76b137d04291711e2c9fc16"},"headline":"En pr\u00e4st l\u00e4ser &#8221;Den o\u00e4ndliga historien&#8221;","datePublished":"2019-07-11T05:00:31+00:00","mainEntityOfPage":{"@id":"https:\/\/blogg.svenskakyrkan.se\/vandravagen\/2019\/07\/11\/en-prast-laser-den-oandliga-historien\/"},"wordCount":465,"commentCount":2,"publisher":{"@id":"https:\/\/blogg.svenskakyrkan.se\/vandravagen\/#organization"},"image":{"@id":"https:\/\/blogg.svenskakyrkan.se\/vandravagen\/2019\/07\/11\/en-prast-laser-den-oandliga-historien\/#primaryimage"},"thumbnailUrl":"https:\/\/blogg.svenskakyrkan.se\/vandravagen\/files\/2019\/07\/den-o\u00e4ndliga-historien-e1562141093359.jpg","articleSection":["b\u00f6cker","boktips","b\u00f6n","vara m\u00e4nniska"],"inLanguage":"sv-SE","potentialAction":[{"@type":"CommentAction","name":"Comment","target":["https:\/\/blogg.svenskakyrkan.se\/vandravagen\/2019\/07\/11\/en-prast-laser-den-oandliga-historien\/#respond"]}]},{"@type":"WebPage","@id":"https:\/\/blogg.svenskakyrkan.se\/vandravagen\/2019\/07\/11\/en-prast-laser-den-oandliga-historien\/","url":"https:\/\/blogg.svenskakyrkan.se\/vandravagen\/2019\/07\/11\/en-prast-laser-den-oandliga-historien\/","name":"En pr\u00e4st l\u00e4ser \"Den o\u00e4ndliga historien\" - Vandra V\u00e4gen","isPartOf":{"@id":"https:\/\/blogg.svenskakyrkan.se\/vandravagen\/#website"},"primaryImageOfPage":{"@id":"https:\/\/blogg.svenskakyrkan.se\/vandravagen\/2019\/07\/11\/en-prast-laser-den-oandliga-historien\/#primaryimage"},"image":{"@id":"https:\/\/blogg.svenskakyrkan.se\/vandravagen\/2019\/07\/11\/en-prast-laser-den-oandliga-historien\/#primaryimage"},"thumbnailUrl":"https:\/\/blogg.svenskakyrkan.se\/vandravagen\/files\/2019\/07\/den-o\u00e4ndliga-historien-e1562141093359.jpg","datePublished":"2019-07-11T05:00:31+00:00","breadcrumb":{"@id":"https:\/\/blogg.svenskakyrkan.se\/vandravagen\/2019\/07\/11\/en-prast-laser-den-oandliga-historien\/#breadcrumb"},"inLanguage":"sv-SE","potentialAction":[{"@type":"ReadAction","target":["https:\/\/blogg.svenskakyrkan.se\/vandravagen\/2019\/07\/11\/en-prast-laser-den-oandliga-historien\/"]}]},{"@type":"ImageObject","inLanguage":"sv-SE","@id":"https:\/\/blogg.svenskakyrkan.se\/vandravagen\/2019\/07\/11\/en-prast-laser-den-oandliga-historien\/#primaryimage","url":"https:\/\/blogg.svenskakyrkan.se\/vandravagen\/files\/2019\/07\/den-o\u00e4ndliga-historien-e1562141093359.jpg","contentUrl":"https:\/\/blogg.svenskakyrkan.se\/vandravagen\/files\/2019\/07\/den-o\u00e4ndliga-historien-e1562141093359.jpg","width":1512,"height":2016,"caption":"Den o\u00e4ndliga historien av Michael Ende. En klassiker."},{"@type":"BreadcrumbList","@id":"https:\/\/blogg.svenskakyrkan.se\/vandravagen\/2019\/07\/11\/en-prast-laser-den-oandliga-historien\/#breadcrumb","itemListElement":[{"@type":"ListItem","position":1,"name":"Hem","item":"https:\/\/blogg.svenskakyrkan.se\/vandravagen\/"},{"@type":"ListItem","position":2,"name":"En pr\u00e4st l\u00e4ser &#8221;Den o\u00e4ndliga historien&#8221;"}]},{"@type":"WebSite","@id":"https:\/\/blogg.svenskakyrkan.se\/vandravagen\/#website","url":"https:\/\/blogg.svenskakyrkan.se\/vandravagen\/","name":"Vandra V\u00e4gen","description":"-Mot en tro f\u00f6r hela livet","publisher":{"@id":"https:\/\/blogg.svenskakyrkan.se\/vandravagen\/#organization"},"potentialAction":[{"@type":"SearchAction","target":{"@type":"EntryPoint","urlTemplate":"https:\/\/blogg.svenskakyrkan.se\/vandravagen\/?s={search_term_string}"},"query-input":{"@type":"PropertyValueSpecification","valueRequired":true,"valueName":"search_term_string"}}],"inLanguage":"sv-SE"},{"@type":"Organization","@id":"https:\/\/blogg.svenskakyrkan.se\/vandravagen\/#organization","name":"ulricehamns pastorat","alternateName":"ulricehamns pastorat","url":"https:\/\/blogg.svenskakyrkan.se\/vandravagen\/","logo":{"@type":"ImageObject","inLanguage":"sv-SE","@id":"https:\/\/blogg.svenskakyrkan.se\/vandravagen\/#\/schema\/logo\/image\/","url":"https:\/\/blogg.svenskakyrkan.se\/vandravagen\/files\/2023\/05\/Ulr_logo_RGB.png","contentUrl":"https:\/\/blogg.svenskakyrkan.se\/vandravagen\/files\/2023\/05\/Ulr_logo_RGB.png","width":205,"height":77,"caption":"ulricehamns pastorat"},"image":{"@id":"https:\/\/blogg.svenskakyrkan.se\/vandravagen\/#\/schema\/logo\/image\/"},"sameAs":["http:\/\/facebook.com\/vandravagen","https:\/\/x.com\/fadertomas","http:\/\/www.facebook.com\/svenskakyrkaniulricehamn"]},{"@type":"Person","@id":"https:\/\/blogg.svenskakyrkan.se\/vandravagen\/#\/schema\/person\/25da02d4f76b137d04291711e2c9fc16","name":"Tomas Jarvid","image":{"@type":"ImageObject","inLanguage":"sv-SE","@id":"https:\/\/blogg.svenskakyrkan.se\/vandravagen\/#\/schema\/person\/image\/","url":"https:\/\/secure.gravatar.com\/avatar\/7fa71899795e8f540f615a1f5ab25255dc27aa40f05ee7ddd21aac521e01bf50?s=96&d=identicon&r=g","contentUrl":"https:\/\/secure.gravatar.com\/avatar\/7fa71899795e8f540f615a1f5ab25255dc27aa40f05ee7ddd21aac521e01bf50?s=96&d=identicon&r=g","caption":"Tomas Jarvid"},"description":"Jag bor i Ulricehamn i V\u00e4sterg\u00f6tland och \u00e4r f\u00f6rsamlingspr\u00e4st i Svenska Kyrkan f\u00f6r Dalstorps f\u00f6rsamling i Kinds pastorat. P\u00e5 den h\u00e4r bloggen skriver jag ner tankar om vandringen som kristen.","sameAs":["http:\/\/www.vandravagen.se"],"url":"https:\/\/blogg.svenskakyrkan.se\/vandravagen\/author\/vandravagen\/"}]}},"author_meta":{"ID":"392","user_nicename":"vandravagen","user_url":"http:\/\/www.vandravagen.se","user_registered":"2014-05-19 05:44:52","display_name":"Tomas Jarvid","first_name":"Tomas","last_name":"Jarvid","avatar":"https:\/\/secure.gravatar.com\/avatar\/7fa71899795e8f540f615a1f5ab25255dc27aa40f05ee7ddd21aac521e01bf50?s=96&d=identicon&r=g"},"featured_image":["https:\/\/blogg.svenskakyrkan.se\/vandravagen\/files\/2019\/07\/den-o\u00e4ndliga-historien-e1562141093359-1024x1365.jpg",1024,1365,true],"bloginfo":{"name":"Vandra V\u00e4gen","url":"https:\/\/blogg.svenskakyrkan.se\/vandravagen"},"_links":{"self":[{"href":"https:\/\/blogg.svenskakyrkan.se\/vandravagen\/wp-json\/wp\/v2\/posts\/7235","targetHints":{"allow":["GET"]}}],"collection":[{"href":"https:\/\/blogg.svenskakyrkan.se\/vandravagen\/wp-json\/wp\/v2\/posts"}],"about":[{"href":"https:\/\/blogg.svenskakyrkan.se\/vandravagen\/wp-json\/wp\/v2\/types\/post"}],"author":[{"embeddable":true,"href":"https:\/\/blogg.svenskakyrkan.se\/vandravagen\/wp-json\/wp\/v2\/users\/392"}],"replies":[{"embeddable":true,"href":"https:\/\/blogg.svenskakyrkan.se\/vandravagen\/wp-json\/wp\/v2\/comments?post=7235"}],"version-history":[{"count":2,"href":"https:\/\/blogg.svenskakyrkan.se\/vandravagen\/wp-json\/wp\/v2\/posts\/7235\/revisions"}],"predecessor-version":[{"id":7276,"href":"https:\/\/blogg.svenskakyrkan.se\/vandravagen\/wp-json\/wp\/v2\/posts\/7235\/revisions\/7276"}],"wp:featuredmedia":[{"embeddable":true,"href":"https:\/\/blogg.svenskakyrkan.se\/vandravagen\/wp-json\/wp\/v2\/media\/7275"}],"wp:attachment":[{"href":"https:\/\/blogg.svenskakyrkan.se\/vandravagen\/wp-json\/wp\/v2\/media?parent=7235"}],"wp:term":[{"taxonomy":"category","embeddable":true,"href":"https:\/\/blogg.svenskakyrkan.se\/vandravagen\/wp-json\/wp\/v2\/categories?post=7235"},{"taxonomy":"post_tag","embeddable":true,"href":"https:\/\/blogg.svenskakyrkan.se\/vandravagen\/wp-json\/wp\/v2\/tags?post=7235"}],"curies":[{"name":"wp","href":"https:\/\/api.w.org\/{rel}","templated":true}]}}