{"id":724,"date":"2013-02-06T20:14:00","date_gmt":"2013-02-06T19:14:00","guid":{"rendered":"http:\/\/blogg.svenskakyrkan.se\/vandravagen\/2013\/02\/06\/nathat-och-hur-vi-ar-under-ytan\/"},"modified":"2013-02-06T20:14:00","modified_gmt":"2013-02-06T19:14:00","slug":"nathat-och-hur-vi-ar-under-ytan","status":"publish","type":"post","link":"https:\/\/blogg.svenskakyrkan.se\/vandravagen\/2013\/02\/06\/nathat-och-hur-vi-ar-under-ytan\/","title":{"rendered":"N\u00e4that och hur vi \u00e4r under ytan"},"content":{"rendered":"<\/p>\n<div><a href=\"https:\/\/lh4.googleusercontent.com\/-6Ph1BjqSIJM\/URNWjACQtKI\/AAAAAAAACKk\/mE240k9kO-8\/s640\/blogger-image-496611236.jpg\"><img decoding=\"async\" border=\"0\" src=\"https:\/\/lh4.googleusercontent.com\/-6Ph1BjqSIJM\/URNWjACQtKI\/AAAAAAAACKk\/mE240k9kO-8\/s640\/blogger-image-496611236.jpg\"><\/a><\/div>\n<p>I g\u00e5r kv\u00e4ll l\u00e4r uppdrag granskning ha handlat om n\u00e4that, det vill s\u00e4ga alla former av f\u00f6rtal, hot och elakheter som frodas framf\u00f6rallt i anonyma kommentarer p\u00e5 n\u00e4tet. Situationen \u00e4r ofta bedr\u00f6vlig men jag t\u00e4nkte reflektera lite kring den ur ett kristet perspektiv h\u00e4r.<\/p>\n<p>Det verkliga testet p\u00e5 n\u00e5gons moraliska handlande \u00e4r hur vi agerar n\u00e4r det \u00e4r liten eller ingen risk att vi \u00e5ker dit f\u00f6r det. S\u00e5 har det alltid varit. S\u00e5 fort det \u00e4r riskfritt snackar vi skit om andra. N\u00e4r det blir undantagstillst\u00e5nd plundrar fler \u00e4n man kan tro sina grannars hus och i krig kan normalt funtade m\u00e4n beg\u00e5 v\u00e5ldt\u00e4kt. I vardagen h\u00e5lls vi som regel i schack av mycket mer \u00e4n bara v\u00e5r moral, kanske best\u00e5r st\u00f6rre delen i att vi vill framst\u00e5 som hyggliga?<\/p>\n<p>Fasaden h\u00e5ller vi snygg men under den ser det ofta v\u00e4rre ut. D\u00e4rf\u00f6r blir jag inte f\u00f6rv\u00e5nad \u00f6ver n\u00e4thatet \u00e4ven om det f\u00f6rst\u00e5s \u00e4r hemskt och vidrigt i de flesta av sina former. N\u00e4r vi pl\u00f6tsligt f\u00e5r se vilka tankar m\u00e4nniskor t\u00e4nker s\u00e5 visar det sig att det inte \u00e4r n\u00e5gra vackra tankar. F\u00f6r s\u00e5 st\u00e5r det till med m\u00e4nskligheten. Vi beh\u00f6ver alla hj\u00e4lp att hantera v\u00e5ra brister. P\u00e5 teologiskt spr\u00e5k kan man kalla detta m\u00e4nniskans inneboende syndaf\u00f6rd\u00e4rv om man vill tala gammalkyrkiska. V\u00e5r natur \u00e4r i grunden skadad och anfr\u00e4tt av det onda. Vi beh\u00f6ver hj\u00e4lp f\u00f6r att vara goda. Vi beh\u00f6ver Guds hj\u00e4lp. Framf\u00f6rallt genom att bli uppr\u00e4ttade av m\u00f6tet med hans villkorsl\u00f6sa k\u00e4rlek. I m\u00f6tet med den inser vi dessutom att vi \u00e4r i goda h\u00e4nder och inte beh\u00f6ver vara r\u00e4dda. R\u00e4dsla \u00e4r ofta orsaken till hat.<\/p>\n<p>Icke desto mindre \u00e4r n\u00e4thatet orov\u00e4ckande n\u00e4r det ger en hint om vad som lurar i folkdjupen och i sj\u00e4lsdjupen. Det \u00e4r l\u00e4tt att tro att de som hotar och sm\u00e4dar p\u00e5 n\u00e4tet \u00e4r ljusskygga typer som s\u00e4llan tv\u00e4ttar sig och som inte g\u00e5tt i skolan. I sj\u00e4lva verket kan det vara vem som helst. Det kan vara du och det kan vara jag. Och \u00e4r det inte det s\u00e5 kunde det ha varit om l\u00e4get varit annorlunda. Det \u00e4r en stor utmaning att svara p\u00e5 situationen med mer tillit och k\u00e4rlek ist\u00e4llet f\u00f6r mer hat.<\/p>\n<p>Vad s\u00e4ger dina erfarenheter i \u00e4mnet?<\/p>\n","protected":false},"excerpt":{"rendered":"<p>I g\u00e5r kv\u00e4ll l\u00e4r uppdrag granskning ha handlat om n\u00e4that, det vill s\u00e4ga alla former av f\u00f6rtal, hot och elakheter som frodas framf\u00f6rallt i anonyma kommentarer p\u00e5 n\u00e4tet. Situationen \u00e4r ofta bedr\u00f6vlig men jag t\u00e4nkte reflektera lite kring den ur ett kristet perspektiv h\u00e4r. Det verkliga testet p\u00e5 n\u00e5gons moraliska handlande \u00e4r hur vi agerar [&hellip;]<\/p>\n","protected":false},"author":392,"featured_media":0,"comment_status":"open","ping_status":"open","sticky":false,"template":"","format":"standard","meta":{"_acf_changed":false,"footnotes":""},"categories":[78265,77554],"tags":[],"class_list":["post-724","post","type-post","status-publish","format-standard","hentry","category-motkultur","category-vara-manniska"],"acf":[],"yoast_head":"<!-- This site is optimized with the Yoast SEO plugin v27.1.1 - https:\/\/yoast.com\/product\/yoast-seo-wordpress\/ -->\n<title>N\u00e4that och hur vi \u00e4r under ytan - Vandra V\u00e4gen<\/title>\n<meta name=\"robots\" content=\"index, follow, max-snippet:-1, max-image-preview:large, max-video-preview:-1\" \/>\n<link rel=\"canonical\" href=\"https:\/\/blogg.svenskakyrkan.se\/vandravagen\/2013\/02\/06\/nathat-och-hur-vi-ar-under-ytan\/\" \/>\n<meta property=\"og:locale\" content=\"sv_SE\" \/>\n<meta property=\"og:type\" content=\"article\" \/>\n<meta property=\"og:title\" content=\"N\u00e4that och hur vi \u00e4r under ytan - Vandra V\u00e4gen\" \/>\n<meta property=\"og:description\" content=\"I g\u00e5r kv\u00e4ll l\u00e4r uppdrag granskning ha handlat om n\u00e4that, det vill s\u00e4ga alla former av f\u00f6rtal, hot och elakheter som frodas framf\u00f6rallt i anonyma kommentarer p\u00e5 n\u00e4tet. Situationen \u00e4r ofta bedr\u00f6vlig men jag t\u00e4nkte reflektera lite kring den ur ett kristet perspektiv h\u00e4r. Det verkliga testet p\u00e5 n\u00e5gons moraliska handlande \u00e4r hur vi agerar [&hellip;]\" \/>\n<meta property=\"og:url\" content=\"https:\/\/blogg.svenskakyrkan.se\/vandravagen\/2013\/02\/06\/nathat-och-hur-vi-ar-under-ytan\/\" \/>\n<meta property=\"og:site_name\" content=\"Vandra V\u00e4gen\" \/>\n<meta property=\"article:publisher\" content=\"http:\/\/facebook.com\/vandravagen\" \/>\n<meta property=\"article:published_time\" content=\"2013-02-06T19:14:00+00:00\" \/>\n<meta property=\"og:image\" content=\"https:\/\/lh4.googleusercontent.com\/-6Ph1BjqSIJM\/URNWjACQtKI\/AAAAAAAACKk\/mE240k9kO-8\/s640\/blogger-image-496611236.jpg\" \/>\n<meta name=\"author\" content=\"Tomas Jarvid\" \/>\n<meta name=\"twitter:card\" content=\"summary_large_image\" \/>\n<meta name=\"twitter:creator\" content=\"@fadertomas\" \/>\n<meta name=\"twitter:site\" content=\"@fadertomas\" \/>\n<meta name=\"twitter:label1\" content=\"Skriven av\" \/>\n\t<meta name=\"twitter:data1\" content=\"Tomas Jarvid\" \/>\n\t<meta name=\"twitter:label2\" content=\"Ber\u00e4knad l\u00e4stid\" \/>\n\t<meta name=\"twitter:data2\" content=\"2 minuter\" \/>\n<script type=\"application\/ld+json\" class=\"yoast-schema-graph\">{\"@context\":\"https:\/\/schema.org\",\"@graph\":[{\"@type\":\"Article\",\"@id\":\"https:\/\/blogg.svenskakyrkan.se\/vandravagen\/2013\/02\/06\/nathat-och-hur-vi-ar-under-ytan\/#article\",\"isPartOf\":{\"@id\":\"https:\/\/blogg.svenskakyrkan.se\/vandravagen\/2013\/02\/06\/nathat-och-hur-vi-ar-under-ytan\/\"},\"author\":{\"name\":\"Tomas Jarvid\",\"@id\":\"https:\/\/blogg.svenskakyrkan.se\/vandravagen\/#\/schema\/person\/25da02d4f76b137d04291711e2c9fc16\"},\"headline\":\"N\u00e4that och hur vi \u00e4r under ytan\",\"datePublished\":\"2013-02-06T19:14:00+00:00\",\"mainEntityOfPage\":{\"@id\":\"https:\/\/blogg.svenskakyrkan.se\/vandravagen\/2013\/02\/06\/nathat-och-hur-vi-ar-under-ytan\/\"},\"wordCount\":462,\"commentCount\":3,\"publisher\":{\"@id\":\"https:\/\/blogg.svenskakyrkan.se\/vandravagen\/#organization\"},\"image\":{\"@id\":\"https:\/\/blogg.svenskakyrkan.se\/vandravagen\/2013\/02\/06\/nathat-och-hur-vi-ar-under-ytan\/#primaryimage\"},\"thumbnailUrl\":\"https:\/\/lh4.googleusercontent.com\/-6Ph1BjqSIJM\/URNWjACQtKI\/AAAAAAAACKk\/mE240k9kO-8\/s640\/blogger-image-496611236.jpg\",\"articleSection\":[\"motkultur\",\"vara m\u00e4nniska\"],\"inLanguage\":\"sv-SE\",\"potentialAction\":[{\"@type\":\"CommentAction\",\"name\":\"Comment\",\"target\":[\"https:\/\/blogg.svenskakyrkan.se\/vandravagen\/2013\/02\/06\/nathat-och-hur-vi-ar-under-ytan\/#respond\"]}]},{\"@type\":\"WebPage\",\"@id\":\"https:\/\/blogg.svenskakyrkan.se\/vandravagen\/2013\/02\/06\/nathat-och-hur-vi-ar-under-ytan\/\",\"url\":\"https:\/\/blogg.svenskakyrkan.se\/vandravagen\/2013\/02\/06\/nathat-och-hur-vi-ar-under-ytan\/\",\"name\":\"N\u00e4that och hur vi \u00e4r under ytan - Vandra V\u00e4gen\",\"isPartOf\":{\"@id\":\"https:\/\/blogg.svenskakyrkan.se\/vandravagen\/#website\"},\"primaryImageOfPage\":{\"@id\":\"https:\/\/blogg.svenskakyrkan.se\/vandravagen\/2013\/02\/06\/nathat-och-hur-vi-ar-under-ytan\/#primaryimage\"},\"image\":{\"@id\":\"https:\/\/blogg.svenskakyrkan.se\/vandravagen\/2013\/02\/06\/nathat-och-hur-vi-ar-under-ytan\/#primaryimage\"},\"thumbnailUrl\":\"https:\/\/lh4.googleusercontent.com\/-6Ph1BjqSIJM\/URNWjACQtKI\/AAAAAAAACKk\/mE240k9kO-8\/s640\/blogger-image-496611236.jpg\",\"datePublished\":\"2013-02-06T19:14:00+00:00\",\"breadcrumb\":{\"@id\":\"https:\/\/blogg.svenskakyrkan.se\/vandravagen\/2013\/02\/06\/nathat-och-hur-vi-ar-under-ytan\/#breadcrumb\"},\"inLanguage\":\"sv-SE\",\"potentialAction\":[{\"@type\":\"ReadAction\",\"target\":[\"https:\/\/blogg.svenskakyrkan.se\/vandravagen\/2013\/02\/06\/nathat-och-hur-vi-ar-under-ytan\/\"]}]},{\"@type\":\"ImageObject\",\"inLanguage\":\"sv-SE\",\"@id\":\"https:\/\/blogg.svenskakyrkan.se\/vandravagen\/2013\/02\/06\/nathat-och-hur-vi-ar-under-ytan\/#primaryimage\",\"url\":\"https:\/\/lh4.googleusercontent.com\/-6Ph1BjqSIJM\/URNWjACQtKI\/AAAAAAAACKk\/mE240k9kO-8\/s640\/blogger-image-496611236.jpg\",\"contentUrl\":\"https:\/\/lh4.googleusercontent.com\/-6Ph1BjqSIJM\/URNWjACQtKI\/AAAAAAAACKk\/mE240k9kO-8\/s640\/blogger-image-496611236.jpg\"},{\"@type\":\"BreadcrumbList\",\"@id\":\"https:\/\/blogg.svenskakyrkan.se\/vandravagen\/2013\/02\/06\/nathat-och-hur-vi-ar-under-ytan\/#breadcrumb\",\"itemListElement\":[{\"@type\":\"ListItem\",\"position\":1,\"name\":\"Hem\",\"item\":\"https:\/\/blogg.svenskakyrkan.se\/vandravagen\/\"},{\"@type\":\"ListItem\",\"position\":2,\"name\":\"N\u00e4that och hur vi \u00e4r under ytan\"}]},{\"@type\":\"WebSite\",\"@id\":\"https:\/\/blogg.svenskakyrkan.se\/vandravagen\/#website\",\"url\":\"https:\/\/blogg.svenskakyrkan.se\/vandravagen\/\",\"name\":\"Vandra V\u00e4gen\",\"description\":\"-Mot en tro f\u00f6r hela livet\",\"publisher\":{\"@id\":\"https:\/\/blogg.svenskakyrkan.se\/vandravagen\/#organization\"},\"potentialAction\":[{\"@type\":\"SearchAction\",\"target\":{\"@type\":\"EntryPoint\",\"urlTemplate\":\"https:\/\/blogg.svenskakyrkan.se\/vandravagen\/?s={search_term_string}\"},\"query-input\":{\"@type\":\"PropertyValueSpecification\",\"valueRequired\":true,\"valueName\":\"search_term_string\"}}],\"inLanguage\":\"sv-SE\"},{\"@type\":\"Organization\",\"@id\":\"https:\/\/blogg.svenskakyrkan.se\/vandravagen\/#organization\",\"name\":\"ulricehamns pastorat\",\"alternateName\":\"ulricehamns pastorat\",\"url\":\"https:\/\/blogg.svenskakyrkan.se\/vandravagen\/\",\"logo\":{\"@type\":\"ImageObject\",\"inLanguage\":\"sv-SE\",\"@id\":\"https:\/\/blogg.svenskakyrkan.se\/vandravagen\/#\/schema\/logo\/image\/\",\"url\":\"https:\/\/blogg.svenskakyrkan.se\/vandravagen\/files\/2023\/05\/Ulr_logo_RGB.png\",\"contentUrl\":\"https:\/\/blogg.svenskakyrkan.se\/vandravagen\/files\/2023\/05\/Ulr_logo_RGB.png\",\"width\":205,\"height\":77,\"caption\":\"ulricehamns pastorat\"},\"image\":{\"@id\":\"https:\/\/blogg.svenskakyrkan.se\/vandravagen\/#\/schema\/logo\/image\/\"},\"sameAs\":[\"http:\/\/facebook.com\/vandravagen\",\"https:\/\/x.com\/fadertomas\",\"http:\/\/www.facebook.com\/svenskakyrkaniulricehamn\"]},{\"@type\":\"Person\",\"@id\":\"https:\/\/blogg.svenskakyrkan.se\/vandravagen\/#\/schema\/person\/25da02d4f76b137d04291711e2c9fc16\",\"name\":\"Tomas Jarvid\",\"image\":{\"@type\":\"ImageObject\",\"inLanguage\":\"sv-SE\",\"@id\":\"https:\/\/blogg.svenskakyrkan.se\/vandravagen\/#\/schema\/person\/image\/\",\"url\":\"https:\/\/secure.gravatar.com\/avatar\/7fa71899795e8f540f615a1f5ab25255dc27aa40f05ee7ddd21aac521e01bf50?s=96&d=identicon&r=g\",\"contentUrl\":\"https:\/\/secure.gravatar.com\/avatar\/7fa71899795e8f540f615a1f5ab25255dc27aa40f05ee7ddd21aac521e01bf50?s=96&d=identicon&r=g\",\"caption\":\"Tomas Jarvid\"},\"description\":\"Jag bor i Ulricehamn i V\u00e4sterg\u00f6tland och \u00e4r f\u00f6rsamlingspr\u00e4st i Svenska Kyrkan f\u00f6r Dalstorps f\u00f6rsamling i Kinds pastorat. P\u00e5 den h\u00e4r bloggen skriver jag ner tankar om vandringen som kristen.\",\"sameAs\":[\"http:\/\/www.vandravagen.se\"],\"url\":\"https:\/\/blogg.svenskakyrkan.se\/vandravagen\/author\/vandravagen\/\"}]}<\/script>\n<!-- \/ Yoast SEO plugin. -->","yoast_head_json":{"title":"N\u00e4that och hur vi \u00e4r under ytan - Vandra V\u00e4gen","robots":{"index":"index","follow":"follow","max-snippet":"max-snippet:-1","max-image-preview":"max-image-preview:large","max-video-preview":"max-video-preview:-1"},"canonical":"https:\/\/blogg.svenskakyrkan.se\/vandravagen\/2013\/02\/06\/nathat-och-hur-vi-ar-under-ytan\/","og_locale":"sv_SE","og_type":"article","og_title":"N\u00e4that och hur vi \u00e4r under ytan - Vandra V\u00e4gen","og_description":"I g\u00e5r kv\u00e4ll l\u00e4r uppdrag granskning ha handlat om n\u00e4that, det vill s\u00e4ga alla former av f\u00f6rtal, hot och elakheter som frodas framf\u00f6rallt i anonyma kommentarer p\u00e5 n\u00e4tet. Situationen \u00e4r ofta bedr\u00f6vlig men jag t\u00e4nkte reflektera lite kring den ur ett kristet perspektiv h\u00e4r. Det verkliga testet p\u00e5 n\u00e5gons moraliska handlande \u00e4r hur vi agerar [&hellip;]","og_url":"https:\/\/blogg.svenskakyrkan.se\/vandravagen\/2013\/02\/06\/nathat-och-hur-vi-ar-under-ytan\/","og_site_name":"Vandra V\u00e4gen","article_publisher":"http:\/\/facebook.com\/vandravagen","article_published_time":"2013-02-06T19:14:00+00:00","og_image":[{"url":"https:\/\/lh4.googleusercontent.com\/-6Ph1BjqSIJM\/URNWjACQtKI\/AAAAAAAACKk\/mE240k9kO-8\/s640\/blogger-image-496611236.jpg","type":"","width":"","height":""}],"author":"Tomas Jarvid","twitter_card":"summary_large_image","twitter_creator":"@fadertomas","twitter_site":"@fadertomas","twitter_misc":{"Skriven av":"Tomas Jarvid","Ber\u00e4knad l\u00e4stid":"2 minuter"},"schema":{"@context":"https:\/\/schema.org","@graph":[{"@type":"Article","@id":"https:\/\/blogg.svenskakyrkan.se\/vandravagen\/2013\/02\/06\/nathat-och-hur-vi-ar-under-ytan\/#article","isPartOf":{"@id":"https:\/\/blogg.svenskakyrkan.se\/vandravagen\/2013\/02\/06\/nathat-och-hur-vi-ar-under-ytan\/"},"author":{"name":"Tomas Jarvid","@id":"https:\/\/blogg.svenskakyrkan.se\/vandravagen\/#\/schema\/person\/25da02d4f76b137d04291711e2c9fc16"},"headline":"N\u00e4that och hur vi \u00e4r under ytan","datePublished":"2013-02-06T19:14:00+00:00","mainEntityOfPage":{"@id":"https:\/\/blogg.svenskakyrkan.se\/vandravagen\/2013\/02\/06\/nathat-och-hur-vi-ar-under-ytan\/"},"wordCount":462,"commentCount":3,"publisher":{"@id":"https:\/\/blogg.svenskakyrkan.se\/vandravagen\/#organization"},"image":{"@id":"https:\/\/blogg.svenskakyrkan.se\/vandravagen\/2013\/02\/06\/nathat-och-hur-vi-ar-under-ytan\/#primaryimage"},"thumbnailUrl":"https:\/\/lh4.googleusercontent.com\/-6Ph1BjqSIJM\/URNWjACQtKI\/AAAAAAAACKk\/mE240k9kO-8\/s640\/blogger-image-496611236.jpg","articleSection":["motkultur","vara m\u00e4nniska"],"inLanguage":"sv-SE","potentialAction":[{"@type":"CommentAction","name":"Comment","target":["https:\/\/blogg.svenskakyrkan.se\/vandravagen\/2013\/02\/06\/nathat-och-hur-vi-ar-under-ytan\/#respond"]}]},{"@type":"WebPage","@id":"https:\/\/blogg.svenskakyrkan.se\/vandravagen\/2013\/02\/06\/nathat-och-hur-vi-ar-under-ytan\/","url":"https:\/\/blogg.svenskakyrkan.se\/vandravagen\/2013\/02\/06\/nathat-och-hur-vi-ar-under-ytan\/","name":"N\u00e4that och hur vi \u00e4r under ytan - Vandra V\u00e4gen","isPartOf":{"@id":"https:\/\/blogg.svenskakyrkan.se\/vandravagen\/#website"},"primaryImageOfPage":{"@id":"https:\/\/blogg.svenskakyrkan.se\/vandravagen\/2013\/02\/06\/nathat-och-hur-vi-ar-under-ytan\/#primaryimage"},"image":{"@id":"https:\/\/blogg.svenskakyrkan.se\/vandravagen\/2013\/02\/06\/nathat-och-hur-vi-ar-under-ytan\/#primaryimage"},"thumbnailUrl":"https:\/\/lh4.googleusercontent.com\/-6Ph1BjqSIJM\/URNWjACQtKI\/AAAAAAAACKk\/mE240k9kO-8\/s640\/blogger-image-496611236.jpg","datePublished":"2013-02-06T19:14:00+00:00","breadcrumb":{"@id":"https:\/\/blogg.svenskakyrkan.se\/vandravagen\/2013\/02\/06\/nathat-och-hur-vi-ar-under-ytan\/#breadcrumb"},"inLanguage":"sv-SE","potentialAction":[{"@type":"ReadAction","target":["https:\/\/blogg.svenskakyrkan.se\/vandravagen\/2013\/02\/06\/nathat-och-hur-vi-ar-under-ytan\/"]}]},{"@type":"ImageObject","inLanguage":"sv-SE","@id":"https:\/\/blogg.svenskakyrkan.se\/vandravagen\/2013\/02\/06\/nathat-och-hur-vi-ar-under-ytan\/#primaryimage","url":"https:\/\/lh4.googleusercontent.com\/-6Ph1BjqSIJM\/URNWjACQtKI\/AAAAAAAACKk\/mE240k9kO-8\/s640\/blogger-image-496611236.jpg","contentUrl":"https:\/\/lh4.googleusercontent.com\/-6Ph1BjqSIJM\/URNWjACQtKI\/AAAAAAAACKk\/mE240k9kO-8\/s640\/blogger-image-496611236.jpg"},{"@type":"BreadcrumbList","@id":"https:\/\/blogg.svenskakyrkan.se\/vandravagen\/2013\/02\/06\/nathat-och-hur-vi-ar-under-ytan\/#breadcrumb","itemListElement":[{"@type":"ListItem","position":1,"name":"Hem","item":"https:\/\/blogg.svenskakyrkan.se\/vandravagen\/"},{"@type":"ListItem","position":2,"name":"N\u00e4that och hur vi \u00e4r under ytan"}]},{"@type":"WebSite","@id":"https:\/\/blogg.svenskakyrkan.se\/vandravagen\/#website","url":"https:\/\/blogg.svenskakyrkan.se\/vandravagen\/","name":"Vandra V\u00e4gen","description":"-Mot en tro f\u00f6r hela livet","publisher":{"@id":"https:\/\/blogg.svenskakyrkan.se\/vandravagen\/#organization"},"potentialAction":[{"@type":"SearchAction","target":{"@type":"EntryPoint","urlTemplate":"https:\/\/blogg.svenskakyrkan.se\/vandravagen\/?s={search_term_string}"},"query-input":{"@type":"PropertyValueSpecification","valueRequired":true,"valueName":"search_term_string"}}],"inLanguage":"sv-SE"},{"@type":"Organization","@id":"https:\/\/blogg.svenskakyrkan.se\/vandravagen\/#organization","name":"ulricehamns pastorat","alternateName":"ulricehamns pastorat","url":"https:\/\/blogg.svenskakyrkan.se\/vandravagen\/","logo":{"@type":"ImageObject","inLanguage":"sv-SE","@id":"https:\/\/blogg.svenskakyrkan.se\/vandravagen\/#\/schema\/logo\/image\/","url":"https:\/\/blogg.svenskakyrkan.se\/vandravagen\/files\/2023\/05\/Ulr_logo_RGB.png","contentUrl":"https:\/\/blogg.svenskakyrkan.se\/vandravagen\/files\/2023\/05\/Ulr_logo_RGB.png","width":205,"height":77,"caption":"ulricehamns pastorat"},"image":{"@id":"https:\/\/blogg.svenskakyrkan.se\/vandravagen\/#\/schema\/logo\/image\/"},"sameAs":["http:\/\/facebook.com\/vandravagen","https:\/\/x.com\/fadertomas","http:\/\/www.facebook.com\/svenskakyrkaniulricehamn"]},{"@type":"Person","@id":"https:\/\/blogg.svenskakyrkan.se\/vandravagen\/#\/schema\/person\/25da02d4f76b137d04291711e2c9fc16","name":"Tomas Jarvid","image":{"@type":"ImageObject","inLanguage":"sv-SE","@id":"https:\/\/blogg.svenskakyrkan.se\/vandravagen\/#\/schema\/person\/image\/","url":"https:\/\/secure.gravatar.com\/avatar\/7fa71899795e8f540f615a1f5ab25255dc27aa40f05ee7ddd21aac521e01bf50?s=96&d=identicon&r=g","contentUrl":"https:\/\/secure.gravatar.com\/avatar\/7fa71899795e8f540f615a1f5ab25255dc27aa40f05ee7ddd21aac521e01bf50?s=96&d=identicon&r=g","caption":"Tomas Jarvid"},"description":"Jag bor i Ulricehamn i V\u00e4sterg\u00f6tland och \u00e4r f\u00f6rsamlingspr\u00e4st i Svenska Kyrkan f\u00f6r Dalstorps f\u00f6rsamling i Kinds pastorat. P\u00e5 den h\u00e4r bloggen skriver jag ner tankar om vandringen som kristen.","sameAs":["http:\/\/www.vandravagen.se"],"url":"https:\/\/blogg.svenskakyrkan.se\/vandravagen\/author\/vandravagen\/"}]}},"author_meta":{"ID":"392","user_nicename":"vandravagen","user_url":"http:\/\/www.vandravagen.se","user_registered":"2014-05-19 05:44:52","display_name":"Tomas Jarvid","first_name":"Tomas","last_name":"Jarvid","avatar":"https:\/\/secure.gravatar.com\/avatar\/7fa71899795e8f540f615a1f5ab25255dc27aa40f05ee7ddd21aac521e01bf50?s=96&d=identicon&r=g"},"featured_image":false,"bloginfo":{"name":"Vandra V\u00e4gen","url":"https:\/\/blogg.svenskakyrkan.se\/vandravagen"},"_links":{"self":[{"href":"https:\/\/blogg.svenskakyrkan.se\/vandravagen\/wp-json\/wp\/v2\/posts\/724","targetHints":{"allow":["GET"]}}],"collection":[{"href":"https:\/\/blogg.svenskakyrkan.se\/vandravagen\/wp-json\/wp\/v2\/posts"}],"about":[{"href":"https:\/\/blogg.svenskakyrkan.se\/vandravagen\/wp-json\/wp\/v2\/types\/post"}],"author":[{"embeddable":true,"href":"https:\/\/blogg.svenskakyrkan.se\/vandravagen\/wp-json\/wp\/v2\/users\/392"}],"replies":[{"embeddable":true,"href":"https:\/\/blogg.svenskakyrkan.se\/vandravagen\/wp-json\/wp\/v2\/comments?post=724"}],"version-history":[{"count":0,"href":"https:\/\/blogg.svenskakyrkan.se\/vandravagen\/wp-json\/wp\/v2\/posts\/724\/revisions"}],"wp:attachment":[{"href":"https:\/\/blogg.svenskakyrkan.se\/vandravagen\/wp-json\/wp\/v2\/media?parent=724"}],"wp:term":[{"taxonomy":"category","embeddable":true,"href":"https:\/\/blogg.svenskakyrkan.se\/vandravagen\/wp-json\/wp\/v2\/categories?post=724"},{"taxonomy":"post_tag","embeddable":true,"href":"https:\/\/blogg.svenskakyrkan.se\/vandravagen\/wp-json\/wp\/v2\/tags?post=724"}],"curies":[{"name":"wp","href":"https:\/\/api.w.org\/{rel}","templated":true}]}}