{"id":725,"date":"2013-02-06T19:21:00","date_gmt":"2013-02-06T18:21:00","guid":{"rendered":"http:\/\/blogg.svenskakyrkan.se\/vandravagen\/2013\/02\/06\/nar-borjar-det-riktiga-livet-undrar-fredrik-lindstrom-och-vi\/"},"modified":"2013-02-06T19:21:00","modified_gmt":"2013-02-06T18:21:00","slug":"nar-borjar-det-riktiga-livet-undrar-fredrik-lindstrom-och-vi","status":"publish","type":"post","link":"https:\/\/blogg.svenskakyrkan.se\/vandravagen\/2013\/02\/06\/nar-borjar-det-riktiga-livet-undrar-fredrik-lindstrom-och-vi\/","title":{"rendered":"N\u00e4r b\u00f6rjar det riktiga livet (undrar Fredrik Lindstr\u00f6m och vi)?"},"content":{"rendered":"<table align=\"center\" cellpadding=\"0\" cellspacing=\"0\">\n<tbody>\n<tr>\n<td><a href=\"https:\/\/encrypted-tbn3.gstatic.com\/images?q=tbn:ANd9GcR7QZQKi7tHZpNCZFYkqJxawlE-vnQw0zkNnLR0fzS-iuy1mRAuuA\"><img decoding=\"async\" border=\"0\" src=\"https:\/\/encrypted-tbn3.gstatic.com\/images?q=tbn:ANd9GcR7QZQKi7tHZpNCZFYkqJxawlE-vnQw0zkNnLR0fzS-iuy1mRAuuA\"><\/a><\/td>\n<\/tr>\n<tr>\n<td>Fredrik Lindstr\u00f6m<\/td>\n<\/tr>\n<\/tbody>\n<\/table>\n<p>De senaste dagarna har jag lyssnat Fredrik Lindstr\u00f6m medan lillan sovit i den rullande vagnen. Jag har h\u00f6rt hans bok &#8221;<a href=\"http:\/\/www.adlibris.com\/se\/product.aspx?isbn=9174292978\">N\u00e4r b\u00f6rjar det riktiga livet?<\/a>&#8221; fr\u00e5n 2011. Den var bra.<\/p>\n<p>Boken best\u00e5r av en r\u00e4cka korta historier som p\u00e5 olika s\u00e4tt knyter an till temat i titeln. Det \u00e4r sagor fr\u00e5n samtiden, kanske speciellt f\u00f6r en \u00f6vre medelklass i Stockholm men eftersom den klassen ju ligger i t\u00e4ten f\u00f6r samh\u00e4llsutvecklingen k\u00e4nner nog fler igen sig p\u00e5 n\u00e5got s\u00e4tt.<\/p>\n<p>I ber\u00e4ttelserna m\u00f6ter vi hon som alltid har en v\u00e4ska packad om det verkliga livet skulle dundra in helt ov\u00e4ntat s\u00e5 att hon m\u00e5ste bryta upp, barnet med f\u00f6r m\u00e5nga leksaker, de som best\u00e4mmer sig f\u00f6r att bo kvar i sin l\u00e4genhet sedan den blivit s\u00e5 fin vid homestagingen och m\u00e5nga fler. Det \u00e4r enkla men talande historier om dr\u00f6mmar om hur livet borde vara och pinsamt ofta k\u00e4nner man igen sig sj\u00e4lv i dem. Den enda m\u00e4nniskan i boken som verkar ha b\u00f6rjat leva livet som det \u00e4r \u00e4r en pension\u00e4r som strax d\u00e4rp\u00e5 d\u00f6r. De andra h\u00e5ller p\u00e5 att kn\u00f6ka almanackan full eller bygga det perfekta k\u00f6ket f\u00f6r att det riktiga livet ska kunna b\u00f6rja senare.<\/p>\n<p>Det \u00e4r inte s\u00e5 l\u00e4tt att vara m\u00e4nniska. Gr\u00e4set \u00e4r alltid gr\u00f6nare n\u00e5gon annanstans och hur man \u00e4n v\u00e4nder sig har man rumpan bak. Bakom fasaden \u00e4r de flesta r\u00e4tt ynkliga eller f\u00e5niga emellan\u00e5t, det \u00e4r bara det att vi inte ser de sidorna hos andra som vi ser dem hos oss sj\u00e4lva.<\/p>\n<p>Det finns s\u00e4kert mycken man som pr\u00e4st skulle kunna s\u00e4ga om boken men om Jesus v\u00e5gade l\u00e5ta utmanande ber\u00e4ttelser st\u00e5 f\u00f6r sig sj\u00e4lva kanske det \u00e4r n\u00e5got f\u00f6r mig att ta efter ocks\u00e5? Ta och l\u00e4s boken du ocks\u00e5 ist\u00e4llet. Hur som helst tror jag att boken kan vara inspirerande f\u00f6r en och annan predikant. H\u00e4r finns ber\u00e4ttelser om v\u00e5r tid. S\u00e5dana beh\u00f6ver vi alltid ta del av!<\/p><\/p>\n","protected":false},"excerpt":{"rendered":"<p>Fredrik Lindstr\u00f6m De senaste dagarna har jag lyssnat Fredrik Lindstr\u00f6m medan lillan sovit i den rullande vagnen. Jag har h\u00f6rt hans bok &#8221;N\u00e4r b\u00f6rjar det riktiga livet?&#8221; fr\u00e5n 2011. Den var bra. Boken best\u00e5r av en r\u00e4cka korta historier som p\u00e5 olika s\u00e4tt knyter an till temat i titeln. Det \u00e4r sagor fr\u00e5n samtiden, kanske [&hellip;]<\/p>\n","protected":false},"author":392,"featured_media":0,"comment_status":"open","ping_status":"open","sticky":false,"template":"","format":"standard","meta":{"_acf_changed":false,"footnotes":""},"categories":[8253,42374],"tags":[],"class_list":["post-725","post","type-post","status-publish","format-standard","hentry","category-bocker","category-boktips"],"acf":[],"yoast_head":"<!-- This site is optimized with the Yoast SEO plugin v27.1.1 - https:\/\/yoast.com\/product\/yoast-seo-wordpress\/ -->\n<title>N\u00e4r b\u00f6rjar det riktiga livet (undrar Fredrik Lindstr\u00f6m och vi)? - Vandra V\u00e4gen<\/title>\n<meta name=\"robots\" content=\"index, follow, max-snippet:-1, max-image-preview:large, max-video-preview:-1\" \/>\n<link rel=\"canonical\" href=\"https:\/\/blogg.svenskakyrkan.se\/vandravagen\/2013\/02\/06\/nar-borjar-det-riktiga-livet-undrar-fredrik-lindstrom-och-vi\/\" \/>\n<meta property=\"og:locale\" content=\"sv_SE\" \/>\n<meta property=\"og:type\" content=\"article\" \/>\n<meta property=\"og:title\" content=\"N\u00e4r b\u00f6rjar det riktiga livet (undrar Fredrik Lindstr\u00f6m och vi)? - Vandra V\u00e4gen\" \/>\n<meta property=\"og:description\" content=\"Fredrik Lindstr\u00f6m De senaste dagarna har jag lyssnat Fredrik Lindstr\u00f6m medan lillan sovit i den rullande vagnen. Jag har h\u00f6rt hans bok &#8221;N\u00e4r b\u00f6rjar det riktiga livet?&#8221; fr\u00e5n 2011. Den var bra. Boken best\u00e5r av en r\u00e4cka korta historier som p\u00e5 olika s\u00e4tt knyter an till temat i titeln. Det \u00e4r sagor fr\u00e5n samtiden, kanske [&hellip;]\" \/>\n<meta property=\"og:url\" content=\"https:\/\/blogg.svenskakyrkan.se\/vandravagen\/2013\/02\/06\/nar-borjar-det-riktiga-livet-undrar-fredrik-lindstrom-och-vi\/\" \/>\n<meta property=\"og:site_name\" content=\"Vandra V\u00e4gen\" \/>\n<meta property=\"article:publisher\" content=\"http:\/\/facebook.com\/vandravagen\" \/>\n<meta property=\"article:published_time\" content=\"2013-02-06T18:21:00+00:00\" \/>\n<meta property=\"og:image\" content=\"https:\/\/encrypted-tbn3.gstatic.com\/images?q=tbn:ANd9GcR7QZQKi7tHZpNCZFYkqJxawlE-vnQw0zkNnLR0fzS-iuy1mRAuuA\" \/>\n<meta name=\"author\" content=\"Tomas Jarvid\" \/>\n<meta name=\"twitter:card\" content=\"summary_large_image\" \/>\n<meta name=\"twitter:creator\" content=\"@fadertomas\" \/>\n<meta name=\"twitter:site\" content=\"@fadertomas\" \/>\n<meta name=\"twitter:label1\" content=\"Skriven av\" \/>\n\t<meta name=\"twitter:data1\" content=\"Tomas Jarvid\" \/>\n\t<meta name=\"twitter:label2\" content=\"Ber\u00e4knad l\u00e4stid\" \/>\n\t<meta name=\"twitter:data2\" content=\"2 minuter\" \/>\n<script type=\"application\/ld+json\" class=\"yoast-schema-graph\">{\"@context\":\"https:\/\/schema.org\",\"@graph\":[{\"@type\":\"Article\",\"@id\":\"https:\/\/blogg.svenskakyrkan.se\/vandravagen\/2013\/02\/06\/nar-borjar-det-riktiga-livet-undrar-fredrik-lindstrom-och-vi\/#article\",\"isPartOf\":{\"@id\":\"https:\/\/blogg.svenskakyrkan.se\/vandravagen\/2013\/02\/06\/nar-borjar-det-riktiga-livet-undrar-fredrik-lindstrom-och-vi\/\"},\"author\":{\"name\":\"Tomas Jarvid\",\"@id\":\"https:\/\/blogg.svenskakyrkan.se\/vandravagen\/#\/schema\/person\/25da02d4f76b137d04291711e2c9fc16\"},\"headline\":\"N\u00e4r b\u00f6rjar det riktiga livet (undrar Fredrik Lindstr\u00f6m och vi)?\",\"datePublished\":\"2013-02-06T18:21:00+00:00\",\"mainEntityOfPage\":{\"@id\":\"https:\/\/blogg.svenskakyrkan.se\/vandravagen\/2013\/02\/06\/nar-borjar-det-riktiga-livet-undrar-fredrik-lindstrom-och-vi\/\"},\"wordCount\":400,\"commentCount\":0,\"publisher\":{\"@id\":\"https:\/\/blogg.svenskakyrkan.se\/vandravagen\/#organization\"},\"image\":{\"@id\":\"https:\/\/blogg.svenskakyrkan.se\/vandravagen\/2013\/02\/06\/nar-borjar-det-riktiga-livet-undrar-fredrik-lindstrom-och-vi\/#primaryimage\"},\"thumbnailUrl\":\"https:\/\/encrypted-tbn3.gstatic.com\/images?q=tbn:ANd9GcR7QZQKi7tHZpNCZFYkqJxawlE-vnQw0zkNnLR0fzS-iuy1mRAuuA\",\"articleSection\":[\"b\u00f6cker\",\"boktips\"],\"inLanguage\":\"sv-SE\",\"potentialAction\":[{\"@type\":\"CommentAction\",\"name\":\"Comment\",\"target\":[\"https:\/\/blogg.svenskakyrkan.se\/vandravagen\/2013\/02\/06\/nar-borjar-det-riktiga-livet-undrar-fredrik-lindstrom-och-vi\/#respond\"]}]},{\"@type\":\"WebPage\",\"@id\":\"https:\/\/blogg.svenskakyrkan.se\/vandravagen\/2013\/02\/06\/nar-borjar-det-riktiga-livet-undrar-fredrik-lindstrom-och-vi\/\",\"url\":\"https:\/\/blogg.svenskakyrkan.se\/vandravagen\/2013\/02\/06\/nar-borjar-det-riktiga-livet-undrar-fredrik-lindstrom-och-vi\/\",\"name\":\"N\u00e4r b\u00f6rjar det riktiga livet (undrar Fredrik Lindstr\u00f6m och vi)? - Vandra V\u00e4gen\",\"isPartOf\":{\"@id\":\"https:\/\/blogg.svenskakyrkan.se\/vandravagen\/#website\"},\"primaryImageOfPage\":{\"@id\":\"https:\/\/blogg.svenskakyrkan.se\/vandravagen\/2013\/02\/06\/nar-borjar-det-riktiga-livet-undrar-fredrik-lindstrom-och-vi\/#primaryimage\"},\"image\":{\"@id\":\"https:\/\/blogg.svenskakyrkan.se\/vandravagen\/2013\/02\/06\/nar-borjar-det-riktiga-livet-undrar-fredrik-lindstrom-och-vi\/#primaryimage\"},\"thumbnailUrl\":\"https:\/\/encrypted-tbn3.gstatic.com\/images?q=tbn:ANd9GcR7QZQKi7tHZpNCZFYkqJxawlE-vnQw0zkNnLR0fzS-iuy1mRAuuA\",\"datePublished\":\"2013-02-06T18:21:00+00:00\",\"breadcrumb\":{\"@id\":\"https:\/\/blogg.svenskakyrkan.se\/vandravagen\/2013\/02\/06\/nar-borjar-det-riktiga-livet-undrar-fredrik-lindstrom-och-vi\/#breadcrumb\"},\"inLanguage\":\"sv-SE\",\"potentialAction\":[{\"@type\":\"ReadAction\",\"target\":[\"https:\/\/blogg.svenskakyrkan.se\/vandravagen\/2013\/02\/06\/nar-borjar-det-riktiga-livet-undrar-fredrik-lindstrom-och-vi\/\"]}]},{\"@type\":\"ImageObject\",\"inLanguage\":\"sv-SE\",\"@id\":\"https:\/\/blogg.svenskakyrkan.se\/vandravagen\/2013\/02\/06\/nar-borjar-det-riktiga-livet-undrar-fredrik-lindstrom-och-vi\/#primaryimage\",\"url\":\"https:\/\/encrypted-tbn3.gstatic.com\/images?q=tbn:ANd9GcR7QZQKi7tHZpNCZFYkqJxawlE-vnQw0zkNnLR0fzS-iuy1mRAuuA\",\"contentUrl\":\"https:\/\/encrypted-tbn3.gstatic.com\/images?q=tbn:ANd9GcR7QZQKi7tHZpNCZFYkqJxawlE-vnQw0zkNnLR0fzS-iuy1mRAuuA\"},{\"@type\":\"BreadcrumbList\",\"@id\":\"https:\/\/blogg.svenskakyrkan.se\/vandravagen\/2013\/02\/06\/nar-borjar-det-riktiga-livet-undrar-fredrik-lindstrom-och-vi\/#breadcrumb\",\"itemListElement\":[{\"@type\":\"ListItem\",\"position\":1,\"name\":\"Hem\",\"item\":\"https:\/\/blogg.svenskakyrkan.se\/vandravagen\/\"},{\"@type\":\"ListItem\",\"position\":2,\"name\":\"N\u00e4r b\u00f6rjar det riktiga livet (undrar Fredrik Lindstr\u00f6m och vi)?\"}]},{\"@type\":\"WebSite\",\"@id\":\"https:\/\/blogg.svenskakyrkan.se\/vandravagen\/#website\",\"url\":\"https:\/\/blogg.svenskakyrkan.se\/vandravagen\/\",\"name\":\"Vandra V\u00e4gen\",\"description\":\"-Mot en tro f\u00f6r hela livet\",\"publisher\":{\"@id\":\"https:\/\/blogg.svenskakyrkan.se\/vandravagen\/#organization\"},\"potentialAction\":[{\"@type\":\"SearchAction\",\"target\":{\"@type\":\"EntryPoint\",\"urlTemplate\":\"https:\/\/blogg.svenskakyrkan.se\/vandravagen\/?s={search_term_string}\"},\"query-input\":{\"@type\":\"PropertyValueSpecification\",\"valueRequired\":true,\"valueName\":\"search_term_string\"}}],\"inLanguage\":\"sv-SE\"},{\"@type\":\"Organization\",\"@id\":\"https:\/\/blogg.svenskakyrkan.se\/vandravagen\/#organization\",\"name\":\"ulricehamns pastorat\",\"alternateName\":\"ulricehamns pastorat\",\"url\":\"https:\/\/blogg.svenskakyrkan.se\/vandravagen\/\",\"logo\":{\"@type\":\"ImageObject\",\"inLanguage\":\"sv-SE\",\"@id\":\"https:\/\/blogg.svenskakyrkan.se\/vandravagen\/#\/schema\/logo\/image\/\",\"url\":\"https:\/\/blogg.svenskakyrkan.se\/vandravagen\/files\/2023\/05\/Ulr_logo_RGB.png\",\"contentUrl\":\"https:\/\/blogg.svenskakyrkan.se\/vandravagen\/files\/2023\/05\/Ulr_logo_RGB.png\",\"width\":205,\"height\":77,\"caption\":\"ulricehamns pastorat\"},\"image\":{\"@id\":\"https:\/\/blogg.svenskakyrkan.se\/vandravagen\/#\/schema\/logo\/image\/\"},\"sameAs\":[\"http:\/\/facebook.com\/vandravagen\",\"https:\/\/x.com\/fadertomas\",\"http:\/\/www.facebook.com\/svenskakyrkaniulricehamn\"]},{\"@type\":\"Person\",\"@id\":\"https:\/\/blogg.svenskakyrkan.se\/vandravagen\/#\/schema\/person\/25da02d4f76b137d04291711e2c9fc16\",\"name\":\"Tomas Jarvid\",\"image\":{\"@type\":\"ImageObject\",\"inLanguage\":\"sv-SE\",\"@id\":\"https:\/\/blogg.svenskakyrkan.se\/vandravagen\/#\/schema\/person\/image\/\",\"url\":\"https:\/\/secure.gravatar.com\/avatar\/7fa71899795e8f540f615a1f5ab25255dc27aa40f05ee7ddd21aac521e01bf50?s=96&d=identicon&r=g\",\"contentUrl\":\"https:\/\/secure.gravatar.com\/avatar\/7fa71899795e8f540f615a1f5ab25255dc27aa40f05ee7ddd21aac521e01bf50?s=96&d=identicon&r=g\",\"caption\":\"Tomas Jarvid\"},\"description\":\"Jag bor i Ulricehamn i V\u00e4sterg\u00f6tland och \u00e4r f\u00f6rsamlingspr\u00e4st i Svenska Kyrkan f\u00f6r Dalstorps f\u00f6rsamling i Kinds pastorat. P\u00e5 den h\u00e4r bloggen skriver jag ner tankar om vandringen som kristen.\",\"sameAs\":[\"http:\/\/www.vandravagen.se\"],\"url\":\"https:\/\/blogg.svenskakyrkan.se\/vandravagen\/author\/vandravagen\/\"}]}<\/script>\n<!-- \/ Yoast SEO plugin. -->","yoast_head_json":{"title":"N\u00e4r b\u00f6rjar det riktiga livet (undrar Fredrik Lindstr\u00f6m och vi)? - Vandra V\u00e4gen","robots":{"index":"index","follow":"follow","max-snippet":"max-snippet:-1","max-image-preview":"max-image-preview:large","max-video-preview":"max-video-preview:-1"},"canonical":"https:\/\/blogg.svenskakyrkan.se\/vandravagen\/2013\/02\/06\/nar-borjar-det-riktiga-livet-undrar-fredrik-lindstrom-och-vi\/","og_locale":"sv_SE","og_type":"article","og_title":"N\u00e4r b\u00f6rjar det riktiga livet (undrar Fredrik Lindstr\u00f6m och vi)? - Vandra V\u00e4gen","og_description":"Fredrik Lindstr\u00f6m De senaste dagarna har jag lyssnat Fredrik Lindstr\u00f6m medan lillan sovit i den rullande vagnen. Jag har h\u00f6rt hans bok &#8221;N\u00e4r b\u00f6rjar det riktiga livet?&#8221; fr\u00e5n 2011. Den var bra. Boken best\u00e5r av en r\u00e4cka korta historier som p\u00e5 olika s\u00e4tt knyter an till temat i titeln. Det \u00e4r sagor fr\u00e5n samtiden, kanske [&hellip;]","og_url":"https:\/\/blogg.svenskakyrkan.se\/vandravagen\/2013\/02\/06\/nar-borjar-det-riktiga-livet-undrar-fredrik-lindstrom-och-vi\/","og_site_name":"Vandra V\u00e4gen","article_publisher":"http:\/\/facebook.com\/vandravagen","article_published_time":"2013-02-06T18:21:00+00:00","og_image":[{"url":"https:\/\/encrypted-tbn3.gstatic.com\/images?q=tbn:ANd9GcR7QZQKi7tHZpNCZFYkqJxawlE-vnQw0zkNnLR0fzS-iuy1mRAuuA","type":"","width":"","height":""}],"author":"Tomas Jarvid","twitter_card":"summary_large_image","twitter_creator":"@fadertomas","twitter_site":"@fadertomas","twitter_misc":{"Skriven av":"Tomas Jarvid","Ber\u00e4knad l\u00e4stid":"2 minuter"},"schema":{"@context":"https:\/\/schema.org","@graph":[{"@type":"Article","@id":"https:\/\/blogg.svenskakyrkan.se\/vandravagen\/2013\/02\/06\/nar-borjar-det-riktiga-livet-undrar-fredrik-lindstrom-och-vi\/#article","isPartOf":{"@id":"https:\/\/blogg.svenskakyrkan.se\/vandravagen\/2013\/02\/06\/nar-borjar-det-riktiga-livet-undrar-fredrik-lindstrom-och-vi\/"},"author":{"name":"Tomas Jarvid","@id":"https:\/\/blogg.svenskakyrkan.se\/vandravagen\/#\/schema\/person\/25da02d4f76b137d04291711e2c9fc16"},"headline":"N\u00e4r b\u00f6rjar det riktiga livet (undrar Fredrik Lindstr\u00f6m och vi)?","datePublished":"2013-02-06T18:21:00+00:00","mainEntityOfPage":{"@id":"https:\/\/blogg.svenskakyrkan.se\/vandravagen\/2013\/02\/06\/nar-borjar-det-riktiga-livet-undrar-fredrik-lindstrom-och-vi\/"},"wordCount":400,"commentCount":0,"publisher":{"@id":"https:\/\/blogg.svenskakyrkan.se\/vandravagen\/#organization"},"image":{"@id":"https:\/\/blogg.svenskakyrkan.se\/vandravagen\/2013\/02\/06\/nar-borjar-det-riktiga-livet-undrar-fredrik-lindstrom-och-vi\/#primaryimage"},"thumbnailUrl":"https:\/\/encrypted-tbn3.gstatic.com\/images?q=tbn:ANd9GcR7QZQKi7tHZpNCZFYkqJxawlE-vnQw0zkNnLR0fzS-iuy1mRAuuA","articleSection":["b\u00f6cker","boktips"],"inLanguage":"sv-SE","potentialAction":[{"@type":"CommentAction","name":"Comment","target":["https:\/\/blogg.svenskakyrkan.se\/vandravagen\/2013\/02\/06\/nar-borjar-det-riktiga-livet-undrar-fredrik-lindstrom-och-vi\/#respond"]}]},{"@type":"WebPage","@id":"https:\/\/blogg.svenskakyrkan.se\/vandravagen\/2013\/02\/06\/nar-borjar-det-riktiga-livet-undrar-fredrik-lindstrom-och-vi\/","url":"https:\/\/blogg.svenskakyrkan.se\/vandravagen\/2013\/02\/06\/nar-borjar-det-riktiga-livet-undrar-fredrik-lindstrom-och-vi\/","name":"N\u00e4r b\u00f6rjar det riktiga livet (undrar Fredrik Lindstr\u00f6m och vi)? - Vandra V\u00e4gen","isPartOf":{"@id":"https:\/\/blogg.svenskakyrkan.se\/vandravagen\/#website"},"primaryImageOfPage":{"@id":"https:\/\/blogg.svenskakyrkan.se\/vandravagen\/2013\/02\/06\/nar-borjar-det-riktiga-livet-undrar-fredrik-lindstrom-och-vi\/#primaryimage"},"image":{"@id":"https:\/\/blogg.svenskakyrkan.se\/vandravagen\/2013\/02\/06\/nar-borjar-det-riktiga-livet-undrar-fredrik-lindstrom-och-vi\/#primaryimage"},"thumbnailUrl":"https:\/\/encrypted-tbn3.gstatic.com\/images?q=tbn:ANd9GcR7QZQKi7tHZpNCZFYkqJxawlE-vnQw0zkNnLR0fzS-iuy1mRAuuA","datePublished":"2013-02-06T18:21:00+00:00","breadcrumb":{"@id":"https:\/\/blogg.svenskakyrkan.se\/vandravagen\/2013\/02\/06\/nar-borjar-det-riktiga-livet-undrar-fredrik-lindstrom-och-vi\/#breadcrumb"},"inLanguage":"sv-SE","potentialAction":[{"@type":"ReadAction","target":["https:\/\/blogg.svenskakyrkan.se\/vandravagen\/2013\/02\/06\/nar-borjar-det-riktiga-livet-undrar-fredrik-lindstrom-och-vi\/"]}]},{"@type":"ImageObject","inLanguage":"sv-SE","@id":"https:\/\/blogg.svenskakyrkan.se\/vandravagen\/2013\/02\/06\/nar-borjar-det-riktiga-livet-undrar-fredrik-lindstrom-och-vi\/#primaryimage","url":"https:\/\/encrypted-tbn3.gstatic.com\/images?q=tbn:ANd9GcR7QZQKi7tHZpNCZFYkqJxawlE-vnQw0zkNnLR0fzS-iuy1mRAuuA","contentUrl":"https:\/\/encrypted-tbn3.gstatic.com\/images?q=tbn:ANd9GcR7QZQKi7tHZpNCZFYkqJxawlE-vnQw0zkNnLR0fzS-iuy1mRAuuA"},{"@type":"BreadcrumbList","@id":"https:\/\/blogg.svenskakyrkan.se\/vandravagen\/2013\/02\/06\/nar-borjar-det-riktiga-livet-undrar-fredrik-lindstrom-och-vi\/#breadcrumb","itemListElement":[{"@type":"ListItem","position":1,"name":"Hem","item":"https:\/\/blogg.svenskakyrkan.se\/vandravagen\/"},{"@type":"ListItem","position":2,"name":"N\u00e4r b\u00f6rjar det riktiga livet (undrar Fredrik Lindstr\u00f6m och vi)?"}]},{"@type":"WebSite","@id":"https:\/\/blogg.svenskakyrkan.se\/vandravagen\/#website","url":"https:\/\/blogg.svenskakyrkan.se\/vandravagen\/","name":"Vandra V\u00e4gen","description":"-Mot en tro f\u00f6r hela livet","publisher":{"@id":"https:\/\/blogg.svenskakyrkan.se\/vandravagen\/#organization"},"potentialAction":[{"@type":"SearchAction","target":{"@type":"EntryPoint","urlTemplate":"https:\/\/blogg.svenskakyrkan.se\/vandravagen\/?s={search_term_string}"},"query-input":{"@type":"PropertyValueSpecification","valueRequired":true,"valueName":"search_term_string"}}],"inLanguage":"sv-SE"},{"@type":"Organization","@id":"https:\/\/blogg.svenskakyrkan.se\/vandravagen\/#organization","name":"ulricehamns pastorat","alternateName":"ulricehamns pastorat","url":"https:\/\/blogg.svenskakyrkan.se\/vandravagen\/","logo":{"@type":"ImageObject","inLanguage":"sv-SE","@id":"https:\/\/blogg.svenskakyrkan.se\/vandravagen\/#\/schema\/logo\/image\/","url":"https:\/\/blogg.svenskakyrkan.se\/vandravagen\/files\/2023\/05\/Ulr_logo_RGB.png","contentUrl":"https:\/\/blogg.svenskakyrkan.se\/vandravagen\/files\/2023\/05\/Ulr_logo_RGB.png","width":205,"height":77,"caption":"ulricehamns pastorat"},"image":{"@id":"https:\/\/blogg.svenskakyrkan.se\/vandravagen\/#\/schema\/logo\/image\/"},"sameAs":["http:\/\/facebook.com\/vandravagen","https:\/\/x.com\/fadertomas","http:\/\/www.facebook.com\/svenskakyrkaniulricehamn"]},{"@type":"Person","@id":"https:\/\/blogg.svenskakyrkan.se\/vandravagen\/#\/schema\/person\/25da02d4f76b137d04291711e2c9fc16","name":"Tomas Jarvid","image":{"@type":"ImageObject","inLanguage":"sv-SE","@id":"https:\/\/blogg.svenskakyrkan.se\/vandravagen\/#\/schema\/person\/image\/","url":"https:\/\/secure.gravatar.com\/avatar\/7fa71899795e8f540f615a1f5ab25255dc27aa40f05ee7ddd21aac521e01bf50?s=96&d=identicon&r=g","contentUrl":"https:\/\/secure.gravatar.com\/avatar\/7fa71899795e8f540f615a1f5ab25255dc27aa40f05ee7ddd21aac521e01bf50?s=96&d=identicon&r=g","caption":"Tomas Jarvid"},"description":"Jag bor i Ulricehamn i V\u00e4sterg\u00f6tland och \u00e4r f\u00f6rsamlingspr\u00e4st i Svenska Kyrkan f\u00f6r Dalstorps f\u00f6rsamling i Kinds pastorat. P\u00e5 den h\u00e4r bloggen skriver jag ner tankar om vandringen som kristen.","sameAs":["http:\/\/www.vandravagen.se"],"url":"https:\/\/blogg.svenskakyrkan.se\/vandravagen\/author\/vandravagen\/"}]}},"author_meta":{"ID":"392","user_nicename":"vandravagen","user_url":"http:\/\/www.vandravagen.se","user_registered":"2014-05-19 05:44:52","display_name":"Tomas Jarvid","first_name":"Tomas","last_name":"Jarvid","avatar":"https:\/\/secure.gravatar.com\/avatar\/7fa71899795e8f540f615a1f5ab25255dc27aa40f05ee7ddd21aac521e01bf50?s=96&d=identicon&r=g"},"featured_image":false,"bloginfo":{"name":"Vandra V\u00e4gen","url":"https:\/\/blogg.svenskakyrkan.se\/vandravagen"},"_links":{"self":[{"href":"https:\/\/blogg.svenskakyrkan.se\/vandravagen\/wp-json\/wp\/v2\/posts\/725","targetHints":{"allow":["GET"]}}],"collection":[{"href":"https:\/\/blogg.svenskakyrkan.se\/vandravagen\/wp-json\/wp\/v2\/posts"}],"about":[{"href":"https:\/\/blogg.svenskakyrkan.se\/vandravagen\/wp-json\/wp\/v2\/types\/post"}],"author":[{"embeddable":true,"href":"https:\/\/blogg.svenskakyrkan.se\/vandravagen\/wp-json\/wp\/v2\/users\/392"}],"replies":[{"embeddable":true,"href":"https:\/\/blogg.svenskakyrkan.se\/vandravagen\/wp-json\/wp\/v2\/comments?post=725"}],"version-history":[{"count":0,"href":"https:\/\/blogg.svenskakyrkan.se\/vandravagen\/wp-json\/wp\/v2\/posts\/725\/revisions"}],"wp:attachment":[{"href":"https:\/\/blogg.svenskakyrkan.se\/vandravagen\/wp-json\/wp\/v2\/media?parent=725"}],"wp:term":[{"taxonomy":"category","embeddable":true,"href":"https:\/\/blogg.svenskakyrkan.se\/vandravagen\/wp-json\/wp\/v2\/categories?post=725"},{"taxonomy":"post_tag","embeddable":true,"href":"https:\/\/blogg.svenskakyrkan.se\/vandravagen\/wp-json\/wp\/v2\/tags?post=725"}],"curies":[{"name":"wp","href":"https:\/\/api.w.org\/{rel}","templated":true}]}}