{"id":7254,"date":"2019-07-02T07:00:55","date_gmt":"2019-07-02T05:00:55","guid":{"rendered":"http:\/\/blogg.svenskakyrkan.se\/vandravagen\/?p=7254"},"modified":"2019-07-01T22:02:34","modified_gmt":"2019-07-01T20:02:34","slug":"en-fin-bok-och-ett-grymt-citat-av-jean-vanier","status":"publish","type":"post","link":"https:\/\/blogg.svenskakyrkan.se\/vandravagen\/2019\/07\/02\/en-fin-bok-och-ett-grymt-citat-av-jean-vanier\/","title":{"rendered":"En fin bok och ett grymt citat av Jean Vanier"},"content":{"rendered":"<p>N\u00e4r Jean Vanier (fransk andlig gigant) dog f\u00f6r kort tid sedan i h\u00f6g \u00e5lder kom jag p\u00e5 att jag ju faktiskt har en bok av honom i min bokhylla. Eller r\u00e4ttare sagt en liten sammans\u00e4ttning av olika korta textbitar i olika \u00e4mnen som han skrivit genom \u00e5ren. Sedan har jag glatts mycket \u00e5t den boken och stoppat in citat i ett antal predikningar av bara farten. Det \u00e4r n\u00e5got r\u00e4ttframt och bra \u00f6ver hans s\u00e4tt att skriva i annars v\u00e4lk\u00e4nda kristna tankebanor. Jag har strukit under saker p\u00e5 var och varannan sida men det h\u00e4r citatet har drabbat mig lite extra och d\u00e4rf\u00f6r f\u00e5r det en bloggpost.<\/p>\n<blockquote>\n<p>&nbsp;<\/p>\n<p>\u201dV\u00e5r moderna v\u00e4rld har en fantastisk makt och kunskap. M\u00e4nniskan har er\u00f6vrat m\u00e5nen, tr\u00e4ngt in i materiens hemlighet och uppt\u00e4ckt ofantlig energi. Vi har en h\u00e4pnadsv\u00e4ckande kunskap.<br \/>\nDen <strong>enda kunskapen som verkligen \u00e4r n\u00f6dv\u00e4ndig f\u00f6r m\u00e4nniskans \u00f6verlevnad fattas dock<\/strong>: kunskapen om hur vi skall omvandla hat och v\u00e5ld till \u00f6mhet och f\u00f6rst\u00e5else, hur vi ska stoppa kedjan av aggression mot de svaga, hur vi ska se olikheter som en tillg\u00e5ng ist\u00e4llet f\u00f6r ett hot, och om hur vi ska kunna sluta avundas dem som har mer och i st\u00e4llet f\u00e5 dem att dela med sig till dem som har mindre\u201d (Jean Vanier, texter i urval s58)<\/p>\n<\/blockquote>\n<p>Har du n\u00e5gon s\u00e4rskild relation till Vaniers tankar? Skriv en kommentar!<\/p>\n","protected":false},"excerpt":{"rendered":"<p>N\u00e4r Jean Vanier (fransk andlig gigant) dog f\u00f6r kort tid sedan i h\u00f6g \u00e5lder kom jag p\u00e5 att jag ju faktiskt har en bok av honom i min bokhylla. Eller r\u00e4ttare sagt en liten sammans\u00e4ttning av olika korta textbitar i olika \u00e4mnen som han skrivit genom \u00e5ren. Sedan har jag glatts mycket \u00e5t den boken [&hellip;]<\/p>\n","protected":false},"author":392,"featured_media":7255,"comment_status":"open","ping_status":"open","sticky":false,"template":"","format":"standard","meta":{"_acf_changed":false,"footnotes":""},"categories":[8253,42374,117],"tags":[],"class_list":["post-7254","post","type-post","status-publish","format-standard","has-post-thumbnail","hentry","category-bocker","category-boktips","category-teologi"],"acf":[],"yoast_head":"<!-- This site is optimized with the Yoast SEO plugin v27.1.1 - https:\/\/yoast.com\/product\/yoast-seo-wordpress\/ -->\n<title>En fin bok och ett grymt citat av Jean Vanier - Vandra V\u00e4gen<\/title>\n<meta name=\"robots\" content=\"index, follow, max-snippet:-1, max-image-preview:large, max-video-preview:-1\" \/>\n<link rel=\"canonical\" href=\"https:\/\/blogg.svenskakyrkan.se\/vandravagen\/2019\/07\/02\/en-fin-bok-och-ett-grymt-citat-av-jean-vanier\/\" \/>\n<meta property=\"og:locale\" content=\"sv_SE\" \/>\n<meta property=\"og:type\" content=\"article\" \/>\n<meta property=\"og:title\" content=\"En fin bok och ett grymt citat av Jean Vanier - Vandra V\u00e4gen\" \/>\n<meta property=\"og:description\" content=\"N\u00e4r Jean Vanier (fransk andlig gigant) dog f\u00f6r kort tid sedan i h\u00f6g \u00e5lder kom jag p\u00e5 att jag ju faktiskt har en bok av honom i min bokhylla. Eller r\u00e4ttare sagt en liten sammans\u00e4ttning av olika korta textbitar i olika \u00e4mnen som han skrivit genom \u00e5ren. Sedan har jag glatts mycket \u00e5t den boken [&hellip;]\" \/>\n<meta property=\"og:url\" content=\"https:\/\/blogg.svenskakyrkan.se\/vandravagen\/2019\/07\/02\/en-fin-bok-och-ett-grymt-citat-av-jean-vanier\/\" \/>\n<meta property=\"og:site_name\" content=\"Vandra V\u00e4gen\" \/>\n<meta property=\"article:publisher\" content=\"http:\/\/facebook.com\/vandravagen\" \/>\n<meta property=\"article:published_time\" content=\"2019-07-02T05:00:55+00:00\" \/>\n<meta name=\"author\" content=\"Tomas Jarvid\" \/>\n<meta name=\"twitter:card\" content=\"summary_large_image\" \/>\n<meta name=\"twitter:creator\" content=\"@fadertomas\" \/>\n<meta name=\"twitter:site\" content=\"@fadertomas\" \/>\n<meta name=\"twitter:label1\" content=\"Skriven av\" \/>\n\t<meta name=\"twitter:data1\" content=\"Tomas Jarvid\" \/>\n\t<meta name=\"twitter:label2\" content=\"Ber\u00e4knad l\u00e4stid\" \/>\n\t<meta name=\"twitter:data2\" content=\"1 minut\" \/>\n<script type=\"application\/ld+json\" class=\"yoast-schema-graph\">{\"@context\":\"https:\/\/schema.org\",\"@graph\":[{\"@type\":\"Article\",\"@id\":\"https:\/\/blogg.svenskakyrkan.se\/vandravagen\/2019\/07\/02\/en-fin-bok-och-ett-grymt-citat-av-jean-vanier\/#article\",\"isPartOf\":{\"@id\":\"https:\/\/blogg.svenskakyrkan.se\/vandravagen\/2019\/07\/02\/en-fin-bok-och-ett-grymt-citat-av-jean-vanier\/\"},\"author\":{\"name\":\"Tomas Jarvid\",\"@id\":\"https:\/\/blogg.svenskakyrkan.se\/vandravagen\/#\/schema\/person\/25da02d4f76b137d04291711e2c9fc16\"},\"headline\":\"En fin bok och ett grymt citat av Jean Vanier\",\"datePublished\":\"2019-07-02T05:00:55+00:00\",\"mainEntityOfPage\":{\"@id\":\"https:\/\/blogg.svenskakyrkan.se\/vandravagen\/2019\/07\/02\/en-fin-bok-och-ett-grymt-citat-av-jean-vanier\/\"},\"wordCount\":271,\"commentCount\":4,\"publisher\":{\"@id\":\"https:\/\/blogg.svenskakyrkan.se\/vandravagen\/#organization\"},\"image\":{\"@id\":\"https:\/\/blogg.svenskakyrkan.se\/vandravagen\/2019\/07\/02\/en-fin-bok-och-ett-grymt-citat-av-jean-vanier\/#primaryimage\"},\"thumbnailUrl\":\"https:\/\/blogg.svenskakyrkan.se\/vandravagen\/files\/2019\/06\/jean-vanier-e1561618362969.jpg\",\"articleSection\":[\"b\u00f6cker\",\"boktips\",\"Teologi\"],\"inLanguage\":\"sv-SE\",\"potentialAction\":[{\"@type\":\"CommentAction\",\"name\":\"Comment\",\"target\":[\"https:\/\/blogg.svenskakyrkan.se\/vandravagen\/2019\/07\/02\/en-fin-bok-och-ett-grymt-citat-av-jean-vanier\/#respond\"]}]},{\"@type\":\"WebPage\",\"@id\":\"https:\/\/blogg.svenskakyrkan.se\/vandravagen\/2019\/07\/02\/en-fin-bok-och-ett-grymt-citat-av-jean-vanier\/\",\"url\":\"https:\/\/blogg.svenskakyrkan.se\/vandravagen\/2019\/07\/02\/en-fin-bok-och-ett-grymt-citat-av-jean-vanier\/\",\"name\":\"En fin bok och ett grymt citat av Jean Vanier - Vandra V\u00e4gen\",\"isPartOf\":{\"@id\":\"https:\/\/blogg.svenskakyrkan.se\/vandravagen\/#website\"},\"primaryImageOfPage\":{\"@id\":\"https:\/\/blogg.svenskakyrkan.se\/vandravagen\/2019\/07\/02\/en-fin-bok-och-ett-grymt-citat-av-jean-vanier\/#primaryimage\"},\"image\":{\"@id\":\"https:\/\/blogg.svenskakyrkan.se\/vandravagen\/2019\/07\/02\/en-fin-bok-och-ett-grymt-citat-av-jean-vanier\/#primaryimage\"},\"thumbnailUrl\":\"https:\/\/blogg.svenskakyrkan.se\/vandravagen\/files\/2019\/06\/jean-vanier-e1561618362969.jpg\",\"datePublished\":\"2019-07-02T05:00:55+00:00\",\"breadcrumb\":{\"@id\":\"https:\/\/blogg.svenskakyrkan.se\/vandravagen\/2019\/07\/02\/en-fin-bok-och-ett-grymt-citat-av-jean-vanier\/#breadcrumb\"},\"inLanguage\":\"sv-SE\",\"potentialAction\":[{\"@type\":\"ReadAction\",\"target\":[\"https:\/\/blogg.svenskakyrkan.se\/vandravagen\/2019\/07\/02\/en-fin-bok-och-ett-grymt-citat-av-jean-vanier\/\"]}]},{\"@type\":\"ImageObject\",\"inLanguage\":\"sv-SE\",\"@id\":\"https:\/\/blogg.svenskakyrkan.se\/vandravagen\/2019\/07\/02\/en-fin-bok-och-ett-grymt-citat-av-jean-vanier\/#primaryimage\",\"url\":\"https:\/\/blogg.svenskakyrkan.se\/vandravagen\/files\/2019\/06\/jean-vanier-e1561618362969.jpg\",\"contentUrl\":\"https:\/\/blogg.svenskakyrkan.se\/vandravagen\/files\/2019\/06\/jean-vanier-e1561618362969.jpg\",\"width\":1512,\"height\":2016,\"caption\":\"En fin liten bok av Jean Vanier.\"},{\"@type\":\"BreadcrumbList\",\"@id\":\"https:\/\/blogg.svenskakyrkan.se\/vandravagen\/2019\/07\/02\/en-fin-bok-och-ett-grymt-citat-av-jean-vanier\/#breadcrumb\",\"itemListElement\":[{\"@type\":\"ListItem\",\"position\":1,\"name\":\"Hem\",\"item\":\"https:\/\/blogg.svenskakyrkan.se\/vandravagen\/\"},{\"@type\":\"ListItem\",\"position\":2,\"name\":\"En fin bok och ett grymt citat av Jean Vanier\"}]},{\"@type\":\"WebSite\",\"@id\":\"https:\/\/blogg.svenskakyrkan.se\/vandravagen\/#website\",\"url\":\"https:\/\/blogg.svenskakyrkan.se\/vandravagen\/\",\"name\":\"Vandra V\u00e4gen\",\"description\":\"-Mot en tro f\u00f6r hela livet\",\"publisher\":{\"@id\":\"https:\/\/blogg.svenskakyrkan.se\/vandravagen\/#organization\"},\"potentialAction\":[{\"@type\":\"SearchAction\",\"target\":{\"@type\":\"EntryPoint\",\"urlTemplate\":\"https:\/\/blogg.svenskakyrkan.se\/vandravagen\/?s={search_term_string}\"},\"query-input\":{\"@type\":\"PropertyValueSpecification\",\"valueRequired\":true,\"valueName\":\"search_term_string\"}}],\"inLanguage\":\"sv-SE\"},{\"@type\":\"Organization\",\"@id\":\"https:\/\/blogg.svenskakyrkan.se\/vandravagen\/#organization\",\"name\":\"ulricehamns pastorat\",\"alternateName\":\"ulricehamns pastorat\",\"url\":\"https:\/\/blogg.svenskakyrkan.se\/vandravagen\/\",\"logo\":{\"@type\":\"ImageObject\",\"inLanguage\":\"sv-SE\",\"@id\":\"https:\/\/blogg.svenskakyrkan.se\/vandravagen\/#\/schema\/logo\/image\/\",\"url\":\"https:\/\/blogg.svenskakyrkan.se\/vandravagen\/files\/2023\/05\/Ulr_logo_RGB.png\",\"contentUrl\":\"https:\/\/blogg.svenskakyrkan.se\/vandravagen\/files\/2023\/05\/Ulr_logo_RGB.png\",\"width\":205,\"height\":77,\"caption\":\"ulricehamns pastorat\"},\"image\":{\"@id\":\"https:\/\/blogg.svenskakyrkan.se\/vandravagen\/#\/schema\/logo\/image\/\"},\"sameAs\":[\"http:\/\/facebook.com\/vandravagen\",\"https:\/\/x.com\/fadertomas\",\"http:\/\/www.facebook.com\/svenskakyrkaniulricehamn\"]},{\"@type\":\"Person\",\"@id\":\"https:\/\/blogg.svenskakyrkan.se\/vandravagen\/#\/schema\/person\/25da02d4f76b137d04291711e2c9fc16\",\"name\":\"Tomas Jarvid\",\"image\":{\"@type\":\"ImageObject\",\"inLanguage\":\"sv-SE\",\"@id\":\"https:\/\/blogg.svenskakyrkan.se\/vandravagen\/#\/schema\/person\/image\/\",\"url\":\"https:\/\/secure.gravatar.com\/avatar\/7fa71899795e8f540f615a1f5ab25255dc27aa40f05ee7ddd21aac521e01bf50?s=96&d=identicon&r=g\",\"contentUrl\":\"https:\/\/secure.gravatar.com\/avatar\/7fa71899795e8f540f615a1f5ab25255dc27aa40f05ee7ddd21aac521e01bf50?s=96&d=identicon&r=g\",\"caption\":\"Tomas Jarvid\"},\"description\":\"Jag bor i Ulricehamn i V\u00e4sterg\u00f6tland och \u00e4r f\u00f6rsamlingspr\u00e4st i Svenska Kyrkan f\u00f6r Dalstorps f\u00f6rsamling i Kinds pastorat. P\u00e5 den h\u00e4r bloggen skriver jag ner tankar om vandringen som kristen.\",\"sameAs\":[\"http:\/\/www.vandravagen.se\"],\"url\":\"https:\/\/blogg.svenskakyrkan.se\/vandravagen\/author\/vandravagen\/\"}]}<\/script>\n<!-- \/ Yoast SEO plugin. -->","yoast_head_json":{"title":"En fin bok och ett grymt citat av Jean Vanier - Vandra V\u00e4gen","robots":{"index":"index","follow":"follow","max-snippet":"max-snippet:-1","max-image-preview":"max-image-preview:large","max-video-preview":"max-video-preview:-1"},"canonical":"https:\/\/blogg.svenskakyrkan.se\/vandravagen\/2019\/07\/02\/en-fin-bok-och-ett-grymt-citat-av-jean-vanier\/","og_locale":"sv_SE","og_type":"article","og_title":"En fin bok och ett grymt citat av Jean Vanier - Vandra V\u00e4gen","og_description":"N\u00e4r Jean Vanier (fransk andlig gigant) dog f\u00f6r kort tid sedan i h\u00f6g \u00e5lder kom jag p\u00e5 att jag ju faktiskt har en bok av honom i min bokhylla. Eller r\u00e4ttare sagt en liten sammans\u00e4ttning av olika korta textbitar i olika \u00e4mnen som han skrivit genom \u00e5ren. Sedan har jag glatts mycket \u00e5t den boken [&hellip;]","og_url":"https:\/\/blogg.svenskakyrkan.se\/vandravagen\/2019\/07\/02\/en-fin-bok-och-ett-grymt-citat-av-jean-vanier\/","og_site_name":"Vandra V\u00e4gen","article_publisher":"http:\/\/facebook.com\/vandravagen","article_published_time":"2019-07-02T05:00:55+00:00","author":"Tomas Jarvid","twitter_card":"summary_large_image","twitter_creator":"@fadertomas","twitter_site":"@fadertomas","twitter_misc":{"Skriven av":"Tomas Jarvid","Ber\u00e4knad l\u00e4stid":"1 minut"},"schema":{"@context":"https:\/\/schema.org","@graph":[{"@type":"Article","@id":"https:\/\/blogg.svenskakyrkan.se\/vandravagen\/2019\/07\/02\/en-fin-bok-och-ett-grymt-citat-av-jean-vanier\/#article","isPartOf":{"@id":"https:\/\/blogg.svenskakyrkan.se\/vandravagen\/2019\/07\/02\/en-fin-bok-och-ett-grymt-citat-av-jean-vanier\/"},"author":{"name":"Tomas Jarvid","@id":"https:\/\/blogg.svenskakyrkan.se\/vandravagen\/#\/schema\/person\/25da02d4f76b137d04291711e2c9fc16"},"headline":"En fin bok och ett grymt citat av Jean Vanier","datePublished":"2019-07-02T05:00:55+00:00","mainEntityOfPage":{"@id":"https:\/\/blogg.svenskakyrkan.se\/vandravagen\/2019\/07\/02\/en-fin-bok-och-ett-grymt-citat-av-jean-vanier\/"},"wordCount":271,"commentCount":4,"publisher":{"@id":"https:\/\/blogg.svenskakyrkan.se\/vandravagen\/#organization"},"image":{"@id":"https:\/\/blogg.svenskakyrkan.se\/vandravagen\/2019\/07\/02\/en-fin-bok-och-ett-grymt-citat-av-jean-vanier\/#primaryimage"},"thumbnailUrl":"https:\/\/blogg.svenskakyrkan.se\/vandravagen\/files\/2019\/06\/jean-vanier-e1561618362969.jpg","articleSection":["b\u00f6cker","boktips","Teologi"],"inLanguage":"sv-SE","potentialAction":[{"@type":"CommentAction","name":"Comment","target":["https:\/\/blogg.svenskakyrkan.se\/vandravagen\/2019\/07\/02\/en-fin-bok-och-ett-grymt-citat-av-jean-vanier\/#respond"]}]},{"@type":"WebPage","@id":"https:\/\/blogg.svenskakyrkan.se\/vandravagen\/2019\/07\/02\/en-fin-bok-och-ett-grymt-citat-av-jean-vanier\/","url":"https:\/\/blogg.svenskakyrkan.se\/vandravagen\/2019\/07\/02\/en-fin-bok-och-ett-grymt-citat-av-jean-vanier\/","name":"En fin bok och ett grymt citat av Jean Vanier - Vandra V\u00e4gen","isPartOf":{"@id":"https:\/\/blogg.svenskakyrkan.se\/vandravagen\/#website"},"primaryImageOfPage":{"@id":"https:\/\/blogg.svenskakyrkan.se\/vandravagen\/2019\/07\/02\/en-fin-bok-och-ett-grymt-citat-av-jean-vanier\/#primaryimage"},"image":{"@id":"https:\/\/blogg.svenskakyrkan.se\/vandravagen\/2019\/07\/02\/en-fin-bok-och-ett-grymt-citat-av-jean-vanier\/#primaryimage"},"thumbnailUrl":"https:\/\/blogg.svenskakyrkan.se\/vandravagen\/files\/2019\/06\/jean-vanier-e1561618362969.jpg","datePublished":"2019-07-02T05:00:55+00:00","breadcrumb":{"@id":"https:\/\/blogg.svenskakyrkan.se\/vandravagen\/2019\/07\/02\/en-fin-bok-och-ett-grymt-citat-av-jean-vanier\/#breadcrumb"},"inLanguage":"sv-SE","potentialAction":[{"@type":"ReadAction","target":["https:\/\/blogg.svenskakyrkan.se\/vandravagen\/2019\/07\/02\/en-fin-bok-och-ett-grymt-citat-av-jean-vanier\/"]}]},{"@type":"ImageObject","inLanguage":"sv-SE","@id":"https:\/\/blogg.svenskakyrkan.se\/vandravagen\/2019\/07\/02\/en-fin-bok-och-ett-grymt-citat-av-jean-vanier\/#primaryimage","url":"https:\/\/blogg.svenskakyrkan.se\/vandravagen\/files\/2019\/06\/jean-vanier-e1561618362969.jpg","contentUrl":"https:\/\/blogg.svenskakyrkan.se\/vandravagen\/files\/2019\/06\/jean-vanier-e1561618362969.jpg","width":1512,"height":2016,"caption":"En fin liten bok av Jean Vanier."},{"@type":"BreadcrumbList","@id":"https:\/\/blogg.svenskakyrkan.se\/vandravagen\/2019\/07\/02\/en-fin-bok-och-ett-grymt-citat-av-jean-vanier\/#breadcrumb","itemListElement":[{"@type":"ListItem","position":1,"name":"Hem","item":"https:\/\/blogg.svenskakyrkan.se\/vandravagen\/"},{"@type":"ListItem","position":2,"name":"En fin bok och ett grymt citat av Jean Vanier"}]},{"@type":"WebSite","@id":"https:\/\/blogg.svenskakyrkan.se\/vandravagen\/#website","url":"https:\/\/blogg.svenskakyrkan.se\/vandravagen\/","name":"Vandra V\u00e4gen","description":"-Mot en tro f\u00f6r hela livet","publisher":{"@id":"https:\/\/blogg.svenskakyrkan.se\/vandravagen\/#organization"},"potentialAction":[{"@type":"SearchAction","target":{"@type":"EntryPoint","urlTemplate":"https:\/\/blogg.svenskakyrkan.se\/vandravagen\/?s={search_term_string}"},"query-input":{"@type":"PropertyValueSpecification","valueRequired":true,"valueName":"search_term_string"}}],"inLanguage":"sv-SE"},{"@type":"Organization","@id":"https:\/\/blogg.svenskakyrkan.se\/vandravagen\/#organization","name":"ulricehamns pastorat","alternateName":"ulricehamns pastorat","url":"https:\/\/blogg.svenskakyrkan.se\/vandravagen\/","logo":{"@type":"ImageObject","inLanguage":"sv-SE","@id":"https:\/\/blogg.svenskakyrkan.se\/vandravagen\/#\/schema\/logo\/image\/","url":"https:\/\/blogg.svenskakyrkan.se\/vandravagen\/files\/2023\/05\/Ulr_logo_RGB.png","contentUrl":"https:\/\/blogg.svenskakyrkan.se\/vandravagen\/files\/2023\/05\/Ulr_logo_RGB.png","width":205,"height":77,"caption":"ulricehamns pastorat"},"image":{"@id":"https:\/\/blogg.svenskakyrkan.se\/vandravagen\/#\/schema\/logo\/image\/"},"sameAs":["http:\/\/facebook.com\/vandravagen","https:\/\/x.com\/fadertomas","http:\/\/www.facebook.com\/svenskakyrkaniulricehamn"]},{"@type":"Person","@id":"https:\/\/blogg.svenskakyrkan.se\/vandravagen\/#\/schema\/person\/25da02d4f76b137d04291711e2c9fc16","name":"Tomas Jarvid","image":{"@type":"ImageObject","inLanguage":"sv-SE","@id":"https:\/\/blogg.svenskakyrkan.se\/vandravagen\/#\/schema\/person\/image\/","url":"https:\/\/secure.gravatar.com\/avatar\/7fa71899795e8f540f615a1f5ab25255dc27aa40f05ee7ddd21aac521e01bf50?s=96&d=identicon&r=g","contentUrl":"https:\/\/secure.gravatar.com\/avatar\/7fa71899795e8f540f615a1f5ab25255dc27aa40f05ee7ddd21aac521e01bf50?s=96&d=identicon&r=g","caption":"Tomas Jarvid"},"description":"Jag bor i Ulricehamn i V\u00e4sterg\u00f6tland och \u00e4r f\u00f6rsamlingspr\u00e4st i Svenska Kyrkan f\u00f6r Dalstorps f\u00f6rsamling i Kinds pastorat. P\u00e5 den h\u00e4r bloggen skriver jag ner tankar om vandringen som kristen.","sameAs":["http:\/\/www.vandravagen.se"],"url":"https:\/\/blogg.svenskakyrkan.se\/vandravagen\/author\/vandravagen\/"}]}},"author_meta":{"ID":"392","user_nicename":"vandravagen","user_url":"http:\/\/www.vandravagen.se","user_registered":"2014-05-19 05:44:52","display_name":"Tomas Jarvid","first_name":"Tomas","last_name":"Jarvid","avatar":"https:\/\/secure.gravatar.com\/avatar\/7fa71899795e8f540f615a1f5ab25255dc27aa40f05ee7ddd21aac521e01bf50?s=96&d=identicon&r=g"},"featured_image":["https:\/\/blogg.svenskakyrkan.se\/vandravagen\/files\/2019\/06\/jean-vanier-e1561618362969-1024x1365.jpg",1024,1365,true],"bloginfo":{"name":"Vandra V\u00e4gen","url":"https:\/\/blogg.svenskakyrkan.se\/vandravagen"},"_links":{"self":[{"href":"https:\/\/blogg.svenskakyrkan.se\/vandravagen\/wp-json\/wp\/v2\/posts\/7254","targetHints":{"allow":["GET"]}}],"collection":[{"href":"https:\/\/blogg.svenskakyrkan.se\/vandravagen\/wp-json\/wp\/v2\/posts"}],"about":[{"href":"https:\/\/blogg.svenskakyrkan.se\/vandravagen\/wp-json\/wp\/v2\/types\/post"}],"author":[{"embeddable":true,"href":"https:\/\/blogg.svenskakyrkan.se\/vandravagen\/wp-json\/wp\/v2\/users\/392"}],"replies":[{"embeddable":true,"href":"https:\/\/blogg.svenskakyrkan.se\/vandravagen\/wp-json\/wp\/v2\/comments?post=7254"}],"version-history":[{"count":2,"href":"https:\/\/blogg.svenskakyrkan.se\/vandravagen\/wp-json\/wp\/v2\/posts\/7254\/revisions"}],"predecessor-version":[{"id":7266,"href":"https:\/\/blogg.svenskakyrkan.se\/vandravagen\/wp-json\/wp\/v2\/posts\/7254\/revisions\/7266"}],"wp:featuredmedia":[{"embeddable":true,"href":"https:\/\/blogg.svenskakyrkan.se\/vandravagen\/wp-json\/wp\/v2\/media\/7255"}],"wp:attachment":[{"href":"https:\/\/blogg.svenskakyrkan.se\/vandravagen\/wp-json\/wp\/v2\/media?parent=7254"}],"wp:term":[{"taxonomy":"category","embeddable":true,"href":"https:\/\/blogg.svenskakyrkan.se\/vandravagen\/wp-json\/wp\/v2\/categories?post=7254"},{"taxonomy":"post_tag","embeddable":true,"href":"https:\/\/blogg.svenskakyrkan.se\/vandravagen\/wp-json\/wp\/v2\/tags?post=7254"}],"curies":[{"name":"wp","href":"https:\/\/api.w.org\/{rel}","templated":true}]}}