{"id":726,"date":"2013-02-06T10:11:00","date_gmt":"2013-02-06T09:11:00","guid":{"rendered":"http:\/\/blogg.svenskakyrkan.se\/vandravagen\/2013\/02\/06\/a-ena-sidan-gudsbevis-a-andra-sidan-flum\/"},"modified":"2013-02-06T10:11:00","modified_gmt":"2013-02-06T09:11:00","slug":"a-ena-sidan-gudsbevis-a-andra-sidan-flum","status":"publish","type":"post","link":"https:\/\/blogg.svenskakyrkan.se\/vandravagen\/2013\/02\/06\/a-ena-sidan-gudsbevis-a-andra-sidan-flum\/","title":{"rendered":"\u00c5 ena sidan gudsbevis \u00e5 andra sidan flum"},"content":{"rendered":"<div><a href=\"http:\/\/4.bp.blogspot.com\/-U5SoO5kq0bg\/URFTtxbXWQI\/AAAAAAAACJY\/c1pz7QBnwbk\/s1600\/230px-Compound_Microscope_1876.JPG\"><img decoding=\"async\" border=\"0\" src=\"http:\/\/4.bp.blogspot.com\/-U5SoO5kq0bg\/URFTtxbXWQI\/AAAAAAAACJY\/c1pz7QBnwbk\/s1600\/230px-Compound_Microscope_1876.JPG\"><\/a><\/div>\n<p>Intresset f\u00f6r det d\u00e4r med tro och vetenskap \u00e4r tydligen stort. N\u00e4r jag skrev om det f\u00f6r ett tag sedan l\u00e4stes det av m\u00e5nga.<\/p>\n<div>I hebr\u00e9erbrevet t\u00e5r det s\u00e5 h\u00e4r:<\/div>\n<div><\/div>\n<blockquote>\n<p>&#8221;Utan tro kan ingen finna n\u00e5d hos honom. Ty den som vill nalkas Gud <i>m\u00e5ste tro att han finns<\/i> och att han l\u00f6nar dem som s\u00f6ker honom.&#8221; (Heb 11:6 bibel 2000)<\/p>\n<\/blockquote>\n<p>Fr\u00e5gan om Guds existens \u00e4r f\u00f6rst\u00e5s v\u00e4ldigt avg\u00f6rande f\u00f6r om man sedan ska kunna leva i tro p\u00e5 Gud. F\u00f6r den kristne \u00e4r f\u00f6rst\u00e5s de sista orden minst lika viktiga. Tro handlar om att lita p\u00e5 att Gud \u00e4r god och har omsorg om oss m\u00e4nniskor och att s\u00f6ka sig till honom med sina b\u00f6ner, inte bara om att intellektuellt acceptera tanken p\u00e5 Guds existens.<\/p>\n<p>Filosofiskt har man f\u00f6rh\u00e5llit sig p\u00e5 olika s\u00e4tt genom tiderna till denna dubbelhet. En del har f\u00f6rs\u00f6kt konstruera argument f\u00f6r att bevisa Guds n\u00f6dv\u00e4ndiga existens. Detta kallas ofta gudsbevis och jag t\u00e4nkte \u00a0\u00e5terkomma med ett s\u00e5dant som jag tycker \u00e4r r\u00e4tt bra i annat inl\u00e4gg. Motsatt har en del andra g\u00e5tt s\u00e5 l\u00e5ngt i motsatt riktning att de menat att sanningsfr\u00e5gan om vad vi kan veta om Gud inte spelar n\u00e5gon roll, huvudsken \u00e4r min k\u00e4nsla av trygghet och tillit. Det \u00e4r en minst lika oh\u00e5llbar position, vad spelar det f\u00f6r roll vad jag k\u00e4nner om det inte \u00e4r sant? Skulle det d\u00e5 vara b\u00e4ttre att inte v\u00e5ga sk\u00e4rsk\u00e5da och st\u00e4lla kritiska fr\u00e5gor om tron?<\/p>\n<p>Kristen tro kr\u00e4ver \u00e4rlighet. Att v\u00e5ga m\u00f6ta fr\u00e5gorna ocks\u00e5. Samtidigt \u00e4r k\u00e4rnan i tron s\u00e5 mycket mer \u00e4n bara att Gud skulle existera. Den kristne tycker nog egentligen att det viktigaste Gudsbeviset f\u00f6r honom eller henne personligen \u00e4r att vi m\u00f6ter Gud i m\u00f6tet med Jesus varje g\u00e5ng vi kn\u00e4pper h\u00e4nderna och ber.<\/p>\n<p>Vad s\u00e4ger du? \u00c4r det l\u00e4tt att h\u00e5lla ihop det h\u00e4r?<\/p><\/p>\n","protected":false},"excerpt":{"rendered":"<p>Intresset f\u00f6r det d\u00e4r med tro och vetenskap \u00e4r tydligen stort. N\u00e4r jag skrev om det f\u00f6r ett tag sedan l\u00e4stes det av m\u00e5nga. I hebr\u00e9erbrevet t\u00e5r det s\u00e5 h\u00e4r: &#8221;Utan tro kan ingen finna n\u00e5d hos honom. Ty den som vill nalkas Gud m\u00e5ste tro att han finns och att han l\u00f6nar dem som [&hellip;]<\/p>\n","protected":false},"author":392,"featured_media":0,"comment_status":"open","ping_status":"open","sticky":false,"template":"","format":"standard","meta":{"_acf_changed":false,"footnotes":""},"categories":[117],"tags":[],"class_list":["post-726","post","type-post","status-publish","format-standard","hentry","category-teologi"],"acf":[],"yoast_head":"<!-- This site is optimized with the Yoast SEO plugin v27.1.1 - https:\/\/yoast.com\/product\/yoast-seo-wordpress\/ -->\n<title>\u00c5 ena sidan gudsbevis \u00e5 andra sidan flum - Vandra V\u00e4gen<\/title>\n<meta name=\"robots\" content=\"index, follow, max-snippet:-1, max-image-preview:large, max-video-preview:-1\" \/>\n<link rel=\"canonical\" href=\"https:\/\/blogg.svenskakyrkan.se\/vandravagen\/2013\/02\/06\/a-ena-sidan-gudsbevis-a-andra-sidan-flum\/\" \/>\n<meta property=\"og:locale\" content=\"sv_SE\" \/>\n<meta property=\"og:type\" content=\"article\" \/>\n<meta property=\"og:title\" content=\"\u00c5 ena sidan gudsbevis \u00e5 andra sidan flum - Vandra V\u00e4gen\" \/>\n<meta property=\"og:description\" content=\"Intresset f\u00f6r det d\u00e4r med tro och vetenskap \u00e4r tydligen stort. N\u00e4r jag skrev om det f\u00f6r ett tag sedan l\u00e4stes det av m\u00e5nga. I hebr\u00e9erbrevet t\u00e5r det s\u00e5 h\u00e4r: &#8221;Utan tro kan ingen finna n\u00e5d hos honom. Ty den som vill nalkas Gud m\u00e5ste tro att han finns och att han l\u00f6nar dem som [&hellip;]\" \/>\n<meta property=\"og:url\" content=\"https:\/\/blogg.svenskakyrkan.se\/vandravagen\/2013\/02\/06\/a-ena-sidan-gudsbevis-a-andra-sidan-flum\/\" \/>\n<meta property=\"og:site_name\" content=\"Vandra V\u00e4gen\" \/>\n<meta property=\"article:publisher\" content=\"http:\/\/facebook.com\/vandravagen\" \/>\n<meta property=\"article:published_time\" content=\"2013-02-06T09:11:00+00:00\" \/>\n<meta property=\"og:image\" content=\"http:\/\/4.bp.blogspot.com\/-U5SoO5kq0bg\/URFTtxbXWQI\/AAAAAAAACJY\/c1pz7QBnwbk\/s1600\/230px-Compound_Microscope_1876.JPG\" \/>\n<meta name=\"author\" content=\"Tomas Jarvid\" \/>\n<meta name=\"twitter:card\" content=\"summary_large_image\" \/>\n<meta name=\"twitter:creator\" content=\"@fadertomas\" \/>\n<meta name=\"twitter:site\" content=\"@fadertomas\" \/>\n<meta name=\"twitter:label1\" content=\"Skriven av\" \/>\n\t<meta name=\"twitter:data1\" content=\"Tomas Jarvid\" \/>\n\t<meta name=\"twitter:label2\" content=\"Ber\u00e4knad l\u00e4stid\" \/>\n\t<meta name=\"twitter:data2\" content=\"2 minuter\" \/>\n<script type=\"application\/ld+json\" class=\"yoast-schema-graph\">{\"@context\":\"https:\/\/schema.org\",\"@graph\":[{\"@type\":\"Article\",\"@id\":\"https:\/\/blogg.svenskakyrkan.se\/vandravagen\/2013\/02\/06\/a-ena-sidan-gudsbevis-a-andra-sidan-flum\/#article\",\"isPartOf\":{\"@id\":\"https:\/\/blogg.svenskakyrkan.se\/vandravagen\/2013\/02\/06\/a-ena-sidan-gudsbevis-a-andra-sidan-flum\/\"},\"author\":{\"name\":\"Tomas Jarvid\",\"@id\":\"https:\/\/blogg.svenskakyrkan.se\/vandravagen\/#\/schema\/person\/25da02d4f76b137d04291711e2c9fc16\"},\"headline\":\"\u00c5 ena sidan gudsbevis \u00e5 andra sidan flum\",\"datePublished\":\"2013-02-06T09:11:00+00:00\",\"mainEntityOfPage\":{\"@id\":\"https:\/\/blogg.svenskakyrkan.se\/vandravagen\/2013\/02\/06\/a-ena-sidan-gudsbevis-a-andra-sidan-flum\/\"},\"wordCount\":375,\"commentCount\":0,\"publisher\":{\"@id\":\"https:\/\/blogg.svenskakyrkan.se\/vandravagen\/#organization\"},\"image\":{\"@id\":\"https:\/\/blogg.svenskakyrkan.se\/vandravagen\/2013\/02\/06\/a-ena-sidan-gudsbevis-a-andra-sidan-flum\/#primaryimage\"},\"thumbnailUrl\":\"http:\/\/4.bp.blogspot.com\/-U5SoO5kq0bg\/URFTtxbXWQI\/AAAAAAAACJY\/c1pz7QBnwbk\/s1600\/230px-Compound_Microscope_1876.JPG\",\"articleSection\":[\"Teologi\"],\"inLanguage\":\"sv-SE\",\"potentialAction\":[{\"@type\":\"CommentAction\",\"name\":\"Comment\",\"target\":[\"https:\/\/blogg.svenskakyrkan.se\/vandravagen\/2013\/02\/06\/a-ena-sidan-gudsbevis-a-andra-sidan-flum\/#respond\"]}]},{\"@type\":\"WebPage\",\"@id\":\"https:\/\/blogg.svenskakyrkan.se\/vandravagen\/2013\/02\/06\/a-ena-sidan-gudsbevis-a-andra-sidan-flum\/\",\"url\":\"https:\/\/blogg.svenskakyrkan.se\/vandravagen\/2013\/02\/06\/a-ena-sidan-gudsbevis-a-andra-sidan-flum\/\",\"name\":\"\u00c5 ena sidan gudsbevis \u00e5 andra sidan flum - Vandra V\u00e4gen\",\"isPartOf\":{\"@id\":\"https:\/\/blogg.svenskakyrkan.se\/vandravagen\/#website\"},\"primaryImageOfPage\":{\"@id\":\"https:\/\/blogg.svenskakyrkan.se\/vandravagen\/2013\/02\/06\/a-ena-sidan-gudsbevis-a-andra-sidan-flum\/#primaryimage\"},\"image\":{\"@id\":\"https:\/\/blogg.svenskakyrkan.se\/vandravagen\/2013\/02\/06\/a-ena-sidan-gudsbevis-a-andra-sidan-flum\/#primaryimage\"},\"thumbnailUrl\":\"http:\/\/4.bp.blogspot.com\/-U5SoO5kq0bg\/URFTtxbXWQI\/AAAAAAAACJY\/c1pz7QBnwbk\/s1600\/230px-Compound_Microscope_1876.JPG\",\"datePublished\":\"2013-02-06T09:11:00+00:00\",\"breadcrumb\":{\"@id\":\"https:\/\/blogg.svenskakyrkan.se\/vandravagen\/2013\/02\/06\/a-ena-sidan-gudsbevis-a-andra-sidan-flum\/#breadcrumb\"},\"inLanguage\":\"sv-SE\",\"potentialAction\":[{\"@type\":\"ReadAction\",\"target\":[\"https:\/\/blogg.svenskakyrkan.se\/vandravagen\/2013\/02\/06\/a-ena-sidan-gudsbevis-a-andra-sidan-flum\/\"]}]},{\"@type\":\"ImageObject\",\"inLanguage\":\"sv-SE\",\"@id\":\"https:\/\/blogg.svenskakyrkan.se\/vandravagen\/2013\/02\/06\/a-ena-sidan-gudsbevis-a-andra-sidan-flum\/#primaryimage\",\"url\":\"http:\/\/4.bp.blogspot.com\/-U5SoO5kq0bg\/URFTtxbXWQI\/AAAAAAAACJY\/c1pz7QBnwbk\/s1600\/230px-Compound_Microscope_1876.JPG\",\"contentUrl\":\"http:\/\/4.bp.blogspot.com\/-U5SoO5kq0bg\/URFTtxbXWQI\/AAAAAAAACJY\/c1pz7QBnwbk\/s1600\/230px-Compound_Microscope_1876.JPG\"},{\"@type\":\"BreadcrumbList\",\"@id\":\"https:\/\/blogg.svenskakyrkan.se\/vandravagen\/2013\/02\/06\/a-ena-sidan-gudsbevis-a-andra-sidan-flum\/#breadcrumb\",\"itemListElement\":[{\"@type\":\"ListItem\",\"position\":1,\"name\":\"Hem\",\"item\":\"https:\/\/blogg.svenskakyrkan.se\/vandravagen\/\"},{\"@type\":\"ListItem\",\"position\":2,\"name\":\"\u00c5 ena sidan gudsbevis \u00e5 andra sidan flum\"}]},{\"@type\":\"WebSite\",\"@id\":\"https:\/\/blogg.svenskakyrkan.se\/vandravagen\/#website\",\"url\":\"https:\/\/blogg.svenskakyrkan.se\/vandravagen\/\",\"name\":\"Vandra V\u00e4gen\",\"description\":\"-Mot en tro f\u00f6r hela livet\",\"publisher\":{\"@id\":\"https:\/\/blogg.svenskakyrkan.se\/vandravagen\/#organization\"},\"potentialAction\":[{\"@type\":\"SearchAction\",\"target\":{\"@type\":\"EntryPoint\",\"urlTemplate\":\"https:\/\/blogg.svenskakyrkan.se\/vandravagen\/?s={search_term_string}\"},\"query-input\":{\"@type\":\"PropertyValueSpecification\",\"valueRequired\":true,\"valueName\":\"search_term_string\"}}],\"inLanguage\":\"sv-SE\"},{\"@type\":\"Organization\",\"@id\":\"https:\/\/blogg.svenskakyrkan.se\/vandravagen\/#organization\",\"name\":\"ulricehamns pastorat\",\"alternateName\":\"ulricehamns pastorat\",\"url\":\"https:\/\/blogg.svenskakyrkan.se\/vandravagen\/\",\"logo\":{\"@type\":\"ImageObject\",\"inLanguage\":\"sv-SE\",\"@id\":\"https:\/\/blogg.svenskakyrkan.se\/vandravagen\/#\/schema\/logo\/image\/\",\"url\":\"https:\/\/blogg.svenskakyrkan.se\/vandravagen\/files\/2023\/05\/Ulr_logo_RGB.png\",\"contentUrl\":\"https:\/\/blogg.svenskakyrkan.se\/vandravagen\/files\/2023\/05\/Ulr_logo_RGB.png\",\"width\":205,\"height\":77,\"caption\":\"ulricehamns pastorat\"},\"image\":{\"@id\":\"https:\/\/blogg.svenskakyrkan.se\/vandravagen\/#\/schema\/logo\/image\/\"},\"sameAs\":[\"http:\/\/facebook.com\/vandravagen\",\"https:\/\/x.com\/fadertomas\",\"http:\/\/www.facebook.com\/svenskakyrkaniulricehamn\"]},{\"@type\":\"Person\",\"@id\":\"https:\/\/blogg.svenskakyrkan.se\/vandravagen\/#\/schema\/person\/25da02d4f76b137d04291711e2c9fc16\",\"name\":\"Tomas Jarvid\",\"image\":{\"@type\":\"ImageObject\",\"inLanguage\":\"sv-SE\",\"@id\":\"https:\/\/blogg.svenskakyrkan.se\/vandravagen\/#\/schema\/person\/image\/\",\"url\":\"https:\/\/secure.gravatar.com\/avatar\/7fa71899795e8f540f615a1f5ab25255dc27aa40f05ee7ddd21aac521e01bf50?s=96&d=identicon&r=g\",\"contentUrl\":\"https:\/\/secure.gravatar.com\/avatar\/7fa71899795e8f540f615a1f5ab25255dc27aa40f05ee7ddd21aac521e01bf50?s=96&d=identicon&r=g\",\"caption\":\"Tomas Jarvid\"},\"description\":\"Jag bor i Ulricehamn i V\u00e4sterg\u00f6tland och \u00e4r f\u00f6rsamlingspr\u00e4st i Svenska Kyrkan f\u00f6r Dalstorps f\u00f6rsamling i Kinds pastorat. P\u00e5 den h\u00e4r bloggen skriver jag ner tankar om vandringen som kristen.\",\"sameAs\":[\"http:\/\/www.vandravagen.se\"],\"url\":\"https:\/\/blogg.svenskakyrkan.se\/vandravagen\/author\/vandravagen\/\"}]}<\/script>\n<!-- \/ Yoast SEO plugin. -->","yoast_head_json":{"title":"\u00c5 ena sidan gudsbevis \u00e5 andra sidan flum - Vandra V\u00e4gen","robots":{"index":"index","follow":"follow","max-snippet":"max-snippet:-1","max-image-preview":"max-image-preview:large","max-video-preview":"max-video-preview:-1"},"canonical":"https:\/\/blogg.svenskakyrkan.se\/vandravagen\/2013\/02\/06\/a-ena-sidan-gudsbevis-a-andra-sidan-flum\/","og_locale":"sv_SE","og_type":"article","og_title":"\u00c5 ena sidan gudsbevis \u00e5 andra sidan flum - Vandra V\u00e4gen","og_description":"Intresset f\u00f6r det d\u00e4r med tro och vetenskap \u00e4r tydligen stort. N\u00e4r jag skrev om det f\u00f6r ett tag sedan l\u00e4stes det av m\u00e5nga. I hebr\u00e9erbrevet t\u00e5r det s\u00e5 h\u00e4r: &#8221;Utan tro kan ingen finna n\u00e5d hos honom. Ty den som vill nalkas Gud m\u00e5ste tro att han finns och att han l\u00f6nar dem som [&hellip;]","og_url":"https:\/\/blogg.svenskakyrkan.se\/vandravagen\/2013\/02\/06\/a-ena-sidan-gudsbevis-a-andra-sidan-flum\/","og_site_name":"Vandra V\u00e4gen","article_publisher":"http:\/\/facebook.com\/vandravagen","article_published_time":"2013-02-06T09:11:00+00:00","og_image":[{"url":"http:\/\/4.bp.blogspot.com\/-U5SoO5kq0bg\/URFTtxbXWQI\/AAAAAAAACJY\/c1pz7QBnwbk\/s1600\/230px-Compound_Microscope_1876.JPG","type":"","width":"","height":""}],"author":"Tomas Jarvid","twitter_card":"summary_large_image","twitter_creator":"@fadertomas","twitter_site":"@fadertomas","twitter_misc":{"Skriven av":"Tomas Jarvid","Ber\u00e4knad l\u00e4stid":"2 minuter"},"schema":{"@context":"https:\/\/schema.org","@graph":[{"@type":"Article","@id":"https:\/\/blogg.svenskakyrkan.se\/vandravagen\/2013\/02\/06\/a-ena-sidan-gudsbevis-a-andra-sidan-flum\/#article","isPartOf":{"@id":"https:\/\/blogg.svenskakyrkan.se\/vandravagen\/2013\/02\/06\/a-ena-sidan-gudsbevis-a-andra-sidan-flum\/"},"author":{"name":"Tomas Jarvid","@id":"https:\/\/blogg.svenskakyrkan.se\/vandravagen\/#\/schema\/person\/25da02d4f76b137d04291711e2c9fc16"},"headline":"\u00c5 ena sidan gudsbevis \u00e5 andra sidan flum","datePublished":"2013-02-06T09:11:00+00:00","mainEntityOfPage":{"@id":"https:\/\/blogg.svenskakyrkan.se\/vandravagen\/2013\/02\/06\/a-ena-sidan-gudsbevis-a-andra-sidan-flum\/"},"wordCount":375,"commentCount":0,"publisher":{"@id":"https:\/\/blogg.svenskakyrkan.se\/vandravagen\/#organization"},"image":{"@id":"https:\/\/blogg.svenskakyrkan.se\/vandravagen\/2013\/02\/06\/a-ena-sidan-gudsbevis-a-andra-sidan-flum\/#primaryimage"},"thumbnailUrl":"http:\/\/4.bp.blogspot.com\/-U5SoO5kq0bg\/URFTtxbXWQI\/AAAAAAAACJY\/c1pz7QBnwbk\/s1600\/230px-Compound_Microscope_1876.JPG","articleSection":["Teologi"],"inLanguage":"sv-SE","potentialAction":[{"@type":"CommentAction","name":"Comment","target":["https:\/\/blogg.svenskakyrkan.se\/vandravagen\/2013\/02\/06\/a-ena-sidan-gudsbevis-a-andra-sidan-flum\/#respond"]}]},{"@type":"WebPage","@id":"https:\/\/blogg.svenskakyrkan.se\/vandravagen\/2013\/02\/06\/a-ena-sidan-gudsbevis-a-andra-sidan-flum\/","url":"https:\/\/blogg.svenskakyrkan.se\/vandravagen\/2013\/02\/06\/a-ena-sidan-gudsbevis-a-andra-sidan-flum\/","name":"\u00c5 ena sidan gudsbevis \u00e5 andra sidan flum - Vandra V\u00e4gen","isPartOf":{"@id":"https:\/\/blogg.svenskakyrkan.se\/vandravagen\/#website"},"primaryImageOfPage":{"@id":"https:\/\/blogg.svenskakyrkan.se\/vandravagen\/2013\/02\/06\/a-ena-sidan-gudsbevis-a-andra-sidan-flum\/#primaryimage"},"image":{"@id":"https:\/\/blogg.svenskakyrkan.se\/vandravagen\/2013\/02\/06\/a-ena-sidan-gudsbevis-a-andra-sidan-flum\/#primaryimage"},"thumbnailUrl":"http:\/\/4.bp.blogspot.com\/-U5SoO5kq0bg\/URFTtxbXWQI\/AAAAAAAACJY\/c1pz7QBnwbk\/s1600\/230px-Compound_Microscope_1876.JPG","datePublished":"2013-02-06T09:11:00+00:00","breadcrumb":{"@id":"https:\/\/blogg.svenskakyrkan.se\/vandravagen\/2013\/02\/06\/a-ena-sidan-gudsbevis-a-andra-sidan-flum\/#breadcrumb"},"inLanguage":"sv-SE","potentialAction":[{"@type":"ReadAction","target":["https:\/\/blogg.svenskakyrkan.se\/vandravagen\/2013\/02\/06\/a-ena-sidan-gudsbevis-a-andra-sidan-flum\/"]}]},{"@type":"ImageObject","inLanguage":"sv-SE","@id":"https:\/\/blogg.svenskakyrkan.se\/vandravagen\/2013\/02\/06\/a-ena-sidan-gudsbevis-a-andra-sidan-flum\/#primaryimage","url":"http:\/\/4.bp.blogspot.com\/-U5SoO5kq0bg\/URFTtxbXWQI\/AAAAAAAACJY\/c1pz7QBnwbk\/s1600\/230px-Compound_Microscope_1876.JPG","contentUrl":"http:\/\/4.bp.blogspot.com\/-U5SoO5kq0bg\/URFTtxbXWQI\/AAAAAAAACJY\/c1pz7QBnwbk\/s1600\/230px-Compound_Microscope_1876.JPG"},{"@type":"BreadcrumbList","@id":"https:\/\/blogg.svenskakyrkan.se\/vandravagen\/2013\/02\/06\/a-ena-sidan-gudsbevis-a-andra-sidan-flum\/#breadcrumb","itemListElement":[{"@type":"ListItem","position":1,"name":"Hem","item":"https:\/\/blogg.svenskakyrkan.se\/vandravagen\/"},{"@type":"ListItem","position":2,"name":"\u00c5 ena sidan gudsbevis \u00e5 andra sidan flum"}]},{"@type":"WebSite","@id":"https:\/\/blogg.svenskakyrkan.se\/vandravagen\/#website","url":"https:\/\/blogg.svenskakyrkan.se\/vandravagen\/","name":"Vandra V\u00e4gen","description":"-Mot en tro f\u00f6r hela livet","publisher":{"@id":"https:\/\/blogg.svenskakyrkan.se\/vandravagen\/#organization"},"potentialAction":[{"@type":"SearchAction","target":{"@type":"EntryPoint","urlTemplate":"https:\/\/blogg.svenskakyrkan.se\/vandravagen\/?s={search_term_string}"},"query-input":{"@type":"PropertyValueSpecification","valueRequired":true,"valueName":"search_term_string"}}],"inLanguage":"sv-SE"},{"@type":"Organization","@id":"https:\/\/blogg.svenskakyrkan.se\/vandravagen\/#organization","name":"ulricehamns pastorat","alternateName":"ulricehamns pastorat","url":"https:\/\/blogg.svenskakyrkan.se\/vandravagen\/","logo":{"@type":"ImageObject","inLanguage":"sv-SE","@id":"https:\/\/blogg.svenskakyrkan.se\/vandravagen\/#\/schema\/logo\/image\/","url":"https:\/\/blogg.svenskakyrkan.se\/vandravagen\/files\/2023\/05\/Ulr_logo_RGB.png","contentUrl":"https:\/\/blogg.svenskakyrkan.se\/vandravagen\/files\/2023\/05\/Ulr_logo_RGB.png","width":205,"height":77,"caption":"ulricehamns pastorat"},"image":{"@id":"https:\/\/blogg.svenskakyrkan.se\/vandravagen\/#\/schema\/logo\/image\/"},"sameAs":["http:\/\/facebook.com\/vandravagen","https:\/\/x.com\/fadertomas","http:\/\/www.facebook.com\/svenskakyrkaniulricehamn"]},{"@type":"Person","@id":"https:\/\/blogg.svenskakyrkan.se\/vandravagen\/#\/schema\/person\/25da02d4f76b137d04291711e2c9fc16","name":"Tomas Jarvid","image":{"@type":"ImageObject","inLanguage":"sv-SE","@id":"https:\/\/blogg.svenskakyrkan.se\/vandravagen\/#\/schema\/person\/image\/","url":"https:\/\/secure.gravatar.com\/avatar\/7fa71899795e8f540f615a1f5ab25255dc27aa40f05ee7ddd21aac521e01bf50?s=96&d=identicon&r=g","contentUrl":"https:\/\/secure.gravatar.com\/avatar\/7fa71899795e8f540f615a1f5ab25255dc27aa40f05ee7ddd21aac521e01bf50?s=96&d=identicon&r=g","caption":"Tomas Jarvid"},"description":"Jag bor i Ulricehamn i V\u00e4sterg\u00f6tland och \u00e4r f\u00f6rsamlingspr\u00e4st i Svenska Kyrkan f\u00f6r Dalstorps f\u00f6rsamling i Kinds pastorat. P\u00e5 den h\u00e4r bloggen skriver jag ner tankar om vandringen som kristen.","sameAs":["http:\/\/www.vandravagen.se"],"url":"https:\/\/blogg.svenskakyrkan.se\/vandravagen\/author\/vandravagen\/"}]}},"author_meta":{"ID":"392","user_nicename":"vandravagen","user_url":"http:\/\/www.vandravagen.se","user_registered":"2014-05-19 05:44:52","display_name":"Tomas Jarvid","first_name":"Tomas","last_name":"Jarvid","avatar":"https:\/\/secure.gravatar.com\/avatar\/7fa71899795e8f540f615a1f5ab25255dc27aa40f05ee7ddd21aac521e01bf50?s=96&d=identicon&r=g"},"featured_image":false,"bloginfo":{"name":"Vandra V\u00e4gen","url":"https:\/\/blogg.svenskakyrkan.se\/vandravagen"},"_links":{"self":[{"href":"https:\/\/blogg.svenskakyrkan.se\/vandravagen\/wp-json\/wp\/v2\/posts\/726","targetHints":{"allow":["GET"]}}],"collection":[{"href":"https:\/\/blogg.svenskakyrkan.se\/vandravagen\/wp-json\/wp\/v2\/posts"}],"about":[{"href":"https:\/\/blogg.svenskakyrkan.se\/vandravagen\/wp-json\/wp\/v2\/types\/post"}],"author":[{"embeddable":true,"href":"https:\/\/blogg.svenskakyrkan.se\/vandravagen\/wp-json\/wp\/v2\/users\/392"}],"replies":[{"embeddable":true,"href":"https:\/\/blogg.svenskakyrkan.se\/vandravagen\/wp-json\/wp\/v2\/comments?post=726"}],"version-history":[{"count":0,"href":"https:\/\/blogg.svenskakyrkan.se\/vandravagen\/wp-json\/wp\/v2\/posts\/726\/revisions"}],"wp:attachment":[{"href":"https:\/\/blogg.svenskakyrkan.se\/vandravagen\/wp-json\/wp\/v2\/media?parent=726"}],"wp:term":[{"taxonomy":"category","embeddable":true,"href":"https:\/\/blogg.svenskakyrkan.se\/vandravagen\/wp-json\/wp\/v2\/categories?post=726"},{"taxonomy":"post_tag","embeddable":true,"href":"https:\/\/blogg.svenskakyrkan.se\/vandravagen\/wp-json\/wp\/v2\/tags?post=726"}],"curies":[{"name":"wp","href":"https:\/\/api.w.org\/{rel}","templated":true}]}}