{"id":729,"date":"2013-02-04T09:18:00","date_gmt":"2013-02-04T08:18:00","guid":{"rendered":"http:\/\/blogg.svenskakyrkan.se\/vandravagen\/2013\/02\/04\/saker-alla-vet-om-kristen-tro-v-kristna-tror-att-de-ar-battre-an-andra\/"},"modified":"2013-02-04T09:18:00","modified_gmt":"2013-02-04T08:18:00","slug":"saker-alla-vet-om-kristen-tro-v-kristna-tror-att-de-ar-battre-an-andra","status":"publish","type":"post","link":"https:\/\/blogg.svenskakyrkan.se\/vandravagen\/2013\/02\/04\/saker-alla-vet-om-kristen-tro-v-kristna-tror-att-de-ar-battre-an-andra\/","title":{"rendered":"Saker &quot;alla vet&quot; om kristen tro V; Kristna tror att de \u00e4r b\u00e4ttre \u00e4n andra"},"content":{"rendered":"<table align=\"center\" cellpadding=\"0\" cellspacing=\"0\">\n<tbody>\n<tr>\n<td><a href=\"http:\/\/2.bp.blogspot.com\/-mRxyYuawtb0\/T9YYgXPBMDI\/AAAAAAAAAOc\/yTvg0XRIik0\/s1600\/the_avengers__1_.jpg\"><img loading=\"lazy\" decoding=\"async\" border=\"0\" height=\"287\" src=\"http:\/\/2.bp.blogspot.com\/-mRxyYuawtb0\/T9YYgXPBMDI\/AAAAAAAAAOc\/yTvg0XRIik0\/s400\/the_avengers__1_.jpg\" width=\"400\"><\/a><\/td>\n<\/tr>\n<tr>\n<td>\u00c4r det s\u00e5 h\u00e4r kristna ser p\u00e5 sig sj\u00e4lva?<\/td>\n<\/tr>\n<\/tbody>\n<\/table>\n<p>Kristna tror att de \u00e4r b\u00e4ttre \u00e4n andra. Jag har f\u00f6rst\u00e5tt att det h\u00e4r \u00e4r en vanlig bild av kristna. Till exempel <a href=\"http:\/\/vagenixp.blogspot.se\/2013\/01\/sen-reaktion-pa-marcus-borg-i-svd.html\">n\u00e4mner Marcus Borg den<\/a> i den artikel jag kommenterade nyligen. S\u00e4kert minns du som \u00e4r trogen l\u00e4sare av bloggen ocks\u00e5 mitt inl\u00e4gg &#8221;kristna \u00c4R b\u00e4ttre m\u00e4nniskor&#8221;, l\u00e4s det g\u00e4rna men jag hoppas det framg\u00e5r att jag inte menar i j\u00e4mf\u00f6relse med andra.<\/p>\n<table align=\"center\" cellpadding=\"0\" cellspacing=\"0\">\n<tbody>\n<tr>\n<td><a href=\"http:\/\/3.bp.blogspot.com\/-35CxZQ67j1Y\/UQ9gNOQKfqI\/AAAAAAAACHI\/B48isUrk2Qs\/s1600\/kristna+tror+de+a%CC%88r+ba%CC%88ttre.jpg\"><img loading=\"lazy\" decoding=\"async\" border=\"0\" height=\"105\" src=\"http:\/\/3.bp.blogspot.com\/-35CxZQ67j1Y\/UQ9gNOQKfqI\/AAAAAAAACHI\/B48isUrk2Qs\/s400\/kristna+tror+de+a%CC%88r+ba%CC%88ttre.jpg\" width=\"400\"><\/a><\/td>\n<\/tr>\n<tr>\n<td>Hu s\u00e5 illa!<\/td>\n<\/tr>\n<\/tbody>\n<\/table>\n<p>I den h\u00e4r serien med saker &#8221;alla vet&#8221; kommer man inte ifr\u00e5n att det faktiskt ofta ligger n\u00e5got i f\u00f6rdomarna. Visst finns det kristna som f\u00f6rnekar naturvetenskapen. Det finns s\u00e4kert \u00e4nnu fler kristna som \u00e4r el\u00e4ndiga att ha att g\u00f6ra med och som ser sig som \u00f6verl\u00e4gsna andra. Det \u00e4r ju tyv\u00e4rr ocks\u00e5 en m\u00e4nsklig svaghet som brukar sticka upp nyllet d\u00e4r vi b\u00f6rjar dela upp oss i &#8221;vi&#8221; och &#8221;dom&#8221;.<\/p>\n<p>Egentligen finns det ingen kristen som har orsak att sl\u00e5 sig f\u00f6r br\u00f6stet. Det skriver redan Paulus. Han kan inte ber\u00f6mma sig \u00f6ver n\u00e5got, i s\u00e5 fall inneb\u00e4r det bara att han inte insett vidden av sin egen synd. \u00c5 andra sidan kanske den som kommit till insikt om sin egen ofullkomlighet och m\u00f6tt en Gud som \u00e4lskar \u00e4nd\u00e5 kan v\u00e5ga kasta lite sten \u00e4ven i glashuset? I alla fall f\u00f6rutsatt att han eller hon ocks\u00e5 v\u00e4nder udden mot sig sj\u00e4lv?<\/p>\n<p>Slutligen. Kan det \u00e4nd\u00e5 inte ocks\u00e5 vara s\u00e5 att en del m\u00e4nniskor omedvetet (eller medvetet) vidmakth\u00e5ller sin f\u00f6rest\u00e4llning om kristna som dryga och d\u00f6mande f\u00f6r att slippa lyssna p\u00e5 det kristna budskapet? Att det ibland handlar om en olustk\u00e4nsla inf\u00f6r m\u00e4nniskor som s\u00e4ger sig ha funnit n\u00e5got man inte sj\u00e4lv har, rent oavsett om de \u00e4r otrevliga eller inte?<\/p>\n","protected":false},"excerpt":{"rendered":"<p>\u00c4r det s\u00e5 h\u00e4r kristna ser p\u00e5 sig sj\u00e4lva? Kristna tror att de \u00e4r b\u00e4ttre \u00e4n andra. Jag har f\u00f6rst\u00e5tt att det h\u00e4r \u00e4r en vanlig bild av kristna. Till exempel n\u00e4mner Marcus Borg den i den artikel jag kommenterade nyligen. S\u00e4kert minns du som \u00e4r trogen l\u00e4sare av bloggen ocks\u00e5 mitt inl\u00e4gg &#8221;kristna \u00c4R [&hellip;]<\/p>\n","protected":false},"author":392,"featured_media":0,"comment_status":"open","ping_status":"open","sticky":false,"template":"","format":"standard","meta":{"_acf_changed":false,"footnotes":""},"categories":[117],"tags":[],"class_list":["post-729","post","type-post","status-publish","format-standard","hentry","category-teologi"],"acf":[],"yoast_head":"<!-- This site is optimized with the Yoast SEO plugin v27.1.1 - https:\/\/yoast.com\/product\/yoast-seo-wordpress\/ -->\n<title>Saker &quot;alla vet&quot; om kristen tro V; Kristna tror att de \u00e4r b\u00e4ttre \u00e4n andra - Vandra V\u00e4gen<\/title>\n<meta name=\"robots\" content=\"index, follow, max-snippet:-1, max-image-preview:large, max-video-preview:-1\" \/>\n<link rel=\"canonical\" href=\"https:\/\/blogg.svenskakyrkan.se\/vandravagen\/2013\/02\/04\/saker-alla-vet-om-kristen-tro-v-kristna-tror-att-de-ar-battre-an-andra\/\" \/>\n<meta property=\"og:locale\" content=\"sv_SE\" \/>\n<meta property=\"og:type\" content=\"article\" \/>\n<meta property=\"og:title\" content=\"Saker &quot;alla vet&quot; om kristen tro V; Kristna tror att de \u00e4r b\u00e4ttre \u00e4n andra - Vandra V\u00e4gen\" \/>\n<meta property=\"og:description\" content=\"\u00c4r det s\u00e5 h\u00e4r kristna ser p\u00e5 sig sj\u00e4lva? Kristna tror att de \u00e4r b\u00e4ttre \u00e4n andra. Jag har f\u00f6rst\u00e5tt att det h\u00e4r \u00e4r en vanlig bild av kristna. Till exempel n\u00e4mner Marcus Borg den i den artikel jag kommenterade nyligen. S\u00e4kert minns du som \u00e4r trogen l\u00e4sare av bloggen ocks\u00e5 mitt inl\u00e4gg &#8221;kristna \u00c4R [&hellip;]\" \/>\n<meta property=\"og:url\" content=\"https:\/\/blogg.svenskakyrkan.se\/vandravagen\/2013\/02\/04\/saker-alla-vet-om-kristen-tro-v-kristna-tror-att-de-ar-battre-an-andra\/\" \/>\n<meta property=\"og:site_name\" content=\"Vandra V\u00e4gen\" \/>\n<meta property=\"article:publisher\" content=\"http:\/\/facebook.com\/vandravagen\" \/>\n<meta property=\"article:published_time\" content=\"2013-02-04T08:18:00+00:00\" \/>\n<meta property=\"og:image\" content=\"http:\/\/2.bp.blogspot.com\/-mRxyYuawtb0\/T9YYgXPBMDI\/AAAAAAAAAOc\/yTvg0XRIik0\/s400\/the_avengers__1_.jpg\" \/>\n<meta name=\"author\" content=\"Tomas Jarvid\" \/>\n<meta name=\"twitter:card\" content=\"summary_large_image\" \/>\n<meta name=\"twitter:creator\" content=\"@fadertomas\" \/>\n<meta name=\"twitter:site\" content=\"@fadertomas\" \/>\n<meta name=\"twitter:label1\" content=\"Skriven av\" \/>\n\t<meta name=\"twitter:data1\" content=\"Tomas Jarvid\" \/>\n\t<meta name=\"twitter:label2\" content=\"Ber\u00e4knad l\u00e4stid\" \/>\n\t<meta name=\"twitter:data2\" content=\"2 minuter\" \/>\n<script type=\"application\/ld+json\" class=\"yoast-schema-graph\">{\"@context\":\"https:\/\/schema.org\",\"@graph\":[{\"@type\":\"Article\",\"@id\":\"https:\/\/blogg.svenskakyrkan.se\/vandravagen\/2013\/02\/04\/saker-alla-vet-om-kristen-tro-v-kristna-tror-att-de-ar-battre-an-andra\/#article\",\"isPartOf\":{\"@id\":\"https:\/\/blogg.svenskakyrkan.se\/vandravagen\/2013\/02\/04\/saker-alla-vet-om-kristen-tro-v-kristna-tror-att-de-ar-battre-an-andra\/\"},\"author\":{\"name\":\"Tomas Jarvid\",\"@id\":\"https:\/\/blogg.svenskakyrkan.se\/vandravagen\/#\/schema\/person\/25da02d4f76b137d04291711e2c9fc16\"},\"headline\":\"Saker &quot;alla vet&quot; om kristen tro V; Kristna tror att de \u00e4r b\u00e4ttre \u00e4n andra\",\"datePublished\":\"2013-02-04T08:18:00+00:00\",\"mainEntityOfPage\":{\"@id\":\"https:\/\/blogg.svenskakyrkan.se\/vandravagen\/2013\/02\/04\/saker-alla-vet-om-kristen-tro-v-kristna-tror-att-de-ar-battre-an-andra\/\"},\"wordCount\":356,\"commentCount\":0,\"publisher\":{\"@id\":\"https:\/\/blogg.svenskakyrkan.se\/vandravagen\/#organization\"},\"image\":{\"@id\":\"https:\/\/blogg.svenskakyrkan.se\/vandravagen\/2013\/02\/04\/saker-alla-vet-om-kristen-tro-v-kristna-tror-att-de-ar-battre-an-andra\/#primaryimage\"},\"thumbnailUrl\":\"http:\/\/2.bp.blogspot.com\/-mRxyYuawtb0\/T9YYgXPBMDI\/AAAAAAAAAOc\/yTvg0XRIik0\/s400\/the_avengers__1_.jpg\",\"articleSection\":[\"Teologi\"],\"inLanguage\":\"sv-SE\",\"potentialAction\":[{\"@type\":\"CommentAction\",\"name\":\"Comment\",\"target\":[\"https:\/\/blogg.svenskakyrkan.se\/vandravagen\/2013\/02\/04\/saker-alla-vet-om-kristen-tro-v-kristna-tror-att-de-ar-battre-an-andra\/#respond\"]}]},{\"@type\":\"WebPage\",\"@id\":\"https:\/\/blogg.svenskakyrkan.se\/vandravagen\/2013\/02\/04\/saker-alla-vet-om-kristen-tro-v-kristna-tror-att-de-ar-battre-an-andra\/\",\"url\":\"https:\/\/blogg.svenskakyrkan.se\/vandravagen\/2013\/02\/04\/saker-alla-vet-om-kristen-tro-v-kristna-tror-att-de-ar-battre-an-andra\/\",\"name\":\"Saker &quot;alla vet&quot; om kristen tro V; Kristna tror att de \u00e4r b\u00e4ttre \u00e4n andra - Vandra V\u00e4gen\",\"isPartOf\":{\"@id\":\"https:\/\/blogg.svenskakyrkan.se\/vandravagen\/#website\"},\"primaryImageOfPage\":{\"@id\":\"https:\/\/blogg.svenskakyrkan.se\/vandravagen\/2013\/02\/04\/saker-alla-vet-om-kristen-tro-v-kristna-tror-att-de-ar-battre-an-andra\/#primaryimage\"},\"image\":{\"@id\":\"https:\/\/blogg.svenskakyrkan.se\/vandravagen\/2013\/02\/04\/saker-alla-vet-om-kristen-tro-v-kristna-tror-att-de-ar-battre-an-andra\/#primaryimage\"},\"thumbnailUrl\":\"http:\/\/2.bp.blogspot.com\/-mRxyYuawtb0\/T9YYgXPBMDI\/AAAAAAAAAOc\/yTvg0XRIik0\/s400\/the_avengers__1_.jpg\",\"datePublished\":\"2013-02-04T08:18:00+00:00\",\"breadcrumb\":{\"@id\":\"https:\/\/blogg.svenskakyrkan.se\/vandravagen\/2013\/02\/04\/saker-alla-vet-om-kristen-tro-v-kristna-tror-att-de-ar-battre-an-andra\/#breadcrumb\"},\"inLanguage\":\"sv-SE\",\"potentialAction\":[{\"@type\":\"ReadAction\",\"target\":[\"https:\/\/blogg.svenskakyrkan.se\/vandravagen\/2013\/02\/04\/saker-alla-vet-om-kristen-tro-v-kristna-tror-att-de-ar-battre-an-andra\/\"]}]},{\"@type\":\"ImageObject\",\"inLanguage\":\"sv-SE\",\"@id\":\"https:\/\/blogg.svenskakyrkan.se\/vandravagen\/2013\/02\/04\/saker-alla-vet-om-kristen-tro-v-kristna-tror-att-de-ar-battre-an-andra\/#primaryimage\",\"url\":\"http:\/\/2.bp.blogspot.com\/-mRxyYuawtb0\/T9YYgXPBMDI\/AAAAAAAAAOc\/yTvg0XRIik0\/s400\/the_avengers__1_.jpg\",\"contentUrl\":\"http:\/\/2.bp.blogspot.com\/-mRxyYuawtb0\/T9YYgXPBMDI\/AAAAAAAAAOc\/yTvg0XRIik0\/s400\/the_avengers__1_.jpg\"},{\"@type\":\"BreadcrumbList\",\"@id\":\"https:\/\/blogg.svenskakyrkan.se\/vandravagen\/2013\/02\/04\/saker-alla-vet-om-kristen-tro-v-kristna-tror-att-de-ar-battre-an-andra\/#breadcrumb\",\"itemListElement\":[{\"@type\":\"ListItem\",\"position\":1,\"name\":\"Hem\",\"item\":\"https:\/\/blogg.svenskakyrkan.se\/vandravagen\/\"},{\"@type\":\"ListItem\",\"position\":2,\"name\":\"Saker &quot;alla vet&quot; om kristen tro V; Kristna tror att de \u00e4r b\u00e4ttre \u00e4n andra\"}]},{\"@type\":\"WebSite\",\"@id\":\"https:\/\/blogg.svenskakyrkan.se\/vandravagen\/#website\",\"url\":\"https:\/\/blogg.svenskakyrkan.se\/vandravagen\/\",\"name\":\"Vandra V\u00e4gen\",\"description\":\"-Mot en tro f\u00f6r hela livet\",\"publisher\":{\"@id\":\"https:\/\/blogg.svenskakyrkan.se\/vandravagen\/#organization\"},\"potentialAction\":[{\"@type\":\"SearchAction\",\"target\":{\"@type\":\"EntryPoint\",\"urlTemplate\":\"https:\/\/blogg.svenskakyrkan.se\/vandravagen\/?s={search_term_string}\"},\"query-input\":{\"@type\":\"PropertyValueSpecification\",\"valueRequired\":true,\"valueName\":\"search_term_string\"}}],\"inLanguage\":\"sv-SE\"},{\"@type\":\"Organization\",\"@id\":\"https:\/\/blogg.svenskakyrkan.se\/vandravagen\/#organization\",\"name\":\"ulricehamns pastorat\",\"alternateName\":\"ulricehamns pastorat\",\"url\":\"https:\/\/blogg.svenskakyrkan.se\/vandravagen\/\",\"logo\":{\"@type\":\"ImageObject\",\"inLanguage\":\"sv-SE\",\"@id\":\"https:\/\/blogg.svenskakyrkan.se\/vandravagen\/#\/schema\/logo\/image\/\",\"url\":\"https:\/\/blogg.svenskakyrkan.se\/vandravagen\/files\/2023\/05\/Ulr_logo_RGB.png\",\"contentUrl\":\"https:\/\/blogg.svenskakyrkan.se\/vandravagen\/files\/2023\/05\/Ulr_logo_RGB.png\",\"width\":205,\"height\":77,\"caption\":\"ulricehamns pastorat\"},\"image\":{\"@id\":\"https:\/\/blogg.svenskakyrkan.se\/vandravagen\/#\/schema\/logo\/image\/\"},\"sameAs\":[\"http:\/\/facebook.com\/vandravagen\",\"https:\/\/x.com\/fadertomas\",\"http:\/\/www.facebook.com\/svenskakyrkaniulricehamn\"]},{\"@type\":\"Person\",\"@id\":\"https:\/\/blogg.svenskakyrkan.se\/vandravagen\/#\/schema\/person\/25da02d4f76b137d04291711e2c9fc16\",\"name\":\"Tomas Jarvid\",\"image\":{\"@type\":\"ImageObject\",\"inLanguage\":\"sv-SE\",\"@id\":\"https:\/\/blogg.svenskakyrkan.se\/vandravagen\/#\/schema\/person\/image\/\",\"url\":\"https:\/\/secure.gravatar.com\/avatar\/7fa71899795e8f540f615a1f5ab25255dc27aa40f05ee7ddd21aac521e01bf50?s=96&d=identicon&r=g\",\"contentUrl\":\"https:\/\/secure.gravatar.com\/avatar\/7fa71899795e8f540f615a1f5ab25255dc27aa40f05ee7ddd21aac521e01bf50?s=96&d=identicon&r=g\",\"caption\":\"Tomas Jarvid\"},\"description\":\"Jag bor i Ulricehamn i V\u00e4sterg\u00f6tland och \u00e4r f\u00f6rsamlingspr\u00e4st i Svenska Kyrkan f\u00f6r Dalstorps f\u00f6rsamling i Kinds pastorat. P\u00e5 den h\u00e4r bloggen skriver jag ner tankar om vandringen som kristen.\",\"sameAs\":[\"http:\/\/www.vandravagen.se\"],\"url\":\"https:\/\/blogg.svenskakyrkan.se\/vandravagen\/author\/vandravagen\/\"}]}<\/script>\n<!-- \/ Yoast SEO plugin. -->","yoast_head_json":{"title":"Saker &quot;alla vet&quot; om kristen tro V; Kristna tror att de \u00e4r b\u00e4ttre \u00e4n andra - Vandra V\u00e4gen","robots":{"index":"index","follow":"follow","max-snippet":"max-snippet:-1","max-image-preview":"max-image-preview:large","max-video-preview":"max-video-preview:-1"},"canonical":"https:\/\/blogg.svenskakyrkan.se\/vandravagen\/2013\/02\/04\/saker-alla-vet-om-kristen-tro-v-kristna-tror-att-de-ar-battre-an-andra\/","og_locale":"sv_SE","og_type":"article","og_title":"Saker &quot;alla vet&quot; om kristen tro V; Kristna tror att de \u00e4r b\u00e4ttre \u00e4n andra - Vandra V\u00e4gen","og_description":"\u00c4r det s\u00e5 h\u00e4r kristna ser p\u00e5 sig sj\u00e4lva? Kristna tror att de \u00e4r b\u00e4ttre \u00e4n andra. Jag har f\u00f6rst\u00e5tt att det h\u00e4r \u00e4r en vanlig bild av kristna. Till exempel n\u00e4mner Marcus Borg den i den artikel jag kommenterade nyligen. S\u00e4kert minns du som \u00e4r trogen l\u00e4sare av bloggen ocks\u00e5 mitt inl\u00e4gg &#8221;kristna \u00c4R [&hellip;]","og_url":"https:\/\/blogg.svenskakyrkan.se\/vandravagen\/2013\/02\/04\/saker-alla-vet-om-kristen-tro-v-kristna-tror-att-de-ar-battre-an-andra\/","og_site_name":"Vandra V\u00e4gen","article_publisher":"http:\/\/facebook.com\/vandravagen","article_published_time":"2013-02-04T08:18:00+00:00","og_image":[{"url":"http:\/\/2.bp.blogspot.com\/-mRxyYuawtb0\/T9YYgXPBMDI\/AAAAAAAAAOc\/yTvg0XRIik0\/s400\/the_avengers__1_.jpg","type":"","width":"","height":""}],"author":"Tomas Jarvid","twitter_card":"summary_large_image","twitter_creator":"@fadertomas","twitter_site":"@fadertomas","twitter_misc":{"Skriven av":"Tomas Jarvid","Ber\u00e4knad l\u00e4stid":"2 minuter"},"schema":{"@context":"https:\/\/schema.org","@graph":[{"@type":"Article","@id":"https:\/\/blogg.svenskakyrkan.se\/vandravagen\/2013\/02\/04\/saker-alla-vet-om-kristen-tro-v-kristna-tror-att-de-ar-battre-an-andra\/#article","isPartOf":{"@id":"https:\/\/blogg.svenskakyrkan.se\/vandravagen\/2013\/02\/04\/saker-alla-vet-om-kristen-tro-v-kristna-tror-att-de-ar-battre-an-andra\/"},"author":{"name":"Tomas Jarvid","@id":"https:\/\/blogg.svenskakyrkan.se\/vandravagen\/#\/schema\/person\/25da02d4f76b137d04291711e2c9fc16"},"headline":"Saker &quot;alla vet&quot; om kristen tro V; Kristna tror att de \u00e4r b\u00e4ttre \u00e4n andra","datePublished":"2013-02-04T08:18:00+00:00","mainEntityOfPage":{"@id":"https:\/\/blogg.svenskakyrkan.se\/vandravagen\/2013\/02\/04\/saker-alla-vet-om-kristen-tro-v-kristna-tror-att-de-ar-battre-an-andra\/"},"wordCount":356,"commentCount":0,"publisher":{"@id":"https:\/\/blogg.svenskakyrkan.se\/vandravagen\/#organization"},"image":{"@id":"https:\/\/blogg.svenskakyrkan.se\/vandravagen\/2013\/02\/04\/saker-alla-vet-om-kristen-tro-v-kristna-tror-att-de-ar-battre-an-andra\/#primaryimage"},"thumbnailUrl":"http:\/\/2.bp.blogspot.com\/-mRxyYuawtb0\/T9YYgXPBMDI\/AAAAAAAAAOc\/yTvg0XRIik0\/s400\/the_avengers__1_.jpg","articleSection":["Teologi"],"inLanguage":"sv-SE","potentialAction":[{"@type":"CommentAction","name":"Comment","target":["https:\/\/blogg.svenskakyrkan.se\/vandravagen\/2013\/02\/04\/saker-alla-vet-om-kristen-tro-v-kristna-tror-att-de-ar-battre-an-andra\/#respond"]}]},{"@type":"WebPage","@id":"https:\/\/blogg.svenskakyrkan.se\/vandravagen\/2013\/02\/04\/saker-alla-vet-om-kristen-tro-v-kristna-tror-att-de-ar-battre-an-andra\/","url":"https:\/\/blogg.svenskakyrkan.se\/vandravagen\/2013\/02\/04\/saker-alla-vet-om-kristen-tro-v-kristna-tror-att-de-ar-battre-an-andra\/","name":"Saker &quot;alla vet&quot; om kristen tro V; Kristna tror att de \u00e4r b\u00e4ttre \u00e4n andra - Vandra V\u00e4gen","isPartOf":{"@id":"https:\/\/blogg.svenskakyrkan.se\/vandravagen\/#website"},"primaryImageOfPage":{"@id":"https:\/\/blogg.svenskakyrkan.se\/vandravagen\/2013\/02\/04\/saker-alla-vet-om-kristen-tro-v-kristna-tror-att-de-ar-battre-an-andra\/#primaryimage"},"image":{"@id":"https:\/\/blogg.svenskakyrkan.se\/vandravagen\/2013\/02\/04\/saker-alla-vet-om-kristen-tro-v-kristna-tror-att-de-ar-battre-an-andra\/#primaryimage"},"thumbnailUrl":"http:\/\/2.bp.blogspot.com\/-mRxyYuawtb0\/T9YYgXPBMDI\/AAAAAAAAAOc\/yTvg0XRIik0\/s400\/the_avengers__1_.jpg","datePublished":"2013-02-04T08:18:00+00:00","breadcrumb":{"@id":"https:\/\/blogg.svenskakyrkan.se\/vandravagen\/2013\/02\/04\/saker-alla-vet-om-kristen-tro-v-kristna-tror-att-de-ar-battre-an-andra\/#breadcrumb"},"inLanguage":"sv-SE","potentialAction":[{"@type":"ReadAction","target":["https:\/\/blogg.svenskakyrkan.se\/vandravagen\/2013\/02\/04\/saker-alla-vet-om-kristen-tro-v-kristna-tror-att-de-ar-battre-an-andra\/"]}]},{"@type":"ImageObject","inLanguage":"sv-SE","@id":"https:\/\/blogg.svenskakyrkan.se\/vandravagen\/2013\/02\/04\/saker-alla-vet-om-kristen-tro-v-kristna-tror-att-de-ar-battre-an-andra\/#primaryimage","url":"http:\/\/2.bp.blogspot.com\/-mRxyYuawtb0\/T9YYgXPBMDI\/AAAAAAAAAOc\/yTvg0XRIik0\/s400\/the_avengers__1_.jpg","contentUrl":"http:\/\/2.bp.blogspot.com\/-mRxyYuawtb0\/T9YYgXPBMDI\/AAAAAAAAAOc\/yTvg0XRIik0\/s400\/the_avengers__1_.jpg"},{"@type":"BreadcrumbList","@id":"https:\/\/blogg.svenskakyrkan.se\/vandravagen\/2013\/02\/04\/saker-alla-vet-om-kristen-tro-v-kristna-tror-att-de-ar-battre-an-andra\/#breadcrumb","itemListElement":[{"@type":"ListItem","position":1,"name":"Hem","item":"https:\/\/blogg.svenskakyrkan.se\/vandravagen\/"},{"@type":"ListItem","position":2,"name":"Saker &quot;alla vet&quot; om kristen tro V; Kristna tror att de \u00e4r b\u00e4ttre \u00e4n andra"}]},{"@type":"WebSite","@id":"https:\/\/blogg.svenskakyrkan.se\/vandravagen\/#website","url":"https:\/\/blogg.svenskakyrkan.se\/vandravagen\/","name":"Vandra V\u00e4gen","description":"-Mot en tro f\u00f6r hela livet","publisher":{"@id":"https:\/\/blogg.svenskakyrkan.se\/vandravagen\/#organization"},"potentialAction":[{"@type":"SearchAction","target":{"@type":"EntryPoint","urlTemplate":"https:\/\/blogg.svenskakyrkan.se\/vandravagen\/?s={search_term_string}"},"query-input":{"@type":"PropertyValueSpecification","valueRequired":true,"valueName":"search_term_string"}}],"inLanguage":"sv-SE"},{"@type":"Organization","@id":"https:\/\/blogg.svenskakyrkan.se\/vandravagen\/#organization","name":"ulricehamns pastorat","alternateName":"ulricehamns pastorat","url":"https:\/\/blogg.svenskakyrkan.se\/vandravagen\/","logo":{"@type":"ImageObject","inLanguage":"sv-SE","@id":"https:\/\/blogg.svenskakyrkan.se\/vandravagen\/#\/schema\/logo\/image\/","url":"https:\/\/blogg.svenskakyrkan.se\/vandravagen\/files\/2023\/05\/Ulr_logo_RGB.png","contentUrl":"https:\/\/blogg.svenskakyrkan.se\/vandravagen\/files\/2023\/05\/Ulr_logo_RGB.png","width":205,"height":77,"caption":"ulricehamns pastorat"},"image":{"@id":"https:\/\/blogg.svenskakyrkan.se\/vandravagen\/#\/schema\/logo\/image\/"},"sameAs":["http:\/\/facebook.com\/vandravagen","https:\/\/x.com\/fadertomas","http:\/\/www.facebook.com\/svenskakyrkaniulricehamn"]},{"@type":"Person","@id":"https:\/\/blogg.svenskakyrkan.se\/vandravagen\/#\/schema\/person\/25da02d4f76b137d04291711e2c9fc16","name":"Tomas Jarvid","image":{"@type":"ImageObject","inLanguage":"sv-SE","@id":"https:\/\/blogg.svenskakyrkan.se\/vandravagen\/#\/schema\/person\/image\/","url":"https:\/\/secure.gravatar.com\/avatar\/7fa71899795e8f540f615a1f5ab25255dc27aa40f05ee7ddd21aac521e01bf50?s=96&d=identicon&r=g","contentUrl":"https:\/\/secure.gravatar.com\/avatar\/7fa71899795e8f540f615a1f5ab25255dc27aa40f05ee7ddd21aac521e01bf50?s=96&d=identicon&r=g","caption":"Tomas Jarvid"},"description":"Jag bor i Ulricehamn i V\u00e4sterg\u00f6tland och \u00e4r f\u00f6rsamlingspr\u00e4st i Svenska Kyrkan f\u00f6r Dalstorps f\u00f6rsamling i Kinds pastorat. P\u00e5 den h\u00e4r bloggen skriver jag ner tankar om vandringen som kristen.","sameAs":["http:\/\/www.vandravagen.se"],"url":"https:\/\/blogg.svenskakyrkan.se\/vandravagen\/author\/vandravagen\/"}]}},"author_meta":{"ID":"392","user_nicename":"vandravagen","user_url":"http:\/\/www.vandravagen.se","user_registered":"2014-05-19 05:44:52","display_name":"Tomas Jarvid","first_name":"Tomas","last_name":"Jarvid","avatar":"https:\/\/secure.gravatar.com\/avatar\/7fa71899795e8f540f615a1f5ab25255dc27aa40f05ee7ddd21aac521e01bf50?s=96&d=identicon&r=g"},"featured_image":false,"bloginfo":{"name":"Vandra V\u00e4gen","url":"https:\/\/blogg.svenskakyrkan.se\/vandravagen"},"_links":{"self":[{"href":"https:\/\/blogg.svenskakyrkan.se\/vandravagen\/wp-json\/wp\/v2\/posts\/729","targetHints":{"allow":["GET"]}}],"collection":[{"href":"https:\/\/blogg.svenskakyrkan.se\/vandravagen\/wp-json\/wp\/v2\/posts"}],"about":[{"href":"https:\/\/blogg.svenskakyrkan.se\/vandravagen\/wp-json\/wp\/v2\/types\/post"}],"author":[{"embeddable":true,"href":"https:\/\/blogg.svenskakyrkan.se\/vandravagen\/wp-json\/wp\/v2\/users\/392"}],"replies":[{"embeddable":true,"href":"https:\/\/blogg.svenskakyrkan.se\/vandravagen\/wp-json\/wp\/v2\/comments?post=729"}],"version-history":[{"count":0,"href":"https:\/\/blogg.svenskakyrkan.se\/vandravagen\/wp-json\/wp\/v2\/posts\/729\/revisions"}],"wp:attachment":[{"href":"https:\/\/blogg.svenskakyrkan.se\/vandravagen\/wp-json\/wp\/v2\/media?parent=729"}],"wp:term":[{"taxonomy":"category","embeddable":true,"href":"https:\/\/blogg.svenskakyrkan.se\/vandravagen\/wp-json\/wp\/v2\/categories?post=729"},{"taxonomy":"post_tag","embeddable":true,"href":"https:\/\/blogg.svenskakyrkan.se\/vandravagen\/wp-json\/wp\/v2\/tags?post=729"}],"curies":[{"name":"wp","href":"https:\/\/api.w.org\/{rel}","templated":true}]}}