{"id":7290,"date":"2019-07-14T07:00:07","date_gmt":"2019-07-14T05:00:07","guid":{"rendered":"http:\/\/blogg.svenskakyrkan.se\/vandravagen\/?p=7290"},"modified":"2019-07-13T23:07:52","modified_gmt":"2019-07-13T21:07:52","slug":"10-blandade-tankar-pa-sondagen-46","status":"publish","type":"post","link":"https:\/\/blogg.svenskakyrkan.se\/vandravagen\/2019\/07\/14\/10-blandade-tankar-pa-sondagen-46\/","title":{"rendered":"10 blandade tankar p\u00e5 s\u00f6ndagen"},"content":{"rendered":"<ol>\n<li>Glad s\u00f6ndag k\u00e4ra l\u00e4sare!<\/li>\n<\/ol>\n<p>2. Idag ska jag iv\u00e4g och leda tre gudstj\u00e4nster: m\u00e4ssa 9 i Hulared, gudstj\u00e4nst 11 i Nittorp och sedan gudstj\u00e4nst 18 i L\u00e4nghem p\u00e5 kv\u00e4llen. V\u00e4lkommen dit s\u00e5 ses vi!<\/p>\n<p>3. Dagens tema \u00e4r &#8221;att inte d\u00f6ma&#8221; och det \u00e4r ju v\u00e4rt att t\u00e4nka p\u00e5 m\u00e5nga g\u00e5nger om. Det finns m\u00e5nga s\u00e5na h\u00e4r ganska f\u00f6rmanande teman p\u00e5 sommarens och h\u00f6stens s\u00f6ndagar och d\u00e5 tycker jag det \u00e4r viktigt att p\u00e5minna sig bakgrunden, vi ska inte d\u00f6ma eftersom Jesus f\u00f6rst har f\u00f6rdragit och f\u00f6rl\u00e5tit och \u00e4lskat oss.<\/p>\n<p>4. Predikan idag \u00e4r n\u00e5got av en favorit i repris, den kan rentav ha f\u00f6rekommit i n\u00e5gon tappning h\u00e4r p\u00e5 bloggen men hur som helst kommer den v\u00e4l h\u00e4r igen i morgon.<\/p>\n<p>5. Lustigt \u00e4nd\u00e5 hur man minns. Jag minns att jag talat om att inte d\u00f6ma f\u00f6rsta g\u00e5ngen i en predikan i Hova kyrka under mitt adjunkts\u00e5r, sedan predikade jag ocks\u00e5 i Sk\u00e4lvum denna s\u00f6ndag en g\u00e5ng med Husaby-Ledsj\u00f6 kyrkok\u00f6r med i gudstj\u00e4nsten.<\/p>\n<p>6. Ig\u00e5r var en lite speciell dag f\u00f6r d\u00e5 h\u00f6ll jag f\u00f6rst i en dopgudstj\u00e4nst som b\u00f6rjade med en \u00f6verraskningsvigsel, f\u00f6ljt av ett trippeldop en stund senare. Sedan p\u00e5 kv\u00e4llen fick jag \u00e4ta v\u00e5fflor i Dannike i tj\u00e4nsten och vara med p\u00e5 en musikandakt vid helgsm\u00e5l.<\/p>\n<p>7. \u00d6verraskningsvigslar \u00e4r nog kul p\u00e5 sitt s\u00e4tt men jag blir v\u00e4ldigt nerv\u00f6s att r\u00e5ka r\u00f6ja n\u00e5got i f\u00f6rv\u00e4g s\u00e5 jag f\u00e5r dra en suck av l\u00e4ttnad n\u00e4r det g\u00e5tt i l\u00e5s. I det h\u00e4r fallet hade nog jag genomsk\u00e5dat att det var vigsel p\u00e5 g\u00e5ng men folk i allm\u00e4nhet hamnar ju p\u00e5 f\u00e4rre s\u00e5na tillst\u00e4llningar \u00e4n jag g\u00f6r s\u00e5 det verkar ha blivit en bra \u00f6verraskning.<\/p>\n<p>8. Jag ska jobba lite \u00e4ven n\u00e4sta vecka men p\u00e5 helgen ska jag bara agera kantor tillsammans med min fru. det \u00e4r alltid os\u00e4kert i f\u00f6rv\u00e4g hur mycket det finns att g\u00f6ra p\u00e5 sommaren i f\u00f6rsamlingsarbetet, just nu \u00e4r det \u00e4nd\u00e5 v\u00e4ldigt lugnt.<\/p>\n<p>9. S\u00e5 jag har till och med hunnit b\u00f6rja l\u00e4sa lite teologi de senaste dagarna. Jag ska \u00e5terkomma till boken n\u00e5gon g\u00e5ng snart.<\/p>\n<p>10. Vad g\u00f6r du denna s\u00f6ndag? Skriv en rad och ber\u00e4tta!<\/p>\n","protected":false},"excerpt":{"rendered":"<p>Glad s\u00f6ndag k\u00e4ra l\u00e4sare! 2. Idag ska jag iv\u00e4g och leda tre gudstj\u00e4nster: m\u00e4ssa 9 i Hulared, gudstj\u00e4nst 11 i Nittorp och sedan gudstj\u00e4nst 18 i L\u00e4nghem p\u00e5 kv\u00e4llen. V\u00e4lkommen dit s\u00e5 ses vi! 3. Dagens tema \u00e4r &#8221;att inte d\u00f6ma&#8221; och det \u00e4r ju v\u00e4rt att t\u00e4nka p\u00e5 m\u00e5nga g\u00e5nger om. Det finns m\u00e5nga [&hellip;]<\/p>\n","protected":false},"author":392,"featured_media":7291,"comment_status":"open","ping_status":"open","sticky":false,"template":"","format":"standard","meta":{"_acf_changed":false,"footnotes":""},"categories":[76766],"tags":[],"class_list":["post-7290","post","type-post","status-publish","format-standard","has-post-thumbnail","hentry","category-blandat"],"acf":[],"yoast_head":"<!-- This site is optimized with the Yoast SEO plugin v27.1.1 - https:\/\/yoast.com\/product\/yoast-seo-wordpress\/ -->\n<title>10 blandade tankar p\u00e5 s\u00f6ndagen - Vandra V\u00e4gen<\/title>\n<meta name=\"robots\" content=\"index, follow, max-snippet:-1, max-image-preview:large, max-video-preview:-1\" \/>\n<link rel=\"canonical\" href=\"https:\/\/blogg.svenskakyrkan.se\/vandravagen\/2019\/07\/14\/10-blandade-tankar-pa-sondagen-46\/\" \/>\n<meta property=\"og:locale\" content=\"sv_SE\" \/>\n<meta property=\"og:type\" content=\"article\" \/>\n<meta property=\"og:title\" content=\"10 blandade tankar p\u00e5 s\u00f6ndagen - Vandra V\u00e4gen\" \/>\n<meta property=\"og:description\" content=\"Glad s\u00f6ndag k\u00e4ra l\u00e4sare! 2. Idag ska jag iv\u00e4g och leda tre gudstj\u00e4nster: m\u00e4ssa 9 i Hulared, gudstj\u00e4nst 11 i Nittorp och sedan gudstj\u00e4nst 18 i L\u00e4nghem p\u00e5 kv\u00e4llen. V\u00e4lkommen dit s\u00e5 ses vi! 3. Dagens tema \u00e4r &#8221;att inte d\u00f6ma&#8221; och det \u00e4r ju v\u00e4rt att t\u00e4nka p\u00e5 m\u00e5nga g\u00e5nger om. Det finns m\u00e5nga [&hellip;]\" \/>\n<meta property=\"og:url\" content=\"https:\/\/blogg.svenskakyrkan.se\/vandravagen\/2019\/07\/14\/10-blandade-tankar-pa-sondagen-46\/\" \/>\n<meta property=\"og:site_name\" content=\"Vandra V\u00e4gen\" \/>\n<meta property=\"article:publisher\" content=\"http:\/\/facebook.com\/vandravagen\" \/>\n<meta property=\"article:published_time\" content=\"2019-07-14T05:00:07+00:00\" \/>\n<meta name=\"author\" content=\"Tomas Jarvid\" \/>\n<meta name=\"twitter:card\" content=\"summary_large_image\" \/>\n<meta name=\"twitter:creator\" content=\"@fadertomas\" \/>\n<meta name=\"twitter:site\" content=\"@fadertomas\" \/>\n<meta name=\"twitter:label1\" content=\"Skriven av\" \/>\n\t<meta name=\"twitter:data1\" content=\"Tomas Jarvid\" \/>\n\t<meta name=\"twitter:label2\" content=\"Ber\u00e4knad l\u00e4stid\" \/>\n\t<meta name=\"twitter:data2\" content=\"2 minuter\" \/>\n<script type=\"application\/ld+json\" class=\"yoast-schema-graph\">{\"@context\":\"https:\/\/schema.org\",\"@graph\":[{\"@type\":\"Article\",\"@id\":\"https:\/\/blogg.svenskakyrkan.se\/vandravagen\/2019\/07\/14\/10-blandade-tankar-pa-sondagen-46\/#article\",\"isPartOf\":{\"@id\":\"https:\/\/blogg.svenskakyrkan.se\/vandravagen\/2019\/07\/14\/10-blandade-tankar-pa-sondagen-46\/\"},\"author\":{\"name\":\"Tomas Jarvid\",\"@id\":\"https:\/\/blogg.svenskakyrkan.se\/vandravagen\/#\/schema\/person\/25da02d4f76b137d04291711e2c9fc16\"},\"headline\":\"10 blandade tankar p\u00e5 s\u00f6ndagen\",\"datePublished\":\"2019-07-14T05:00:07+00:00\",\"mainEntityOfPage\":{\"@id\":\"https:\/\/blogg.svenskakyrkan.se\/vandravagen\/2019\/07\/14\/10-blandade-tankar-pa-sondagen-46\/\"},\"wordCount\":436,\"commentCount\":2,\"publisher\":{\"@id\":\"https:\/\/blogg.svenskakyrkan.se\/vandravagen\/#organization\"},\"image\":{\"@id\":\"https:\/\/blogg.svenskakyrkan.se\/vandravagen\/2019\/07\/14\/10-blandade-tankar-pa-sondagen-46\/#primaryimage\"},\"thumbnailUrl\":\"https:\/\/blogg.svenskakyrkan.se\/vandravagen\/files\/2019\/07\/IMG_0088.jpg\",\"articleSection\":[\"blandat\"],\"inLanguage\":\"sv-SE\",\"potentialAction\":[{\"@type\":\"CommentAction\",\"name\":\"Comment\",\"target\":[\"https:\/\/blogg.svenskakyrkan.se\/vandravagen\/2019\/07\/14\/10-blandade-tankar-pa-sondagen-46\/#respond\"]}]},{\"@type\":\"WebPage\",\"@id\":\"https:\/\/blogg.svenskakyrkan.se\/vandravagen\/2019\/07\/14\/10-blandade-tankar-pa-sondagen-46\/\",\"url\":\"https:\/\/blogg.svenskakyrkan.se\/vandravagen\/2019\/07\/14\/10-blandade-tankar-pa-sondagen-46\/\",\"name\":\"10 blandade tankar p\u00e5 s\u00f6ndagen - Vandra V\u00e4gen\",\"isPartOf\":{\"@id\":\"https:\/\/blogg.svenskakyrkan.se\/vandravagen\/#website\"},\"primaryImageOfPage\":{\"@id\":\"https:\/\/blogg.svenskakyrkan.se\/vandravagen\/2019\/07\/14\/10-blandade-tankar-pa-sondagen-46\/#primaryimage\"},\"image\":{\"@id\":\"https:\/\/blogg.svenskakyrkan.se\/vandravagen\/2019\/07\/14\/10-blandade-tankar-pa-sondagen-46\/#primaryimage\"},\"thumbnailUrl\":\"https:\/\/blogg.svenskakyrkan.se\/vandravagen\/files\/2019\/07\/IMG_0088.jpg\",\"datePublished\":\"2019-07-14T05:00:07+00:00\",\"breadcrumb\":{\"@id\":\"https:\/\/blogg.svenskakyrkan.se\/vandravagen\/2019\/07\/14\/10-blandade-tankar-pa-sondagen-46\/#breadcrumb\"},\"inLanguage\":\"sv-SE\",\"potentialAction\":[{\"@type\":\"ReadAction\",\"target\":[\"https:\/\/blogg.svenskakyrkan.se\/vandravagen\/2019\/07\/14\/10-blandade-tankar-pa-sondagen-46\/\"]}]},{\"@type\":\"ImageObject\",\"inLanguage\":\"sv-SE\",\"@id\":\"https:\/\/blogg.svenskakyrkan.se\/vandravagen\/2019\/07\/14\/10-blandade-tankar-pa-sondagen-46\/#primaryimage\",\"url\":\"https:\/\/blogg.svenskakyrkan.se\/vandravagen\/files\/2019\/07\/IMG_0088.jpg\",\"contentUrl\":\"https:\/\/blogg.svenskakyrkan.se\/vandravagen\/files\/2019\/07\/IMG_0088.jpg\",\"width\":1024,\"height\":832,\"caption\":\"Miss America. Det d\u00e4r med att bed\u00f6ma ligger r\u00e4tt n\u00e4ra d\u00f6mandet egentligen?\"},{\"@type\":\"BreadcrumbList\",\"@id\":\"https:\/\/blogg.svenskakyrkan.se\/vandravagen\/2019\/07\/14\/10-blandade-tankar-pa-sondagen-46\/#breadcrumb\",\"itemListElement\":[{\"@type\":\"ListItem\",\"position\":1,\"name\":\"Hem\",\"item\":\"https:\/\/blogg.svenskakyrkan.se\/vandravagen\/\"},{\"@type\":\"ListItem\",\"position\":2,\"name\":\"10 blandade tankar p\u00e5 s\u00f6ndagen\"}]},{\"@type\":\"WebSite\",\"@id\":\"https:\/\/blogg.svenskakyrkan.se\/vandravagen\/#website\",\"url\":\"https:\/\/blogg.svenskakyrkan.se\/vandravagen\/\",\"name\":\"Vandra V\u00e4gen\",\"description\":\"-Mot en tro f\u00f6r hela livet\",\"publisher\":{\"@id\":\"https:\/\/blogg.svenskakyrkan.se\/vandravagen\/#organization\"},\"potentialAction\":[{\"@type\":\"SearchAction\",\"target\":{\"@type\":\"EntryPoint\",\"urlTemplate\":\"https:\/\/blogg.svenskakyrkan.se\/vandravagen\/?s={search_term_string}\"},\"query-input\":{\"@type\":\"PropertyValueSpecification\",\"valueRequired\":true,\"valueName\":\"search_term_string\"}}],\"inLanguage\":\"sv-SE\"},{\"@type\":\"Organization\",\"@id\":\"https:\/\/blogg.svenskakyrkan.se\/vandravagen\/#organization\",\"name\":\"ulricehamns pastorat\",\"alternateName\":\"ulricehamns pastorat\",\"url\":\"https:\/\/blogg.svenskakyrkan.se\/vandravagen\/\",\"logo\":{\"@type\":\"ImageObject\",\"inLanguage\":\"sv-SE\",\"@id\":\"https:\/\/blogg.svenskakyrkan.se\/vandravagen\/#\/schema\/logo\/image\/\",\"url\":\"https:\/\/blogg.svenskakyrkan.se\/vandravagen\/files\/2023\/05\/Ulr_logo_RGB.png\",\"contentUrl\":\"https:\/\/blogg.svenskakyrkan.se\/vandravagen\/files\/2023\/05\/Ulr_logo_RGB.png\",\"width\":205,\"height\":77,\"caption\":\"ulricehamns pastorat\"},\"image\":{\"@id\":\"https:\/\/blogg.svenskakyrkan.se\/vandravagen\/#\/schema\/logo\/image\/\"},\"sameAs\":[\"http:\/\/facebook.com\/vandravagen\",\"https:\/\/x.com\/fadertomas\",\"http:\/\/www.facebook.com\/svenskakyrkaniulricehamn\"]},{\"@type\":\"Person\",\"@id\":\"https:\/\/blogg.svenskakyrkan.se\/vandravagen\/#\/schema\/person\/25da02d4f76b137d04291711e2c9fc16\",\"name\":\"Tomas Jarvid\",\"image\":{\"@type\":\"ImageObject\",\"inLanguage\":\"sv-SE\",\"@id\":\"https:\/\/blogg.svenskakyrkan.se\/vandravagen\/#\/schema\/person\/image\/\",\"url\":\"https:\/\/secure.gravatar.com\/avatar\/7fa71899795e8f540f615a1f5ab25255dc27aa40f05ee7ddd21aac521e01bf50?s=96&d=identicon&r=g\",\"contentUrl\":\"https:\/\/secure.gravatar.com\/avatar\/7fa71899795e8f540f615a1f5ab25255dc27aa40f05ee7ddd21aac521e01bf50?s=96&d=identicon&r=g\",\"caption\":\"Tomas Jarvid\"},\"description\":\"Jag bor i Ulricehamn i V\u00e4sterg\u00f6tland och \u00e4r f\u00f6rsamlingspr\u00e4st i Svenska Kyrkan f\u00f6r Dalstorps f\u00f6rsamling i Kinds pastorat. P\u00e5 den h\u00e4r bloggen skriver jag ner tankar om vandringen som kristen.\",\"sameAs\":[\"http:\/\/www.vandravagen.se\"],\"url\":\"https:\/\/blogg.svenskakyrkan.se\/vandravagen\/author\/vandravagen\/\"}]}<\/script>\n<!-- \/ Yoast SEO plugin. -->","yoast_head_json":{"title":"10 blandade tankar p\u00e5 s\u00f6ndagen - Vandra V\u00e4gen","robots":{"index":"index","follow":"follow","max-snippet":"max-snippet:-1","max-image-preview":"max-image-preview:large","max-video-preview":"max-video-preview:-1"},"canonical":"https:\/\/blogg.svenskakyrkan.se\/vandravagen\/2019\/07\/14\/10-blandade-tankar-pa-sondagen-46\/","og_locale":"sv_SE","og_type":"article","og_title":"10 blandade tankar p\u00e5 s\u00f6ndagen - Vandra V\u00e4gen","og_description":"Glad s\u00f6ndag k\u00e4ra l\u00e4sare! 2. Idag ska jag iv\u00e4g och leda tre gudstj\u00e4nster: m\u00e4ssa 9 i Hulared, gudstj\u00e4nst 11 i Nittorp och sedan gudstj\u00e4nst 18 i L\u00e4nghem p\u00e5 kv\u00e4llen. V\u00e4lkommen dit s\u00e5 ses vi! 3. Dagens tema \u00e4r &#8221;att inte d\u00f6ma&#8221; och det \u00e4r ju v\u00e4rt att t\u00e4nka p\u00e5 m\u00e5nga g\u00e5nger om. Det finns m\u00e5nga [&hellip;]","og_url":"https:\/\/blogg.svenskakyrkan.se\/vandravagen\/2019\/07\/14\/10-blandade-tankar-pa-sondagen-46\/","og_site_name":"Vandra V\u00e4gen","article_publisher":"http:\/\/facebook.com\/vandravagen","article_published_time":"2019-07-14T05:00:07+00:00","author":"Tomas Jarvid","twitter_card":"summary_large_image","twitter_creator":"@fadertomas","twitter_site":"@fadertomas","twitter_misc":{"Skriven av":"Tomas Jarvid","Ber\u00e4knad l\u00e4stid":"2 minuter"},"schema":{"@context":"https:\/\/schema.org","@graph":[{"@type":"Article","@id":"https:\/\/blogg.svenskakyrkan.se\/vandravagen\/2019\/07\/14\/10-blandade-tankar-pa-sondagen-46\/#article","isPartOf":{"@id":"https:\/\/blogg.svenskakyrkan.se\/vandravagen\/2019\/07\/14\/10-blandade-tankar-pa-sondagen-46\/"},"author":{"name":"Tomas Jarvid","@id":"https:\/\/blogg.svenskakyrkan.se\/vandravagen\/#\/schema\/person\/25da02d4f76b137d04291711e2c9fc16"},"headline":"10 blandade tankar p\u00e5 s\u00f6ndagen","datePublished":"2019-07-14T05:00:07+00:00","mainEntityOfPage":{"@id":"https:\/\/blogg.svenskakyrkan.se\/vandravagen\/2019\/07\/14\/10-blandade-tankar-pa-sondagen-46\/"},"wordCount":436,"commentCount":2,"publisher":{"@id":"https:\/\/blogg.svenskakyrkan.se\/vandravagen\/#organization"},"image":{"@id":"https:\/\/blogg.svenskakyrkan.se\/vandravagen\/2019\/07\/14\/10-blandade-tankar-pa-sondagen-46\/#primaryimage"},"thumbnailUrl":"https:\/\/blogg.svenskakyrkan.se\/vandravagen\/files\/2019\/07\/IMG_0088.jpg","articleSection":["blandat"],"inLanguage":"sv-SE","potentialAction":[{"@type":"CommentAction","name":"Comment","target":["https:\/\/blogg.svenskakyrkan.se\/vandravagen\/2019\/07\/14\/10-blandade-tankar-pa-sondagen-46\/#respond"]}]},{"@type":"WebPage","@id":"https:\/\/blogg.svenskakyrkan.se\/vandravagen\/2019\/07\/14\/10-blandade-tankar-pa-sondagen-46\/","url":"https:\/\/blogg.svenskakyrkan.se\/vandravagen\/2019\/07\/14\/10-blandade-tankar-pa-sondagen-46\/","name":"10 blandade tankar p\u00e5 s\u00f6ndagen - Vandra V\u00e4gen","isPartOf":{"@id":"https:\/\/blogg.svenskakyrkan.se\/vandravagen\/#website"},"primaryImageOfPage":{"@id":"https:\/\/blogg.svenskakyrkan.se\/vandravagen\/2019\/07\/14\/10-blandade-tankar-pa-sondagen-46\/#primaryimage"},"image":{"@id":"https:\/\/blogg.svenskakyrkan.se\/vandravagen\/2019\/07\/14\/10-blandade-tankar-pa-sondagen-46\/#primaryimage"},"thumbnailUrl":"https:\/\/blogg.svenskakyrkan.se\/vandravagen\/files\/2019\/07\/IMG_0088.jpg","datePublished":"2019-07-14T05:00:07+00:00","breadcrumb":{"@id":"https:\/\/blogg.svenskakyrkan.se\/vandravagen\/2019\/07\/14\/10-blandade-tankar-pa-sondagen-46\/#breadcrumb"},"inLanguage":"sv-SE","potentialAction":[{"@type":"ReadAction","target":["https:\/\/blogg.svenskakyrkan.se\/vandravagen\/2019\/07\/14\/10-blandade-tankar-pa-sondagen-46\/"]}]},{"@type":"ImageObject","inLanguage":"sv-SE","@id":"https:\/\/blogg.svenskakyrkan.se\/vandravagen\/2019\/07\/14\/10-blandade-tankar-pa-sondagen-46\/#primaryimage","url":"https:\/\/blogg.svenskakyrkan.se\/vandravagen\/files\/2019\/07\/IMG_0088.jpg","contentUrl":"https:\/\/blogg.svenskakyrkan.se\/vandravagen\/files\/2019\/07\/IMG_0088.jpg","width":1024,"height":832,"caption":"Miss America. Det d\u00e4r med att bed\u00f6ma ligger r\u00e4tt n\u00e4ra d\u00f6mandet egentligen?"},{"@type":"BreadcrumbList","@id":"https:\/\/blogg.svenskakyrkan.se\/vandravagen\/2019\/07\/14\/10-blandade-tankar-pa-sondagen-46\/#breadcrumb","itemListElement":[{"@type":"ListItem","position":1,"name":"Hem","item":"https:\/\/blogg.svenskakyrkan.se\/vandravagen\/"},{"@type":"ListItem","position":2,"name":"10 blandade tankar p\u00e5 s\u00f6ndagen"}]},{"@type":"WebSite","@id":"https:\/\/blogg.svenskakyrkan.se\/vandravagen\/#website","url":"https:\/\/blogg.svenskakyrkan.se\/vandravagen\/","name":"Vandra V\u00e4gen","description":"-Mot en tro f\u00f6r hela livet","publisher":{"@id":"https:\/\/blogg.svenskakyrkan.se\/vandravagen\/#organization"},"potentialAction":[{"@type":"SearchAction","target":{"@type":"EntryPoint","urlTemplate":"https:\/\/blogg.svenskakyrkan.se\/vandravagen\/?s={search_term_string}"},"query-input":{"@type":"PropertyValueSpecification","valueRequired":true,"valueName":"search_term_string"}}],"inLanguage":"sv-SE"},{"@type":"Organization","@id":"https:\/\/blogg.svenskakyrkan.se\/vandravagen\/#organization","name":"ulricehamns pastorat","alternateName":"ulricehamns pastorat","url":"https:\/\/blogg.svenskakyrkan.se\/vandravagen\/","logo":{"@type":"ImageObject","inLanguage":"sv-SE","@id":"https:\/\/blogg.svenskakyrkan.se\/vandravagen\/#\/schema\/logo\/image\/","url":"https:\/\/blogg.svenskakyrkan.se\/vandravagen\/files\/2023\/05\/Ulr_logo_RGB.png","contentUrl":"https:\/\/blogg.svenskakyrkan.se\/vandravagen\/files\/2023\/05\/Ulr_logo_RGB.png","width":205,"height":77,"caption":"ulricehamns pastorat"},"image":{"@id":"https:\/\/blogg.svenskakyrkan.se\/vandravagen\/#\/schema\/logo\/image\/"},"sameAs":["http:\/\/facebook.com\/vandravagen","https:\/\/x.com\/fadertomas","http:\/\/www.facebook.com\/svenskakyrkaniulricehamn"]},{"@type":"Person","@id":"https:\/\/blogg.svenskakyrkan.se\/vandravagen\/#\/schema\/person\/25da02d4f76b137d04291711e2c9fc16","name":"Tomas Jarvid","image":{"@type":"ImageObject","inLanguage":"sv-SE","@id":"https:\/\/blogg.svenskakyrkan.se\/vandravagen\/#\/schema\/person\/image\/","url":"https:\/\/secure.gravatar.com\/avatar\/7fa71899795e8f540f615a1f5ab25255dc27aa40f05ee7ddd21aac521e01bf50?s=96&d=identicon&r=g","contentUrl":"https:\/\/secure.gravatar.com\/avatar\/7fa71899795e8f540f615a1f5ab25255dc27aa40f05ee7ddd21aac521e01bf50?s=96&d=identicon&r=g","caption":"Tomas Jarvid"},"description":"Jag bor i Ulricehamn i V\u00e4sterg\u00f6tland och \u00e4r f\u00f6rsamlingspr\u00e4st i Svenska Kyrkan f\u00f6r Dalstorps f\u00f6rsamling i Kinds pastorat. P\u00e5 den h\u00e4r bloggen skriver jag ner tankar om vandringen som kristen.","sameAs":["http:\/\/www.vandravagen.se"],"url":"https:\/\/blogg.svenskakyrkan.se\/vandravagen\/author\/vandravagen\/"}]}},"author_meta":{"ID":"392","user_nicename":"vandravagen","user_url":"http:\/\/www.vandravagen.se","user_registered":"2014-05-19 05:44:52","display_name":"Tomas Jarvid","first_name":"Tomas","last_name":"Jarvid","avatar":"https:\/\/secure.gravatar.com\/avatar\/7fa71899795e8f540f615a1f5ab25255dc27aa40f05ee7ddd21aac521e01bf50?s=96&d=identicon&r=g"},"featured_image":["https:\/\/blogg.svenskakyrkan.se\/vandravagen\/files\/2019\/07\/IMG_0088-1024x832.jpg",1024,832,true],"bloginfo":{"name":"Vandra V\u00e4gen","url":"https:\/\/blogg.svenskakyrkan.se\/vandravagen"},"_links":{"self":[{"href":"https:\/\/blogg.svenskakyrkan.se\/vandravagen\/wp-json\/wp\/v2\/posts\/7290","targetHints":{"allow":["GET"]}}],"collection":[{"href":"https:\/\/blogg.svenskakyrkan.se\/vandravagen\/wp-json\/wp\/v2\/posts"}],"about":[{"href":"https:\/\/blogg.svenskakyrkan.se\/vandravagen\/wp-json\/wp\/v2\/types\/post"}],"author":[{"embeddable":true,"href":"https:\/\/blogg.svenskakyrkan.se\/vandravagen\/wp-json\/wp\/v2\/users\/392"}],"replies":[{"embeddable":true,"href":"https:\/\/blogg.svenskakyrkan.se\/vandravagen\/wp-json\/wp\/v2\/comments?post=7290"}],"version-history":[{"count":1,"href":"https:\/\/blogg.svenskakyrkan.se\/vandravagen\/wp-json\/wp\/v2\/posts\/7290\/revisions"}],"predecessor-version":[{"id":7292,"href":"https:\/\/blogg.svenskakyrkan.se\/vandravagen\/wp-json\/wp\/v2\/posts\/7290\/revisions\/7292"}],"wp:featuredmedia":[{"embeddable":true,"href":"https:\/\/blogg.svenskakyrkan.se\/vandravagen\/wp-json\/wp\/v2\/media\/7291"}],"wp:attachment":[{"href":"https:\/\/blogg.svenskakyrkan.se\/vandravagen\/wp-json\/wp\/v2\/media?parent=7290"}],"wp:term":[{"taxonomy":"category","embeddable":true,"href":"https:\/\/blogg.svenskakyrkan.se\/vandravagen\/wp-json\/wp\/v2\/categories?post=7290"},{"taxonomy":"post_tag","embeddable":true,"href":"https:\/\/blogg.svenskakyrkan.se\/vandravagen\/wp-json\/wp\/v2\/tags?post=7290"}],"curies":[{"name":"wp","href":"https:\/\/api.w.org\/{rel}","templated":true}]}}