{"id":7293,"date":"2019-07-15T07:00:53","date_gmt":"2019-07-15T05:00:53","guid":{"rendered":"http:\/\/blogg.svenskakyrkan.se\/vandravagen\/?p=7293"},"modified":"2019-07-14T23:30:29","modified_gmt":"2019-07-14T21:30:29","slug":"att-inte-sitta-pa-domarstolen","status":"publish","type":"post","link":"https:\/\/blogg.svenskakyrkan.se\/vandravagen\/2019\/07\/15\/att-inte-sitta-pa-domarstolen\/","title":{"rendered":"Att inte sitta p\u00e5 domarstolen"},"content":{"rendered":"<p>Ig\u00e5r predikade jag om att inte d\u00f6ma, i Hulareds, Nittorps och L\u00e4nghems kyrkor. Sj\u00e4lva greppet med domarstolen har jag l\u00e5nat fr\u00e5n den t\u00e4nkv\u00e4rda boken &#8221;\u00f6dehuset&#8221; och anv\u00e4nt n\u00e5gra g\u00e5nger f\u00f6rut men jag tror aldrig jag talat om det i nuvarande f\u00f6rsamling eller lagt ut det h\u00e4r p\u00e5 bloggen tidigare. Det h\u00e4r \u00e4r i alla fall ett s\u00e4tt att t\u00e4nka som \u00e4r v\u00e4ldigt anv\u00e4ndbart f\u00f6r mig sj\u00e4lv, hoppas det \u00e4r till gl\u00e4dje f\u00f6r dig ocks\u00e5!<\/p>\n<p>&nbsp;<\/p>\n<p><strong>Att inte d\u00f6ma 4e efter tref 2019<\/strong><\/p>\n<p>F\u00f6r mer \u00e4n hundra \u00e5r sedan levde en m\u00e4rklig pr\u00e4st som hette David Petander. Han tog den kristna tron p\u00e5 s\u00e5 mycket allvar att det faktiskt p\u00e5verkade hans s\u00e4tt att leva. Han fann sig d\u00e5ligt i livet i statskyrkan och de sista \u00e5ren av sitt liv var han p\u00e5 vandring och predikade. Hans ord blev s\u00e5 mycket starkare f\u00f6r att de kom ur ett liv som talade om samma sak. Han tog sig an varje m\u00e4nniska han m\u00f6tte och gav vad han hade till den som beh\u00f6vde. Han predikade st\u00e4ndigt \u00f6ver bergspredikan och n\u00e4r han talade om v\u00e5r evangelietext om bj\u00e4lken och flisan (eller grandet som det hette d\u00e5) sade han:<\/p>\n<p>&#8221;Mig synes att grandet i min broders \u00f6ga, det \u00e4r alla mina broders fel och laster, men bj\u00e4lken i mitt eget \u00f6ga \u00e4r helt enkelt min k\u00e4rleksl\u00f6sa dom \u00f6ver min broder.&#8221; \u2013David Petander<\/p>\n<p>Dagens tema \u00e4r att inte d\u00f6ma. Jag har en stol h\u00e4r framme i mitten. Det \u00e4r inte vilken stol som helst utan en domarstol. En som en domare sitter p\u00e5 och f\u00f6rkunnar domar \u00f6ver skyldiga. Och den st\u00e5r tom. Ledig plats allts\u00e5.<\/p>\n<p>(s\u00e4tter sig p\u00e5 stolen)<\/p>\n<p>Jag tycker det k\u00e4nns r\u00e4tt bra att s\u00e4tta mig p\u00e5 den h\u00e4r stolen. M\u00e4ktigt!<\/p>\n<p>Rutinerad domare. Har d\u00f6mt m\u00e4nniskor utifr\u00e5n deras g\u00e4rningar, utifr\u00e5n deras motiv (som jag ju i och f\u00f6r sig inte kan veta n\u00e5got om), utifr\u00e5n hudf\u00e4rg kanske, k\u00f6n, familj, deras f\u00f6rflutna, deras utseende.<\/p>\n<p>Och man k\u00e4nner sig lite upph\u00f6jd h\u00e4r. Som den som har r\u00e4tt att uttala sig om andras liv. Det kanske k\u00e4nns lite ensamt ocks\u00e5. Det \u00e4r sv\u00e5rt att komma andra m\u00e4nniskor n\u00e4ra om man samtidigt ska vara domare.<\/p>\n<p>Nu kan ni ju fundera lite allihop p\u00e5 hur bra det \u00e4r att jag sitter h\u00e4r p\u00e5 stolen. Man skulle kunna h\u00e4vda att mina domar r\u00e4tt ofta mest \u00e4r f\u00f6rdomar? Att jag s\u00e4llan vet motiven till folks handlingar, eller k\u00e4nner till vilka de \u00e4r l\u00e4ngst inne som gjort att de handlar som de g\u00f6r. Framf\u00f6rallt kan man undra om jag sj\u00e4lv \u00e4r kvalificerad till att ha den h\u00e4r posten som domare.<\/p>\n<p>Jag \u00e4r f\u00f6rst\u00e5s ingen fullkomlig m\u00e4nniska som alltid handlar r\u00e4tt. Vi \u00e4r ju i kyrkan nu och som kristna med tro p\u00e5 Gud s\u00e5 vet vi att det \u00e4r Gud som p\u00e5 n\u00e5got s\u00e4tt avg\u00f6r vad som \u00e4r r\u00e4tt och fel och att det d\u00e4rf\u00f6r rimligen \u00e4r hans stol som jag l\u00e5nat nu. Men s\u00e5 t\u00e4nker inte alla m\u00e4nniskor idag och det kanske till och med \u00e4r f\u00f6r abstrakt f\u00f6r oss att h\u00e5lla ordning p\u00e5 Guds ideal f\u00f6r livet n\u00e4r vi st\u00e5r mitt i vardagsj\u00e4ktet. Man kan g\u00f6ra det \u00e4nnu enklare. Visst att vi inte lever upp till Guds ideal men v\u00e5ra egna ideal d\u00e5? Det m\u00e5ste v\u00e4l vara en rimlig niv\u00e5 f\u00f6r att bed\u00f6ma oss sj\u00e4lva?<\/p>\n<p>Vi vill g\u00e4rna se oss som m\u00e4nniskor som sl\u00e5r vakt om det goda allihop tror jag. Som vill st\u00e5 f\u00f6r respekt mot andra, generositet mot alla vi m\u00f6ter, vidsynthet, ge alla en andra chans, unna andra det goda \u00e4ven om de har mer \u00e4n vi sj\u00e4lva och s\u00e5 vidare. Problemet \u00e4r nog att inte nog med att vi inte lever upp till Guds standard. Vi lever inte ens upp till v\u00e5r egen standard. Det \u00e4r bara det att vi \u00e4r lika bra p\u00e5 att d\u00f6lja det ocks\u00e5 inf\u00f6r oss sj\u00e4lva. Vi h\u00e4vdar envist v\u00e5r r\u00e4tt att f\u00e5 sitta p\u00e5 den h\u00e4r domarstolen \u00e4nd\u00e5. \u201dMen med din dom \u00f6ver andra d\u00f6mer du dig sj\u00e4lv eftersom du handlar likadant som den du d\u00f6mer\u201d skrev Paulus. Det \u00e4r nog s\u00e5 att det \u00e4r p\u00e5 de omr\u00e5den d\u00e4r vi k\u00e4nner v\u00e5ra egna fel d\u00e5ligt som vi \u00e4r mest ben\u00e4gna att d\u00f6ma andra.<\/p>\n<p>Jesus \u00e5terkommer st\u00e4ndigt till detta med att inte d\u00f6ma. Lika envist som han talar om att \u00e4lska sin n\u00e4sta som sig sj\u00e4lv. Och jag tror det \u00e4r f\u00f6r att det \u00e4r precis samma sak. Att \u00e4lska <strong>\u00e4r att inte d\u00f6ma<\/strong>. Att inte d\u00f6ma utan ge andra en andra chans eller v\u00e4lja att tolka det n\u00e5gon annan gjort s\u00e5 v\u00e4lvilligt som m\u00f6jligt, det \u00e4r att \u00e4lska sin n\u00e4sta. Inte i fluffiga k\u00e4nslor utan i sitt s\u00e4tt att leva. Vi m\u00e4rker r\u00e4tt fort att det st\u00e5r i n\u00e5gon slags motsats till varandra att d\u00f6ma och att \u00e4lska. Ju mindre vi tycker om n\u00e5gon desto snabbare kommer domarna. Och tv\u00e4rtom, de som vi k\u00e4nner v\u00e4l och \u00e4lskar och kanske vet vad de har att k\u00e4mpa med, desto mindre sugna blir vi p\u00e5 att f\u00e4lla n\u00e5gra domar alls. Som Petande sa, v\u00e5r k\u00e4rleksl\u00f6shet avsl\u00f6jas i d\u00f6mandet. Det \u00e4r ocks\u00e5 s\u00e5 att det \u00e4r de omr\u00e5den d\u00e4r vi k\u00e4nner oss sj\u00e4lva d\u00e5ligt som vi l\u00e4tt blir d\u00f6mande.<\/p>\n<p>Visst finns det m\u00e4nniskor som m\u00e5ste d\u00f6ma. Verkliga domare och s\u00e5, men det \u00e4r ju inte jag faktiskt. Det finns n\u00e4stan inget tillf\u00e4lle alls faktiskt som jag har r\u00e4tt att s\u00e4tta mig p\u00e5 den h\u00e4r stolen. (reser sig) Jag borde framf\u00f6rallt inte tycka att den \u00e4r s\u00e5 lockande att sitta p\u00e5 f\u00f6r det \u00e4r ett f\u00f6rf\u00e4rligt stort ansvar att sitta p\u00e5 den h\u00e4r stolen.<\/p>\n<p>Men vad s\u00e4ger det om Gud att det \u00e4nd\u00e5 finns en domarstol? Det kunde ligga n\u00e4ra till hands att t\u00e4nka att Gud p\u00e5 n\u00e5got s\u00e4tt sitter i sin himmel och d\u00f6mer distanserat och objektivt och inte har s\u00e5 stora problem med det. Fast d\u00e5 tror jag att vi som vanligt ska t\u00e4nka en g\u00e5ng.<\/p>\n<p>Man ska inte d\u00f6ma n\u00e5gon f\u00f6rr\u00e4n man \u201dg\u00e5tt en mil i hennes skor\u201d s\u00e4gs det. Den kristna tron s\u00e4ger att Gud gjort just det. G\u00e5tt p\u00e5 denna jord, k\u00e4nt hur det \u00e4r att vara m\u00e4nniska. Gud \u00e4r inte alls s\u00e5d\u00e4r oengagerad och distanserad som vi f\u00e5tt f\u00f6r oss. Det \u00e4r till och med mer \u00e4n s\u00e5. Gud \u00e4r Skaparen som k\u00e4nner oss b\u00e4ttre \u00e4n vi g\u00f6r sj\u00e4lva, som ser de stora dragen i v\u00e5ra liv som vi inte kan se, som varit med varje stund fr\u00e5n \u00f6gonblicket vi blev till och vet allt.<\/p>\n<p>Om det \u00e4r med Gud som med oss s\u00e5 \u00e4r ocks\u00e5 Gud mindre f\u00f6rtjust i att d\u00f6ma ju mer han vet. Ju mer han k\u00e4nner och \u00e4lskar oss. Och Gud vet allt och \u00e4lskar fullkomligt. I s\u00e5 fall \u00e4r Gud kanske betydligt mindre f\u00f6rtjust i den h\u00e4r stolen \u00e4n n\u00e5gon av oss? Den kristna tron s\u00e4ger oss ju att \u201ds\u00e5 \u00e4lskade Gud v\u00e4rlden att han s\u00e4nde sin ende Son f\u00f6r att var och en som tror p\u00e5 honom inte ska f\u00f6rg\u00e5s utan ha evigt liv Ty Gud <strong>s\u00e4nde inte sin son till v\u00e4rlden f\u00f6r att d\u00f6ma v\u00e4rlden<\/strong> utan f\u00f6r att v\u00e4rlden skulle r\u00e4ddas genom honom. Gud tar hellre konsekvenserna av v\u00e5ra synder p\u00e5 sig sj\u00e4lv \u00e4n l\u00e5ter dem drabba oss sj\u00e4lva.<\/p>\n<p>Jag tror \u00e4nd\u00e5 att Gud \u00e4r en domare. Ocks\u00e5. Men det har inte med straff att g\u00f6ra s\u00e5 mycket utan att det finns n\u00e5got annat som \u00e4r viktigare. Uppr\u00e4ttelse f\u00f6r offret. Att inget sopas under mattan utan allt ska komma i dagen och ropas ut fr\u00e5n taken. Gud \u00e4r b\u00e5de n\u00e5den och sanningen och hur det d\u00e4r g\u00e5r ihop f\u00e5r ni fundera vidare p\u00e5 var och en, det \u00e4r sv\u00e5rt att se hur det \u00e4r m\u00f6jligt ur v\u00e5rt perspektiv.<\/p>\n<p>Sanningen. I dopet blir vi kl\u00e4dda i vitt, i Jesu segers f\u00e4rg. Det finns f\u00f6rst\u00e5s m\u00e5nga sanningar om oss m\u00e4nniskor. \u201dNi skulle bara veta\u201d, kanske vi t\u00e4nker \u201dhur det \u00e4r med mig egentligen, d\u00e5 skulle ni inte vilja ha med mig att g\u00f6ra\u201d. Men slutligen vill jag bara s\u00e4ga att den djupaste sanningen om dig och om mig, den som vi inte f\u00e5r d\u00f6lja hos andra eller f\u00f6rneka hos oss sj\u00e4lva \u00e4r denna:<\/p>\n<p>Du \u00e4r Guds \u00e4lskade barn. S\u00e5 har det varit fr\u00e5n b\u00f6rjan och s\u00e5 kommer det sista ordet om dig alltid vara.<\/p>\n<p>S\u00e5: H\u00e5ll dig borta fr\u00e5n att sitta p\u00e5 den h\u00e4r domarstolen s\u00e5 mycket du bara kan. Det \u00e4r bara Gud som vet tillr\u00e4ckligt mycket och \u00e4lskar tillr\u00e4ckligt mycket f\u00f6r att sitta p\u00e5 den. Din uppgift \u00e4r att \u00e4lska din n\u00e4sta, ja till och med din fiende.<\/p>\n","protected":false},"excerpt":{"rendered":"<p>Ig\u00e5r predikade jag om att inte d\u00f6ma, i Hulareds, Nittorps och L\u00e4nghems kyrkor. Sj\u00e4lva greppet med domarstolen har jag l\u00e5nat fr\u00e5n den t\u00e4nkv\u00e4rda boken &#8221;\u00f6dehuset&#8221; och anv\u00e4nt n\u00e5gra g\u00e5nger f\u00f6rut men jag tror aldrig jag talat om det i nuvarande f\u00f6rsamling eller lagt ut det h\u00e4r p\u00e5 bloggen tidigare. Det h\u00e4r \u00e4r i alla fall [&hellip;]<\/p>\n","protected":false},"author":392,"featured_media":7294,"comment_status":"open","ping_status":"open","sticky":false,"template":"","format":"standard","meta":{"_acf_changed":false,"footnotes":""},"categories":[114,8345],"tags":[],"class_list":["post-7293","post","type-post","status-publish","format-standard","has-post-thumbnail","hentry","category-predikan","category-relationer"],"acf":[],"yoast_head":"<!-- This site is optimized with the Yoast SEO plugin v27.1.1 - https:\/\/yoast.com\/product\/yoast-seo-wordpress\/ -->\n<title>Att inte sitta p\u00e5 domarstolen - Vandra V\u00e4gen<\/title>\n<meta name=\"robots\" content=\"index, follow, max-snippet:-1, max-image-preview:large, max-video-preview:-1\" \/>\n<link rel=\"canonical\" href=\"https:\/\/blogg.svenskakyrkan.se\/vandravagen\/2019\/07\/15\/att-inte-sitta-pa-domarstolen\/\" \/>\n<meta property=\"og:locale\" content=\"sv_SE\" \/>\n<meta property=\"og:type\" content=\"article\" \/>\n<meta property=\"og:title\" content=\"Att inte sitta p\u00e5 domarstolen - Vandra V\u00e4gen\" \/>\n<meta property=\"og:description\" content=\"Ig\u00e5r predikade jag om att inte d\u00f6ma, i Hulareds, Nittorps och L\u00e4nghems kyrkor. Sj\u00e4lva greppet med domarstolen har jag l\u00e5nat fr\u00e5n den t\u00e4nkv\u00e4rda boken &#8221;\u00f6dehuset&#8221; och anv\u00e4nt n\u00e5gra g\u00e5nger f\u00f6rut men jag tror aldrig jag talat om det i nuvarande f\u00f6rsamling eller lagt ut det h\u00e4r p\u00e5 bloggen tidigare. Det h\u00e4r \u00e4r i alla fall [&hellip;]\" \/>\n<meta property=\"og:url\" content=\"https:\/\/blogg.svenskakyrkan.se\/vandravagen\/2019\/07\/15\/att-inte-sitta-pa-domarstolen\/\" \/>\n<meta property=\"og:site_name\" content=\"Vandra V\u00e4gen\" \/>\n<meta property=\"article:publisher\" content=\"http:\/\/facebook.com\/vandravagen\" \/>\n<meta property=\"article:published_time\" content=\"2019-07-15T05:00:53+00:00\" \/>\n<meta name=\"author\" content=\"Tomas Jarvid\" \/>\n<meta name=\"twitter:card\" content=\"summary_large_image\" \/>\n<meta name=\"twitter:creator\" content=\"@fadertomas\" \/>\n<meta name=\"twitter:site\" content=\"@fadertomas\" \/>\n<meta name=\"twitter:label1\" content=\"Skriven av\" \/>\n\t<meta name=\"twitter:data1\" content=\"Tomas Jarvid\" \/>\n\t<meta name=\"twitter:label2\" content=\"Ber\u00e4knad l\u00e4stid\" \/>\n\t<meta name=\"twitter:data2\" content=\"8 minuter\" \/>\n<script type=\"application\/ld+json\" class=\"yoast-schema-graph\">{\"@context\":\"https:\/\/schema.org\",\"@graph\":[{\"@type\":\"Article\",\"@id\":\"https:\/\/blogg.svenskakyrkan.se\/vandravagen\/2019\/07\/15\/att-inte-sitta-pa-domarstolen\/#article\",\"isPartOf\":{\"@id\":\"https:\/\/blogg.svenskakyrkan.se\/vandravagen\/2019\/07\/15\/att-inte-sitta-pa-domarstolen\/\"},\"author\":{\"name\":\"Tomas Jarvid\",\"@id\":\"https:\/\/blogg.svenskakyrkan.se\/vandravagen\/#\/schema\/person\/25da02d4f76b137d04291711e2c9fc16\"},\"headline\":\"Att inte sitta p\u00e5 domarstolen\",\"datePublished\":\"2019-07-15T05:00:53+00:00\",\"mainEntityOfPage\":{\"@id\":\"https:\/\/blogg.svenskakyrkan.se\/vandravagen\/2019\/07\/15\/att-inte-sitta-pa-domarstolen\/\"},\"wordCount\":1679,\"commentCount\":4,\"publisher\":{\"@id\":\"https:\/\/blogg.svenskakyrkan.se\/vandravagen\/#organization\"},\"image\":{\"@id\":\"https:\/\/blogg.svenskakyrkan.se\/vandravagen\/2019\/07\/15\/att-inte-sitta-pa-domarstolen\/#primaryimage\"},\"thumbnailUrl\":\"https:\/\/blogg.svenskakyrkan.se\/vandravagen\/files\/2019\/07\/stol.jpg\",\"articleSection\":[\"predikan\",\"relationer\"],\"inLanguage\":\"sv-SE\",\"potentialAction\":[{\"@type\":\"CommentAction\",\"name\":\"Comment\",\"target\":[\"https:\/\/blogg.svenskakyrkan.se\/vandravagen\/2019\/07\/15\/att-inte-sitta-pa-domarstolen\/#respond\"]}]},{\"@type\":\"WebPage\",\"@id\":\"https:\/\/blogg.svenskakyrkan.se\/vandravagen\/2019\/07\/15\/att-inte-sitta-pa-domarstolen\/\",\"url\":\"https:\/\/blogg.svenskakyrkan.se\/vandravagen\/2019\/07\/15\/att-inte-sitta-pa-domarstolen\/\",\"name\":\"Att inte sitta p\u00e5 domarstolen - Vandra V\u00e4gen\",\"isPartOf\":{\"@id\":\"https:\/\/blogg.svenskakyrkan.se\/vandravagen\/#website\"},\"primaryImageOfPage\":{\"@id\":\"https:\/\/blogg.svenskakyrkan.se\/vandravagen\/2019\/07\/15\/att-inte-sitta-pa-domarstolen\/#primaryimage\"},\"image\":{\"@id\":\"https:\/\/blogg.svenskakyrkan.se\/vandravagen\/2019\/07\/15\/att-inte-sitta-pa-domarstolen\/#primaryimage\"},\"thumbnailUrl\":\"https:\/\/blogg.svenskakyrkan.se\/vandravagen\/files\/2019\/07\/stol.jpg\",\"datePublished\":\"2019-07-15T05:00:53+00:00\",\"breadcrumb\":{\"@id\":\"https:\/\/blogg.svenskakyrkan.se\/vandravagen\/2019\/07\/15\/att-inte-sitta-pa-domarstolen\/#breadcrumb\"},\"inLanguage\":\"sv-SE\",\"potentialAction\":[{\"@type\":\"ReadAction\",\"target\":[\"https:\/\/blogg.svenskakyrkan.se\/vandravagen\/2019\/07\/15\/att-inte-sitta-pa-domarstolen\/\"]}]},{\"@type\":\"ImageObject\",\"inLanguage\":\"sv-SE\",\"@id\":\"https:\/\/blogg.svenskakyrkan.se\/vandravagen\/2019\/07\/15\/att-inte-sitta-pa-domarstolen\/#primaryimage\",\"url\":\"https:\/\/blogg.svenskakyrkan.se\/vandravagen\/files\/2019\/07\/stol.jpg\",\"contentUrl\":\"https:\/\/blogg.svenskakyrkan.se\/vandravagen\/files\/2019\/07\/stol.jpg\",\"width\":1078,\"height\":1280,\"caption\":\"Domarstol, den finaste som fanns att tillg\u00e5 i Nittorps kyrka.\"},{\"@type\":\"BreadcrumbList\",\"@id\":\"https:\/\/blogg.svenskakyrkan.se\/vandravagen\/2019\/07\/15\/att-inte-sitta-pa-domarstolen\/#breadcrumb\",\"itemListElement\":[{\"@type\":\"ListItem\",\"position\":1,\"name\":\"Hem\",\"item\":\"https:\/\/blogg.svenskakyrkan.se\/vandravagen\/\"},{\"@type\":\"ListItem\",\"position\":2,\"name\":\"Att inte sitta p\u00e5 domarstolen\"}]},{\"@type\":\"WebSite\",\"@id\":\"https:\/\/blogg.svenskakyrkan.se\/vandravagen\/#website\",\"url\":\"https:\/\/blogg.svenskakyrkan.se\/vandravagen\/\",\"name\":\"Vandra V\u00e4gen\",\"description\":\"-Mot en tro f\u00f6r hela livet\",\"publisher\":{\"@id\":\"https:\/\/blogg.svenskakyrkan.se\/vandravagen\/#organization\"},\"potentialAction\":[{\"@type\":\"SearchAction\",\"target\":{\"@type\":\"EntryPoint\",\"urlTemplate\":\"https:\/\/blogg.svenskakyrkan.se\/vandravagen\/?s={search_term_string}\"},\"query-input\":{\"@type\":\"PropertyValueSpecification\",\"valueRequired\":true,\"valueName\":\"search_term_string\"}}],\"inLanguage\":\"sv-SE\"},{\"@type\":\"Organization\",\"@id\":\"https:\/\/blogg.svenskakyrkan.se\/vandravagen\/#organization\",\"name\":\"ulricehamns pastorat\",\"alternateName\":\"ulricehamns pastorat\",\"url\":\"https:\/\/blogg.svenskakyrkan.se\/vandravagen\/\",\"logo\":{\"@type\":\"ImageObject\",\"inLanguage\":\"sv-SE\",\"@id\":\"https:\/\/blogg.svenskakyrkan.se\/vandravagen\/#\/schema\/logo\/image\/\",\"url\":\"https:\/\/blogg.svenskakyrkan.se\/vandravagen\/files\/2023\/05\/Ulr_logo_RGB.png\",\"contentUrl\":\"https:\/\/blogg.svenskakyrkan.se\/vandravagen\/files\/2023\/05\/Ulr_logo_RGB.png\",\"width\":205,\"height\":77,\"caption\":\"ulricehamns pastorat\"},\"image\":{\"@id\":\"https:\/\/blogg.svenskakyrkan.se\/vandravagen\/#\/schema\/logo\/image\/\"},\"sameAs\":[\"http:\/\/facebook.com\/vandravagen\",\"https:\/\/x.com\/fadertomas\",\"http:\/\/www.facebook.com\/svenskakyrkaniulricehamn\"]},{\"@type\":\"Person\",\"@id\":\"https:\/\/blogg.svenskakyrkan.se\/vandravagen\/#\/schema\/person\/25da02d4f76b137d04291711e2c9fc16\",\"name\":\"Tomas Jarvid\",\"image\":{\"@type\":\"ImageObject\",\"inLanguage\":\"sv-SE\",\"@id\":\"https:\/\/blogg.svenskakyrkan.se\/vandravagen\/#\/schema\/person\/image\/\",\"url\":\"https:\/\/secure.gravatar.com\/avatar\/7fa71899795e8f540f615a1f5ab25255dc27aa40f05ee7ddd21aac521e01bf50?s=96&d=identicon&r=g\",\"contentUrl\":\"https:\/\/secure.gravatar.com\/avatar\/7fa71899795e8f540f615a1f5ab25255dc27aa40f05ee7ddd21aac521e01bf50?s=96&d=identicon&r=g\",\"caption\":\"Tomas Jarvid\"},\"description\":\"Jag bor i Ulricehamn i V\u00e4sterg\u00f6tland och \u00e4r f\u00f6rsamlingspr\u00e4st i Svenska Kyrkan f\u00f6r Dalstorps f\u00f6rsamling i Kinds pastorat. P\u00e5 den h\u00e4r bloggen skriver jag ner tankar om vandringen som kristen.\",\"sameAs\":[\"http:\/\/www.vandravagen.se\"],\"url\":\"https:\/\/blogg.svenskakyrkan.se\/vandravagen\/author\/vandravagen\/\"}]}<\/script>\n<!-- \/ Yoast SEO plugin. -->","yoast_head_json":{"title":"Att inte sitta p\u00e5 domarstolen - Vandra V\u00e4gen","robots":{"index":"index","follow":"follow","max-snippet":"max-snippet:-1","max-image-preview":"max-image-preview:large","max-video-preview":"max-video-preview:-1"},"canonical":"https:\/\/blogg.svenskakyrkan.se\/vandravagen\/2019\/07\/15\/att-inte-sitta-pa-domarstolen\/","og_locale":"sv_SE","og_type":"article","og_title":"Att inte sitta p\u00e5 domarstolen - Vandra V\u00e4gen","og_description":"Ig\u00e5r predikade jag om att inte d\u00f6ma, i Hulareds, Nittorps och L\u00e4nghems kyrkor. Sj\u00e4lva greppet med domarstolen har jag l\u00e5nat fr\u00e5n den t\u00e4nkv\u00e4rda boken &#8221;\u00f6dehuset&#8221; och anv\u00e4nt n\u00e5gra g\u00e5nger f\u00f6rut men jag tror aldrig jag talat om det i nuvarande f\u00f6rsamling eller lagt ut det h\u00e4r p\u00e5 bloggen tidigare. Det h\u00e4r \u00e4r i alla fall [&hellip;]","og_url":"https:\/\/blogg.svenskakyrkan.se\/vandravagen\/2019\/07\/15\/att-inte-sitta-pa-domarstolen\/","og_site_name":"Vandra V\u00e4gen","article_publisher":"http:\/\/facebook.com\/vandravagen","article_published_time":"2019-07-15T05:00:53+00:00","author":"Tomas Jarvid","twitter_card":"summary_large_image","twitter_creator":"@fadertomas","twitter_site":"@fadertomas","twitter_misc":{"Skriven av":"Tomas Jarvid","Ber\u00e4knad l\u00e4stid":"8 minuter"},"schema":{"@context":"https:\/\/schema.org","@graph":[{"@type":"Article","@id":"https:\/\/blogg.svenskakyrkan.se\/vandravagen\/2019\/07\/15\/att-inte-sitta-pa-domarstolen\/#article","isPartOf":{"@id":"https:\/\/blogg.svenskakyrkan.se\/vandravagen\/2019\/07\/15\/att-inte-sitta-pa-domarstolen\/"},"author":{"name":"Tomas Jarvid","@id":"https:\/\/blogg.svenskakyrkan.se\/vandravagen\/#\/schema\/person\/25da02d4f76b137d04291711e2c9fc16"},"headline":"Att inte sitta p\u00e5 domarstolen","datePublished":"2019-07-15T05:00:53+00:00","mainEntityOfPage":{"@id":"https:\/\/blogg.svenskakyrkan.se\/vandravagen\/2019\/07\/15\/att-inte-sitta-pa-domarstolen\/"},"wordCount":1679,"commentCount":4,"publisher":{"@id":"https:\/\/blogg.svenskakyrkan.se\/vandravagen\/#organization"},"image":{"@id":"https:\/\/blogg.svenskakyrkan.se\/vandravagen\/2019\/07\/15\/att-inte-sitta-pa-domarstolen\/#primaryimage"},"thumbnailUrl":"https:\/\/blogg.svenskakyrkan.se\/vandravagen\/files\/2019\/07\/stol.jpg","articleSection":["predikan","relationer"],"inLanguage":"sv-SE","potentialAction":[{"@type":"CommentAction","name":"Comment","target":["https:\/\/blogg.svenskakyrkan.se\/vandravagen\/2019\/07\/15\/att-inte-sitta-pa-domarstolen\/#respond"]}]},{"@type":"WebPage","@id":"https:\/\/blogg.svenskakyrkan.se\/vandravagen\/2019\/07\/15\/att-inte-sitta-pa-domarstolen\/","url":"https:\/\/blogg.svenskakyrkan.se\/vandravagen\/2019\/07\/15\/att-inte-sitta-pa-domarstolen\/","name":"Att inte sitta p\u00e5 domarstolen - Vandra V\u00e4gen","isPartOf":{"@id":"https:\/\/blogg.svenskakyrkan.se\/vandravagen\/#website"},"primaryImageOfPage":{"@id":"https:\/\/blogg.svenskakyrkan.se\/vandravagen\/2019\/07\/15\/att-inte-sitta-pa-domarstolen\/#primaryimage"},"image":{"@id":"https:\/\/blogg.svenskakyrkan.se\/vandravagen\/2019\/07\/15\/att-inte-sitta-pa-domarstolen\/#primaryimage"},"thumbnailUrl":"https:\/\/blogg.svenskakyrkan.se\/vandravagen\/files\/2019\/07\/stol.jpg","datePublished":"2019-07-15T05:00:53+00:00","breadcrumb":{"@id":"https:\/\/blogg.svenskakyrkan.se\/vandravagen\/2019\/07\/15\/att-inte-sitta-pa-domarstolen\/#breadcrumb"},"inLanguage":"sv-SE","potentialAction":[{"@type":"ReadAction","target":["https:\/\/blogg.svenskakyrkan.se\/vandravagen\/2019\/07\/15\/att-inte-sitta-pa-domarstolen\/"]}]},{"@type":"ImageObject","inLanguage":"sv-SE","@id":"https:\/\/blogg.svenskakyrkan.se\/vandravagen\/2019\/07\/15\/att-inte-sitta-pa-domarstolen\/#primaryimage","url":"https:\/\/blogg.svenskakyrkan.se\/vandravagen\/files\/2019\/07\/stol.jpg","contentUrl":"https:\/\/blogg.svenskakyrkan.se\/vandravagen\/files\/2019\/07\/stol.jpg","width":1078,"height":1280,"caption":"Domarstol, den finaste som fanns att tillg\u00e5 i Nittorps kyrka."},{"@type":"BreadcrumbList","@id":"https:\/\/blogg.svenskakyrkan.se\/vandravagen\/2019\/07\/15\/att-inte-sitta-pa-domarstolen\/#breadcrumb","itemListElement":[{"@type":"ListItem","position":1,"name":"Hem","item":"https:\/\/blogg.svenskakyrkan.se\/vandravagen\/"},{"@type":"ListItem","position":2,"name":"Att inte sitta p\u00e5 domarstolen"}]},{"@type":"WebSite","@id":"https:\/\/blogg.svenskakyrkan.se\/vandravagen\/#website","url":"https:\/\/blogg.svenskakyrkan.se\/vandravagen\/","name":"Vandra V\u00e4gen","description":"-Mot en tro f\u00f6r hela livet","publisher":{"@id":"https:\/\/blogg.svenskakyrkan.se\/vandravagen\/#organization"},"potentialAction":[{"@type":"SearchAction","target":{"@type":"EntryPoint","urlTemplate":"https:\/\/blogg.svenskakyrkan.se\/vandravagen\/?s={search_term_string}"},"query-input":{"@type":"PropertyValueSpecification","valueRequired":true,"valueName":"search_term_string"}}],"inLanguage":"sv-SE"},{"@type":"Organization","@id":"https:\/\/blogg.svenskakyrkan.se\/vandravagen\/#organization","name":"ulricehamns pastorat","alternateName":"ulricehamns pastorat","url":"https:\/\/blogg.svenskakyrkan.se\/vandravagen\/","logo":{"@type":"ImageObject","inLanguage":"sv-SE","@id":"https:\/\/blogg.svenskakyrkan.se\/vandravagen\/#\/schema\/logo\/image\/","url":"https:\/\/blogg.svenskakyrkan.se\/vandravagen\/files\/2023\/05\/Ulr_logo_RGB.png","contentUrl":"https:\/\/blogg.svenskakyrkan.se\/vandravagen\/files\/2023\/05\/Ulr_logo_RGB.png","width":205,"height":77,"caption":"ulricehamns pastorat"},"image":{"@id":"https:\/\/blogg.svenskakyrkan.se\/vandravagen\/#\/schema\/logo\/image\/"},"sameAs":["http:\/\/facebook.com\/vandravagen","https:\/\/x.com\/fadertomas","http:\/\/www.facebook.com\/svenskakyrkaniulricehamn"]},{"@type":"Person","@id":"https:\/\/blogg.svenskakyrkan.se\/vandravagen\/#\/schema\/person\/25da02d4f76b137d04291711e2c9fc16","name":"Tomas Jarvid","image":{"@type":"ImageObject","inLanguage":"sv-SE","@id":"https:\/\/blogg.svenskakyrkan.se\/vandravagen\/#\/schema\/person\/image\/","url":"https:\/\/secure.gravatar.com\/avatar\/7fa71899795e8f540f615a1f5ab25255dc27aa40f05ee7ddd21aac521e01bf50?s=96&d=identicon&r=g","contentUrl":"https:\/\/secure.gravatar.com\/avatar\/7fa71899795e8f540f615a1f5ab25255dc27aa40f05ee7ddd21aac521e01bf50?s=96&d=identicon&r=g","caption":"Tomas Jarvid"},"description":"Jag bor i Ulricehamn i V\u00e4sterg\u00f6tland och \u00e4r f\u00f6rsamlingspr\u00e4st i Svenska Kyrkan f\u00f6r Dalstorps f\u00f6rsamling i Kinds pastorat. P\u00e5 den h\u00e4r bloggen skriver jag ner tankar om vandringen som kristen.","sameAs":["http:\/\/www.vandravagen.se"],"url":"https:\/\/blogg.svenskakyrkan.se\/vandravagen\/author\/vandravagen\/"}]}},"author_meta":{"ID":"392","user_nicename":"vandravagen","user_url":"http:\/\/www.vandravagen.se","user_registered":"2014-05-19 05:44:52","display_name":"Tomas Jarvid","first_name":"Tomas","last_name":"Jarvid","avatar":"https:\/\/secure.gravatar.com\/avatar\/7fa71899795e8f540f615a1f5ab25255dc27aa40f05ee7ddd21aac521e01bf50?s=96&d=identicon&r=g"},"featured_image":["https:\/\/blogg.svenskakyrkan.se\/vandravagen\/files\/2019\/07\/stol-1024x1216.jpg",1024,1216,true],"bloginfo":{"name":"Vandra V\u00e4gen","url":"https:\/\/blogg.svenskakyrkan.se\/vandravagen"},"_links":{"self":[{"href":"https:\/\/blogg.svenskakyrkan.se\/vandravagen\/wp-json\/wp\/v2\/posts\/7293","targetHints":{"allow":["GET"]}}],"collection":[{"href":"https:\/\/blogg.svenskakyrkan.se\/vandravagen\/wp-json\/wp\/v2\/posts"}],"about":[{"href":"https:\/\/blogg.svenskakyrkan.se\/vandravagen\/wp-json\/wp\/v2\/types\/post"}],"author":[{"embeddable":true,"href":"https:\/\/blogg.svenskakyrkan.se\/vandravagen\/wp-json\/wp\/v2\/users\/392"}],"replies":[{"embeddable":true,"href":"https:\/\/blogg.svenskakyrkan.se\/vandravagen\/wp-json\/wp\/v2\/comments?post=7293"}],"version-history":[{"count":1,"href":"https:\/\/blogg.svenskakyrkan.se\/vandravagen\/wp-json\/wp\/v2\/posts\/7293\/revisions"}],"predecessor-version":[{"id":7295,"href":"https:\/\/blogg.svenskakyrkan.se\/vandravagen\/wp-json\/wp\/v2\/posts\/7293\/revisions\/7295"}],"wp:featuredmedia":[{"embeddable":true,"href":"https:\/\/blogg.svenskakyrkan.se\/vandravagen\/wp-json\/wp\/v2\/media\/7294"}],"wp:attachment":[{"href":"https:\/\/blogg.svenskakyrkan.se\/vandravagen\/wp-json\/wp\/v2\/media?parent=7293"}],"wp:term":[{"taxonomy":"category","embeddable":true,"href":"https:\/\/blogg.svenskakyrkan.se\/vandravagen\/wp-json\/wp\/v2\/categories?post=7293"},{"taxonomy":"post_tag","embeddable":true,"href":"https:\/\/blogg.svenskakyrkan.se\/vandravagen\/wp-json\/wp\/v2\/tags?post=7293"}],"curies":[{"name":"wp","href":"https:\/\/api.w.org\/{rel}","templated":true}]}}