{"id":730,"date":"2013-02-03T21:54:00","date_gmt":"2013-02-03T20:54:00","guid":{"rendered":"http:\/\/blogg.svenskakyrkan.se\/vandravagen\/2013\/02\/03\/veckans-favorittweets-9\/"},"modified":"2013-02-03T21:54:00","modified_gmt":"2013-02-03T20:54:00","slug":"veckans-favorittweets-9","status":"publish","type":"post","link":"https:\/\/blogg.svenskakyrkan.se\/vandravagen\/2013\/02\/03\/veckans-favorittweets-9\/","title":{"rendered":"Veckans favorittweets!"},"content":{"rendered":"<div>Dags att sammanfatta twitterveckan igen med klokheter, fyndigheter och annat. Enligt traditionen b\u00f6rjar vi fromt, g\u00e5r \u00f6ver klokt och hamnar till slut i roligt.\u00a0<\/div>\n<div><\/div>\n<div><\/div>\n<div>Nu blev det visst inte mycket fromt den h\u00e4r g\u00e5ngen. Faktiskt bara ett g\u00e4ng ord av en och samme man, Brian Zahnd. Honom ska ni f\u00f6lja om ni har twitter. L\u00e4s h\u00e4r:<\/div>\n<div><a href=\"http:\/\/1.bp.blogspot.com\/-r_ab-ZQK9Go\/UQ68TOBqB1I\/AAAAAAAACEs\/OSRnItAE2j8\/s1600\/2.jpg\"><img loading=\"lazy\" decoding=\"async\" border=\"0\" height=\"82\" src=\"http:\/\/1.bp.blogspot.com\/-r_ab-ZQK9Go\/UQ68TOBqB1I\/AAAAAAAACEs\/OSRnItAE2j8\/s400\/2.jpg\" width=\"400\"><\/a><\/div>\n<div><\/div>\n<div><a href=\"http:\/\/4.bp.blogspot.com\/-VDvdmGvK_24\/UQ68Xz_tNXI\/AAAAAAAACFo\/BIg_sU8fQrs\/s1600\/8.jpg\"><img loading=\"lazy\" decoding=\"async\" border=\"0\" height=\"65\" src=\"http:\/\/4.bp.blogspot.com\/-VDvdmGvK_24\/UQ68Xz_tNXI\/AAAAAAAACFo\/BIg_sU8fQrs\/s400\/8.jpg\" width=\"400\"><\/a><\/div>\n<div>Som ni ser tar han upp mitt favorit\u00e4mne gnosticismen FLERA g\u00e5nger!\u00a0<\/div>\n<div>Och h\u00e4r \u00e4r n\u00e5got att t\u00e4nka p\u00e5:<\/div>\n<div><\/div>\n<div><a href=\"http:\/\/2.bp.blogspot.com\/-ongFNp7CxQI\/UQ68WB_XmZI\/AAAAAAAACFM\/lhGrZngaVkw\/s1600\/3.jpg\"><img loading=\"lazy\" decoding=\"async\" border=\"0\" height=\"57\" src=\"http:\/\/2.bp.blogspot.com\/-ongFNp7CxQI\/UQ68WB_XmZI\/AAAAAAAACFM\/lhGrZngaVkw\/s400\/3.jpg\" width=\"400\"><\/a><\/div>\n<div><\/div>\n<div><\/div>\n<div><a href=\"http:\/\/3.bp.blogspot.com\/-0v5q9s6AzHI\/UQ68YDIgg2I\/AAAAAAAACFw\/D78xnmvq-3w\/s1600\/7.jpg\"><img loading=\"lazy\" decoding=\"async\" border=\"0\" height=\"87\" src=\"http:\/\/3.bp.blogspot.com\/-0v5q9s6AzHI\/UQ68YDIgg2I\/AAAAAAAACFw\/D78xnmvq-3w\/s400\/7.jpg\" width=\"400\"><\/a><\/div>\n<div><\/div>\n<div><\/div>\n<div>Desto fler d\u00e5 av kloka tweets:<\/div>\n<div><\/div>\n<div><\/div>\n<div><a href=\"http:\/\/3.bp.blogspot.com\/-4Rc9eCTu9NE\/UQ68QEaA6vI\/AAAAAAAACEA\/YfRyVGwSlao\/s1600\/15.jpg\"><img loading=\"lazy\" decoding=\"async\" border=\"0\" height=\"66\" src=\"http:\/\/3.bp.blogspot.com\/-4Rc9eCTu9NE\/UQ68QEaA6vI\/AAAAAAAACEA\/YfRyVGwSlao\/s400\/15.jpg\" width=\"400\"><\/a><\/div>\n<div><\/div>\n<div><a href=\"http:\/\/1.bp.blogspot.com\/-yZvioRbJa2k\/UQ68Rqx6HPI\/AAAAAAAACEU\/GpfL7bAkqHg\/s1600\/17.jpg\"><img loading=\"lazy\" decoding=\"async\" border=\"0\" height=\"78\" src=\"http:\/\/1.bp.blogspot.com\/-yZvioRbJa2k\/UQ68Rqx6HPI\/AAAAAAAACEU\/GpfL7bAkqHg\/s400\/17.jpg\" width=\"400\"><\/a><\/div>\n<\/p>\n<div><\/div>\n<div><a href=\"http:\/\/3.bp.blogspot.com\/-p7fA_8zHYtU\/UQ68Tzxp78I\/AAAAAAAACE4\/KWoC3xsHgKk\/s1600\/19.jpg\"><img loading=\"lazy\" decoding=\"async\" border=\"0\" height=\"65\" src=\"http:\/\/3.bp.blogspot.com\/-p7fA_8zHYtU\/UQ68Tzxp78I\/AAAAAAAACE4\/KWoC3xsHgKk\/s400\/19.jpg\" width=\"400\"><\/a><\/div>\n<div><\/div>\n<div><a href=\"http:\/\/4.bp.blogspot.com\/-kL4QJz-33cc\/UQ68Te-RgDI\/AAAAAAAACE8\/klOr88hnrvE\/s1600\/21.jpg\"><img loading=\"lazy\" decoding=\"async\" border=\"0\" height=\"75\" src=\"http:\/\/4.bp.blogspot.com\/-kL4QJz-33cc\/UQ68Te-RgDI\/AAAAAAAACE8\/klOr88hnrvE\/s400\/21.jpg\" width=\"400\"><\/a><\/div>\n<div><\/div>\n<div><a href=\"http:\/\/1.bp.blogspot.com\/-VZd9NJ5lT3g\/UQ68W5GgCoI\/AAAAAAAACFY\/mYqSsyerIXo\/s1600\/5.jpg\"><img loading=\"lazy\" decoding=\"async\" border=\"0\" height=\"78\" src=\"http:\/\/1.bp.blogspot.com\/-VZd9NJ5lT3g\/UQ68W5GgCoI\/AAAAAAAACFY\/mYqSsyerIXo\/s400\/5.jpg\" width=\"400\"><\/a><\/div>\n<div><\/div>\n<div><\/div>\n<div>Och s\u00e5 n\u00e5gra finurligheter p\u00e5 slutet:<\/div>\n<div><\/div>\n<div><a href=\"http:\/\/1.bp.blogspot.com\/-PjuJjRuAkAA\/UQ68QGSk1bI\/AAAAAAAACEE\/IEYcknTYKgc\/s1600\/13.jpg\"><img loading=\"lazy\" decoding=\"async\" border=\"0\" height=\"67\" src=\"http:\/\/1.bp.blogspot.com\/-PjuJjRuAkAA\/UQ68QGSk1bI\/AAAAAAAACEE\/IEYcknTYKgc\/s400\/13.jpg\" width=\"400\"><\/a><\/div>\n<div><\/div>\n<div><a href=\"http:\/\/3.bp.blogspot.com\/-B5tiIrtVZN8\/UQ68YReA0mI\/AAAAAAAACF8\/t-pV28YAuzE\/s1600\/9.jpg\"><img loading=\"lazy\" decoding=\"async\" border=\"0\" height=\"65\" src=\"http:\/\/3.bp.blogspot.com\/-B5tiIrtVZN8\/UQ68YReA0mI\/AAAAAAAACF8\/t-pV28YAuzE\/s400\/9.jpg\" width=\"400\"><\/a><\/div>\n<\/p>\n<div><a href=\"http:\/\/2.bp.blogspot.com\/-KiOcpiZzIl8\/UQ68QHAhiyI\/AAAAAAAACEQ\/qdV2YC6yUN0\/s1600\/10.jpg\"><img loading=\"lazy\" decoding=\"async\" border=\"0\" height=\"70\" src=\"http:\/\/2.bp.blogspot.com\/-KiOcpiZzIl8\/UQ68QHAhiyI\/AAAAAAAACEQ\/qdV2YC6yUN0\/s400\/10.jpg\" width=\"400\"><\/a><\/div>\n<div><a href=\"http:\/\/3.bp.blogspot.com\/-sBZA1K1el8M\/UQ68SMeYgXI\/AAAAAAAACEY\/FZCs0Xk4db4\/s1600\/16.jpg\"><img loading=\"lazy\" decoding=\"async\" border=\"0\" height=\"71\" src=\"http:\/\/3.bp.blogspot.com\/-sBZA1K1el8M\/UQ68SMeYgXI\/AAAAAAAACEY\/FZCs0Xk4db4\/s400\/16.jpg\" width=\"400\"><\/a><\/div>\n<div><\/div>\n<\/p>\n<div><a href=\"http:\/\/1.bp.blogspot.com\/-gjcN-2mXbHE\/UQ68SRa_jbI\/AAAAAAAACEg\/IPLcfeM2AsY\/s1600\/18.jpg\"><img loading=\"lazy\" decoding=\"async\" border=\"0\" height=\"68\" src=\"http:\/\/1.bp.blogspot.com\/-gjcN-2mXbHE\/UQ68SRa_jbI\/AAAAAAAACEg\/IPLcfeM2AsY\/s400\/18.jpg\" width=\"400\"><\/a><\/div>\n<\/p>\n<div><a href=\"http:\/\/4.bp.blogspot.com\/-59_x7Zv_6oM\/UQ68WOqyXmI\/AAAAAAAACFg\/akwi4MUMpG8\/s1600\/4.jpg\"><img loading=\"lazy\" decoding=\"async\" border=\"0\" height=\"70\" src=\"http:\/\/4.bp.blogspot.com\/-59_x7Zv_6oM\/UQ68WOqyXmI\/AAAAAAAACFg\/akwi4MUMpG8\/s400\/4.jpg\" width=\"400\"><\/a><\/div>\n<\/p>\n<div>Veckans b\u00e4sta tweet kommer fr\u00e5n gummidjuret:<\/div>\n<\/p>\n<div><a href=\"http:\/\/2.bp.blogspot.com\/-9YLDZgErGNo\/UQ68V7ZfZqI\/AAAAAAAACFI\/f1pXAVRKA00\/s1600\/22.jpg\"><img loading=\"lazy\" decoding=\"async\" border=\"0\" height=\"66\" src=\"http:\/\/2.bp.blogspot.com\/-9YLDZgErGNo\/UQ68V7ZfZqI\/AAAAAAAACFI\/f1pXAVRKA00\/s400\/22.jpg\" width=\"400\"><\/a><\/div>\n","protected":false},"excerpt":{"rendered":"<p>Dags att sammanfatta twitterveckan igen med klokheter, fyndigheter och annat. Enligt traditionen b\u00f6rjar vi fromt, g\u00e5r \u00f6ver klokt och hamnar till slut i roligt.\u00a0 Nu blev det visst inte mycket fromt den h\u00e4r g\u00e5ngen. Faktiskt bara ett g\u00e4ng ord av en och samme man, Brian Zahnd. Honom ska ni f\u00f6lja om ni har twitter. L\u00e4s [&hellip;]<\/p>\n","protected":false},"author":392,"featured_media":0,"comment_status":"open","ping_status":"open","sticky":false,"template":"","format":"standard","meta":{"_acf_changed":false,"footnotes":""},"categories":[76766],"tags":[],"class_list":["post-730","post","type-post","status-publish","format-standard","hentry","category-blandat"],"acf":[],"yoast_head":"<!-- This site is optimized with the Yoast SEO plugin v27.1.1 - https:\/\/yoast.com\/product\/yoast-seo-wordpress\/ -->\n<title>Veckans favorittweets! - Vandra V\u00e4gen<\/title>\n<meta name=\"robots\" content=\"index, follow, max-snippet:-1, max-image-preview:large, max-video-preview:-1\" \/>\n<link rel=\"canonical\" href=\"https:\/\/blogg.svenskakyrkan.se\/vandravagen\/2013\/02\/03\/veckans-favorittweets-9\/\" \/>\n<meta property=\"og:locale\" content=\"sv_SE\" \/>\n<meta property=\"og:type\" content=\"article\" \/>\n<meta property=\"og:title\" content=\"Veckans favorittweets! - Vandra V\u00e4gen\" \/>\n<meta property=\"og:description\" content=\"Dags att sammanfatta twitterveckan igen med klokheter, fyndigheter och annat. Enligt traditionen b\u00f6rjar vi fromt, g\u00e5r \u00f6ver klokt och hamnar till slut i roligt.\u00a0 Nu blev det visst inte mycket fromt den h\u00e4r g\u00e5ngen. Faktiskt bara ett g\u00e4ng ord av en och samme man, Brian Zahnd. Honom ska ni f\u00f6lja om ni har twitter. L\u00e4s [&hellip;]\" \/>\n<meta property=\"og:url\" content=\"https:\/\/blogg.svenskakyrkan.se\/vandravagen\/2013\/02\/03\/veckans-favorittweets-9\/\" \/>\n<meta property=\"og:site_name\" content=\"Vandra V\u00e4gen\" \/>\n<meta property=\"article:publisher\" content=\"http:\/\/facebook.com\/vandravagen\" \/>\n<meta property=\"article:published_time\" content=\"2013-02-03T20:54:00+00:00\" \/>\n<meta property=\"og:image\" content=\"http:\/\/1.bp.blogspot.com\/-r_ab-ZQK9Go\/UQ68TOBqB1I\/AAAAAAAACEs\/OSRnItAE2j8\/s400\/2.jpg\" \/>\n<meta name=\"author\" content=\"Tomas Jarvid\" \/>\n<meta name=\"twitter:card\" content=\"summary_large_image\" \/>\n<meta name=\"twitter:creator\" content=\"@fadertomas\" \/>\n<meta name=\"twitter:site\" content=\"@fadertomas\" \/>\n<meta name=\"twitter:label1\" content=\"Skriven av\" \/>\n\t<meta name=\"twitter:data1\" content=\"Tomas Jarvid\" \/>\n\t<meta name=\"twitter:label2\" content=\"Ber\u00e4knad l\u00e4stid\" \/>\n\t<meta name=\"twitter:data2\" content=\"1 minut\" \/>\n<script type=\"application\/ld+json\" class=\"yoast-schema-graph\">{\"@context\":\"https:\/\/schema.org\",\"@graph\":[{\"@type\":\"Article\",\"@id\":\"https:\/\/blogg.svenskakyrkan.se\/vandravagen\/2013\/02\/03\/veckans-favorittweets-9\/#article\",\"isPartOf\":{\"@id\":\"https:\/\/blogg.svenskakyrkan.se\/vandravagen\/2013\/02\/03\/veckans-favorittweets-9\/\"},\"author\":{\"name\":\"Tomas Jarvid\",\"@id\":\"https:\/\/blogg.svenskakyrkan.se\/vandravagen\/#\/schema\/person\/25da02d4f76b137d04291711e2c9fc16\"},\"headline\":\"Veckans favorittweets!\",\"datePublished\":\"2013-02-03T20:54:00+00:00\",\"mainEntityOfPage\":{\"@id\":\"https:\/\/blogg.svenskakyrkan.se\/vandravagen\/2013\/02\/03\/veckans-favorittweets-9\/\"},\"wordCount\":110,\"commentCount\":0,\"publisher\":{\"@id\":\"https:\/\/blogg.svenskakyrkan.se\/vandravagen\/#organization\"},\"image\":{\"@id\":\"https:\/\/blogg.svenskakyrkan.se\/vandravagen\/2013\/02\/03\/veckans-favorittweets-9\/#primaryimage\"},\"thumbnailUrl\":\"http:\/\/1.bp.blogspot.com\/-r_ab-ZQK9Go\/UQ68TOBqB1I\/AAAAAAAACEs\/OSRnItAE2j8\/s400\/2.jpg\",\"articleSection\":[\"blandat\"],\"inLanguage\":\"sv-SE\",\"potentialAction\":[{\"@type\":\"CommentAction\",\"name\":\"Comment\",\"target\":[\"https:\/\/blogg.svenskakyrkan.se\/vandravagen\/2013\/02\/03\/veckans-favorittweets-9\/#respond\"]}]},{\"@type\":\"WebPage\",\"@id\":\"https:\/\/blogg.svenskakyrkan.se\/vandravagen\/2013\/02\/03\/veckans-favorittweets-9\/\",\"url\":\"https:\/\/blogg.svenskakyrkan.se\/vandravagen\/2013\/02\/03\/veckans-favorittweets-9\/\",\"name\":\"Veckans favorittweets! - Vandra V\u00e4gen\",\"isPartOf\":{\"@id\":\"https:\/\/blogg.svenskakyrkan.se\/vandravagen\/#website\"},\"primaryImageOfPage\":{\"@id\":\"https:\/\/blogg.svenskakyrkan.se\/vandravagen\/2013\/02\/03\/veckans-favorittweets-9\/#primaryimage\"},\"image\":{\"@id\":\"https:\/\/blogg.svenskakyrkan.se\/vandravagen\/2013\/02\/03\/veckans-favorittweets-9\/#primaryimage\"},\"thumbnailUrl\":\"http:\/\/1.bp.blogspot.com\/-r_ab-ZQK9Go\/UQ68TOBqB1I\/AAAAAAAACEs\/OSRnItAE2j8\/s400\/2.jpg\",\"datePublished\":\"2013-02-03T20:54:00+00:00\",\"breadcrumb\":{\"@id\":\"https:\/\/blogg.svenskakyrkan.se\/vandravagen\/2013\/02\/03\/veckans-favorittweets-9\/#breadcrumb\"},\"inLanguage\":\"sv-SE\",\"potentialAction\":[{\"@type\":\"ReadAction\",\"target\":[\"https:\/\/blogg.svenskakyrkan.se\/vandravagen\/2013\/02\/03\/veckans-favorittweets-9\/\"]}]},{\"@type\":\"ImageObject\",\"inLanguage\":\"sv-SE\",\"@id\":\"https:\/\/blogg.svenskakyrkan.se\/vandravagen\/2013\/02\/03\/veckans-favorittweets-9\/#primaryimage\",\"url\":\"http:\/\/1.bp.blogspot.com\/-r_ab-ZQK9Go\/UQ68TOBqB1I\/AAAAAAAACEs\/OSRnItAE2j8\/s400\/2.jpg\",\"contentUrl\":\"http:\/\/1.bp.blogspot.com\/-r_ab-ZQK9Go\/UQ68TOBqB1I\/AAAAAAAACEs\/OSRnItAE2j8\/s400\/2.jpg\"},{\"@type\":\"BreadcrumbList\",\"@id\":\"https:\/\/blogg.svenskakyrkan.se\/vandravagen\/2013\/02\/03\/veckans-favorittweets-9\/#breadcrumb\",\"itemListElement\":[{\"@type\":\"ListItem\",\"position\":1,\"name\":\"Hem\",\"item\":\"https:\/\/blogg.svenskakyrkan.se\/vandravagen\/\"},{\"@type\":\"ListItem\",\"position\":2,\"name\":\"Veckans favorittweets!\"}]},{\"@type\":\"WebSite\",\"@id\":\"https:\/\/blogg.svenskakyrkan.se\/vandravagen\/#website\",\"url\":\"https:\/\/blogg.svenskakyrkan.se\/vandravagen\/\",\"name\":\"Vandra V\u00e4gen\",\"description\":\"-Mot en tro f\u00f6r hela livet\",\"publisher\":{\"@id\":\"https:\/\/blogg.svenskakyrkan.se\/vandravagen\/#organization\"},\"potentialAction\":[{\"@type\":\"SearchAction\",\"target\":{\"@type\":\"EntryPoint\",\"urlTemplate\":\"https:\/\/blogg.svenskakyrkan.se\/vandravagen\/?s={search_term_string}\"},\"query-input\":{\"@type\":\"PropertyValueSpecification\",\"valueRequired\":true,\"valueName\":\"search_term_string\"}}],\"inLanguage\":\"sv-SE\"},{\"@type\":\"Organization\",\"@id\":\"https:\/\/blogg.svenskakyrkan.se\/vandravagen\/#organization\",\"name\":\"ulricehamns pastorat\",\"alternateName\":\"ulricehamns pastorat\",\"url\":\"https:\/\/blogg.svenskakyrkan.se\/vandravagen\/\",\"logo\":{\"@type\":\"ImageObject\",\"inLanguage\":\"sv-SE\",\"@id\":\"https:\/\/blogg.svenskakyrkan.se\/vandravagen\/#\/schema\/logo\/image\/\",\"url\":\"https:\/\/blogg.svenskakyrkan.se\/vandravagen\/files\/2023\/05\/Ulr_logo_RGB.png\",\"contentUrl\":\"https:\/\/blogg.svenskakyrkan.se\/vandravagen\/files\/2023\/05\/Ulr_logo_RGB.png\",\"width\":205,\"height\":77,\"caption\":\"ulricehamns pastorat\"},\"image\":{\"@id\":\"https:\/\/blogg.svenskakyrkan.se\/vandravagen\/#\/schema\/logo\/image\/\"},\"sameAs\":[\"http:\/\/facebook.com\/vandravagen\",\"https:\/\/x.com\/fadertomas\",\"http:\/\/www.facebook.com\/svenskakyrkaniulricehamn\"]},{\"@type\":\"Person\",\"@id\":\"https:\/\/blogg.svenskakyrkan.se\/vandravagen\/#\/schema\/person\/25da02d4f76b137d04291711e2c9fc16\",\"name\":\"Tomas Jarvid\",\"image\":{\"@type\":\"ImageObject\",\"inLanguage\":\"sv-SE\",\"@id\":\"https:\/\/blogg.svenskakyrkan.se\/vandravagen\/#\/schema\/person\/image\/\",\"url\":\"https:\/\/secure.gravatar.com\/avatar\/7fa71899795e8f540f615a1f5ab25255dc27aa40f05ee7ddd21aac521e01bf50?s=96&d=identicon&r=g\",\"contentUrl\":\"https:\/\/secure.gravatar.com\/avatar\/7fa71899795e8f540f615a1f5ab25255dc27aa40f05ee7ddd21aac521e01bf50?s=96&d=identicon&r=g\",\"caption\":\"Tomas Jarvid\"},\"description\":\"Jag bor i Ulricehamn i V\u00e4sterg\u00f6tland och \u00e4r f\u00f6rsamlingspr\u00e4st i Svenska Kyrkan f\u00f6r Dalstorps f\u00f6rsamling i Kinds pastorat. P\u00e5 den h\u00e4r bloggen skriver jag ner tankar om vandringen som kristen.\",\"sameAs\":[\"http:\/\/www.vandravagen.se\"],\"url\":\"https:\/\/blogg.svenskakyrkan.se\/vandravagen\/author\/vandravagen\/\"}]}<\/script>\n<!-- \/ Yoast SEO plugin. -->","yoast_head_json":{"title":"Veckans favorittweets! - Vandra V\u00e4gen","robots":{"index":"index","follow":"follow","max-snippet":"max-snippet:-1","max-image-preview":"max-image-preview:large","max-video-preview":"max-video-preview:-1"},"canonical":"https:\/\/blogg.svenskakyrkan.se\/vandravagen\/2013\/02\/03\/veckans-favorittweets-9\/","og_locale":"sv_SE","og_type":"article","og_title":"Veckans favorittweets! - Vandra V\u00e4gen","og_description":"Dags att sammanfatta twitterveckan igen med klokheter, fyndigheter och annat. Enligt traditionen b\u00f6rjar vi fromt, g\u00e5r \u00f6ver klokt och hamnar till slut i roligt.\u00a0 Nu blev det visst inte mycket fromt den h\u00e4r g\u00e5ngen. Faktiskt bara ett g\u00e4ng ord av en och samme man, Brian Zahnd. Honom ska ni f\u00f6lja om ni har twitter. L\u00e4s [&hellip;]","og_url":"https:\/\/blogg.svenskakyrkan.se\/vandravagen\/2013\/02\/03\/veckans-favorittweets-9\/","og_site_name":"Vandra V\u00e4gen","article_publisher":"http:\/\/facebook.com\/vandravagen","article_published_time":"2013-02-03T20:54:00+00:00","og_image":[{"url":"http:\/\/1.bp.blogspot.com\/-r_ab-ZQK9Go\/UQ68TOBqB1I\/AAAAAAAACEs\/OSRnItAE2j8\/s400\/2.jpg","type":"","width":"","height":""}],"author":"Tomas Jarvid","twitter_card":"summary_large_image","twitter_creator":"@fadertomas","twitter_site":"@fadertomas","twitter_misc":{"Skriven av":"Tomas Jarvid","Ber\u00e4knad l\u00e4stid":"1 minut"},"schema":{"@context":"https:\/\/schema.org","@graph":[{"@type":"Article","@id":"https:\/\/blogg.svenskakyrkan.se\/vandravagen\/2013\/02\/03\/veckans-favorittweets-9\/#article","isPartOf":{"@id":"https:\/\/blogg.svenskakyrkan.se\/vandravagen\/2013\/02\/03\/veckans-favorittweets-9\/"},"author":{"name":"Tomas Jarvid","@id":"https:\/\/blogg.svenskakyrkan.se\/vandravagen\/#\/schema\/person\/25da02d4f76b137d04291711e2c9fc16"},"headline":"Veckans favorittweets!","datePublished":"2013-02-03T20:54:00+00:00","mainEntityOfPage":{"@id":"https:\/\/blogg.svenskakyrkan.se\/vandravagen\/2013\/02\/03\/veckans-favorittweets-9\/"},"wordCount":110,"commentCount":0,"publisher":{"@id":"https:\/\/blogg.svenskakyrkan.se\/vandravagen\/#organization"},"image":{"@id":"https:\/\/blogg.svenskakyrkan.se\/vandravagen\/2013\/02\/03\/veckans-favorittweets-9\/#primaryimage"},"thumbnailUrl":"http:\/\/1.bp.blogspot.com\/-r_ab-ZQK9Go\/UQ68TOBqB1I\/AAAAAAAACEs\/OSRnItAE2j8\/s400\/2.jpg","articleSection":["blandat"],"inLanguage":"sv-SE","potentialAction":[{"@type":"CommentAction","name":"Comment","target":["https:\/\/blogg.svenskakyrkan.se\/vandravagen\/2013\/02\/03\/veckans-favorittweets-9\/#respond"]}]},{"@type":"WebPage","@id":"https:\/\/blogg.svenskakyrkan.se\/vandravagen\/2013\/02\/03\/veckans-favorittweets-9\/","url":"https:\/\/blogg.svenskakyrkan.se\/vandravagen\/2013\/02\/03\/veckans-favorittweets-9\/","name":"Veckans favorittweets! - Vandra V\u00e4gen","isPartOf":{"@id":"https:\/\/blogg.svenskakyrkan.se\/vandravagen\/#website"},"primaryImageOfPage":{"@id":"https:\/\/blogg.svenskakyrkan.se\/vandravagen\/2013\/02\/03\/veckans-favorittweets-9\/#primaryimage"},"image":{"@id":"https:\/\/blogg.svenskakyrkan.se\/vandravagen\/2013\/02\/03\/veckans-favorittweets-9\/#primaryimage"},"thumbnailUrl":"http:\/\/1.bp.blogspot.com\/-r_ab-ZQK9Go\/UQ68TOBqB1I\/AAAAAAAACEs\/OSRnItAE2j8\/s400\/2.jpg","datePublished":"2013-02-03T20:54:00+00:00","breadcrumb":{"@id":"https:\/\/blogg.svenskakyrkan.se\/vandravagen\/2013\/02\/03\/veckans-favorittweets-9\/#breadcrumb"},"inLanguage":"sv-SE","potentialAction":[{"@type":"ReadAction","target":["https:\/\/blogg.svenskakyrkan.se\/vandravagen\/2013\/02\/03\/veckans-favorittweets-9\/"]}]},{"@type":"ImageObject","inLanguage":"sv-SE","@id":"https:\/\/blogg.svenskakyrkan.se\/vandravagen\/2013\/02\/03\/veckans-favorittweets-9\/#primaryimage","url":"http:\/\/1.bp.blogspot.com\/-r_ab-ZQK9Go\/UQ68TOBqB1I\/AAAAAAAACEs\/OSRnItAE2j8\/s400\/2.jpg","contentUrl":"http:\/\/1.bp.blogspot.com\/-r_ab-ZQK9Go\/UQ68TOBqB1I\/AAAAAAAACEs\/OSRnItAE2j8\/s400\/2.jpg"},{"@type":"BreadcrumbList","@id":"https:\/\/blogg.svenskakyrkan.se\/vandravagen\/2013\/02\/03\/veckans-favorittweets-9\/#breadcrumb","itemListElement":[{"@type":"ListItem","position":1,"name":"Hem","item":"https:\/\/blogg.svenskakyrkan.se\/vandravagen\/"},{"@type":"ListItem","position":2,"name":"Veckans favorittweets!"}]},{"@type":"WebSite","@id":"https:\/\/blogg.svenskakyrkan.se\/vandravagen\/#website","url":"https:\/\/blogg.svenskakyrkan.se\/vandravagen\/","name":"Vandra V\u00e4gen","description":"-Mot en tro f\u00f6r hela livet","publisher":{"@id":"https:\/\/blogg.svenskakyrkan.se\/vandravagen\/#organization"},"potentialAction":[{"@type":"SearchAction","target":{"@type":"EntryPoint","urlTemplate":"https:\/\/blogg.svenskakyrkan.se\/vandravagen\/?s={search_term_string}"},"query-input":{"@type":"PropertyValueSpecification","valueRequired":true,"valueName":"search_term_string"}}],"inLanguage":"sv-SE"},{"@type":"Organization","@id":"https:\/\/blogg.svenskakyrkan.se\/vandravagen\/#organization","name":"ulricehamns pastorat","alternateName":"ulricehamns pastorat","url":"https:\/\/blogg.svenskakyrkan.se\/vandravagen\/","logo":{"@type":"ImageObject","inLanguage":"sv-SE","@id":"https:\/\/blogg.svenskakyrkan.se\/vandravagen\/#\/schema\/logo\/image\/","url":"https:\/\/blogg.svenskakyrkan.se\/vandravagen\/files\/2023\/05\/Ulr_logo_RGB.png","contentUrl":"https:\/\/blogg.svenskakyrkan.se\/vandravagen\/files\/2023\/05\/Ulr_logo_RGB.png","width":205,"height":77,"caption":"ulricehamns pastorat"},"image":{"@id":"https:\/\/blogg.svenskakyrkan.se\/vandravagen\/#\/schema\/logo\/image\/"},"sameAs":["http:\/\/facebook.com\/vandravagen","https:\/\/x.com\/fadertomas","http:\/\/www.facebook.com\/svenskakyrkaniulricehamn"]},{"@type":"Person","@id":"https:\/\/blogg.svenskakyrkan.se\/vandravagen\/#\/schema\/person\/25da02d4f76b137d04291711e2c9fc16","name":"Tomas Jarvid","image":{"@type":"ImageObject","inLanguage":"sv-SE","@id":"https:\/\/blogg.svenskakyrkan.se\/vandravagen\/#\/schema\/person\/image\/","url":"https:\/\/secure.gravatar.com\/avatar\/7fa71899795e8f540f615a1f5ab25255dc27aa40f05ee7ddd21aac521e01bf50?s=96&d=identicon&r=g","contentUrl":"https:\/\/secure.gravatar.com\/avatar\/7fa71899795e8f540f615a1f5ab25255dc27aa40f05ee7ddd21aac521e01bf50?s=96&d=identicon&r=g","caption":"Tomas Jarvid"},"description":"Jag bor i Ulricehamn i V\u00e4sterg\u00f6tland och \u00e4r f\u00f6rsamlingspr\u00e4st i Svenska Kyrkan f\u00f6r Dalstorps f\u00f6rsamling i Kinds pastorat. P\u00e5 den h\u00e4r bloggen skriver jag ner tankar om vandringen som kristen.","sameAs":["http:\/\/www.vandravagen.se"],"url":"https:\/\/blogg.svenskakyrkan.se\/vandravagen\/author\/vandravagen\/"}]}},"author_meta":{"ID":"392","user_nicename":"vandravagen","user_url":"http:\/\/www.vandravagen.se","user_registered":"2014-05-19 05:44:52","display_name":"Tomas Jarvid","first_name":"Tomas","last_name":"Jarvid","avatar":"https:\/\/secure.gravatar.com\/avatar\/7fa71899795e8f540f615a1f5ab25255dc27aa40f05ee7ddd21aac521e01bf50?s=96&d=identicon&r=g"},"featured_image":false,"bloginfo":{"name":"Vandra V\u00e4gen","url":"https:\/\/blogg.svenskakyrkan.se\/vandravagen"},"_links":{"self":[{"href":"https:\/\/blogg.svenskakyrkan.se\/vandravagen\/wp-json\/wp\/v2\/posts\/730","targetHints":{"allow":["GET"]}}],"collection":[{"href":"https:\/\/blogg.svenskakyrkan.se\/vandravagen\/wp-json\/wp\/v2\/posts"}],"about":[{"href":"https:\/\/blogg.svenskakyrkan.se\/vandravagen\/wp-json\/wp\/v2\/types\/post"}],"author":[{"embeddable":true,"href":"https:\/\/blogg.svenskakyrkan.se\/vandravagen\/wp-json\/wp\/v2\/users\/392"}],"replies":[{"embeddable":true,"href":"https:\/\/blogg.svenskakyrkan.se\/vandravagen\/wp-json\/wp\/v2\/comments?post=730"}],"version-history":[{"count":0,"href":"https:\/\/blogg.svenskakyrkan.se\/vandravagen\/wp-json\/wp\/v2\/posts\/730\/revisions"}],"wp:attachment":[{"href":"https:\/\/blogg.svenskakyrkan.se\/vandravagen\/wp-json\/wp\/v2\/media?parent=730"}],"wp:term":[{"taxonomy":"category","embeddable":true,"href":"https:\/\/blogg.svenskakyrkan.se\/vandravagen\/wp-json\/wp\/v2\/categories?post=730"},{"taxonomy":"post_tag","embeddable":true,"href":"https:\/\/blogg.svenskakyrkan.se\/vandravagen\/wp-json\/wp\/v2\/tags?post=730"}],"curies":[{"name":"wp","href":"https:\/\/api.w.org\/{rel}","templated":true}]}}