{"id":7300,"date":"2019-07-22T07:00:48","date_gmt":"2019-07-22T05:00:48","guid":{"rendered":"http:\/\/blogg.svenskakyrkan.se\/vandravagen\/?p=7300"},"modified":"2019-07-21T23:13:27","modified_gmt":"2019-07-21T21:13:27","slug":"en-prast-laser-rasmus-pa-luffen","status":"publish","type":"post","link":"https:\/\/blogg.svenskakyrkan.se\/vandravagen\/2019\/07\/22\/en-prast-laser-rasmus-pa-luffen\/","title":{"rendered":"En pr\u00e4st l\u00e4ser Rasmus p\u00e5 luffen"},"content":{"rendered":"<p>Nu har jag l\u00e4st \u00e4nnu en bra bok med barnen. Rasmus p\u00e5 luffen f\u00f6r att vara exakt.<\/p>\n<p>Jag hade i minnet r\u00e4tt vaga id\u00e9er om handlingen mer \u00e4n att han rymmer fr\u00e5n barnhemmet, att det \u00e4r n\u00e5got med bovar och att han f\u00e5r ett hem till slut p\u00e5 slutet. Det \u00e4r ju faktiskt ocks\u00e5 precis vad boken inneh\u00e5ller men det \u00e4r \u00e4nd\u00e5 fascinerande att uppleva den p\u00e5 nytt, och se barnens reaktioner.<\/p>\n<p>F\u00f6rst av allt \u00e4r det faktiskt v\u00e4ldigt gripande med skildringen av livet p\u00e5 barnhemmet. Det \u00e4r en k\u00e4nslom\u00e4ssigt v\u00e4ldigt p\u00e5ver milj\u00f6 att leva i samtidigt som det annars inte g\u00e5r direkt n\u00f6d p\u00e5 barnen d\u00e4r, Lindgren \u00f6verdriver inte men iscens\u00e4tter v\u00e4l. Sedan \u00e4r sp\u00e4nningen h\u00f6g genom hela boken och det \u00e4r en del gastkramande scener n\u00e4r de d\u00e4r bovarna dyker upp. Sedan \u00e4r det f\u00f6rst\u00e5s ocks\u00e5 v\u00e4ldigt r\u00f6rande p\u00e5 slutet n\u00e4r allt trots allt ordnar upp sig, p\u00e5 ett s\u00e4tt som ocks\u00e5 k\u00e4nns rimligt p\u00e5 sitt vis.<\/p>\n<p>Boken heter ju Rasmus <strong>p\u00e5 luffen\u00a0<\/strong>och i mina minnen \u00e4r det som att han vandrar runt med paradisoskar hur l\u00e4nge som helst, nu f\u00f6rst\u00e5r jag att det snarare \u00e4r 4-5 dagar eller n\u00e5got s\u00e5dant och att det nog skulle blivit en r\u00e4tt tr\u00f6stl\u00f6s historia annars med ett enahanda s\u00f6kande efter n\u00e4sta m\u00e5l mat. Att vara p\u00e5 luffen \u00e4r nog roligt men bara s\u00e5 l\u00e4nge man \u00e4r m\u00e4tt.<\/p>\n<p>Inte vet jag om det g\u00f6r n\u00e5gon skillnad alls att vara pr\u00e4st och l\u00e4sa den h\u00e4r boken. Det g\u00f6r nog mer skillnad att vara f\u00f6r\u00e4lder och sitta d\u00e4r med sina sm\u00e5 intill sig n\u00e4r man l\u00e4ser om Rasmus som en enda g\u00e5ng hade f\u00e5tt sitta i kn\u00e4t p\u00e5 fr\u00f6ken H\u00f6k p\u00e5 barnhemmet. Det v\u00e4cker ocks\u00e5 tankar p\u00e5 v\u00e5r tids tiggare och motsvarande personer i utkanten p\u00e5 samh\u00e4llet. Oskar litar inte p\u00e5 myndigheterna och det \u00e4r fullt f\u00f6rst\u00e5eligt fr\u00e5n hans perspektiv eftersom de inte heller tror v\u00e4l om honom. D\u00e4r \u00e4r historien ocks\u00e5 v\u00e4ldigt aktuell.<\/p>\n<p>Jag s\u00e4tter nog upp Rasmus p\u00e5 luffen betydligt h\u00f6gre \u00e4n jag v\u00e4ntat mig p\u00e5 Astrid Lindgren-toppen. Vad har du f\u00f6r relation till den boken? Skriv en rad och ber\u00e4tta!<\/p>\n","protected":false},"excerpt":{"rendered":"<p>Nu har jag l\u00e4st \u00e4nnu en bra bok med barnen. Rasmus p\u00e5 luffen f\u00f6r att vara exakt. Jag hade i minnet r\u00e4tt vaga id\u00e9er om handlingen mer \u00e4n att han rymmer fr\u00e5n barnhemmet, att det \u00e4r n\u00e5got med bovar och att han f\u00e5r ett hem till slut p\u00e5 slutet. Det \u00e4r ju faktiskt ocks\u00e5 precis [&hellip;]<\/p>\n","protected":false},"author":392,"featured_media":7301,"comment_status":"open","ping_status":"open","sticky":false,"template":"","format":"standard","meta":{"_acf_changed":false,"footnotes":""},"categories":[8253,42374],"tags":[],"class_list":["post-7300","post","type-post","status-publish","format-standard","has-post-thumbnail","hentry","category-bocker","category-boktips"],"acf":[],"yoast_head":"<!-- This site is optimized with the Yoast SEO plugin v27.1.1 - https:\/\/yoast.com\/product\/yoast-seo-wordpress\/ -->\n<title>En pr\u00e4st l\u00e4ser Rasmus p\u00e5 luffen - Vandra V\u00e4gen<\/title>\n<meta name=\"robots\" content=\"index, follow, max-snippet:-1, max-image-preview:large, max-video-preview:-1\" \/>\n<link rel=\"canonical\" href=\"https:\/\/blogg.svenskakyrkan.se\/vandravagen\/2019\/07\/22\/en-prast-laser-rasmus-pa-luffen\/\" \/>\n<meta property=\"og:locale\" content=\"sv_SE\" \/>\n<meta property=\"og:type\" content=\"article\" \/>\n<meta property=\"og:title\" content=\"En pr\u00e4st l\u00e4ser Rasmus p\u00e5 luffen - Vandra V\u00e4gen\" \/>\n<meta property=\"og:description\" content=\"Nu har jag l\u00e4st \u00e4nnu en bra bok med barnen. Rasmus p\u00e5 luffen f\u00f6r att vara exakt. Jag hade i minnet r\u00e4tt vaga id\u00e9er om handlingen mer \u00e4n att han rymmer fr\u00e5n barnhemmet, att det \u00e4r n\u00e5got med bovar och att han f\u00e5r ett hem till slut p\u00e5 slutet. Det \u00e4r ju faktiskt ocks\u00e5 precis [&hellip;]\" \/>\n<meta property=\"og:url\" content=\"https:\/\/blogg.svenskakyrkan.se\/vandravagen\/2019\/07\/22\/en-prast-laser-rasmus-pa-luffen\/\" \/>\n<meta property=\"og:site_name\" content=\"Vandra V\u00e4gen\" \/>\n<meta property=\"article:publisher\" content=\"http:\/\/facebook.com\/vandravagen\" \/>\n<meta property=\"article:published_time\" content=\"2019-07-22T05:00:48+00:00\" \/>\n<meta name=\"author\" content=\"Tomas Jarvid\" \/>\n<meta name=\"twitter:card\" content=\"summary_large_image\" \/>\n<meta name=\"twitter:creator\" content=\"@fadertomas\" \/>\n<meta name=\"twitter:site\" content=\"@fadertomas\" \/>\n<meta name=\"twitter:label1\" content=\"Skriven av\" \/>\n\t<meta name=\"twitter:data1\" content=\"Tomas Jarvid\" \/>\n\t<meta name=\"twitter:label2\" content=\"Ber\u00e4knad l\u00e4stid\" \/>\n\t<meta name=\"twitter:data2\" content=\"2 minuter\" \/>\n<script type=\"application\/ld+json\" class=\"yoast-schema-graph\">{\"@context\":\"https:\/\/schema.org\",\"@graph\":[{\"@type\":\"Article\",\"@id\":\"https:\/\/blogg.svenskakyrkan.se\/vandravagen\/2019\/07\/22\/en-prast-laser-rasmus-pa-luffen\/#article\",\"isPartOf\":{\"@id\":\"https:\/\/blogg.svenskakyrkan.se\/vandravagen\/2019\/07\/22\/en-prast-laser-rasmus-pa-luffen\/\"},\"author\":{\"name\":\"Tomas Jarvid\",\"@id\":\"https:\/\/blogg.svenskakyrkan.se\/vandravagen\/#\/schema\/person\/25da02d4f76b137d04291711e2c9fc16\"},\"headline\":\"En pr\u00e4st l\u00e4ser Rasmus p\u00e5 luffen\",\"datePublished\":\"2019-07-22T05:00:48+00:00\",\"mainEntityOfPage\":{\"@id\":\"https:\/\/blogg.svenskakyrkan.se\/vandravagen\/2019\/07\/22\/en-prast-laser-rasmus-pa-luffen\/\"},\"wordCount\":431,\"commentCount\":4,\"publisher\":{\"@id\":\"https:\/\/blogg.svenskakyrkan.se\/vandravagen\/#organization\"},\"image\":{\"@id\":\"https:\/\/blogg.svenskakyrkan.se\/vandravagen\/2019\/07\/22\/en-prast-laser-rasmus-pa-luffen\/#primaryimage\"},\"thumbnailUrl\":\"https:\/\/blogg.svenskakyrkan.se\/vandravagen\/files\/2019\/07\/rasmus.jpg\",\"articleSection\":[\"b\u00f6cker\",\"boktips\"],\"inLanguage\":\"sv-SE\",\"potentialAction\":[{\"@type\":\"CommentAction\",\"name\":\"Comment\",\"target\":[\"https:\/\/blogg.svenskakyrkan.se\/vandravagen\/2019\/07\/22\/en-prast-laser-rasmus-pa-luffen\/#respond\"]}]},{\"@type\":\"WebPage\",\"@id\":\"https:\/\/blogg.svenskakyrkan.se\/vandravagen\/2019\/07\/22\/en-prast-laser-rasmus-pa-luffen\/\",\"url\":\"https:\/\/blogg.svenskakyrkan.se\/vandravagen\/2019\/07\/22\/en-prast-laser-rasmus-pa-luffen\/\",\"name\":\"En pr\u00e4st l\u00e4ser Rasmus p\u00e5 luffen - Vandra V\u00e4gen\",\"isPartOf\":{\"@id\":\"https:\/\/blogg.svenskakyrkan.se\/vandravagen\/#website\"},\"primaryImageOfPage\":{\"@id\":\"https:\/\/blogg.svenskakyrkan.se\/vandravagen\/2019\/07\/22\/en-prast-laser-rasmus-pa-luffen\/#primaryimage\"},\"image\":{\"@id\":\"https:\/\/blogg.svenskakyrkan.se\/vandravagen\/2019\/07\/22\/en-prast-laser-rasmus-pa-luffen\/#primaryimage\"},\"thumbnailUrl\":\"https:\/\/blogg.svenskakyrkan.se\/vandravagen\/files\/2019\/07\/rasmus.jpg\",\"datePublished\":\"2019-07-22T05:00:48+00:00\",\"breadcrumb\":{\"@id\":\"https:\/\/blogg.svenskakyrkan.se\/vandravagen\/2019\/07\/22\/en-prast-laser-rasmus-pa-luffen\/#breadcrumb\"},\"inLanguage\":\"sv-SE\",\"potentialAction\":[{\"@type\":\"ReadAction\",\"target\":[\"https:\/\/blogg.svenskakyrkan.se\/vandravagen\/2019\/07\/22\/en-prast-laser-rasmus-pa-luffen\/\"]}]},{\"@type\":\"ImageObject\",\"inLanguage\":\"sv-SE\",\"@id\":\"https:\/\/blogg.svenskakyrkan.se\/vandravagen\/2019\/07\/22\/en-prast-laser-rasmus-pa-luffen\/#primaryimage\",\"url\":\"https:\/\/blogg.svenskakyrkan.se\/vandravagen\/files\/2019\/07\/rasmus.jpg\",\"contentUrl\":\"https:\/\/blogg.svenskakyrkan.se\/vandravagen\/files\/2019\/07\/rasmus.jpg\",\"width\":2316,\"height\":2413,\"caption\":\"Rasmus p\u00e5 luffen av Astrid Lindgren\"},{\"@type\":\"BreadcrumbList\",\"@id\":\"https:\/\/blogg.svenskakyrkan.se\/vandravagen\/2019\/07\/22\/en-prast-laser-rasmus-pa-luffen\/#breadcrumb\",\"itemListElement\":[{\"@type\":\"ListItem\",\"position\":1,\"name\":\"Hem\",\"item\":\"https:\/\/blogg.svenskakyrkan.se\/vandravagen\/\"},{\"@type\":\"ListItem\",\"position\":2,\"name\":\"En pr\u00e4st l\u00e4ser Rasmus p\u00e5 luffen\"}]},{\"@type\":\"WebSite\",\"@id\":\"https:\/\/blogg.svenskakyrkan.se\/vandravagen\/#website\",\"url\":\"https:\/\/blogg.svenskakyrkan.se\/vandravagen\/\",\"name\":\"Vandra V\u00e4gen\",\"description\":\"-Mot en tro f\u00f6r hela livet\",\"publisher\":{\"@id\":\"https:\/\/blogg.svenskakyrkan.se\/vandravagen\/#organization\"},\"potentialAction\":[{\"@type\":\"SearchAction\",\"target\":{\"@type\":\"EntryPoint\",\"urlTemplate\":\"https:\/\/blogg.svenskakyrkan.se\/vandravagen\/?s={search_term_string}\"},\"query-input\":{\"@type\":\"PropertyValueSpecification\",\"valueRequired\":true,\"valueName\":\"search_term_string\"}}],\"inLanguage\":\"sv-SE\"},{\"@type\":\"Organization\",\"@id\":\"https:\/\/blogg.svenskakyrkan.se\/vandravagen\/#organization\",\"name\":\"ulricehamns pastorat\",\"alternateName\":\"ulricehamns pastorat\",\"url\":\"https:\/\/blogg.svenskakyrkan.se\/vandravagen\/\",\"logo\":{\"@type\":\"ImageObject\",\"inLanguage\":\"sv-SE\",\"@id\":\"https:\/\/blogg.svenskakyrkan.se\/vandravagen\/#\/schema\/logo\/image\/\",\"url\":\"https:\/\/blogg.svenskakyrkan.se\/vandravagen\/files\/2023\/05\/Ulr_logo_RGB.png\",\"contentUrl\":\"https:\/\/blogg.svenskakyrkan.se\/vandravagen\/files\/2023\/05\/Ulr_logo_RGB.png\",\"width\":205,\"height\":77,\"caption\":\"ulricehamns pastorat\"},\"image\":{\"@id\":\"https:\/\/blogg.svenskakyrkan.se\/vandravagen\/#\/schema\/logo\/image\/\"},\"sameAs\":[\"http:\/\/facebook.com\/vandravagen\",\"https:\/\/x.com\/fadertomas\",\"http:\/\/www.facebook.com\/svenskakyrkaniulricehamn\"]},{\"@type\":\"Person\",\"@id\":\"https:\/\/blogg.svenskakyrkan.se\/vandravagen\/#\/schema\/person\/25da02d4f76b137d04291711e2c9fc16\",\"name\":\"Tomas Jarvid\",\"image\":{\"@type\":\"ImageObject\",\"inLanguage\":\"sv-SE\",\"@id\":\"https:\/\/blogg.svenskakyrkan.se\/vandravagen\/#\/schema\/person\/image\/\",\"url\":\"https:\/\/secure.gravatar.com\/avatar\/7fa71899795e8f540f615a1f5ab25255dc27aa40f05ee7ddd21aac521e01bf50?s=96&d=identicon&r=g\",\"contentUrl\":\"https:\/\/secure.gravatar.com\/avatar\/7fa71899795e8f540f615a1f5ab25255dc27aa40f05ee7ddd21aac521e01bf50?s=96&d=identicon&r=g\",\"caption\":\"Tomas Jarvid\"},\"description\":\"Jag bor i Ulricehamn i V\u00e4sterg\u00f6tland och \u00e4r f\u00f6rsamlingspr\u00e4st i Svenska Kyrkan f\u00f6r Dalstorps f\u00f6rsamling i Kinds pastorat. P\u00e5 den h\u00e4r bloggen skriver jag ner tankar om vandringen som kristen.\",\"sameAs\":[\"http:\/\/www.vandravagen.se\"],\"url\":\"https:\/\/blogg.svenskakyrkan.se\/vandravagen\/author\/vandravagen\/\"}]}<\/script>\n<!-- \/ Yoast SEO plugin. -->","yoast_head_json":{"title":"En pr\u00e4st l\u00e4ser Rasmus p\u00e5 luffen - Vandra V\u00e4gen","robots":{"index":"index","follow":"follow","max-snippet":"max-snippet:-1","max-image-preview":"max-image-preview:large","max-video-preview":"max-video-preview:-1"},"canonical":"https:\/\/blogg.svenskakyrkan.se\/vandravagen\/2019\/07\/22\/en-prast-laser-rasmus-pa-luffen\/","og_locale":"sv_SE","og_type":"article","og_title":"En pr\u00e4st l\u00e4ser Rasmus p\u00e5 luffen - Vandra V\u00e4gen","og_description":"Nu har jag l\u00e4st \u00e4nnu en bra bok med barnen. Rasmus p\u00e5 luffen f\u00f6r att vara exakt. Jag hade i minnet r\u00e4tt vaga id\u00e9er om handlingen mer \u00e4n att han rymmer fr\u00e5n barnhemmet, att det \u00e4r n\u00e5got med bovar och att han f\u00e5r ett hem till slut p\u00e5 slutet. Det \u00e4r ju faktiskt ocks\u00e5 precis [&hellip;]","og_url":"https:\/\/blogg.svenskakyrkan.se\/vandravagen\/2019\/07\/22\/en-prast-laser-rasmus-pa-luffen\/","og_site_name":"Vandra V\u00e4gen","article_publisher":"http:\/\/facebook.com\/vandravagen","article_published_time":"2019-07-22T05:00:48+00:00","author":"Tomas Jarvid","twitter_card":"summary_large_image","twitter_creator":"@fadertomas","twitter_site":"@fadertomas","twitter_misc":{"Skriven av":"Tomas Jarvid","Ber\u00e4knad l\u00e4stid":"2 minuter"},"schema":{"@context":"https:\/\/schema.org","@graph":[{"@type":"Article","@id":"https:\/\/blogg.svenskakyrkan.se\/vandravagen\/2019\/07\/22\/en-prast-laser-rasmus-pa-luffen\/#article","isPartOf":{"@id":"https:\/\/blogg.svenskakyrkan.se\/vandravagen\/2019\/07\/22\/en-prast-laser-rasmus-pa-luffen\/"},"author":{"name":"Tomas Jarvid","@id":"https:\/\/blogg.svenskakyrkan.se\/vandravagen\/#\/schema\/person\/25da02d4f76b137d04291711e2c9fc16"},"headline":"En pr\u00e4st l\u00e4ser Rasmus p\u00e5 luffen","datePublished":"2019-07-22T05:00:48+00:00","mainEntityOfPage":{"@id":"https:\/\/blogg.svenskakyrkan.se\/vandravagen\/2019\/07\/22\/en-prast-laser-rasmus-pa-luffen\/"},"wordCount":431,"commentCount":4,"publisher":{"@id":"https:\/\/blogg.svenskakyrkan.se\/vandravagen\/#organization"},"image":{"@id":"https:\/\/blogg.svenskakyrkan.se\/vandravagen\/2019\/07\/22\/en-prast-laser-rasmus-pa-luffen\/#primaryimage"},"thumbnailUrl":"https:\/\/blogg.svenskakyrkan.se\/vandravagen\/files\/2019\/07\/rasmus.jpg","articleSection":["b\u00f6cker","boktips"],"inLanguage":"sv-SE","potentialAction":[{"@type":"CommentAction","name":"Comment","target":["https:\/\/blogg.svenskakyrkan.se\/vandravagen\/2019\/07\/22\/en-prast-laser-rasmus-pa-luffen\/#respond"]}]},{"@type":"WebPage","@id":"https:\/\/blogg.svenskakyrkan.se\/vandravagen\/2019\/07\/22\/en-prast-laser-rasmus-pa-luffen\/","url":"https:\/\/blogg.svenskakyrkan.se\/vandravagen\/2019\/07\/22\/en-prast-laser-rasmus-pa-luffen\/","name":"En pr\u00e4st l\u00e4ser Rasmus p\u00e5 luffen - Vandra V\u00e4gen","isPartOf":{"@id":"https:\/\/blogg.svenskakyrkan.se\/vandravagen\/#website"},"primaryImageOfPage":{"@id":"https:\/\/blogg.svenskakyrkan.se\/vandravagen\/2019\/07\/22\/en-prast-laser-rasmus-pa-luffen\/#primaryimage"},"image":{"@id":"https:\/\/blogg.svenskakyrkan.se\/vandravagen\/2019\/07\/22\/en-prast-laser-rasmus-pa-luffen\/#primaryimage"},"thumbnailUrl":"https:\/\/blogg.svenskakyrkan.se\/vandravagen\/files\/2019\/07\/rasmus.jpg","datePublished":"2019-07-22T05:00:48+00:00","breadcrumb":{"@id":"https:\/\/blogg.svenskakyrkan.se\/vandravagen\/2019\/07\/22\/en-prast-laser-rasmus-pa-luffen\/#breadcrumb"},"inLanguage":"sv-SE","potentialAction":[{"@type":"ReadAction","target":["https:\/\/blogg.svenskakyrkan.se\/vandravagen\/2019\/07\/22\/en-prast-laser-rasmus-pa-luffen\/"]}]},{"@type":"ImageObject","inLanguage":"sv-SE","@id":"https:\/\/blogg.svenskakyrkan.se\/vandravagen\/2019\/07\/22\/en-prast-laser-rasmus-pa-luffen\/#primaryimage","url":"https:\/\/blogg.svenskakyrkan.se\/vandravagen\/files\/2019\/07\/rasmus.jpg","contentUrl":"https:\/\/blogg.svenskakyrkan.se\/vandravagen\/files\/2019\/07\/rasmus.jpg","width":2316,"height":2413,"caption":"Rasmus p\u00e5 luffen av Astrid Lindgren"},{"@type":"BreadcrumbList","@id":"https:\/\/blogg.svenskakyrkan.se\/vandravagen\/2019\/07\/22\/en-prast-laser-rasmus-pa-luffen\/#breadcrumb","itemListElement":[{"@type":"ListItem","position":1,"name":"Hem","item":"https:\/\/blogg.svenskakyrkan.se\/vandravagen\/"},{"@type":"ListItem","position":2,"name":"En pr\u00e4st l\u00e4ser Rasmus p\u00e5 luffen"}]},{"@type":"WebSite","@id":"https:\/\/blogg.svenskakyrkan.se\/vandravagen\/#website","url":"https:\/\/blogg.svenskakyrkan.se\/vandravagen\/","name":"Vandra V\u00e4gen","description":"-Mot en tro f\u00f6r hela livet","publisher":{"@id":"https:\/\/blogg.svenskakyrkan.se\/vandravagen\/#organization"},"potentialAction":[{"@type":"SearchAction","target":{"@type":"EntryPoint","urlTemplate":"https:\/\/blogg.svenskakyrkan.se\/vandravagen\/?s={search_term_string}"},"query-input":{"@type":"PropertyValueSpecification","valueRequired":true,"valueName":"search_term_string"}}],"inLanguage":"sv-SE"},{"@type":"Organization","@id":"https:\/\/blogg.svenskakyrkan.se\/vandravagen\/#organization","name":"ulricehamns pastorat","alternateName":"ulricehamns pastorat","url":"https:\/\/blogg.svenskakyrkan.se\/vandravagen\/","logo":{"@type":"ImageObject","inLanguage":"sv-SE","@id":"https:\/\/blogg.svenskakyrkan.se\/vandravagen\/#\/schema\/logo\/image\/","url":"https:\/\/blogg.svenskakyrkan.se\/vandravagen\/files\/2023\/05\/Ulr_logo_RGB.png","contentUrl":"https:\/\/blogg.svenskakyrkan.se\/vandravagen\/files\/2023\/05\/Ulr_logo_RGB.png","width":205,"height":77,"caption":"ulricehamns pastorat"},"image":{"@id":"https:\/\/blogg.svenskakyrkan.se\/vandravagen\/#\/schema\/logo\/image\/"},"sameAs":["http:\/\/facebook.com\/vandravagen","https:\/\/x.com\/fadertomas","http:\/\/www.facebook.com\/svenskakyrkaniulricehamn"]},{"@type":"Person","@id":"https:\/\/blogg.svenskakyrkan.se\/vandravagen\/#\/schema\/person\/25da02d4f76b137d04291711e2c9fc16","name":"Tomas Jarvid","image":{"@type":"ImageObject","inLanguage":"sv-SE","@id":"https:\/\/blogg.svenskakyrkan.se\/vandravagen\/#\/schema\/person\/image\/","url":"https:\/\/secure.gravatar.com\/avatar\/7fa71899795e8f540f615a1f5ab25255dc27aa40f05ee7ddd21aac521e01bf50?s=96&d=identicon&r=g","contentUrl":"https:\/\/secure.gravatar.com\/avatar\/7fa71899795e8f540f615a1f5ab25255dc27aa40f05ee7ddd21aac521e01bf50?s=96&d=identicon&r=g","caption":"Tomas Jarvid"},"description":"Jag bor i Ulricehamn i V\u00e4sterg\u00f6tland och \u00e4r f\u00f6rsamlingspr\u00e4st i Svenska Kyrkan f\u00f6r Dalstorps f\u00f6rsamling i Kinds pastorat. P\u00e5 den h\u00e4r bloggen skriver jag ner tankar om vandringen som kristen.","sameAs":["http:\/\/www.vandravagen.se"],"url":"https:\/\/blogg.svenskakyrkan.se\/vandravagen\/author\/vandravagen\/"}]}},"author_meta":{"ID":"392","user_nicename":"vandravagen","user_url":"http:\/\/www.vandravagen.se","user_registered":"2014-05-19 05:44:52","display_name":"Tomas Jarvid","first_name":"Tomas","last_name":"Jarvid","avatar":"https:\/\/secure.gravatar.com\/avatar\/7fa71899795e8f540f615a1f5ab25255dc27aa40f05ee7ddd21aac521e01bf50?s=96&d=identicon&r=g"},"featured_image":["https:\/\/blogg.svenskakyrkan.se\/vandravagen\/files\/2019\/07\/rasmus-1024x1067.jpg",1024,1067,true],"bloginfo":{"name":"Vandra V\u00e4gen","url":"https:\/\/blogg.svenskakyrkan.se\/vandravagen"},"_links":{"self":[{"href":"https:\/\/blogg.svenskakyrkan.se\/vandravagen\/wp-json\/wp\/v2\/posts\/7300","targetHints":{"allow":["GET"]}}],"collection":[{"href":"https:\/\/blogg.svenskakyrkan.se\/vandravagen\/wp-json\/wp\/v2\/posts"}],"about":[{"href":"https:\/\/blogg.svenskakyrkan.se\/vandravagen\/wp-json\/wp\/v2\/types\/post"}],"author":[{"embeddable":true,"href":"https:\/\/blogg.svenskakyrkan.se\/vandravagen\/wp-json\/wp\/v2\/users\/392"}],"replies":[{"embeddable":true,"href":"https:\/\/blogg.svenskakyrkan.se\/vandravagen\/wp-json\/wp\/v2\/comments?post=7300"}],"version-history":[{"count":1,"href":"https:\/\/blogg.svenskakyrkan.se\/vandravagen\/wp-json\/wp\/v2\/posts\/7300\/revisions"}],"predecessor-version":[{"id":7302,"href":"https:\/\/blogg.svenskakyrkan.se\/vandravagen\/wp-json\/wp\/v2\/posts\/7300\/revisions\/7302"}],"wp:featuredmedia":[{"embeddable":true,"href":"https:\/\/blogg.svenskakyrkan.se\/vandravagen\/wp-json\/wp\/v2\/media\/7301"}],"wp:attachment":[{"href":"https:\/\/blogg.svenskakyrkan.se\/vandravagen\/wp-json\/wp\/v2\/media?parent=7300"}],"wp:term":[{"taxonomy":"category","embeddable":true,"href":"https:\/\/blogg.svenskakyrkan.se\/vandravagen\/wp-json\/wp\/v2\/categories?post=7300"},{"taxonomy":"post_tag","embeddable":true,"href":"https:\/\/blogg.svenskakyrkan.se\/vandravagen\/wp-json\/wp\/v2\/tags?post=7300"}],"curies":[{"name":"wp","href":"https:\/\/api.w.org\/{rel}","templated":true}]}}