{"id":7316,"date":"2019-08-14T07:00:10","date_gmt":"2019-08-14T05:00:10","guid":{"rendered":"http:\/\/blogg.svenskakyrkan.se\/vandravagen\/?p=7316"},"modified":"2019-08-14T01:05:02","modified_gmt":"2019-08-13T23:05:02","slug":"nar-paulus-ar-vid-ett-av-antikens-sju-underverk","status":"publish","type":"post","link":"https:\/\/blogg.svenskakyrkan.se\/vandravagen\/2019\/08\/14\/nar-paulus-ar-vid-ett-av-antikens-sju-underverk\/","title":{"rendered":"N\u00e4r Paulus \u00e4r vid ett av antikens sju underverk"},"content":{"rendered":"<p>Det har blivit dags att avsluta den ohyggligt popul\u00e4ra serien om antikens sju underverk. Nu till det enda underverk som mer eller mindre uttalat \u00e4r med i sj\u00e4lva bibeltexten!<\/p>\n<p>&nbsp;<\/p>\n<p><strong>Artemistemplet i Efesos<\/strong>. Det enda av de sju underverken som verkligen n\u00e4mns i bibeln \u00e4r Artemistemplet i Efesos. Det dyker upp i samband med att Paulus bes\u00f6ker staden (i apostlag\u00e4rningarnas kapitel 19). Det g\u00e5r ganska bra f\u00f6r Paulus att predika d\u00e4r och han verkar d\u00e4r i tv\u00e5 \u00e5rs tid. Det st\u00e5r bland annat detta (som satt sp\u00e5r i senare f\u00f6rb\u00f6nspraxis i tider av kyrkans historia):<\/p>\n<blockquote>\n<p>Gud gjorde m\u00e4rkliga under genom Paulus; man <strong>tog till och med dukar och plagg som hade varit i ber\u00f6ring med hans kropp och lade dem p\u00e5 de sjuka<\/strong>, och d\u00e5 blev de kvitt sina sjukdomar, och de onda andarna l\u00e4mnade dem. (apg 19:11f)<\/p>\n<\/blockquote>\n<p>och ocks\u00e5 denna lite ov\u00e4ntade h\u00e4ndelse:<\/p>\n<blockquote>\n<p><strong>N\u00e5gra kringvandrande judiska andeutdrivare<\/strong> tog sig ocks\u00e5 f\u00f6r att uttala herren Jesu namn \u00f6ver s\u00e5dana som hade onda andar. <strong>De sade: \u201dJag besv\u00e4r er vid den Jesus som Paulus f\u00f6rkunnar.<\/strong>\u201d S\u00e5 gjorde sju s\u00f6ner till en viss Skeuas, en judisk \u00f6verstepr\u00e4st. <span id=\"v_18_14\" class=\"v\">15<\/span>Men <strong>den onda anden svarade dem:<\/strong> \u201dJesus k\u00e4nner jag till, och vem Paulus \u00e4r vet jag, men vilka \u00e4r ni?\u201d <span id=\"v_18_15\" class=\"v\">16<\/span>Och mannen som hade den onda anden i sig for p\u00e5 dem, \u00f6vermannade dem alla och tilltygade dem s\u00e5 illa att de m\u00e5ste fly ut ur huset, nakna och blodiga. <span id=\"v_18_16\" class=\"v\">17<\/span>Detta blev k\u00e4nt i hela Efesos bland b\u00e5de judar och greker, och alla greps av fruktan, och herren Jesu namn blev \u00e4rat. (apg 19:13.20)<\/p>\n<\/blockquote>\n<p>Men sedan b\u00f6rjar d\u00e5 allt detta som har med Artemis och templet att g\u00f6ra. Artemis (eller Diana som hon hette i Rom) var jaktens gudinna och levde i regel i \u00f6demarken och jagade. M\u00e4n som r\u00e5kade se henne i badet eller s\u00e5 fick gruvliga straff och s\u00e5v\u00e4l hon som hennes pr\u00e4stinnor levde i str\u00e4ng kyskhet. Just den lokala kulten i Efesos var dock r\u00e4tt annorlunda.<\/p>\n<p><img loading=\"lazy\" decoding=\"async\" class=\"wp-image-7312 size-full aligncenter\" src=\"http:\/\/blogg.svenskakyrkan.se\/vandravagen\/files\/2019\/08\/320px-Artemis_Efes_Museum.jpg\" alt=\"\" width=\"320\" height=\"669\" srcset=\"https:\/\/blogg.svenskakyrkan.se\/vandravagen\/files\/2019\/08\/320px-Artemis_Efes_Museum.jpg 320w, https:\/\/blogg.svenskakyrkan.se\/vandravagen\/files\/2019\/08\/320px-Artemis_Efes_Museum-300x627.jpg 300w\" sizes=\"auto, (max-width: 320px) 100vw, 320px\" \/><\/p>\n<p>&nbsp;<\/p>\n<p>H\u00e4r hade hon mer drag av fruktbarhetsgudinna. Hennes tempel var enormt stort (bekostat bland annat av den rike kung Croesus) och det var d\u00e4rf\u00f6r det betraktades som ett av underverken. Inv\u00e5narna i Efesos var ocks\u00e5 v\u00e4ldigt engagerade i kulten till hennes \u00e4ra. N\u00e4r nu Paulus verkat ett tag och egentligen just t\u00e4nkt \u00e5ka d\u00e4rifr\u00e5n s\u00e5 h\u00e4nder detta :<\/p>\n<blockquote>\n<p><span id=\"v_18_22\" class=\"v\">23<\/span>Men just vid den tiden blev det ett allvarligt upplopp med anledning av V\u00e4gen (<strong>Notera detta k\u00e4ra l\u00e4sare, de kristna kallades fortfarande V\u00e4gens folk)<\/strong>. <span id=\"v_18_23\" class=\"v\">24<\/span>En silversmed som hette Demetrios tillverkade artemistempel av silver och skaffade d\u00e4rmed hantverkarna avsev\u00e4rda inkomster. <span id=\"v_18_24\" class=\"v\">25<\/span>Nu kallade han samman dem och andra som hade samma slags syssels\u00e4ttning och sade: \u201dNi vet att vi har den h\u00e4r verksamheten att tacka f\u00f6r v\u00e5rt v\u00e4lst\u00e5nd. <span id=\"v_18_25\" class=\"v\">26<\/span>Men nu b\u00e5de ser och h\u00f6r ni att den d\u00e4r Paulus har f\u00e5tt en m\u00e4ngd m\u00e4nniskor att \u00e4ndra sig, inte bara h\u00e4r i Efesos utan i n\u00e4stan hela Asien, n\u00e4r han s\u00e4ger att gudar som vi g\u00f6r med v\u00e5ra h\u00e4nder inte \u00e4r n\u00e5gra gudar. <span id=\"v_18_26\" class=\"v\"><span class=\"selection\">27<\/span><\/span><span class=\"selection\"><strong>Det \u00e4r inte bara v\u00e5rt hantverk som riskerar att f\u00e5 d\u00e5ligt rykte, vi kan ocks\u00e5 befara att v\u00e5r h\u00f6ga gudinna Artemis tempel mister sitt anseende<\/strong> och att hon sj\u00e4lv blir ber\u00f6vad sin storhet, hon som hela Asien, ja hela v\u00e4rlden, dyrkar.\u201d<\/span><\/p>\n<p><span id=\"v_18_27\" class=\"v\">28<\/span>Vid dessa ord blev de ursinniga och b\u00f6rjade ropa: <strong>\u201dStor \u00e4r den efesiska Artemis!\u201d<\/strong> <span id=\"v_18_28\" class=\"v\">29<\/span>Hela staden r\u00e5kade i uppror, och fr\u00e5n alla h\u00e5ll rusade folk till teatern, och man sl\u00e4pade med sig Gaius och Aristarchos, tv\u00e5 makedonier som var reskamrater till Paulus. <span id=\"v_18_29\" class=\"v\">30<\/span><strong>Paulus ville d\u00e5 g\u00e5 in och tala till folket men hindrades av l\u00e4rjungarna<\/strong>. <span id=\"v_18_30\" class=\"v\">31<\/span>N\u00e5gra i provinsr\u00e5det som var hans v\u00e4nner skickade ocks\u00e5 bud till honom att inte visa sig i teatern. <span id=\"v_18_31\" class=\"v\">32<\/span>D\u00e4r ropade alla i munnen p\u00e5 varandra. M\u00f6tet var f\u00f6rvirrat, och de flesta visste inte varf\u00f6r de hade kommit dit. <span id=\"v_18_32\" class=\"v\">33<\/span>Men n\u00e5gra ur hopen satte Alexandros in i saken n\u00e4r judarna skickade fram honom. Han ville h\u00e5lla ett f\u00f6rsvarstal och gav tecken till tystnad. <span id=\"v_18_33\" class=\"v\">34<\/span>Men n\u00e4r man uppt\u00e4ckte att han var jude b\u00f6rjade alla p\u00e5 en g\u00e5ng ropa: \u201dStor \u00e4r den efesiska Artemis!\u201d och h\u00f6ll p\u00e5 s\u00e5 i ett par timmar.<\/p>\n<p><span id=\"v_18_34\" class=\"v\">35<\/span>Stadens sekreterare fick folkmassan att lugna sig och sade: \u201dEfesier, finns det n\u00e5gon m\u00e4nniska som inte vet att staden Efesos v\u00e5rdar den h\u00f6ga Artemis tempel och stenen fr\u00e5n himlen? <span id=\"v_18_35\" class=\"v\">36<\/span>Ingen har f\u00f6rnekat detta, och d\u00e4rf\u00f6r skall ni h\u00e5lla er lugna och inte g\u00f6ra n\u00e5got \u00f6verilat. <span id=\"v_18_36\" class=\"v\">37<\/span>M\u00e4nnen som ni har f\u00f6rt hit har varken sk\u00e4ndat v\u00e5rt tempel eller h\u00e4dat v\u00e5r gudinna. <span id=\"v_18_37\" class=\"v\">38<\/span><strong>Om Demetrios och hans hantverkare vill f\u00f6ra talan mot n\u00e5gon, s\u00e5 finns det en domstol som sammantr\u00e4der, och det finns st\u00e5th\u00e5llare<\/strong>. D\u00e4r kan folk anklaga varandra. <span id=\"v_18_38\" class=\"v\">39<\/span>Men \u00e4r det n\u00e5got mer ni yrkar p\u00e5 f\u00e5r det avg\u00f6ras av den lagliga folkf\u00f6rsamlingen. <span id=\"v_18_39\" class=\"v\">40<\/span>Efter vad som har h\u00e4nt h\u00e4r i dag riskerar vi att anklagas f\u00f6r uppror, eftersom vi inte har n\u00e5got att anf\u00f6ra till f\u00f6rsvar f\u00f6r denna oordnade sammankomst.\u201d Med de orden fick han m\u00f6tet att skingras.<\/p>\n<\/blockquote>\n<p>Silversmederna (som visst var en ansedd grupp i staden enligt historikerna) \u00e4r r\u00e4dda om b\u00e5de sin ekonomi och sin Guds anseende och piskar upp en arg mobb. Paulus vill g\u00e5 dit men blir hindrad och till slut f\u00e5r n\u00e5gon myndig person g\u00e5 dit och s\u00e4ga att det d\u00e4r f\u00e5r de v\u00e4cka \u00e5tal om i domstol och bete sig som folk ist\u00e4llet f\u00f6r att h\u00e4rja p\u00e5 detta vis. Och s\u00e5 lugnar de ner sig, Paulus blir inte lynchad och reser s\u00e5 sm\u00e5ningom vidare mot nya platser.<\/p>\n<p>&nbsp;<\/p>\n<p>Vad s\u00e4ger du om denna rafflande skildring av ett m\u00f6te med Efesos tempelreligiositet? Skriv en rad och ber\u00e4tta!<\/p>\n","protected":false},"excerpt":{"rendered":"<p>Det har blivit dags att avsluta den ohyggligt popul\u00e4ra serien om antikens sju underverk. Nu till det enda underverk som mer eller mindre uttalat \u00e4r med i sj\u00e4lva bibeltexten! &nbsp; Artemistemplet i Efesos. Det enda av de sju underverken som verkligen n\u00e4mns i bibeln \u00e4r Artemistemplet i Efesos. Det dyker upp i samband med att [&hellip;]<\/p>\n","protected":false},"author":392,"featured_media":7326,"comment_status":"open","ping_status":"open","sticky":false,"template":"","format":"standard","meta":{"_acf_changed":false,"footnotes":""},"categories":[8298,8337],"tags":[],"class_list":["post-7316","post","type-post","status-publish","format-standard","has-post-thumbnail","hentry","category-bibeln","category-historia"],"acf":[],"yoast_head":"<!-- This site is optimized with the Yoast SEO plugin v27.1.1 - https:\/\/yoast.com\/product\/yoast-seo-wordpress\/ -->\n<title>N\u00e4r Paulus \u00e4r vid ett av antikens sju underverk - Vandra V\u00e4gen<\/title>\n<meta name=\"robots\" content=\"index, follow, max-snippet:-1, max-image-preview:large, max-video-preview:-1\" \/>\n<link rel=\"canonical\" href=\"https:\/\/blogg.svenskakyrkan.se\/vandravagen\/2019\/08\/14\/nar-paulus-ar-vid-ett-av-antikens-sju-underverk\/\" \/>\n<meta property=\"og:locale\" content=\"sv_SE\" \/>\n<meta property=\"og:type\" content=\"article\" \/>\n<meta property=\"og:title\" content=\"N\u00e4r Paulus \u00e4r vid ett av antikens sju underverk - Vandra V\u00e4gen\" \/>\n<meta property=\"og:description\" content=\"Det har blivit dags att avsluta den ohyggligt popul\u00e4ra serien om antikens sju underverk. Nu till det enda underverk som mer eller mindre uttalat \u00e4r med i sj\u00e4lva bibeltexten! &nbsp; Artemistemplet i Efesos. Det enda av de sju underverken som verkligen n\u00e4mns i bibeln \u00e4r Artemistemplet i Efesos. Det dyker upp i samband med att [&hellip;]\" \/>\n<meta property=\"og:url\" content=\"https:\/\/blogg.svenskakyrkan.se\/vandravagen\/2019\/08\/14\/nar-paulus-ar-vid-ett-av-antikens-sju-underverk\/\" \/>\n<meta property=\"og:site_name\" content=\"Vandra V\u00e4gen\" \/>\n<meta property=\"article:publisher\" content=\"http:\/\/facebook.com\/vandravagen\" \/>\n<meta property=\"article:published_time\" content=\"2019-08-14T05:00:10+00:00\" \/>\n<meta property=\"og:image\" content=\"http:\/\/blogg.svenskakyrkan.se\/vandravagen\/files\/2019\/08\/320px-Artemis_Efes_Museum.jpg\" \/>\n<meta name=\"author\" content=\"Tomas Jarvid\" \/>\n<meta name=\"twitter:card\" content=\"summary_large_image\" \/>\n<meta name=\"twitter:creator\" content=\"@fadertomas\" \/>\n<meta name=\"twitter:site\" content=\"@fadertomas\" \/>\n<meta name=\"twitter:label1\" content=\"Skriven av\" \/>\n\t<meta name=\"twitter:data1\" content=\"Tomas Jarvid\" \/>\n\t<meta name=\"twitter:label2\" content=\"Ber\u00e4knad l\u00e4stid\" \/>\n\t<meta name=\"twitter:data2\" content=\"5 minuter\" \/>\n<script type=\"application\/ld+json\" class=\"yoast-schema-graph\">{\"@context\":\"https:\/\/schema.org\",\"@graph\":[{\"@type\":\"Article\",\"@id\":\"https:\/\/blogg.svenskakyrkan.se\/vandravagen\/2019\/08\/14\/nar-paulus-ar-vid-ett-av-antikens-sju-underverk\/#article\",\"isPartOf\":{\"@id\":\"https:\/\/blogg.svenskakyrkan.se\/vandravagen\/2019\/08\/14\/nar-paulus-ar-vid-ett-av-antikens-sju-underverk\/\"},\"author\":{\"name\":\"Tomas Jarvid\",\"@id\":\"https:\/\/blogg.svenskakyrkan.se\/vandravagen\/#\/schema\/person\/25da02d4f76b137d04291711e2c9fc16\"},\"headline\":\"N\u00e4r Paulus \u00e4r vid ett av antikens sju underverk\",\"datePublished\":\"2019-08-14T05:00:10+00:00\",\"mainEntityOfPage\":{\"@id\":\"https:\/\/blogg.svenskakyrkan.se\/vandravagen\/2019\/08\/14\/nar-paulus-ar-vid-ett-av-antikens-sju-underverk\/\"},\"wordCount\":1078,\"commentCount\":4,\"publisher\":{\"@id\":\"https:\/\/blogg.svenskakyrkan.se\/vandravagen\/#organization\"},\"image\":{\"@id\":\"https:\/\/blogg.svenskakyrkan.se\/vandravagen\/2019\/08\/14\/nar-paulus-ar-vid-ett-av-antikens-sju-underverk\/#primaryimage\"},\"thumbnailUrl\":\"https:\/\/blogg.svenskakyrkan.se\/vandravagen\/files\/2019\/08\/Miniaturk_009.jpg\",\"articleSection\":[\"Bibeln\",\"historia\"],\"inLanguage\":\"sv-SE\",\"potentialAction\":[{\"@type\":\"CommentAction\",\"name\":\"Comment\",\"target\":[\"https:\/\/blogg.svenskakyrkan.se\/vandravagen\/2019\/08\/14\/nar-paulus-ar-vid-ett-av-antikens-sju-underverk\/#respond\"]}]},{\"@type\":\"WebPage\",\"@id\":\"https:\/\/blogg.svenskakyrkan.se\/vandravagen\/2019\/08\/14\/nar-paulus-ar-vid-ett-av-antikens-sju-underverk\/\",\"url\":\"https:\/\/blogg.svenskakyrkan.se\/vandravagen\/2019\/08\/14\/nar-paulus-ar-vid-ett-av-antikens-sju-underverk\/\",\"name\":\"N\u00e4r Paulus \u00e4r vid ett av antikens sju underverk - Vandra V\u00e4gen\",\"isPartOf\":{\"@id\":\"https:\/\/blogg.svenskakyrkan.se\/vandravagen\/#website\"},\"primaryImageOfPage\":{\"@id\":\"https:\/\/blogg.svenskakyrkan.se\/vandravagen\/2019\/08\/14\/nar-paulus-ar-vid-ett-av-antikens-sju-underverk\/#primaryimage\"},\"image\":{\"@id\":\"https:\/\/blogg.svenskakyrkan.se\/vandravagen\/2019\/08\/14\/nar-paulus-ar-vid-ett-av-antikens-sju-underverk\/#primaryimage\"},\"thumbnailUrl\":\"https:\/\/blogg.svenskakyrkan.se\/vandravagen\/files\/2019\/08\/Miniaturk_009.jpg\",\"datePublished\":\"2019-08-14T05:00:10+00:00\",\"breadcrumb\":{\"@id\":\"https:\/\/blogg.svenskakyrkan.se\/vandravagen\/2019\/08\/14\/nar-paulus-ar-vid-ett-av-antikens-sju-underverk\/#breadcrumb\"},\"inLanguage\":\"sv-SE\",\"potentialAction\":[{\"@type\":\"ReadAction\",\"target\":[\"https:\/\/blogg.svenskakyrkan.se\/vandravagen\/2019\/08\/14\/nar-paulus-ar-vid-ett-av-antikens-sju-underverk\/\"]}]},{\"@type\":\"ImageObject\",\"inLanguage\":\"sv-SE\",\"@id\":\"https:\/\/blogg.svenskakyrkan.se\/vandravagen\/2019\/08\/14\/nar-paulus-ar-vid-ett-av-antikens-sju-underverk\/#primaryimage\",\"url\":\"https:\/\/blogg.svenskakyrkan.se\/vandravagen\/files\/2019\/08\/Miniaturk_009.jpg\",\"contentUrl\":\"https:\/\/blogg.svenskakyrkan.se\/vandravagen\/files\/2019\/08\/Miniaturk_009.jpg\",\"width\":1024,\"height\":768,\"caption\":\"Som det s\u00e5g ut i sin glans dagar!\"},{\"@type\":\"BreadcrumbList\",\"@id\":\"https:\/\/blogg.svenskakyrkan.se\/vandravagen\/2019\/08\/14\/nar-paulus-ar-vid-ett-av-antikens-sju-underverk\/#breadcrumb\",\"itemListElement\":[{\"@type\":\"ListItem\",\"position\":1,\"name\":\"Hem\",\"item\":\"https:\/\/blogg.svenskakyrkan.se\/vandravagen\/\"},{\"@type\":\"ListItem\",\"position\":2,\"name\":\"N\u00e4r Paulus \u00e4r vid ett av antikens sju underverk\"}]},{\"@type\":\"WebSite\",\"@id\":\"https:\/\/blogg.svenskakyrkan.se\/vandravagen\/#website\",\"url\":\"https:\/\/blogg.svenskakyrkan.se\/vandravagen\/\",\"name\":\"Vandra V\u00e4gen\",\"description\":\"-Mot en tro f\u00f6r hela livet\",\"publisher\":{\"@id\":\"https:\/\/blogg.svenskakyrkan.se\/vandravagen\/#organization\"},\"potentialAction\":[{\"@type\":\"SearchAction\",\"target\":{\"@type\":\"EntryPoint\",\"urlTemplate\":\"https:\/\/blogg.svenskakyrkan.se\/vandravagen\/?s={search_term_string}\"},\"query-input\":{\"@type\":\"PropertyValueSpecification\",\"valueRequired\":true,\"valueName\":\"search_term_string\"}}],\"inLanguage\":\"sv-SE\"},{\"@type\":\"Organization\",\"@id\":\"https:\/\/blogg.svenskakyrkan.se\/vandravagen\/#organization\",\"name\":\"ulricehamns pastorat\",\"alternateName\":\"ulricehamns pastorat\",\"url\":\"https:\/\/blogg.svenskakyrkan.se\/vandravagen\/\",\"logo\":{\"@type\":\"ImageObject\",\"inLanguage\":\"sv-SE\",\"@id\":\"https:\/\/blogg.svenskakyrkan.se\/vandravagen\/#\/schema\/logo\/image\/\",\"url\":\"https:\/\/blogg.svenskakyrkan.se\/vandravagen\/files\/2023\/05\/Ulr_logo_RGB.png\",\"contentUrl\":\"https:\/\/blogg.svenskakyrkan.se\/vandravagen\/files\/2023\/05\/Ulr_logo_RGB.png\",\"width\":205,\"height\":77,\"caption\":\"ulricehamns pastorat\"},\"image\":{\"@id\":\"https:\/\/blogg.svenskakyrkan.se\/vandravagen\/#\/schema\/logo\/image\/\"},\"sameAs\":[\"http:\/\/facebook.com\/vandravagen\",\"https:\/\/x.com\/fadertomas\",\"http:\/\/www.facebook.com\/svenskakyrkaniulricehamn\"]},{\"@type\":\"Person\",\"@id\":\"https:\/\/blogg.svenskakyrkan.se\/vandravagen\/#\/schema\/person\/25da02d4f76b137d04291711e2c9fc16\",\"name\":\"Tomas Jarvid\",\"image\":{\"@type\":\"ImageObject\",\"inLanguage\":\"sv-SE\",\"@id\":\"https:\/\/blogg.svenskakyrkan.se\/vandravagen\/#\/schema\/person\/image\/\",\"url\":\"https:\/\/secure.gravatar.com\/avatar\/7fa71899795e8f540f615a1f5ab25255dc27aa40f05ee7ddd21aac521e01bf50?s=96&d=identicon&r=g\",\"contentUrl\":\"https:\/\/secure.gravatar.com\/avatar\/7fa71899795e8f540f615a1f5ab25255dc27aa40f05ee7ddd21aac521e01bf50?s=96&d=identicon&r=g\",\"caption\":\"Tomas Jarvid\"},\"description\":\"Jag bor i Ulricehamn i V\u00e4sterg\u00f6tland och \u00e4r f\u00f6rsamlingspr\u00e4st i Svenska Kyrkan f\u00f6r Dalstorps f\u00f6rsamling i Kinds pastorat. P\u00e5 den h\u00e4r bloggen skriver jag ner tankar om vandringen som kristen.\",\"sameAs\":[\"http:\/\/www.vandravagen.se\"],\"url\":\"https:\/\/blogg.svenskakyrkan.se\/vandravagen\/author\/vandravagen\/\"}]}<\/script>\n<!-- \/ Yoast SEO plugin. -->","yoast_head_json":{"title":"N\u00e4r Paulus \u00e4r vid ett av antikens sju underverk - Vandra V\u00e4gen","robots":{"index":"index","follow":"follow","max-snippet":"max-snippet:-1","max-image-preview":"max-image-preview:large","max-video-preview":"max-video-preview:-1"},"canonical":"https:\/\/blogg.svenskakyrkan.se\/vandravagen\/2019\/08\/14\/nar-paulus-ar-vid-ett-av-antikens-sju-underverk\/","og_locale":"sv_SE","og_type":"article","og_title":"N\u00e4r Paulus \u00e4r vid ett av antikens sju underverk - Vandra V\u00e4gen","og_description":"Det har blivit dags att avsluta den ohyggligt popul\u00e4ra serien om antikens sju underverk. Nu till det enda underverk som mer eller mindre uttalat \u00e4r med i sj\u00e4lva bibeltexten! &nbsp; Artemistemplet i Efesos. Det enda av de sju underverken som verkligen n\u00e4mns i bibeln \u00e4r Artemistemplet i Efesos. Det dyker upp i samband med att [&hellip;]","og_url":"https:\/\/blogg.svenskakyrkan.se\/vandravagen\/2019\/08\/14\/nar-paulus-ar-vid-ett-av-antikens-sju-underverk\/","og_site_name":"Vandra V\u00e4gen","article_publisher":"http:\/\/facebook.com\/vandravagen","article_published_time":"2019-08-14T05:00:10+00:00","og_image":[{"url":"http:\/\/blogg.svenskakyrkan.se\/vandravagen\/files\/2019\/08\/320px-Artemis_Efes_Museum.jpg","type":"","width":"","height":""}],"author":"Tomas Jarvid","twitter_card":"summary_large_image","twitter_creator":"@fadertomas","twitter_site":"@fadertomas","twitter_misc":{"Skriven av":"Tomas Jarvid","Ber\u00e4knad l\u00e4stid":"5 minuter"},"schema":{"@context":"https:\/\/schema.org","@graph":[{"@type":"Article","@id":"https:\/\/blogg.svenskakyrkan.se\/vandravagen\/2019\/08\/14\/nar-paulus-ar-vid-ett-av-antikens-sju-underverk\/#article","isPartOf":{"@id":"https:\/\/blogg.svenskakyrkan.se\/vandravagen\/2019\/08\/14\/nar-paulus-ar-vid-ett-av-antikens-sju-underverk\/"},"author":{"name":"Tomas Jarvid","@id":"https:\/\/blogg.svenskakyrkan.se\/vandravagen\/#\/schema\/person\/25da02d4f76b137d04291711e2c9fc16"},"headline":"N\u00e4r Paulus \u00e4r vid ett av antikens sju underverk","datePublished":"2019-08-14T05:00:10+00:00","mainEntityOfPage":{"@id":"https:\/\/blogg.svenskakyrkan.se\/vandravagen\/2019\/08\/14\/nar-paulus-ar-vid-ett-av-antikens-sju-underverk\/"},"wordCount":1078,"commentCount":4,"publisher":{"@id":"https:\/\/blogg.svenskakyrkan.se\/vandravagen\/#organization"},"image":{"@id":"https:\/\/blogg.svenskakyrkan.se\/vandravagen\/2019\/08\/14\/nar-paulus-ar-vid-ett-av-antikens-sju-underverk\/#primaryimage"},"thumbnailUrl":"https:\/\/blogg.svenskakyrkan.se\/vandravagen\/files\/2019\/08\/Miniaturk_009.jpg","articleSection":["Bibeln","historia"],"inLanguage":"sv-SE","potentialAction":[{"@type":"CommentAction","name":"Comment","target":["https:\/\/blogg.svenskakyrkan.se\/vandravagen\/2019\/08\/14\/nar-paulus-ar-vid-ett-av-antikens-sju-underverk\/#respond"]}]},{"@type":"WebPage","@id":"https:\/\/blogg.svenskakyrkan.se\/vandravagen\/2019\/08\/14\/nar-paulus-ar-vid-ett-av-antikens-sju-underverk\/","url":"https:\/\/blogg.svenskakyrkan.se\/vandravagen\/2019\/08\/14\/nar-paulus-ar-vid-ett-av-antikens-sju-underverk\/","name":"N\u00e4r Paulus \u00e4r vid ett av antikens sju underverk - Vandra V\u00e4gen","isPartOf":{"@id":"https:\/\/blogg.svenskakyrkan.se\/vandravagen\/#website"},"primaryImageOfPage":{"@id":"https:\/\/blogg.svenskakyrkan.se\/vandravagen\/2019\/08\/14\/nar-paulus-ar-vid-ett-av-antikens-sju-underverk\/#primaryimage"},"image":{"@id":"https:\/\/blogg.svenskakyrkan.se\/vandravagen\/2019\/08\/14\/nar-paulus-ar-vid-ett-av-antikens-sju-underverk\/#primaryimage"},"thumbnailUrl":"https:\/\/blogg.svenskakyrkan.se\/vandravagen\/files\/2019\/08\/Miniaturk_009.jpg","datePublished":"2019-08-14T05:00:10+00:00","breadcrumb":{"@id":"https:\/\/blogg.svenskakyrkan.se\/vandravagen\/2019\/08\/14\/nar-paulus-ar-vid-ett-av-antikens-sju-underverk\/#breadcrumb"},"inLanguage":"sv-SE","potentialAction":[{"@type":"ReadAction","target":["https:\/\/blogg.svenskakyrkan.se\/vandravagen\/2019\/08\/14\/nar-paulus-ar-vid-ett-av-antikens-sju-underverk\/"]}]},{"@type":"ImageObject","inLanguage":"sv-SE","@id":"https:\/\/blogg.svenskakyrkan.se\/vandravagen\/2019\/08\/14\/nar-paulus-ar-vid-ett-av-antikens-sju-underverk\/#primaryimage","url":"https:\/\/blogg.svenskakyrkan.se\/vandravagen\/files\/2019\/08\/Miniaturk_009.jpg","contentUrl":"https:\/\/blogg.svenskakyrkan.se\/vandravagen\/files\/2019\/08\/Miniaturk_009.jpg","width":1024,"height":768,"caption":"Som det s\u00e5g ut i sin glans dagar!"},{"@type":"BreadcrumbList","@id":"https:\/\/blogg.svenskakyrkan.se\/vandravagen\/2019\/08\/14\/nar-paulus-ar-vid-ett-av-antikens-sju-underverk\/#breadcrumb","itemListElement":[{"@type":"ListItem","position":1,"name":"Hem","item":"https:\/\/blogg.svenskakyrkan.se\/vandravagen\/"},{"@type":"ListItem","position":2,"name":"N\u00e4r Paulus \u00e4r vid ett av antikens sju underverk"}]},{"@type":"WebSite","@id":"https:\/\/blogg.svenskakyrkan.se\/vandravagen\/#website","url":"https:\/\/blogg.svenskakyrkan.se\/vandravagen\/","name":"Vandra V\u00e4gen","description":"-Mot en tro f\u00f6r hela livet","publisher":{"@id":"https:\/\/blogg.svenskakyrkan.se\/vandravagen\/#organization"},"potentialAction":[{"@type":"SearchAction","target":{"@type":"EntryPoint","urlTemplate":"https:\/\/blogg.svenskakyrkan.se\/vandravagen\/?s={search_term_string}"},"query-input":{"@type":"PropertyValueSpecification","valueRequired":true,"valueName":"search_term_string"}}],"inLanguage":"sv-SE"},{"@type":"Organization","@id":"https:\/\/blogg.svenskakyrkan.se\/vandravagen\/#organization","name":"ulricehamns pastorat","alternateName":"ulricehamns pastorat","url":"https:\/\/blogg.svenskakyrkan.se\/vandravagen\/","logo":{"@type":"ImageObject","inLanguage":"sv-SE","@id":"https:\/\/blogg.svenskakyrkan.se\/vandravagen\/#\/schema\/logo\/image\/","url":"https:\/\/blogg.svenskakyrkan.se\/vandravagen\/files\/2023\/05\/Ulr_logo_RGB.png","contentUrl":"https:\/\/blogg.svenskakyrkan.se\/vandravagen\/files\/2023\/05\/Ulr_logo_RGB.png","width":205,"height":77,"caption":"ulricehamns pastorat"},"image":{"@id":"https:\/\/blogg.svenskakyrkan.se\/vandravagen\/#\/schema\/logo\/image\/"},"sameAs":["http:\/\/facebook.com\/vandravagen","https:\/\/x.com\/fadertomas","http:\/\/www.facebook.com\/svenskakyrkaniulricehamn"]},{"@type":"Person","@id":"https:\/\/blogg.svenskakyrkan.se\/vandravagen\/#\/schema\/person\/25da02d4f76b137d04291711e2c9fc16","name":"Tomas Jarvid","image":{"@type":"ImageObject","inLanguage":"sv-SE","@id":"https:\/\/blogg.svenskakyrkan.se\/vandravagen\/#\/schema\/person\/image\/","url":"https:\/\/secure.gravatar.com\/avatar\/7fa71899795e8f540f615a1f5ab25255dc27aa40f05ee7ddd21aac521e01bf50?s=96&d=identicon&r=g","contentUrl":"https:\/\/secure.gravatar.com\/avatar\/7fa71899795e8f540f615a1f5ab25255dc27aa40f05ee7ddd21aac521e01bf50?s=96&d=identicon&r=g","caption":"Tomas Jarvid"},"description":"Jag bor i Ulricehamn i V\u00e4sterg\u00f6tland och \u00e4r f\u00f6rsamlingspr\u00e4st i Svenska Kyrkan f\u00f6r Dalstorps f\u00f6rsamling i Kinds pastorat. P\u00e5 den h\u00e4r bloggen skriver jag ner tankar om vandringen som kristen.","sameAs":["http:\/\/www.vandravagen.se"],"url":"https:\/\/blogg.svenskakyrkan.se\/vandravagen\/author\/vandravagen\/"}]}},"author_meta":{"ID":"392","user_nicename":"vandravagen","user_url":"http:\/\/www.vandravagen.se","user_registered":"2014-05-19 05:44:52","display_name":"Tomas Jarvid","first_name":"Tomas","last_name":"Jarvid","avatar":"https:\/\/secure.gravatar.com\/avatar\/7fa71899795e8f540f615a1f5ab25255dc27aa40f05ee7ddd21aac521e01bf50?s=96&d=identicon&r=g"},"featured_image":["https:\/\/blogg.svenskakyrkan.se\/vandravagen\/files\/2019\/08\/Miniaturk_009-1024x768.jpg",1024,768,true],"bloginfo":{"name":"Vandra V\u00e4gen","url":"https:\/\/blogg.svenskakyrkan.se\/vandravagen"},"_links":{"self":[{"href":"https:\/\/blogg.svenskakyrkan.se\/vandravagen\/wp-json\/wp\/v2\/posts\/7316","targetHints":{"allow":["GET"]}}],"collection":[{"href":"https:\/\/blogg.svenskakyrkan.se\/vandravagen\/wp-json\/wp\/v2\/posts"}],"about":[{"href":"https:\/\/blogg.svenskakyrkan.se\/vandravagen\/wp-json\/wp\/v2\/types\/post"}],"author":[{"embeddable":true,"href":"https:\/\/blogg.svenskakyrkan.se\/vandravagen\/wp-json\/wp\/v2\/users\/392"}],"replies":[{"embeddable":true,"href":"https:\/\/blogg.svenskakyrkan.se\/vandravagen\/wp-json\/wp\/v2\/comments?post=7316"}],"version-history":[{"count":2,"href":"https:\/\/blogg.svenskakyrkan.se\/vandravagen\/wp-json\/wp\/v2\/posts\/7316\/revisions"}],"predecessor-version":[{"id":7327,"href":"https:\/\/blogg.svenskakyrkan.se\/vandravagen\/wp-json\/wp\/v2\/posts\/7316\/revisions\/7327"}],"wp:featuredmedia":[{"embeddable":true,"href":"https:\/\/blogg.svenskakyrkan.se\/vandravagen\/wp-json\/wp\/v2\/media\/7326"}],"wp:attachment":[{"href":"https:\/\/blogg.svenskakyrkan.se\/vandravagen\/wp-json\/wp\/v2\/media?parent=7316"}],"wp:term":[{"taxonomy":"category","embeddable":true,"href":"https:\/\/blogg.svenskakyrkan.se\/vandravagen\/wp-json\/wp\/v2\/categories?post=7316"},{"taxonomy":"post_tag","embeddable":true,"href":"https:\/\/blogg.svenskakyrkan.se\/vandravagen\/wp-json\/wp\/v2\/tags?post=7316"}],"curies":[{"name":"wp","href":"https:\/\/api.w.org\/{rel}","templated":true}]}}