{"id":7343,"date":"2019-08-29T07:00:01","date_gmt":"2019-08-29T05:00:01","guid":{"rendered":"http:\/\/blogg.svenskakyrkan.se\/vandravagen\/?p=7343"},"modified":"2019-08-28T14:58:14","modified_gmt":"2019-08-28T12:58:14","slug":"en-prast-laser-om-att-leta-efter-kalle-och-hobbe","status":"publish","type":"post","link":"https:\/\/blogg.svenskakyrkan.se\/vandravagen\/2019\/08\/29\/en-prast-laser-om-att-leta-efter-kalle-och-hobbe\/","title":{"rendered":"En pr\u00e4st l\u00e4ser om att leta efter Kalle och Hobbe"},"content":{"rendered":"<p>Jag har nyligen lyssnat p\u00e5 &#8221;Looking for Calvin and Hobbes&#8221; av Nevin Martell.<\/p>\n<p>Chansen \u00e4r stor att du har l\u00e4st en seriestrip med &#8221;Kalle och Hobbe&#8221; n\u00e5gon g\u00e5ng. Serien var p\u00e5 sin tid enast\u00e5ende popul\u00e4r och fanns i hur m\u00e5nga dagstidningar som helst. S\u00e5 \u00e4r det ocks\u00e5 en v\u00e4ldigt bra serie med b\u00e5de humor, fantasi och en hel del att t\u00e4nka p\u00e5.<\/p>\n<p>Seriens upphovsman Bill Wattersson d\u00e4remot undvek p\u00e5 alla s\u00e4tt uppm\u00e4rksamhet medan han gjorde serien, och n\u00e4r den avslutats drog han sig helt undan offentligheten och levde ett v\u00e4ldigt undanskymt liv (och g\u00f6r det \u00e4n). M\u00e5nga journalister har f\u00f6rs\u00f6kt f\u00e5 tag i honom men f\u00e5tt kalla handen. Den h\u00e4r boken handlar om hur Nevin Martell tar p\u00e5 sig samma sv\u00e5ra letande efter vem Bill Wattersson \u00e4r egentligen. Genom omst\u00e4ndiga efterforskningar och massor av intervjuer \u00e5terger han ber\u00e4ttelsen. Boken igenom \u00e4r man r\u00e4tt sp\u00e4nd p\u00e5 om han faktiskt ska f\u00e5 chansen att tala med Watterson sj\u00e4lv tillslut (hur det g\u00e5r med det s\u00e4ger jag inte).<\/p>\n<p>Watterson framtr\u00e4der som en v\u00e4ldigt passionerad tecknare som lade hela sitt hj\u00e4rta i serien men som var otroligt ointresserad av att sj\u00e4lv st\u00e5 i centrum och njuta av k\u00e4ndisskapet. Det andra han var helt ointresserad av var att g\u00f6ra s\u00e5 stora pengar som m\u00f6jligt p\u00e5 att licentiera Kalle och Hobbe i reklam eller leksaker. Detta ledde till mycket br\u00e5k mellan Watterson och hans f\u00f6rl\u00e4ggare men det blev som Watterson ville.<\/p>\n<p>N\u00e4r man l\u00e4ser om de h\u00e4r sidorna av honom kan man f\u00f6rst\u00e5s delvis f\u00f6rst\u00e5 frustrationen som en del omkring m\u00e5ste haft med honom, m\u00e5ste han vara s\u00e5 principfast? \u00c4r det verkligen s\u00e5 farligt att bjuda lite p\u00e5 sig sj\u00e4lv? Tj\u00e4na lite mer pengar? Det \u00e4r h\u00e4r mina tankar utifr\u00e5n att jag \u00e4r pr\u00e4st g\u00e5r vidare \u00e5t olika h\u00e5ll.<\/p>\n<p>Bibeln k\u00e4nner m\u00e5nga gestalter som var jobbiga f\u00f6r sin omgivning. Som inte gav efter f\u00f6r yttre tryck och protesterade mot de som \u00f6vergav sina principer efter att ha haft framg\u00e5ng. Profeter, och s\u00e5 Jesus sj\u00e4lv f\u00f6rst\u00e5s. I Jesu fall fanns det ju gott om folk som ville han skulle bli kung p\u00e5 det s\u00e4ttet de t\u00e4nkte sig att det skulle g\u00e5 till. Boken v\u00e4cker m\u00e5nga tankar om hur v\u00e5r tid ser p\u00e5 k\u00e4ndisskap och att vilja se stj\u00e4rnor som mer \u00e4n vanliga m\u00e4nniskor.\u00a0 Det st\u00e5r inget i boken om n\u00e5gon gudstro hos Watterson men det imponerar att han hela tiden \u00e4r s\u00e5 sann mot sina egna dr\u00f6mmar och principer. Han h\u00f6ll envist fast vid att han var en vanlig m\u00e4nniska, han var f\u00f6rst\u00e5s glad att s\u00e5 m\u00e5nga tyckte om hans serier men annars v\u00e4rderade han sitt privatliv h\u00f6gre \u00e4n k\u00e4ndisrollen som alla ville trycka in honom i.<\/p>\n<p>Jag rekommenderar verkligen boken, framf\u00f6rallt till dig som \u00e4lskar Kalle och Hobbe men s\u00e4kert ocks\u00e5 f\u00f6r andra. Nu ska jag leta upp lite Kalle och Hobbeserier att l\u00e4sa. Det ska bli roligt att \u00e5terse dem!<\/p>\n<p>&nbsp;<\/p>\n<p>Vad har du f\u00f6r relation till Kalle och Hobbe? Vad t\u00e4nker du om l\u00e4ngtan efter att bli och intresset f\u00f6r k\u00e4ndisar? Skriv en rad och ber\u00e4tta!<\/p>\n","protected":false},"excerpt":{"rendered":"<p>Jag har nyligen lyssnat p\u00e5 &#8221;Looking for Calvin and Hobbes&#8221; av Nevin Martell. Chansen \u00e4r stor att du har l\u00e4st en seriestrip med &#8221;Kalle och Hobbe&#8221; n\u00e5gon g\u00e5ng. Serien var p\u00e5 sin tid enast\u00e5ende popul\u00e4r och fanns i hur m\u00e5nga dagstidningar som helst. S\u00e5 \u00e4r det ocks\u00e5 en v\u00e4ldigt bra serie med b\u00e5de humor, fantasi [&hellip;]<\/p>\n","protected":false},"author":392,"featured_media":7344,"comment_status":"open","ping_status":"open","sticky":false,"template":"","format":"standard","meta":{"_acf_changed":false,"footnotes":""},"categories":[8253,42374,77554],"tags":[],"class_list":["post-7343","post","type-post","status-publish","format-standard","has-post-thumbnail","hentry","category-bocker","category-boktips","category-vara-manniska"],"acf":[],"yoast_head":"<!-- This site is optimized with the Yoast SEO plugin v27.1.1 - https:\/\/yoast.com\/product\/yoast-seo-wordpress\/ -->\n<title>En pr\u00e4st l\u00e4ser om att leta efter Kalle och Hobbe - Vandra V\u00e4gen<\/title>\n<meta name=\"robots\" content=\"index, follow, max-snippet:-1, max-image-preview:large, max-video-preview:-1\" \/>\n<link rel=\"canonical\" href=\"https:\/\/blogg.svenskakyrkan.se\/vandravagen\/2019\/08\/29\/en-prast-laser-om-att-leta-efter-kalle-och-hobbe\/\" \/>\n<meta property=\"og:locale\" content=\"sv_SE\" \/>\n<meta property=\"og:type\" content=\"article\" \/>\n<meta property=\"og:title\" content=\"En pr\u00e4st l\u00e4ser om att leta efter Kalle och Hobbe - Vandra V\u00e4gen\" \/>\n<meta property=\"og:description\" content=\"Jag har nyligen lyssnat p\u00e5 &#8221;Looking for Calvin and Hobbes&#8221; av Nevin Martell. Chansen \u00e4r stor att du har l\u00e4st en seriestrip med &#8221;Kalle och Hobbe&#8221; n\u00e5gon g\u00e5ng. Serien var p\u00e5 sin tid enast\u00e5ende popul\u00e4r och fanns i hur m\u00e5nga dagstidningar som helst. S\u00e5 \u00e4r det ocks\u00e5 en v\u00e4ldigt bra serie med b\u00e5de humor, fantasi [&hellip;]\" \/>\n<meta property=\"og:url\" content=\"https:\/\/blogg.svenskakyrkan.se\/vandravagen\/2019\/08\/29\/en-prast-laser-om-att-leta-efter-kalle-och-hobbe\/\" \/>\n<meta property=\"og:site_name\" content=\"Vandra V\u00e4gen\" \/>\n<meta property=\"article:publisher\" content=\"http:\/\/facebook.com\/vandravagen\" \/>\n<meta property=\"article:published_time\" content=\"2019-08-29T05:00:01+00:00\" \/>\n<meta name=\"author\" content=\"Tomas Jarvid\" \/>\n<meta name=\"twitter:card\" content=\"summary_large_image\" \/>\n<meta name=\"twitter:creator\" content=\"@fadertomas\" \/>\n<meta name=\"twitter:site\" content=\"@fadertomas\" \/>\n<meta name=\"twitter:label1\" content=\"Skriven av\" \/>\n\t<meta name=\"twitter:data1\" content=\"Tomas Jarvid\" \/>\n\t<meta name=\"twitter:label2\" content=\"Ber\u00e4knad l\u00e4stid\" \/>\n\t<meta name=\"twitter:data2\" content=\"3 minuter\" \/>\n<script type=\"application\/ld+json\" class=\"yoast-schema-graph\">{\"@context\":\"https:\/\/schema.org\",\"@graph\":[{\"@type\":\"Article\",\"@id\":\"https:\/\/blogg.svenskakyrkan.se\/vandravagen\/2019\/08\/29\/en-prast-laser-om-att-leta-efter-kalle-och-hobbe\/#article\",\"isPartOf\":{\"@id\":\"https:\/\/blogg.svenskakyrkan.se\/vandravagen\/2019\/08\/29\/en-prast-laser-om-att-leta-efter-kalle-och-hobbe\/\"},\"author\":{\"name\":\"Tomas Jarvid\",\"@id\":\"https:\/\/blogg.svenskakyrkan.se\/vandravagen\/#\/schema\/person\/25da02d4f76b137d04291711e2c9fc16\"},\"headline\":\"En pr\u00e4st l\u00e4ser om att leta efter Kalle och Hobbe\",\"datePublished\":\"2019-08-29T05:00:01+00:00\",\"mainEntityOfPage\":{\"@id\":\"https:\/\/blogg.svenskakyrkan.se\/vandravagen\/2019\/08\/29\/en-prast-laser-om-att-leta-efter-kalle-och-hobbe\/\"},\"wordCount\":604,\"commentCount\":4,\"publisher\":{\"@id\":\"https:\/\/blogg.svenskakyrkan.se\/vandravagen\/#organization\"},\"image\":{\"@id\":\"https:\/\/blogg.svenskakyrkan.se\/vandravagen\/2019\/08\/29\/en-prast-laser-om-att-leta-efter-kalle-och-hobbe\/#primaryimage\"},\"thumbnailUrl\":\"https:\/\/blogg.svenskakyrkan.se\/vandravagen\/files\/2019\/08\/kalleochhobbe.jpg\",\"articleSection\":[\"b\u00f6cker\",\"boktips\",\"vara m\u00e4nniska\"],\"inLanguage\":\"sv-SE\",\"potentialAction\":[{\"@type\":\"CommentAction\",\"name\":\"Comment\",\"target\":[\"https:\/\/blogg.svenskakyrkan.se\/vandravagen\/2019\/08\/29\/en-prast-laser-om-att-leta-efter-kalle-och-hobbe\/#respond\"]}]},{\"@type\":\"WebPage\",\"@id\":\"https:\/\/blogg.svenskakyrkan.se\/vandravagen\/2019\/08\/29\/en-prast-laser-om-att-leta-efter-kalle-och-hobbe\/\",\"url\":\"https:\/\/blogg.svenskakyrkan.se\/vandravagen\/2019\/08\/29\/en-prast-laser-om-att-leta-efter-kalle-och-hobbe\/\",\"name\":\"En pr\u00e4st l\u00e4ser om att leta efter Kalle och Hobbe - Vandra V\u00e4gen\",\"isPartOf\":{\"@id\":\"https:\/\/blogg.svenskakyrkan.se\/vandravagen\/#website\"},\"primaryImageOfPage\":{\"@id\":\"https:\/\/blogg.svenskakyrkan.se\/vandravagen\/2019\/08\/29\/en-prast-laser-om-att-leta-efter-kalle-och-hobbe\/#primaryimage\"},\"image\":{\"@id\":\"https:\/\/blogg.svenskakyrkan.se\/vandravagen\/2019\/08\/29\/en-prast-laser-om-att-leta-efter-kalle-och-hobbe\/#primaryimage\"},\"thumbnailUrl\":\"https:\/\/blogg.svenskakyrkan.se\/vandravagen\/files\/2019\/08\/kalleochhobbe.jpg\",\"datePublished\":\"2019-08-29T05:00:01+00:00\",\"breadcrumb\":{\"@id\":\"https:\/\/blogg.svenskakyrkan.se\/vandravagen\/2019\/08\/29\/en-prast-laser-om-att-leta-efter-kalle-och-hobbe\/#breadcrumb\"},\"inLanguage\":\"sv-SE\",\"potentialAction\":[{\"@type\":\"ReadAction\",\"target\":[\"https:\/\/blogg.svenskakyrkan.se\/vandravagen\/2019\/08\/29\/en-prast-laser-om-att-leta-efter-kalle-och-hobbe\/\"]}]},{\"@type\":\"ImageObject\",\"inLanguage\":\"sv-SE\",\"@id\":\"https:\/\/blogg.svenskakyrkan.se\/vandravagen\/2019\/08\/29\/en-prast-laser-om-att-leta-efter-kalle-och-hobbe\/#primaryimage\",\"url\":\"https:\/\/blogg.svenskakyrkan.se\/vandravagen\/files\/2019\/08\/kalleochhobbe.jpg\",\"contentUrl\":\"https:\/\/blogg.svenskakyrkan.se\/vandravagen\/files\/2019\/08\/kalleochhobbe.jpg\",\"width\":750,\"height\":917,\"caption\":\"Nevin Martells bok \\\"looking for Calvin and Hobbes\\\" -att leta efter Kalle och Hobbe.\"},{\"@type\":\"BreadcrumbList\",\"@id\":\"https:\/\/blogg.svenskakyrkan.se\/vandravagen\/2019\/08\/29\/en-prast-laser-om-att-leta-efter-kalle-och-hobbe\/#breadcrumb\",\"itemListElement\":[{\"@type\":\"ListItem\",\"position\":1,\"name\":\"Hem\",\"item\":\"https:\/\/blogg.svenskakyrkan.se\/vandravagen\/\"},{\"@type\":\"ListItem\",\"position\":2,\"name\":\"En pr\u00e4st l\u00e4ser om att leta efter Kalle och Hobbe\"}]},{\"@type\":\"WebSite\",\"@id\":\"https:\/\/blogg.svenskakyrkan.se\/vandravagen\/#website\",\"url\":\"https:\/\/blogg.svenskakyrkan.se\/vandravagen\/\",\"name\":\"Vandra V\u00e4gen\",\"description\":\"-Mot en tro f\u00f6r hela livet\",\"publisher\":{\"@id\":\"https:\/\/blogg.svenskakyrkan.se\/vandravagen\/#organization\"},\"potentialAction\":[{\"@type\":\"SearchAction\",\"target\":{\"@type\":\"EntryPoint\",\"urlTemplate\":\"https:\/\/blogg.svenskakyrkan.se\/vandravagen\/?s={search_term_string}\"},\"query-input\":{\"@type\":\"PropertyValueSpecification\",\"valueRequired\":true,\"valueName\":\"search_term_string\"}}],\"inLanguage\":\"sv-SE\"},{\"@type\":\"Organization\",\"@id\":\"https:\/\/blogg.svenskakyrkan.se\/vandravagen\/#organization\",\"name\":\"ulricehamns pastorat\",\"alternateName\":\"ulricehamns pastorat\",\"url\":\"https:\/\/blogg.svenskakyrkan.se\/vandravagen\/\",\"logo\":{\"@type\":\"ImageObject\",\"inLanguage\":\"sv-SE\",\"@id\":\"https:\/\/blogg.svenskakyrkan.se\/vandravagen\/#\/schema\/logo\/image\/\",\"url\":\"https:\/\/blogg.svenskakyrkan.se\/vandravagen\/files\/2023\/05\/Ulr_logo_RGB.png\",\"contentUrl\":\"https:\/\/blogg.svenskakyrkan.se\/vandravagen\/files\/2023\/05\/Ulr_logo_RGB.png\",\"width\":205,\"height\":77,\"caption\":\"ulricehamns pastorat\"},\"image\":{\"@id\":\"https:\/\/blogg.svenskakyrkan.se\/vandravagen\/#\/schema\/logo\/image\/\"},\"sameAs\":[\"http:\/\/facebook.com\/vandravagen\",\"https:\/\/x.com\/fadertomas\",\"http:\/\/www.facebook.com\/svenskakyrkaniulricehamn\"]},{\"@type\":\"Person\",\"@id\":\"https:\/\/blogg.svenskakyrkan.se\/vandravagen\/#\/schema\/person\/25da02d4f76b137d04291711e2c9fc16\",\"name\":\"Tomas Jarvid\",\"image\":{\"@type\":\"ImageObject\",\"inLanguage\":\"sv-SE\",\"@id\":\"https:\/\/blogg.svenskakyrkan.se\/vandravagen\/#\/schema\/person\/image\/\",\"url\":\"https:\/\/secure.gravatar.com\/avatar\/7fa71899795e8f540f615a1f5ab25255dc27aa40f05ee7ddd21aac521e01bf50?s=96&d=identicon&r=g\",\"contentUrl\":\"https:\/\/secure.gravatar.com\/avatar\/7fa71899795e8f540f615a1f5ab25255dc27aa40f05ee7ddd21aac521e01bf50?s=96&d=identicon&r=g\",\"caption\":\"Tomas Jarvid\"},\"description\":\"Jag bor i Ulricehamn i V\u00e4sterg\u00f6tland och \u00e4r f\u00f6rsamlingspr\u00e4st i Svenska Kyrkan f\u00f6r Dalstorps f\u00f6rsamling i Kinds pastorat. P\u00e5 den h\u00e4r bloggen skriver jag ner tankar om vandringen som kristen.\",\"sameAs\":[\"http:\/\/www.vandravagen.se\"],\"url\":\"https:\/\/blogg.svenskakyrkan.se\/vandravagen\/author\/vandravagen\/\"}]}<\/script>\n<!-- \/ Yoast SEO plugin. -->","yoast_head_json":{"title":"En pr\u00e4st l\u00e4ser om att leta efter Kalle och Hobbe - Vandra V\u00e4gen","robots":{"index":"index","follow":"follow","max-snippet":"max-snippet:-1","max-image-preview":"max-image-preview:large","max-video-preview":"max-video-preview:-1"},"canonical":"https:\/\/blogg.svenskakyrkan.se\/vandravagen\/2019\/08\/29\/en-prast-laser-om-att-leta-efter-kalle-och-hobbe\/","og_locale":"sv_SE","og_type":"article","og_title":"En pr\u00e4st l\u00e4ser om att leta efter Kalle och Hobbe - Vandra V\u00e4gen","og_description":"Jag har nyligen lyssnat p\u00e5 &#8221;Looking for Calvin and Hobbes&#8221; av Nevin Martell. Chansen \u00e4r stor att du har l\u00e4st en seriestrip med &#8221;Kalle och Hobbe&#8221; n\u00e5gon g\u00e5ng. Serien var p\u00e5 sin tid enast\u00e5ende popul\u00e4r och fanns i hur m\u00e5nga dagstidningar som helst. S\u00e5 \u00e4r det ocks\u00e5 en v\u00e4ldigt bra serie med b\u00e5de humor, fantasi [&hellip;]","og_url":"https:\/\/blogg.svenskakyrkan.se\/vandravagen\/2019\/08\/29\/en-prast-laser-om-att-leta-efter-kalle-och-hobbe\/","og_site_name":"Vandra V\u00e4gen","article_publisher":"http:\/\/facebook.com\/vandravagen","article_published_time":"2019-08-29T05:00:01+00:00","author":"Tomas Jarvid","twitter_card":"summary_large_image","twitter_creator":"@fadertomas","twitter_site":"@fadertomas","twitter_misc":{"Skriven av":"Tomas Jarvid","Ber\u00e4knad l\u00e4stid":"3 minuter"},"schema":{"@context":"https:\/\/schema.org","@graph":[{"@type":"Article","@id":"https:\/\/blogg.svenskakyrkan.se\/vandravagen\/2019\/08\/29\/en-prast-laser-om-att-leta-efter-kalle-och-hobbe\/#article","isPartOf":{"@id":"https:\/\/blogg.svenskakyrkan.se\/vandravagen\/2019\/08\/29\/en-prast-laser-om-att-leta-efter-kalle-och-hobbe\/"},"author":{"name":"Tomas Jarvid","@id":"https:\/\/blogg.svenskakyrkan.se\/vandravagen\/#\/schema\/person\/25da02d4f76b137d04291711e2c9fc16"},"headline":"En pr\u00e4st l\u00e4ser om att leta efter Kalle och Hobbe","datePublished":"2019-08-29T05:00:01+00:00","mainEntityOfPage":{"@id":"https:\/\/blogg.svenskakyrkan.se\/vandravagen\/2019\/08\/29\/en-prast-laser-om-att-leta-efter-kalle-och-hobbe\/"},"wordCount":604,"commentCount":4,"publisher":{"@id":"https:\/\/blogg.svenskakyrkan.se\/vandravagen\/#organization"},"image":{"@id":"https:\/\/blogg.svenskakyrkan.se\/vandravagen\/2019\/08\/29\/en-prast-laser-om-att-leta-efter-kalle-och-hobbe\/#primaryimage"},"thumbnailUrl":"https:\/\/blogg.svenskakyrkan.se\/vandravagen\/files\/2019\/08\/kalleochhobbe.jpg","articleSection":["b\u00f6cker","boktips","vara m\u00e4nniska"],"inLanguage":"sv-SE","potentialAction":[{"@type":"CommentAction","name":"Comment","target":["https:\/\/blogg.svenskakyrkan.se\/vandravagen\/2019\/08\/29\/en-prast-laser-om-att-leta-efter-kalle-och-hobbe\/#respond"]}]},{"@type":"WebPage","@id":"https:\/\/blogg.svenskakyrkan.se\/vandravagen\/2019\/08\/29\/en-prast-laser-om-att-leta-efter-kalle-och-hobbe\/","url":"https:\/\/blogg.svenskakyrkan.se\/vandravagen\/2019\/08\/29\/en-prast-laser-om-att-leta-efter-kalle-och-hobbe\/","name":"En pr\u00e4st l\u00e4ser om att leta efter Kalle och Hobbe - Vandra V\u00e4gen","isPartOf":{"@id":"https:\/\/blogg.svenskakyrkan.se\/vandravagen\/#website"},"primaryImageOfPage":{"@id":"https:\/\/blogg.svenskakyrkan.se\/vandravagen\/2019\/08\/29\/en-prast-laser-om-att-leta-efter-kalle-och-hobbe\/#primaryimage"},"image":{"@id":"https:\/\/blogg.svenskakyrkan.se\/vandravagen\/2019\/08\/29\/en-prast-laser-om-att-leta-efter-kalle-och-hobbe\/#primaryimage"},"thumbnailUrl":"https:\/\/blogg.svenskakyrkan.se\/vandravagen\/files\/2019\/08\/kalleochhobbe.jpg","datePublished":"2019-08-29T05:00:01+00:00","breadcrumb":{"@id":"https:\/\/blogg.svenskakyrkan.se\/vandravagen\/2019\/08\/29\/en-prast-laser-om-att-leta-efter-kalle-och-hobbe\/#breadcrumb"},"inLanguage":"sv-SE","potentialAction":[{"@type":"ReadAction","target":["https:\/\/blogg.svenskakyrkan.se\/vandravagen\/2019\/08\/29\/en-prast-laser-om-att-leta-efter-kalle-och-hobbe\/"]}]},{"@type":"ImageObject","inLanguage":"sv-SE","@id":"https:\/\/blogg.svenskakyrkan.se\/vandravagen\/2019\/08\/29\/en-prast-laser-om-att-leta-efter-kalle-och-hobbe\/#primaryimage","url":"https:\/\/blogg.svenskakyrkan.se\/vandravagen\/files\/2019\/08\/kalleochhobbe.jpg","contentUrl":"https:\/\/blogg.svenskakyrkan.se\/vandravagen\/files\/2019\/08\/kalleochhobbe.jpg","width":750,"height":917,"caption":"Nevin Martells bok \"looking for Calvin and Hobbes\" -att leta efter Kalle och Hobbe."},{"@type":"BreadcrumbList","@id":"https:\/\/blogg.svenskakyrkan.se\/vandravagen\/2019\/08\/29\/en-prast-laser-om-att-leta-efter-kalle-och-hobbe\/#breadcrumb","itemListElement":[{"@type":"ListItem","position":1,"name":"Hem","item":"https:\/\/blogg.svenskakyrkan.se\/vandravagen\/"},{"@type":"ListItem","position":2,"name":"En pr\u00e4st l\u00e4ser om att leta efter Kalle och Hobbe"}]},{"@type":"WebSite","@id":"https:\/\/blogg.svenskakyrkan.se\/vandravagen\/#website","url":"https:\/\/blogg.svenskakyrkan.se\/vandravagen\/","name":"Vandra V\u00e4gen","description":"-Mot en tro f\u00f6r hela livet","publisher":{"@id":"https:\/\/blogg.svenskakyrkan.se\/vandravagen\/#organization"},"potentialAction":[{"@type":"SearchAction","target":{"@type":"EntryPoint","urlTemplate":"https:\/\/blogg.svenskakyrkan.se\/vandravagen\/?s={search_term_string}"},"query-input":{"@type":"PropertyValueSpecification","valueRequired":true,"valueName":"search_term_string"}}],"inLanguage":"sv-SE"},{"@type":"Organization","@id":"https:\/\/blogg.svenskakyrkan.se\/vandravagen\/#organization","name":"ulricehamns pastorat","alternateName":"ulricehamns pastorat","url":"https:\/\/blogg.svenskakyrkan.se\/vandravagen\/","logo":{"@type":"ImageObject","inLanguage":"sv-SE","@id":"https:\/\/blogg.svenskakyrkan.se\/vandravagen\/#\/schema\/logo\/image\/","url":"https:\/\/blogg.svenskakyrkan.se\/vandravagen\/files\/2023\/05\/Ulr_logo_RGB.png","contentUrl":"https:\/\/blogg.svenskakyrkan.se\/vandravagen\/files\/2023\/05\/Ulr_logo_RGB.png","width":205,"height":77,"caption":"ulricehamns pastorat"},"image":{"@id":"https:\/\/blogg.svenskakyrkan.se\/vandravagen\/#\/schema\/logo\/image\/"},"sameAs":["http:\/\/facebook.com\/vandravagen","https:\/\/x.com\/fadertomas","http:\/\/www.facebook.com\/svenskakyrkaniulricehamn"]},{"@type":"Person","@id":"https:\/\/blogg.svenskakyrkan.se\/vandravagen\/#\/schema\/person\/25da02d4f76b137d04291711e2c9fc16","name":"Tomas Jarvid","image":{"@type":"ImageObject","inLanguage":"sv-SE","@id":"https:\/\/blogg.svenskakyrkan.se\/vandravagen\/#\/schema\/person\/image\/","url":"https:\/\/secure.gravatar.com\/avatar\/7fa71899795e8f540f615a1f5ab25255dc27aa40f05ee7ddd21aac521e01bf50?s=96&d=identicon&r=g","contentUrl":"https:\/\/secure.gravatar.com\/avatar\/7fa71899795e8f540f615a1f5ab25255dc27aa40f05ee7ddd21aac521e01bf50?s=96&d=identicon&r=g","caption":"Tomas Jarvid"},"description":"Jag bor i Ulricehamn i V\u00e4sterg\u00f6tland och \u00e4r f\u00f6rsamlingspr\u00e4st i Svenska Kyrkan f\u00f6r Dalstorps f\u00f6rsamling i Kinds pastorat. P\u00e5 den h\u00e4r bloggen skriver jag ner tankar om vandringen som kristen.","sameAs":["http:\/\/www.vandravagen.se"],"url":"https:\/\/blogg.svenskakyrkan.se\/vandravagen\/author\/vandravagen\/"}]}},"author_meta":{"ID":"392","user_nicename":"vandravagen","user_url":"http:\/\/www.vandravagen.se","user_registered":"2014-05-19 05:44:52","display_name":"Tomas Jarvid","first_name":"Tomas","last_name":"Jarvid","avatar":"https:\/\/secure.gravatar.com\/avatar\/7fa71899795e8f540f615a1f5ab25255dc27aa40f05ee7ddd21aac521e01bf50?s=96&d=identicon&r=g"},"featured_image":["https:\/\/blogg.svenskakyrkan.se\/vandravagen\/files\/2019\/08\/kalleochhobbe.jpg",750,917,false],"bloginfo":{"name":"Vandra V\u00e4gen","url":"https:\/\/blogg.svenskakyrkan.se\/vandravagen"},"_links":{"self":[{"href":"https:\/\/blogg.svenskakyrkan.se\/vandravagen\/wp-json\/wp\/v2\/posts\/7343","targetHints":{"allow":["GET"]}}],"collection":[{"href":"https:\/\/blogg.svenskakyrkan.se\/vandravagen\/wp-json\/wp\/v2\/posts"}],"about":[{"href":"https:\/\/blogg.svenskakyrkan.se\/vandravagen\/wp-json\/wp\/v2\/types\/post"}],"author":[{"embeddable":true,"href":"https:\/\/blogg.svenskakyrkan.se\/vandravagen\/wp-json\/wp\/v2\/users\/392"}],"replies":[{"embeddable":true,"href":"https:\/\/blogg.svenskakyrkan.se\/vandravagen\/wp-json\/wp\/v2\/comments?post=7343"}],"version-history":[{"count":1,"href":"https:\/\/blogg.svenskakyrkan.se\/vandravagen\/wp-json\/wp\/v2\/posts\/7343\/revisions"}],"predecessor-version":[{"id":7345,"href":"https:\/\/blogg.svenskakyrkan.se\/vandravagen\/wp-json\/wp\/v2\/posts\/7343\/revisions\/7345"}],"wp:featuredmedia":[{"embeddable":true,"href":"https:\/\/blogg.svenskakyrkan.se\/vandravagen\/wp-json\/wp\/v2\/media\/7344"}],"wp:attachment":[{"href":"https:\/\/blogg.svenskakyrkan.se\/vandravagen\/wp-json\/wp\/v2\/media?parent=7343"}],"wp:term":[{"taxonomy":"category","embeddable":true,"href":"https:\/\/blogg.svenskakyrkan.se\/vandravagen\/wp-json\/wp\/v2\/categories?post=7343"},{"taxonomy":"post_tag","embeddable":true,"href":"https:\/\/blogg.svenskakyrkan.se\/vandravagen\/wp-json\/wp\/v2\/tags?post=7343"}],"curies":[{"name":"wp","href":"https:\/\/api.w.org\/{rel}","templated":true}]}}