{"id":7346,"date":"2019-09-02T07:00:05","date_gmt":"2019-09-02T05:00:05","guid":{"rendered":"http:\/\/blogg.svenskakyrkan.se\/vandravagen\/?p=7346"},"modified":"2019-09-01T22:23:17","modified_gmt":"2019-09-01T20:23:17","slug":"om-varfor-sa-fa-ger-bort-deodorant","status":"publish","type":"post","link":"https:\/\/blogg.svenskakyrkan.se\/vandravagen\/2019\/09\/02\/om-varfor-sa-fa-ger-bort-deodorant\/","title":{"rendered":"Om varf\u00f6r s\u00e5 f\u00e5 ger bort deodorant"},"content":{"rendered":"<p>En av mina predikantf\u00f6rebilder, Tim Keller, \u00e5tergav en liknelse han hade h\u00f6rt fr\u00e5n n\u00e5gon ang\u00e5ende \u00f6dmjukhet. I hans liknelse var det nog munsk\u00f6lj men jag har inte mycket relation till det s\u00e5 jag tar deodorant i mitt exempel.<\/p>\n<p>Hur skulle du ta det om du fick en present fr\u00e5n n\u00e5gon och n\u00e4r du \u00f6ppnade den s\u00e5 var det en deodorant? Hur svaret p\u00e5 den fr\u00e5gan \u00e4r s\u00e4ger en del om v\u00e5r \u00f6dmjukhet. Att f\u00e5 en deodorant i present \u00e4r ju p\u00e5 ett s\u00e4tt f\u00f6r\u00f6dmjukande, det antyder att du brukar lukta v\u00e4ldigt illa s\u00e5 att du beh\u00f6ver hj\u00e4lp att hantera detta.<\/p>\n<p>Man kan ju l\u00e4tt reagera med att g\u00e5 till motattack och mena att det \u00e4r ett p\u00e5hopp, jag har ju inget problem med min kroppslukt! Eller s\u00e5 funderar man, v\u00e4rderar om den andre vill en v\u00e4l, t\u00e4nker att man kanske missat n\u00e5got, kanske har jag faktiskt ett problem att jag luktar illa fast jag inte f\u00f6rst\u00e5tt det? Tar man den v\u00e4gen kan man ju ocks\u00e5 g\u00f6ra n\u00e5got \u00e5t sitt problem genom att inte kasta bort presenten utan faktiskt ta till sig den och anv\u00e4nda den.<\/p>\n<p>Liknelsen best\u00e5r i att det kan vara s\u00e5 vi f\u00f6rh\u00e5ller oss till talet om Guds n\u00e5d och f\u00f6rl\u00e5telse. Det \u00e4r nog \u00e4nd\u00e5 sv\u00e5rare att erk\u00e4nna att man har problem moraliskt och andligt sett \u00e4n bara luktm\u00e4ssigt. S\u00e5 n\u00e4r n\u00e5gon kommer och s\u00e4ger att vi f\u00e5r f\u00f6rl\u00e5telse och uppr\u00e4ttelse f\u00f6r Jesu Kristi skull och att det \u00e4r en g\u00e5va Gud ger oss kan vi bli f\u00f6rn\u00e4rmade och st\u00e4nga \u00f6ronen f\u00f6r s\u00e5dant f\u00f6r\u00f6dmjukande tal, skulle jag st\u00e5 som en tiggare med m\u00f6ssan i handen och leva p\u00e5 det Gud vill ge? Men \u00f6dmjukhet och sj\u00e4lvinsikt g\u00e5r det l\u00e4ttare. I de gamla v\u00e4ckelsetraditionerna visste man v\u00e4l att det \u00e4r m\u00e4nniskor som lider av sin egen synd som har l\u00e4ttast att v\u00e4nda sig till Gud. Och Jesus sj\u00e4lv sade att tullindrivare och horor l\u00e4ttare omv\u00e4nde sig \u00e4n de duktiga som v\u00e4grade inse sin egen ben\u00e4genhet till olika sorters synd.<\/p>\n<p>&nbsp;<\/p>\n<p>Vad s\u00e4ger du om detta? Ringer det sant i dina \u00f6ron? Skriv en kommentar!<\/p>\n<p>&nbsp;<\/p>\n","protected":false},"excerpt":{"rendered":"<p>En av mina predikantf\u00f6rebilder, Tim Keller, \u00e5tergav en liknelse han hade h\u00f6rt fr\u00e5n n\u00e5gon ang\u00e5ende \u00f6dmjukhet. I hans liknelse var det nog munsk\u00f6lj men jag har inte mycket relation till det s\u00e5 jag tar deodorant i mitt exempel. Hur skulle du ta det om du fick en present fr\u00e5n n\u00e5gon och n\u00e4r du \u00f6ppnade den [&hellip;]<\/p>\n","protected":false},"author":392,"featured_media":7347,"comment_status":"open","ping_status":"open","sticky":false,"template":"","format":"standard","meta":{"_acf_changed":false,"footnotes":""},"categories":[75887,117,4002],"tags":[],"class_list":["post-7346","post","type-post","status-publish","format-standard","has-post-thumbnail","hentry","category-andlighet","category-teologi","category-tro"],"acf":[],"yoast_head":"<!-- This site is optimized with the Yoast SEO plugin v27.1.1 - https:\/\/yoast.com\/product\/yoast-seo-wordpress\/ -->\n<title>Om varf\u00f6r s\u00e5 f\u00e5 ger bort deodorant - Vandra V\u00e4gen<\/title>\n<meta name=\"robots\" content=\"index, follow, max-snippet:-1, max-image-preview:large, max-video-preview:-1\" \/>\n<link rel=\"canonical\" href=\"https:\/\/blogg.svenskakyrkan.se\/vandravagen\/2019\/09\/02\/om-varfor-sa-fa-ger-bort-deodorant\/\" \/>\n<meta property=\"og:locale\" content=\"sv_SE\" \/>\n<meta property=\"og:type\" content=\"article\" \/>\n<meta property=\"og:title\" content=\"Om varf\u00f6r s\u00e5 f\u00e5 ger bort deodorant - Vandra V\u00e4gen\" \/>\n<meta property=\"og:description\" content=\"En av mina predikantf\u00f6rebilder, Tim Keller, \u00e5tergav en liknelse han hade h\u00f6rt fr\u00e5n n\u00e5gon ang\u00e5ende \u00f6dmjukhet. I hans liknelse var det nog munsk\u00f6lj men jag har inte mycket relation till det s\u00e5 jag tar deodorant i mitt exempel. Hur skulle du ta det om du fick en present fr\u00e5n n\u00e5gon och n\u00e4r du \u00f6ppnade den [&hellip;]\" \/>\n<meta property=\"og:url\" content=\"https:\/\/blogg.svenskakyrkan.se\/vandravagen\/2019\/09\/02\/om-varfor-sa-fa-ger-bort-deodorant\/\" \/>\n<meta property=\"og:site_name\" content=\"Vandra V\u00e4gen\" \/>\n<meta property=\"article:publisher\" content=\"http:\/\/facebook.com\/vandravagen\" \/>\n<meta property=\"article:published_time\" content=\"2019-09-02T05:00:05+00:00\" \/>\n<meta name=\"author\" content=\"Tomas Jarvid\" \/>\n<meta name=\"twitter:card\" content=\"summary_large_image\" \/>\n<meta name=\"twitter:creator\" content=\"@fadertomas\" \/>\n<meta name=\"twitter:site\" content=\"@fadertomas\" \/>\n<meta name=\"twitter:label1\" content=\"Skriven av\" \/>\n\t<meta name=\"twitter:data1\" content=\"Tomas Jarvid\" \/>\n\t<meta name=\"twitter:label2\" content=\"Ber\u00e4knad l\u00e4stid\" \/>\n\t<meta name=\"twitter:data2\" content=\"2 minuter\" \/>\n<script type=\"application\/ld+json\" class=\"yoast-schema-graph\">{\"@context\":\"https:\/\/schema.org\",\"@graph\":[{\"@type\":\"Article\",\"@id\":\"https:\/\/blogg.svenskakyrkan.se\/vandravagen\/2019\/09\/02\/om-varfor-sa-fa-ger-bort-deodorant\/#article\",\"isPartOf\":{\"@id\":\"https:\/\/blogg.svenskakyrkan.se\/vandravagen\/2019\/09\/02\/om-varfor-sa-fa-ger-bort-deodorant\/\"},\"author\":{\"name\":\"Tomas Jarvid\",\"@id\":\"https:\/\/blogg.svenskakyrkan.se\/vandravagen\/#\/schema\/person\/25da02d4f76b137d04291711e2c9fc16\"},\"headline\":\"Om varf\u00f6r s\u00e5 f\u00e5 ger bort deodorant\",\"datePublished\":\"2019-09-02T05:00:05+00:00\",\"mainEntityOfPage\":{\"@id\":\"https:\/\/blogg.svenskakyrkan.se\/vandravagen\/2019\/09\/02\/om-varfor-sa-fa-ger-bort-deodorant\/\"},\"wordCount\":424,\"commentCount\":4,\"publisher\":{\"@id\":\"https:\/\/blogg.svenskakyrkan.se\/vandravagen\/#organization\"},\"image\":{\"@id\":\"https:\/\/blogg.svenskakyrkan.se\/vandravagen\/2019\/09\/02\/om-varfor-sa-fa-ger-bort-deodorant\/#primaryimage\"},\"thumbnailUrl\":\"https:\/\/blogg.svenskakyrkan.se\/vandravagen\/files\/2019\/08\/deo.jpg\",\"articleSection\":[\"andlighet\",\"Teologi\",\"tro\"],\"inLanguage\":\"sv-SE\",\"potentialAction\":[{\"@type\":\"CommentAction\",\"name\":\"Comment\",\"target\":[\"https:\/\/blogg.svenskakyrkan.se\/vandravagen\/2019\/09\/02\/om-varfor-sa-fa-ger-bort-deodorant\/#respond\"]}]},{\"@type\":\"WebPage\",\"@id\":\"https:\/\/blogg.svenskakyrkan.se\/vandravagen\/2019\/09\/02\/om-varfor-sa-fa-ger-bort-deodorant\/\",\"url\":\"https:\/\/blogg.svenskakyrkan.se\/vandravagen\/2019\/09\/02\/om-varfor-sa-fa-ger-bort-deodorant\/\",\"name\":\"Om varf\u00f6r s\u00e5 f\u00e5 ger bort deodorant - Vandra V\u00e4gen\",\"isPartOf\":{\"@id\":\"https:\/\/blogg.svenskakyrkan.se\/vandravagen\/#website\"},\"primaryImageOfPage\":{\"@id\":\"https:\/\/blogg.svenskakyrkan.se\/vandravagen\/2019\/09\/02\/om-varfor-sa-fa-ger-bort-deodorant\/#primaryimage\"},\"image\":{\"@id\":\"https:\/\/blogg.svenskakyrkan.se\/vandravagen\/2019\/09\/02\/om-varfor-sa-fa-ger-bort-deodorant\/#primaryimage\"},\"thumbnailUrl\":\"https:\/\/blogg.svenskakyrkan.se\/vandravagen\/files\/2019\/08\/deo.jpg\",\"datePublished\":\"2019-09-02T05:00:05+00:00\",\"breadcrumb\":{\"@id\":\"https:\/\/blogg.svenskakyrkan.se\/vandravagen\/2019\/09\/02\/om-varfor-sa-fa-ger-bort-deodorant\/#breadcrumb\"},\"inLanguage\":\"sv-SE\",\"potentialAction\":[{\"@type\":\"ReadAction\",\"target\":[\"https:\/\/blogg.svenskakyrkan.se\/vandravagen\/2019\/09\/02\/om-varfor-sa-fa-ger-bort-deodorant\/\"]}]},{\"@type\":\"ImageObject\",\"inLanguage\":\"sv-SE\",\"@id\":\"https:\/\/blogg.svenskakyrkan.se\/vandravagen\/2019\/09\/02\/om-varfor-sa-fa-ger-bort-deodorant\/#primaryimage\",\"url\":\"https:\/\/blogg.svenskakyrkan.se\/vandravagen\/files\/2019\/08\/deo.jpg\",\"contentUrl\":\"https:\/\/blogg.svenskakyrkan.se\/vandravagen\/files\/2019\/08\/deo.jpg\",\"width\":1280,\"height\":960,\"caption\":\"Deodorant. Inte s\u00e5 vanlig som present?\"},{\"@type\":\"BreadcrumbList\",\"@id\":\"https:\/\/blogg.svenskakyrkan.se\/vandravagen\/2019\/09\/02\/om-varfor-sa-fa-ger-bort-deodorant\/#breadcrumb\",\"itemListElement\":[{\"@type\":\"ListItem\",\"position\":1,\"name\":\"Hem\",\"item\":\"https:\/\/blogg.svenskakyrkan.se\/vandravagen\/\"},{\"@type\":\"ListItem\",\"position\":2,\"name\":\"Om varf\u00f6r s\u00e5 f\u00e5 ger bort deodorant\"}]},{\"@type\":\"WebSite\",\"@id\":\"https:\/\/blogg.svenskakyrkan.se\/vandravagen\/#website\",\"url\":\"https:\/\/blogg.svenskakyrkan.se\/vandravagen\/\",\"name\":\"Vandra V\u00e4gen\",\"description\":\"-Mot en tro f\u00f6r hela livet\",\"publisher\":{\"@id\":\"https:\/\/blogg.svenskakyrkan.se\/vandravagen\/#organization\"},\"potentialAction\":[{\"@type\":\"SearchAction\",\"target\":{\"@type\":\"EntryPoint\",\"urlTemplate\":\"https:\/\/blogg.svenskakyrkan.se\/vandravagen\/?s={search_term_string}\"},\"query-input\":{\"@type\":\"PropertyValueSpecification\",\"valueRequired\":true,\"valueName\":\"search_term_string\"}}],\"inLanguage\":\"sv-SE\"},{\"@type\":\"Organization\",\"@id\":\"https:\/\/blogg.svenskakyrkan.se\/vandravagen\/#organization\",\"name\":\"ulricehamns pastorat\",\"alternateName\":\"ulricehamns pastorat\",\"url\":\"https:\/\/blogg.svenskakyrkan.se\/vandravagen\/\",\"logo\":{\"@type\":\"ImageObject\",\"inLanguage\":\"sv-SE\",\"@id\":\"https:\/\/blogg.svenskakyrkan.se\/vandravagen\/#\/schema\/logo\/image\/\",\"url\":\"https:\/\/blogg.svenskakyrkan.se\/vandravagen\/files\/2023\/05\/Ulr_logo_RGB.png\",\"contentUrl\":\"https:\/\/blogg.svenskakyrkan.se\/vandravagen\/files\/2023\/05\/Ulr_logo_RGB.png\",\"width\":205,\"height\":77,\"caption\":\"ulricehamns pastorat\"},\"image\":{\"@id\":\"https:\/\/blogg.svenskakyrkan.se\/vandravagen\/#\/schema\/logo\/image\/\"},\"sameAs\":[\"http:\/\/facebook.com\/vandravagen\",\"https:\/\/x.com\/fadertomas\",\"http:\/\/www.facebook.com\/svenskakyrkaniulricehamn\"]},{\"@type\":\"Person\",\"@id\":\"https:\/\/blogg.svenskakyrkan.se\/vandravagen\/#\/schema\/person\/25da02d4f76b137d04291711e2c9fc16\",\"name\":\"Tomas Jarvid\",\"image\":{\"@type\":\"ImageObject\",\"inLanguage\":\"sv-SE\",\"@id\":\"https:\/\/blogg.svenskakyrkan.se\/vandravagen\/#\/schema\/person\/image\/\",\"url\":\"https:\/\/secure.gravatar.com\/avatar\/7fa71899795e8f540f615a1f5ab25255dc27aa40f05ee7ddd21aac521e01bf50?s=96&d=identicon&r=g\",\"contentUrl\":\"https:\/\/secure.gravatar.com\/avatar\/7fa71899795e8f540f615a1f5ab25255dc27aa40f05ee7ddd21aac521e01bf50?s=96&d=identicon&r=g\",\"caption\":\"Tomas Jarvid\"},\"description\":\"Jag bor i Ulricehamn i V\u00e4sterg\u00f6tland och \u00e4r f\u00f6rsamlingspr\u00e4st i Svenska Kyrkan f\u00f6r Dalstorps f\u00f6rsamling i Kinds pastorat. P\u00e5 den h\u00e4r bloggen skriver jag ner tankar om vandringen som kristen.\",\"sameAs\":[\"http:\/\/www.vandravagen.se\"],\"url\":\"https:\/\/blogg.svenskakyrkan.se\/vandravagen\/author\/vandravagen\/\"}]}<\/script>\n<!-- \/ Yoast SEO plugin. -->","yoast_head_json":{"title":"Om varf\u00f6r s\u00e5 f\u00e5 ger bort deodorant - Vandra V\u00e4gen","robots":{"index":"index","follow":"follow","max-snippet":"max-snippet:-1","max-image-preview":"max-image-preview:large","max-video-preview":"max-video-preview:-1"},"canonical":"https:\/\/blogg.svenskakyrkan.se\/vandravagen\/2019\/09\/02\/om-varfor-sa-fa-ger-bort-deodorant\/","og_locale":"sv_SE","og_type":"article","og_title":"Om varf\u00f6r s\u00e5 f\u00e5 ger bort deodorant - Vandra V\u00e4gen","og_description":"En av mina predikantf\u00f6rebilder, Tim Keller, \u00e5tergav en liknelse han hade h\u00f6rt fr\u00e5n n\u00e5gon ang\u00e5ende \u00f6dmjukhet. I hans liknelse var det nog munsk\u00f6lj men jag har inte mycket relation till det s\u00e5 jag tar deodorant i mitt exempel. Hur skulle du ta det om du fick en present fr\u00e5n n\u00e5gon och n\u00e4r du \u00f6ppnade den [&hellip;]","og_url":"https:\/\/blogg.svenskakyrkan.se\/vandravagen\/2019\/09\/02\/om-varfor-sa-fa-ger-bort-deodorant\/","og_site_name":"Vandra V\u00e4gen","article_publisher":"http:\/\/facebook.com\/vandravagen","article_published_time":"2019-09-02T05:00:05+00:00","author":"Tomas Jarvid","twitter_card":"summary_large_image","twitter_creator":"@fadertomas","twitter_site":"@fadertomas","twitter_misc":{"Skriven av":"Tomas Jarvid","Ber\u00e4knad l\u00e4stid":"2 minuter"},"schema":{"@context":"https:\/\/schema.org","@graph":[{"@type":"Article","@id":"https:\/\/blogg.svenskakyrkan.se\/vandravagen\/2019\/09\/02\/om-varfor-sa-fa-ger-bort-deodorant\/#article","isPartOf":{"@id":"https:\/\/blogg.svenskakyrkan.se\/vandravagen\/2019\/09\/02\/om-varfor-sa-fa-ger-bort-deodorant\/"},"author":{"name":"Tomas Jarvid","@id":"https:\/\/blogg.svenskakyrkan.se\/vandravagen\/#\/schema\/person\/25da02d4f76b137d04291711e2c9fc16"},"headline":"Om varf\u00f6r s\u00e5 f\u00e5 ger bort deodorant","datePublished":"2019-09-02T05:00:05+00:00","mainEntityOfPage":{"@id":"https:\/\/blogg.svenskakyrkan.se\/vandravagen\/2019\/09\/02\/om-varfor-sa-fa-ger-bort-deodorant\/"},"wordCount":424,"commentCount":4,"publisher":{"@id":"https:\/\/blogg.svenskakyrkan.se\/vandravagen\/#organization"},"image":{"@id":"https:\/\/blogg.svenskakyrkan.se\/vandravagen\/2019\/09\/02\/om-varfor-sa-fa-ger-bort-deodorant\/#primaryimage"},"thumbnailUrl":"https:\/\/blogg.svenskakyrkan.se\/vandravagen\/files\/2019\/08\/deo.jpg","articleSection":["andlighet","Teologi","tro"],"inLanguage":"sv-SE","potentialAction":[{"@type":"CommentAction","name":"Comment","target":["https:\/\/blogg.svenskakyrkan.se\/vandravagen\/2019\/09\/02\/om-varfor-sa-fa-ger-bort-deodorant\/#respond"]}]},{"@type":"WebPage","@id":"https:\/\/blogg.svenskakyrkan.se\/vandravagen\/2019\/09\/02\/om-varfor-sa-fa-ger-bort-deodorant\/","url":"https:\/\/blogg.svenskakyrkan.se\/vandravagen\/2019\/09\/02\/om-varfor-sa-fa-ger-bort-deodorant\/","name":"Om varf\u00f6r s\u00e5 f\u00e5 ger bort deodorant - Vandra V\u00e4gen","isPartOf":{"@id":"https:\/\/blogg.svenskakyrkan.se\/vandravagen\/#website"},"primaryImageOfPage":{"@id":"https:\/\/blogg.svenskakyrkan.se\/vandravagen\/2019\/09\/02\/om-varfor-sa-fa-ger-bort-deodorant\/#primaryimage"},"image":{"@id":"https:\/\/blogg.svenskakyrkan.se\/vandravagen\/2019\/09\/02\/om-varfor-sa-fa-ger-bort-deodorant\/#primaryimage"},"thumbnailUrl":"https:\/\/blogg.svenskakyrkan.se\/vandravagen\/files\/2019\/08\/deo.jpg","datePublished":"2019-09-02T05:00:05+00:00","breadcrumb":{"@id":"https:\/\/blogg.svenskakyrkan.se\/vandravagen\/2019\/09\/02\/om-varfor-sa-fa-ger-bort-deodorant\/#breadcrumb"},"inLanguage":"sv-SE","potentialAction":[{"@type":"ReadAction","target":["https:\/\/blogg.svenskakyrkan.se\/vandravagen\/2019\/09\/02\/om-varfor-sa-fa-ger-bort-deodorant\/"]}]},{"@type":"ImageObject","inLanguage":"sv-SE","@id":"https:\/\/blogg.svenskakyrkan.se\/vandravagen\/2019\/09\/02\/om-varfor-sa-fa-ger-bort-deodorant\/#primaryimage","url":"https:\/\/blogg.svenskakyrkan.se\/vandravagen\/files\/2019\/08\/deo.jpg","contentUrl":"https:\/\/blogg.svenskakyrkan.se\/vandravagen\/files\/2019\/08\/deo.jpg","width":1280,"height":960,"caption":"Deodorant. Inte s\u00e5 vanlig som present?"},{"@type":"BreadcrumbList","@id":"https:\/\/blogg.svenskakyrkan.se\/vandravagen\/2019\/09\/02\/om-varfor-sa-fa-ger-bort-deodorant\/#breadcrumb","itemListElement":[{"@type":"ListItem","position":1,"name":"Hem","item":"https:\/\/blogg.svenskakyrkan.se\/vandravagen\/"},{"@type":"ListItem","position":2,"name":"Om varf\u00f6r s\u00e5 f\u00e5 ger bort deodorant"}]},{"@type":"WebSite","@id":"https:\/\/blogg.svenskakyrkan.se\/vandravagen\/#website","url":"https:\/\/blogg.svenskakyrkan.se\/vandravagen\/","name":"Vandra V\u00e4gen","description":"-Mot en tro f\u00f6r hela livet","publisher":{"@id":"https:\/\/blogg.svenskakyrkan.se\/vandravagen\/#organization"},"potentialAction":[{"@type":"SearchAction","target":{"@type":"EntryPoint","urlTemplate":"https:\/\/blogg.svenskakyrkan.se\/vandravagen\/?s={search_term_string}"},"query-input":{"@type":"PropertyValueSpecification","valueRequired":true,"valueName":"search_term_string"}}],"inLanguage":"sv-SE"},{"@type":"Organization","@id":"https:\/\/blogg.svenskakyrkan.se\/vandravagen\/#organization","name":"ulricehamns pastorat","alternateName":"ulricehamns pastorat","url":"https:\/\/blogg.svenskakyrkan.se\/vandravagen\/","logo":{"@type":"ImageObject","inLanguage":"sv-SE","@id":"https:\/\/blogg.svenskakyrkan.se\/vandravagen\/#\/schema\/logo\/image\/","url":"https:\/\/blogg.svenskakyrkan.se\/vandravagen\/files\/2023\/05\/Ulr_logo_RGB.png","contentUrl":"https:\/\/blogg.svenskakyrkan.se\/vandravagen\/files\/2023\/05\/Ulr_logo_RGB.png","width":205,"height":77,"caption":"ulricehamns pastorat"},"image":{"@id":"https:\/\/blogg.svenskakyrkan.se\/vandravagen\/#\/schema\/logo\/image\/"},"sameAs":["http:\/\/facebook.com\/vandravagen","https:\/\/x.com\/fadertomas","http:\/\/www.facebook.com\/svenskakyrkaniulricehamn"]},{"@type":"Person","@id":"https:\/\/blogg.svenskakyrkan.se\/vandravagen\/#\/schema\/person\/25da02d4f76b137d04291711e2c9fc16","name":"Tomas Jarvid","image":{"@type":"ImageObject","inLanguage":"sv-SE","@id":"https:\/\/blogg.svenskakyrkan.se\/vandravagen\/#\/schema\/person\/image\/","url":"https:\/\/secure.gravatar.com\/avatar\/7fa71899795e8f540f615a1f5ab25255dc27aa40f05ee7ddd21aac521e01bf50?s=96&d=identicon&r=g","contentUrl":"https:\/\/secure.gravatar.com\/avatar\/7fa71899795e8f540f615a1f5ab25255dc27aa40f05ee7ddd21aac521e01bf50?s=96&d=identicon&r=g","caption":"Tomas Jarvid"},"description":"Jag bor i Ulricehamn i V\u00e4sterg\u00f6tland och \u00e4r f\u00f6rsamlingspr\u00e4st i Svenska Kyrkan f\u00f6r Dalstorps f\u00f6rsamling i Kinds pastorat. P\u00e5 den h\u00e4r bloggen skriver jag ner tankar om vandringen som kristen.","sameAs":["http:\/\/www.vandravagen.se"],"url":"https:\/\/blogg.svenskakyrkan.se\/vandravagen\/author\/vandravagen\/"}]}},"author_meta":{"ID":"392","user_nicename":"vandravagen","user_url":"http:\/\/www.vandravagen.se","user_registered":"2014-05-19 05:44:52","display_name":"Tomas Jarvid","first_name":"Tomas","last_name":"Jarvid","avatar":"https:\/\/secure.gravatar.com\/avatar\/7fa71899795e8f540f615a1f5ab25255dc27aa40f05ee7ddd21aac521e01bf50?s=96&d=identicon&r=g"},"featured_image":["https:\/\/blogg.svenskakyrkan.se\/vandravagen\/files\/2019\/08\/deo-1024x768.jpg",1024,768,true],"bloginfo":{"name":"Vandra V\u00e4gen","url":"https:\/\/blogg.svenskakyrkan.se\/vandravagen"},"_links":{"self":[{"href":"https:\/\/blogg.svenskakyrkan.se\/vandravagen\/wp-json\/wp\/v2\/posts\/7346","targetHints":{"allow":["GET"]}}],"collection":[{"href":"https:\/\/blogg.svenskakyrkan.se\/vandravagen\/wp-json\/wp\/v2\/posts"}],"about":[{"href":"https:\/\/blogg.svenskakyrkan.se\/vandravagen\/wp-json\/wp\/v2\/types\/post"}],"author":[{"embeddable":true,"href":"https:\/\/blogg.svenskakyrkan.se\/vandravagen\/wp-json\/wp\/v2\/users\/392"}],"replies":[{"embeddable":true,"href":"https:\/\/blogg.svenskakyrkan.se\/vandravagen\/wp-json\/wp\/v2\/comments?post=7346"}],"version-history":[{"count":1,"href":"https:\/\/blogg.svenskakyrkan.se\/vandravagen\/wp-json\/wp\/v2\/posts\/7346\/revisions"}],"predecessor-version":[{"id":7348,"href":"https:\/\/blogg.svenskakyrkan.se\/vandravagen\/wp-json\/wp\/v2\/posts\/7346\/revisions\/7348"}],"wp:featuredmedia":[{"embeddable":true,"href":"https:\/\/blogg.svenskakyrkan.se\/vandravagen\/wp-json\/wp\/v2\/media\/7347"}],"wp:attachment":[{"href":"https:\/\/blogg.svenskakyrkan.se\/vandravagen\/wp-json\/wp\/v2\/media?parent=7346"}],"wp:term":[{"taxonomy":"category","embeddable":true,"href":"https:\/\/blogg.svenskakyrkan.se\/vandravagen\/wp-json\/wp\/v2\/categories?post=7346"},{"taxonomy":"post_tag","embeddable":true,"href":"https:\/\/blogg.svenskakyrkan.se\/vandravagen\/wp-json\/wp\/v2\/tags?post=7346"}],"curies":[{"name":"wp","href":"https:\/\/api.w.org\/{rel}","templated":true}]}}