{"id":735,"date":"2013-01-31T10:30:00","date_gmt":"2013-01-31T09:30:00","guid":{"rendered":"http:\/\/blogg.svenskakyrkan.se\/vandravagen\/2013\/01\/31\/om-mansklig-ynklighet-och-dvargen-av-par-lagerkvist\/"},"modified":"2013-01-31T10:30:00","modified_gmt":"2013-01-31T09:30:00","slug":"om-mansklig-ynklighet-och-dvargen-av-par-lagerkvist","status":"publish","type":"post","link":"https:\/\/blogg.svenskakyrkan.se\/vandravagen\/2013\/01\/31\/om-mansklig-ynklighet-och-dvargen-av-par-lagerkvist\/","title":{"rendered":"Om m\u00e4nsklig ynklighet och Dv\u00e4rgen av P\u00e4r Lagerkvist"},"content":{"rendered":"<div><a href=\"https:\/\/encrypted-tbn1.gstatic.com\/images?q=tbn:ANd9GcQe4hyhtVRLWGdkXyxCdUSt-JV88mfg0Q2kzajQ-hTMkz_AoSBUxw\"><img decoding=\"async\" border=\"0\" src=\"https:\/\/encrypted-tbn1.gstatic.com\/images?q=tbn:ANd9GcQe4hyhtVRLWGdkXyxCdUSt-JV88mfg0Q2kzajQ-hTMkz_AoSBUxw\"><\/a><\/div>\n<p>Den senaste ljudboken jag h\u00f6rt \u00e4r Dv\u00e4rgen av P\u00e4r Lagerkvist. Det \u00e4r en oerh\u00f6rt fascinerande skildring av m\u00e4nniskans inre.<\/p>\n<p>Huvudpersonen, dv\u00e4rgen, ser allt ur sitt perspektiv som en som st\u00e5r utanf\u00f6r den m\u00e4nskliga gemenskapen. Han f\u00e5r ingen k\u00e4rlek fr\u00e5n n\u00e5gon och fr\u00e5gan \u00e4r om han n\u00e5gonsin f\u00e5tt det. Det \u00e4r en k\u00e4rv och h\u00e5rd person som talar. Vi f\u00e5r f\u00f6rst\u00e5 honom genom hans f\u00f6rh\u00e5llande till m\u00e4nniskorna han har omkring sig. Han f\u00f6rst\u00e5r \u00f6ver huvud taget inte m\u00e4nniskornas l\u00e4ngtan efter k\u00e4rlek och \u00e4cklas av intimitet. Han \u00e4r stolt och h\u00f6gmodig och \u00e4ven fr\u00e5n sin kortv\u00e4xta position \u00e4r han bra p\u00e5 att se ner p\u00e5 och f\u00f6rakta andra. Jag antar att det beror p\u00e5 att vi m\u00e4nniskor ofta mer ser en spegelbild av oss sj\u00e4lva \u00e4n verkligen ser andra m\u00e4nniskor att dv\u00e4rgen snabbt ser just de egenskaperna i andra. Stolthet och pomp\u00f6sa drag \u00e4r han oerh\u00f6rt snabb \u00a0att k\u00e4nna igen, samtidigt som han missar andra f\u00f6rsonande drag som s\u00e4kert ocks\u00e5 finns. Mot nyfikenhet och vetenskap \u00e4r han lika skeptisk. Han \u00e4r \u00f6ver huvud taget inte i f\u00f6r\u00e4ndring p\u00e5 n\u00e5got s\u00e4tt. Han \u00e4r f\u00e4rdig.<\/p>\n<p>Sin furste ser dv\u00e4rgen dock upp till som en stor man. Speciellt n\u00e4r denne drar i krig (p\u00e5 ett s\u00e4tt man som l\u00e4sare egentligen tycker \u00e4r v\u00e4ldigt l\u00f6mskt). Dv\u00e4rgen \u00e4lskar kriget och att f\u00e5 se f\u00f6rst\u00f6relsekrafter sl\u00e4ppta l\u00f6sa.<\/p>\n<p>Jag t\u00e4nker mig att dv\u00e4rgen (jag l\u00e4r v\u00e4l forts\u00e4tta kalla huvudpersonen s\u00e5. Jag vet att det heter sm\u00e5v\u00e4xt och att ordet dv\u00e4rg \u00e4r kr\u00e4nkande.\u00a0Jag t\u00e4nker att i det litter\u00e4ra sammanhanget i ren\u00e4ssansen \u00e4r det kanske mindre problematiskt?) i boken fungerar som bild f\u00f6r hur en m\u00e4nniska som inte f\u00e5tt vad han eller hon beh\u00f6ver f\u00f6r att v\u00e4xa och blomma kan bli. M\u00f6jligen \u00e4r dv\u00e4rgen ocks\u00e5 en slags skugga som Jung skulle t\u00e4nkt. Det m\u00f6rka str\u00e5ket i oss alla som vi inte vill l\u00e5tsas om (den tolkningen har st\u00f6d i dv\u00e4rgens roll till fursten, \u00e5t vilken han utf\u00f6r l\u00f6mska d\u00e5d). Det finns mycket att t\u00e4nka p\u00e5 i skildringen av vad som s\u00e5 att s\u00e4ga f\u00f6rsigg\u00e5r p\u00e5 m\u00e4nniskans fasad och hennes bakg\u00e5rd.<\/p>\n<p>F\u00f6r egen del k\u00e4nner jag ocks\u00e5 igen dv\u00e4rgen i mig sj\u00e4lv. Kanske som ton\u00e5ring och i olika livssituationer. Visst har jag ocks\u00e5 k\u00e4nt mig likadan. F\u00f6rs\u00f6kt kompensera k\u00e4nslor av utanf\u00f6rskap med att se ner p\u00e5 andra, hitta brister i dem. Det g\u00e5r d\u00e4rf\u00f6r fint att l\u00e4sa Dv\u00e4rgen som en slags biktspegel och ett s\u00e4tt att l\u00e4ra k\u00e4nna sig sj\u00e4lv.<\/p>\n<p>Har du l\u00e4st boken? H\u00e5ller du med? Det \u00e4r verkligen en stor roman av Lagerkvist n\u00e4r han \u00e4r som b\u00e4st. Har du inte redan l\u00e4st den s\u00e5 g\u00f6r det!<\/p><\/p>\n","protected":false},"excerpt":{"rendered":"<p>Den senaste ljudboken jag h\u00f6rt \u00e4r Dv\u00e4rgen av P\u00e4r Lagerkvist. Det \u00e4r en oerh\u00f6rt fascinerande skildring av m\u00e4nniskans inre. Huvudpersonen, dv\u00e4rgen, ser allt ur sitt perspektiv som en som st\u00e5r utanf\u00f6r den m\u00e4nskliga gemenskapen. Han f\u00e5r ingen k\u00e4rlek fr\u00e5n n\u00e5gon och fr\u00e5gan \u00e4r om han n\u00e5gonsin f\u00e5tt det. Det \u00e4r en k\u00e4rv och h\u00e5rd person [&hellip;]<\/p>\n","protected":false},"author":392,"featured_media":0,"comment_status":"open","ping_status":"open","sticky":false,"template":"","format":"standard","meta":{"_acf_changed":false,"footnotes":""},"categories":[8253,42374,77554],"tags":[],"class_list":["post-735","post","type-post","status-publish","format-standard","hentry","category-bocker","category-boktips","category-vara-manniska"],"acf":[],"yoast_head":"<!-- This site is optimized with the Yoast SEO plugin v27.1.1 - https:\/\/yoast.com\/product\/yoast-seo-wordpress\/ -->\n<title>Om m\u00e4nsklig ynklighet och Dv\u00e4rgen av P\u00e4r Lagerkvist - Vandra V\u00e4gen<\/title>\n<meta name=\"robots\" content=\"index, follow, max-snippet:-1, max-image-preview:large, max-video-preview:-1\" \/>\n<link rel=\"canonical\" href=\"https:\/\/blogg.svenskakyrkan.se\/vandravagen\/2013\/01\/31\/om-mansklig-ynklighet-och-dvargen-av-par-lagerkvist\/\" \/>\n<meta property=\"og:locale\" content=\"sv_SE\" \/>\n<meta property=\"og:type\" content=\"article\" \/>\n<meta property=\"og:title\" content=\"Om m\u00e4nsklig ynklighet och Dv\u00e4rgen av P\u00e4r Lagerkvist - Vandra V\u00e4gen\" \/>\n<meta property=\"og:description\" content=\"Den senaste ljudboken jag h\u00f6rt \u00e4r Dv\u00e4rgen av P\u00e4r Lagerkvist. Det \u00e4r en oerh\u00f6rt fascinerande skildring av m\u00e4nniskans inre. Huvudpersonen, dv\u00e4rgen, ser allt ur sitt perspektiv som en som st\u00e5r utanf\u00f6r den m\u00e4nskliga gemenskapen. Han f\u00e5r ingen k\u00e4rlek fr\u00e5n n\u00e5gon och fr\u00e5gan \u00e4r om han n\u00e5gonsin f\u00e5tt det. Det \u00e4r en k\u00e4rv och h\u00e5rd person [&hellip;]\" \/>\n<meta property=\"og:url\" content=\"https:\/\/blogg.svenskakyrkan.se\/vandravagen\/2013\/01\/31\/om-mansklig-ynklighet-och-dvargen-av-par-lagerkvist\/\" \/>\n<meta property=\"og:site_name\" content=\"Vandra V\u00e4gen\" \/>\n<meta property=\"article:publisher\" content=\"http:\/\/facebook.com\/vandravagen\" \/>\n<meta property=\"article:published_time\" content=\"2013-01-31T09:30:00+00:00\" \/>\n<meta property=\"og:image\" content=\"https:\/\/encrypted-tbn1.gstatic.com\/images?q=tbn:ANd9GcQe4hyhtVRLWGdkXyxCdUSt-JV88mfg0Q2kzajQ-hTMkz_AoSBUxw\" \/>\n<meta name=\"author\" content=\"Tomas Jarvid\" \/>\n<meta name=\"twitter:card\" content=\"summary_large_image\" \/>\n<meta name=\"twitter:creator\" content=\"@fadertomas\" \/>\n<meta name=\"twitter:site\" content=\"@fadertomas\" \/>\n<meta name=\"twitter:label1\" content=\"Skriven av\" \/>\n\t<meta name=\"twitter:data1\" content=\"Tomas Jarvid\" \/>\n\t<meta name=\"twitter:label2\" content=\"Ber\u00e4knad l\u00e4stid\" \/>\n\t<meta name=\"twitter:data2\" content=\"3 minuter\" \/>\n<script type=\"application\/ld+json\" class=\"yoast-schema-graph\">{\"@context\":\"https:\/\/schema.org\",\"@graph\":[{\"@type\":\"Article\",\"@id\":\"https:\/\/blogg.svenskakyrkan.se\/vandravagen\/2013\/01\/31\/om-mansklig-ynklighet-och-dvargen-av-par-lagerkvist\/#article\",\"isPartOf\":{\"@id\":\"https:\/\/blogg.svenskakyrkan.se\/vandravagen\/2013\/01\/31\/om-mansklig-ynklighet-och-dvargen-av-par-lagerkvist\/\"},\"author\":{\"name\":\"Tomas Jarvid\",\"@id\":\"https:\/\/blogg.svenskakyrkan.se\/vandravagen\/#\/schema\/person\/25da02d4f76b137d04291711e2c9fc16\"},\"headline\":\"Om m\u00e4nsklig ynklighet och Dv\u00e4rgen av P\u00e4r Lagerkvist\",\"datePublished\":\"2013-01-31T09:30:00+00:00\",\"mainEntityOfPage\":{\"@id\":\"https:\/\/blogg.svenskakyrkan.se\/vandravagen\/2013\/01\/31\/om-mansklig-ynklighet-och-dvargen-av-par-lagerkvist\/\"},\"wordCount\":556,\"commentCount\":3,\"publisher\":{\"@id\":\"https:\/\/blogg.svenskakyrkan.se\/vandravagen\/#organization\"},\"image\":{\"@id\":\"https:\/\/blogg.svenskakyrkan.se\/vandravagen\/2013\/01\/31\/om-mansklig-ynklighet-och-dvargen-av-par-lagerkvist\/#primaryimage\"},\"thumbnailUrl\":\"https:\/\/encrypted-tbn1.gstatic.com\/images?q=tbn:ANd9GcQe4hyhtVRLWGdkXyxCdUSt-JV88mfg0Q2kzajQ-hTMkz_AoSBUxw\",\"articleSection\":[\"b\u00f6cker\",\"boktips\",\"vara m\u00e4nniska\"],\"inLanguage\":\"sv-SE\",\"potentialAction\":[{\"@type\":\"CommentAction\",\"name\":\"Comment\",\"target\":[\"https:\/\/blogg.svenskakyrkan.se\/vandravagen\/2013\/01\/31\/om-mansklig-ynklighet-och-dvargen-av-par-lagerkvist\/#respond\"]}]},{\"@type\":\"WebPage\",\"@id\":\"https:\/\/blogg.svenskakyrkan.se\/vandravagen\/2013\/01\/31\/om-mansklig-ynklighet-och-dvargen-av-par-lagerkvist\/\",\"url\":\"https:\/\/blogg.svenskakyrkan.se\/vandravagen\/2013\/01\/31\/om-mansklig-ynklighet-och-dvargen-av-par-lagerkvist\/\",\"name\":\"Om m\u00e4nsklig ynklighet och Dv\u00e4rgen av P\u00e4r Lagerkvist - Vandra V\u00e4gen\",\"isPartOf\":{\"@id\":\"https:\/\/blogg.svenskakyrkan.se\/vandravagen\/#website\"},\"primaryImageOfPage\":{\"@id\":\"https:\/\/blogg.svenskakyrkan.se\/vandravagen\/2013\/01\/31\/om-mansklig-ynklighet-och-dvargen-av-par-lagerkvist\/#primaryimage\"},\"image\":{\"@id\":\"https:\/\/blogg.svenskakyrkan.se\/vandravagen\/2013\/01\/31\/om-mansklig-ynklighet-och-dvargen-av-par-lagerkvist\/#primaryimage\"},\"thumbnailUrl\":\"https:\/\/encrypted-tbn1.gstatic.com\/images?q=tbn:ANd9GcQe4hyhtVRLWGdkXyxCdUSt-JV88mfg0Q2kzajQ-hTMkz_AoSBUxw\",\"datePublished\":\"2013-01-31T09:30:00+00:00\",\"breadcrumb\":{\"@id\":\"https:\/\/blogg.svenskakyrkan.se\/vandravagen\/2013\/01\/31\/om-mansklig-ynklighet-och-dvargen-av-par-lagerkvist\/#breadcrumb\"},\"inLanguage\":\"sv-SE\",\"potentialAction\":[{\"@type\":\"ReadAction\",\"target\":[\"https:\/\/blogg.svenskakyrkan.se\/vandravagen\/2013\/01\/31\/om-mansklig-ynklighet-och-dvargen-av-par-lagerkvist\/\"]}]},{\"@type\":\"ImageObject\",\"inLanguage\":\"sv-SE\",\"@id\":\"https:\/\/blogg.svenskakyrkan.se\/vandravagen\/2013\/01\/31\/om-mansklig-ynklighet-och-dvargen-av-par-lagerkvist\/#primaryimage\",\"url\":\"https:\/\/encrypted-tbn1.gstatic.com\/images?q=tbn:ANd9GcQe4hyhtVRLWGdkXyxCdUSt-JV88mfg0Q2kzajQ-hTMkz_AoSBUxw\",\"contentUrl\":\"https:\/\/encrypted-tbn1.gstatic.com\/images?q=tbn:ANd9GcQe4hyhtVRLWGdkXyxCdUSt-JV88mfg0Q2kzajQ-hTMkz_AoSBUxw\"},{\"@type\":\"BreadcrumbList\",\"@id\":\"https:\/\/blogg.svenskakyrkan.se\/vandravagen\/2013\/01\/31\/om-mansklig-ynklighet-och-dvargen-av-par-lagerkvist\/#breadcrumb\",\"itemListElement\":[{\"@type\":\"ListItem\",\"position\":1,\"name\":\"Hem\",\"item\":\"https:\/\/blogg.svenskakyrkan.se\/vandravagen\/\"},{\"@type\":\"ListItem\",\"position\":2,\"name\":\"Om m\u00e4nsklig ynklighet och Dv\u00e4rgen av P\u00e4r Lagerkvist\"}]},{\"@type\":\"WebSite\",\"@id\":\"https:\/\/blogg.svenskakyrkan.se\/vandravagen\/#website\",\"url\":\"https:\/\/blogg.svenskakyrkan.se\/vandravagen\/\",\"name\":\"Vandra V\u00e4gen\",\"description\":\"-Mot en tro f\u00f6r hela livet\",\"publisher\":{\"@id\":\"https:\/\/blogg.svenskakyrkan.se\/vandravagen\/#organization\"},\"potentialAction\":[{\"@type\":\"SearchAction\",\"target\":{\"@type\":\"EntryPoint\",\"urlTemplate\":\"https:\/\/blogg.svenskakyrkan.se\/vandravagen\/?s={search_term_string}\"},\"query-input\":{\"@type\":\"PropertyValueSpecification\",\"valueRequired\":true,\"valueName\":\"search_term_string\"}}],\"inLanguage\":\"sv-SE\"},{\"@type\":\"Organization\",\"@id\":\"https:\/\/blogg.svenskakyrkan.se\/vandravagen\/#organization\",\"name\":\"ulricehamns pastorat\",\"alternateName\":\"ulricehamns pastorat\",\"url\":\"https:\/\/blogg.svenskakyrkan.se\/vandravagen\/\",\"logo\":{\"@type\":\"ImageObject\",\"inLanguage\":\"sv-SE\",\"@id\":\"https:\/\/blogg.svenskakyrkan.se\/vandravagen\/#\/schema\/logo\/image\/\",\"url\":\"https:\/\/blogg.svenskakyrkan.se\/vandravagen\/files\/2023\/05\/Ulr_logo_RGB.png\",\"contentUrl\":\"https:\/\/blogg.svenskakyrkan.se\/vandravagen\/files\/2023\/05\/Ulr_logo_RGB.png\",\"width\":205,\"height\":77,\"caption\":\"ulricehamns pastorat\"},\"image\":{\"@id\":\"https:\/\/blogg.svenskakyrkan.se\/vandravagen\/#\/schema\/logo\/image\/\"},\"sameAs\":[\"http:\/\/facebook.com\/vandravagen\",\"https:\/\/x.com\/fadertomas\",\"http:\/\/www.facebook.com\/svenskakyrkaniulricehamn\"]},{\"@type\":\"Person\",\"@id\":\"https:\/\/blogg.svenskakyrkan.se\/vandravagen\/#\/schema\/person\/25da02d4f76b137d04291711e2c9fc16\",\"name\":\"Tomas Jarvid\",\"image\":{\"@type\":\"ImageObject\",\"inLanguage\":\"sv-SE\",\"@id\":\"https:\/\/blogg.svenskakyrkan.se\/vandravagen\/#\/schema\/person\/image\/\",\"url\":\"https:\/\/secure.gravatar.com\/avatar\/7fa71899795e8f540f615a1f5ab25255dc27aa40f05ee7ddd21aac521e01bf50?s=96&d=identicon&r=g\",\"contentUrl\":\"https:\/\/secure.gravatar.com\/avatar\/7fa71899795e8f540f615a1f5ab25255dc27aa40f05ee7ddd21aac521e01bf50?s=96&d=identicon&r=g\",\"caption\":\"Tomas Jarvid\"},\"description\":\"Jag bor i Ulricehamn i V\u00e4sterg\u00f6tland och \u00e4r f\u00f6rsamlingspr\u00e4st i Svenska Kyrkan f\u00f6r Dalstorps f\u00f6rsamling i Kinds pastorat. P\u00e5 den h\u00e4r bloggen skriver jag ner tankar om vandringen som kristen.\",\"sameAs\":[\"http:\/\/www.vandravagen.se\"],\"url\":\"https:\/\/blogg.svenskakyrkan.se\/vandravagen\/author\/vandravagen\/\"}]}<\/script>\n<!-- \/ Yoast SEO plugin. -->","yoast_head_json":{"title":"Om m\u00e4nsklig ynklighet och Dv\u00e4rgen av P\u00e4r Lagerkvist - Vandra V\u00e4gen","robots":{"index":"index","follow":"follow","max-snippet":"max-snippet:-1","max-image-preview":"max-image-preview:large","max-video-preview":"max-video-preview:-1"},"canonical":"https:\/\/blogg.svenskakyrkan.se\/vandravagen\/2013\/01\/31\/om-mansklig-ynklighet-och-dvargen-av-par-lagerkvist\/","og_locale":"sv_SE","og_type":"article","og_title":"Om m\u00e4nsklig ynklighet och Dv\u00e4rgen av P\u00e4r Lagerkvist - Vandra V\u00e4gen","og_description":"Den senaste ljudboken jag h\u00f6rt \u00e4r Dv\u00e4rgen av P\u00e4r Lagerkvist. Det \u00e4r en oerh\u00f6rt fascinerande skildring av m\u00e4nniskans inre. Huvudpersonen, dv\u00e4rgen, ser allt ur sitt perspektiv som en som st\u00e5r utanf\u00f6r den m\u00e4nskliga gemenskapen. Han f\u00e5r ingen k\u00e4rlek fr\u00e5n n\u00e5gon och fr\u00e5gan \u00e4r om han n\u00e5gonsin f\u00e5tt det. Det \u00e4r en k\u00e4rv och h\u00e5rd person [&hellip;]","og_url":"https:\/\/blogg.svenskakyrkan.se\/vandravagen\/2013\/01\/31\/om-mansklig-ynklighet-och-dvargen-av-par-lagerkvist\/","og_site_name":"Vandra V\u00e4gen","article_publisher":"http:\/\/facebook.com\/vandravagen","article_published_time":"2013-01-31T09:30:00+00:00","og_image":[{"url":"https:\/\/encrypted-tbn1.gstatic.com\/images?q=tbn:ANd9GcQe4hyhtVRLWGdkXyxCdUSt-JV88mfg0Q2kzajQ-hTMkz_AoSBUxw","type":"","width":"","height":""}],"author":"Tomas Jarvid","twitter_card":"summary_large_image","twitter_creator":"@fadertomas","twitter_site":"@fadertomas","twitter_misc":{"Skriven av":"Tomas Jarvid","Ber\u00e4knad l\u00e4stid":"3 minuter"},"schema":{"@context":"https:\/\/schema.org","@graph":[{"@type":"Article","@id":"https:\/\/blogg.svenskakyrkan.se\/vandravagen\/2013\/01\/31\/om-mansklig-ynklighet-och-dvargen-av-par-lagerkvist\/#article","isPartOf":{"@id":"https:\/\/blogg.svenskakyrkan.se\/vandravagen\/2013\/01\/31\/om-mansklig-ynklighet-och-dvargen-av-par-lagerkvist\/"},"author":{"name":"Tomas Jarvid","@id":"https:\/\/blogg.svenskakyrkan.se\/vandravagen\/#\/schema\/person\/25da02d4f76b137d04291711e2c9fc16"},"headline":"Om m\u00e4nsklig ynklighet och Dv\u00e4rgen av P\u00e4r Lagerkvist","datePublished":"2013-01-31T09:30:00+00:00","mainEntityOfPage":{"@id":"https:\/\/blogg.svenskakyrkan.se\/vandravagen\/2013\/01\/31\/om-mansklig-ynklighet-och-dvargen-av-par-lagerkvist\/"},"wordCount":556,"commentCount":3,"publisher":{"@id":"https:\/\/blogg.svenskakyrkan.se\/vandravagen\/#organization"},"image":{"@id":"https:\/\/blogg.svenskakyrkan.se\/vandravagen\/2013\/01\/31\/om-mansklig-ynklighet-och-dvargen-av-par-lagerkvist\/#primaryimage"},"thumbnailUrl":"https:\/\/encrypted-tbn1.gstatic.com\/images?q=tbn:ANd9GcQe4hyhtVRLWGdkXyxCdUSt-JV88mfg0Q2kzajQ-hTMkz_AoSBUxw","articleSection":["b\u00f6cker","boktips","vara m\u00e4nniska"],"inLanguage":"sv-SE","potentialAction":[{"@type":"CommentAction","name":"Comment","target":["https:\/\/blogg.svenskakyrkan.se\/vandravagen\/2013\/01\/31\/om-mansklig-ynklighet-och-dvargen-av-par-lagerkvist\/#respond"]}]},{"@type":"WebPage","@id":"https:\/\/blogg.svenskakyrkan.se\/vandravagen\/2013\/01\/31\/om-mansklig-ynklighet-och-dvargen-av-par-lagerkvist\/","url":"https:\/\/blogg.svenskakyrkan.se\/vandravagen\/2013\/01\/31\/om-mansklig-ynklighet-och-dvargen-av-par-lagerkvist\/","name":"Om m\u00e4nsklig ynklighet och Dv\u00e4rgen av P\u00e4r Lagerkvist - Vandra V\u00e4gen","isPartOf":{"@id":"https:\/\/blogg.svenskakyrkan.se\/vandravagen\/#website"},"primaryImageOfPage":{"@id":"https:\/\/blogg.svenskakyrkan.se\/vandravagen\/2013\/01\/31\/om-mansklig-ynklighet-och-dvargen-av-par-lagerkvist\/#primaryimage"},"image":{"@id":"https:\/\/blogg.svenskakyrkan.se\/vandravagen\/2013\/01\/31\/om-mansklig-ynklighet-och-dvargen-av-par-lagerkvist\/#primaryimage"},"thumbnailUrl":"https:\/\/encrypted-tbn1.gstatic.com\/images?q=tbn:ANd9GcQe4hyhtVRLWGdkXyxCdUSt-JV88mfg0Q2kzajQ-hTMkz_AoSBUxw","datePublished":"2013-01-31T09:30:00+00:00","breadcrumb":{"@id":"https:\/\/blogg.svenskakyrkan.se\/vandravagen\/2013\/01\/31\/om-mansklig-ynklighet-och-dvargen-av-par-lagerkvist\/#breadcrumb"},"inLanguage":"sv-SE","potentialAction":[{"@type":"ReadAction","target":["https:\/\/blogg.svenskakyrkan.se\/vandravagen\/2013\/01\/31\/om-mansklig-ynklighet-och-dvargen-av-par-lagerkvist\/"]}]},{"@type":"ImageObject","inLanguage":"sv-SE","@id":"https:\/\/blogg.svenskakyrkan.se\/vandravagen\/2013\/01\/31\/om-mansklig-ynklighet-och-dvargen-av-par-lagerkvist\/#primaryimage","url":"https:\/\/encrypted-tbn1.gstatic.com\/images?q=tbn:ANd9GcQe4hyhtVRLWGdkXyxCdUSt-JV88mfg0Q2kzajQ-hTMkz_AoSBUxw","contentUrl":"https:\/\/encrypted-tbn1.gstatic.com\/images?q=tbn:ANd9GcQe4hyhtVRLWGdkXyxCdUSt-JV88mfg0Q2kzajQ-hTMkz_AoSBUxw"},{"@type":"BreadcrumbList","@id":"https:\/\/blogg.svenskakyrkan.se\/vandravagen\/2013\/01\/31\/om-mansklig-ynklighet-och-dvargen-av-par-lagerkvist\/#breadcrumb","itemListElement":[{"@type":"ListItem","position":1,"name":"Hem","item":"https:\/\/blogg.svenskakyrkan.se\/vandravagen\/"},{"@type":"ListItem","position":2,"name":"Om m\u00e4nsklig ynklighet och Dv\u00e4rgen av P\u00e4r Lagerkvist"}]},{"@type":"WebSite","@id":"https:\/\/blogg.svenskakyrkan.se\/vandravagen\/#website","url":"https:\/\/blogg.svenskakyrkan.se\/vandravagen\/","name":"Vandra V\u00e4gen","description":"-Mot en tro f\u00f6r hela livet","publisher":{"@id":"https:\/\/blogg.svenskakyrkan.se\/vandravagen\/#organization"},"potentialAction":[{"@type":"SearchAction","target":{"@type":"EntryPoint","urlTemplate":"https:\/\/blogg.svenskakyrkan.se\/vandravagen\/?s={search_term_string}"},"query-input":{"@type":"PropertyValueSpecification","valueRequired":true,"valueName":"search_term_string"}}],"inLanguage":"sv-SE"},{"@type":"Organization","@id":"https:\/\/blogg.svenskakyrkan.se\/vandravagen\/#organization","name":"ulricehamns pastorat","alternateName":"ulricehamns pastorat","url":"https:\/\/blogg.svenskakyrkan.se\/vandravagen\/","logo":{"@type":"ImageObject","inLanguage":"sv-SE","@id":"https:\/\/blogg.svenskakyrkan.se\/vandravagen\/#\/schema\/logo\/image\/","url":"https:\/\/blogg.svenskakyrkan.se\/vandravagen\/files\/2023\/05\/Ulr_logo_RGB.png","contentUrl":"https:\/\/blogg.svenskakyrkan.se\/vandravagen\/files\/2023\/05\/Ulr_logo_RGB.png","width":205,"height":77,"caption":"ulricehamns pastorat"},"image":{"@id":"https:\/\/blogg.svenskakyrkan.se\/vandravagen\/#\/schema\/logo\/image\/"},"sameAs":["http:\/\/facebook.com\/vandravagen","https:\/\/x.com\/fadertomas","http:\/\/www.facebook.com\/svenskakyrkaniulricehamn"]},{"@type":"Person","@id":"https:\/\/blogg.svenskakyrkan.se\/vandravagen\/#\/schema\/person\/25da02d4f76b137d04291711e2c9fc16","name":"Tomas Jarvid","image":{"@type":"ImageObject","inLanguage":"sv-SE","@id":"https:\/\/blogg.svenskakyrkan.se\/vandravagen\/#\/schema\/person\/image\/","url":"https:\/\/secure.gravatar.com\/avatar\/7fa71899795e8f540f615a1f5ab25255dc27aa40f05ee7ddd21aac521e01bf50?s=96&d=identicon&r=g","contentUrl":"https:\/\/secure.gravatar.com\/avatar\/7fa71899795e8f540f615a1f5ab25255dc27aa40f05ee7ddd21aac521e01bf50?s=96&d=identicon&r=g","caption":"Tomas Jarvid"},"description":"Jag bor i Ulricehamn i V\u00e4sterg\u00f6tland och \u00e4r f\u00f6rsamlingspr\u00e4st i Svenska Kyrkan f\u00f6r Dalstorps f\u00f6rsamling i Kinds pastorat. P\u00e5 den h\u00e4r bloggen skriver jag ner tankar om vandringen som kristen.","sameAs":["http:\/\/www.vandravagen.se"],"url":"https:\/\/blogg.svenskakyrkan.se\/vandravagen\/author\/vandravagen\/"}]}},"author_meta":{"ID":"392","user_nicename":"vandravagen","user_url":"http:\/\/www.vandravagen.se","user_registered":"2014-05-19 05:44:52","display_name":"Tomas Jarvid","first_name":"Tomas","last_name":"Jarvid","avatar":"https:\/\/secure.gravatar.com\/avatar\/7fa71899795e8f540f615a1f5ab25255dc27aa40f05ee7ddd21aac521e01bf50?s=96&d=identicon&r=g"},"featured_image":false,"bloginfo":{"name":"Vandra V\u00e4gen","url":"https:\/\/blogg.svenskakyrkan.se\/vandravagen"},"_links":{"self":[{"href":"https:\/\/blogg.svenskakyrkan.se\/vandravagen\/wp-json\/wp\/v2\/posts\/735","targetHints":{"allow":["GET"]}}],"collection":[{"href":"https:\/\/blogg.svenskakyrkan.se\/vandravagen\/wp-json\/wp\/v2\/posts"}],"about":[{"href":"https:\/\/blogg.svenskakyrkan.se\/vandravagen\/wp-json\/wp\/v2\/types\/post"}],"author":[{"embeddable":true,"href":"https:\/\/blogg.svenskakyrkan.se\/vandravagen\/wp-json\/wp\/v2\/users\/392"}],"replies":[{"embeddable":true,"href":"https:\/\/blogg.svenskakyrkan.se\/vandravagen\/wp-json\/wp\/v2\/comments?post=735"}],"version-history":[{"count":0,"href":"https:\/\/blogg.svenskakyrkan.se\/vandravagen\/wp-json\/wp\/v2\/posts\/735\/revisions"}],"wp:attachment":[{"href":"https:\/\/blogg.svenskakyrkan.se\/vandravagen\/wp-json\/wp\/v2\/media?parent=735"}],"wp:term":[{"taxonomy":"category","embeddable":true,"href":"https:\/\/blogg.svenskakyrkan.se\/vandravagen\/wp-json\/wp\/v2\/categories?post=735"},{"taxonomy":"post_tag","embeddable":true,"href":"https:\/\/blogg.svenskakyrkan.se\/vandravagen\/wp-json\/wp\/v2\/tags?post=735"}],"curies":[{"name":"wp","href":"https:\/\/api.w.org\/{rel}","templated":true}]}}