{"id":7351,"date":"2019-09-01T07:00:00","date_gmt":"2019-09-01T05:00:00","guid":{"rendered":"http:\/\/blogg.svenskakyrkan.se\/vandravagen\/?p=7351"},"modified":"2019-08-31T21:30:55","modified_gmt":"2019-08-31T19:30:55","slug":"8-blandade-tankar-pa-sondagen-38","status":"publish","type":"post","link":"https:\/\/blogg.svenskakyrkan.se\/vandravagen\/2019\/09\/01\/8-blandade-tankar-pa-sondagen-38\/","title":{"rendered":"8 blandade tankar p\u00e5 s\u00f6ndagen"},"content":{"rendered":"<ol>\n<li>Glad s\u00f6ndag, k\u00e4ra l\u00e4sare!<\/li>\n<\/ol>\n<p>2. \u00c4n en g\u00e5ng kan jag konstatera att barnet inte f\u00f6tts \u00e4n. Detta \u00e4r annars den ber\u00e4knade dagen s\u00e5 nu \u00e4r sp\u00e4nningen r\u00e4tt h\u00f6g!<\/p>\n<p>3. Jag har jobbat n\u00e5gra dagar i veckan (lite mer splittrad i tankarna det m\u00e5ste jag medge, med telefonen p\u00e5 h\u00f6g ringsignal hela tiden om jag skulle beh\u00f6va rycka ut p\u00e5 studs till f\u00f6rlossningen).<\/p>\n<p>4. Idag \u00e4r jag d\u00e4remot inte i tj\u00e4nst. Jag \u00e4r glad att jag f\u00e5tt l\u00e4mna ifr\u00e5n mig en hel del till kollegor nu i dessa os\u00e4kra dagar. Jag t\u00e4nker mig att fira gudstj\u00e4nst i Ulricehamn med fru och inga barn s\u00e5 det blir lite mer vilsamt.<\/p>\n<p>5. Nu har jag t\u00e4ljt saker igen de senaste dagarna. Det k\u00e4nns i regel tr\u00e5kigt att g\u00f6ra de sista stadierna med dekor och s\u00e5 men samtidigt \u00e4r det ju v\u00e4ldigt roligt n\u00e4r de blir klara.<\/p>\n<p>6. Vi har inte m\u00e5nga svampst\u00e4llen. Faktiskt bara ett och det \u00e4r i regel inte j\u00e4ttebra heller. Men \u00e5 andra sidan \u00e4r det ned\u00e4rvt genom generationerna s\u00e5 det ger ju en k\u00e4nsla av svensk identitet att ha det.<\/p>\n<p>7. &#8221;Tro och liv&#8221; \u00e4r temat f\u00f6r denna s\u00f6ndag. Just nu k\u00e4nns det som att det sv\u00e5ra med att leva som man l\u00e4r \u00e4r att man ska hinna med det mitt i allt som p\u00e5g\u00e5r.<\/p>\n<p>8. Vad g\u00f6r du idag? Skriv en rad och ber\u00e4tta!<\/p>\n","protected":false},"excerpt":{"rendered":"<p>Glad s\u00f6ndag, k\u00e4ra l\u00e4sare! 2. \u00c4n en g\u00e5ng kan jag konstatera att barnet inte f\u00f6tts \u00e4n. Detta \u00e4r annars den ber\u00e4knade dagen s\u00e5 nu \u00e4r sp\u00e4nningen r\u00e4tt h\u00f6g! 3. Jag har jobbat n\u00e5gra dagar i veckan (lite mer splittrad i tankarna det m\u00e5ste jag medge, med telefonen p\u00e5 h\u00f6g ringsignal hela tiden om jag skulle [&hellip;]<\/p>\n","protected":false},"author":392,"featured_media":7352,"comment_status":"open","ping_status":"open","sticky":false,"template":"","format":"standard","meta":{"_acf_changed":false,"footnotes":""},"categories":[76766],"tags":[],"class_list":["post-7351","post","type-post","status-publish","format-standard","has-post-thumbnail","hentry","category-blandat"],"acf":[],"yoast_head":"<!-- This site is optimized with the Yoast SEO plugin v27.1.1 - https:\/\/yoast.com\/product\/yoast-seo-wordpress\/ -->\n<title>8 blandade tankar p\u00e5 s\u00f6ndagen - Vandra V\u00e4gen<\/title>\n<meta name=\"robots\" content=\"index, follow, max-snippet:-1, max-image-preview:large, max-video-preview:-1\" \/>\n<link rel=\"canonical\" href=\"https:\/\/blogg.svenskakyrkan.se\/vandravagen\/2019\/09\/01\/8-blandade-tankar-pa-sondagen-38\/\" \/>\n<meta property=\"og:locale\" content=\"sv_SE\" \/>\n<meta property=\"og:type\" content=\"article\" \/>\n<meta property=\"og:title\" content=\"8 blandade tankar p\u00e5 s\u00f6ndagen - Vandra V\u00e4gen\" \/>\n<meta property=\"og:description\" content=\"Glad s\u00f6ndag, k\u00e4ra l\u00e4sare! 2. \u00c4n en g\u00e5ng kan jag konstatera att barnet inte f\u00f6tts \u00e4n. Detta \u00e4r annars den ber\u00e4knade dagen s\u00e5 nu \u00e4r sp\u00e4nningen r\u00e4tt h\u00f6g! 3. Jag har jobbat n\u00e5gra dagar i veckan (lite mer splittrad i tankarna det m\u00e5ste jag medge, med telefonen p\u00e5 h\u00f6g ringsignal hela tiden om jag skulle [&hellip;]\" \/>\n<meta property=\"og:url\" content=\"https:\/\/blogg.svenskakyrkan.se\/vandravagen\/2019\/09\/01\/8-blandade-tankar-pa-sondagen-38\/\" \/>\n<meta property=\"og:site_name\" content=\"Vandra V\u00e4gen\" \/>\n<meta property=\"article:publisher\" content=\"http:\/\/facebook.com\/vandravagen\" \/>\n<meta property=\"article:published_time\" content=\"2019-09-01T05:00:00+00:00\" \/>\n<meta name=\"author\" content=\"Tomas Jarvid\" \/>\n<meta name=\"twitter:card\" content=\"summary_large_image\" \/>\n<meta name=\"twitter:creator\" content=\"@fadertomas\" \/>\n<meta name=\"twitter:site\" content=\"@fadertomas\" \/>\n<meta name=\"twitter:label1\" content=\"Skriven av\" \/>\n\t<meta name=\"twitter:data1\" content=\"Tomas Jarvid\" \/>\n\t<meta name=\"twitter:label2\" content=\"Ber\u00e4knad l\u00e4stid\" \/>\n\t<meta name=\"twitter:data2\" content=\"1 minut\" \/>\n<script type=\"application\/ld+json\" class=\"yoast-schema-graph\">{\"@context\":\"https:\/\/schema.org\",\"@graph\":[{\"@type\":\"Article\",\"@id\":\"https:\/\/blogg.svenskakyrkan.se\/vandravagen\/2019\/09\/01\/8-blandade-tankar-pa-sondagen-38\/#article\",\"isPartOf\":{\"@id\":\"https:\/\/blogg.svenskakyrkan.se\/vandravagen\/2019\/09\/01\/8-blandade-tankar-pa-sondagen-38\/\"},\"author\":{\"name\":\"Tomas Jarvid\",\"@id\":\"https:\/\/blogg.svenskakyrkan.se\/vandravagen\/#\/schema\/person\/25da02d4f76b137d04291711e2c9fc16\"},\"headline\":\"8 blandade tankar p\u00e5 s\u00f6ndagen\",\"datePublished\":\"2019-09-01T05:00:00+00:00\",\"mainEntityOfPage\":{\"@id\":\"https:\/\/blogg.svenskakyrkan.se\/vandravagen\/2019\/09\/01\/8-blandade-tankar-pa-sondagen-38\/\"},\"wordCount\":265,\"commentCount\":2,\"publisher\":{\"@id\":\"https:\/\/blogg.svenskakyrkan.se\/vandravagen\/#organization\"},\"image\":{\"@id\":\"https:\/\/blogg.svenskakyrkan.se\/vandravagen\/2019\/09\/01\/8-blandade-tankar-pa-sondagen-38\/#primaryimage\"},\"thumbnailUrl\":\"https:\/\/blogg.svenskakyrkan.se\/vandravagen\/files\/2019\/08\/The_American_Velocipede.jpg\",\"articleSection\":[\"blandat\"],\"inLanguage\":\"sv-SE\",\"potentialAction\":[{\"@type\":\"CommentAction\",\"name\":\"Comment\",\"target\":[\"https:\/\/blogg.svenskakyrkan.se\/vandravagen\/2019\/09\/01\/8-blandade-tankar-pa-sondagen-38\/#respond\"]}]},{\"@type\":\"WebPage\",\"@id\":\"https:\/\/blogg.svenskakyrkan.se\/vandravagen\/2019\/09\/01\/8-blandade-tankar-pa-sondagen-38\/\",\"url\":\"https:\/\/blogg.svenskakyrkan.se\/vandravagen\/2019\/09\/01\/8-blandade-tankar-pa-sondagen-38\/\",\"name\":\"8 blandade tankar p\u00e5 s\u00f6ndagen - Vandra V\u00e4gen\",\"isPartOf\":{\"@id\":\"https:\/\/blogg.svenskakyrkan.se\/vandravagen\/#website\"},\"primaryImageOfPage\":{\"@id\":\"https:\/\/blogg.svenskakyrkan.se\/vandravagen\/2019\/09\/01\/8-blandade-tankar-pa-sondagen-38\/#primaryimage\"},\"image\":{\"@id\":\"https:\/\/blogg.svenskakyrkan.se\/vandravagen\/2019\/09\/01\/8-blandade-tankar-pa-sondagen-38\/#primaryimage\"},\"thumbnailUrl\":\"https:\/\/blogg.svenskakyrkan.se\/vandravagen\/files\/2019\/08\/The_American_Velocipede.jpg\",\"datePublished\":\"2019-09-01T05:00:00+00:00\",\"breadcrumb\":{\"@id\":\"https:\/\/blogg.svenskakyrkan.se\/vandravagen\/2019\/09\/01\/8-blandade-tankar-pa-sondagen-38\/#breadcrumb\"},\"inLanguage\":\"sv-SE\",\"potentialAction\":[{\"@type\":\"ReadAction\",\"target\":[\"https:\/\/blogg.svenskakyrkan.se\/vandravagen\/2019\/09\/01\/8-blandade-tankar-pa-sondagen-38\/\"]}]},{\"@type\":\"ImageObject\",\"inLanguage\":\"sv-SE\",\"@id\":\"https:\/\/blogg.svenskakyrkan.se\/vandravagen\/2019\/09\/01\/8-blandade-tankar-pa-sondagen-38\/#primaryimage\",\"url\":\"https:\/\/blogg.svenskakyrkan.se\/vandravagen\/files\/2019\/08\/The_American_Velocipede.jpg\",\"contentUrl\":\"https:\/\/blogg.svenskakyrkan.se\/vandravagen\/files\/2019\/08\/The_American_Velocipede.jpg\",\"width\":864,\"height\":749,\"caption\":\"Alltid bra med bilder p\u00e5 cyklar. Man f\u00e5r v\u00e4lja r\u00e4tt gamla av upphovsr\u00e4ttssk\u00e4l.\"},{\"@type\":\"BreadcrumbList\",\"@id\":\"https:\/\/blogg.svenskakyrkan.se\/vandravagen\/2019\/09\/01\/8-blandade-tankar-pa-sondagen-38\/#breadcrumb\",\"itemListElement\":[{\"@type\":\"ListItem\",\"position\":1,\"name\":\"Hem\",\"item\":\"https:\/\/blogg.svenskakyrkan.se\/vandravagen\/\"},{\"@type\":\"ListItem\",\"position\":2,\"name\":\"8 blandade tankar p\u00e5 s\u00f6ndagen\"}]},{\"@type\":\"WebSite\",\"@id\":\"https:\/\/blogg.svenskakyrkan.se\/vandravagen\/#website\",\"url\":\"https:\/\/blogg.svenskakyrkan.se\/vandravagen\/\",\"name\":\"Vandra V\u00e4gen\",\"description\":\"-Mot en tro f\u00f6r hela livet\",\"publisher\":{\"@id\":\"https:\/\/blogg.svenskakyrkan.se\/vandravagen\/#organization\"},\"potentialAction\":[{\"@type\":\"SearchAction\",\"target\":{\"@type\":\"EntryPoint\",\"urlTemplate\":\"https:\/\/blogg.svenskakyrkan.se\/vandravagen\/?s={search_term_string}\"},\"query-input\":{\"@type\":\"PropertyValueSpecification\",\"valueRequired\":true,\"valueName\":\"search_term_string\"}}],\"inLanguage\":\"sv-SE\"},{\"@type\":\"Organization\",\"@id\":\"https:\/\/blogg.svenskakyrkan.se\/vandravagen\/#organization\",\"name\":\"ulricehamns pastorat\",\"alternateName\":\"ulricehamns pastorat\",\"url\":\"https:\/\/blogg.svenskakyrkan.se\/vandravagen\/\",\"logo\":{\"@type\":\"ImageObject\",\"inLanguage\":\"sv-SE\",\"@id\":\"https:\/\/blogg.svenskakyrkan.se\/vandravagen\/#\/schema\/logo\/image\/\",\"url\":\"https:\/\/blogg.svenskakyrkan.se\/vandravagen\/files\/2023\/05\/Ulr_logo_RGB.png\",\"contentUrl\":\"https:\/\/blogg.svenskakyrkan.se\/vandravagen\/files\/2023\/05\/Ulr_logo_RGB.png\",\"width\":205,\"height\":77,\"caption\":\"ulricehamns pastorat\"},\"image\":{\"@id\":\"https:\/\/blogg.svenskakyrkan.se\/vandravagen\/#\/schema\/logo\/image\/\"},\"sameAs\":[\"http:\/\/facebook.com\/vandravagen\",\"https:\/\/x.com\/fadertomas\",\"http:\/\/www.facebook.com\/svenskakyrkaniulricehamn\"]},{\"@type\":\"Person\",\"@id\":\"https:\/\/blogg.svenskakyrkan.se\/vandravagen\/#\/schema\/person\/25da02d4f76b137d04291711e2c9fc16\",\"name\":\"Tomas Jarvid\",\"image\":{\"@type\":\"ImageObject\",\"inLanguage\":\"sv-SE\",\"@id\":\"https:\/\/blogg.svenskakyrkan.se\/vandravagen\/#\/schema\/person\/image\/\",\"url\":\"https:\/\/secure.gravatar.com\/avatar\/7fa71899795e8f540f615a1f5ab25255dc27aa40f05ee7ddd21aac521e01bf50?s=96&d=identicon&r=g\",\"contentUrl\":\"https:\/\/secure.gravatar.com\/avatar\/7fa71899795e8f540f615a1f5ab25255dc27aa40f05ee7ddd21aac521e01bf50?s=96&d=identicon&r=g\",\"caption\":\"Tomas Jarvid\"},\"description\":\"Jag bor i Ulricehamn i V\u00e4sterg\u00f6tland och \u00e4r f\u00f6rsamlingspr\u00e4st i Svenska Kyrkan f\u00f6r Dalstorps f\u00f6rsamling i Kinds pastorat. P\u00e5 den h\u00e4r bloggen skriver jag ner tankar om vandringen som kristen.\",\"sameAs\":[\"http:\/\/www.vandravagen.se\"],\"url\":\"https:\/\/blogg.svenskakyrkan.se\/vandravagen\/author\/vandravagen\/\"}]}<\/script>\n<!-- \/ Yoast SEO plugin. -->","yoast_head_json":{"title":"8 blandade tankar p\u00e5 s\u00f6ndagen - Vandra V\u00e4gen","robots":{"index":"index","follow":"follow","max-snippet":"max-snippet:-1","max-image-preview":"max-image-preview:large","max-video-preview":"max-video-preview:-1"},"canonical":"https:\/\/blogg.svenskakyrkan.se\/vandravagen\/2019\/09\/01\/8-blandade-tankar-pa-sondagen-38\/","og_locale":"sv_SE","og_type":"article","og_title":"8 blandade tankar p\u00e5 s\u00f6ndagen - Vandra V\u00e4gen","og_description":"Glad s\u00f6ndag, k\u00e4ra l\u00e4sare! 2. \u00c4n en g\u00e5ng kan jag konstatera att barnet inte f\u00f6tts \u00e4n. Detta \u00e4r annars den ber\u00e4knade dagen s\u00e5 nu \u00e4r sp\u00e4nningen r\u00e4tt h\u00f6g! 3. Jag har jobbat n\u00e5gra dagar i veckan (lite mer splittrad i tankarna det m\u00e5ste jag medge, med telefonen p\u00e5 h\u00f6g ringsignal hela tiden om jag skulle [&hellip;]","og_url":"https:\/\/blogg.svenskakyrkan.se\/vandravagen\/2019\/09\/01\/8-blandade-tankar-pa-sondagen-38\/","og_site_name":"Vandra V\u00e4gen","article_publisher":"http:\/\/facebook.com\/vandravagen","article_published_time":"2019-09-01T05:00:00+00:00","author":"Tomas Jarvid","twitter_card":"summary_large_image","twitter_creator":"@fadertomas","twitter_site":"@fadertomas","twitter_misc":{"Skriven av":"Tomas Jarvid","Ber\u00e4knad l\u00e4stid":"1 minut"},"schema":{"@context":"https:\/\/schema.org","@graph":[{"@type":"Article","@id":"https:\/\/blogg.svenskakyrkan.se\/vandravagen\/2019\/09\/01\/8-blandade-tankar-pa-sondagen-38\/#article","isPartOf":{"@id":"https:\/\/blogg.svenskakyrkan.se\/vandravagen\/2019\/09\/01\/8-blandade-tankar-pa-sondagen-38\/"},"author":{"name":"Tomas Jarvid","@id":"https:\/\/blogg.svenskakyrkan.se\/vandravagen\/#\/schema\/person\/25da02d4f76b137d04291711e2c9fc16"},"headline":"8 blandade tankar p\u00e5 s\u00f6ndagen","datePublished":"2019-09-01T05:00:00+00:00","mainEntityOfPage":{"@id":"https:\/\/blogg.svenskakyrkan.se\/vandravagen\/2019\/09\/01\/8-blandade-tankar-pa-sondagen-38\/"},"wordCount":265,"commentCount":2,"publisher":{"@id":"https:\/\/blogg.svenskakyrkan.se\/vandravagen\/#organization"},"image":{"@id":"https:\/\/blogg.svenskakyrkan.se\/vandravagen\/2019\/09\/01\/8-blandade-tankar-pa-sondagen-38\/#primaryimage"},"thumbnailUrl":"https:\/\/blogg.svenskakyrkan.se\/vandravagen\/files\/2019\/08\/The_American_Velocipede.jpg","articleSection":["blandat"],"inLanguage":"sv-SE","potentialAction":[{"@type":"CommentAction","name":"Comment","target":["https:\/\/blogg.svenskakyrkan.se\/vandravagen\/2019\/09\/01\/8-blandade-tankar-pa-sondagen-38\/#respond"]}]},{"@type":"WebPage","@id":"https:\/\/blogg.svenskakyrkan.se\/vandravagen\/2019\/09\/01\/8-blandade-tankar-pa-sondagen-38\/","url":"https:\/\/blogg.svenskakyrkan.se\/vandravagen\/2019\/09\/01\/8-blandade-tankar-pa-sondagen-38\/","name":"8 blandade tankar p\u00e5 s\u00f6ndagen - Vandra V\u00e4gen","isPartOf":{"@id":"https:\/\/blogg.svenskakyrkan.se\/vandravagen\/#website"},"primaryImageOfPage":{"@id":"https:\/\/blogg.svenskakyrkan.se\/vandravagen\/2019\/09\/01\/8-blandade-tankar-pa-sondagen-38\/#primaryimage"},"image":{"@id":"https:\/\/blogg.svenskakyrkan.se\/vandravagen\/2019\/09\/01\/8-blandade-tankar-pa-sondagen-38\/#primaryimage"},"thumbnailUrl":"https:\/\/blogg.svenskakyrkan.se\/vandravagen\/files\/2019\/08\/The_American_Velocipede.jpg","datePublished":"2019-09-01T05:00:00+00:00","breadcrumb":{"@id":"https:\/\/blogg.svenskakyrkan.se\/vandravagen\/2019\/09\/01\/8-blandade-tankar-pa-sondagen-38\/#breadcrumb"},"inLanguage":"sv-SE","potentialAction":[{"@type":"ReadAction","target":["https:\/\/blogg.svenskakyrkan.se\/vandravagen\/2019\/09\/01\/8-blandade-tankar-pa-sondagen-38\/"]}]},{"@type":"ImageObject","inLanguage":"sv-SE","@id":"https:\/\/blogg.svenskakyrkan.se\/vandravagen\/2019\/09\/01\/8-blandade-tankar-pa-sondagen-38\/#primaryimage","url":"https:\/\/blogg.svenskakyrkan.se\/vandravagen\/files\/2019\/08\/The_American_Velocipede.jpg","contentUrl":"https:\/\/blogg.svenskakyrkan.se\/vandravagen\/files\/2019\/08\/The_American_Velocipede.jpg","width":864,"height":749,"caption":"Alltid bra med bilder p\u00e5 cyklar. Man f\u00e5r v\u00e4lja r\u00e4tt gamla av upphovsr\u00e4ttssk\u00e4l."},{"@type":"BreadcrumbList","@id":"https:\/\/blogg.svenskakyrkan.se\/vandravagen\/2019\/09\/01\/8-blandade-tankar-pa-sondagen-38\/#breadcrumb","itemListElement":[{"@type":"ListItem","position":1,"name":"Hem","item":"https:\/\/blogg.svenskakyrkan.se\/vandravagen\/"},{"@type":"ListItem","position":2,"name":"8 blandade tankar p\u00e5 s\u00f6ndagen"}]},{"@type":"WebSite","@id":"https:\/\/blogg.svenskakyrkan.se\/vandravagen\/#website","url":"https:\/\/blogg.svenskakyrkan.se\/vandravagen\/","name":"Vandra V\u00e4gen","description":"-Mot en tro f\u00f6r hela livet","publisher":{"@id":"https:\/\/blogg.svenskakyrkan.se\/vandravagen\/#organization"},"potentialAction":[{"@type":"SearchAction","target":{"@type":"EntryPoint","urlTemplate":"https:\/\/blogg.svenskakyrkan.se\/vandravagen\/?s={search_term_string}"},"query-input":{"@type":"PropertyValueSpecification","valueRequired":true,"valueName":"search_term_string"}}],"inLanguage":"sv-SE"},{"@type":"Organization","@id":"https:\/\/blogg.svenskakyrkan.se\/vandravagen\/#organization","name":"ulricehamns pastorat","alternateName":"ulricehamns pastorat","url":"https:\/\/blogg.svenskakyrkan.se\/vandravagen\/","logo":{"@type":"ImageObject","inLanguage":"sv-SE","@id":"https:\/\/blogg.svenskakyrkan.se\/vandravagen\/#\/schema\/logo\/image\/","url":"https:\/\/blogg.svenskakyrkan.se\/vandravagen\/files\/2023\/05\/Ulr_logo_RGB.png","contentUrl":"https:\/\/blogg.svenskakyrkan.se\/vandravagen\/files\/2023\/05\/Ulr_logo_RGB.png","width":205,"height":77,"caption":"ulricehamns pastorat"},"image":{"@id":"https:\/\/blogg.svenskakyrkan.se\/vandravagen\/#\/schema\/logo\/image\/"},"sameAs":["http:\/\/facebook.com\/vandravagen","https:\/\/x.com\/fadertomas","http:\/\/www.facebook.com\/svenskakyrkaniulricehamn"]},{"@type":"Person","@id":"https:\/\/blogg.svenskakyrkan.se\/vandravagen\/#\/schema\/person\/25da02d4f76b137d04291711e2c9fc16","name":"Tomas Jarvid","image":{"@type":"ImageObject","inLanguage":"sv-SE","@id":"https:\/\/blogg.svenskakyrkan.se\/vandravagen\/#\/schema\/person\/image\/","url":"https:\/\/secure.gravatar.com\/avatar\/7fa71899795e8f540f615a1f5ab25255dc27aa40f05ee7ddd21aac521e01bf50?s=96&d=identicon&r=g","contentUrl":"https:\/\/secure.gravatar.com\/avatar\/7fa71899795e8f540f615a1f5ab25255dc27aa40f05ee7ddd21aac521e01bf50?s=96&d=identicon&r=g","caption":"Tomas Jarvid"},"description":"Jag bor i Ulricehamn i V\u00e4sterg\u00f6tland och \u00e4r f\u00f6rsamlingspr\u00e4st i Svenska Kyrkan f\u00f6r Dalstorps f\u00f6rsamling i Kinds pastorat. P\u00e5 den h\u00e4r bloggen skriver jag ner tankar om vandringen som kristen.","sameAs":["http:\/\/www.vandravagen.se"],"url":"https:\/\/blogg.svenskakyrkan.se\/vandravagen\/author\/vandravagen\/"}]}},"author_meta":{"ID":"392","user_nicename":"vandravagen","user_url":"http:\/\/www.vandravagen.se","user_registered":"2014-05-19 05:44:52","display_name":"Tomas Jarvid","first_name":"Tomas","last_name":"Jarvid","avatar":"https:\/\/secure.gravatar.com\/avatar\/7fa71899795e8f540f615a1f5ab25255dc27aa40f05ee7ddd21aac521e01bf50?s=96&d=identicon&r=g"},"featured_image":["https:\/\/blogg.svenskakyrkan.se\/vandravagen\/files\/2019\/08\/The_American_Velocipede.jpg",864,749,false],"bloginfo":{"name":"Vandra V\u00e4gen","url":"https:\/\/blogg.svenskakyrkan.se\/vandravagen"},"_links":{"self":[{"href":"https:\/\/blogg.svenskakyrkan.se\/vandravagen\/wp-json\/wp\/v2\/posts\/7351","targetHints":{"allow":["GET"]}}],"collection":[{"href":"https:\/\/blogg.svenskakyrkan.se\/vandravagen\/wp-json\/wp\/v2\/posts"}],"about":[{"href":"https:\/\/blogg.svenskakyrkan.se\/vandravagen\/wp-json\/wp\/v2\/types\/post"}],"author":[{"embeddable":true,"href":"https:\/\/blogg.svenskakyrkan.se\/vandravagen\/wp-json\/wp\/v2\/users\/392"}],"replies":[{"embeddable":true,"href":"https:\/\/blogg.svenskakyrkan.se\/vandravagen\/wp-json\/wp\/v2\/comments?post=7351"}],"version-history":[{"count":1,"href":"https:\/\/blogg.svenskakyrkan.se\/vandravagen\/wp-json\/wp\/v2\/posts\/7351\/revisions"}],"predecessor-version":[{"id":7353,"href":"https:\/\/blogg.svenskakyrkan.se\/vandravagen\/wp-json\/wp\/v2\/posts\/7351\/revisions\/7353"}],"wp:featuredmedia":[{"embeddable":true,"href":"https:\/\/blogg.svenskakyrkan.se\/vandravagen\/wp-json\/wp\/v2\/media\/7352"}],"wp:attachment":[{"href":"https:\/\/blogg.svenskakyrkan.se\/vandravagen\/wp-json\/wp\/v2\/media?parent=7351"}],"wp:term":[{"taxonomy":"category","embeddable":true,"href":"https:\/\/blogg.svenskakyrkan.se\/vandravagen\/wp-json\/wp\/v2\/categories?post=7351"},{"taxonomy":"post_tag","embeddable":true,"href":"https:\/\/blogg.svenskakyrkan.se\/vandravagen\/wp-json\/wp\/v2\/tags?post=7351"}],"curies":[{"name":"wp","href":"https:\/\/api.w.org\/{rel}","templated":true}]}}