{"id":737,"date":"2013-01-30T19:29:00","date_gmt":"2013-01-30T18:29:00","guid":{"rendered":"http:\/\/blogg.svenskakyrkan.se\/vandravagen\/2013\/01\/30\/fastekomplimansutmaningen\/"},"modified":"2013-01-30T19:29:00","modified_gmt":"2013-01-30T18:29:00","slug":"fastekomplimansutmaningen","status":"publish","type":"post","link":"https:\/\/blogg.svenskakyrkan.se\/vandravagen\/2013\/01\/30\/fastekomplimansutmaningen\/","title":{"rendered":"Fastekomplimansutmaningen!"},"content":{"rendered":"<table align=\"center\" cellpadding=\"0\" cellspacing=\"0\">\n<tbody>\n<tr>\n<td><a href=\"http:\/\/2.bp.blogspot.com\/-mh8o_vZHkos\/TzjQwql04QI\/AAAAAAAAAEo\/ilGyPFm3oaU\/s1600\/o%25CC%2588vertyga_webben.png\"><img loading=\"lazy\" decoding=\"async\" border=\"0\" height=\"320\" src=\"http:\/\/2.bp.blogspot.com\/-mh8o_vZHkos\/TzjQwql04QI\/AAAAAAAAAEo\/ilGyPFm3oaU\/s640\/o%25CC%2588vertyga_webben.png\" width=\"640\"><\/a><\/td>\n<\/tr>\n<tr>\n<td>Hall\u00e5 d\u00e4r! Snygg hatt!<\/td>\n<\/tr>\n<\/tbody>\n<\/table>\n<p>Jag har en id\u00e9! Fastan n\u00e4rmar sig. Det \u00e4r en tid av f\u00f6rberedelse inf\u00f6r p\u00e5sken, traditionellt sett genom att dra ner p\u00e5 mat eller annat f\u00f6r att p\u00e5minna sig hut beroende vi \u00e4r av Guds g\u00e5vor och bli uppm\u00e4rksamma p\u00e5 vad vi har.<\/p>\n<p>I \u00e5r t\u00e4nkte jag f\u00f6rs\u00f6ka mig p\u00e5 en annan variant, lite mer proaktiv om man s\u00e5 vill. Jag skulle ocks\u00e5 tycka det var roligt om vi kunde vara flera om det s\u00e5 att det verkligen blir av. B\u00e4st vore om just du h\u00e4nger p\u00e5.<\/p>\n<p>Jag ska f\u00f6rs\u00f6ka att ge en komplimang om dagen under fastan. Den ska vara alldeles sann men det beh\u00f6ver annars inte vara n\u00e5got storslaget. Komplimanger till min fru gills inte, det vore f\u00f6r l\u00e4tt, utan f\u00f6r s\u00e4kerhets skull f\u00e5r hon en om dagen ocks\u00e5 \ud83d\ude09<\/p>\n<p>Jag \u00e4r ju hemma med barn s\u00e5 det \u00e4r inte s\u00e4kert jag tr\u00e4ffar n\u00e5gon att ge komplimang till under dagen. I v\u00e4rsta, v\u00e4rsta fall g\u00e5r telefon eller sociala medier ocks\u00e5 bra men det f\u00e5r inte bli f\u00f6r mycket s\u00e5.<\/p>\n<p>Vad s\u00e4ger du? L\u00e5ter det utmanande? Kanske en nyttig utmaning? Fundera p\u00e5 det s\u00e5 p\u00e5minner jag dig igen senare. Det g\u00e5r ocks\u00e5 bra att anm\u00e4la deltagande redan nu p\u00e5 valfritt s\u00e4tt.<\/p>\n","protected":false},"excerpt":{"rendered":"<p>Hall\u00e5 d\u00e4r! Snygg hatt! Jag har en id\u00e9! Fastan n\u00e4rmar sig. Det \u00e4r en tid av f\u00f6rberedelse inf\u00f6r p\u00e5sken, traditionellt sett genom att dra ner p\u00e5 mat eller annat f\u00f6r att p\u00e5minna sig hut beroende vi \u00e4r av Guds g\u00e5vor och bli uppm\u00e4rksamma p\u00e5 vad vi har. I \u00e5r t\u00e4nkte jag f\u00f6rs\u00f6ka mig p\u00e5 en [&hellip;]<\/p>\n","protected":false},"author":392,"featured_media":0,"comment_status":"open","ping_status":"open","sticky":false,"template":"","format":"standard","meta":{"_acf_changed":false,"footnotes":""},"categories":[76766,8252],"tags":[],"class_list":["post-737","post","type-post","status-publish","format-standard","hentry","category-blandat","category-kyrkoaret"],"acf":[],"yoast_head":"<!-- This site is optimized with the Yoast SEO plugin v27.1.1 - https:\/\/yoast.com\/product\/yoast-seo-wordpress\/ -->\n<title>Fastekomplimansutmaningen! - Vandra V\u00e4gen<\/title>\n<meta name=\"robots\" content=\"index, follow, max-snippet:-1, max-image-preview:large, max-video-preview:-1\" \/>\n<link rel=\"canonical\" href=\"https:\/\/blogg.svenskakyrkan.se\/vandravagen\/2013\/01\/30\/fastekomplimansutmaningen\/\" \/>\n<meta property=\"og:locale\" content=\"sv_SE\" \/>\n<meta property=\"og:type\" content=\"article\" \/>\n<meta property=\"og:title\" content=\"Fastekomplimansutmaningen! - Vandra V\u00e4gen\" \/>\n<meta property=\"og:description\" content=\"Hall\u00e5 d\u00e4r! Snygg hatt! Jag har en id\u00e9! Fastan n\u00e4rmar sig. Det \u00e4r en tid av f\u00f6rberedelse inf\u00f6r p\u00e5sken, traditionellt sett genom att dra ner p\u00e5 mat eller annat f\u00f6r att p\u00e5minna sig hut beroende vi \u00e4r av Guds g\u00e5vor och bli uppm\u00e4rksamma p\u00e5 vad vi har. I \u00e5r t\u00e4nkte jag f\u00f6rs\u00f6ka mig p\u00e5 en [&hellip;]\" \/>\n<meta property=\"og:url\" content=\"https:\/\/blogg.svenskakyrkan.se\/vandravagen\/2013\/01\/30\/fastekomplimansutmaningen\/\" \/>\n<meta property=\"og:site_name\" content=\"Vandra V\u00e4gen\" \/>\n<meta property=\"article:publisher\" content=\"http:\/\/facebook.com\/vandravagen\" \/>\n<meta property=\"article:published_time\" content=\"2013-01-30T18:29:00+00:00\" \/>\n<meta property=\"og:image\" content=\"http:\/\/2.bp.blogspot.com\/-mh8o_vZHkos\/TzjQwql04QI\/AAAAAAAAAEo\/ilGyPFm3oaU\/s640\/o%25CC%2588vertyga_webben.png\" \/>\n<meta name=\"author\" content=\"Tomas Jarvid\" \/>\n<meta name=\"twitter:card\" content=\"summary_large_image\" \/>\n<meta name=\"twitter:creator\" content=\"@fadertomas\" \/>\n<meta name=\"twitter:site\" content=\"@fadertomas\" \/>\n<meta name=\"twitter:label1\" content=\"Skriven av\" \/>\n\t<meta name=\"twitter:data1\" content=\"Tomas Jarvid\" \/>\n\t<meta name=\"twitter:label2\" content=\"Ber\u00e4knad l\u00e4stid\" \/>\n\t<meta name=\"twitter:data2\" content=\"1 minut\" \/>\n<script type=\"application\/ld+json\" class=\"yoast-schema-graph\">{\"@context\":\"https:\/\/schema.org\",\"@graph\":[{\"@type\":\"Article\",\"@id\":\"https:\/\/blogg.svenskakyrkan.se\/vandravagen\/2013\/01\/30\/fastekomplimansutmaningen\/#article\",\"isPartOf\":{\"@id\":\"https:\/\/blogg.svenskakyrkan.se\/vandravagen\/2013\/01\/30\/fastekomplimansutmaningen\/\"},\"author\":{\"name\":\"Tomas Jarvid\",\"@id\":\"https:\/\/blogg.svenskakyrkan.se\/vandravagen\/#\/schema\/person\/25da02d4f76b137d04291711e2c9fc16\"},\"headline\":\"Fastekomplimansutmaningen!\",\"datePublished\":\"2013-01-30T18:29:00+00:00\",\"mainEntityOfPage\":{\"@id\":\"https:\/\/blogg.svenskakyrkan.se\/vandravagen\/2013\/01\/30\/fastekomplimansutmaningen\/\"},\"wordCount\":243,\"commentCount\":2,\"publisher\":{\"@id\":\"https:\/\/blogg.svenskakyrkan.se\/vandravagen\/#organization\"},\"image\":{\"@id\":\"https:\/\/blogg.svenskakyrkan.se\/vandravagen\/2013\/01\/30\/fastekomplimansutmaningen\/#primaryimage\"},\"thumbnailUrl\":\"http:\/\/2.bp.blogspot.com\/-mh8o_vZHkos\/TzjQwql04QI\/AAAAAAAAAEo\/ilGyPFm3oaU\/s640\/o%25CC%2588vertyga_webben.png\",\"articleSection\":[\"blandat\",\"kyrko\u00e5ret\"],\"inLanguage\":\"sv-SE\",\"potentialAction\":[{\"@type\":\"CommentAction\",\"name\":\"Comment\",\"target\":[\"https:\/\/blogg.svenskakyrkan.se\/vandravagen\/2013\/01\/30\/fastekomplimansutmaningen\/#respond\"]}]},{\"@type\":\"WebPage\",\"@id\":\"https:\/\/blogg.svenskakyrkan.se\/vandravagen\/2013\/01\/30\/fastekomplimansutmaningen\/\",\"url\":\"https:\/\/blogg.svenskakyrkan.se\/vandravagen\/2013\/01\/30\/fastekomplimansutmaningen\/\",\"name\":\"Fastekomplimansutmaningen! - Vandra V\u00e4gen\",\"isPartOf\":{\"@id\":\"https:\/\/blogg.svenskakyrkan.se\/vandravagen\/#website\"},\"primaryImageOfPage\":{\"@id\":\"https:\/\/blogg.svenskakyrkan.se\/vandravagen\/2013\/01\/30\/fastekomplimansutmaningen\/#primaryimage\"},\"image\":{\"@id\":\"https:\/\/blogg.svenskakyrkan.se\/vandravagen\/2013\/01\/30\/fastekomplimansutmaningen\/#primaryimage\"},\"thumbnailUrl\":\"http:\/\/2.bp.blogspot.com\/-mh8o_vZHkos\/TzjQwql04QI\/AAAAAAAAAEo\/ilGyPFm3oaU\/s640\/o%25CC%2588vertyga_webben.png\",\"datePublished\":\"2013-01-30T18:29:00+00:00\",\"breadcrumb\":{\"@id\":\"https:\/\/blogg.svenskakyrkan.se\/vandravagen\/2013\/01\/30\/fastekomplimansutmaningen\/#breadcrumb\"},\"inLanguage\":\"sv-SE\",\"potentialAction\":[{\"@type\":\"ReadAction\",\"target\":[\"https:\/\/blogg.svenskakyrkan.se\/vandravagen\/2013\/01\/30\/fastekomplimansutmaningen\/\"]}]},{\"@type\":\"ImageObject\",\"inLanguage\":\"sv-SE\",\"@id\":\"https:\/\/blogg.svenskakyrkan.se\/vandravagen\/2013\/01\/30\/fastekomplimansutmaningen\/#primaryimage\",\"url\":\"http:\/\/2.bp.blogspot.com\/-mh8o_vZHkos\/TzjQwql04QI\/AAAAAAAAAEo\/ilGyPFm3oaU\/s640\/o%25CC%2588vertyga_webben.png\",\"contentUrl\":\"http:\/\/2.bp.blogspot.com\/-mh8o_vZHkos\/TzjQwql04QI\/AAAAAAAAAEo\/ilGyPFm3oaU\/s640\/o%25CC%2588vertyga_webben.png\"},{\"@type\":\"BreadcrumbList\",\"@id\":\"https:\/\/blogg.svenskakyrkan.se\/vandravagen\/2013\/01\/30\/fastekomplimansutmaningen\/#breadcrumb\",\"itemListElement\":[{\"@type\":\"ListItem\",\"position\":1,\"name\":\"Hem\",\"item\":\"https:\/\/blogg.svenskakyrkan.se\/vandravagen\/\"},{\"@type\":\"ListItem\",\"position\":2,\"name\":\"Fastekomplimansutmaningen!\"}]},{\"@type\":\"WebSite\",\"@id\":\"https:\/\/blogg.svenskakyrkan.se\/vandravagen\/#website\",\"url\":\"https:\/\/blogg.svenskakyrkan.se\/vandravagen\/\",\"name\":\"Vandra V\u00e4gen\",\"description\":\"-Mot en tro f\u00f6r hela livet\",\"publisher\":{\"@id\":\"https:\/\/blogg.svenskakyrkan.se\/vandravagen\/#organization\"},\"potentialAction\":[{\"@type\":\"SearchAction\",\"target\":{\"@type\":\"EntryPoint\",\"urlTemplate\":\"https:\/\/blogg.svenskakyrkan.se\/vandravagen\/?s={search_term_string}\"},\"query-input\":{\"@type\":\"PropertyValueSpecification\",\"valueRequired\":true,\"valueName\":\"search_term_string\"}}],\"inLanguage\":\"sv-SE\"},{\"@type\":\"Organization\",\"@id\":\"https:\/\/blogg.svenskakyrkan.se\/vandravagen\/#organization\",\"name\":\"ulricehamns pastorat\",\"alternateName\":\"ulricehamns pastorat\",\"url\":\"https:\/\/blogg.svenskakyrkan.se\/vandravagen\/\",\"logo\":{\"@type\":\"ImageObject\",\"inLanguage\":\"sv-SE\",\"@id\":\"https:\/\/blogg.svenskakyrkan.se\/vandravagen\/#\/schema\/logo\/image\/\",\"url\":\"https:\/\/blogg.svenskakyrkan.se\/vandravagen\/files\/2023\/05\/Ulr_logo_RGB.png\",\"contentUrl\":\"https:\/\/blogg.svenskakyrkan.se\/vandravagen\/files\/2023\/05\/Ulr_logo_RGB.png\",\"width\":205,\"height\":77,\"caption\":\"ulricehamns pastorat\"},\"image\":{\"@id\":\"https:\/\/blogg.svenskakyrkan.se\/vandravagen\/#\/schema\/logo\/image\/\"},\"sameAs\":[\"http:\/\/facebook.com\/vandravagen\",\"https:\/\/x.com\/fadertomas\",\"http:\/\/www.facebook.com\/svenskakyrkaniulricehamn\"]},{\"@type\":\"Person\",\"@id\":\"https:\/\/blogg.svenskakyrkan.se\/vandravagen\/#\/schema\/person\/25da02d4f76b137d04291711e2c9fc16\",\"name\":\"Tomas Jarvid\",\"image\":{\"@type\":\"ImageObject\",\"inLanguage\":\"sv-SE\",\"@id\":\"https:\/\/blogg.svenskakyrkan.se\/vandravagen\/#\/schema\/person\/image\/\",\"url\":\"https:\/\/secure.gravatar.com\/avatar\/7fa71899795e8f540f615a1f5ab25255dc27aa40f05ee7ddd21aac521e01bf50?s=96&d=identicon&r=g\",\"contentUrl\":\"https:\/\/secure.gravatar.com\/avatar\/7fa71899795e8f540f615a1f5ab25255dc27aa40f05ee7ddd21aac521e01bf50?s=96&d=identicon&r=g\",\"caption\":\"Tomas Jarvid\"},\"description\":\"Jag bor i Ulricehamn i V\u00e4sterg\u00f6tland och \u00e4r f\u00f6rsamlingspr\u00e4st i Svenska Kyrkan f\u00f6r Dalstorps f\u00f6rsamling i Kinds pastorat. P\u00e5 den h\u00e4r bloggen skriver jag ner tankar om vandringen som kristen.\",\"sameAs\":[\"http:\/\/www.vandravagen.se\"],\"url\":\"https:\/\/blogg.svenskakyrkan.se\/vandravagen\/author\/vandravagen\/\"}]}<\/script>\n<!-- \/ Yoast SEO plugin. -->","yoast_head_json":{"title":"Fastekomplimansutmaningen! - Vandra V\u00e4gen","robots":{"index":"index","follow":"follow","max-snippet":"max-snippet:-1","max-image-preview":"max-image-preview:large","max-video-preview":"max-video-preview:-1"},"canonical":"https:\/\/blogg.svenskakyrkan.se\/vandravagen\/2013\/01\/30\/fastekomplimansutmaningen\/","og_locale":"sv_SE","og_type":"article","og_title":"Fastekomplimansutmaningen! - Vandra V\u00e4gen","og_description":"Hall\u00e5 d\u00e4r! Snygg hatt! Jag har en id\u00e9! Fastan n\u00e4rmar sig. Det \u00e4r en tid av f\u00f6rberedelse inf\u00f6r p\u00e5sken, traditionellt sett genom att dra ner p\u00e5 mat eller annat f\u00f6r att p\u00e5minna sig hut beroende vi \u00e4r av Guds g\u00e5vor och bli uppm\u00e4rksamma p\u00e5 vad vi har. I \u00e5r t\u00e4nkte jag f\u00f6rs\u00f6ka mig p\u00e5 en [&hellip;]","og_url":"https:\/\/blogg.svenskakyrkan.se\/vandravagen\/2013\/01\/30\/fastekomplimansutmaningen\/","og_site_name":"Vandra V\u00e4gen","article_publisher":"http:\/\/facebook.com\/vandravagen","article_published_time":"2013-01-30T18:29:00+00:00","og_image":[{"url":"http:\/\/2.bp.blogspot.com\/-mh8o_vZHkos\/TzjQwql04QI\/AAAAAAAAAEo\/ilGyPFm3oaU\/s640\/o%25CC%2588vertyga_webben.png","type":"","width":"","height":""}],"author":"Tomas Jarvid","twitter_card":"summary_large_image","twitter_creator":"@fadertomas","twitter_site":"@fadertomas","twitter_misc":{"Skriven av":"Tomas Jarvid","Ber\u00e4knad l\u00e4stid":"1 minut"},"schema":{"@context":"https:\/\/schema.org","@graph":[{"@type":"Article","@id":"https:\/\/blogg.svenskakyrkan.se\/vandravagen\/2013\/01\/30\/fastekomplimansutmaningen\/#article","isPartOf":{"@id":"https:\/\/blogg.svenskakyrkan.se\/vandravagen\/2013\/01\/30\/fastekomplimansutmaningen\/"},"author":{"name":"Tomas Jarvid","@id":"https:\/\/blogg.svenskakyrkan.se\/vandravagen\/#\/schema\/person\/25da02d4f76b137d04291711e2c9fc16"},"headline":"Fastekomplimansutmaningen!","datePublished":"2013-01-30T18:29:00+00:00","mainEntityOfPage":{"@id":"https:\/\/blogg.svenskakyrkan.se\/vandravagen\/2013\/01\/30\/fastekomplimansutmaningen\/"},"wordCount":243,"commentCount":2,"publisher":{"@id":"https:\/\/blogg.svenskakyrkan.se\/vandravagen\/#organization"},"image":{"@id":"https:\/\/blogg.svenskakyrkan.se\/vandravagen\/2013\/01\/30\/fastekomplimansutmaningen\/#primaryimage"},"thumbnailUrl":"http:\/\/2.bp.blogspot.com\/-mh8o_vZHkos\/TzjQwql04QI\/AAAAAAAAAEo\/ilGyPFm3oaU\/s640\/o%25CC%2588vertyga_webben.png","articleSection":["blandat","kyrko\u00e5ret"],"inLanguage":"sv-SE","potentialAction":[{"@type":"CommentAction","name":"Comment","target":["https:\/\/blogg.svenskakyrkan.se\/vandravagen\/2013\/01\/30\/fastekomplimansutmaningen\/#respond"]}]},{"@type":"WebPage","@id":"https:\/\/blogg.svenskakyrkan.se\/vandravagen\/2013\/01\/30\/fastekomplimansutmaningen\/","url":"https:\/\/blogg.svenskakyrkan.se\/vandravagen\/2013\/01\/30\/fastekomplimansutmaningen\/","name":"Fastekomplimansutmaningen! - Vandra V\u00e4gen","isPartOf":{"@id":"https:\/\/blogg.svenskakyrkan.se\/vandravagen\/#website"},"primaryImageOfPage":{"@id":"https:\/\/blogg.svenskakyrkan.se\/vandravagen\/2013\/01\/30\/fastekomplimansutmaningen\/#primaryimage"},"image":{"@id":"https:\/\/blogg.svenskakyrkan.se\/vandravagen\/2013\/01\/30\/fastekomplimansutmaningen\/#primaryimage"},"thumbnailUrl":"http:\/\/2.bp.blogspot.com\/-mh8o_vZHkos\/TzjQwql04QI\/AAAAAAAAAEo\/ilGyPFm3oaU\/s640\/o%25CC%2588vertyga_webben.png","datePublished":"2013-01-30T18:29:00+00:00","breadcrumb":{"@id":"https:\/\/blogg.svenskakyrkan.se\/vandravagen\/2013\/01\/30\/fastekomplimansutmaningen\/#breadcrumb"},"inLanguage":"sv-SE","potentialAction":[{"@type":"ReadAction","target":["https:\/\/blogg.svenskakyrkan.se\/vandravagen\/2013\/01\/30\/fastekomplimansutmaningen\/"]}]},{"@type":"ImageObject","inLanguage":"sv-SE","@id":"https:\/\/blogg.svenskakyrkan.se\/vandravagen\/2013\/01\/30\/fastekomplimansutmaningen\/#primaryimage","url":"http:\/\/2.bp.blogspot.com\/-mh8o_vZHkos\/TzjQwql04QI\/AAAAAAAAAEo\/ilGyPFm3oaU\/s640\/o%25CC%2588vertyga_webben.png","contentUrl":"http:\/\/2.bp.blogspot.com\/-mh8o_vZHkos\/TzjQwql04QI\/AAAAAAAAAEo\/ilGyPFm3oaU\/s640\/o%25CC%2588vertyga_webben.png"},{"@type":"BreadcrumbList","@id":"https:\/\/blogg.svenskakyrkan.se\/vandravagen\/2013\/01\/30\/fastekomplimansutmaningen\/#breadcrumb","itemListElement":[{"@type":"ListItem","position":1,"name":"Hem","item":"https:\/\/blogg.svenskakyrkan.se\/vandravagen\/"},{"@type":"ListItem","position":2,"name":"Fastekomplimansutmaningen!"}]},{"@type":"WebSite","@id":"https:\/\/blogg.svenskakyrkan.se\/vandravagen\/#website","url":"https:\/\/blogg.svenskakyrkan.se\/vandravagen\/","name":"Vandra V\u00e4gen","description":"-Mot en tro f\u00f6r hela livet","publisher":{"@id":"https:\/\/blogg.svenskakyrkan.se\/vandravagen\/#organization"},"potentialAction":[{"@type":"SearchAction","target":{"@type":"EntryPoint","urlTemplate":"https:\/\/blogg.svenskakyrkan.se\/vandravagen\/?s={search_term_string}"},"query-input":{"@type":"PropertyValueSpecification","valueRequired":true,"valueName":"search_term_string"}}],"inLanguage":"sv-SE"},{"@type":"Organization","@id":"https:\/\/blogg.svenskakyrkan.se\/vandravagen\/#organization","name":"ulricehamns pastorat","alternateName":"ulricehamns pastorat","url":"https:\/\/blogg.svenskakyrkan.se\/vandravagen\/","logo":{"@type":"ImageObject","inLanguage":"sv-SE","@id":"https:\/\/blogg.svenskakyrkan.se\/vandravagen\/#\/schema\/logo\/image\/","url":"https:\/\/blogg.svenskakyrkan.se\/vandravagen\/files\/2023\/05\/Ulr_logo_RGB.png","contentUrl":"https:\/\/blogg.svenskakyrkan.se\/vandravagen\/files\/2023\/05\/Ulr_logo_RGB.png","width":205,"height":77,"caption":"ulricehamns pastorat"},"image":{"@id":"https:\/\/blogg.svenskakyrkan.se\/vandravagen\/#\/schema\/logo\/image\/"},"sameAs":["http:\/\/facebook.com\/vandravagen","https:\/\/x.com\/fadertomas","http:\/\/www.facebook.com\/svenskakyrkaniulricehamn"]},{"@type":"Person","@id":"https:\/\/blogg.svenskakyrkan.se\/vandravagen\/#\/schema\/person\/25da02d4f76b137d04291711e2c9fc16","name":"Tomas Jarvid","image":{"@type":"ImageObject","inLanguage":"sv-SE","@id":"https:\/\/blogg.svenskakyrkan.se\/vandravagen\/#\/schema\/person\/image\/","url":"https:\/\/secure.gravatar.com\/avatar\/7fa71899795e8f540f615a1f5ab25255dc27aa40f05ee7ddd21aac521e01bf50?s=96&d=identicon&r=g","contentUrl":"https:\/\/secure.gravatar.com\/avatar\/7fa71899795e8f540f615a1f5ab25255dc27aa40f05ee7ddd21aac521e01bf50?s=96&d=identicon&r=g","caption":"Tomas Jarvid"},"description":"Jag bor i Ulricehamn i V\u00e4sterg\u00f6tland och \u00e4r f\u00f6rsamlingspr\u00e4st i Svenska Kyrkan f\u00f6r Dalstorps f\u00f6rsamling i Kinds pastorat. P\u00e5 den h\u00e4r bloggen skriver jag ner tankar om vandringen som kristen.","sameAs":["http:\/\/www.vandravagen.se"],"url":"https:\/\/blogg.svenskakyrkan.se\/vandravagen\/author\/vandravagen\/"}]}},"author_meta":{"ID":"392","user_nicename":"vandravagen","user_url":"http:\/\/www.vandravagen.se","user_registered":"2014-05-19 05:44:52","display_name":"Tomas Jarvid","first_name":"Tomas","last_name":"Jarvid","avatar":"https:\/\/secure.gravatar.com\/avatar\/7fa71899795e8f540f615a1f5ab25255dc27aa40f05ee7ddd21aac521e01bf50?s=96&d=identicon&r=g"},"featured_image":false,"bloginfo":{"name":"Vandra V\u00e4gen","url":"https:\/\/blogg.svenskakyrkan.se\/vandravagen"},"_links":{"self":[{"href":"https:\/\/blogg.svenskakyrkan.se\/vandravagen\/wp-json\/wp\/v2\/posts\/737","targetHints":{"allow":["GET"]}}],"collection":[{"href":"https:\/\/blogg.svenskakyrkan.se\/vandravagen\/wp-json\/wp\/v2\/posts"}],"about":[{"href":"https:\/\/blogg.svenskakyrkan.se\/vandravagen\/wp-json\/wp\/v2\/types\/post"}],"author":[{"embeddable":true,"href":"https:\/\/blogg.svenskakyrkan.se\/vandravagen\/wp-json\/wp\/v2\/users\/392"}],"replies":[{"embeddable":true,"href":"https:\/\/blogg.svenskakyrkan.se\/vandravagen\/wp-json\/wp\/v2\/comments?post=737"}],"version-history":[{"count":0,"href":"https:\/\/blogg.svenskakyrkan.se\/vandravagen\/wp-json\/wp\/v2\/posts\/737\/revisions"}],"wp:attachment":[{"href":"https:\/\/blogg.svenskakyrkan.se\/vandravagen\/wp-json\/wp\/v2\/media?parent=737"}],"wp:term":[{"taxonomy":"category","embeddable":true,"href":"https:\/\/blogg.svenskakyrkan.se\/vandravagen\/wp-json\/wp\/v2\/categories?post=737"},{"taxonomy":"post_tag","embeddable":true,"href":"https:\/\/blogg.svenskakyrkan.se\/vandravagen\/wp-json\/wp\/v2\/tags?post=737"}],"curies":[{"name":"wp","href":"https:\/\/api.w.org\/{rel}","templated":true}]}}