{"id":7379,"date":"2019-09-27T07:00:58","date_gmt":"2019-09-27T05:00:58","guid":{"rendered":"http:\/\/blogg.svenskakyrkan.se\/vandravagen\/?p=7379"},"modified":"2019-09-26T22:07:30","modified_gmt":"2019-09-26T20:07:30","slug":"om-disney-hjaltar-och-mod","status":"publish","type":"post","link":"https:\/\/blogg.svenskakyrkan.se\/vandravagen\/2019\/09\/27\/om-disney-hjaltar-och-mod\/","title":{"rendered":"Om Disney, hj\u00e4ltar och mod"},"content":{"rendered":"<p>Pr\u00e4stlivet bjuder p\u00e5 en del sp\u00e4nnande talarm\u00f6jligheter. I onsdags hade vi konsert med musikskolans orkestrar i Dalstorps kyrka och jag skulle f\u00f6rst\u00e5s vara med och s\u00e4ga n\u00e5gra ord som en andaktsdel i det hela. Konserten bestod framf\u00f6rallt av musik fr\u00e5n disneyfilmer s\u00e5 p\u00e5 n\u00e5got s\u00e4tt fick jag ju utg\u00e5 fr\u00e5n det. Inledningen blev en helt annan i stundens ingivelse men h\u00e4r \u00e4r hursomhelst mitt manus till det jag sade. Om hj\u00e4ltar och mod.<\/p>\n<p>&nbsp;<\/p>\n<p><strong>Andakt p\u00e5 Disneykonsert<\/strong><\/p>\n<p>Det \u00e4r roligt att h\u00f6ra alla dessa l\u00e5tar fr\u00e5n disneyfilmer. Ofta \u00e4r det ju s\u00e4rskilt roligt att k\u00e4nna igen saker med. N\u00e4r jag var liten var det det \u00e5rliga biobes\u00f6ket n\u00e4r man fick se lilla sj\u00f6jungfrun och sk\u00f6nheten och odjuret och alla s\u00e5na.<\/p>\n<p>Det finns ju alltid hj\u00e4ltar p\u00e5 ett eller annat s\u00e4tt i en bra historia och jag gillar ju hj\u00e4ltar, det g\u00f6r v\u00e4l ni ocks\u00e5? N\u00e4r man \u00e4r barn s\u00e5 t\u00e4nker man n\u00e4stan att hj\u00e4lte \u00e4r ett jobb som en del har. Har man f\u00e5tt s\u00e4rskilda krafter eller s\u00e4rskilda egenskaper s\u00e5 \u00e4r det det man blir. Och s\u00e5 \u00e4r det ju i en film i alla fall, att f\u00f6rsta g\u00e5ngen man ser Pocahontas eller Belle eller Hercules eller n\u00e5t s\u00e5 f\u00f6rst\u00e5r man att det h\u00e4r \u00e4r hj\u00e4lten, det \u00e4r deras roll i historien. Men egentligen \u00e4r de nog sj\u00e4lva f\u00f6rv\u00e5nade \u00f6ver det (utom Herkules d\u00e5, han har ju f\u00f6rv\u00e4ntningar p\u00e5 sig om man s\u00e4ger s\u00e5), de lever bara sina liv n\u00e4r de pl\u00f6tsligt hamnar i en situation d\u00e4r det beh\u00f6vs en hj\u00e4lte.<\/p>\n<p>Jag har funderat mycket p\u00e5 vad som g\u00f6r en hj\u00e4lte och jag tror att det bara \u00e4r en enda egenskap faktiskt. Vilken tror ni det \u00e4r?<\/p>\n<p>Mod.<\/p>\n<p>Och jag har kommit p\u00e5 att mod \u00e4r kanske det viktigaste som finns. Utan det skulle vi inte klara av n\u00e5gonting.<\/p>\n<p>Om ni inte redan gjort det s\u00e5 kan ni l\u00e4sa alla b\u00f6cker som Bren\u00e9 Brown skrivit.<\/p>\n<p>Det finns f\u00f6rst\u00e5s en massa hj\u00e4ltar i bibeln ocks\u00e5. Kung David och profeten Elia och Josef i Egypten och s\u00e5 och de \u00e4r modiga de med. Men ingen klarar att vara hj\u00e4lte helt p\u00e5 egen hand, man beh\u00f6ver st\u00f6d s\u00e5 man kan f\u00e5 inre styrka. I bibeln s\u00e5 h\u00e4nger det ihop med att de litar p\u00e5 sin Gud och att de \u00e4r i goda h\u00e4nder \u00e4ven n\u00e4r de m\u00f6ter sv\u00e5righeter. Bibeln \u00e4r ocks\u00e5 lite lustig f\u00f6r det \u00e4r som att f\u00f6rfattarna g\u00e4rna gr\u00e4ver fram skit om de egna hj\u00e4ltarna. Allt d\u00e5ligt de gjorde ska ocks\u00e5 st\u00e5 med, f\u00f6r att vi inte ska lockas att tro att de var n\u00e5got annat \u00e4n vi \u00e4r, n\u00e5gon slags superm\u00e4nniskor.<\/p>\n<p>Det finns ov\u00e4ntade hj\u00e4ltar i disneyfilmer med. Quasimodo som levt med all skam hela livet \u00f6ver att m\u00e4nniskorna \u00e4r r\u00e4dda f\u00f6r honom och han \u00e4r s\u00e5 ful. Pinnocchio som inte har n\u00e5got vett i skallen alls och allt vad det kan vara. Som \u00e4r modiga, f\u00f6rst\u00e5r vad som \u00e4r viktigt och v\u00e4rt att ge allt f\u00f6r, och inte ger upp.<\/p>\n<p>Jag skulle s\u00e4ga att den som \u00e4r modig \u00e4r en hj\u00e4lte oavsett om det man g\u00f6r lyckas eller inte. Den som g\u00e5r till skolan fast man \u00e4r r\u00e4dd f\u00f6r n\u00e5gon d\u00e4r, den som f\u00f6r f\u00f6rsta g\u00e5ngen s\u00e4ger emot n\u00e5gon som s\u00e4ger taskiga saker om n\u00e5gon annan, den som \u00e4r vuxen och b\u00f6rjar med n\u00e5got helt nytt fast man \u00e4r r\u00e4dd f\u00f6r vad folk omkring en ska tycka, man kan ju k\u00e4nna sig s\u00e5 liten och s\u00e5rbar d\u00e5 men det \u00e4r faktiskt just n\u00e4r vi \u00e4r sm\u00e5 och s\u00e5rbara som hj\u00e4ltar blir till. Det var just i det h\u00e4r l\u00e4get det beh\u00f6vdes en hj\u00e4lte. Det kanske inte ser s\u00e5 m\u00e4rkv\u00e4rdigt ut men du vet att n\u00e4r man aldrig har ber\u00e4ttat f\u00f6r n\u00e5gon hur man k\u00e4nner sig inuti och ska f\u00f6rs\u00f6ka g\u00f6ra det, s\u00e5 \u00e4r det oerh\u00f6rt l\u00e4skigt. Man kanske hellre brottas med en bj\u00f6rn, man kanske hellre d\u00f6r kan det k\u00e4nnas som. D\u00e5 \u00e4r man VERKLIGEN modig. En hj\u00e4lte.<\/p>\n<p>Jag hittade ett vackert bibelord fr\u00e5n profeten Joels bok. D\u00e4r st\u00e5r det om hur det ska bli n\u00e4r Gud \u00e4r n\u00e4ra oss med sin heliga Ande och hj\u00e4lper oss. Det st\u00e5r:<\/p>\n<p>Joel 3:10, den svage ska k\u00e4nna sig som en hj\u00e4lte.<\/p>\n<p>Det \u00e4r faktiskt s\u00e5 att v\u00e5r st\u00f6rste hj\u00e4lte h\u00e4r i kyrkan, Jesus allts\u00e5, ocks\u00e5 blev utsatt f\u00f6r alla m\u00f6jliga saker. Han f\u00f6rst\u00e5r oss b\u00e4ttre \u00e4n n\u00e5gon annan n\u00e4r vi tycker det \u00e4r l\u00e4skigt och vi helst skulle vilja g\u00f6mma oss och l\u00e5ta n\u00e5gon annan ta hand om allt. Med Jesus s\u00e5 brukar jag t\u00e4nka ibland p\u00e5 i lejonkungen. Det \u00e4r n\u00e4r Simba \u00e4r som mest vilsen han f\u00e5r tala med sin far i en syn, han f\u00e5r p\u00e5minna sig om vem han egentligen \u00e4r, barn till en kung (det \u00e4r vi ocks\u00e5) och str\u00e4cka p\u00e5 sig, sedan v\u00e5gar han. Hj\u00e4ltar beh\u00f6ver ocks\u00e5 n\u00e5gon som st\u00f6ttar dem f\u00f6r ingen \u00e4r stark ensam. Jesus v\u00e4nder sig till Gud, och vi f\u00e5r ocks\u00e5 r\u00e4kna Gud som far och v\u00e4nda oss till honom. H\u00e4mta d\u00e5 styrka fr\u00e5n Herren, skriver Paulus, av hans oerh\u00f6rda kraft.<\/p>\n<p>Vi ber:<\/p>\n<p>Gud vi tackar dig f\u00f6r vacker musik och f\u00f6r alla de ber\u00e4ttelser som vi h\u00f6rt och l\u00e4rt oss av om att vara m\u00e4nniska. Vi tackar f\u00f6r alla hj\u00e4ltar, hj\u00e4lp oss att h\u00e4mta kraft och styrka hos dig och vara modiga och kloka i de situationer vi \u00e4r i.<\/p>\n<p>Vi ber att vi f\u00e5r vara som den h\u00e4r stora orkestern allihop. Hj\u00e4lp oss att v\u00e5ga l\u00e5ta v\u00e5ra egna toner klinga. Att leva ut v\u00e5ra liv ocks\u00e5 n\u00e4r det k\u00e4nns s\u00e5rbart och l\u00e4skigt och ta v\u00e5r plats. Hj\u00e4lp oss att lyssna p\u00e5 varandra s\u00e5 att vi kan samspela och hj\u00e4lpa varandra fram.<\/p>\n<p>Kom med mod till alla oss som beh\u00f6ver det. Till alla som k\u00e4mpar med besvikelse eller skam eller ensamhet som \u00e4r sv\u00e5r att bryta. Ge oss det mod vi beh\u00f6ver n\u00e4r vi beh\u00f6ver det. Hj\u00e4lp oss ta hand om varandra och hj\u00e4lp oss att v\u00e4nda oss till dig med v\u00e5ra liv, v\u00e5ra behov och v\u00e5r tacksamhet.<\/p>\n<p>Amen<\/p>\n","protected":false},"excerpt":{"rendered":"<p>Pr\u00e4stlivet bjuder p\u00e5 en del sp\u00e4nnande talarm\u00f6jligheter. I onsdags hade vi konsert med musikskolans orkestrar i Dalstorps kyrka och jag skulle f\u00f6rst\u00e5s vara med och s\u00e4ga n\u00e5gra ord som en andaktsdel i det hela. Konserten bestod framf\u00f6rallt av musik fr\u00e5n disneyfilmer s\u00e5 p\u00e5 n\u00e5got s\u00e4tt fick jag ju utg\u00e5 fr\u00e5n det. Inledningen blev en helt [&hellip;]<\/p>\n","protected":false},"author":392,"featured_media":7380,"comment_status":"open","ping_status":"open","sticky":false,"template":"","format":"standard","meta":{"_acf_changed":false,"footnotes":""},"categories":[76766,80161,80016],"tags":[],"class_list":["post-7379","post","type-post","status-publish","format-standard","has-post-thumbnail","hentry","category-blandat","category-superhjaltar","category-tal"],"acf":[],"yoast_head":"<!-- This site is optimized with the Yoast SEO plugin v27.1.1 - https:\/\/yoast.com\/product\/yoast-seo-wordpress\/ -->\n<title>Om Disney, hj\u00e4ltar och mod - Vandra V\u00e4gen<\/title>\n<meta name=\"robots\" content=\"index, follow, max-snippet:-1, max-image-preview:large, max-video-preview:-1\" \/>\n<link rel=\"canonical\" href=\"https:\/\/blogg.svenskakyrkan.se\/vandravagen\/2019\/09\/27\/om-disney-hjaltar-och-mod\/\" \/>\n<meta property=\"og:locale\" content=\"sv_SE\" \/>\n<meta property=\"og:type\" content=\"article\" \/>\n<meta property=\"og:title\" content=\"Om Disney, hj\u00e4ltar och mod - Vandra V\u00e4gen\" \/>\n<meta property=\"og:description\" content=\"Pr\u00e4stlivet bjuder p\u00e5 en del sp\u00e4nnande talarm\u00f6jligheter. I onsdags hade vi konsert med musikskolans orkestrar i Dalstorps kyrka och jag skulle f\u00f6rst\u00e5s vara med och s\u00e4ga n\u00e5gra ord som en andaktsdel i det hela. Konserten bestod framf\u00f6rallt av musik fr\u00e5n disneyfilmer s\u00e5 p\u00e5 n\u00e5got s\u00e4tt fick jag ju utg\u00e5 fr\u00e5n det. Inledningen blev en helt [&hellip;]\" \/>\n<meta property=\"og:url\" content=\"https:\/\/blogg.svenskakyrkan.se\/vandravagen\/2019\/09\/27\/om-disney-hjaltar-och-mod\/\" \/>\n<meta property=\"og:site_name\" content=\"Vandra V\u00e4gen\" \/>\n<meta property=\"article:publisher\" content=\"http:\/\/facebook.com\/vandravagen\" \/>\n<meta property=\"article:published_time\" content=\"2019-09-27T05:00:58+00:00\" \/>\n<meta name=\"author\" content=\"Tomas Jarvid\" \/>\n<meta name=\"twitter:card\" content=\"summary_large_image\" \/>\n<meta name=\"twitter:creator\" content=\"@fadertomas\" \/>\n<meta name=\"twitter:site\" content=\"@fadertomas\" \/>\n<meta name=\"twitter:label1\" content=\"Skriven av\" \/>\n\t<meta name=\"twitter:data1\" content=\"Tomas Jarvid\" \/>\n\t<meta name=\"twitter:label2\" content=\"Ber\u00e4knad l\u00e4stid\" \/>\n\t<meta name=\"twitter:data2\" content=\"6 minuter\" \/>\n<script type=\"application\/ld+json\" class=\"yoast-schema-graph\">{\"@context\":\"https:\/\/schema.org\",\"@graph\":[{\"@type\":\"Article\",\"@id\":\"https:\/\/blogg.svenskakyrkan.se\/vandravagen\/2019\/09\/27\/om-disney-hjaltar-och-mod\/#article\",\"isPartOf\":{\"@id\":\"https:\/\/blogg.svenskakyrkan.se\/vandravagen\/2019\/09\/27\/om-disney-hjaltar-och-mod\/\"},\"author\":{\"name\":\"Tomas Jarvid\",\"@id\":\"https:\/\/blogg.svenskakyrkan.se\/vandravagen\/#\/schema\/person\/25da02d4f76b137d04291711e2c9fc16\"},\"headline\":\"Om Disney, hj\u00e4ltar och mod\",\"datePublished\":\"2019-09-27T05:00:58+00:00\",\"mainEntityOfPage\":{\"@id\":\"https:\/\/blogg.svenskakyrkan.se\/vandravagen\/2019\/09\/27\/om-disney-hjaltar-och-mod\/\"},\"wordCount\":1208,\"commentCount\":2,\"publisher\":{\"@id\":\"https:\/\/blogg.svenskakyrkan.se\/vandravagen\/#organization\"},\"image\":{\"@id\":\"https:\/\/blogg.svenskakyrkan.se\/vandravagen\/2019\/09\/27\/om-disney-hjaltar-och-mod\/#primaryimage\"},\"thumbnailUrl\":\"https:\/\/blogg.svenskakyrkan.se\/vandravagen\/files\/2019\/09\/Untitled-design-1.jpg\",\"articleSection\":[\"blandat\",\"superhj\u00e4ltar\",\"tal\"],\"inLanguage\":\"sv-SE\",\"potentialAction\":[{\"@type\":\"CommentAction\",\"name\":\"Comment\",\"target\":[\"https:\/\/blogg.svenskakyrkan.se\/vandravagen\/2019\/09\/27\/om-disney-hjaltar-och-mod\/#respond\"]}]},{\"@type\":\"WebPage\",\"@id\":\"https:\/\/blogg.svenskakyrkan.se\/vandravagen\/2019\/09\/27\/om-disney-hjaltar-och-mod\/\",\"url\":\"https:\/\/blogg.svenskakyrkan.se\/vandravagen\/2019\/09\/27\/om-disney-hjaltar-och-mod\/\",\"name\":\"Om Disney, hj\u00e4ltar och mod - Vandra V\u00e4gen\",\"isPartOf\":{\"@id\":\"https:\/\/blogg.svenskakyrkan.se\/vandravagen\/#website\"},\"primaryImageOfPage\":{\"@id\":\"https:\/\/blogg.svenskakyrkan.se\/vandravagen\/2019\/09\/27\/om-disney-hjaltar-och-mod\/#primaryimage\"},\"image\":{\"@id\":\"https:\/\/blogg.svenskakyrkan.se\/vandravagen\/2019\/09\/27\/om-disney-hjaltar-och-mod\/#primaryimage\"},\"thumbnailUrl\":\"https:\/\/blogg.svenskakyrkan.se\/vandravagen\/files\/2019\/09\/Untitled-design-1.jpg\",\"datePublished\":\"2019-09-27T05:00:58+00:00\",\"breadcrumb\":{\"@id\":\"https:\/\/blogg.svenskakyrkan.se\/vandravagen\/2019\/09\/27\/om-disney-hjaltar-och-mod\/#breadcrumb\"},\"inLanguage\":\"sv-SE\",\"potentialAction\":[{\"@type\":\"ReadAction\",\"target\":[\"https:\/\/blogg.svenskakyrkan.se\/vandravagen\/2019\/09\/27\/om-disney-hjaltar-och-mod\/\"]}]},{\"@type\":\"ImageObject\",\"inLanguage\":\"sv-SE\",\"@id\":\"https:\/\/blogg.svenskakyrkan.se\/vandravagen\/2019\/09\/27\/om-disney-hjaltar-och-mod\/#primaryimage\",\"url\":\"https:\/\/blogg.svenskakyrkan.se\/vandravagen\/files\/2019\/09\/Untitled-design-1.jpg\",\"contentUrl\":\"https:\/\/blogg.svenskakyrkan.se\/vandravagen\/files\/2019\/09\/Untitled-design-1.jpg\",\"width\":800,\"height\":800,\"caption\":\"Hemfixad bild som n\u00e4stan, n\u00e4stan ser ut som en disneyprinsessa?\"},{\"@type\":\"BreadcrumbList\",\"@id\":\"https:\/\/blogg.svenskakyrkan.se\/vandravagen\/2019\/09\/27\/om-disney-hjaltar-och-mod\/#breadcrumb\",\"itemListElement\":[{\"@type\":\"ListItem\",\"position\":1,\"name\":\"Hem\",\"item\":\"https:\/\/blogg.svenskakyrkan.se\/vandravagen\/\"},{\"@type\":\"ListItem\",\"position\":2,\"name\":\"Om Disney, hj\u00e4ltar och mod\"}]},{\"@type\":\"WebSite\",\"@id\":\"https:\/\/blogg.svenskakyrkan.se\/vandravagen\/#website\",\"url\":\"https:\/\/blogg.svenskakyrkan.se\/vandravagen\/\",\"name\":\"Vandra V\u00e4gen\",\"description\":\"-Mot en tro f\u00f6r hela livet\",\"publisher\":{\"@id\":\"https:\/\/blogg.svenskakyrkan.se\/vandravagen\/#organization\"},\"potentialAction\":[{\"@type\":\"SearchAction\",\"target\":{\"@type\":\"EntryPoint\",\"urlTemplate\":\"https:\/\/blogg.svenskakyrkan.se\/vandravagen\/?s={search_term_string}\"},\"query-input\":{\"@type\":\"PropertyValueSpecification\",\"valueRequired\":true,\"valueName\":\"search_term_string\"}}],\"inLanguage\":\"sv-SE\"},{\"@type\":\"Organization\",\"@id\":\"https:\/\/blogg.svenskakyrkan.se\/vandravagen\/#organization\",\"name\":\"ulricehamns pastorat\",\"alternateName\":\"ulricehamns pastorat\",\"url\":\"https:\/\/blogg.svenskakyrkan.se\/vandravagen\/\",\"logo\":{\"@type\":\"ImageObject\",\"inLanguage\":\"sv-SE\",\"@id\":\"https:\/\/blogg.svenskakyrkan.se\/vandravagen\/#\/schema\/logo\/image\/\",\"url\":\"https:\/\/blogg.svenskakyrkan.se\/vandravagen\/files\/2023\/05\/Ulr_logo_RGB.png\",\"contentUrl\":\"https:\/\/blogg.svenskakyrkan.se\/vandravagen\/files\/2023\/05\/Ulr_logo_RGB.png\",\"width\":205,\"height\":77,\"caption\":\"ulricehamns pastorat\"},\"image\":{\"@id\":\"https:\/\/blogg.svenskakyrkan.se\/vandravagen\/#\/schema\/logo\/image\/\"},\"sameAs\":[\"http:\/\/facebook.com\/vandravagen\",\"https:\/\/x.com\/fadertomas\",\"http:\/\/www.facebook.com\/svenskakyrkaniulricehamn\"]},{\"@type\":\"Person\",\"@id\":\"https:\/\/blogg.svenskakyrkan.se\/vandravagen\/#\/schema\/person\/25da02d4f76b137d04291711e2c9fc16\",\"name\":\"Tomas Jarvid\",\"image\":{\"@type\":\"ImageObject\",\"inLanguage\":\"sv-SE\",\"@id\":\"https:\/\/blogg.svenskakyrkan.se\/vandravagen\/#\/schema\/person\/image\/\",\"url\":\"https:\/\/secure.gravatar.com\/avatar\/7fa71899795e8f540f615a1f5ab25255dc27aa40f05ee7ddd21aac521e01bf50?s=96&d=identicon&r=g\",\"contentUrl\":\"https:\/\/secure.gravatar.com\/avatar\/7fa71899795e8f540f615a1f5ab25255dc27aa40f05ee7ddd21aac521e01bf50?s=96&d=identicon&r=g\",\"caption\":\"Tomas Jarvid\"},\"description\":\"Jag bor i Ulricehamn i V\u00e4sterg\u00f6tland och \u00e4r f\u00f6rsamlingspr\u00e4st i Svenska Kyrkan f\u00f6r Dalstorps f\u00f6rsamling i Kinds pastorat. P\u00e5 den h\u00e4r bloggen skriver jag ner tankar om vandringen som kristen.\",\"sameAs\":[\"http:\/\/www.vandravagen.se\"],\"url\":\"https:\/\/blogg.svenskakyrkan.se\/vandravagen\/author\/vandravagen\/\"}]}<\/script>\n<!-- \/ Yoast SEO plugin. -->","yoast_head_json":{"title":"Om Disney, hj\u00e4ltar och mod - Vandra V\u00e4gen","robots":{"index":"index","follow":"follow","max-snippet":"max-snippet:-1","max-image-preview":"max-image-preview:large","max-video-preview":"max-video-preview:-1"},"canonical":"https:\/\/blogg.svenskakyrkan.se\/vandravagen\/2019\/09\/27\/om-disney-hjaltar-och-mod\/","og_locale":"sv_SE","og_type":"article","og_title":"Om Disney, hj\u00e4ltar och mod - Vandra V\u00e4gen","og_description":"Pr\u00e4stlivet bjuder p\u00e5 en del sp\u00e4nnande talarm\u00f6jligheter. I onsdags hade vi konsert med musikskolans orkestrar i Dalstorps kyrka och jag skulle f\u00f6rst\u00e5s vara med och s\u00e4ga n\u00e5gra ord som en andaktsdel i det hela. Konserten bestod framf\u00f6rallt av musik fr\u00e5n disneyfilmer s\u00e5 p\u00e5 n\u00e5got s\u00e4tt fick jag ju utg\u00e5 fr\u00e5n det. Inledningen blev en helt [&hellip;]","og_url":"https:\/\/blogg.svenskakyrkan.se\/vandravagen\/2019\/09\/27\/om-disney-hjaltar-och-mod\/","og_site_name":"Vandra V\u00e4gen","article_publisher":"http:\/\/facebook.com\/vandravagen","article_published_time":"2019-09-27T05:00:58+00:00","author":"Tomas Jarvid","twitter_card":"summary_large_image","twitter_creator":"@fadertomas","twitter_site":"@fadertomas","twitter_misc":{"Skriven av":"Tomas Jarvid","Ber\u00e4knad l\u00e4stid":"6 minuter"},"schema":{"@context":"https:\/\/schema.org","@graph":[{"@type":"Article","@id":"https:\/\/blogg.svenskakyrkan.se\/vandravagen\/2019\/09\/27\/om-disney-hjaltar-och-mod\/#article","isPartOf":{"@id":"https:\/\/blogg.svenskakyrkan.se\/vandravagen\/2019\/09\/27\/om-disney-hjaltar-och-mod\/"},"author":{"name":"Tomas Jarvid","@id":"https:\/\/blogg.svenskakyrkan.se\/vandravagen\/#\/schema\/person\/25da02d4f76b137d04291711e2c9fc16"},"headline":"Om Disney, hj\u00e4ltar och mod","datePublished":"2019-09-27T05:00:58+00:00","mainEntityOfPage":{"@id":"https:\/\/blogg.svenskakyrkan.se\/vandravagen\/2019\/09\/27\/om-disney-hjaltar-och-mod\/"},"wordCount":1208,"commentCount":2,"publisher":{"@id":"https:\/\/blogg.svenskakyrkan.se\/vandravagen\/#organization"},"image":{"@id":"https:\/\/blogg.svenskakyrkan.se\/vandravagen\/2019\/09\/27\/om-disney-hjaltar-och-mod\/#primaryimage"},"thumbnailUrl":"https:\/\/blogg.svenskakyrkan.se\/vandravagen\/files\/2019\/09\/Untitled-design-1.jpg","articleSection":["blandat","superhj\u00e4ltar","tal"],"inLanguage":"sv-SE","potentialAction":[{"@type":"CommentAction","name":"Comment","target":["https:\/\/blogg.svenskakyrkan.se\/vandravagen\/2019\/09\/27\/om-disney-hjaltar-och-mod\/#respond"]}]},{"@type":"WebPage","@id":"https:\/\/blogg.svenskakyrkan.se\/vandravagen\/2019\/09\/27\/om-disney-hjaltar-och-mod\/","url":"https:\/\/blogg.svenskakyrkan.se\/vandravagen\/2019\/09\/27\/om-disney-hjaltar-och-mod\/","name":"Om Disney, hj\u00e4ltar och mod - Vandra V\u00e4gen","isPartOf":{"@id":"https:\/\/blogg.svenskakyrkan.se\/vandravagen\/#website"},"primaryImageOfPage":{"@id":"https:\/\/blogg.svenskakyrkan.se\/vandravagen\/2019\/09\/27\/om-disney-hjaltar-och-mod\/#primaryimage"},"image":{"@id":"https:\/\/blogg.svenskakyrkan.se\/vandravagen\/2019\/09\/27\/om-disney-hjaltar-och-mod\/#primaryimage"},"thumbnailUrl":"https:\/\/blogg.svenskakyrkan.se\/vandravagen\/files\/2019\/09\/Untitled-design-1.jpg","datePublished":"2019-09-27T05:00:58+00:00","breadcrumb":{"@id":"https:\/\/blogg.svenskakyrkan.se\/vandravagen\/2019\/09\/27\/om-disney-hjaltar-och-mod\/#breadcrumb"},"inLanguage":"sv-SE","potentialAction":[{"@type":"ReadAction","target":["https:\/\/blogg.svenskakyrkan.se\/vandravagen\/2019\/09\/27\/om-disney-hjaltar-och-mod\/"]}]},{"@type":"ImageObject","inLanguage":"sv-SE","@id":"https:\/\/blogg.svenskakyrkan.se\/vandravagen\/2019\/09\/27\/om-disney-hjaltar-och-mod\/#primaryimage","url":"https:\/\/blogg.svenskakyrkan.se\/vandravagen\/files\/2019\/09\/Untitled-design-1.jpg","contentUrl":"https:\/\/blogg.svenskakyrkan.se\/vandravagen\/files\/2019\/09\/Untitled-design-1.jpg","width":800,"height":800,"caption":"Hemfixad bild som n\u00e4stan, n\u00e4stan ser ut som en disneyprinsessa?"},{"@type":"BreadcrumbList","@id":"https:\/\/blogg.svenskakyrkan.se\/vandravagen\/2019\/09\/27\/om-disney-hjaltar-och-mod\/#breadcrumb","itemListElement":[{"@type":"ListItem","position":1,"name":"Hem","item":"https:\/\/blogg.svenskakyrkan.se\/vandravagen\/"},{"@type":"ListItem","position":2,"name":"Om Disney, hj\u00e4ltar och mod"}]},{"@type":"WebSite","@id":"https:\/\/blogg.svenskakyrkan.se\/vandravagen\/#website","url":"https:\/\/blogg.svenskakyrkan.se\/vandravagen\/","name":"Vandra V\u00e4gen","description":"-Mot en tro f\u00f6r hela livet","publisher":{"@id":"https:\/\/blogg.svenskakyrkan.se\/vandravagen\/#organization"},"potentialAction":[{"@type":"SearchAction","target":{"@type":"EntryPoint","urlTemplate":"https:\/\/blogg.svenskakyrkan.se\/vandravagen\/?s={search_term_string}"},"query-input":{"@type":"PropertyValueSpecification","valueRequired":true,"valueName":"search_term_string"}}],"inLanguage":"sv-SE"},{"@type":"Organization","@id":"https:\/\/blogg.svenskakyrkan.se\/vandravagen\/#organization","name":"ulricehamns pastorat","alternateName":"ulricehamns pastorat","url":"https:\/\/blogg.svenskakyrkan.se\/vandravagen\/","logo":{"@type":"ImageObject","inLanguage":"sv-SE","@id":"https:\/\/blogg.svenskakyrkan.se\/vandravagen\/#\/schema\/logo\/image\/","url":"https:\/\/blogg.svenskakyrkan.se\/vandravagen\/files\/2023\/05\/Ulr_logo_RGB.png","contentUrl":"https:\/\/blogg.svenskakyrkan.se\/vandravagen\/files\/2023\/05\/Ulr_logo_RGB.png","width":205,"height":77,"caption":"ulricehamns pastorat"},"image":{"@id":"https:\/\/blogg.svenskakyrkan.se\/vandravagen\/#\/schema\/logo\/image\/"},"sameAs":["http:\/\/facebook.com\/vandravagen","https:\/\/x.com\/fadertomas","http:\/\/www.facebook.com\/svenskakyrkaniulricehamn"]},{"@type":"Person","@id":"https:\/\/blogg.svenskakyrkan.se\/vandravagen\/#\/schema\/person\/25da02d4f76b137d04291711e2c9fc16","name":"Tomas Jarvid","image":{"@type":"ImageObject","inLanguage":"sv-SE","@id":"https:\/\/blogg.svenskakyrkan.se\/vandravagen\/#\/schema\/person\/image\/","url":"https:\/\/secure.gravatar.com\/avatar\/7fa71899795e8f540f615a1f5ab25255dc27aa40f05ee7ddd21aac521e01bf50?s=96&d=identicon&r=g","contentUrl":"https:\/\/secure.gravatar.com\/avatar\/7fa71899795e8f540f615a1f5ab25255dc27aa40f05ee7ddd21aac521e01bf50?s=96&d=identicon&r=g","caption":"Tomas Jarvid"},"description":"Jag bor i Ulricehamn i V\u00e4sterg\u00f6tland och \u00e4r f\u00f6rsamlingspr\u00e4st i Svenska Kyrkan f\u00f6r Dalstorps f\u00f6rsamling i Kinds pastorat. P\u00e5 den h\u00e4r bloggen skriver jag ner tankar om vandringen som kristen.","sameAs":["http:\/\/www.vandravagen.se"],"url":"https:\/\/blogg.svenskakyrkan.se\/vandravagen\/author\/vandravagen\/"}]}},"author_meta":{"ID":"392","user_nicename":"vandravagen","user_url":"http:\/\/www.vandravagen.se","user_registered":"2014-05-19 05:44:52","display_name":"Tomas Jarvid","first_name":"Tomas","last_name":"Jarvid","avatar":"https:\/\/secure.gravatar.com\/avatar\/7fa71899795e8f540f615a1f5ab25255dc27aa40f05ee7ddd21aac521e01bf50?s=96&d=identicon&r=g"},"featured_image":["https:\/\/blogg.svenskakyrkan.se\/vandravagen\/files\/2019\/09\/Untitled-design-1.jpg",800,800,false],"bloginfo":{"name":"Vandra V\u00e4gen","url":"https:\/\/blogg.svenskakyrkan.se\/vandravagen"},"_links":{"self":[{"href":"https:\/\/blogg.svenskakyrkan.se\/vandravagen\/wp-json\/wp\/v2\/posts\/7379","targetHints":{"allow":["GET"]}}],"collection":[{"href":"https:\/\/blogg.svenskakyrkan.se\/vandravagen\/wp-json\/wp\/v2\/posts"}],"about":[{"href":"https:\/\/blogg.svenskakyrkan.se\/vandravagen\/wp-json\/wp\/v2\/types\/post"}],"author":[{"embeddable":true,"href":"https:\/\/blogg.svenskakyrkan.se\/vandravagen\/wp-json\/wp\/v2\/users\/392"}],"replies":[{"embeddable":true,"href":"https:\/\/blogg.svenskakyrkan.se\/vandravagen\/wp-json\/wp\/v2\/comments?post=7379"}],"version-history":[{"count":1,"href":"https:\/\/blogg.svenskakyrkan.se\/vandravagen\/wp-json\/wp\/v2\/posts\/7379\/revisions"}],"predecessor-version":[{"id":7381,"href":"https:\/\/blogg.svenskakyrkan.se\/vandravagen\/wp-json\/wp\/v2\/posts\/7379\/revisions\/7381"}],"wp:featuredmedia":[{"embeddable":true,"href":"https:\/\/blogg.svenskakyrkan.se\/vandravagen\/wp-json\/wp\/v2\/media\/7380"}],"wp:attachment":[{"href":"https:\/\/blogg.svenskakyrkan.se\/vandravagen\/wp-json\/wp\/v2\/media?parent=7379"}],"wp:term":[{"taxonomy":"category","embeddable":true,"href":"https:\/\/blogg.svenskakyrkan.se\/vandravagen\/wp-json\/wp\/v2\/categories?post=7379"},{"taxonomy":"post_tag","embeddable":true,"href":"https:\/\/blogg.svenskakyrkan.se\/vandravagen\/wp-json\/wp\/v2\/tags?post=7379"}],"curies":[{"name":"wp","href":"https:\/\/api.w.org\/{rel}","templated":true}]}}