{"id":738,"date":"2013-01-30T09:43:00","date_gmt":"2013-01-30T08:43:00","guid":{"rendered":"http:\/\/blogg.svenskakyrkan.se\/vandravagen\/2013\/01\/30\/saker-alla-vet-om-kristen-tro-iv-gubben-pa-molnet\/"},"modified":"2013-01-30T09:43:00","modified_gmt":"2013-01-30T08:43:00","slug":"saker-alla-vet-om-kristen-tro-iv-gubben-pa-molnet","status":"publish","type":"post","link":"https:\/\/blogg.svenskakyrkan.se\/vandravagen\/2013\/01\/30\/saker-alla-vet-om-kristen-tro-iv-gubben-pa-molnet\/","title":{"rendered":"Saker &quot;alla vet&quot; om kristen tro IV: Gubben p\u00e5 molnet"},"content":{"rendered":"<table align=\"center\" cellpadding=\"0\" cellspacing=\"0\">\n<tbody>\n<tr>\n<td><a href=\"http:\/\/upload.wikimedia.org\/wikipedia\/commons\/thumb\/d\/d0\/Creation_of_the_Sun_and_Moon_face_detail.jpg\/250px-Creation_of_the_Sun_and_Moon_face_detail.jpg\"><img loading=\"lazy\" decoding=\"async\" border=\"0\" height=\"400\" src=\"http:\/\/upload.wikimedia.org\/wikipedia\/commons\/thumb\/d\/d0\/Creation_of_the_Sun_and_Moon_face_detail.jpg\/250px-Creation_of_the_Sun_and_Moon_face_detail.jpg\" width=\"283\"><\/a><\/td>\n<\/tr>\n<tr>\n<td>Michelangelos m\u00e5lning av Gud. En sk\u00e4ggig man bland molnen.<\/td>\n<\/tr>\n<\/tbody>\n<\/table>\n<p>En sak som verkar vara en \u00f6msesidig f\u00f6rdom mellan kyrkliga representanter och &#8221;vanligt folk&#8221; \u00e4r att den andra gruppen tror p\u00e5 en naiv gudsbild.<\/p>\n<p>Som skolad teolog tror man visst l\u00e4tt att andra har en ogenomt\u00e4nkt gudsbild. Exemplet som alltid dyker upp \u00e4r att Gud \u00e4r &#8221;en gubbe p\u00e5 ett moln&#8221;. Precis samma misstanke verkar emellertid finnas \u00e5t andra h\u00e5llet med. En del har sv\u00e5rt att ta kyrkans tro p\u00e5 allvar eftersom den verkar vara tro just p\u00e5 en &#8221;gubbe p\u00e5 ett moln&#8221;. Vi tilltalar Gud som om han (bara det) fungerade r\u00e4tt mycket som en av oss. I m\u00f6tet med en pr\u00e4st kan det mycket v\u00e4l framkomma att m\u00e5nga har en gudstro men d\u00e5 vill man ist\u00e4llet betona tron p\u00e5 n\u00e5got st\u00f6rre, en yttersta verklighet. N\u00e5got som \u00e5tminstone inte verkar vara det pr\u00e4sten talar om i kyrkan.<\/p>\n<p>Det d\u00e4r \u00e4r mycket intressant. Hur kan vi tala om Gud utan att g\u00f6ra f\u00f6r stora anspr\u00e5k eller bli l\u00f6jliga?<\/p>\n<p>Gud \u00e4r bortom v\u00e5r fattningsf\u00f6rm\u00e5ga, st\u00f6rre, mer annorlunda. Vi kan inte begripa oss p\u00e5 Gud av m\u00e5nga olika sk\u00e4l. Vi kan ju inte begripa oss p\u00e5 n\u00e5got vi inte har erfarenhet av eller kan likna vid n\u00e5got vi har erfarenhet av. S\u00e5 l\u00e5ngt \u00e4r nog alla \u00f6verens. M\u00f6jligen kan vi snudda vid misstanken att det finns n\u00e5got bortom.<\/p>\n<table align=\"center\" cellpadding=\"0\" cellspacing=\"0\">\n<tbody>\n<tr>\n<td><a href=\"http:\/\/1.bp.blogspot.com\/-rD-UcCDpQO4\/UPGpYVxq2VI\/AAAAAAAABrI\/gWVCFSdrQQI\/s1600\/gubbe+pa%CC%8A+moln.jpg\"><img loading=\"lazy\" decoding=\"async\" border=\"0\" height=\"118\" src=\"http:\/\/1.bp.blogspot.com\/-rD-UcCDpQO4\/UPGpYVxq2VI\/AAAAAAAABrI\/gWVCFSdrQQI\/s400\/gubbe+pa%CC%8A+moln.jpg\" width=\"400\"><\/a><\/td>\n<\/tr>\n<tr>\n<td>Denna judiska f\u00f6retr\u00e4dare ger ett bra svar&#8230;<\/td>\n<\/tr>\n<\/tbody>\n<\/table>\n<p>Dock g\u00f6r den kristna tron (och judiska f\u00f6rst\u00e5s) anspr\u00e5k p\u00e5 att vi kan veta n\u00e5got om Gud f\u00f6r att han sj\u00e4lv valt att ge sig till k\u00e4nna. P\u00e5 teologspr\u00e5k kallas detta &#8221;uppenbarelse&#8221;. Den som har att skriva ner f\u00f6r efterv\u00e4rlden hurdan Gud visat sig har en sv\u00e5r situation. Enda chansen att beskriva n\u00e5got obegripligt \u00e4r som sagt bildspr\u00e5k. D\u00e4rf\u00f6r st\u00e5r det i Bibeln att Gud \u00e4r en Fader och en Herre. Det st\u00e5r till och med vad Gud g\u00f6r med sina armar och annat. Det hebreiska spr\u00e5ket \u00e4r v\u00e4ldigt kroppsligt i hur man uttrycker sig. I Daniels bok finns till och med en syn beskriven d\u00e4r Daniel ser en ur\u00e5ldrig man i skinande vitt sk\u00e4gg p\u00e5 en tron. Visst ligger gubben p\u00e5 molnet r\u00e4tt n\u00e4ra till hands nu?<\/p>\n<p>Gud som gammal patriark \u00e4r samtidigt l\u00e5ngtifr\u00e5n det enda s\u00e4ttet Gud skildras i bibeln. Det som \u00e4nd\u00e5 g\u00e4ller i alla sammanhang \u00e4r att Gud \u00e4r personlig, inte n\u00e5gon anonym och distanserad kraft. Gud engagerar sig i bibelns m\u00e4nniskor.<\/p>\n<p>Jag h\u00f6rde nyligen en intervju med den store psykiatern Johan Cullberg. Han \u00e4r son till en biskop men hade l\u00e4mnat den kristna tron i sin ungdom. Han fann det sv\u00e5rt att tro p\u00e5 den kristna f\u00f6rst\u00e5elsen av Gud eftersom han upplevde den som alltf\u00f6r f\u00f6rm\u00e4nskligad. Det l\u00e4mnades inte rum f\u00f6r Guds annorlundahet. Gudsbilden blev f\u00f6r naiv.<\/p>\n<p>Det var fint och \u00e4rligt ber\u00e4ttat och jag k\u00e4nner mycket f\u00f6r det han sa. Vi st\u00e5r alla i utmaningen att b\u00e5de inse att vi inte kan f\u00f6rst\u00e5 Gud och \u00e4nd\u00e5 v\u00e5ga tro s\u00e5 fast p\u00e5 Gud att det ger en grund f\u00f6r oss att leva p\u00e5. Den vi inte l\u00e4rt k\u00e4nna kan vi inte lita p\u00e5 och d\u00e4rf\u00f6r m\u00e5ste vi tala om Gud. \u00c4ven om det alltid blir ofullkomligt.<\/p>\n<p>Var har du st\u00f6tt p\u00e5 &#8221;gubben-p\u00e5-molnet-gudsbilden&#8221;? N\u00e4r \u00e4r en f\u00f6rst\u00e5else av Gud f\u00f6r naiv? Kan det vara bra med naiva bilder ocks\u00e5?<\/p><\/p>\n","protected":false},"excerpt":{"rendered":"<p>Michelangelos m\u00e5lning av Gud. En sk\u00e4ggig man bland molnen. En sak som verkar vara en \u00f6msesidig f\u00f6rdom mellan kyrkliga representanter och &#8221;vanligt folk&#8221; \u00e4r att den andra gruppen tror p\u00e5 en naiv gudsbild. Som skolad teolog tror man visst l\u00e4tt att andra har en ogenomt\u00e4nkt gudsbild. Exemplet som alltid dyker upp \u00e4r att Gud \u00e4r [&hellip;]<\/p>\n","protected":false},"author":392,"featured_media":0,"comment_status":"open","ping_status":"open","sticky":false,"template":"","format":"standard","meta":{"_acf_changed":false,"footnotes":""},"categories":[117],"tags":[],"class_list":["post-738","post","type-post","status-publish","format-standard","hentry","category-teologi"],"acf":[],"yoast_head":"<!-- This site is optimized with the Yoast SEO plugin v27.1.1 - https:\/\/yoast.com\/product\/yoast-seo-wordpress\/ -->\n<title>Saker &quot;alla vet&quot; om kristen tro IV: Gubben p\u00e5 molnet - Vandra V\u00e4gen<\/title>\n<meta name=\"robots\" content=\"index, follow, max-snippet:-1, max-image-preview:large, max-video-preview:-1\" \/>\n<link rel=\"canonical\" href=\"https:\/\/blogg.svenskakyrkan.se\/vandravagen\/2013\/01\/30\/saker-alla-vet-om-kristen-tro-iv-gubben-pa-molnet\/\" \/>\n<meta property=\"og:locale\" content=\"sv_SE\" \/>\n<meta property=\"og:type\" content=\"article\" \/>\n<meta property=\"og:title\" content=\"Saker &quot;alla vet&quot; om kristen tro IV: Gubben p\u00e5 molnet - Vandra V\u00e4gen\" \/>\n<meta property=\"og:description\" content=\"Michelangelos m\u00e5lning av Gud. En sk\u00e4ggig man bland molnen. En sak som verkar vara en \u00f6msesidig f\u00f6rdom mellan kyrkliga representanter och &#8221;vanligt folk&#8221; \u00e4r att den andra gruppen tror p\u00e5 en naiv gudsbild. Som skolad teolog tror man visst l\u00e4tt att andra har en ogenomt\u00e4nkt gudsbild. Exemplet som alltid dyker upp \u00e4r att Gud \u00e4r [&hellip;]\" \/>\n<meta property=\"og:url\" content=\"https:\/\/blogg.svenskakyrkan.se\/vandravagen\/2013\/01\/30\/saker-alla-vet-om-kristen-tro-iv-gubben-pa-molnet\/\" \/>\n<meta property=\"og:site_name\" content=\"Vandra V\u00e4gen\" \/>\n<meta property=\"article:publisher\" content=\"http:\/\/facebook.com\/vandravagen\" \/>\n<meta property=\"article:published_time\" content=\"2013-01-30T08:43:00+00:00\" \/>\n<meta property=\"og:image\" content=\"http:\/\/upload.wikimedia.org\/wikipedia\/commons\/thumb\/d\/d0\/Creation_of_the_Sun_and_Moon_face_detail.jpg\/250px-Creation_of_the_Sun_and_Moon_face_detail.jpg\" \/>\n<meta name=\"author\" content=\"Tomas Jarvid\" \/>\n<meta name=\"twitter:card\" content=\"summary_large_image\" \/>\n<meta name=\"twitter:creator\" content=\"@fadertomas\" \/>\n<meta name=\"twitter:site\" content=\"@fadertomas\" \/>\n<meta name=\"twitter:label1\" content=\"Skriven av\" \/>\n\t<meta name=\"twitter:data1\" content=\"Tomas Jarvid\" \/>\n\t<meta name=\"twitter:label2\" content=\"Ber\u00e4knad l\u00e4stid\" \/>\n\t<meta name=\"twitter:data2\" content=\"3 minuter\" \/>\n<script type=\"application\/ld+json\" class=\"yoast-schema-graph\">{\"@context\":\"https:\/\/schema.org\",\"@graph\":[{\"@type\":\"Article\",\"@id\":\"https:\/\/blogg.svenskakyrkan.se\/vandravagen\/2013\/01\/30\/saker-alla-vet-om-kristen-tro-iv-gubben-pa-molnet\/#article\",\"isPartOf\":{\"@id\":\"https:\/\/blogg.svenskakyrkan.se\/vandravagen\/2013\/01\/30\/saker-alla-vet-om-kristen-tro-iv-gubben-pa-molnet\/\"},\"author\":{\"name\":\"Tomas Jarvid\",\"@id\":\"https:\/\/blogg.svenskakyrkan.se\/vandravagen\/#\/schema\/person\/25da02d4f76b137d04291711e2c9fc16\"},\"headline\":\"Saker &quot;alla vet&quot; om kristen tro IV: Gubben p\u00e5 molnet\",\"datePublished\":\"2013-01-30T08:43:00+00:00\",\"mainEntityOfPage\":{\"@id\":\"https:\/\/blogg.svenskakyrkan.se\/vandravagen\/2013\/01\/30\/saker-alla-vet-om-kristen-tro-iv-gubben-pa-molnet\/\"},\"wordCount\":654,\"commentCount\":3,\"publisher\":{\"@id\":\"https:\/\/blogg.svenskakyrkan.se\/vandravagen\/#organization\"},\"image\":{\"@id\":\"https:\/\/blogg.svenskakyrkan.se\/vandravagen\/2013\/01\/30\/saker-alla-vet-om-kristen-tro-iv-gubben-pa-molnet\/#primaryimage\"},\"thumbnailUrl\":\"http:\/\/upload.wikimedia.org\/wikipedia\/commons\/thumb\/d\/d0\/Creation_of_the_Sun_and_Moon_face_detail.jpg\/250px-Creation_of_the_Sun_and_Moon_face_detail.jpg\",\"articleSection\":[\"Teologi\"],\"inLanguage\":\"sv-SE\",\"potentialAction\":[{\"@type\":\"CommentAction\",\"name\":\"Comment\",\"target\":[\"https:\/\/blogg.svenskakyrkan.se\/vandravagen\/2013\/01\/30\/saker-alla-vet-om-kristen-tro-iv-gubben-pa-molnet\/#respond\"]}]},{\"@type\":\"WebPage\",\"@id\":\"https:\/\/blogg.svenskakyrkan.se\/vandravagen\/2013\/01\/30\/saker-alla-vet-om-kristen-tro-iv-gubben-pa-molnet\/\",\"url\":\"https:\/\/blogg.svenskakyrkan.se\/vandravagen\/2013\/01\/30\/saker-alla-vet-om-kristen-tro-iv-gubben-pa-molnet\/\",\"name\":\"Saker &quot;alla vet&quot; om kristen tro IV: Gubben p\u00e5 molnet - Vandra V\u00e4gen\",\"isPartOf\":{\"@id\":\"https:\/\/blogg.svenskakyrkan.se\/vandravagen\/#website\"},\"primaryImageOfPage\":{\"@id\":\"https:\/\/blogg.svenskakyrkan.se\/vandravagen\/2013\/01\/30\/saker-alla-vet-om-kristen-tro-iv-gubben-pa-molnet\/#primaryimage\"},\"image\":{\"@id\":\"https:\/\/blogg.svenskakyrkan.se\/vandravagen\/2013\/01\/30\/saker-alla-vet-om-kristen-tro-iv-gubben-pa-molnet\/#primaryimage\"},\"thumbnailUrl\":\"http:\/\/upload.wikimedia.org\/wikipedia\/commons\/thumb\/d\/d0\/Creation_of_the_Sun_and_Moon_face_detail.jpg\/250px-Creation_of_the_Sun_and_Moon_face_detail.jpg\",\"datePublished\":\"2013-01-30T08:43:00+00:00\",\"breadcrumb\":{\"@id\":\"https:\/\/blogg.svenskakyrkan.se\/vandravagen\/2013\/01\/30\/saker-alla-vet-om-kristen-tro-iv-gubben-pa-molnet\/#breadcrumb\"},\"inLanguage\":\"sv-SE\",\"potentialAction\":[{\"@type\":\"ReadAction\",\"target\":[\"https:\/\/blogg.svenskakyrkan.se\/vandravagen\/2013\/01\/30\/saker-alla-vet-om-kristen-tro-iv-gubben-pa-molnet\/\"]}]},{\"@type\":\"ImageObject\",\"inLanguage\":\"sv-SE\",\"@id\":\"https:\/\/blogg.svenskakyrkan.se\/vandravagen\/2013\/01\/30\/saker-alla-vet-om-kristen-tro-iv-gubben-pa-molnet\/#primaryimage\",\"url\":\"http:\/\/upload.wikimedia.org\/wikipedia\/commons\/thumb\/d\/d0\/Creation_of_the_Sun_and_Moon_face_detail.jpg\/250px-Creation_of_the_Sun_and_Moon_face_detail.jpg\",\"contentUrl\":\"http:\/\/upload.wikimedia.org\/wikipedia\/commons\/thumb\/d\/d0\/Creation_of_the_Sun_and_Moon_face_detail.jpg\/250px-Creation_of_the_Sun_and_Moon_face_detail.jpg\"},{\"@type\":\"BreadcrumbList\",\"@id\":\"https:\/\/blogg.svenskakyrkan.se\/vandravagen\/2013\/01\/30\/saker-alla-vet-om-kristen-tro-iv-gubben-pa-molnet\/#breadcrumb\",\"itemListElement\":[{\"@type\":\"ListItem\",\"position\":1,\"name\":\"Hem\",\"item\":\"https:\/\/blogg.svenskakyrkan.se\/vandravagen\/\"},{\"@type\":\"ListItem\",\"position\":2,\"name\":\"Saker &quot;alla vet&quot; om kristen tro IV: Gubben p\u00e5 molnet\"}]},{\"@type\":\"WebSite\",\"@id\":\"https:\/\/blogg.svenskakyrkan.se\/vandravagen\/#website\",\"url\":\"https:\/\/blogg.svenskakyrkan.se\/vandravagen\/\",\"name\":\"Vandra V\u00e4gen\",\"description\":\"-Mot en tro f\u00f6r hela livet\",\"publisher\":{\"@id\":\"https:\/\/blogg.svenskakyrkan.se\/vandravagen\/#organization\"},\"potentialAction\":[{\"@type\":\"SearchAction\",\"target\":{\"@type\":\"EntryPoint\",\"urlTemplate\":\"https:\/\/blogg.svenskakyrkan.se\/vandravagen\/?s={search_term_string}\"},\"query-input\":{\"@type\":\"PropertyValueSpecification\",\"valueRequired\":true,\"valueName\":\"search_term_string\"}}],\"inLanguage\":\"sv-SE\"},{\"@type\":\"Organization\",\"@id\":\"https:\/\/blogg.svenskakyrkan.se\/vandravagen\/#organization\",\"name\":\"ulricehamns pastorat\",\"alternateName\":\"ulricehamns pastorat\",\"url\":\"https:\/\/blogg.svenskakyrkan.se\/vandravagen\/\",\"logo\":{\"@type\":\"ImageObject\",\"inLanguage\":\"sv-SE\",\"@id\":\"https:\/\/blogg.svenskakyrkan.se\/vandravagen\/#\/schema\/logo\/image\/\",\"url\":\"https:\/\/blogg.svenskakyrkan.se\/vandravagen\/files\/2023\/05\/Ulr_logo_RGB.png\",\"contentUrl\":\"https:\/\/blogg.svenskakyrkan.se\/vandravagen\/files\/2023\/05\/Ulr_logo_RGB.png\",\"width\":205,\"height\":77,\"caption\":\"ulricehamns pastorat\"},\"image\":{\"@id\":\"https:\/\/blogg.svenskakyrkan.se\/vandravagen\/#\/schema\/logo\/image\/\"},\"sameAs\":[\"http:\/\/facebook.com\/vandravagen\",\"https:\/\/x.com\/fadertomas\",\"http:\/\/www.facebook.com\/svenskakyrkaniulricehamn\"]},{\"@type\":\"Person\",\"@id\":\"https:\/\/blogg.svenskakyrkan.se\/vandravagen\/#\/schema\/person\/25da02d4f76b137d04291711e2c9fc16\",\"name\":\"Tomas Jarvid\",\"image\":{\"@type\":\"ImageObject\",\"inLanguage\":\"sv-SE\",\"@id\":\"https:\/\/blogg.svenskakyrkan.se\/vandravagen\/#\/schema\/person\/image\/\",\"url\":\"https:\/\/secure.gravatar.com\/avatar\/7fa71899795e8f540f615a1f5ab25255dc27aa40f05ee7ddd21aac521e01bf50?s=96&d=identicon&r=g\",\"contentUrl\":\"https:\/\/secure.gravatar.com\/avatar\/7fa71899795e8f540f615a1f5ab25255dc27aa40f05ee7ddd21aac521e01bf50?s=96&d=identicon&r=g\",\"caption\":\"Tomas Jarvid\"},\"description\":\"Jag bor i Ulricehamn i V\u00e4sterg\u00f6tland och \u00e4r f\u00f6rsamlingspr\u00e4st i Svenska Kyrkan f\u00f6r Dalstorps f\u00f6rsamling i Kinds pastorat. P\u00e5 den h\u00e4r bloggen skriver jag ner tankar om vandringen som kristen.\",\"sameAs\":[\"http:\/\/www.vandravagen.se\"],\"url\":\"https:\/\/blogg.svenskakyrkan.se\/vandravagen\/author\/vandravagen\/\"}]}<\/script>\n<!-- \/ Yoast SEO plugin. -->","yoast_head_json":{"title":"Saker &quot;alla vet&quot; om kristen tro IV: Gubben p\u00e5 molnet - Vandra V\u00e4gen","robots":{"index":"index","follow":"follow","max-snippet":"max-snippet:-1","max-image-preview":"max-image-preview:large","max-video-preview":"max-video-preview:-1"},"canonical":"https:\/\/blogg.svenskakyrkan.se\/vandravagen\/2013\/01\/30\/saker-alla-vet-om-kristen-tro-iv-gubben-pa-molnet\/","og_locale":"sv_SE","og_type":"article","og_title":"Saker &quot;alla vet&quot; om kristen tro IV: Gubben p\u00e5 molnet - Vandra V\u00e4gen","og_description":"Michelangelos m\u00e5lning av Gud. En sk\u00e4ggig man bland molnen. En sak som verkar vara en \u00f6msesidig f\u00f6rdom mellan kyrkliga representanter och &#8221;vanligt folk&#8221; \u00e4r att den andra gruppen tror p\u00e5 en naiv gudsbild. Som skolad teolog tror man visst l\u00e4tt att andra har en ogenomt\u00e4nkt gudsbild. Exemplet som alltid dyker upp \u00e4r att Gud \u00e4r [&hellip;]","og_url":"https:\/\/blogg.svenskakyrkan.se\/vandravagen\/2013\/01\/30\/saker-alla-vet-om-kristen-tro-iv-gubben-pa-molnet\/","og_site_name":"Vandra V\u00e4gen","article_publisher":"http:\/\/facebook.com\/vandravagen","article_published_time":"2013-01-30T08:43:00+00:00","og_image":[{"url":"http:\/\/upload.wikimedia.org\/wikipedia\/commons\/thumb\/d\/d0\/Creation_of_the_Sun_and_Moon_face_detail.jpg\/250px-Creation_of_the_Sun_and_Moon_face_detail.jpg","type":"","width":"","height":""}],"author":"Tomas Jarvid","twitter_card":"summary_large_image","twitter_creator":"@fadertomas","twitter_site":"@fadertomas","twitter_misc":{"Skriven av":"Tomas Jarvid","Ber\u00e4knad l\u00e4stid":"3 minuter"},"schema":{"@context":"https:\/\/schema.org","@graph":[{"@type":"Article","@id":"https:\/\/blogg.svenskakyrkan.se\/vandravagen\/2013\/01\/30\/saker-alla-vet-om-kristen-tro-iv-gubben-pa-molnet\/#article","isPartOf":{"@id":"https:\/\/blogg.svenskakyrkan.se\/vandravagen\/2013\/01\/30\/saker-alla-vet-om-kristen-tro-iv-gubben-pa-molnet\/"},"author":{"name":"Tomas Jarvid","@id":"https:\/\/blogg.svenskakyrkan.se\/vandravagen\/#\/schema\/person\/25da02d4f76b137d04291711e2c9fc16"},"headline":"Saker &quot;alla vet&quot; om kristen tro IV: Gubben p\u00e5 molnet","datePublished":"2013-01-30T08:43:00+00:00","mainEntityOfPage":{"@id":"https:\/\/blogg.svenskakyrkan.se\/vandravagen\/2013\/01\/30\/saker-alla-vet-om-kristen-tro-iv-gubben-pa-molnet\/"},"wordCount":654,"commentCount":3,"publisher":{"@id":"https:\/\/blogg.svenskakyrkan.se\/vandravagen\/#organization"},"image":{"@id":"https:\/\/blogg.svenskakyrkan.se\/vandravagen\/2013\/01\/30\/saker-alla-vet-om-kristen-tro-iv-gubben-pa-molnet\/#primaryimage"},"thumbnailUrl":"http:\/\/upload.wikimedia.org\/wikipedia\/commons\/thumb\/d\/d0\/Creation_of_the_Sun_and_Moon_face_detail.jpg\/250px-Creation_of_the_Sun_and_Moon_face_detail.jpg","articleSection":["Teologi"],"inLanguage":"sv-SE","potentialAction":[{"@type":"CommentAction","name":"Comment","target":["https:\/\/blogg.svenskakyrkan.se\/vandravagen\/2013\/01\/30\/saker-alla-vet-om-kristen-tro-iv-gubben-pa-molnet\/#respond"]}]},{"@type":"WebPage","@id":"https:\/\/blogg.svenskakyrkan.se\/vandravagen\/2013\/01\/30\/saker-alla-vet-om-kristen-tro-iv-gubben-pa-molnet\/","url":"https:\/\/blogg.svenskakyrkan.se\/vandravagen\/2013\/01\/30\/saker-alla-vet-om-kristen-tro-iv-gubben-pa-molnet\/","name":"Saker &quot;alla vet&quot; om kristen tro IV: Gubben p\u00e5 molnet - Vandra V\u00e4gen","isPartOf":{"@id":"https:\/\/blogg.svenskakyrkan.se\/vandravagen\/#website"},"primaryImageOfPage":{"@id":"https:\/\/blogg.svenskakyrkan.se\/vandravagen\/2013\/01\/30\/saker-alla-vet-om-kristen-tro-iv-gubben-pa-molnet\/#primaryimage"},"image":{"@id":"https:\/\/blogg.svenskakyrkan.se\/vandravagen\/2013\/01\/30\/saker-alla-vet-om-kristen-tro-iv-gubben-pa-molnet\/#primaryimage"},"thumbnailUrl":"http:\/\/upload.wikimedia.org\/wikipedia\/commons\/thumb\/d\/d0\/Creation_of_the_Sun_and_Moon_face_detail.jpg\/250px-Creation_of_the_Sun_and_Moon_face_detail.jpg","datePublished":"2013-01-30T08:43:00+00:00","breadcrumb":{"@id":"https:\/\/blogg.svenskakyrkan.se\/vandravagen\/2013\/01\/30\/saker-alla-vet-om-kristen-tro-iv-gubben-pa-molnet\/#breadcrumb"},"inLanguage":"sv-SE","potentialAction":[{"@type":"ReadAction","target":["https:\/\/blogg.svenskakyrkan.se\/vandravagen\/2013\/01\/30\/saker-alla-vet-om-kristen-tro-iv-gubben-pa-molnet\/"]}]},{"@type":"ImageObject","inLanguage":"sv-SE","@id":"https:\/\/blogg.svenskakyrkan.se\/vandravagen\/2013\/01\/30\/saker-alla-vet-om-kristen-tro-iv-gubben-pa-molnet\/#primaryimage","url":"http:\/\/upload.wikimedia.org\/wikipedia\/commons\/thumb\/d\/d0\/Creation_of_the_Sun_and_Moon_face_detail.jpg\/250px-Creation_of_the_Sun_and_Moon_face_detail.jpg","contentUrl":"http:\/\/upload.wikimedia.org\/wikipedia\/commons\/thumb\/d\/d0\/Creation_of_the_Sun_and_Moon_face_detail.jpg\/250px-Creation_of_the_Sun_and_Moon_face_detail.jpg"},{"@type":"BreadcrumbList","@id":"https:\/\/blogg.svenskakyrkan.se\/vandravagen\/2013\/01\/30\/saker-alla-vet-om-kristen-tro-iv-gubben-pa-molnet\/#breadcrumb","itemListElement":[{"@type":"ListItem","position":1,"name":"Hem","item":"https:\/\/blogg.svenskakyrkan.se\/vandravagen\/"},{"@type":"ListItem","position":2,"name":"Saker &quot;alla vet&quot; om kristen tro IV: Gubben p\u00e5 molnet"}]},{"@type":"WebSite","@id":"https:\/\/blogg.svenskakyrkan.se\/vandravagen\/#website","url":"https:\/\/blogg.svenskakyrkan.se\/vandravagen\/","name":"Vandra V\u00e4gen","description":"-Mot en tro f\u00f6r hela livet","publisher":{"@id":"https:\/\/blogg.svenskakyrkan.se\/vandravagen\/#organization"},"potentialAction":[{"@type":"SearchAction","target":{"@type":"EntryPoint","urlTemplate":"https:\/\/blogg.svenskakyrkan.se\/vandravagen\/?s={search_term_string}"},"query-input":{"@type":"PropertyValueSpecification","valueRequired":true,"valueName":"search_term_string"}}],"inLanguage":"sv-SE"},{"@type":"Organization","@id":"https:\/\/blogg.svenskakyrkan.se\/vandravagen\/#organization","name":"ulricehamns pastorat","alternateName":"ulricehamns pastorat","url":"https:\/\/blogg.svenskakyrkan.se\/vandravagen\/","logo":{"@type":"ImageObject","inLanguage":"sv-SE","@id":"https:\/\/blogg.svenskakyrkan.se\/vandravagen\/#\/schema\/logo\/image\/","url":"https:\/\/blogg.svenskakyrkan.se\/vandravagen\/files\/2023\/05\/Ulr_logo_RGB.png","contentUrl":"https:\/\/blogg.svenskakyrkan.se\/vandravagen\/files\/2023\/05\/Ulr_logo_RGB.png","width":205,"height":77,"caption":"ulricehamns pastorat"},"image":{"@id":"https:\/\/blogg.svenskakyrkan.se\/vandravagen\/#\/schema\/logo\/image\/"},"sameAs":["http:\/\/facebook.com\/vandravagen","https:\/\/x.com\/fadertomas","http:\/\/www.facebook.com\/svenskakyrkaniulricehamn"]},{"@type":"Person","@id":"https:\/\/blogg.svenskakyrkan.se\/vandravagen\/#\/schema\/person\/25da02d4f76b137d04291711e2c9fc16","name":"Tomas Jarvid","image":{"@type":"ImageObject","inLanguage":"sv-SE","@id":"https:\/\/blogg.svenskakyrkan.se\/vandravagen\/#\/schema\/person\/image\/","url":"https:\/\/secure.gravatar.com\/avatar\/7fa71899795e8f540f615a1f5ab25255dc27aa40f05ee7ddd21aac521e01bf50?s=96&d=identicon&r=g","contentUrl":"https:\/\/secure.gravatar.com\/avatar\/7fa71899795e8f540f615a1f5ab25255dc27aa40f05ee7ddd21aac521e01bf50?s=96&d=identicon&r=g","caption":"Tomas Jarvid"},"description":"Jag bor i Ulricehamn i V\u00e4sterg\u00f6tland och \u00e4r f\u00f6rsamlingspr\u00e4st i Svenska Kyrkan f\u00f6r Dalstorps f\u00f6rsamling i Kinds pastorat. P\u00e5 den h\u00e4r bloggen skriver jag ner tankar om vandringen som kristen.","sameAs":["http:\/\/www.vandravagen.se"],"url":"https:\/\/blogg.svenskakyrkan.se\/vandravagen\/author\/vandravagen\/"}]}},"author_meta":{"ID":"392","user_nicename":"vandravagen","user_url":"http:\/\/www.vandravagen.se","user_registered":"2014-05-19 05:44:52","display_name":"Tomas Jarvid","first_name":"Tomas","last_name":"Jarvid","avatar":"https:\/\/secure.gravatar.com\/avatar\/7fa71899795e8f540f615a1f5ab25255dc27aa40f05ee7ddd21aac521e01bf50?s=96&d=identicon&r=g"},"featured_image":false,"bloginfo":{"name":"Vandra V\u00e4gen","url":"https:\/\/blogg.svenskakyrkan.se\/vandravagen"},"_links":{"self":[{"href":"https:\/\/blogg.svenskakyrkan.se\/vandravagen\/wp-json\/wp\/v2\/posts\/738","targetHints":{"allow":["GET"]}}],"collection":[{"href":"https:\/\/blogg.svenskakyrkan.se\/vandravagen\/wp-json\/wp\/v2\/posts"}],"about":[{"href":"https:\/\/blogg.svenskakyrkan.se\/vandravagen\/wp-json\/wp\/v2\/types\/post"}],"author":[{"embeddable":true,"href":"https:\/\/blogg.svenskakyrkan.se\/vandravagen\/wp-json\/wp\/v2\/users\/392"}],"replies":[{"embeddable":true,"href":"https:\/\/blogg.svenskakyrkan.se\/vandravagen\/wp-json\/wp\/v2\/comments?post=738"}],"version-history":[{"count":0,"href":"https:\/\/blogg.svenskakyrkan.se\/vandravagen\/wp-json\/wp\/v2\/posts\/738\/revisions"}],"wp:attachment":[{"href":"https:\/\/blogg.svenskakyrkan.se\/vandravagen\/wp-json\/wp\/v2\/media?parent=738"}],"wp:term":[{"taxonomy":"category","embeddable":true,"href":"https:\/\/blogg.svenskakyrkan.se\/vandravagen\/wp-json\/wp\/v2\/categories?post=738"},{"taxonomy":"post_tag","embeddable":true,"href":"https:\/\/blogg.svenskakyrkan.se\/vandravagen\/wp-json\/wp\/v2\/tags?post=738"}],"curies":[{"name":"wp","href":"https:\/\/api.w.org\/{rel}","templated":true}]}}