{"id":74,"date":"2014-04-18T06:59:00","date_gmt":"2014-04-18T04:59:00","guid":{"rendered":"http:\/\/blogg.svenskakyrkan.se\/vandravagen\/2014\/04\/18\/en-urgammal-langfredagshymn\/"},"modified":"2014-04-18T06:59:00","modified_gmt":"2014-04-18T04:59:00","slug":"en-urgammal-langfredagshymn","status":"publish","type":"post","link":"https:\/\/blogg.svenskakyrkan.se\/vandravagen\/2014\/04\/18\/en-urgammal-langfredagshymn\/","title":{"rendered":"En urgammal l\u00e5ngfredagshymn"},"content":{"rendered":"<table align=\"center\" cellpadding=\"0\" cellspacing=\"0\">\n<tbody>\n<tr>\n<td><a href=\"http:\/\/3.bp.blogspot.com\/--9OdPRpvGSg\/U1Cw-0a2vYI\/AAAAAAAAHVs\/QTny0QFhlsw\/s1600\/naket+kors+ska%CC%88lvum.jpg\"><img loading=\"lazy\" decoding=\"async\" border=\"0\" src=\"http:\/\/3.bp.blogspot.com\/--9OdPRpvGSg\/U1Cw-0a2vYI\/AAAAAAAAHVs\/QTny0QFhlsw\/s1600\/naket+kors+ska%CC%88lvum.jpg\" height=\"640\" width=\"426\"><\/a><\/td>\n<\/tr>\n<tr>\n<td>Kristus p\u00e5 korset.\u00a0<\/td>\n<\/tr>\n<\/tbody>\n<\/table>\n<div>Du har druckit gallan<\/div>\n<div>f\u00f6r att g\u00f6ra oss fria fr\u00e5n bitterhet.<\/div>\n<div><\/div>\n<div>Du har druckit \u00e4ttiksvinet<\/div>\n<div>f\u00f6r att ta bort v\u00e5r tr\u00f6ghet.<\/div>\n<div><\/div>\n<div>Du blev h\u00e5nad<\/div>\n<div>f\u00f6r att best\u00e4nka oss med himmelsk dagg.<\/div>\n<div><\/div>\n<div>Du blev slagen med k\u00e4ppar<\/div>\n<div>f\u00f6r att kunna ge v\u00e5rt f\u00f6rg\u00e4ngliga v\u00e4sen evigt liv.<\/div>\n<div><\/div>\n<div>Du blev kr\u00f6nt med t\u00f6rne<\/div>\n<div>f\u00f6r att kunna kr\u00f6na dina troende<\/div>\n<div>med k\u00e4rlekens alltid gr\u00f6nskande kransar.<\/div>\n<div><\/div>\n<div>Du blev lagd i graven<\/div>\n<div>f\u00f6r att kunna ge oss del i nyskapelsens n\u00e5d<\/div>\n<div>nu och i kommande tids\u00e5ldrar.<\/div>\n<div><\/div>\n<div><\/div>\n<div><\/div>\n<div>(Ur liturgi fr\u00e5n 200-300-talet)<\/div>\n","protected":false},"excerpt":{"rendered":"<p>Kristus p\u00e5 korset.\u00a0 Du har druckit gallan f\u00f6r att g\u00f6ra oss fria fr\u00e5n bitterhet. Du har druckit \u00e4ttiksvinet f\u00f6r att ta bort v\u00e5r tr\u00f6ghet. Du blev h\u00e5nad f\u00f6r att best\u00e4nka oss med himmelsk dagg. Du blev slagen med k\u00e4ppar f\u00f6r att kunna ge v\u00e5rt f\u00f6rg\u00e4ngliga v\u00e4sen evigt liv. Du blev kr\u00f6nt med t\u00f6rne f\u00f6r att [&hellip;]<\/p>\n","protected":false},"author":392,"featured_media":0,"comment_status":"open","ping_status":"open","sticky":false,"template":"","format":"standard","meta":{"_acf_changed":false,"footnotes":""},"categories":[35,76189,8252],"tags":[],"class_list":["post-74","post","type-post","status-publish","format-standard","hentry","category-bon","category-dagens-kyrka","category-kyrkoaret"],"acf":[],"yoast_head":"<!-- This site is optimized with the Yoast SEO plugin v27.1.1 - https:\/\/yoast.com\/product\/yoast-seo-wordpress\/ -->\n<title>En urgammal l\u00e5ngfredagshymn - Vandra V\u00e4gen<\/title>\n<meta name=\"robots\" content=\"index, follow, max-snippet:-1, max-image-preview:large, max-video-preview:-1\" \/>\n<link rel=\"canonical\" href=\"https:\/\/blogg.svenskakyrkan.se\/vandravagen\/2014\/04\/18\/en-urgammal-langfredagshymn\/\" \/>\n<meta property=\"og:locale\" content=\"sv_SE\" \/>\n<meta property=\"og:type\" content=\"article\" \/>\n<meta property=\"og:title\" content=\"En urgammal l\u00e5ngfredagshymn - Vandra V\u00e4gen\" \/>\n<meta property=\"og:description\" content=\"Kristus p\u00e5 korset.\u00a0 Du har druckit gallan f\u00f6r att g\u00f6ra oss fria fr\u00e5n bitterhet. Du har druckit \u00e4ttiksvinet f\u00f6r att ta bort v\u00e5r tr\u00f6ghet. Du blev h\u00e5nad f\u00f6r att best\u00e4nka oss med himmelsk dagg. Du blev slagen med k\u00e4ppar f\u00f6r att kunna ge v\u00e5rt f\u00f6rg\u00e4ngliga v\u00e4sen evigt liv. Du blev kr\u00f6nt med t\u00f6rne f\u00f6r att [&hellip;]\" \/>\n<meta property=\"og:url\" content=\"https:\/\/blogg.svenskakyrkan.se\/vandravagen\/2014\/04\/18\/en-urgammal-langfredagshymn\/\" \/>\n<meta property=\"og:site_name\" content=\"Vandra V\u00e4gen\" \/>\n<meta property=\"article:publisher\" content=\"http:\/\/facebook.com\/vandravagen\" \/>\n<meta property=\"article:published_time\" content=\"2014-04-18T04:59:00+00:00\" \/>\n<meta property=\"og:image\" content=\"http:\/\/3.bp.blogspot.com\/--9OdPRpvGSg\/U1Cw-0a2vYI\/AAAAAAAAHVs\/QTny0QFhlsw\/s1600\/naket+kors+ska%CC%88lvum.jpg\" \/>\n<meta name=\"author\" content=\"Tomas Jarvid\" \/>\n<meta name=\"twitter:card\" content=\"summary_large_image\" \/>\n<meta name=\"twitter:creator\" content=\"@fadertomas\" \/>\n<meta name=\"twitter:site\" content=\"@fadertomas\" \/>\n<meta name=\"twitter:label1\" content=\"Skriven av\" \/>\n\t<meta name=\"twitter:data1\" content=\"Tomas Jarvid\" \/>\n\t<meta name=\"twitter:label2\" content=\"Ber\u00e4knad l\u00e4stid\" \/>\n\t<meta name=\"twitter:data2\" content=\"1 minut\" \/>\n<script type=\"application\/ld+json\" class=\"yoast-schema-graph\">{\"@context\":\"https:\/\/schema.org\",\"@graph\":[{\"@type\":\"Article\",\"@id\":\"https:\/\/blogg.svenskakyrkan.se\/vandravagen\/2014\/04\/18\/en-urgammal-langfredagshymn\/#article\",\"isPartOf\":{\"@id\":\"https:\/\/blogg.svenskakyrkan.se\/vandravagen\/2014\/04\/18\/en-urgammal-langfredagshymn\/\"},\"author\":{\"name\":\"Tomas Jarvid\",\"@id\":\"https:\/\/blogg.svenskakyrkan.se\/vandravagen\/#\/schema\/person\/25da02d4f76b137d04291711e2c9fc16\"},\"headline\":\"En urgammal l\u00e5ngfredagshymn\",\"datePublished\":\"2014-04-18T04:59:00+00:00\",\"mainEntityOfPage\":{\"@id\":\"https:\/\/blogg.svenskakyrkan.se\/vandravagen\/2014\/04\/18\/en-urgammal-langfredagshymn\/\"},\"wordCount\":117,\"commentCount\":0,\"publisher\":{\"@id\":\"https:\/\/blogg.svenskakyrkan.se\/vandravagen\/#organization\"},\"image\":{\"@id\":\"https:\/\/blogg.svenskakyrkan.se\/vandravagen\/2014\/04\/18\/en-urgammal-langfredagshymn\/#primaryimage\"},\"thumbnailUrl\":\"http:\/\/3.bp.blogspot.com\/--9OdPRpvGSg\/U1Cw-0a2vYI\/AAAAAAAAHVs\/QTny0QFhlsw\/s1600\/naket+kors+ska%CC%88lvum.jpg\",\"articleSection\":[\"b\u00f6n\",\"Dagens Kyrka\",\"kyrko\u00e5ret\"],\"inLanguage\":\"sv-SE\",\"potentialAction\":[{\"@type\":\"CommentAction\",\"name\":\"Comment\",\"target\":[\"https:\/\/blogg.svenskakyrkan.se\/vandravagen\/2014\/04\/18\/en-urgammal-langfredagshymn\/#respond\"]}]},{\"@type\":\"WebPage\",\"@id\":\"https:\/\/blogg.svenskakyrkan.se\/vandravagen\/2014\/04\/18\/en-urgammal-langfredagshymn\/\",\"url\":\"https:\/\/blogg.svenskakyrkan.se\/vandravagen\/2014\/04\/18\/en-urgammal-langfredagshymn\/\",\"name\":\"En urgammal l\u00e5ngfredagshymn - Vandra V\u00e4gen\",\"isPartOf\":{\"@id\":\"https:\/\/blogg.svenskakyrkan.se\/vandravagen\/#website\"},\"primaryImageOfPage\":{\"@id\":\"https:\/\/blogg.svenskakyrkan.se\/vandravagen\/2014\/04\/18\/en-urgammal-langfredagshymn\/#primaryimage\"},\"image\":{\"@id\":\"https:\/\/blogg.svenskakyrkan.se\/vandravagen\/2014\/04\/18\/en-urgammal-langfredagshymn\/#primaryimage\"},\"thumbnailUrl\":\"http:\/\/3.bp.blogspot.com\/--9OdPRpvGSg\/U1Cw-0a2vYI\/AAAAAAAAHVs\/QTny0QFhlsw\/s1600\/naket+kors+ska%CC%88lvum.jpg\",\"datePublished\":\"2014-04-18T04:59:00+00:00\",\"breadcrumb\":{\"@id\":\"https:\/\/blogg.svenskakyrkan.se\/vandravagen\/2014\/04\/18\/en-urgammal-langfredagshymn\/#breadcrumb\"},\"inLanguage\":\"sv-SE\",\"potentialAction\":[{\"@type\":\"ReadAction\",\"target\":[\"https:\/\/blogg.svenskakyrkan.se\/vandravagen\/2014\/04\/18\/en-urgammal-langfredagshymn\/\"]}]},{\"@type\":\"ImageObject\",\"inLanguage\":\"sv-SE\",\"@id\":\"https:\/\/blogg.svenskakyrkan.se\/vandravagen\/2014\/04\/18\/en-urgammal-langfredagshymn\/#primaryimage\",\"url\":\"http:\/\/3.bp.blogspot.com\/--9OdPRpvGSg\/U1Cw-0a2vYI\/AAAAAAAAHVs\/QTny0QFhlsw\/s1600\/naket+kors+ska%CC%88lvum.jpg\",\"contentUrl\":\"http:\/\/3.bp.blogspot.com\/--9OdPRpvGSg\/U1Cw-0a2vYI\/AAAAAAAAHVs\/QTny0QFhlsw\/s1600\/naket+kors+ska%CC%88lvum.jpg\"},{\"@type\":\"BreadcrumbList\",\"@id\":\"https:\/\/blogg.svenskakyrkan.se\/vandravagen\/2014\/04\/18\/en-urgammal-langfredagshymn\/#breadcrumb\",\"itemListElement\":[{\"@type\":\"ListItem\",\"position\":1,\"name\":\"Hem\",\"item\":\"https:\/\/blogg.svenskakyrkan.se\/vandravagen\/\"},{\"@type\":\"ListItem\",\"position\":2,\"name\":\"En urgammal l\u00e5ngfredagshymn\"}]},{\"@type\":\"WebSite\",\"@id\":\"https:\/\/blogg.svenskakyrkan.se\/vandravagen\/#website\",\"url\":\"https:\/\/blogg.svenskakyrkan.se\/vandravagen\/\",\"name\":\"Vandra V\u00e4gen\",\"description\":\"-Mot en tro f\u00f6r hela livet\",\"publisher\":{\"@id\":\"https:\/\/blogg.svenskakyrkan.se\/vandravagen\/#organization\"},\"potentialAction\":[{\"@type\":\"SearchAction\",\"target\":{\"@type\":\"EntryPoint\",\"urlTemplate\":\"https:\/\/blogg.svenskakyrkan.se\/vandravagen\/?s={search_term_string}\"},\"query-input\":{\"@type\":\"PropertyValueSpecification\",\"valueRequired\":true,\"valueName\":\"search_term_string\"}}],\"inLanguage\":\"sv-SE\"},{\"@type\":\"Organization\",\"@id\":\"https:\/\/blogg.svenskakyrkan.se\/vandravagen\/#organization\",\"name\":\"ulricehamns pastorat\",\"alternateName\":\"ulricehamns pastorat\",\"url\":\"https:\/\/blogg.svenskakyrkan.se\/vandravagen\/\",\"logo\":{\"@type\":\"ImageObject\",\"inLanguage\":\"sv-SE\",\"@id\":\"https:\/\/blogg.svenskakyrkan.se\/vandravagen\/#\/schema\/logo\/image\/\",\"url\":\"https:\/\/blogg.svenskakyrkan.se\/vandravagen\/files\/2023\/05\/Ulr_logo_RGB.png\",\"contentUrl\":\"https:\/\/blogg.svenskakyrkan.se\/vandravagen\/files\/2023\/05\/Ulr_logo_RGB.png\",\"width\":205,\"height\":77,\"caption\":\"ulricehamns pastorat\"},\"image\":{\"@id\":\"https:\/\/blogg.svenskakyrkan.se\/vandravagen\/#\/schema\/logo\/image\/\"},\"sameAs\":[\"http:\/\/facebook.com\/vandravagen\",\"https:\/\/x.com\/fadertomas\",\"http:\/\/www.facebook.com\/svenskakyrkaniulricehamn\"]},{\"@type\":\"Person\",\"@id\":\"https:\/\/blogg.svenskakyrkan.se\/vandravagen\/#\/schema\/person\/25da02d4f76b137d04291711e2c9fc16\",\"name\":\"Tomas Jarvid\",\"image\":{\"@type\":\"ImageObject\",\"inLanguage\":\"sv-SE\",\"@id\":\"https:\/\/blogg.svenskakyrkan.se\/vandravagen\/#\/schema\/person\/image\/\",\"url\":\"https:\/\/secure.gravatar.com\/avatar\/7fa71899795e8f540f615a1f5ab25255dc27aa40f05ee7ddd21aac521e01bf50?s=96&d=identicon&r=g\",\"contentUrl\":\"https:\/\/secure.gravatar.com\/avatar\/7fa71899795e8f540f615a1f5ab25255dc27aa40f05ee7ddd21aac521e01bf50?s=96&d=identicon&r=g\",\"caption\":\"Tomas Jarvid\"},\"description\":\"Jag bor i Ulricehamn i V\u00e4sterg\u00f6tland och \u00e4r f\u00f6rsamlingspr\u00e4st i Svenska Kyrkan f\u00f6r Dalstorps f\u00f6rsamling i Kinds pastorat. P\u00e5 den h\u00e4r bloggen skriver jag ner tankar om vandringen som kristen.\",\"sameAs\":[\"http:\/\/www.vandravagen.se\"],\"url\":\"https:\/\/blogg.svenskakyrkan.se\/vandravagen\/author\/vandravagen\/\"}]}<\/script>\n<!-- \/ Yoast SEO plugin. -->","yoast_head_json":{"title":"En urgammal l\u00e5ngfredagshymn - Vandra V\u00e4gen","robots":{"index":"index","follow":"follow","max-snippet":"max-snippet:-1","max-image-preview":"max-image-preview:large","max-video-preview":"max-video-preview:-1"},"canonical":"https:\/\/blogg.svenskakyrkan.se\/vandravagen\/2014\/04\/18\/en-urgammal-langfredagshymn\/","og_locale":"sv_SE","og_type":"article","og_title":"En urgammal l\u00e5ngfredagshymn - Vandra V\u00e4gen","og_description":"Kristus p\u00e5 korset.\u00a0 Du har druckit gallan f\u00f6r att g\u00f6ra oss fria fr\u00e5n bitterhet. Du har druckit \u00e4ttiksvinet f\u00f6r att ta bort v\u00e5r tr\u00f6ghet. Du blev h\u00e5nad f\u00f6r att best\u00e4nka oss med himmelsk dagg. Du blev slagen med k\u00e4ppar f\u00f6r att kunna ge v\u00e5rt f\u00f6rg\u00e4ngliga v\u00e4sen evigt liv. Du blev kr\u00f6nt med t\u00f6rne f\u00f6r att [&hellip;]","og_url":"https:\/\/blogg.svenskakyrkan.se\/vandravagen\/2014\/04\/18\/en-urgammal-langfredagshymn\/","og_site_name":"Vandra V\u00e4gen","article_publisher":"http:\/\/facebook.com\/vandravagen","article_published_time":"2014-04-18T04:59:00+00:00","og_image":[{"url":"http:\/\/3.bp.blogspot.com\/--9OdPRpvGSg\/U1Cw-0a2vYI\/AAAAAAAAHVs\/QTny0QFhlsw\/s1600\/naket+kors+ska%CC%88lvum.jpg","type":"","width":"","height":""}],"author":"Tomas Jarvid","twitter_card":"summary_large_image","twitter_creator":"@fadertomas","twitter_site":"@fadertomas","twitter_misc":{"Skriven av":"Tomas Jarvid","Ber\u00e4knad l\u00e4stid":"1 minut"},"schema":{"@context":"https:\/\/schema.org","@graph":[{"@type":"Article","@id":"https:\/\/blogg.svenskakyrkan.se\/vandravagen\/2014\/04\/18\/en-urgammal-langfredagshymn\/#article","isPartOf":{"@id":"https:\/\/blogg.svenskakyrkan.se\/vandravagen\/2014\/04\/18\/en-urgammal-langfredagshymn\/"},"author":{"name":"Tomas Jarvid","@id":"https:\/\/blogg.svenskakyrkan.se\/vandravagen\/#\/schema\/person\/25da02d4f76b137d04291711e2c9fc16"},"headline":"En urgammal l\u00e5ngfredagshymn","datePublished":"2014-04-18T04:59:00+00:00","mainEntityOfPage":{"@id":"https:\/\/blogg.svenskakyrkan.se\/vandravagen\/2014\/04\/18\/en-urgammal-langfredagshymn\/"},"wordCount":117,"commentCount":0,"publisher":{"@id":"https:\/\/blogg.svenskakyrkan.se\/vandravagen\/#organization"},"image":{"@id":"https:\/\/blogg.svenskakyrkan.se\/vandravagen\/2014\/04\/18\/en-urgammal-langfredagshymn\/#primaryimage"},"thumbnailUrl":"http:\/\/3.bp.blogspot.com\/--9OdPRpvGSg\/U1Cw-0a2vYI\/AAAAAAAAHVs\/QTny0QFhlsw\/s1600\/naket+kors+ska%CC%88lvum.jpg","articleSection":["b\u00f6n","Dagens Kyrka","kyrko\u00e5ret"],"inLanguage":"sv-SE","potentialAction":[{"@type":"CommentAction","name":"Comment","target":["https:\/\/blogg.svenskakyrkan.se\/vandravagen\/2014\/04\/18\/en-urgammal-langfredagshymn\/#respond"]}]},{"@type":"WebPage","@id":"https:\/\/blogg.svenskakyrkan.se\/vandravagen\/2014\/04\/18\/en-urgammal-langfredagshymn\/","url":"https:\/\/blogg.svenskakyrkan.se\/vandravagen\/2014\/04\/18\/en-urgammal-langfredagshymn\/","name":"En urgammal l\u00e5ngfredagshymn - Vandra V\u00e4gen","isPartOf":{"@id":"https:\/\/blogg.svenskakyrkan.se\/vandravagen\/#website"},"primaryImageOfPage":{"@id":"https:\/\/blogg.svenskakyrkan.se\/vandravagen\/2014\/04\/18\/en-urgammal-langfredagshymn\/#primaryimage"},"image":{"@id":"https:\/\/blogg.svenskakyrkan.se\/vandravagen\/2014\/04\/18\/en-urgammal-langfredagshymn\/#primaryimage"},"thumbnailUrl":"http:\/\/3.bp.blogspot.com\/--9OdPRpvGSg\/U1Cw-0a2vYI\/AAAAAAAAHVs\/QTny0QFhlsw\/s1600\/naket+kors+ska%CC%88lvum.jpg","datePublished":"2014-04-18T04:59:00+00:00","breadcrumb":{"@id":"https:\/\/blogg.svenskakyrkan.se\/vandravagen\/2014\/04\/18\/en-urgammal-langfredagshymn\/#breadcrumb"},"inLanguage":"sv-SE","potentialAction":[{"@type":"ReadAction","target":["https:\/\/blogg.svenskakyrkan.se\/vandravagen\/2014\/04\/18\/en-urgammal-langfredagshymn\/"]}]},{"@type":"ImageObject","inLanguage":"sv-SE","@id":"https:\/\/blogg.svenskakyrkan.se\/vandravagen\/2014\/04\/18\/en-urgammal-langfredagshymn\/#primaryimage","url":"http:\/\/3.bp.blogspot.com\/--9OdPRpvGSg\/U1Cw-0a2vYI\/AAAAAAAAHVs\/QTny0QFhlsw\/s1600\/naket+kors+ska%CC%88lvum.jpg","contentUrl":"http:\/\/3.bp.blogspot.com\/--9OdPRpvGSg\/U1Cw-0a2vYI\/AAAAAAAAHVs\/QTny0QFhlsw\/s1600\/naket+kors+ska%CC%88lvum.jpg"},{"@type":"BreadcrumbList","@id":"https:\/\/blogg.svenskakyrkan.se\/vandravagen\/2014\/04\/18\/en-urgammal-langfredagshymn\/#breadcrumb","itemListElement":[{"@type":"ListItem","position":1,"name":"Hem","item":"https:\/\/blogg.svenskakyrkan.se\/vandravagen\/"},{"@type":"ListItem","position":2,"name":"En urgammal l\u00e5ngfredagshymn"}]},{"@type":"WebSite","@id":"https:\/\/blogg.svenskakyrkan.se\/vandravagen\/#website","url":"https:\/\/blogg.svenskakyrkan.se\/vandravagen\/","name":"Vandra V\u00e4gen","description":"-Mot en tro f\u00f6r hela livet","publisher":{"@id":"https:\/\/blogg.svenskakyrkan.se\/vandravagen\/#organization"},"potentialAction":[{"@type":"SearchAction","target":{"@type":"EntryPoint","urlTemplate":"https:\/\/blogg.svenskakyrkan.se\/vandravagen\/?s={search_term_string}"},"query-input":{"@type":"PropertyValueSpecification","valueRequired":true,"valueName":"search_term_string"}}],"inLanguage":"sv-SE"},{"@type":"Organization","@id":"https:\/\/blogg.svenskakyrkan.se\/vandravagen\/#organization","name":"ulricehamns pastorat","alternateName":"ulricehamns pastorat","url":"https:\/\/blogg.svenskakyrkan.se\/vandravagen\/","logo":{"@type":"ImageObject","inLanguage":"sv-SE","@id":"https:\/\/blogg.svenskakyrkan.se\/vandravagen\/#\/schema\/logo\/image\/","url":"https:\/\/blogg.svenskakyrkan.se\/vandravagen\/files\/2023\/05\/Ulr_logo_RGB.png","contentUrl":"https:\/\/blogg.svenskakyrkan.se\/vandravagen\/files\/2023\/05\/Ulr_logo_RGB.png","width":205,"height":77,"caption":"ulricehamns pastorat"},"image":{"@id":"https:\/\/blogg.svenskakyrkan.se\/vandravagen\/#\/schema\/logo\/image\/"},"sameAs":["http:\/\/facebook.com\/vandravagen","https:\/\/x.com\/fadertomas","http:\/\/www.facebook.com\/svenskakyrkaniulricehamn"]},{"@type":"Person","@id":"https:\/\/blogg.svenskakyrkan.se\/vandravagen\/#\/schema\/person\/25da02d4f76b137d04291711e2c9fc16","name":"Tomas Jarvid","image":{"@type":"ImageObject","inLanguage":"sv-SE","@id":"https:\/\/blogg.svenskakyrkan.se\/vandravagen\/#\/schema\/person\/image\/","url":"https:\/\/secure.gravatar.com\/avatar\/7fa71899795e8f540f615a1f5ab25255dc27aa40f05ee7ddd21aac521e01bf50?s=96&d=identicon&r=g","contentUrl":"https:\/\/secure.gravatar.com\/avatar\/7fa71899795e8f540f615a1f5ab25255dc27aa40f05ee7ddd21aac521e01bf50?s=96&d=identicon&r=g","caption":"Tomas Jarvid"},"description":"Jag bor i Ulricehamn i V\u00e4sterg\u00f6tland och \u00e4r f\u00f6rsamlingspr\u00e4st i Svenska Kyrkan f\u00f6r Dalstorps f\u00f6rsamling i Kinds pastorat. P\u00e5 den h\u00e4r bloggen skriver jag ner tankar om vandringen som kristen.","sameAs":["http:\/\/www.vandravagen.se"],"url":"https:\/\/blogg.svenskakyrkan.se\/vandravagen\/author\/vandravagen\/"}]}},"author_meta":{"ID":"392","user_nicename":"vandravagen","user_url":"http:\/\/www.vandravagen.se","user_registered":"2014-05-19 05:44:52","display_name":"Tomas Jarvid","first_name":"Tomas","last_name":"Jarvid","avatar":"https:\/\/secure.gravatar.com\/avatar\/7fa71899795e8f540f615a1f5ab25255dc27aa40f05ee7ddd21aac521e01bf50?s=96&d=identicon&r=g"},"featured_image":false,"bloginfo":{"name":"Vandra V\u00e4gen","url":"https:\/\/blogg.svenskakyrkan.se\/vandravagen"},"_links":{"self":[{"href":"https:\/\/blogg.svenskakyrkan.se\/vandravagen\/wp-json\/wp\/v2\/posts\/74","targetHints":{"allow":["GET"]}}],"collection":[{"href":"https:\/\/blogg.svenskakyrkan.se\/vandravagen\/wp-json\/wp\/v2\/posts"}],"about":[{"href":"https:\/\/blogg.svenskakyrkan.se\/vandravagen\/wp-json\/wp\/v2\/types\/post"}],"author":[{"embeddable":true,"href":"https:\/\/blogg.svenskakyrkan.se\/vandravagen\/wp-json\/wp\/v2\/users\/392"}],"replies":[{"embeddable":true,"href":"https:\/\/blogg.svenskakyrkan.se\/vandravagen\/wp-json\/wp\/v2\/comments?post=74"}],"version-history":[{"count":0,"href":"https:\/\/blogg.svenskakyrkan.se\/vandravagen\/wp-json\/wp\/v2\/posts\/74\/revisions"}],"wp:attachment":[{"href":"https:\/\/blogg.svenskakyrkan.se\/vandravagen\/wp-json\/wp\/v2\/media?parent=74"}],"wp:term":[{"taxonomy":"category","embeddable":true,"href":"https:\/\/blogg.svenskakyrkan.se\/vandravagen\/wp-json\/wp\/v2\/categories?post=74"},{"taxonomy":"post_tag","embeddable":true,"href":"https:\/\/blogg.svenskakyrkan.se\/vandravagen\/wp-json\/wp\/v2\/tags?post=74"}],"curies":[{"name":"wp","href":"https:\/\/api.w.org\/{rel}","templated":true}]}}