{"id":7423,"date":"2019-10-21T07:00:57","date_gmt":"2019-10-21T05:00:57","guid":{"rendered":"http:\/\/blogg.svenskakyrkan.se\/vandravagen\/?p=7423"},"modified":"2019-10-20T23:09:45","modified_gmt":"2019-10-20T21:09:45","slug":"9-blandade-tankar-pa-mandagen-6","status":"publish","type":"post","link":"https:\/\/blogg.svenskakyrkan.se\/vandravagen\/2019\/10\/21\/9-blandade-tankar-pa-mandagen-6\/","title":{"rendered":"9 blandade tankar p\u00e5 m\u00e5ndagen"},"content":{"rendered":"<ol>\n<li>Glad m\u00e5ndag k\u00e4ra l\u00e4sare! Det blev inga blandade tankar ig\u00e5r s\u00e5 vi f\u00e5r ta igen det idag.<\/li>\n<\/ol>\n<p>2. Helgen har bjudit p\u00e5 b\u00e5de att ordna barnkalas och vara med p\u00e5 barnk\u00f6rdag p\u00e5 s\u00f6ndagen som avslutades med en v\u00e4ldigt maffig musikgudstj\u00e4nst med alla k\u00f6rbarnen som sj\u00f6ng f\u00f6r fulla lungor till sv\u00e4ngigt komp.<\/p>\n<p>3. Ibland \u00e4r det onekligen v\u00e4ldigt fint att pastoratet blivit s\u00e5 stort s\u00e5 att man kan samarbeta kring s\u00e5na h\u00e4r saker som barnk\u00f6rdagar och s\u00e5.<\/p>\n<p>4. Jag tog ut sv\u00e4ngarna lite med predikan och gjorde den som n\u00e5gon slags dramatiserad monolog. T\u00e4nkte att det \u00e4r bra l\u00e4ge at satsa p\u00e5 en ber\u00e4ttelse till en gudstj\u00e4nst som den ig\u00e5r. Sedan \u00e4r det ocks\u00e5 lite l\u00e4skigt med ber\u00e4ttelser eftersom man ju i h\u00f6g utstr\u00e4ckning l\u00e4mnar \u00f6ppet \u00e5t \u00e5h\u00f6raren att tolka den. Fromt sagt f\u00e5r man (mer \u00e4n vanligt) f\u00f6rlita sig p\u00e5 att Gud talar med sin heliga Ande genom det som s\u00e4gs.<\/p>\n<p>5. Jaja, den kommer p\u00e5 bloggen imorgon. D\u00e5 f\u00e5r du bed\u00f6ma sj\u00e4lv.<\/p>\n<p>6. Jag har anv\u00e4nt f\u00f6rsamlingens officiella skattkista hela helgen, b\u00e5de till sj\u00f6r\u00f6varskatt p\u00e5 kalaset och till rekvisita i predikan. Det \u00e4r bra att ha en skattkista till hands.<\/p>\n<p>7. Jo, och s\u00e5 har har haft ett dop som \u00f6vergick i vigsel n\u00e4r alla trodde det var f\u00e4rdigt. Det var ocks\u00e5 en gripande stund (som det ju alltid \u00e4r att vara med n\u00e4r ett par ger varandra sina l\u00f6ften) och s\u00e5 p\u00e5tagligt n\u00e4r alla p\u00e5 plats blir \u00f6verrumplade och gripna samtidigt.<\/p>\n<p>8. Och s\u00e5 \u00e4r tjuv och polis slut p\u00e5 tv. Det var roligt men nu \u00e4r det tr\u00e5kigt.<\/p>\n<p>9. Vad g\u00f6r du denna nya vecka? Skriv en rad och ber\u00e4tta!<\/p>\n","protected":false},"excerpt":{"rendered":"<p>Glad m\u00e5ndag k\u00e4ra l\u00e4sare! Det blev inga blandade tankar ig\u00e5r s\u00e5 vi f\u00e5r ta igen det idag. 2. Helgen har bjudit p\u00e5 b\u00e5de att ordna barnkalas och vara med p\u00e5 barnk\u00f6rdag p\u00e5 s\u00f6ndagen som avslutades med en v\u00e4ldigt maffig musikgudstj\u00e4nst med alla k\u00f6rbarnen som sj\u00f6ng f\u00f6r fulla lungor till sv\u00e4ngigt komp. 3. Ibland \u00e4r det [&hellip;]<\/p>\n","protected":false},"author":392,"featured_media":7424,"comment_status":"open","ping_status":"open","sticky":false,"template":"","format":"standard","meta":{"_acf_changed":false,"footnotes":""},"categories":[76766],"tags":[],"class_list":["post-7423","post","type-post","status-publish","format-standard","has-post-thumbnail","hentry","category-blandat"],"acf":[],"yoast_head":"<!-- This site is optimized with the Yoast SEO plugin v27.1.1 - https:\/\/yoast.com\/product\/yoast-seo-wordpress\/ -->\n<title>9 blandade tankar p\u00e5 m\u00e5ndagen - Vandra V\u00e4gen<\/title>\n<meta name=\"robots\" content=\"index, follow, max-snippet:-1, max-image-preview:large, max-video-preview:-1\" \/>\n<link rel=\"canonical\" href=\"https:\/\/blogg.svenskakyrkan.se\/vandravagen\/2019\/10\/21\/9-blandade-tankar-pa-mandagen-6\/\" \/>\n<meta property=\"og:locale\" content=\"sv_SE\" \/>\n<meta property=\"og:type\" content=\"article\" \/>\n<meta property=\"og:title\" content=\"9 blandade tankar p\u00e5 m\u00e5ndagen - Vandra V\u00e4gen\" \/>\n<meta property=\"og:description\" content=\"Glad m\u00e5ndag k\u00e4ra l\u00e4sare! Det blev inga blandade tankar ig\u00e5r s\u00e5 vi f\u00e5r ta igen det idag. 2. Helgen har bjudit p\u00e5 b\u00e5de att ordna barnkalas och vara med p\u00e5 barnk\u00f6rdag p\u00e5 s\u00f6ndagen som avslutades med en v\u00e4ldigt maffig musikgudstj\u00e4nst med alla k\u00f6rbarnen som sj\u00f6ng f\u00f6r fulla lungor till sv\u00e4ngigt komp. 3. Ibland \u00e4r det [&hellip;]\" \/>\n<meta property=\"og:url\" content=\"https:\/\/blogg.svenskakyrkan.se\/vandravagen\/2019\/10\/21\/9-blandade-tankar-pa-mandagen-6\/\" \/>\n<meta property=\"og:site_name\" content=\"Vandra V\u00e4gen\" \/>\n<meta property=\"article:publisher\" content=\"http:\/\/facebook.com\/vandravagen\" \/>\n<meta property=\"article:published_time\" content=\"2019-10-21T05:00:57+00:00\" \/>\n<meta name=\"author\" content=\"Tomas Jarvid\" \/>\n<meta name=\"twitter:card\" content=\"summary_large_image\" \/>\n<meta name=\"twitter:creator\" content=\"@fadertomas\" \/>\n<meta name=\"twitter:site\" content=\"@fadertomas\" \/>\n<meta name=\"twitter:label1\" content=\"Skriven av\" \/>\n\t<meta name=\"twitter:data1\" content=\"Tomas Jarvid\" \/>\n\t<meta name=\"twitter:label2\" content=\"Ber\u00e4knad l\u00e4stid\" \/>\n\t<meta name=\"twitter:data2\" content=\"2 minuter\" \/>\n<script type=\"application\/ld+json\" class=\"yoast-schema-graph\">{\"@context\":\"https:\/\/schema.org\",\"@graph\":[{\"@type\":\"Article\",\"@id\":\"https:\/\/blogg.svenskakyrkan.se\/vandravagen\/2019\/10\/21\/9-blandade-tankar-pa-mandagen-6\/#article\",\"isPartOf\":{\"@id\":\"https:\/\/blogg.svenskakyrkan.se\/vandravagen\/2019\/10\/21\/9-blandade-tankar-pa-mandagen-6\/\"},\"author\":{\"name\":\"Tomas Jarvid\",\"@id\":\"https:\/\/blogg.svenskakyrkan.se\/vandravagen\/#\/schema\/person\/25da02d4f76b137d04291711e2c9fc16\"},\"headline\":\"9 blandade tankar p\u00e5 m\u00e5ndagen\",\"datePublished\":\"2019-10-21T05:00:57+00:00\",\"mainEntityOfPage\":{\"@id\":\"https:\/\/blogg.svenskakyrkan.se\/vandravagen\/2019\/10\/21\/9-blandade-tankar-pa-mandagen-6\/\"},\"wordCount\":321,\"commentCount\":2,\"publisher\":{\"@id\":\"https:\/\/blogg.svenskakyrkan.se\/vandravagen\/#organization\"},\"image\":{\"@id\":\"https:\/\/blogg.svenskakyrkan.se\/vandravagen\/2019\/10\/21\/9-blandade-tankar-pa-mandagen-6\/#primaryimage\"},\"thumbnailUrl\":\"https:\/\/blogg.svenskakyrkan.se\/vandravagen\/files\/2019\/10\/IMG_3587.jpg\",\"articleSection\":[\"blandat\"],\"inLanguage\":\"sv-SE\",\"potentialAction\":[{\"@type\":\"CommentAction\",\"name\":\"Comment\",\"target\":[\"https:\/\/blogg.svenskakyrkan.se\/vandravagen\/2019\/10\/21\/9-blandade-tankar-pa-mandagen-6\/#respond\"]}]},{\"@type\":\"WebPage\",\"@id\":\"https:\/\/blogg.svenskakyrkan.se\/vandravagen\/2019\/10\/21\/9-blandade-tankar-pa-mandagen-6\/\",\"url\":\"https:\/\/blogg.svenskakyrkan.se\/vandravagen\/2019\/10\/21\/9-blandade-tankar-pa-mandagen-6\/\",\"name\":\"9 blandade tankar p\u00e5 m\u00e5ndagen - Vandra V\u00e4gen\",\"isPartOf\":{\"@id\":\"https:\/\/blogg.svenskakyrkan.se\/vandravagen\/#website\"},\"primaryImageOfPage\":{\"@id\":\"https:\/\/blogg.svenskakyrkan.se\/vandravagen\/2019\/10\/21\/9-blandade-tankar-pa-mandagen-6\/#primaryimage\"},\"image\":{\"@id\":\"https:\/\/blogg.svenskakyrkan.se\/vandravagen\/2019\/10\/21\/9-blandade-tankar-pa-mandagen-6\/#primaryimage\"},\"thumbnailUrl\":\"https:\/\/blogg.svenskakyrkan.se\/vandravagen\/files\/2019\/10\/IMG_3587.jpg\",\"datePublished\":\"2019-10-21T05:00:57+00:00\",\"breadcrumb\":{\"@id\":\"https:\/\/blogg.svenskakyrkan.se\/vandravagen\/2019\/10\/21\/9-blandade-tankar-pa-mandagen-6\/#breadcrumb\"},\"inLanguage\":\"sv-SE\",\"potentialAction\":[{\"@type\":\"ReadAction\",\"target\":[\"https:\/\/blogg.svenskakyrkan.se\/vandravagen\/2019\/10\/21\/9-blandade-tankar-pa-mandagen-6\/\"]}]},{\"@type\":\"ImageObject\",\"inLanguage\":\"sv-SE\",\"@id\":\"https:\/\/blogg.svenskakyrkan.se\/vandravagen\/2019\/10\/21\/9-blandade-tankar-pa-mandagen-6\/#primaryimage\",\"url\":\"https:\/\/blogg.svenskakyrkan.se\/vandravagen\/files\/2019\/10\/IMG_3587.jpg\",\"contentUrl\":\"https:\/\/blogg.svenskakyrkan.se\/vandravagen\/files\/2019\/10\/IMG_3587.jpg\",\"width\":1024,\"height\":823,\"caption\":\"Poliser, f\u00f6re mastt\u00f6mningars och DNA-sp\u00e5rs tid.\"},{\"@type\":\"BreadcrumbList\",\"@id\":\"https:\/\/blogg.svenskakyrkan.se\/vandravagen\/2019\/10\/21\/9-blandade-tankar-pa-mandagen-6\/#breadcrumb\",\"itemListElement\":[{\"@type\":\"ListItem\",\"position\":1,\"name\":\"Hem\",\"item\":\"https:\/\/blogg.svenskakyrkan.se\/vandravagen\/\"},{\"@type\":\"ListItem\",\"position\":2,\"name\":\"9 blandade tankar p\u00e5 m\u00e5ndagen\"}]},{\"@type\":\"WebSite\",\"@id\":\"https:\/\/blogg.svenskakyrkan.se\/vandravagen\/#website\",\"url\":\"https:\/\/blogg.svenskakyrkan.se\/vandravagen\/\",\"name\":\"Vandra V\u00e4gen\",\"description\":\"-Mot en tro f\u00f6r hela livet\",\"publisher\":{\"@id\":\"https:\/\/blogg.svenskakyrkan.se\/vandravagen\/#organization\"},\"potentialAction\":[{\"@type\":\"SearchAction\",\"target\":{\"@type\":\"EntryPoint\",\"urlTemplate\":\"https:\/\/blogg.svenskakyrkan.se\/vandravagen\/?s={search_term_string}\"},\"query-input\":{\"@type\":\"PropertyValueSpecification\",\"valueRequired\":true,\"valueName\":\"search_term_string\"}}],\"inLanguage\":\"sv-SE\"},{\"@type\":\"Organization\",\"@id\":\"https:\/\/blogg.svenskakyrkan.se\/vandravagen\/#organization\",\"name\":\"ulricehamns pastorat\",\"alternateName\":\"ulricehamns pastorat\",\"url\":\"https:\/\/blogg.svenskakyrkan.se\/vandravagen\/\",\"logo\":{\"@type\":\"ImageObject\",\"inLanguage\":\"sv-SE\",\"@id\":\"https:\/\/blogg.svenskakyrkan.se\/vandravagen\/#\/schema\/logo\/image\/\",\"url\":\"https:\/\/blogg.svenskakyrkan.se\/vandravagen\/files\/2023\/05\/Ulr_logo_RGB.png\",\"contentUrl\":\"https:\/\/blogg.svenskakyrkan.se\/vandravagen\/files\/2023\/05\/Ulr_logo_RGB.png\",\"width\":205,\"height\":77,\"caption\":\"ulricehamns pastorat\"},\"image\":{\"@id\":\"https:\/\/blogg.svenskakyrkan.se\/vandravagen\/#\/schema\/logo\/image\/\"},\"sameAs\":[\"http:\/\/facebook.com\/vandravagen\",\"https:\/\/x.com\/fadertomas\",\"http:\/\/www.facebook.com\/svenskakyrkaniulricehamn\"]},{\"@type\":\"Person\",\"@id\":\"https:\/\/blogg.svenskakyrkan.se\/vandravagen\/#\/schema\/person\/25da02d4f76b137d04291711e2c9fc16\",\"name\":\"Tomas Jarvid\",\"image\":{\"@type\":\"ImageObject\",\"inLanguage\":\"sv-SE\",\"@id\":\"https:\/\/blogg.svenskakyrkan.se\/vandravagen\/#\/schema\/person\/image\/\",\"url\":\"https:\/\/secure.gravatar.com\/avatar\/7fa71899795e8f540f615a1f5ab25255dc27aa40f05ee7ddd21aac521e01bf50?s=96&d=identicon&r=g\",\"contentUrl\":\"https:\/\/secure.gravatar.com\/avatar\/7fa71899795e8f540f615a1f5ab25255dc27aa40f05ee7ddd21aac521e01bf50?s=96&d=identicon&r=g\",\"caption\":\"Tomas Jarvid\"},\"description\":\"Jag bor i Ulricehamn i V\u00e4sterg\u00f6tland och \u00e4r f\u00f6rsamlingspr\u00e4st i Svenska Kyrkan f\u00f6r Dalstorps f\u00f6rsamling i Kinds pastorat. P\u00e5 den h\u00e4r bloggen skriver jag ner tankar om vandringen som kristen.\",\"sameAs\":[\"http:\/\/www.vandravagen.se\"],\"url\":\"https:\/\/blogg.svenskakyrkan.se\/vandravagen\/author\/vandravagen\/\"}]}<\/script>\n<!-- \/ Yoast SEO plugin. -->","yoast_head_json":{"title":"9 blandade tankar p\u00e5 m\u00e5ndagen - Vandra V\u00e4gen","robots":{"index":"index","follow":"follow","max-snippet":"max-snippet:-1","max-image-preview":"max-image-preview:large","max-video-preview":"max-video-preview:-1"},"canonical":"https:\/\/blogg.svenskakyrkan.se\/vandravagen\/2019\/10\/21\/9-blandade-tankar-pa-mandagen-6\/","og_locale":"sv_SE","og_type":"article","og_title":"9 blandade tankar p\u00e5 m\u00e5ndagen - Vandra V\u00e4gen","og_description":"Glad m\u00e5ndag k\u00e4ra l\u00e4sare! Det blev inga blandade tankar ig\u00e5r s\u00e5 vi f\u00e5r ta igen det idag. 2. Helgen har bjudit p\u00e5 b\u00e5de att ordna barnkalas och vara med p\u00e5 barnk\u00f6rdag p\u00e5 s\u00f6ndagen som avslutades med en v\u00e4ldigt maffig musikgudstj\u00e4nst med alla k\u00f6rbarnen som sj\u00f6ng f\u00f6r fulla lungor till sv\u00e4ngigt komp. 3. Ibland \u00e4r det [&hellip;]","og_url":"https:\/\/blogg.svenskakyrkan.se\/vandravagen\/2019\/10\/21\/9-blandade-tankar-pa-mandagen-6\/","og_site_name":"Vandra V\u00e4gen","article_publisher":"http:\/\/facebook.com\/vandravagen","article_published_time":"2019-10-21T05:00:57+00:00","author":"Tomas Jarvid","twitter_card":"summary_large_image","twitter_creator":"@fadertomas","twitter_site":"@fadertomas","twitter_misc":{"Skriven av":"Tomas Jarvid","Ber\u00e4knad l\u00e4stid":"2 minuter"},"schema":{"@context":"https:\/\/schema.org","@graph":[{"@type":"Article","@id":"https:\/\/blogg.svenskakyrkan.se\/vandravagen\/2019\/10\/21\/9-blandade-tankar-pa-mandagen-6\/#article","isPartOf":{"@id":"https:\/\/blogg.svenskakyrkan.se\/vandravagen\/2019\/10\/21\/9-blandade-tankar-pa-mandagen-6\/"},"author":{"name":"Tomas Jarvid","@id":"https:\/\/blogg.svenskakyrkan.se\/vandravagen\/#\/schema\/person\/25da02d4f76b137d04291711e2c9fc16"},"headline":"9 blandade tankar p\u00e5 m\u00e5ndagen","datePublished":"2019-10-21T05:00:57+00:00","mainEntityOfPage":{"@id":"https:\/\/blogg.svenskakyrkan.se\/vandravagen\/2019\/10\/21\/9-blandade-tankar-pa-mandagen-6\/"},"wordCount":321,"commentCount":2,"publisher":{"@id":"https:\/\/blogg.svenskakyrkan.se\/vandravagen\/#organization"},"image":{"@id":"https:\/\/blogg.svenskakyrkan.se\/vandravagen\/2019\/10\/21\/9-blandade-tankar-pa-mandagen-6\/#primaryimage"},"thumbnailUrl":"https:\/\/blogg.svenskakyrkan.se\/vandravagen\/files\/2019\/10\/IMG_3587.jpg","articleSection":["blandat"],"inLanguage":"sv-SE","potentialAction":[{"@type":"CommentAction","name":"Comment","target":["https:\/\/blogg.svenskakyrkan.se\/vandravagen\/2019\/10\/21\/9-blandade-tankar-pa-mandagen-6\/#respond"]}]},{"@type":"WebPage","@id":"https:\/\/blogg.svenskakyrkan.se\/vandravagen\/2019\/10\/21\/9-blandade-tankar-pa-mandagen-6\/","url":"https:\/\/blogg.svenskakyrkan.se\/vandravagen\/2019\/10\/21\/9-blandade-tankar-pa-mandagen-6\/","name":"9 blandade tankar p\u00e5 m\u00e5ndagen - Vandra V\u00e4gen","isPartOf":{"@id":"https:\/\/blogg.svenskakyrkan.se\/vandravagen\/#website"},"primaryImageOfPage":{"@id":"https:\/\/blogg.svenskakyrkan.se\/vandravagen\/2019\/10\/21\/9-blandade-tankar-pa-mandagen-6\/#primaryimage"},"image":{"@id":"https:\/\/blogg.svenskakyrkan.se\/vandravagen\/2019\/10\/21\/9-blandade-tankar-pa-mandagen-6\/#primaryimage"},"thumbnailUrl":"https:\/\/blogg.svenskakyrkan.se\/vandravagen\/files\/2019\/10\/IMG_3587.jpg","datePublished":"2019-10-21T05:00:57+00:00","breadcrumb":{"@id":"https:\/\/blogg.svenskakyrkan.se\/vandravagen\/2019\/10\/21\/9-blandade-tankar-pa-mandagen-6\/#breadcrumb"},"inLanguage":"sv-SE","potentialAction":[{"@type":"ReadAction","target":["https:\/\/blogg.svenskakyrkan.se\/vandravagen\/2019\/10\/21\/9-blandade-tankar-pa-mandagen-6\/"]}]},{"@type":"ImageObject","inLanguage":"sv-SE","@id":"https:\/\/blogg.svenskakyrkan.se\/vandravagen\/2019\/10\/21\/9-blandade-tankar-pa-mandagen-6\/#primaryimage","url":"https:\/\/blogg.svenskakyrkan.se\/vandravagen\/files\/2019\/10\/IMG_3587.jpg","contentUrl":"https:\/\/blogg.svenskakyrkan.se\/vandravagen\/files\/2019\/10\/IMG_3587.jpg","width":1024,"height":823,"caption":"Poliser, f\u00f6re mastt\u00f6mningars och DNA-sp\u00e5rs tid."},{"@type":"BreadcrumbList","@id":"https:\/\/blogg.svenskakyrkan.se\/vandravagen\/2019\/10\/21\/9-blandade-tankar-pa-mandagen-6\/#breadcrumb","itemListElement":[{"@type":"ListItem","position":1,"name":"Hem","item":"https:\/\/blogg.svenskakyrkan.se\/vandravagen\/"},{"@type":"ListItem","position":2,"name":"9 blandade tankar p\u00e5 m\u00e5ndagen"}]},{"@type":"WebSite","@id":"https:\/\/blogg.svenskakyrkan.se\/vandravagen\/#website","url":"https:\/\/blogg.svenskakyrkan.se\/vandravagen\/","name":"Vandra V\u00e4gen","description":"-Mot en tro f\u00f6r hela livet","publisher":{"@id":"https:\/\/blogg.svenskakyrkan.se\/vandravagen\/#organization"},"potentialAction":[{"@type":"SearchAction","target":{"@type":"EntryPoint","urlTemplate":"https:\/\/blogg.svenskakyrkan.se\/vandravagen\/?s={search_term_string}"},"query-input":{"@type":"PropertyValueSpecification","valueRequired":true,"valueName":"search_term_string"}}],"inLanguage":"sv-SE"},{"@type":"Organization","@id":"https:\/\/blogg.svenskakyrkan.se\/vandravagen\/#organization","name":"ulricehamns pastorat","alternateName":"ulricehamns pastorat","url":"https:\/\/blogg.svenskakyrkan.se\/vandravagen\/","logo":{"@type":"ImageObject","inLanguage":"sv-SE","@id":"https:\/\/blogg.svenskakyrkan.se\/vandravagen\/#\/schema\/logo\/image\/","url":"https:\/\/blogg.svenskakyrkan.se\/vandravagen\/files\/2023\/05\/Ulr_logo_RGB.png","contentUrl":"https:\/\/blogg.svenskakyrkan.se\/vandravagen\/files\/2023\/05\/Ulr_logo_RGB.png","width":205,"height":77,"caption":"ulricehamns pastorat"},"image":{"@id":"https:\/\/blogg.svenskakyrkan.se\/vandravagen\/#\/schema\/logo\/image\/"},"sameAs":["http:\/\/facebook.com\/vandravagen","https:\/\/x.com\/fadertomas","http:\/\/www.facebook.com\/svenskakyrkaniulricehamn"]},{"@type":"Person","@id":"https:\/\/blogg.svenskakyrkan.se\/vandravagen\/#\/schema\/person\/25da02d4f76b137d04291711e2c9fc16","name":"Tomas Jarvid","image":{"@type":"ImageObject","inLanguage":"sv-SE","@id":"https:\/\/blogg.svenskakyrkan.se\/vandravagen\/#\/schema\/person\/image\/","url":"https:\/\/secure.gravatar.com\/avatar\/7fa71899795e8f540f615a1f5ab25255dc27aa40f05ee7ddd21aac521e01bf50?s=96&d=identicon&r=g","contentUrl":"https:\/\/secure.gravatar.com\/avatar\/7fa71899795e8f540f615a1f5ab25255dc27aa40f05ee7ddd21aac521e01bf50?s=96&d=identicon&r=g","caption":"Tomas Jarvid"},"description":"Jag bor i Ulricehamn i V\u00e4sterg\u00f6tland och \u00e4r f\u00f6rsamlingspr\u00e4st i Svenska Kyrkan f\u00f6r Dalstorps f\u00f6rsamling i Kinds pastorat. P\u00e5 den h\u00e4r bloggen skriver jag ner tankar om vandringen som kristen.","sameAs":["http:\/\/www.vandravagen.se"],"url":"https:\/\/blogg.svenskakyrkan.se\/vandravagen\/author\/vandravagen\/"}]}},"author_meta":{"ID":"392","user_nicename":"vandravagen","user_url":"http:\/\/www.vandravagen.se","user_registered":"2014-05-19 05:44:52","display_name":"Tomas Jarvid","first_name":"Tomas","last_name":"Jarvid","avatar":"https:\/\/secure.gravatar.com\/avatar\/7fa71899795e8f540f615a1f5ab25255dc27aa40f05ee7ddd21aac521e01bf50?s=96&d=identicon&r=g"},"featured_image":["https:\/\/blogg.svenskakyrkan.se\/vandravagen\/files\/2019\/10\/IMG_3587-1024x823.jpg",1024,823,true],"bloginfo":{"name":"Vandra V\u00e4gen","url":"https:\/\/blogg.svenskakyrkan.se\/vandravagen"},"_links":{"self":[{"href":"https:\/\/blogg.svenskakyrkan.se\/vandravagen\/wp-json\/wp\/v2\/posts\/7423","targetHints":{"allow":["GET"]}}],"collection":[{"href":"https:\/\/blogg.svenskakyrkan.se\/vandravagen\/wp-json\/wp\/v2\/posts"}],"about":[{"href":"https:\/\/blogg.svenskakyrkan.se\/vandravagen\/wp-json\/wp\/v2\/types\/post"}],"author":[{"embeddable":true,"href":"https:\/\/blogg.svenskakyrkan.se\/vandravagen\/wp-json\/wp\/v2\/users\/392"}],"replies":[{"embeddable":true,"href":"https:\/\/blogg.svenskakyrkan.se\/vandravagen\/wp-json\/wp\/v2\/comments?post=7423"}],"version-history":[{"count":1,"href":"https:\/\/blogg.svenskakyrkan.se\/vandravagen\/wp-json\/wp\/v2\/posts\/7423\/revisions"}],"predecessor-version":[{"id":7425,"href":"https:\/\/blogg.svenskakyrkan.se\/vandravagen\/wp-json\/wp\/v2\/posts\/7423\/revisions\/7425"}],"wp:featuredmedia":[{"embeddable":true,"href":"https:\/\/blogg.svenskakyrkan.se\/vandravagen\/wp-json\/wp\/v2\/media\/7424"}],"wp:attachment":[{"href":"https:\/\/blogg.svenskakyrkan.se\/vandravagen\/wp-json\/wp\/v2\/media?parent=7423"}],"wp:term":[{"taxonomy":"category","embeddable":true,"href":"https:\/\/blogg.svenskakyrkan.se\/vandravagen\/wp-json\/wp\/v2\/categories?post=7423"},{"taxonomy":"post_tag","embeddable":true,"href":"https:\/\/blogg.svenskakyrkan.se\/vandravagen\/wp-json\/wp\/v2\/tags?post=7423"}],"curies":[{"name":"wp","href":"https:\/\/api.w.org\/{rel}","templated":true}]}}