{"id":744,"date":"2013-01-26T19:26:00","date_gmt":"2013-01-26T18:26:00","guid":{"rendered":"http:\/\/blogg.svenskakyrkan.se\/vandravagen\/2013\/01\/26\/firandet-fortsatter-med-tarta-och-lekar\/"},"modified":"2013-01-26T19:26:00","modified_gmt":"2013-01-26T18:26:00","slug":"firandet-fortsatter-med-tarta-och-lekar","status":"publish","type":"post","link":"https:\/\/blogg.svenskakyrkan.se\/vandravagen\/2013\/01\/26\/firandet-fortsatter-med-tarta-och-lekar\/","title":{"rendered":"Firandet forts\u00e4tter med t\u00e5rta och lekar!"},"content":{"rendered":"<div><a href=\"http:\/\/4.bp.blogspot.com\/-wg_1_w0bKpI\/UQOSlnlzp7I\/AAAAAAAAB7s\/ZyldgPK14AE\/s1600\/IMG_1974.JPG\"><img loading=\"lazy\" decoding=\"async\" border=\"0\" height=\"239\" src=\"http:\/\/4.bp.blogspot.com\/-wg_1_w0bKpI\/UQOSlnlzp7I\/AAAAAAAAB7s\/ZyldgPK14AE\/s320\/IMG_1974.JPG\" width=\"320\"><\/a><\/div>\n<p>H\u00f6gtidstalet \u00e4r redan avklarat (morgonens bloggpost) s\u00e5 nu \u00e4r det dags f\u00f6r s\u00f6tsaker och lekar. Nu \u00e4r det ju sv\u00e5rt att bjuda p\u00e5 t\u00e5rta via internet men h\u00e4r \u00e4r en p\u00e5 bild i alla fall. H\u00f6r av dig om du vill ha en bit skickad till dig per epost.<\/p>\n<p>Vad g\u00e4ller lekarna s\u00e5 g\u00f6r vi som Urban f\u00f6reslog, en fr\u00e5gelek! Skriv en fr\u00e5ga om vad du vill s\u00e5 svarar jag p\u00e5 l\u00e4mpligt s\u00e4tt. Om ingen fr\u00e5gar n\u00e5got f\u00e5r vi g\u00e5 p\u00e5 plan B som \u00e4r Tomas h\u00e5rv\u00e5rdsskola. Hoppas att det inte ska beh\u00f6va bli s\u00e5.<\/p>\n<p>Vad vill du veta?<\/p>\n","protected":false},"excerpt":{"rendered":"<p>H\u00f6gtidstalet \u00e4r redan avklarat (morgonens bloggpost) s\u00e5 nu \u00e4r det dags f\u00f6r s\u00f6tsaker och lekar. Nu \u00e4r det ju sv\u00e5rt att bjuda p\u00e5 t\u00e5rta via internet men h\u00e4r \u00e4r en p\u00e5 bild i alla fall. H\u00f6r av dig om du vill ha en bit skickad till dig per epost. Vad g\u00e4ller lekarna s\u00e5 g\u00f6r vi [&hellip;]<\/p>\n","protected":false},"author":392,"featured_media":0,"comment_status":"open","ping_status":"open","sticky":false,"template":"","format":"standard","meta":{"_acf_changed":false,"footnotes":""},"categories":[76766,76608],"tags":[],"class_list":["post-744","post","type-post","status-publish","format-standard","hentry","category-blandat","category-bloggen"],"acf":[],"yoast_head":"<!-- This site is optimized with the Yoast SEO plugin v27.1.1 - https:\/\/yoast.com\/product\/yoast-seo-wordpress\/ -->\n<title>Firandet forts\u00e4tter med t\u00e5rta och lekar! - Vandra V\u00e4gen<\/title>\n<meta name=\"robots\" content=\"index, follow, max-snippet:-1, max-image-preview:large, max-video-preview:-1\" \/>\n<link rel=\"canonical\" href=\"https:\/\/blogg.svenskakyrkan.se\/vandravagen\/2013\/01\/26\/firandet-fortsatter-med-tarta-och-lekar\/\" \/>\n<meta property=\"og:locale\" content=\"sv_SE\" \/>\n<meta property=\"og:type\" content=\"article\" \/>\n<meta property=\"og:title\" content=\"Firandet forts\u00e4tter med t\u00e5rta och lekar! - Vandra V\u00e4gen\" \/>\n<meta property=\"og:description\" content=\"H\u00f6gtidstalet \u00e4r redan avklarat (morgonens bloggpost) s\u00e5 nu \u00e4r det dags f\u00f6r s\u00f6tsaker och lekar. Nu \u00e4r det ju sv\u00e5rt att bjuda p\u00e5 t\u00e5rta via internet men h\u00e4r \u00e4r en p\u00e5 bild i alla fall. H\u00f6r av dig om du vill ha en bit skickad till dig per epost. Vad g\u00e4ller lekarna s\u00e5 g\u00f6r vi [&hellip;]\" \/>\n<meta property=\"og:url\" content=\"https:\/\/blogg.svenskakyrkan.se\/vandravagen\/2013\/01\/26\/firandet-fortsatter-med-tarta-och-lekar\/\" \/>\n<meta property=\"og:site_name\" content=\"Vandra V\u00e4gen\" \/>\n<meta property=\"article:publisher\" content=\"http:\/\/facebook.com\/vandravagen\" \/>\n<meta property=\"article:published_time\" content=\"2013-01-26T18:26:00+00:00\" \/>\n<meta property=\"og:image\" content=\"http:\/\/4.bp.blogspot.com\/-wg_1_w0bKpI\/UQOSlnlzp7I\/AAAAAAAAB7s\/ZyldgPK14AE\/s320\/IMG_1974.JPG\" \/>\n<meta name=\"author\" content=\"Tomas Jarvid\" \/>\n<meta name=\"twitter:card\" content=\"summary_large_image\" \/>\n<meta name=\"twitter:creator\" content=\"@fadertomas\" \/>\n<meta name=\"twitter:site\" content=\"@fadertomas\" \/>\n<meta name=\"twitter:label1\" content=\"Skriven av\" \/>\n\t<meta name=\"twitter:data1\" content=\"Tomas Jarvid\" \/>\n\t<meta name=\"twitter:label2\" content=\"Ber\u00e4knad l\u00e4stid\" \/>\n\t<meta name=\"twitter:data2\" content=\"1 minut\" \/>\n<script type=\"application\/ld+json\" class=\"yoast-schema-graph\">{\"@context\":\"https:\/\/schema.org\",\"@graph\":[{\"@type\":\"Article\",\"@id\":\"https:\/\/blogg.svenskakyrkan.se\/vandravagen\/2013\/01\/26\/firandet-fortsatter-med-tarta-och-lekar\/#article\",\"isPartOf\":{\"@id\":\"https:\/\/blogg.svenskakyrkan.se\/vandravagen\/2013\/01\/26\/firandet-fortsatter-med-tarta-och-lekar\/\"},\"author\":{\"name\":\"Tomas Jarvid\",\"@id\":\"https:\/\/blogg.svenskakyrkan.se\/vandravagen\/#\/schema\/person\/25da02d4f76b137d04291711e2c9fc16\"},\"headline\":\"Firandet forts\u00e4tter med t\u00e5rta och lekar!\",\"datePublished\":\"2013-01-26T18:26:00+00:00\",\"mainEntityOfPage\":{\"@id\":\"https:\/\/blogg.svenskakyrkan.se\/vandravagen\/2013\/01\/26\/firandet-fortsatter-med-tarta-och-lekar\/\"},\"wordCount\":127,\"commentCount\":3,\"publisher\":{\"@id\":\"https:\/\/blogg.svenskakyrkan.se\/vandravagen\/#organization\"},\"image\":{\"@id\":\"https:\/\/blogg.svenskakyrkan.se\/vandravagen\/2013\/01\/26\/firandet-fortsatter-med-tarta-och-lekar\/#primaryimage\"},\"thumbnailUrl\":\"http:\/\/4.bp.blogspot.com\/-wg_1_w0bKpI\/UQOSlnlzp7I\/AAAAAAAAB7s\/ZyldgPK14AE\/s320\/IMG_1974.JPG\",\"articleSection\":[\"blandat\",\"bloggen\"],\"inLanguage\":\"sv-SE\",\"potentialAction\":[{\"@type\":\"CommentAction\",\"name\":\"Comment\",\"target\":[\"https:\/\/blogg.svenskakyrkan.se\/vandravagen\/2013\/01\/26\/firandet-fortsatter-med-tarta-och-lekar\/#respond\"]}]},{\"@type\":\"WebPage\",\"@id\":\"https:\/\/blogg.svenskakyrkan.se\/vandravagen\/2013\/01\/26\/firandet-fortsatter-med-tarta-och-lekar\/\",\"url\":\"https:\/\/blogg.svenskakyrkan.se\/vandravagen\/2013\/01\/26\/firandet-fortsatter-med-tarta-och-lekar\/\",\"name\":\"Firandet forts\u00e4tter med t\u00e5rta och lekar! - Vandra V\u00e4gen\",\"isPartOf\":{\"@id\":\"https:\/\/blogg.svenskakyrkan.se\/vandravagen\/#website\"},\"primaryImageOfPage\":{\"@id\":\"https:\/\/blogg.svenskakyrkan.se\/vandravagen\/2013\/01\/26\/firandet-fortsatter-med-tarta-och-lekar\/#primaryimage\"},\"image\":{\"@id\":\"https:\/\/blogg.svenskakyrkan.se\/vandravagen\/2013\/01\/26\/firandet-fortsatter-med-tarta-och-lekar\/#primaryimage\"},\"thumbnailUrl\":\"http:\/\/4.bp.blogspot.com\/-wg_1_w0bKpI\/UQOSlnlzp7I\/AAAAAAAAB7s\/ZyldgPK14AE\/s320\/IMG_1974.JPG\",\"datePublished\":\"2013-01-26T18:26:00+00:00\",\"breadcrumb\":{\"@id\":\"https:\/\/blogg.svenskakyrkan.se\/vandravagen\/2013\/01\/26\/firandet-fortsatter-med-tarta-och-lekar\/#breadcrumb\"},\"inLanguage\":\"sv-SE\",\"potentialAction\":[{\"@type\":\"ReadAction\",\"target\":[\"https:\/\/blogg.svenskakyrkan.se\/vandravagen\/2013\/01\/26\/firandet-fortsatter-med-tarta-och-lekar\/\"]}]},{\"@type\":\"ImageObject\",\"inLanguage\":\"sv-SE\",\"@id\":\"https:\/\/blogg.svenskakyrkan.se\/vandravagen\/2013\/01\/26\/firandet-fortsatter-med-tarta-och-lekar\/#primaryimage\",\"url\":\"http:\/\/4.bp.blogspot.com\/-wg_1_w0bKpI\/UQOSlnlzp7I\/AAAAAAAAB7s\/ZyldgPK14AE\/s320\/IMG_1974.JPG\",\"contentUrl\":\"http:\/\/4.bp.blogspot.com\/-wg_1_w0bKpI\/UQOSlnlzp7I\/AAAAAAAAB7s\/ZyldgPK14AE\/s320\/IMG_1974.JPG\"},{\"@type\":\"BreadcrumbList\",\"@id\":\"https:\/\/blogg.svenskakyrkan.se\/vandravagen\/2013\/01\/26\/firandet-fortsatter-med-tarta-och-lekar\/#breadcrumb\",\"itemListElement\":[{\"@type\":\"ListItem\",\"position\":1,\"name\":\"Hem\",\"item\":\"https:\/\/blogg.svenskakyrkan.se\/vandravagen\/\"},{\"@type\":\"ListItem\",\"position\":2,\"name\":\"Firandet forts\u00e4tter med t\u00e5rta och lekar!\"}]},{\"@type\":\"WebSite\",\"@id\":\"https:\/\/blogg.svenskakyrkan.se\/vandravagen\/#website\",\"url\":\"https:\/\/blogg.svenskakyrkan.se\/vandravagen\/\",\"name\":\"Vandra V\u00e4gen\",\"description\":\"-Mot en tro f\u00f6r hela livet\",\"publisher\":{\"@id\":\"https:\/\/blogg.svenskakyrkan.se\/vandravagen\/#organization\"},\"potentialAction\":[{\"@type\":\"SearchAction\",\"target\":{\"@type\":\"EntryPoint\",\"urlTemplate\":\"https:\/\/blogg.svenskakyrkan.se\/vandravagen\/?s={search_term_string}\"},\"query-input\":{\"@type\":\"PropertyValueSpecification\",\"valueRequired\":true,\"valueName\":\"search_term_string\"}}],\"inLanguage\":\"sv-SE\"},{\"@type\":\"Organization\",\"@id\":\"https:\/\/blogg.svenskakyrkan.se\/vandravagen\/#organization\",\"name\":\"ulricehamns pastorat\",\"alternateName\":\"ulricehamns pastorat\",\"url\":\"https:\/\/blogg.svenskakyrkan.se\/vandravagen\/\",\"logo\":{\"@type\":\"ImageObject\",\"inLanguage\":\"sv-SE\",\"@id\":\"https:\/\/blogg.svenskakyrkan.se\/vandravagen\/#\/schema\/logo\/image\/\",\"url\":\"https:\/\/blogg.svenskakyrkan.se\/vandravagen\/files\/2023\/05\/Ulr_logo_RGB.png\",\"contentUrl\":\"https:\/\/blogg.svenskakyrkan.se\/vandravagen\/files\/2023\/05\/Ulr_logo_RGB.png\",\"width\":205,\"height\":77,\"caption\":\"ulricehamns pastorat\"},\"image\":{\"@id\":\"https:\/\/blogg.svenskakyrkan.se\/vandravagen\/#\/schema\/logo\/image\/\"},\"sameAs\":[\"http:\/\/facebook.com\/vandravagen\",\"https:\/\/x.com\/fadertomas\",\"http:\/\/www.facebook.com\/svenskakyrkaniulricehamn\"]},{\"@type\":\"Person\",\"@id\":\"https:\/\/blogg.svenskakyrkan.se\/vandravagen\/#\/schema\/person\/25da02d4f76b137d04291711e2c9fc16\",\"name\":\"Tomas Jarvid\",\"image\":{\"@type\":\"ImageObject\",\"inLanguage\":\"sv-SE\",\"@id\":\"https:\/\/blogg.svenskakyrkan.se\/vandravagen\/#\/schema\/person\/image\/\",\"url\":\"https:\/\/secure.gravatar.com\/avatar\/7fa71899795e8f540f615a1f5ab25255dc27aa40f05ee7ddd21aac521e01bf50?s=96&d=identicon&r=g\",\"contentUrl\":\"https:\/\/secure.gravatar.com\/avatar\/7fa71899795e8f540f615a1f5ab25255dc27aa40f05ee7ddd21aac521e01bf50?s=96&d=identicon&r=g\",\"caption\":\"Tomas Jarvid\"},\"description\":\"Jag bor i Ulricehamn i V\u00e4sterg\u00f6tland och \u00e4r f\u00f6rsamlingspr\u00e4st i Svenska Kyrkan f\u00f6r Dalstorps f\u00f6rsamling i Kinds pastorat. P\u00e5 den h\u00e4r bloggen skriver jag ner tankar om vandringen som kristen.\",\"sameAs\":[\"http:\/\/www.vandravagen.se\"],\"url\":\"https:\/\/blogg.svenskakyrkan.se\/vandravagen\/author\/vandravagen\/\"}]}<\/script>\n<!-- \/ Yoast SEO plugin. -->","yoast_head_json":{"title":"Firandet forts\u00e4tter med t\u00e5rta och lekar! - Vandra V\u00e4gen","robots":{"index":"index","follow":"follow","max-snippet":"max-snippet:-1","max-image-preview":"max-image-preview:large","max-video-preview":"max-video-preview:-1"},"canonical":"https:\/\/blogg.svenskakyrkan.se\/vandravagen\/2013\/01\/26\/firandet-fortsatter-med-tarta-och-lekar\/","og_locale":"sv_SE","og_type":"article","og_title":"Firandet forts\u00e4tter med t\u00e5rta och lekar! - Vandra V\u00e4gen","og_description":"H\u00f6gtidstalet \u00e4r redan avklarat (morgonens bloggpost) s\u00e5 nu \u00e4r det dags f\u00f6r s\u00f6tsaker och lekar. Nu \u00e4r det ju sv\u00e5rt att bjuda p\u00e5 t\u00e5rta via internet men h\u00e4r \u00e4r en p\u00e5 bild i alla fall. H\u00f6r av dig om du vill ha en bit skickad till dig per epost. Vad g\u00e4ller lekarna s\u00e5 g\u00f6r vi [&hellip;]","og_url":"https:\/\/blogg.svenskakyrkan.se\/vandravagen\/2013\/01\/26\/firandet-fortsatter-med-tarta-och-lekar\/","og_site_name":"Vandra V\u00e4gen","article_publisher":"http:\/\/facebook.com\/vandravagen","article_published_time":"2013-01-26T18:26:00+00:00","og_image":[{"url":"http:\/\/4.bp.blogspot.com\/-wg_1_w0bKpI\/UQOSlnlzp7I\/AAAAAAAAB7s\/ZyldgPK14AE\/s320\/IMG_1974.JPG","type":"","width":"","height":""}],"author":"Tomas Jarvid","twitter_card":"summary_large_image","twitter_creator":"@fadertomas","twitter_site":"@fadertomas","twitter_misc":{"Skriven av":"Tomas Jarvid","Ber\u00e4knad l\u00e4stid":"1 minut"},"schema":{"@context":"https:\/\/schema.org","@graph":[{"@type":"Article","@id":"https:\/\/blogg.svenskakyrkan.se\/vandravagen\/2013\/01\/26\/firandet-fortsatter-med-tarta-och-lekar\/#article","isPartOf":{"@id":"https:\/\/blogg.svenskakyrkan.se\/vandravagen\/2013\/01\/26\/firandet-fortsatter-med-tarta-och-lekar\/"},"author":{"name":"Tomas Jarvid","@id":"https:\/\/blogg.svenskakyrkan.se\/vandravagen\/#\/schema\/person\/25da02d4f76b137d04291711e2c9fc16"},"headline":"Firandet forts\u00e4tter med t\u00e5rta och lekar!","datePublished":"2013-01-26T18:26:00+00:00","mainEntityOfPage":{"@id":"https:\/\/blogg.svenskakyrkan.se\/vandravagen\/2013\/01\/26\/firandet-fortsatter-med-tarta-och-lekar\/"},"wordCount":127,"commentCount":3,"publisher":{"@id":"https:\/\/blogg.svenskakyrkan.se\/vandravagen\/#organization"},"image":{"@id":"https:\/\/blogg.svenskakyrkan.se\/vandravagen\/2013\/01\/26\/firandet-fortsatter-med-tarta-och-lekar\/#primaryimage"},"thumbnailUrl":"http:\/\/4.bp.blogspot.com\/-wg_1_w0bKpI\/UQOSlnlzp7I\/AAAAAAAAB7s\/ZyldgPK14AE\/s320\/IMG_1974.JPG","articleSection":["blandat","bloggen"],"inLanguage":"sv-SE","potentialAction":[{"@type":"CommentAction","name":"Comment","target":["https:\/\/blogg.svenskakyrkan.se\/vandravagen\/2013\/01\/26\/firandet-fortsatter-med-tarta-och-lekar\/#respond"]}]},{"@type":"WebPage","@id":"https:\/\/blogg.svenskakyrkan.se\/vandravagen\/2013\/01\/26\/firandet-fortsatter-med-tarta-och-lekar\/","url":"https:\/\/blogg.svenskakyrkan.se\/vandravagen\/2013\/01\/26\/firandet-fortsatter-med-tarta-och-lekar\/","name":"Firandet forts\u00e4tter med t\u00e5rta och lekar! - Vandra V\u00e4gen","isPartOf":{"@id":"https:\/\/blogg.svenskakyrkan.se\/vandravagen\/#website"},"primaryImageOfPage":{"@id":"https:\/\/blogg.svenskakyrkan.se\/vandravagen\/2013\/01\/26\/firandet-fortsatter-med-tarta-och-lekar\/#primaryimage"},"image":{"@id":"https:\/\/blogg.svenskakyrkan.se\/vandravagen\/2013\/01\/26\/firandet-fortsatter-med-tarta-och-lekar\/#primaryimage"},"thumbnailUrl":"http:\/\/4.bp.blogspot.com\/-wg_1_w0bKpI\/UQOSlnlzp7I\/AAAAAAAAB7s\/ZyldgPK14AE\/s320\/IMG_1974.JPG","datePublished":"2013-01-26T18:26:00+00:00","breadcrumb":{"@id":"https:\/\/blogg.svenskakyrkan.se\/vandravagen\/2013\/01\/26\/firandet-fortsatter-med-tarta-och-lekar\/#breadcrumb"},"inLanguage":"sv-SE","potentialAction":[{"@type":"ReadAction","target":["https:\/\/blogg.svenskakyrkan.se\/vandravagen\/2013\/01\/26\/firandet-fortsatter-med-tarta-och-lekar\/"]}]},{"@type":"ImageObject","inLanguage":"sv-SE","@id":"https:\/\/blogg.svenskakyrkan.se\/vandravagen\/2013\/01\/26\/firandet-fortsatter-med-tarta-och-lekar\/#primaryimage","url":"http:\/\/4.bp.blogspot.com\/-wg_1_w0bKpI\/UQOSlnlzp7I\/AAAAAAAAB7s\/ZyldgPK14AE\/s320\/IMG_1974.JPG","contentUrl":"http:\/\/4.bp.blogspot.com\/-wg_1_w0bKpI\/UQOSlnlzp7I\/AAAAAAAAB7s\/ZyldgPK14AE\/s320\/IMG_1974.JPG"},{"@type":"BreadcrumbList","@id":"https:\/\/blogg.svenskakyrkan.se\/vandravagen\/2013\/01\/26\/firandet-fortsatter-med-tarta-och-lekar\/#breadcrumb","itemListElement":[{"@type":"ListItem","position":1,"name":"Hem","item":"https:\/\/blogg.svenskakyrkan.se\/vandravagen\/"},{"@type":"ListItem","position":2,"name":"Firandet forts\u00e4tter med t\u00e5rta och lekar!"}]},{"@type":"WebSite","@id":"https:\/\/blogg.svenskakyrkan.se\/vandravagen\/#website","url":"https:\/\/blogg.svenskakyrkan.se\/vandravagen\/","name":"Vandra V\u00e4gen","description":"-Mot en tro f\u00f6r hela livet","publisher":{"@id":"https:\/\/blogg.svenskakyrkan.se\/vandravagen\/#organization"},"potentialAction":[{"@type":"SearchAction","target":{"@type":"EntryPoint","urlTemplate":"https:\/\/blogg.svenskakyrkan.se\/vandravagen\/?s={search_term_string}"},"query-input":{"@type":"PropertyValueSpecification","valueRequired":true,"valueName":"search_term_string"}}],"inLanguage":"sv-SE"},{"@type":"Organization","@id":"https:\/\/blogg.svenskakyrkan.se\/vandravagen\/#organization","name":"ulricehamns pastorat","alternateName":"ulricehamns pastorat","url":"https:\/\/blogg.svenskakyrkan.se\/vandravagen\/","logo":{"@type":"ImageObject","inLanguage":"sv-SE","@id":"https:\/\/blogg.svenskakyrkan.se\/vandravagen\/#\/schema\/logo\/image\/","url":"https:\/\/blogg.svenskakyrkan.se\/vandravagen\/files\/2023\/05\/Ulr_logo_RGB.png","contentUrl":"https:\/\/blogg.svenskakyrkan.se\/vandravagen\/files\/2023\/05\/Ulr_logo_RGB.png","width":205,"height":77,"caption":"ulricehamns pastorat"},"image":{"@id":"https:\/\/blogg.svenskakyrkan.se\/vandravagen\/#\/schema\/logo\/image\/"},"sameAs":["http:\/\/facebook.com\/vandravagen","https:\/\/x.com\/fadertomas","http:\/\/www.facebook.com\/svenskakyrkaniulricehamn"]},{"@type":"Person","@id":"https:\/\/blogg.svenskakyrkan.se\/vandravagen\/#\/schema\/person\/25da02d4f76b137d04291711e2c9fc16","name":"Tomas Jarvid","image":{"@type":"ImageObject","inLanguage":"sv-SE","@id":"https:\/\/blogg.svenskakyrkan.se\/vandravagen\/#\/schema\/person\/image\/","url":"https:\/\/secure.gravatar.com\/avatar\/7fa71899795e8f540f615a1f5ab25255dc27aa40f05ee7ddd21aac521e01bf50?s=96&d=identicon&r=g","contentUrl":"https:\/\/secure.gravatar.com\/avatar\/7fa71899795e8f540f615a1f5ab25255dc27aa40f05ee7ddd21aac521e01bf50?s=96&d=identicon&r=g","caption":"Tomas Jarvid"},"description":"Jag bor i Ulricehamn i V\u00e4sterg\u00f6tland och \u00e4r f\u00f6rsamlingspr\u00e4st i Svenska Kyrkan f\u00f6r Dalstorps f\u00f6rsamling i Kinds pastorat. P\u00e5 den h\u00e4r bloggen skriver jag ner tankar om vandringen som kristen.","sameAs":["http:\/\/www.vandravagen.se"],"url":"https:\/\/blogg.svenskakyrkan.se\/vandravagen\/author\/vandravagen\/"}]}},"author_meta":{"ID":"392","user_nicename":"vandravagen","user_url":"http:\/\/www.vandravagen.se","user_registered":"2014-05-19 05:44:52","display_name":"Tomas Jarvid","first_name":"Tomas","last_name":"Jarvid","avatar":"https:\/\/secure.gravatar.com\/avatar\/7fa71899795e8f540f615a1f5ab25255dc27aa40f05ee7ddd21aac521e01bf50?s=96&d=identicon&r=g"},"featured_image":false,"bloginfo":{"name":"Vandra V\u00e4gen","url":"https:\/\/blogg.svenskakyrkan.se\/vandravagen"},"_links":{"self":[{"href":"https:\/\/blogg.svenskakyrkan.se\/vandravagen\/wp-json\/wp\/v2\/posts\/744","targetHints":{"allow":["GET"]}}],"collection":[{"href":"https:\/\/blogg.svenskakyrkan.se\/vandravagen\/wp-json\/wp\/v2\/posts"}],"about":[{"href":"https:\/\/blogg.svenskakyrkan.se\/vandravagen\/wp-json\/wp\/v2\/types\/post"}],"author":[{"embeddable":true,"href":"https:\/\/blogg.svenskakyrkan.se\/vandravagen\/wp-json\/wp\/v2\/users\/392"}],"replies":[{"embeddable":true,"href":"https:\/\/blogg.svenskakyrkan.se\/vandravagen\/wp-json\/wp\/v2\/comments?post=744"}],"version-history":[{"count":0,"href":"https:\/\/blogg.svenskakyrkan.se\/vandravagen\/wp-json\/wp\/v2\/posts\/744\/revisions"}],"wp:attachment":[{"href":"https:\/\/blogg.svenskakyrkan.se\/vandravagen\/wp-json\/wp\/v2\/media?parent=744"}],"wp:term":[{"taxonomy":"category","embeddable":true,"href":"https:\/\/blogg.svenskakyrkan.se\/vandravagen\/wp-json\/wp\/v2\/categories?post=744"},{"taxonomy":"post_tag","embeddable":true,"href":"https:\/\/blogg.svenskakyrkan.se\/vandravagen\/wp-json\/wp\/v2\/tags?post=744"}],"curies":[{"name":"wp","href":"https:\/\/api.w.org\/{rel}","templated":true}]}}