{"id":7441,"date":"2019-11-05T07:00:18","date_gmt":"2019-11-05T06:00:18","guid":{"rendered":"http:\/\/blogg.svenskakyrkan.se\/vandravagen\/?p=7441"},"modified":"2019-11-04T09:40:34","modified_gmt":"2019-11-04T08:40:34","slug":"en-prast-laser-karlekens-vag-av-alain-de-botton","status":"publish","type":"post","link":"https:\/\/blogg.svenskakyrkan.se\/vandravagen\/2019\/11\/05\/en-prast-laser-karlekens-vag-av-alain-de-botton\/","title":{"rendered":"En pr\u00e4st l\u00e4ser &#8221;K\u00e4rlekens v\u00e4g&#8221; av Alain de Botton"},"content":{"rendered":"<p>Alain de Botton \u00e4r min favoritateist sedan han f\u00f6rs\u00f6kte lansera en &#8221;ateism 2.0&#8221; som f\u00f6rs\u00f6kte ta m\u00e4nniskans behov av sammanhang och konst och kultur och existentiella fr\u00e5gor p\u00e5 allvar. Nu har jag l\u00e4st hans bok &#8221;K\u00e4rlekens v\u00e4g&#8221;.<\/p>\n<p>I boken f\u00e5r man f\u00f6lja ett fiktivt k\u00e4rlekspar fr\u00e5n att de f\u00f6rst tr\u00e4ffas och till hur deras v\u00e4g tillsammans under de f\u00f6rsta 13 \u00e5ren av \u00e4ktenskap eller s\u00e5 ser ut. Vi f\u00e5r olika scener skildrade f\u00f6r oss och Botton anv\u00e4nder sedan dem f\u00f6r att peka p\u00e5 olika f\u00f6rest\u00e4llningar vi lever med om den romantiska k\u00e4rleken.<\/p>\n<p>Till exempel detta att vi f\u00e4ster stor vikt vid hur relationer b\u00f6rjar men pratar v\u00e4ldigt lite med varandra om hur det sedan \u00e4r att leva tillsammans under l\u00e5ng tid. Om hur f\u00f6r\u00e4ldraskapet p\u00e5verkar oss och framf\u00f6rallt om hur vardagens alla sm\u00e5 motg\u00e5ngar och ett liv i djupt beroende av varandra f\u00f6r\u00e4ndrar oss. Otrohet och parterapi f\u00f6rekommer ocks\u00e5 och i slutet av boken f\u00e5r vi h\u00f6ra att mannen i paret kanske f\u00f6rst nu b\u00f6rjar vara riktigt mogen f\u00f6r \u00e4ktenskap sedan han f\u00e5tt \u00f6dmjuka sig inf\u00f6r sina egna brister och f\u00e5tt sk\u00e4rsk\u00e5da sina dr\u00f6mmar och vad som \u00e4r riktigt betydelsefullt.<\/p>\n<p>Boken \u00e4r rolig att l\u00e4sa och v\u00e4cker en hel del tankar. Jag h\u00e5ller med om att det \u00e4r verkligt n\u00e4ra relationer vi tvingas ta itu med v\u00e5ra mer egocentriska sidor. F\u00f6r casets skull \u00e4r det ju bra att paret i boken har en hel del problem att brottas med och jag tycker det \u00e4r fint skildrat hur de f\u00e5r \u00f6gon\u00f6ppnare av parterapin och hittar n\u00e4rmare varandra igen. Sen k\u00e4nner jag kanske inte alltid igen mig sj\u00e4lv s\u00e5 v\u00e4rst mycket i relationen som skildras och jag m\u00e4rker att jag redan i utg\u00e5ngsl\u00e4get t\u00e4nker v\u00e4ldigt annorlunda j\u00e4mf\u00f6rt med de romantiska ideal som skildras i boken (och de ifr\u00e5gas\u00e4tter f\u00f6rst\u00e5s f\u00f6rfattaren ocks\u00e5 men han vill ju belysa vad vi lever med f\u00f6r f\u00f6rest\u00e4llningar). Ofta s\u00e4tter han verkligen fingret p\u00e5 n\u00e5got p\u00e5 ett v\u00e4ldigt tr\u00e4ffande s\u00e4tt. Vi \u00e4r \u00e4nd\u00e5 v\u00e4ldigt lika varandra vi m\u00e4nniskor, och k\u00e4rlek \u00e4r inte l\u00e4tt.<\/p>\n<p>Jag kan rekommendera boken, det \u00e4r ett roligt s\u00e4tt att skriva om relationer att g\u00f6ra det p\u00e5 ett s\u00e5 h\u00e4r litter\u00e4rt s\u00e4tt. Jag fick ocks\u00e5 en g\u00e5ng h\u00f6ra att den som lever i ett parf\u00f6rh\u00e5llande b\u00f6r l\u00e4sa en bok om relationer om \u00e5ret s\u00e5 d\u00e5 kan man ju v\u00e4lja den h\u00e4r i \u00e5r tycker jag.<\/p>\n<p>&nbsp;<\/p>\n","protected":false},"excerpt":{"rendered":"<p>Alain de Botton \u00e4r min favoritateist sedan han f\u00f6rs\u00f6kte lansera en &#8221;ateism 2.0&#8221; som f\u00f6rs\u00f6kte ta m\u00e4nniskans behov av sammanhang och konst och kultur och existentiella fr\u00e5gor p\u00e5 allvar. Nu har jag l\u00e4st hans bok &#8221;K\u00e4rlekens v\u00e4g&#8221;. I boken f\u00e5r man f\u00f6lja ett fiktivt k\u00e4rlekspar fr\u00e5n att de f\u00f6rst tr\u00e4ffas och till hur deras v\u00e4g [&hellip;]<\/p>\n","protected":false},"author":392,"featured_media":7458,"comment_status":"open","ping_status":"open","sticky":false,"template":"","format":"standard","meta":{"_acf_changed":false,"footnotes":""},"categories":[8253,42374,8345],"tags":[],"class_list":["post-7441","post","type-post","status-publish","format-standard","has-post-thumbnail","hentry","category-bocker","category-boktips","category-relationer"],"acf":[],"yoast_head":"<!-- This site is optimized with the Yoast SEO plugin v27.1.1 - https:\/\/yoast.com\/product\/yoast-seo-wordpress\/ -->\n<title>En pr\u00e4st l\u00e4ser &quot;K\u00e4rlekens v\u00e4g&quot; av Alain de Botton - Vandra V\u00e4gen<\/title>\n<meta name=\"robots\" content=\"index, follow, max-snippet:-1, max-image-preview:large, max-video-preview:-1\" \/>\n<link rel=\"canonical\" href=\"https:\/\/blogg.svenskakyrkan.se\/vandravagen\/2019\/11\/05\/en-prast-laser-karlekens-vag-av-alain-de-botton\/\" \/>\n<meta property=\"og:locale\" content=\"sv_SE\" \/>\n<meta property=\"og:type\" content=\"article\" \/>\n<meta property=\"og:title\" content=\"En pr\u00e4st l\u00e4ser &quot;K\u00e4rlekens v\u00e4g&quot; av Alain de Botton - Vandra V\u00e4gen\" \/>\n<meta property=\"og:description\" content=\"Alain de Botton \u00e4r min favoritateist sedan han f\u00f6rs\u00f6kte lansera en &#8221;ateism 2.0&#8221; som f\u00f6rs\u00f6kte ta m\u00e4nniskans behov av sammanhang och konst och kultur och existentiella fr\u00e5gor p\u00e5 allvar. Nu har jag l\u00e4st hans bok &#8221;K\u00e4rlekens v\u00e4g&#8221;. I boken f\u00e5r man f\u00f6lja ett fiktivt k\u00e4rlekspar fr\u00e5n att de f\u00f6rst tr\u00e4ffas och till hur deras v\u00e4g [&hellip;]\" \/>\n<meta property=\"og:url\" content=\"https:\/\/blogg.svenskakyrkan.se\/vandravagen\/2019\/11\/05\/en-prast-laser-karlekens-vag-av-alain-de-botton\/\" \/>\n<meta property=\"og:site_name\" content=\"Vandra V\u00e4gen\" \/>\n<meta property=\"article:publisher\" content=\"http:\/\/facebook.com\/vandravagen\" \/>\n<meta property=\"article:published_time\" content=\"2019-11-05T06:00:18+00:00\" \/>\n<meta name=\"author\" content=\"Tomas Jarvid\" \/>\n<meta name=\"twitter:card\" content=\"summary_large_image\" \/>\n<meta name=\"twitter:creator\" content=\"@fadertomas\" \/>\n<meta name=\"twitter:site\" content=\"@fadertomas\" \/>\n<meta name=\"twitter:label1\" content=\"Skriven av\" \/>\n\t<meta name=\"twitter:data1\" content=\"Tomas Jarvid\" \/>\n\t<meta name=\"twitter:label2\" content=\"Ber\u00e4knad l\u00e4stid\" \/>\n\t<meta name=\"twitter:data2\" content=\"2 minuter\" \/>\n<script type=\"application\/ld+json\" class=\"yoast-schema-graph\">{\"@context\":\"https:\/\/schema.org\",\"@graph\":[{\"@type\":\"Article\",\"@id\":\"https:\/\/blogg.svenskakyrkan.se\/vandravagen\/2019\/11\/05\/en-prast-laser-karlekens-vag-av-alain-de-botton\/#article\",\"isPartOf\":{\"@id\":\"https:\/\/blogg.svenskakyrkan.se\/vandravagen\/2019\/11\/05\/en-prast-laser-karlekens-vag-av-alain-de-botton\/\"},\"author\":{\"name\":\"Tomas Jarvid\",\"@id\":\"https:\/\/blogg.svenskakyrkan.se\/vandravagen\/#\/schema\/person\/25da02d4f76b137d04291711e2c9fc16\"},\"headline\":\"En pr\u00e4st l\u00e4ser &#8221;K\u00e4rlekens v\u00e4g&#8221; av Alain de Botton\",\"datePublished\":\"2019-11-05T06:00:18+00:00\",\"mainEntityOfPage\":{\"@id\":\"https:\/\/blogg.svenskakyrkan.se\/vandravagen\/2019\/11\/05\/en-prast-laser-karlekens-vag-av-alain-de-botton\/\"},\"wordCount\":498,\"commentCount\":0,\"publisher\":{\"@id\":\"https:\/\/blogg.svenskakyrkan.se\/vandravagen\/#organization\"},\"image\":{\"@id\":\"https:\/\/blogg.svenskakyrkan.se\/vandravagen\/2019\/11\/05\/en-prast-laser-karlekens-vag-av-alain-de-botton\/#primaryimage\"},\"thumbnailUrl\":\"https:\/\/blogg.svenskakyrkan.se\/vandravagen\/files\/2019\/10\/IMG_2094.jpg\",\"articleSection\":[\"b\u00f6cker\",\"boktips\",\"relationer\"],\"inLanguage\":\"sv-SE\",\"potentialAction\":[{\"@type\":\"CommentAction\",\"name\":\"Comment\",\"target\":[\"https:\/\/blogg.svenskakyrkan.se\/vandravagen\/2019\/11\/05\/en-prast-laser-karlekens-vag-av-alain-de-botton\/#respond\"]}]},{\"@type\":\"WebPage\",\"@id\":\"https:\/\/blogg.svenskakyrkan.se\/vandravagen\/2019\/11\/05\/en-prast-laser-karlekens-vag-av-alain-de-botton\/\",\"url\":\"https:\/\/blogg.svenskakyrkan.se\/vandravagen\/2019\/11\/05\/en-prast-laser-karlekens-vag-av-alain-de-botton\/\",\"name\":\"En pr\u00e4st l\u00e4ser \\\"K\u00e4rlekens v\u00e4g\\\" av Alain de Botton - Vandra V\u00e4gen\",\"isPartOf\":{\"@id\":\"https:\/\/blogg.svenskakyrkan.se\/vandravagen\/#website\"},\"primaryImageOfPage\":{\"@id\":\"https:\/\/blogg.svenskakyrkan.se\/vandravagen\/2019\/11\/05\/en-prast-laser-karlekens-vag-av-alain-de-botton\/#primaryimage\"},\"image\":{\"@id\":\"https:\/\/blogg.svenskakyrkan.se\/vandravagen\/2019\/11\/05\/en-prast-laser-karlekens-vag-av-alain-de-botton\/#primaryimage\"},\"thumbnailUrl\":\"https:\/\/blogg.svenskakyrkan.se\/vandravagen\/files\/2019\/10\/IMG_2094.jpg\",\"datePublished\":\"2019-11-05T06:00:18+00:00\",\"breadcrumb\":{\"@id\":\"https:\/\/blogg.svenskakyrkan.se\/vandravagen\/2019\/11\/05\/en-prast-laser-karlekens-vag-av-alain-de-botton\/#breadcrumb\"},\"inLanguage\":\"sv-SE\",\"potentialAction\":[{\"@type\":\"ReadAction\",\"target\":[\"https:\/\/blogg.svenskakyrkan.se\/vandravagen\/2019\/11\/05\/en-prast-laser-karlekens-vag-av-alain-de-botton\/\"]}]},{\"@type\":\"ImageObject\",\"inLanguage\":\"sv-SE\",\"@id\":\"https:\/\/blogg.svenskakyrkan.se\/vandravagen\/2019\/11\/05\/en-prast-laser-karlekens-vag-av-alain-de-botton\/#primaryimage\",\"url\":\"https:\/\/blogg.svenskakyrkan.se\/vandravagen\/files\/2019\/10\/IMG_2094.jpg\",\"contentUrl\":\"https:\/\/blogg.svenskakyrkan.se\/vandravagen\/files\/2019\/10\/IMG_2094.jpg\",\"width\":705,\"height\":766,\"caption\":\"K\u00e4rlekens v\u00e4g av Alain de Botton.\"},{\"@type\":\"BreadcrumbList\",\"@id\":\"https:\/\/blogg.svenskakyrkan.se\/vandravagen\/2019\/11\/05\/en-prast-laser-karlekens-vag-av-alain-de-botton\/#breadcrumb\",\"itemListElement\":[{\"@type\":\"ListItem\",\"position\":1,\"name\":\"Hem\",\"item\":\"https:\/\/blogg.svenskakyrkan.se\/vandravagen\/\"},{\"@type\":\"ListItem\",\"position\":2,\"name\":\"En pr\u00e4st l\u00e4ser &#8221;K\u00e4rlekens v\u00e4g&#8221; av Alain de Botton\"}]},{\"@type\":\"WebSite\",\"@id\":\"https:\/\/blogg.svenskakyrkan.se\/vandravagen\/#website\",\"url\":\"https:\/\/blogg.svenskakyrkan.se\/vandravagen\/\",\"name\":\"Vandra V\u00e4gen\",\"description\":\"-Mot en tro f\u00f6r hela livet\",\"publisher\":{\"@id\":\"https:\/\/blogg.svenskakyrkan.se\/vandravagen\/#organization\"},\"potentialAction\":[{\"@type\":\"SearchAction\",\"target\":{\"@type\":\"EntryPoint\",\"urlTemplate\":\"https:\/\/blogg.svenskakyrkan.se\/vandravagen\/?s={search_term_string}\"},\"query-input\":{\"@type\":\"PropertyValueSpecification\",\"valueRequired\":true,\"valueName\":\"search_term_string\"}}],\"inLanguage\":\"sv-SE\"},{\"@type\":\"Organization\",\"@id\":\"https:\/\/blogg.svenskakyrkan.se\/vandravagen\/#organization\",\"name\":\"ulricehamns pastorat\",\"alternateName\":\"ulricehamns pastorat\",\"url\":\"https:\/\/blogg.svenskakyrkan.se\/vandravagen\/\",\"logo\":{\"@type\":\"ImageObject\",\"inLanguage\":\"sv-SE\",\"@id\":\"https:\/\/blogg.svenskakyrkan.se\/vandravagen\/#\/schema\/logo\/image\/\",\"url\":\"https:\/\/blogg.svenskakyrkan.se\/vandravagen\/files\/2023\/05\/Ulr_logo_RGB.png\",\"contentUrl\":\"https:\/\/blogg.svenskakyrkan.se\/vandravagen\/files\/2023\/05\/Ulr_logo_RGB.png\",\"width\":205,\"height\":77,\"caption\":\"ulricehamns pastorat\"},\"image\":{\"@id\":\"https:\/\/blogg.svenskakyrkan.se\/vandravagen\/#\/schema\/logo\/image\/\"},\"sameAs\":[\"http:\/\/facebook.com\/vandravagen\",\"https:\/\/x.com\/fadertomas\",\"http:\/\/www.facebook.com\/svenskakyrkaniulricehamn\"]},{\"@type\":\"Person\",\"@id\":\"https:\/\/blogg.svenskakyrkan.se\/vandravagen\/#\/schema\/person\/25da02d4f76b137d04291711e2c9fc16\",\"name\":\"Tomas Jarvid\",\"image\":{\"@type\":\"ImageObject\",\"inLanguage\":\"sv-SE\",\"@id\":\"https:\/\/blogg.svenskakyrkan.se\/vandravagen\/#\/schema\/person\/image\/\",\"url\":\"https:\/\/secure.gravatar.com\/avatar\/7fa71899795e8f540f615a1f5ab25255dc27aa40f05ee7ddd21aac521e01bf50?s=96&d=identicon&r=g\",\"contentUrl\":\"https:\/\/secure.gravatar.com\/avatar\/7fa71899795e8f540f615a1f5ab25255dc27aa40f05ee7ddd21aac521e01bf50?s=96&d=identicon&r=g\",\"caption\":\"Tomas Jarvid\"},\"description\":\"Jag bor i Ulricehamn i V\u00e4sterg\u00f6tland och \u00e4r f\u00f6rsamlingspr\u00e4st i Svenska Kyrkan f\u00f6r Dalstorps f\u00f6rsamling i Kinds pastorat. P\u00e5 den h\u00e4r bloggen skriver jag ner tankar om vandringen som kristen.\",\"sameAs\":[\"http:\/\/www.vandravagen.se\"],\"url\":\"https:\/\/blogg.svenskakyrkan.se\/vandravagen\/author\/vandravagen\/\"}]}<\/script>\n<!-- \/ Yoast SEO plugin. -->","yoast_head_json":{"title":"En pr\u00e4st l\u00e4ser \"K\u00e4rlekens v\u00e4g\" av Alain de Botton - Vandra V\u00e4gen","robots":{"index":"index","follow":"follow","max-snippet":"max-snippet:-1","max-image-preview":"max-image-preview:large","max-video-preview":"max-video-preview:-1"},"canonical":"https:\/\/blogg.svenskakyrkan.se\/vandravagen\/2019\/11\/05\/en-prast-laser-karlekens-vag-av-alain-de-botton\/","og_locale":"sv_SE","og_type":"article","og_title":"En pr\u00e4st l\u00e4ser \"K\u00e4rlekens v\u00e4g\" av Alain de Botton - Vandra V\u00e4gen","og_description":"Alain de Botton \u00e4r min favoritateist sedan han f\u00f6rs\u00f6kte lansera en &#8221;ateism 2.0&#8221; som f\u00f6rs\u00f6kte ta m\u00e4nniskans behov av sammanhang och konst och kultur och existentiella fr\u00e5gor p\u00e5 allvar. Nu har jag l\u00e4st hans bok &#8221;K\u00e4rlekens v\u00e4g&#8221;. I boken f\u00e5r man f\u00f6lja ett fiktivt k\u00e4rlekspar fr\u00e5n att de f\u00f6rst tr\u00e4ffas och till hur deras v\u00e4g [&hellip;]","og_url":"https:\/\/blogg.svenskakyrkan.se\/vandravagen\/2019\/11\/05\/en-prast-laser-karlekens-vag-av-alain-de-botton\/","og_site_name":"Vandra V\u00e4gen","article_publisher":"http:\/\/facebook.com\/vandravagen","article_published_time":"2019-11-05T06:00:18+00:00","author":"Tomas Jarvid","twitter_card":"summary_large_image","twitter_creator":"@fadertomas","twitter_site":"@fadertomas","twitter_misc":{"Skriven av":"Tomas Jarvid","Ber\u00e4knad l\u00e4stid":"2 minuter"},"schema":{"@context":"https:\/\/schema.org","@graph":[{"@type":"Article","@id":"https:\/\/blogg.svenskakyrkan.se\/vandravagen\/2019\/11\/05\/en-prast-laser-karlekens-vag-av-alain-de-botton\/#article","isPartOf":{"@id":"https:\/\/blogg.svenskakyrkan.se\/vandravagen\/2019\/11\/05\/en-prast-laser-karlekens-vag-av-alain-de-botton\/"},"author":{"name":"Tomas Jarvid","@id":"https:\/\/blogg.svenskakyrkan.se\/vandravagen\/#\/schema\/person\/25da02d4f76b137d04291711e2c9fc16"},"headline":"En pr\u00e4st l\u00e4ser &#8221;K\u00e4rlekens v\u00e4g&#8221; av Alain de Botton","datePublished":"2019-11-05T06:00:18+00:00","mainEntityOfPage":{"@id":"https:\/\/blogg.svenskakyrkan.se\/vandravagen\/2019\/11\/05\/en-prast-laser-karlekens-vag-av-alain-de-botton\/"},"wordCount":498,"commentCount":0,"publisher":{"@id":"https:\/\/blogg.svenskakyrkan.se\/vandravagen\/#organization"},"image":{"@id":"https:\/\/blogg.svenskakyrkan.se\/vandravagen\/2019\/11\/05\/en-prast-laser-karlekens-vag-av-alain-de-botton\/#primaryimage"},"thumbnailUrl":"https:\/\/blogg.svenskakyrkan.se\/vandravagen\/files\/2019\/10\/IMG_2094.jpg","articleSection":["b\u00f6cker","boktips","relationer"],"inLanguage":"sv-SE","potentialAction":[{"@type":"CommentAction","name":"Comment","target":["https:\/\/blogg.svenskakyrkan.se\/vandravagen\/2019\/11\/05\/en-prast-laser-karlekens-vag-av-alain-de-botton\/#respond"]}]},{"@type":"WebPage","@id":"https:\/\/blogg.svenskakyrkan.se\/vandravagen\/2019\/11\/05\/en-prast-laser-karlekens-vag-av-alain-de-botton\/","url":"https:\/\/blogg.svenskakyrkan.se\/vandravagen\/2019\/11\/05\/en-prast-laser-karlekens-vag-av-alain-de-botton\/","name":"En pr\u00e4st l\u00e4ser \"K\u00e4rlekens v\u00e4g\" av Alain de Botton - Vandra V\u00e4gen","isPartOf":{"@id":"https:\/\/blogg.svenskakyrkan.se\/vandravagen\/#website"},"primaryImageOfPage":{"@id":"https:\/\/blogg.svenskakyrkan.se\/vandravagen\/2019\/11\/05\/en-prast-laser-karlekens-vag-av-alain-de-botton\/#primaryimage"},"image":{"@id":"https:\/\/blogg.svenskakyrkan.se\/vandravagen\/2019\/11\/05\/en-prast-laser-karlekens-vag-av-alain-de-botton\/#primaryimage"},"thumbnailUrl":"https:\/\/blogg.svenskakyrkan.se\/vandravagen\/files\/2019\/10\/IMG_2094.jpg","datePublished":"2019-11-05T06:00:18+00:00","breadcrumb":{"@id":"https:\/\/blogg.svenskakyrkan.se\/vandravagen\/2019\/11\/05\/en-prast-laser-karlekens-vag-av-alain-de-botton\/#breadcrumb"},"inLanguage":"sv-SE","potentialAction":[{"@type":"ReadAction","target":["https:\/\/blogg.svenskakyrkan.se\/vandravagen\/2019\/11\/05\/en-prast-laser-karlekens-vag-av-alain-de-botton\/"]}]},{"@type":"ImageObject","inLanguage":"sv-SE","@id":"https:\/\/blogg.svenskakyrkan.se\/vandravagen\/2019\/11\/05\/en-prast-laser-karlekens-vag-av-alain-de-botton\/#primaryimage","url":"https:\/\/blogg.svenskakyrkan.se\/vandravagen\/files\/2019\/10\/IMG_2094.jpg","contentUrl":"https:\/\/blogg.svenskakyrkan.se\/vandravagen\/files\/2019\/10\/IMG_2094.jpg","width":705,"height":766,"caption":"K\u00e4rlekens v\u00e4g av Alain de Botton."},{"@type":"BreadcrumbList","@id":"https:\/\/blogg.svenskakyrkan.se\/vandravagen\/2019\/11\/05\/en-prast-laser-karlekens-vag-av-alain-de-botton\/#breadcrumb","itemListElement":[{"@type":"ListItem","position":1,"name":"Hem","item":"https:\/\/blogg.svenskakyrkan.se\/vandravagen\/"},{"@type":"ListItem","position":2,"name":"En pr\u00e4st l\u00e4ser &#8221;K\u00e4rlekens v\u00e4g&#8221; av Alain de Botton"}]},{"@type":"WebSite","@id":"https:\/\/blogg.svenskakyrkan.se\/vandravagen\/#website","url":"https:\/\/blogg.svenskakyrkan.se\/vandravagen\/","name":"Vandra V\u00e4gen","description":"-Mot en tro f\u00f6r hela livet","publisher":{"@id":"https:\/\/blogg.svenskakyrkan.se\/vandravagen\/#organization"},"potentialAction":[{"@type":"SearchAction","target":{"@type":"EntryPoint","urlTemplate":"https:\/\/blogg.svenskakyrkan.se\/vandravagen\/?s={search_term_string}"},"query-input":{"@type":"PropertyValueSpecification","valueRequired":true,"valueName":"search_term_string"}}],"inLanguage":"sv-SE"},{"@type":"Organization","@id":"https:\/\/blogg.svenskakyrkan.se\/vandravagen\/#organization","name":"ulricehamns pastorat","alternateName":"ulricehamns pastorat","url":"https:\/\/blogg.svenskakyrkan.se\/vandravagen\/","logo":{"@type":"ImageObject","inLanguage":"sv-SE","@id":"https:\/\/blogg.svenskakyrkan.se\/vandravagen\/#\/schema\/logo\/image\/","url":"https:\/\/blogg.svenskakyrkan.se\/vandravagen\/files\/2023\/05\/Ulr_logo_RGB.png","contentUrl":"https:\/\/blogg.svenskakyrkan.se\/vandravagen\/files\/2023\/05\/Ulr_logo_RGB.png","width":205,"height":77,"caption":"ulricehamns pastorat"},"image":{"@id":"https:\/\/blogg.svenskakyrkan.se\/vandravagen\/#\/schema\/logo\/image\/"},"sameAs":["http:\/\/facebook.com\/vandravagen","https:\/\/x.com\/fadertomas","http:\/\/www.facebook.com\/svenskakyrkaniulricehamn"]},{"@type":"Person","@id":"https:\/\/blogg.svenskakyrkan.se\/vandravagen\/#\/schema\/person\/25da02d4f76b137d04291711e2c9fc16","name":"Tomas Jarvid","image":{"@type":"ImageObject","inLanguage":"sv-SE","@id":"https:\/\/blogg.svenskakyrkan.se\/vandravagen\/#\/schema\/person\/image\/","url":"https:\/\/secure.gravatar.com\/avatar\/7fa71899795e8f540f615a1f5ab25255dc27aa40f05ee7ddd21aac521e01bf50?s=96&d=identicon&r=g","contentUrl":"https:\/\/secure.gravatar.com\/avatar\/7fa71899795e8f540f615a1f5ab25255dc27aa40f05ee7ddd21aac521e01bf50?s=96&d=identicon&r=g","caption":"Tomas Jarvid"},"description":"Jag bor i Ulricehamn i V\u00e4sterg\u00f6tland och \u00e4r f\u00f6rsamlingspr\u00e4st i Svenska Kyrkan f\u00f6r Dalstorps f\u00f6rsamling i Kinds pastorat. P\u00e5 den h\u00e4r bloggen skriver jag ner tankar om vandringen som kristen.","sameAs":["http:\/\/www.vandravagen.se"],"url":"https:\/\/blogg.svenskakyrkan.se\/vandravagen\/author\/vandravagen\/"}]}},"author_meta":{"ID":"392","user_nicename":"vandravagen","user_url":"http:\/\/www.vandravagen.se","user_registered":"2014-05-19 05:44:52","display_name":"Tomas Jarvid","first_name":"Tomas","last_name":"Jarvid","avatar":"https:\/\/secure.gravatar.com\/avatar\/7fa71899795e8f540f615a1f5ab25255dc27aa40f05ee7ddd21aac521e01bf50?s=96&d=identicon&r=g"},"featured_image":["https:\/\/blogg.svenskakyrkan.se\/vandravagen\/files\/2019\/10\/IMG_2094.jpg",705,766,false],"bloginfo":{"name":"Vandra V\u00e4gen","url":"https:\/\/blogg.svenskakyrkan.se\/vandravagen"},"_links":{"self":[{"href":"https:\/\/blogg.svenskakyrkan.se\/vandravagen\/wp-json\/wp\/v2\/posts\/7441","targetHints":{"allow":["GET"]}}],"collection":[{"href":"https:\/\/blogg.svenskakyrkan.se\/vandravagen\/wp-json\/wp\/v2\/posts"}],"about":[{"href":"https:\/\/blogg.svenskakyrkan.se\/vandravagen\/wp-json\/wp\/v2\/types\/post"}],"author":[{"embeddable":true,"href":"https:\/\/blogg.svenskakyrkan.se\/vandravagen\/wp-json\/wp\/v2\/users\/392"}],"replies":[{"embeddable":true,"href":"https:\/\/blogg.svenskakyrkan.se\/vandravagen\/wp-json\/wp\/v2\/comments?post=7441"}],"version-history":[{"count":2,"href":"https:\/\/blogg.svenskakyrkan.se\/vandravagen\/wp-json\/wp\/v2\/posts\/7441\/revisions"}],"predecessor-version":[{"id":7459,"href":"https:\/\/blogg.svenskakyrkan.se\/vandravagen\/wp-json\/wp\/v2\/posts\/7441\/revisions\/7459"}],"wp:featuredmedia":[{"embeddable":true,"href":"https:\/\/blogg.svenskakyrkan.se\/vandravagen\/wp-json\/wp\/v2\/media\/7458"}],"wp:attachment":[{"href":"https:\/\/blogg.svenskakyrkan.se\/vandravagen\/wp-json\/wp\/v2\/media?parent=7441"}],"wp:term":[{"taxonomy":"category","embeddable":true,"href":"https:\/\/blogg.svenskakyrkan.se\/vandravagen\/wp-json\/wp\/v2\/categories?post=7441"},{"taxonomy":"post_tag","embeddable":true,"href":"https:\/\/blogg.svenskakyrkan.se\/vandravagen\/wp-json\/wp\/v2\/tags?post=7441"}],"curies":[{"name":"wp","href":"https:\/\/api.w.org\/{rel}","templated":true}]}}