{"id":7447,"date":"2019-11-04T07:00:29","date_gmt":"2019-11-04T06:00:29","guid":{"rendered":"http:\/\/blogg.svenskakyrkan.se\/vandravagen\/?p=7447"},"modified":"2019-11-03T22:23:34","modified_gmt":"2019-11-03T21:23:34","slug":"forandringen-tacksamheten-och-hoppet","status":"publish","type":"post","link":"https:\/\/blogg.svenskakyrkan.se\/vandravagen\/2019\/11\/04\/forandringen-tacksamheten-och-hoppet\/","title":{"rendered":"F\u00f6r\u00e4ndringen, tacksamheten och hoppet"},"content":{"rendered":"<p>Nu ligger allahelgonahelgens alla minnesgudstj\u00e4nster bakom och jag ser tillbaka p\u00e5 dem med v\u00e4rme. H\u00e4r \u00e4r nu min predikan ocks\u00e5 p\u00e5 bloggen. Mellan delarna fick vi lyssna p\u00e5 s\u00e5ng av Arne I och jag tycker det alltid \u00e4r lyxigt att kunna ha s\u00e5dan musikinramning som talare. Jag hoppas det h\u00e4r kan vara till tr\u00f6st och gl\u00e4dje f\u00f6r dig.<\/p>\n<p><strong>Del 1: F\u00f6r\u00e4ndringen<\/strong><\/p>\n<p>V\u00e5r f\u00f6rrf\u00f6rra \u00e4rkebiskop KG Hammar slutade som \u00e4rkebiskop f\u00f6r att kunna ta hand om sin sjuka hustru. I en intervju ber\u00e4ttade han om att han som pr\u00e4st hade st\u00e5tt vid m\u00e5nga kistor p\u00e5 m\u00e5nga begravningar men att n\u00e4r hans fru sedan dog blev det tydligt att man inte kan vara f\u00f6rberedd p\u00e5 n\u00e5got s\u00e5dant bara f\u00f6r att man f\u00f6rst\u00e5tt med huvudet att det en dag kommer att ske. Han beskrev ocks\u00e5 sorge\u00e5ret med allt det man brukar s\u00e4ga om det. P\u00e5 ett \u00e5r hinner man vara med om de stora helgerna utan den man brukar dela dem med, vardagen som f\u00f6r\u00e4ndrats och hemmet som fortfarande \u00e4r detsamma. Man v\u00e4ntar sig att den k\u00e4ra ska dyka upp d\u00e4r i k\u00f6ket som vanligt bara f\u00f6r att allt ser <strong>ut<\/strong> att vara precis som vanligt. N\u00e4r egentligen allt f\u00f6r\u00e4ndrats. Och efter det d\u00e4r \u00e5ret sa han, s\u00e5 gjorde sorgen inte lika ont l\u00e4ngre (det d\u00e4r kan nog vara v\u00e4ldigt olika f\u00f6r olika personer). Som han s\u00e5g det var den st\u00f6rsta skillnaden att livet hade blivit s\u00e5 v\u00e4ldigt tr\u00e5kigt och tomt. Han saknade sin fru hela tiden i alla de situationer som vare sig de var roliga eller tr\u00e5kiga \u00e4nd\u00e5 blev goda stunder f\u00f6r att de fick dela dem med varandra. Nu blev det v\u00e4ldigt gr\u00e5tt.<\/p>\n<p>I sin bok \u201dsorgens g\u00e5va \u00e4r en vidgad blick\u201d skriver Patrik Hagman om hur det var n\u00e4r han son blev sjuk och dog, och strax d\u00e4refter hastigt ocks\u00e5 hans fru. Han skriver att det \u00e4r p\u00e5tagligt att v\u00e5r vardag f\u00f6r\u00e4ndras n\u00e4r en n\u00e4ra person d\u00f6r, men det \u00e4r ocks\u00e5 s\u00e5 att vi sj\u00e4lva f\u00f6r\u00e4ndras. V\u00e5r personlighet f\u00f6r\u00e4ndras f\u00f6r det i oss som bara den som d\u00f6tt kunde locka fram kommer inte fram l\u00e4ngre. En stor del av sorgen \u00e4r att f\u00f6rst\u00e5, som det var f\u00f6r KG Hammar, vem \u00e4r jag nu n\u00e4r jag \u00e4r utan honom eller henne? Kanske beh\u00f6ver vi ber\u00e4tta f\u00f6r n\u00e5gon, eller skriva ner p\u00e5 papper s\u00e5 det blir tydligt vad v\u00e5r relation bestod av, p\u00e5 gott och ont och \u00e4rligt, s\u00e5 vi kan f\u00f6rst\u00e5 vem vi \u00e4r nu. Man skulle kunna kalla det f\u00f6r att f\u00f6rsonas. S\u00e4ga sanningen om det som varit och det som \u00e4r nu, kanske f\u00f6rl\u00e5ta en hel del saker. Och se p\u00e5 det med som varit med k\u00e4rlekens blick.<\/p>\n<p><strong>Del 2: tacksamheten<\/strong><\/p>\n<p>Det m\u00e4rkligaste med Patrik Hagman, han som f\u00f6rlorade b\u00e5de sitt lilla barn och sin fru, \u00e4r att han skriver s\u00e5 mycket om tacksamhet. Han skriver att man har ett val i sorgen. Man kan v\u00e4lja att t\u00e4nka p\u00e5 hur or\u00e4ttvist det \u00e4r (f\u00f6r det \u00e4r det ju!) att den h\u00e4r sjukdomen skulle komma just nu och till just honom eller henne. N\u00e4r alla andra lever vidare sina liv och inte vet hur bra de har det och allt de tar f\u00f6r givet s\u00e5 kan man vara arg och man kan \u00e5ngra s\u00e5 mycket och man kan \u00f6nska mer \u00e4n n\u00e5got annat att det h\u00e4r inte hade h\u00e4nt, att det inte \u00e4r sant. Allt det d\u00e4r \u00e4r djupt m\u00e4nskligt och Patrik sj\u00e4lv brottas f\u00f6rst\u00e5s ibland oerh\u00f6rt mycket med alla de k\u00e4nslorna och tankarna. Men han konstaterade att det leder inte till n\u00e5got gott. Det blir aldrig b\u00e4ttre av att g\u00e5 djupare och djupare in i att \u00e4lta s\u00e5na fr\u00e5gor. Man bara fastnar.<\/p>\n<p>Man kan ocks\u00e5 v\u00e4lja att fokusera p\u00e5 tacksamheten. Och jag skulle nog tycka att det var alltf\u00f6r f\u00f6rm\u00e4tet att tala om tacksamhet i samband med sorg, f\u00f6r jag kan verkligen inte d\u00f6ma n\u00e5gon som inte f\u00f6rm\u00e5r vara tacksam n\u00e4r ens liv sl\u00e5s s\u00f6nder, men eftersom jag h\u00f6rt det fr\u00e5n flera s\u00f6rjande s\u00e5 v\u00e5gar jag tro att det h\u00e4r \u00e4r en viktig sanning. Man kan v\u00e4lja att vandra i de goda minnena, t\u00e4nka p\u00e5 allt det man delat och varit med om. Det goda som lever kvar efter den som har d\u00f6tt och tacka Gud f\u00f6r det. Tacksamheten \u00e4r ocks\u00e5 ett b\u00e4ttre s\u00e4tt att hedra den som d\u00f6tt, genom att gl\u00e4dja sig \u00f6ver allt det goda. Lyckas man med det s\u00e5 \u00e4r det gott.<\/p>\n<p>Samtidigt som jag l\u00e4ste Patrik Hagman kom samma tanke om tacksamhet till mig fr\u00e5n ett annat h\u00e5ll ocks\u00e5, ett ov\u00e4ntat h\u00e5ll. Jag f\u00f6ljer David JP Philips via n\u00e4tet f\u00f6r att han \u00e4r en m\u00e4stare p\u00e5 kommunikation. Han \u00e4r expert p\u00e5 hur vi reagerar i hj\u00e4rnan p\u00e5 olika sorters budskap. Nu fick jag lite ov\u00e4ntat se honom filma sig sj\u00e4lv med t\u00e5rar i \u00f6gonen f\u00f6r han ber\u00e4ttade om sin pappa som hade d\u00f6tt f\u00f6r en tid sedan. Han sade samma sak som Hagman men p\u00e5 ett annat s\u00e4tt. Om man fokuserar p\u00e5 det or\u00e4ttvisa eller ilskan och klagan s\u00e5 uts\u00f6ndrar hj\u00e4rnan hormoner som stressar och bryter ner. Kanske leder de till depression som vi inte kommer ur s\u00e5 l\u00e4tt, sade han. Men f\u00f6r den som tackar s\u00e5 uts\u00f6ndrar kroppen sj\u00e4lv oxcytosin. Ett \u00e4mne som f\u00e5r oss att slappna av, s\u00e4nka pulsen, m\u00e5 b\u00e4ttre. Det k\u00e4ndes v\u00e4ldigt m\u00e4rkligt n\u00e4r han pratade om det i samband med sin egen sorg men f\u00f6r honom var det inte s\u00e5. Han var glad att veta att han skulle l\u00e5ta tankarna vandra i tacksamhetens tankebanor f\u00f6r att det ocks\u00e5 var det mest l\u00e4kande.<\/p>\n<p><strong>Del 3: Hoppet<\/strong><\/p>\n<p>Jag vill l\u00e4gga till \u00e4nnu en sak till tacksamheten. Det \u00e4r hoppet. Job fr\u00e5gar i texten vi h\u00f6rt \u201d Vad har jag d\u00e5 f\u00f6r hopp, vem kan sk\u00f6nja n\u00e5gon lycka f\u00f6r mig? G\u00e5r hopp och lycka med mig till d\u00f6dsriket, skall de f\u00f6lja mig ner i mullen?\u201d och det \u00e4r en rimlig fr\u00e5ga n\u00e4r man t\u00e4nker p\u00e5 d\u00f6den som skr\u00e4mmer och p\u00e5 v\u00e4nner som tas ifr\u00e5n oss. Hoppet kan smyga sig in p\u00e5 ov\u00e4ntade s\u00e4tt. Den som tackar, liksom den som klagar (och i bibeln \u00e4r klagopsalmerna kanske lika m\u00e5nga som tackpsalmerna, n\u00e4r jag sagt detta med tacksamhet \u00e4r det J\u00c4TTEVIKTIGT att vi inte tror vi m\u00e5ste tvinga oss att k\u00e4nna p\u00e5 n\u00e5got annat s\u00e4tt \u00e4n vi g\u00f6r) v\u00e4nder sig till den som alltid lyssnar, Gud. Kanske \u00e4r det alltid b\u00e4ttre att tala \u00e4n att tiga? B\u00e4ttre att ge ord \u00e5t allt som finns i hj\u00e4rtat och lycklig den som har t\u00e5lmodiga v\u00e4nner men ocks\u00e5 lycklig den som v\u00e4nder sig till Gud f\u00f6r i det finns det tr\u00f6st och hopp. Det \u00e4r s\u00e5 l\u00e4tt att bli fast i sina egna tankar men n\u00e4r vi talat ut det hj\u00e4rtat \u00e4r fullt av \u00e4r vi kanske ocks\u00e5 redo f\u00f6r att lyssna. Idag f\u00e5r vi lyssna till Jesu ord.<\/p>\n<p>&nbsp;<\/p>\n<p>37Alla som Fadern ger mig skall komma till mig, och den som kommer till mig skall jag inte visa bort. 38Ty jag har inte kommit ner fr\u00e5n himlen f\u00f6r att g\u00f6ra vad jag sj\u00e4lv vill utan f\u00f6r att inte l\u00e5ta n\u00e5gon g\u00e5 f\u00f6rlorad av dem som han har gett mig utan l\u00e5ta dem uppst\u00e5 p\u00e5 den sista dagen. 40Ty detta \u00e4r min faders vilja: att alla som ser Sonen och tror p\u00e5 honom skall ha evigt liv. Och jag skall l\u00e5ta dem uppst\u00e5 p\u00e5 den sista dagen.\u201d<\/p>\n<p>&nbsp;<\/p>\n<p>Det \u00e4r dubbeltydigt, vilka \u00e4r det som Fadern har gett Jesus som han inte ska g\u00e5 f\u00f6rlorad? Som jag f\u00f6rst\u00e5r det \u00e4r det samma som de som \u201dkommer till mig\u201d. Fr\u00e5n Guds perspektiv s\u00f6ker vi alltid Gud f\u00f6r att han lett oss till att g\u00f6ra det. Vi \u00e4r de som Gud har kallat, vi \u00e4r de han vill ha hos sig i livet och i evigheten. Kommer det an p\u00e5 Gud s\u00e5 \u00e4r det s\u00e5. V\u00e5rt kristna hopp \u00e4r att n\u00e4r Jesus dog och uppstod s\u00e5 var det f\u00f6r hela v\u00e4rlden och f\u00f6r dig och mig. Att han besegrade d\u00f6den och \u00f6ppnade v\u00e4gen till det eviga livet. Att han vill och kan ta emot oss n\u00e4r v\u00e5ra liv h\u00e4r tar slut. Att vi och v\u00e5ra n\u00e4ra och k\u00e4ra och hela v\u00e4rlden ligger i hans h\u00e4nder. Han vill ge dem evigt liv i leva i det nya liv som han berett \u00e5t oss.<\/p>\n<p>N\u00e4r livet f\u00f6r\u00e4ndras p\u00e5minns vi om att allting i livet f\u00f6r\u00e4ndras och det \u00e4r sm\u00e4rtsamt att det \u00e4r s\u00e5. D\u00e5 finns det ocks\u00e5 tr\u00f6st i det som aldrig f\u00f6r\u00e4ndras. Guds omsorg om alla han vill r\u00e4kna som sina.<\/p>\n<p>&nbsp;<\/p>\n<p>I en av v\u00e5ra mera tvivlande psalmer st\u00e5r det<\/p>\n<p>Det \u00e4r nog o Gud att veta att jag lever i din hand. Kanske fr\u00e5gorna blir l\u00f6sta, kanske f\u00e5r de inget svar. Det som ger mitt liv en mening \u00e4r att du Gud vill mitt v\u00e4l. Det \u00e4r nog o Gud att vet att jag lever i din hand.<\/p>\n","protected":false},"excerpt":{"rendered":"<p>Nu ligger allahelgonahelgens alla minnesgudstj\u00e4nster bakom och jag ser tillbaka p\u00e5 dem med v\u00e4rme. H\u00e4r \u00e4r nu min predikan ocks\u00e5 p\u00e5 bloggen. Mellan delarna fick vi lyssna p\u00e5 s\u00e5ng av Arne I och jag tycker det alltid \u00e4r lyxigt att kunna ha s\u00e5dan musikinramning som talare. Jag hoppas det h\u00e4r kan vara till tr\u00f6st och [&hellip;]<\/p>\n","protected":false},"author":392,"featured_media":7448,"comment_status":"open","ping_status":"open","sticky":false,"template":"","format":"standard","meta":{"_acf_changed":false,"footnotes":""},"categories":[30316,8252,114],"tags":[],"class_list":["post-7447","post","type-post","status-publish","format-standard","has-post-thumbnail","hentry","category-doden","category-kyrkoaret","category-predikan"],"acf":[],"yoast_head":"<!-- This site is optimized with the Yoast SEO plugin v27.1.1 - https:\/\/yoast.com\/product\/yoast-seo-wordpress\/ -->\n<title>F\u00f6r\u00e4ndringen, tacksamheten och hoppet - Vandra V\u00e4gen<\/title>\n<meta name=\"robots\" content=\"index, follow, max-snippet:-1, max-image-preview:large, max-video-preview:-1\" \/>\n<link rel=\"canonical\" href=\"https:\/\/blogg.svenskakyrkan.se\/vandravagen\/2019\/11\/04\/forandringen-tacksamheten-och-hoppet\/\" \/>\n<meta property=\"og:locale\" content=\"sv_SE\" \/>\n<meta property=\"og:type\" content=\"article\" \/>\n<meta property=\"og:title\" content=\"F\u00f6r\u00e4ndringen, tacksamheten och hoppet - Vandra V\u00e4gen\" \/>\n<meta property=\"og:description\" content=\"Nu ligger allahelgonahelgens alla minnesgudstj\u00e4nster bakom och jag ser tillbaka p\u00e5 dem med v\u00e4rme. H\u00e4r \u00e4r nu min predikan ocks\u00e5 p\u00e5 bloggen. Mellan delarna fick vi lyssna p\u00e5 s\u00e5ng av Arne I och jag tycker det alltid \u00e4r lyxigt att kunna ha s\u00e5dan musikinramning som talare. Jag hoppas det h\u00e4r kan vara till tr\u00f6st och [&hellip;]\" \/>\n<meta property=\"og:url\" content=\"https:\/\/blogg.svenskakyrkan.se\/vandravagen\/2019\/11\/04\/forandringen-tacksamheten-och-hoppet\/\" \/>\n<meta property=\"og:site_name\" content=\"Vandra V\u00e4gen\" \/>\n<meta property=\"article:publisher\" content=\"http:\/\/facebook.com\/vandravagen\" \/>\n<meta property=\"article:published_time\" content=\"2019-11-04T06:00:29+00:00\" \/>\n<meta name=\"author\" content=\"Tomas Jarvid\" \/>\n<meta name=\"twitter:card\" content=\"summary_large_image\" \/>\n<meta name=\"twitter:creator\" content=\"@fadertomas\" \/>\n<meta name=\"twitter:site\" content=\"@fadertomas\" \/>\n<meta name=\"twitter:label1\" content=\"Skriven av\" \/>\n\t<meta name=\"twitter:data1\" content=\"Tomas Jarvid\" \/>\n\t<meta name=\"twitter:label2\" content=\"Ber\u00e4knad l\u00e4stid\" \/>\n\t<meta name=\"twitter:data2\" content=\"9 minuter\" \/>\n<script type=\"application\/ld+json\" class=\"yoast-schema-graph\">{\"@context\":\"https:\/\/schema.org\",\"@graph\":[{\"@type\":\"Article\",\"@id\":\"https:\/\/blogg.svenskakyrkan.se\/vandravagen\/2019\/11\/04\/forandringen-tacksamheten-och-hoppet\/#article\",\"isPartOf\":{\"@id\":\"https:\/\/blogg.svenskakyrkan.se\/vandravagen\/2019\/11\/04\/forandringen-tacksamheten-och-hoppet\/\"},\"author\":{\"name\":\"Tomas Jarvid\",\"@id\":\"https:\/\/blogg.svenskakyrkan.se\/vandravagen\/#\/schema\/person\/25da02d4f76b137d04291711e2c9fc16\"},\"headline\":\"F\u00f6r\u00e4ndringen, tacksamheten och hoppet\",\"datePublished\":\"2019-11-04T06:00:29+00:00\",\"mainEntityOfPage\":{\"@id\":\"https:\/\/blogg.svenskakyrkan.se\/vandravagen\/2019\/11\/04\/forandringen-tacksamheten-och-hoppet\/\"},\"wordCount\":1723,\"commentCount\":0,\"publisher\":{\"@id\":\"https:\/\/blogg.svenskakyrkan.se\/vandravagen\/#organization\"},\"image\":{\"@id\":\"https:\/\/blogg.svenskakyrkan.se\/vandravagen\/2019\/11\/04\/forandringen-tacksamheten-och-hoppet\/#primaryimage\"},\"thumbnailUrl\":\"https:\/\/blogg.svenskakyrkan.se\/vandravagen\/files\/2019\/11\/IMG_2133.jpg\",\"articleSection\":[\"d\u00f6den\",\"kyrko\u00e5ret\",\"predikan\"],\"inLanguage\":\"sv-SE\",\"potentialAction\":[{\"@type\":\"CommentAction\",\"name\":\"Comment\",\"target\":[\"https:\/\/blogg.svenskakyrkan.se\/vandravagen\/2019\/11\/04\/forandringen-tacksamheten-och-hoppet\/#respond\"]}]},{\"@type\":\"WebPage\",\"@id\":\"https:\/\/blogg.svenskakyrkan.se\/vandravagen\/2019\/11\/04\/forandringen-tacksamheten-och-hoppet\/\",\"url\":\"https:\/\/blogg.svenskakyrkan.se\/vandravagen\/2019\/11\/04\/forandringen-tacksamheten-och-hoppet\/\",\"name\":\"F\u00f6r\u00e4ndringen, tacksamheten och hoppet - Vandra V\u00e4gen\",\"isPartOf\":{\"@id\":\"https:\/\/blogg.svenskakyrkan.se\/vandravagen\/#website\"},\"primaryImageOfPage\":{\"@id\":\"https:\/\/blogg.svenskakyrkan.se\/vandravagen\/2019\/11\/04\/forandringen-tacksamheten-och-hoppet\/#primaryimage\"},\"image\":{\"@id\":\"https:\/\/blogg.svenskakyrkan.se\/vandravagen\/2019\/11\/04\/forandringen-tacksamheten-och-hoppet\/#primaryimage\"},\"thumbnailUrl\":\"https:\/\/blogg.svenskakyrkan.se\/vandravagen\/files\/2019\/11\/IMG_2133.jpg\",\"datePublished\":\"2019-11-04T06:00:29+00:00\",\"breadcrumb\":{\"@id\":\"https:\/\/blogg.svenskakyrkan.se\/vandravagen\/2019\/11\/04\/forandringen-tacksamheten-och-hoppet\/#breadcrumb\"},\"inLanguage\":\"sv-SE\",\"potentialAction\":[{\"@type\":\"ReadAction\",\"target\":[\"https:\/\/blogg.svenskakyrkan.se\/vandravagen\/2019\/11\/04\/forandringen-tacksamheten-och-hoppet\/\"]}]},{\"@type\":\"ImageObject\",\"inLanguage\":\"sv-SE\",\"@id\":\"https:\/\/blogg.svenskakyrkan.se\/vandravagen\/2019\/11\/04\/forandringen-tacksamheten-och-hoppet\/#primaryimage\",\"url\":\"https:\/\/blogg.svenskakyrkan.se\/vandravagen\/files\/2019\/11\/IMG_2133.jpg\",\"contentUrl\":\"https:\/\/blogg.svenskakyrkan.se\/vandravagen\/files\/2019\/11\/IMG_2133.jpg\",\"width\":683,\"height\":947,\"caption\":\"Jesus med den stora skaran av de han samlat hos sig.\"},{\"@type\":\"BreadcrumbList\",\"@id\":\"https:\/\/blogg.svenskakyrkan.se\/vandravagen\/2019\/11\/04\/forandringen-tacksamheten-och-hoppet\/#breadcrumb\",\"itemListElement\":[{\"@type\":\"ListItem\",\"position\":1,\"name\":\"Hem\",\"item\":\"https:\/\/blogg.svenskakyrkan.se\/vandravagen\/\"},{\"@type\":\"ListItem\",\"position\":2,\"name\":\"F\u00f6r\u00e4ndringen, tacksamheten och hoppet\"}]},{\"@type\":\"WebSite\",\"@id\":\"https:\/\/blogg.svenskakyrkan.se\/vandravagen\/#website\",\"url\":\"https:\/\/blogg.svenskakyrkan.se\/vandravagen\/\",\"name\":\"Vandra V\u00e4gen\",\"description\":\"-Mot en tro f\u00f6r hela livet\",\"publisher\":{\"@id\":\"https:\/\/blogg.svenskakyrkan.se\/vandravagen\/#organization\"},\"potentialAction\":[{\"@type\":\"SearchAction\",\"target\":{\"@type\":\"EntryPoint\",\"urlTemplate\":\"https:\/\/blogg.svenskakyrkan.se\/vandravagen\/?s={search_term_string}\"},\"query-input\":{\"@type\":\"PropertyValueSpecification\",\"valueRequired\":true,\"valueName\":\"search_term_string\"}}],\"inLanguage\":\"sv-SE\"},{\"@type\":\"Organization\",\"@id\":\"https:\/\/blogg.svenskakyrkan.se\/vandravagen\/#organization\",\"name\":\"ulricehamns pastorat\",\"alternateName\":\"ulricehamns pastorat\",\"url\":\"https:\/\/blogg.svenskakyrkan.se\/vandravagen\/\",\"logo\":{\"@type\":\"ImageObject\",\"inLanguage\":\"sv-SE\",\"@id\":\"https:\/\/blogg.svenskakyrkan.se\/vandravagen\/#\/schema\/logo\/image\/\",\"url\":\"https:\/\/blogg.svenskakyrkan.se\/vandravagen\/files\/2023\/05\/Ulr_logo_RGB.png\",\"contentUrl\":\"https:\/\/blogg.svenskakyrkan.se\/vandravagen\/files\/2023\/05\/Ulr_logo_RGB.png\",\"width\":205,\"height\":77,\"caption\":\"ulricehamns pastorat\"},\"image\":{\"@id\":\"https:\/\/blogg.svenskakyrkan.se\/vandravagen\/#\/schema\/logo\/image\/\"},\"sameAs\":[\"http:\/\/facebook.com\/vandravagen\",\"https:\/\/x.com\/fadertomas\",\"http:\/\/www.facebook.com\/svenskakyrkaniulricehamn\"]},{\"@type\":\"Person\",\"@id\":\"https:\/\/blogg.svenskakyrkan.se\/vandravagen\/#\/schema\/person\/25da02d4f76b137d04291711e2c9fc16\",\"name\":\"Tomas Jarvid\",\"image\":{\"@type\":\"ImageObject\",\"inLanguage\":\"sv-SE\",\"@id\":\"https:\/\/blogg.svenskakyrkan.se\/vandravagen\/#\/schema\/person\/image\/\",\"url\":\"https:\/\/secure.gravatar.com\/avatar\/7fa71899795e8f540f615a1f5ab25255dc27aa40f05ee7ddd21aac521e01bf50?s=96&d=identicon&r=g\",\"contentUrl\":\"https:\/\/secure.gravatar.com\/avatar\/7fa71899795e8f540f615a1f5ab25255dc27aa40f05ee7ddd21aac521e01bf50?s=96&d=identicon&r=g\",\"caption\":\"Tomas Jarvid\"},\"description\":\"Jag bor i Ulricehamn i V\u00e4sterg\u00f6tland och \u00e4r f\u00f6rsamlingspr\u00e4st i Svenska Kyrkan f\u00f6r Dalstorps f\u00f6rsamling i Kinds pastorat. P\u00e5 den h\u00e4r bloggen skriver jag ner tankar om vandringen som kristen.\",\"sameAs\":[\"http:\/\/www.vandravagen.se\"],\"url\":\"https:\/\/blogg.svenskakyrkan.se\/vandravagen\/author\/vandravagen\/\"}]}<\/script>\n<!-- \/ Yoast SEO plugin. -->","yoast_head_json":{"title":"F\u00f6r\u00e4ndringen, tacksamheten och hoppet - Vandra V\u00e4gen","robots":{"index":"index","follow":"follow","max-snippet":"max-snippet:-1","max-image-preview":"max-image-preview:large","max-video-preview":"max-video-preview:-1"},"canonical":"https:\/\/blogg.svenskakyrkan.se\/vandravagen\/2019\/11\/04\/forandringen-tacksamheten-och-hoppet\/","og_locale":"sv_SE","og_type":"article","og_title":"F\u00f6r\u00e4ndringen, tacksamheten och hoppet - Vandra V\u00e4gen","og_description":"Nu ligger allahelgonahelgens alla minnesgudstj\u00e4nster bakom och jag ser tillbaka p\u00e5 dem med v\u00e4rme. H\u00e4r \u00e4r nu min predikan ocks\u00e5 p\u00e5 bloggen. Mellan delarna fick vi lyssna p\u00e5 s\u00e5ng av Arne I och jag tycker det alltid \u00e4r lyxigt att kunna ha s\u00e5dan musikinramning som talare. Jag hoppas det h\u00e4r kan vara till tr\u00f6st och [&hellip;]","og_url":"https:\/\/blogg.svenskakyrkan.se\/vandravagen\/2019\/11\/04\/forandringen-tacksamheten-och-hoppet\/","og_site_name":"Vandra V\u00e4gen","article_publisher":"http:\/\/facebook.com\/vandravagen","article_published_time":"2019-11-04T06:00:29+00:00","author":"Tomas Jarvid","twitter_card":"summary_large_image","twitter_creator":"@fadertomas","twitter_site":"@fadertomas","twitter_misc":{"Skriven av":"Tomas Jarvid","Ber\u00e4knad l\u00e4stid":"9 minuter"},"schema":{"@context":"https:\/\/schema.org","@graph":[{"@type":"Article","@id":"https:\/\/blogg.svenskakyrkan.se\/vandravagen\/2019\/11\/04\/forandringen-tacksamheten-och-hoppet\/#article","isPartOf":{"@id":"https:\/\/blogg.svenskakyrkan.se\/vandravagen\/2019\/11\/04\/forandringen-tacksamheten-och-hoppet\/"},"author":{"name":"Tomas Jarvid","@id":"https:\/\/blogg.svenskakyrkan.se\/vandravagen\/#\/schema\/person\/25da02d4f76b137d04291711e2c9fc16"},"headline":"F\u00f6r\u00e4ndringen, tacksamheten och hoppet","datePublished":"2019-11-04T06:00:29+00:00","mainEntityOfPage":{"@id":"https:\/\/blogg.svenskakyrkan.se\/vandravagen\/2019\/11\/04\/forandringen-tacksamheten-och-hoppet\/"},"wordCount":1723,"commentCount":0,"publisher":{"@id":"https:\/\/blogg.svenskakyrkan.se\/vandravagen\/#organization"},"image":{"@id":"https:\/\/blogg.svenskakyrkan.se\/vandravagen\/2019\/11\/04\/forandringen-tacksamheten-och-hoppet\/#primaryimage"},"thumbnailUrl":"https:\/\/blogg.svenskakyrkan.se\/vandravagen\/files\/2019\/11\/IMG_2133.jpg","articleSection":["d\u00f6den","kyrko\u00e5ret","predikan"],"inLanguage":"sv-SE","potentialAction":[{"@type":"CommentAction","name":"Comment","target":["https:\/\/blogg.svenskakyrkan.se\/vandravagen\/2019\/11\/04\/forandringen-tacksamheten-och-hoppet\/#respond"]}]},{"@type":"WebPage","@id":"https:\/\/blogg.svenskakyrkan.se\/vandravagen\/2019\/11\/04\/forandringen-tacksamheten-och-hoppet\/","url":"https:\/\/blogg.svenskakyrkan.se\/vandravagen\/2019\/11\/04\/forandringen-tacksamheten-och-hoppet\/","name":"F\u00f6r\u00e4ndringen, tacksamheten och hoppet - Vandra V\u00e4gen","isPartOf":{"@id":"https:\/\/blogg.svenskakyrkan.se\/vandravagen\/#website"},"primaryImageOfPage":{"@id":"https:\/\/blogg.svenskakyrkan.se\/vandravagen\/2019\/11\/04\/forandringen-tacksamheten-och-hoppet\/#primaryimage"},"image":{"@id":"https:\/\/blogg.svenskakyrkan.se\/vandravagen\/2019\/11\/04\/forandringen-tacksamheten-och-hoppet\/#primaryimage"},"thumbnailUrl":"https:\/\/blogg.svenskakyrkan.se\/vandravagen\/files\/2019\/11\/IMG_2133.jpg","datePublished":"2019-11-04T06:00:29+00:00","breadcrumb":{"@id":"https:\/\/blogg.svenskakyrkan.se\/vandravagen\/2019\/11\/04\/forandringen-tacksamheten-och-hoppet\/#breadcrumb"},"inLanguage":"sv-SE","potentialAction":[{"@type":"ReadAction","target":["https:\/\/blogg.svenskakyrkan.se\/vandravagen\/2019\/11\/04\/forandringen-tacksamheten-och-hoppet\/"]}]},{"@type":"ImageObject","inLanguage":"sv-SE","@id":"https:\/\/blogg.svenskakyrkan.se\/vandravagen\/2019\/11\/04\/forandringen-tacksamheten-och-hoppet\/#primaryimage","url":"https:\/\/blogg.svenskakyrkan.se\/vandravagen\/files\/2019\/11\/IMG_2133.jpg","contentUrl":"https:\/\/blogg.svenskakyrkan.se\/vandravagen\/files\/2019\/11\/IMG_2133.jpg","width":683,"height":947,"caption":"Jesus med den stora skaran av de han samlat hos sig."},{"@type":"BreadcrumbList","@id":"https:\/\/blogg.svenskakyrkan.se\/vandravagen\/2019\/11\/04\/forandringen-tacksamheten-och-hoppet\/#breadcrumb","itemListElement":[{"@type":"ListItem","position":1,"name":"Hem","item":"https:\/\/blogg.svenskakyrkan.se\/vandravagen\/"},{"@type":"ListItem","position":2,"name":"F\u00f6r\u00e4ndringen, tacksamheten och hoppet"}]},{"@type":"WebSite","@id":"https:\/\/blogg.svenskakyrkan.se\/vandravagen\/#website","url":"https:\/\/blogg.svenskakyrkan.se\/vandravagen\/","name":"Vandra V\u00e4gen","description":"-Mot en tro f\u00f6r hela livet","publisher":{"@id":"https:\/\/blogg.svenskakyrkan.se\/vandravagen\/#organization"},"potentialAction":[{"@type":"SearchAction","target":{"@type":"EntryPoint","urlTemplate":"https:\/\/blogg.svenskakyrkan.se\/vandravagen\/?s={search_term_string}"},"query-input":{"@type":"PropertyValueSpecification","valueRequired":true,"valueName":"search_term_string"}}],"inLanguage":"sv-SE"},{"@type":"Organization","@id":"https:\/\/blogg.svenskakyrkan.se\/vandravagen\/#organization","name":"ulricehamns pastorat","alternateName":"ulricehamns pastorat","url":"https:\/\/blogg.svenskakyrkan.se\/vandravagen\/","logo":{"@type":"ImageObject","inLanguage":"sv-SE","@id":"https:\/\/blogg.svenskakyrkan.se\/vandravagen\/#\/schema\/logo\/image\/","url":"https:\/\/blogg.svenskakyrkan.se\/vandravagen\/files\/2023\/05\/Ulr_logo_RGB.png","contentUrl":"https:\/\/blogg.svenskakyrkan.se\/vandravagen\/files\/2023\/05\/Ulr_logo_RGB.png","width":205,"height":77,"caption":"ulricehamns pastorat"},"image":{"@id":"https:\/\/blogg.svenskakyrkan.se\/vandravagen\/#\/schema\/logo\/image\/"},"sameAs":["http:\/\/facebook.com\/vandravagen","https:\/\/x.com\/fadertomas","http:\/\/www.facebook.com\/svenskakyrkaniulricehamn"]},{"@type":"Person","@id":"https:\/\/blogg.svenskakyrkan.se\/vandravagen\/#\/schema\/person\/25da02d4f76b137d04291711e2c9fc16","name":"Tomas Jarvid","image":{"@type":"ImageObject","inLanguage":"sv-SE","@id":"https:\/\/blogg.svenskakyrkan.se\/vandravagen\/#\/schema\/person\/image\/","url":"https:\/\/secure.gravatar.com\/avatar\/7fa71899795e8f540f615a1f5ab25255dc27aa40f05ee7ddd21aac521e01bf50?s=96&d=identicon&r=g","contentUrl":"https:\/\/secure.gravatar.com\/avatar\/7fa71899795e8f540f615a1f5ab25255dc27aa40f05ee7ddd21aac521e01bf50?s=96&d=identicon&r=g","caption":"Tomas Jarvid"},"description":"Jag bor i Ulricehamn i V\u00e4sterg\u00f6tland och \u00e4r f\u00f6rsamlingspr\u00e4st i Svenska Kyrkan f\u00f6r Dalstorps f\u00f6rsamling i Kinds pastorat. P\u00e5 den h\u00e4r bloggen skriver jag ner tankar om vandringen som kristen.","sameAs":["http:\/\/www.vandravagen.se"],"url":"https:\/\/blogg.svenskakyrkan.se\/vandravagen\/author\/vandravagen\/"}]}},"author_meta":{"ID":"392","user_nicename":"vandravagen","user_url":"http:\/\/www.vandravagen.se","user_registered":"2014-05-19 05:44:52","display_name":"Tomas Jarvid","first_name":"Tomas","last_name":"Jarvid","avatar":"https:\/\/secure.gravatar.com\/avatar\/7fa71899795e8f540f615a1f5ab25255dc27aa40f05ee7ddd21aac521e01bf50?s=96&d=identicon&r=g"},"featured_image":["https:\/\/blogg.svenskakyrkan.se\/vandravagen\/files\/2019\/11\/IMG_2133.jpg",683,947,false],"bloginfo":{"name":"Vandra V\u00e4gen","url":"https:\/\/blogg.svenskakyrkan.se\/vandravagen"},"_links":{"self":[{"href":"https:\/\/blogg.svenskakyrkan.se\/vandravagen\/wp-json\/wp\/v2\/posts\/7447","targetHints":{"allow":["GET"]}}],"collection":[{"href":"https:\/\/blogg.svenskakyrkan.se\/vandravagen\/wp-json\/wp\/v2\/posts"}],"about":[{"href":"https:\/\/blogg.svenskakyrkan.se\/vandravagen\/wp-json\/wp\/v2\/types\/post"}],"author":[{"embeddable":true,"href":"https:\/\/blogg.svenskakyrkan.se\/vandravagen\/wp-json\/wp\/v2\/users\/392"}],"replies":[{"embeddable":true,"href":"https:\/\/blogg.svenskakyrkan.se\/vandravagen\/wp-json\/wp\/v2\/comments?post=7447"}],"version-history":[{"count":1,"href":"https:\/\/blogg.svenskakyrkan.se\/vandravagen\/wp-json\/wp\/v2\/posts\/7447\/revisions"}],"predecessor-version":[{"id":7449,"href":"https:\/\/blogg.svenskakyrkan.se\/vandravagen\/wp-json\/wp\/v2\/posts\/7447\/revisions\/7449"}],"wp:featuredmedia":[{"embeddable":true,"href":"https:\/\/blogg.svenskakyrkan.se\/vandravagen\/wp-json\/wp\/v2\/media\/7448"}],"wp:attachment":[{"href":"https:\/\/blogg.svenskakyrkan.se\/vandravagen\/wp-json\/wp\/v2\/media?parent=7447"}],"wp:term":[{"taxonomy":"category","embeddable":true,"href":"https:\/\/blogg.svenskakyrkan.se\/vandravagen\/wp-json\/wp\/v2\/categories?post=7447"},{"taxonomy":"post_tag","embeddable":true,"href":"https:\/\/blogg.svenskakyrkan.se\/vandravagen\/wp-json\/wp\/v2\/tags?post=7447"}],"curies":[{"name":"wp","href":"https:\/\/api.w.org\/{rel}","templated":true}]}}