{"id":745,"date":"2013-01-26T10:09:00","date_gmt":"2013-01-26T09:09:00","guid":{"rendered":"http:\/\/blogg.svenskakyrkan.se\/vandravagen\/2013\/01\/26\/vandra-vagen-fyller-1-ar-idag\/"},"modified":"2013-01-26T10:09:00","modified_gmt":"2013-01-26T09:09:00","slug":"vandra-vagen-fyller-1-ar-idag","status":"publish","type":"post","link":"https:\/\/blogg.svenskakyrkan.se\/vandravagen\/2013\/01\/26\/vandra-vagen-fyller-1-ar-idag\/","title":{"rendered":"Vandra V\u00e4gen fyller 1 \u00e5r idag!"},"content":{"rendered":"<table align=\"center\" cellpadding=\"0\" cellspacing=\"0\">\n<tbody>\n<tr>\n<td><a href=\"https:\/\/lh3.googleusercontent.com\/-XhelMWeyidY\/UQOEyzmkOgI\/AAAAAAAAB6s\/jKTVgEEnrDw\/s640\/blogger-image--1020002417.jpg\"><img loading=\"lazy\" decoding=\"async\" border=\"0\" height=\"298\" src=\"https:\/\/lh3.googleusercontent.com\/-XhelMWeyidY\/UQOEyzmkOgI\/AAAAAAAAB6s\/jKTVgEEnrDw\/s400\/blogger-image--1020002417.jpg\" width=\"400\"><\/a><\/td>\n<\/tr>\n<tr>\n<td>Hurra!<\/td>\n<\/tr>\n<\/tbody>\n<\/table>\n<div>Idag fyller Vandra V\u00e4genbloggen 1 \u00e5r! Det firar vi som p\u00e5 alla finare tillst\u00e4llningar (jmf nobel) med en stel avdelning full med tal och s\u00e5 sm\u00e5ningom blir det t\u00e5rta och lekar (jaja, det kanske de har p\u00e5 nobelefterfesten?). Ni kommer allts\u00e5 n\u00e5gra allvarsord och s\u00e5 kommer det n\u00e5got mer fram\u00e5t kv\u00e4llen! Harkel harkel:<\/div>\n<div><\/div>\n<p>K\u00e4ra l\u00e4sare! K\u00e4ra V\u00e4nner av Vandra V\u00e4gen!<br \/>Idag \u00e4r det ett \u00e5r sedan f\u00f6rsta bloggposten p\u00e5 Vandra V\u00e4gen! Det kanske inte \u00e4r n\u00e5gon stor sak egentligen men f\u00f6r mig \u00e4r det det. Bloggen har inte minst blivit viktig f\u00f6r mig sedan jag blev f\u00f6r\u00e4ldraledig i slutet av sommaren. F\u00f6r en person med mycket som snurrar i skallen \u00e4r det sk\u00f6nt att ha ett utlopp f\u00f6r tankarna n\u00e5gonstans vare sig det \u00e4r i predikstolen eller p\u00e5 n\u00e4tet.<\/p>\n<p>Jag tror att det har skett en viss utveckling under \u00e5ret. Jag tror att bloggen b\u00f6rjat hitta sin form n\u00e5gorlunda.<\/p>\n<p>Vad \u00e4r det d\u00e5 f\u00f6r form jag vill att bloggen ska ha? Jag tycker inte det g\u00f6r n\u00e5got om inneh\u00e5llet ibland g\u00f6r ett brokigt intryck s\u00e5 l\u00e4nge det \u00f6vergripande temat kretsar kring den kristna tron som levd erfarenhet p\u00e5 ett eller annat s\u00e4tt. D\u00e4r passar poesi och kyrko\u00e5r, hattar, andliga \u00f6vningar och f\u00e5niga sk\u00e4mt.<br \/>Jag har en dr\u00f6m om att m\u00e4nniskor med ganska olika f\u00f6rh\u00e5llningss\u00e4tt till kristen tro ska kunna ha utbyte av bloggen. B\u00e5de gamla str\u00e4vsamma vandrare, den som \u00e4r ny p\u00e5 V\u00e4gen och den som precis b\u00f6rjat s\u00f6ka. Jag hoppas att det som st\u00e5r skrivet ska kunna leda till nya tankar men \u00e4nnu hellre att det ska leda till b\u00f6n.<\/p>\n<p>Jag vet ocks\u00e5 att l\u00e4sarantalet har \u00f6kat under \u00e5ret, framf\u00f6rallt under h\u00f6sten d\u00e5 jag skrivit t\u00e4tare. Det tycker jag \u00e4r v\u00e4ldigt roligt! Det h\u00e4r \u00e4r ju inte direkt Kenzas blogg s\u00e5 det \u00e4r \u00e4nd\u00e5 en ganska begr\u00e4nsad skara, <strike>\u00e4nd\u00e5 har bloggen nu passerat 20000 bes\u00f6k och kanske blir det h\u00e4r f\u00f6rsta m\u00e5naden med mer \u00e4n 3000 bes\u00f6k<\/strike>? (det d\u00e4r tar jag tillbaka sedan jag f\u00e5tt p\u00e5pekat att det \u00e4r sidvyer och inte bes\u00f6k blogger r\u00e4knat och att det dessutom verkar g\u00e5 olika till med r\u00e4knandet. Att det har blivit fler med tiden kan jag i alla fall s\u00e4kert s\u00e4ga.)<\/p>\n<p>\u00a0En del av er vet jag vilka det \u00e4r, andra \u00e4r helt ok\u00e4nda. Tveka inte att h\u00f6ra av er med ris och ros eller fr\u00e5gor, ju mer jag vet om dig som l\u00e4ser desto roligare blir det h\u00e4r! En del kommenterar ofta och det \u00e4r jag extra glad \u00f6ver, det \u00e4r fint att f\u00e5 gensvar! Ett stort tack ocks\u00e5 till er som g\u00e4stbloggat!<\/p><\/p>\n","protected":false},"excerpt":{"rendered":"<p>Hurra! Idag fyller Vandra V\u00e4genbloggen 1 \u00e5r! Det firar vi som p\u00e5 alla finare tillst\u00e4llningar (jmf nobel) med en stel avdelning full med tal och s\u00e5 sm\u00e5ningom blir det t\u00e5rta och lekar (jaja, det kanske de har p\u00e5 nobelefterfesten?). Ni kommer allts\u00e5 n\u00e5gra allvarsord och s\u00e5 kommer det n\u00e5got mer fram\u00e5t kv\u00e4llen! Harkel harkel: K\u00e4ra [&hellip;]<\/p>\n","protected":false},"author":392,"featured_media":0,"comment_status":"open","ping_status":"open","sticky":false,"template":"","format":"standard","meta":{"_acf_changed":false,"footnotes":""},"categories":[76608],"tags":[],"class_list":["post-745","post","type-post","status-publish","format-standard","hentry","category-bloggen"],"acf":[],"yoast_head":"<!-- This site is optimized with the Yoast SEO plugin v27.1.1 - https:\/\/yoast.com\/product\/yoast-seo-wordpress\/ -->\n<title>Vandra V\u00e4gen fyller 1 \u00e5r idag! - Vandra V\u00e4gen<\/title>\n<meta name=\"robots\" content=\"index, follow, max-snippet:-1, max-image-preview:large, max-video-preview:-1\" \/>\n<link rel=\"canonical\" href=\"https:\/\/blogg.svenskakyrkan.se\/vandravagen\/2013\/01\/26\/vandra-vagen-fyller-1-ar-idag\/\" \/>\n<meta property=\"og:locale\" content=\"sv_SE\" \/>\n<meta property=\"og:type\" content=\"article\" \/>\n<meta property=\"og:title\" content=\"Vandra V\u00e4gen fyller 1 \u00e5r idag! - Vandra V\u00e4gen\" \/>\n<meta property=\"og:description\" content=\"Hurra! Idag fyller Vandra V\u00e4genbloggen 1 \u00e5r! Det firar vi som p\u00e5 alla finare tillst\u00e4llningar (jmf nobel) med en stel avdelning full med tal och s\u00e5 sm\u00e5ningom blir det t\u00e5rta och lekar (jaja, det kanske de har p\u00e5 nobelefterfesten?). Ni kommer allts\u00e5 n\u00e5gra allvarsord och s\u00e5 kommer det n\u00e5got mer fram\u00e5t kv\u00e4llen! Harkel harkel: K\u00e4ra [&hellip;]\" \/>\n<meta property=\"og:url\" content=\"https:\/\/blogg.svenskakyrkan.se\/vandravagen\/2013\/01\/26\/vandra-vagen-fyller-1-ar-idag\/\" \/>\n<meta property=\"og:site_name\" content=\"Vandra V\u00e4gen\" \/>\n<meta property=\"article:publisher\" content=\"http:\/\/facebook.com\/vandravagen\" \/>\n<meta property=\"article:published_time\" content=\"2013-01-26T09:09:00+00:00\" \/>\n<meta property=\"og:image\" content=\"https:\/\/lh3.googleusercontent.com\/-XhelMWeyidY\/UQOEyzmkOgI\/AAAAAAAAB6s\/jKTVgEEnrDw\/s400\/blogger-image--1020002417.jpg\" \/>\n<meta name=\"author\" content=\"Tomas Jarvid\" \/>\n<meta name=\"twitter:card\" content=\"summary_large_image\" \/>\n<meta name=\"twitter:creator\" content=\"@fadertomas\" \/>\n<meta name=\"twitter:site\" content=\"@fadertomas\" \/>\n<meta name=\"twitter:label1\" content=\"Skriven av\" \/>\n\t<meta name=\"twitter:data1\" content=\"Tomas Jarvid\" \/>\n\t<meta name=\"twitter:label2\" content=\"Ber\u00e4knad l\u00e4stid\" \/>\n\t<meta name=\"twitter:data2\" content=\"2 minuter\" \/>\n<script type=\"application\/ld+json\" class=\"yoast-schema-graph\">{\"@context\":\"https:\/\/schema.org\",\"@graph\":[{\"@type\":\"Article\",\"@id\":\"https:\/\/blogg.svenskakyrkan.se\/vandravagen\/2013\/01\/26\/vandra-vagen-fyller-1-ar-idag\/#article\",\"isPartOf\":{\"@id\":\"https:\/\/blogg.svenskakyrkan.se\/vandravagen\/2013\/01\/26\/vandra-vagen-fyller-1-ar-idag\/\"},\"author\":{\"name\":\"Tomas Jarvid\",\"@id\":\"https:\/\/blogg.svenskakyrkan.se\/vandravagen\/#\/schema\/person\/25da02d4f76b137d04291711e2c9fc16\"},\"headline\":\"Vandra V\u00e4gen fyller 1 \u00e5r idag!\",\"datePublished\":\"2013-01-26T09:09:00+00:00\",\"mainEntityOfPage\":{\"@id\":\"https:\/\/blogg.svenskakyrkan.se\/vandravagen\/2013\/01\/26\/vandra-vagen-fyller-1-ar-idag\/\"},\"wordCount\":503,\"commentCount\":5,\"publisher\":{\"@id\":\"https:\/\/blogg.svenskakyrkan.se\/vandravagen\/#organization\"},\"image\":{\"@id\":\"https:\/\/blogg.svenskakyrkan.se\/vandravagen\/2013\/01\/26\/vandra-vagen-fyller-1-ar-idag\/#primaryimage\"},\"thumbnailUrl\":\"https:\/\/lh3.googleusercontent.com\/-XhelMWeyidY\/UQOEyzmkOgI\/AAAAAAAAB6s\/jKTVgEEnrDw\/s400\/blogger-image--1020002417.jpg\",\"articleSection\":[\"bloggen\"],\"inLanguage\":\"sv-SE\",\"potentialAction\":[{\"@type\":\"CommentAction\",\"name\":\"Comment\",\"target\":[\"https:\/\/blogg.svenskakyrkan.se\/vandravagen\/2013\/01\/26\/vandra-vagen-fyller-1-ar-idag\/#respond\"]}]},{\"@type\":\"WebPage\",\"@id\":\"https:\/\/blogg.svenskakyrkan.se\/vandravagen\/2013\/01\/26\/vandra-vagen-fyller-1-ar-idag\/\",\"url\":\"https:\/\/blogg.svenskakyrkan.se\/vandravagen\/2013\/01\/26\/vandra-vagen-fyller-1-ar-idag\/\",\"name\":\"Vandra V\u00e4gen fyller 1 \u00e5r idag! - Vandra V\u00e4gen\",\"isPartOf\":{\"@id\":\"https:\/\/blogg.svenskakyrkan.se\/vandravagen\/#website\"},\"primaryImageOfPage\":{\"@id\":\"https:\/\/blogg.svenskakyrkan.se\/vandravagen\/2013\/01\/26\/vandra-vagen-fyller-1-ar-idag\/#primaryimage\"},\"image\":{\"@id\":\"https:\/\/blogg.svenskakyrkan.se\/vandravagen\/2013\/01\/26\/vandra-vagen-fyller-1-ar-idag\/#primaryimage\"},\"thumbnailUrl\":\"https:\/\/lh3.googleusercontent.com\/-XhelMWeyidY\/UQOEyzmkOgI\/AAAAAAAAB6s\/jKTVgEEnrDw\/s400\/blogger-image--1020002417.jpg\",\"datePublished\":\"2013-01-26T09:09:00+00:00\",\"breadcrumb\":{\"@id\":\"https:\/\/blogg.svenskakyrkan.se\/vandravagen\/2013\/01\/26\/vandra-vagen-fyller-1-ar-idag\/#breadcrumb\"},\"inLanguage\":\"sv-SE\",\"potentialAction\":[{\"@type\":\"ReadAction\",\"target\":[\"https:\/\/blogg.svenskakyrkan.se\/vandravagen\/2013\/01\/26\/vandra-vagen-fyller-1-ar-idag\/\"]}]},{\"@type\":\"ImageObject\",\"inLanguage\":\"sv-SE\",\"@id\":\"https:\/\/blogg.svenskakyrkan.se\/vandravagen\/2013\/01\/26\/vandra-vagen-fyller-1-ar-idag\/#primaryimage\",\"url\":\"https:\/\/lh3.googleusercontent.com\/-XhelMWeyidY\/UQOEyzmkOgI\/AAAAAAAAB6s\/jKTVgEEnrDw\/s400\/blogger-image--1020002417.jpg\",\"contentUrl\":\"https:\/\/lh3.googleusercontent.com\/-XhelMWeyidY\/UQOEyzmkOgI\/AAAAAAAAB6s\/jKTVgEEnrDw\/s400\/blogger-image--1020002417.jpg\"},{\"@type\":\"BreadcrumbList\",\"@id\":\"https:\/\/blogg.svenskakyrkan.se\/vandravagen\/2013\/01\/26\/vandra-vagen-fyller-1-ar-idag\/#breadcrumb\",\"itemListElement\":[{\"@type\":\"ListItem\",\"position\":1,\"name\":\"Hem\",\"item\":\"https:\/\/blogg.svenskakyrkan.se\/vandravagen\/\"},{\"@type\":\"ListItem\",\"position\":2,\"name\":\"Vandra V\u00e4gen fyller 1 \u00e5r idag!\"}]},{\"@type\":\"WebSite\",\"@id\":\"https:\/\/blogg.svenskakyrkan.se\/vandravagen\/#website\",\"url\":\"https:\/\/blogg.svenskakyrkan.se\/vandravagen\/\",\"name\":\"Vandra V\u00e4gen\",\"description\":\"-Mot en tro f\u00f6r hela livet\",\"publisher\":{\"@id\":\"https:\/\/blogg.svenskakyrkan.se\/vandravagen\/#organization\"},\"potentialAction\":[{\"@type\":\"SearchAction\",\"target\":{\"@type\":\"EntryPoint\",\"urlTemplate\":\"https:\/\/blogg.svenskakyrkan.se\/vandravagen\/?s={search_term_string}\"},\"query-input\":{\"@type\":\"PropertyValueSpecification\",\"valueRequired\":true,\"valueName\":\"search_term_string\"}}],\"inLanguage\":\"sv-SE\"},{\"@type\":\"Organization\",\"@id\":\"https:\/\/blogg.svenskakyrkan.se\/vandravagen\/#organization\",\"name\":\"ulricehamns pastorat\",\"alternateName\":\"ulricehamns pastorat\",\"url\":\"https:\/\/blogg.svenskakyrkan.se\/vandravagen\/\",\"logo\":{\"@type\":\"ImageObject\",\"inLanguage\":\"sv-SE\",\"@id\":\"https:\/\/blogg.svenskakyrkan.se\/vandravagen\/#\/schema\/logo\/image\/\",\"url\":\"https:\/\/blogg.svenskakyrkan.se\/vandravagen\/files\/2023\/05\/Ulr_logo_RGB.png\",\"contentUrl\":\"https:\/\/blogg.svenskakyrkan.se\/vandravagen\/files\/2023\/05\/Ulr_logo_RGB.png\",\"width\":205,\"height\":77,\"caption\":\"ulricehamns pastorat\"},\"image\":{\"@id\":\"https:\/\/blogg.svenskakyrkan.se\/vandravagen\/#\/schema\/logo\/image\/\"},\"sameAs\":[\"http:\/\/facebook.com\/vandravagen\",\"https:\/\/x.com\/fadertomas\",\"http:\/\/www.facebook.com\/svenskakyrkaniulricehamn\"]},{\"@type\":\"Person\",\"@id\":\"https:\/\/blogg.svenskakyrkan.se\/vandravagen\/#\/schema\/person\/25da02d4f76b137d04291711e2c9fc16\",\"name\":\"Tomas Jarvid\",\"image\":{\"@type\":\"ImageObject\",\"inLanguage\":\"sv-SE\",\"@id\":\"https:\/\/blogg.svenskakyrkan.se\/vandravagen\/#\/schema\/person\/image\/\",\"url\":\"https:\/\/secure.gravatar.com\/avatar\/7fa71899795e8f540f615a1f5ab25255dc27aa40f05ee7ddd21aac521e01bf50?s=96&d=identicon&r=g\",\"contentUrl\":\"https:\/\/secure.gravatar.com\/avatar\/7fa71899795e8f540f615a1f5ab25255dc27aa40f05ee7ddd21aac521e01bf50?s=96&d=identicon&r=g\",\"caption\":\"Tomas Jarvid\"},\"description\":\"Jag bor i Ulricehamn i V\u00e4sterg\u00f6tland och \u00e4r f\u00f6rsamlingspr\u00e4st i Svenska Kyrkan f\u00f6r Dalstorps f\u00f6rsamling i Kinds pastorat. P\u00e5 den h\u00e4r bloggen skriver jag ner tankar om vandringen som kristen.\",\"sameAs\":[\"http:\/\/www.vandravagen.se\"],\"url\":\"https:\/\/blogg.svenskakyrkan.se\/vandravagen\/author\/vandravagen\/\"}]}<\/script>\n<!-- \/ Yoast SEO plugin. -->","yoast_head_json":{"title":"Vandra V\u00e4gen fyller 1 \u00e5r idag! - Vandra V\u00e4gen","robots":{"index":"index","follow":"follow","max-snippet":"max-snippet:-1","max-image-preview":"max-image-preview:large","max-video-preview":"max-video-preview:-1"},"canonical":"https:\/\/blogg.svenskakyrkan.se\/vandravagen\/2013\/01\/26\/vandra-vagen-fyller-1-ar-idag\/","og_locale":"sv_SE","og_type":"article","og_title":"Vandra V\u00e4gen fyller 1 \u00e5r idag! - Vandra V\u00e4gen","og_description":"Hurra! Idag fyller Vandra V\u00e4genbloggen 1 \u00e5r! Det firar vi som p\u00e5 alla finare tillst\u00e4llningar (jmf nobel) med en stel avdelning full med tal och s\u00e5 sm\u00e5ningom blir det t\u00e5rta och lekar (jaja, det kanske de har p\u00e5 nobelefterfesten?). Ni kommer allts\u00e5 n\u00e5gra allvarsord och s\u00e5 kommer det n\u00e5got mer fram\u00e5t kv\u00e4llen! Harkel harkel: K\u00e4ra [&hellip;]","og_url":"https:\/\/blogg.svenskakyrkan.se\/vandravagen\/2013\/01\/26\/vandra-vagen-fyller-1-ar-idag\/","og_site_name":"Vandra V\u00e4gen","article_publisher":"http:\/\/facebook.com\/vandravagen","article_published_time":"2013-01-26T09:09:00+00:00","og_image":[{"url":"https:\/\/lh3.googleusercontent.com\/-XhelMWeyidY\/UQOEyzmkOgI\/AAAAAAAAB6s\/jKTVgEEnrDw\/s400\/blogger-image--1020002417.jpg","type":"","width":"","height":""}],"author":"Tomas Jarvid","twitter_card":"summary_large_image","twitter_creator":"@fadertomas","twitter_site":"@fadertomas","twitter_misc":{"Skriven av":"Tomas Jarvid","Ber\u00e4knad l\u00e4stid":"2 minuter"},"schema":{"@context":"https:\/\/schema.org","@graph":[{"@type":"Article","@id":"https:\/\/blogg.svenskakyrkan.se\/vandravagen\/2013\/01\/26\/vandra-vagen-fyller-1-ar-idag\/#article","isPartOf":{"@id":"https:\/\/blogg.svenskakyrkan.se\/vandravagen\/2013\/01\/26\/vandra-vagen-fyller-1-ar-idag\/"},"author":{"name":"Tomas Jarvid","@id":"https:\/\/blogg.svenskakyrkan.se\/vandravagen\/#\/schema\/person\/25da02d4f76b137d04291711e2c9fc16"},"headline":"Vandra V\u00e4gen fyller 1 \u00e5r idag!","datePublished":"2013-01-26T09:09:00+00:00","mainEntityOfPage":{"@id":"https:\/\/blogg.svenskakyrkan.se\/vandravagen\/2013\/01\/26\/vandra-vagen-fyller-1-ar-idag\/"},"wordCount":503,"commentCount":5,"publisher":{"@id":"https:\/\/blogg.svenskakyrkan.se\/vandravagen\/#organization"},"image":{"@id":"https:\/\/blogg.svenskakyrkan.se\/vandravagen\/2013\/01\/26\/vandra-vagen-fyller-1-ar-idag\/#primaryimage"},"thumbnailUrl":"https:\/\/lh3.googleusercontent.com\/-XhelMWeyidY\/UQOEyzmkOgI\/AAAAAAAAB6s\/jKTVgEEnrDw\/s400\/blogger-image--1020002417.jpg","articleSection":["bloggen"],"inLanguage":"sv-SE","potentialAction":[{"@type":"CommentAction","name":"Comment","target":["https:\/\/blogg.svenskakyrkan.se\/vandravagen\/2013\/01\/26\/vandra-vagen-fyller-1-ar-idag\/#respond"]}]},{"@type":"WebPage","@id":"https:\/\/blogg.svenskakyrkan.se\/vandravagen\/2013\/01\/26\/vandra-vagen-fyller-1-ar-idag\/","url":"https:\/\/blogg.svenskakyrkan.se\/vandravagen\/2013\/01\/26\/vandra-vagen-fyller-1-ar-idag\/","name":"Vandra V\u00e4gen fyller 1 \u00e5r idag! - Vandra V\u00e4gen","isPartOf":{"@id":"https:\/\/blogg.svenskakyrkan.se\/vandravagen\/#website"},"primaryImageOfPage":{"@id":"https:\/\/blogg.svenskakyrkan.se\/vandravagen\/2013\/01\/26\/vandra-vagen-fyller-1-ar-idag\/#primaryimage"},"image":{"@id":"https:\/\/blogg.svenskakyrkan.se\/vandravagen\/2013\/01\/26\/vandra-vagen-fyller-1-ar-idag\/#primaryimage"},"thumbnailUrl":"https:\/\/lh3.googleusercontent.com\/-XhelMWeyidY\/UQOEyzmkOgI\/AAAAAAAAB6s\/jKTVgEEnrDw\/s400\/blogger-image--1020002417.jpg","datePublished":"2013-01-26T09:09:00+00:00","breadcrumb":{"@id":"https:\/\/blogg.svenskakyrkan.se\/vandravagen\/2013\/01\/26\/vandra-vagen-fyller-1-ar-idag\/#breadcrumb"},"inLanguage":"sv-SE","potentialAction":[{"@type":"ReadAction","target":["https:\/\/blogg.svenskakyrkan.se\/vandravagen\/2013\/01\/26\/vandra-vagen-fyller-1-ar-idag\/"]}]},{"@type":"ImageObject","inLanguage":"sv-SE","@id":"https:\/\/blogg.svenskakyrkan.se\/vandravagen\/2013\/01\/26\/vandra-vagen-fyller-1-ar-idag\/#primaryimage","url":"https:\/\/lh3.googleusercontent.com\/-XhelMWeyidY\/UQOEyzmkOgI\/AAAAAAAAB6s\/jKTVgEEnrDw\/s400\/blogger-image--1020002417.jpg","contentUrl":"https:\/\/lh3.googleusercontent.com\/-XhelMWeyidY\/UQOEyzmkOgI\/AAAAAAAAB6s\/jKTVgEEnrDw\/s400\/blogger-image--1020002417.jpg"},{"@type":"BreadcrumbList","@id":"https:\/\/blogg.svenskakyrkan.se\/vandravagen\/2013\/01\/26\/vandra-vagen-fyller-1-ar-idag\/#breadcrumb","itemListElement":[{"@type":"ListItem","position":1,"name":"Hem","item":"https:\/\/blogg.svenskakyrkan.se\/vandravagen\/"},{"@type":"ListItem","position":2,"name":"Vandra V\u00e4gen fyller 1 \u00e5r idag!"}]},{"@type":"WebSite","@id":"https:\/\/blogg.svenskakyrkan.se\/vandravagen\/#website","url":"https:\/\/blogg.svenskakyrkan.se\/vandravagen\/","name":"Vandra V\u00e4gen","description":"-Mot en tro f\u00f6r hela livet","publisher":{"@id":"https:\/\/blogg.svenskakyrkan.se\/vandravagen\/#organization"},"potentialAction":[{"@type":"SearchAction","target":{"@type":"EntryPoint","urlTemplate":"https:\/\/blogg.svenskakyrkan.se\/vandravagen\/?s={search_term_string}"},"query-input":{"@type":"PropertyValueSpecification","valueRequired":true,"valueName":"search_term_string"}}],"inLanguage":"sv-SE"},{"@type":"Organization","@id":"https:\/\/blogg.svenskakyrkan.se\/vandravagen\/#organization","name":"ulricehamns pastorat","alternateName":"ulricehamns pastorat","url":"https:\/\/blogg.svenskakyrkan.se\/vandravagen\/","logo":{"@type":"ImageObject","inLanguage":"sv-SE","@id":"https:\/\/blogg.svenskakyrkan.se\/vandravagen\/#\/schema\/logo\/image\/","url":"https:\/\/blogg.svenskakyrkan.se\/vandravagen\/files\/2023\/05\/Ulr_logo_RGB.png","contentUrl":"https:\/\/blogg.svenskakyrkan.se\/vandravagen\/files\/2023\/05\/Ulr_logo_RGB.png","width":205,"height":77,"caption":"ulricehamns pastorat"},"image":{"@id":"https:\/\/blogg.svenskakyrkan.se\/vandravagen\/#\/schema\/logo\/image\/"},"sameAs":["http:\/\/facebook.com\/vandravagen","https:\/\/x.com\/fadertomas","http:\/\/www.facebook.com\/svenskakyrkaniulricehamn"]},{"@type":"Person","@id":"https:\/\/blogg.svenskakyrkan.se\/vandravagen\/#\/schema\/person\/25da02d4f76b137d04291711e2c9fc16","name":"Tomas Jarvid","image":{"@type":"ImageObject","inLanguage":"sv-SE","@id":"https:\/\/blogg.svenskakyrkan.se\/vandravagen\/#\/schema\/person\/image\/","url":"https:\/\/secure.gravatar.com\/avatar\/7fa71899795e8f540f615a1f5ab25255dc27aa40f05ee7ddd21aac521e01bf50?s=96&d=identicon&r=g","contentUrl":"https:\/\/secure.gravatar.com\/avatar\/7fa71899795e8f540f615a1f5ab25255dc27aa40f05ee7ddd21aac521e01bf50?s=96&d=identicon&r=g","caption":"Tomas Jarvid"},"description":"Jag bor i Ulricehamn i V\u00e4sterg\u00f6tland och \u00e4r f\u00f6rsamlingspr\u00e4st i Svenska Kyrkan f\u00f6r Dalstorps f\u00f6rsamling i Kinds pastorat. P\u00e5 den h\u00e4r bloggen skriver jag ner tankar om vandringen som kristen.","sameAs":["http:\/\/www.vandravagen.se"],"url":"https:\/\/blogg.svenskakyrkan.se\/vandravagen\/author\/vandravagen\/"}]}},"author_meta":{"ID":"392","user_nicename":"vandravagen","user_url":"http:\/\/www.vandravagen.se","user_registered":"2014-05-19 05:44:52","display_name":"Tomas Jarvid","first_name":"Tomas","last_name":"Jarvid","avatar":"https:\/\/secure.gravatar.com\/avatar\/7fa71899795e8f540f615a1f5ab25255dc27aa40f05ee7ddd21aac521e01bf50?s=96&d=identicon&r=g"},"featured_image":false,"bloginfo":{"name":"Vandra V\u00e4gen","url":"https:\/\/blogg.svenskakyrkan.se\/vandravagen"},"_links":{"self":[{"href":"https:\/\/blogg.svenskakyrkan.se\/vandravagen\/wp-json\/wp\/v2\/posts\/745","targetHints":{"allow":["GET"]}}],"collection":[{"href":"https:\/\/blogg.svenskakyrkan.se\/vandravagen\/wp-json\/wp\/v2\/posts"}],"about":[{"href":"https:\/\/blogg.svenskakyrkan.se\/vandravagen\/wp-json\/wp\/v2\/types\/post"}],"author":[{"embeddable":true,"href":"https:\/\/blogg.svenskakyrkan.se\/vandravagen\/wp-json\/wp\/v2\/users\/392"}],"replies":[{"embeddable":true,"href":"https:\/\/blogg.svenskakyrkan.se\/vandravagen\/wp-json\/wp\/v2\/comments?post=745"}],"version-history":[{"count":0,"href":"https:\/\/blogg.svenskakyrkan.se\/vandravagen\/wp-json\/wp\/v2\/posts\/745\/revisions"}],"wp:attachment":[{"href":"https:\/\/blogg.svenskakyrkan.se\/vandravagen\/wp-json\/wp\/v2\/media?parent=745"}],"wp:term":[{"taxonomy":"category","embeddable":true,"href":"https:\/\/blogg.svenskakyrkan.se\/vandravagen\/wp-json\/wp\/v2\/categories?post=745"},{"taxonomy":"post_tag","embeddable":true,"href":"https:\/\/blogg.svenskakyrkan.se\/vandravagen\/wp-json\/wp\/v2\/tags?post=745"}],"curies":[{"name":"wp","href":"https:\/\/api.w.org\/{rel}","templated":true}]}}