{"id":746,"date":"2013-01-25T19:11:00","date_gmt":"2013-01-25T18:11:00","guid":{"rendered":"http:\/\/blogg.svenskakyrkan.se\/vandravagen\/2013\/01\/25\/uppfoljning-av-tro-och-vetenskap\/"},"modified":"2013-01-25T19:11:00","modified_gmt":"2013-01-25T18:11:00","slug":"uppfoljning-av-tro-och-vetenskap","status":"publish","type":"post","link":"https:\/\/blogg.svenskakyrkan.se\/vandravagen\/2013\/01\/25\/uppfoljning-av-tro-och-vetenskap\/","title":{"rendered":"Uppf\u00f6ljning av tro och vetenskap"},"content":{"rendered":"<table align=\"center\" cellpadding=\"0\" cellspacing=\"0\">\n<tbody>\n<tr>\n<td><a href=\"http:\/\/3.bp.blogspot.com\/-rrUmCFtiWjk\/UNQhE1UgPoI\/AAAAAAAABbs\/nOPH9whbazw\/s1600\/P2270055.JPG\"><img loading=\"lazy\" decoding=\"async\" border=\"0\" height=\"300\" src=\"http:\/\/3.bp.blogspot.com\/-rrUmCFtiWjk\/UNQhE1UgPoI\/AAAAAAAABbs\/nOPH9whbazw\/s400\/P2270055.JPG\" width=\"400\"><\/a><\/td>\n<\/tr>\n<tr>\n<td>Anden kommer ner, ett slags vetande?<\/td>\n<\/tr>\n<\/tbody>\n<\/table>\n<p>Jag \u00e4r glad \u00f6ver att m\u00e5nga verkar vara intresserade av min lilla serie om s\u00e5nt alla &#8221;vet&#8221; om kristen tro. Speciellt det d\u00e4r med tro och naturvetenskap verkar m\u00e5nga fundera p\u00e5. Jag fick en kommentar av Martin Walld\u00e9n som jag t\u00e4nkte jag lika g\u00e4rna kan publicera i ett inl\u00e4gg. Han tipsar om l\u00e4ttl\u00e4sta b\u00f6cker att l\u00e4sa f\u00f6r att komma vidare i fr\u00e5gan;<\/p>\n<blockquote>\n<p><span>&#8221;Hej! Detta \u00e4mne intresserar ju mig som du vet. Som komplement till biskop Antje s\u00e5 tycker jag inte att man ska missa den nyutkomna boken Guds d\u00f6dgr\u00e4vare &#8211; har vetenskapen begravt Gud av John Lennox. Som komplement d\u00e4rtill Fallet Jesus av Lee Strobl (om Jesus och Bibelns historicitet) och som komplement d\u00e4rtill Kristen p\u00e5 goda grunder av Stefan Gustavsson. Detta \u00e4r l\u00e4ttl\u00e4sta b\u00f6cker, p\u00e5 svenska som ger en ganska god introduktion till \u00e4mnet!&#8221;<\/span><\/p>\n<\/blockquote>\n<p>Har ni f\u00f6rresten t\u00e4nkt p\u00e5 att man ofta brukar h\u00e4nvisa till fr\u00e5gan som &#8221;tro och vetande&#8221;. Det finns en historisk anledning till det eftersom det \u00e4r titeln p\u00e5 den bok av Ingemar Hedenius som sparkade ig\u00e5ng debatten i v\u00e5rt land 1949. Jag tror jag har lyckats varje g\u00e5ng med att ist\u00e4llet kalla fr\u00e5gan &#8221;tro och <i>vetenskap<\/i>&#8221; eftersom det \u00e4r en betydligt mer korrekt beskrivning av vad det handlar om. Jag skulle \u00e4ven v\u00e5ga drista mig till att s\u00e4ga att tro <i>\u00e4r<\/i> en slags vetande.<\/p>\n","protected":false},"excerpt":{"rendered":"<p>Anden kommer ner, ett slags vetande? Jag \u00e4r glad \u00f6ver att m\u00e5nga verkar vara intresserade av min lilla serie om s\u00e5nt alla &#8221;vet&#8221; om kristen tro. Speciellt det d\u00e4r med tro och naturvetenskap verkar m\u00e5nga fundera p\u00e5. Jag fick en kommentar av Martin Walld\u00e9n som jag t\u00e4nkte jag lika g\u00e4rna kan publicera i ett inl\u00e4gg. [&hellip;]<\/p>\n","protected":false},"author":392,"featured_media":0,"comment_status":"open","ping_status":"open","sticky":false,"template":"","format":"standard","meta":{"_acf_changed":false,"footnotes":""},"categories":[117],"tags":[],"class_list":["post-746","post","type-post","status-publish","format-standard","hentry","category-teologi"],"acf":[],"yoast_head":"<!-- This site is optimized with the Yoast SEO plugin v27.1.1 - https:\/\/yoast.com\/product\/yoast-seo-wordpress\/ -->\n<title>Uppf\u00f6ljning av tro och vetenskap - Vandra V\u00e4gen<\/title>\n<meta name=\"robots\" content=\"index, follow, max-snippet:-1, max-image-preview:large, max-video-preview:-1\" \/>\n<link rel=\"canonical\" href=\"https:\/\/blogg.svenskakyrkan.se\/vandravagen\/2013\/01\/25\/uppfoljning-av-tro-och-vetenskap\/\" \/>\n<meta property=\"og:locale\" content=\"sv_SE\" \/>\n<meta property=\"og:type\" content=\"article\" \/>\n<meta property=\"og:title\" content=\"Uppf\u00f6ljning av tro och vetenskap - Vandra V\u00e4gen\" \/>\n<meta property=\"og:description\" content=\"Anden kommer ner, ett slags vetande? Jag \u00e4r glad \u00f6ver att m\u00e5nga verkar vara intresserade av min lilla serie om s\u00e5nt alla &#8221;vet&#8221; om kristen tro. Speciellt det d\u00e4r med tro och naturvetenskap verkar m\u00e5nga fundera p\u00e5. Jag fick en kommentar av Martin Walld\u00e9n som jag t\u00e4nkte jag lika g\u00e4rna kan publicera i ett inl\u00e4gg. [&hellip;]\" \/>\n<meta property=\"og:url\" content=\"https:\/\/blogg.svenskakyrkan.se\/vandravagen\/2013\/01\/25\/uppfoljning-av-tro-och-vetenskap\/\" \/>\n<meta property=\"og:site_name\" content=\"Vandra V\u00e4gen\" \/>\n<meta property=\"article:publisher\" content=\"http:\/\/facebook.com\/vandravagen\" \/>\n<meta property=\"article:published_time\" content=\"2013-01-25T18:11:00+00:00\" \/>\n<meta property=\"og:image\" content=\"http:\/\/3.bp.blogspot.com\/-rrUmCFtiWjk\/UNQhE1UgPoI\/AAAAAAAABbs\/nOPH9whbazw\/s400\/P2270055.JPG\" \/>\n<meta name=\"author\" content=\"Tomas Jarvid\" \/>\n<meta name=\"twitter:card\" content=\"summary_large_image\" \/>\n<meta name=\"twitter:creator\" content=\"@fadertomas\" \/>\n<meta name=\"twitter:site\" content=\"@fadertomas\" \/>\n<meta name=\"twitter:label1\" content=\"Skriven av\" \/>\n\t<meta name=\"twitter:data1\" content=\"Tomas Jarvid\" \/>\n\t<meta name=\"twitter:label2\" content=\"Ber\u00e4knad l\u00e4stid\" \/>\n\t<meta name=\"twitter:data2\" content=\"1 minut\" \/>\n<script type=\"application\/ld+json\" class=\"yoast-schema-graph\">{\"@context\":\"https:\/\/schema.org\",\"@graph\":[{\"@type\":\"Article\",\"@id\":\"https:\/\/blogg.svenskakyrkan.se\/vandravagen\/2013\/01\/25\/uppfoljning-av-tro-och-vetenskap\/#article\",\"isPartOf\":{\"@id\":\"https:\/\/blogg.svenskakyrkan.se\/vandravagen\/2013\/01\/25\/uppfoljning-av-tro-och-vetenskap\/\"},\"author\":{\"name\":\"Tomas Jarvid\",\"@id\":\"https:\/\/blogg.svenskakyrkan.se\/vandravagen\/#\/schema\/person\/25da02d4f76b137d04291711e2c9fc16\"},\"headline\":\"Uppf\u00f6ljning av tro och vetenskap\",\"datePublished\":\"2013-01-25T18:11:00+00:00\",\"mainEntityOfPage\":{\"@id\":\"https:\/\/blogg.svenskakyrkan.se\/vandravagen\/2013\/01\/25\/uppfoljning-av-tro-och-vetenskap\/\"},\"wordCount\":262,\"commentCount\":0,\"publisher\":{\"@id\":\"https:\/\/blogg.svenskakyrkan.se\/vandravagen\/#organization\"},\"image\":{\"@id\":\"https:\/\/blogg.svenskakyrkan.se\/vandravagen\/2013\/01\/25\/uppfoljning-av-tro-och-vetenskap\/#primaryimage\"},\"thumbnailUrl\":\"http:\/\/3.bp.blogspot.com\/-rrUmCFtiWjk\/UNQhE1UgPoI\/AAAAAAAABbs\/nOPH9whbazw\/s400\/P2270055.JPG\",\"articleSection\":[\"Teologi\"],\"inLanguage\":\"sv-SE\",\"potentialAction\":[{\"@type\":\"CommentAction\",\"name\":\"Comment\",\"target\":[\"https:\/\/blogg.svenskakyrkan.se\/vandravagen\/2013\/01\/25\/uppfoljning-av-tro-och-vetenskap\/#respond\"]}]},{\"@type\":\"WebPage\",\"@id\":\"https:\/\/blogg.svenskakyrkan.se\/vandravagen\/2013\/01\/25\/uppfoljning-av-tro-och-vetenskap\/\",\"url\":\"https:\/\/blogg.svenskakyrkan.se\/vandravagen\/2013\/01\/25\/uppfoljning-av-tro-och-vetenskap\/\",\"name\":\"Uppf\u00f6ljning av tro och vetenskap - Vandra V\u00e4gen\",\"isPartOf\":{\"@id\":\"https:\/\/blogg.svenskakyrkan.se\/vandravagen\/#website\"},\"primaryImageOfPage\":{\"@id\":\"https:\/\/blogg.svenskakyrkan.se\/vandravagen\/2013\/01\/25\/uppfoljning-av-tro-och-vetenskap\/#primaryimage\"},\"image\":{\"@id\":\"https:\/\/blogg.svenskakyrkan.se\/vandravagen\/2013\/01\/25\/uppfoljning-av-tro-och-vetenskap\/#primaryimage\"},\"thumbnailUrl\":\"http:\/\/3.bp.blogspot.com\/-rrUmCFtiWjk\/UNQhE1UgPoI\/AAAAAAAABbs\/nOPH9whbazw\/s400\/P2270055.JPG\",\"datePublished\":\"2013-01-25T18:11:00+00:00\",\"breadcrumb\":{\"@id\":\"https:\/\/blogg.svenskakyrkan.se\/vandravagen\/2013\/01\/25\/uppfoljning-av-tro-och-vetenskap\/#breadcrumb\"},\"inLanguage\":\"sv-SE\",\"potentialAction\":[{\"@type\":\"ReadAction\",\"target\":[\"https:\/\/blogg.svenskakyrkan.se\/vandravagen\/2013\/01\/25\/uppfoljning-av-tro-och-vetenskap\/\"]}]},{\"@type\":\"ImageObject\",\"inLanguage\":\"sv-SE\",\"@id\":\"https:\/\/blogg.svenskakyrkan.se\/vandravagen\/2013\/01\/25\/uppfoljning-av-tro-och-vetenskap\/#primaryimage\",\"url\":\"http:\/\/3.bp.blogspot.com\/-rrUmCFtiWjk\/UNQhE1UgPoI\/AAAAAAAABbs\/nOPH9whbazw\/s400\/P2270055.JPG\",\"contentUrl\":\"http:\/\/3.bp.blogspot.com\/-rrUmCFtiWjk\/UNQhE1UgPoI\/AAAAAAAABbs\/nOPH9whbazw\/s400\/P2270055.JPG\"},{\"@type\":\"BreadcrumbList\",\"@id\":\"https:\/\/blogg.svenskakyrkan.se\/vandravagen\/2013\/01\/25\/uppfoljning-av-tro-och-vetenskap\/#breadcrumb\",\"itemListElement\":[{\"@type\":\"ListItem\",\"position\":1,\"name\":\"Hem\",\"item\":\"https:\/\/blogg.svenskakyrkan.se\/vandravagen\/\"},{\"@type\":\"ListItem\",\"position\":2,\"name\":\"Uppf\u00f6ljning av tro och vetenskap\"}]},{\"@type\":\"WebSite\",\"@id\":\"https:\/\/blogg.svenskakyrkan.se\/vandravagen\/#website\",\"url\":\"https:\/\/blogg.svenskakyrkan.se\/vandravagen\/\",\"name\":\"Vandra V\u00e4gen\",\"description\":\"-Mot en tro f\u00f6r hela livet\",\"publisher\":{\"@id\":\"https:\/\/blogg.svenskakyrkan.se\/vandravagen\/#organization\"},\"potentialAction\":[{\"@type\":\"SearchAction\",\"target\":{\"@type\":\"EntryPoint\",\"urlTemplate\":\"https:\/\/blogg.svenskakyrkan.se\/vandravagen\/?s={search_term_string}\"},\"query-input\":{\"@type\":\"PropertyValueSpecification\",\"valueRequired\":true,\"valueName\":\"search_term_string\"}}],\"inLanguage\":\"sv-SE\"},{\"@type\":\"Organization\",\"@id\":\"https:\/\/blogg.svenskakyrkan.se\/vandravagen\/#organization\",\"name\":\"ulricehamns pastorat\",\"alternateName\":\"ulricehamns pastorat\",\"url\":\"https:\/\/blogg.svenskakyrkan.se\/vandravagen\/\",\"logo\":{\"@type\":\"ImageObject\",\"inLanguage\":\"sv-SE\",\"@id\":\"https:\/\/blogg.svenskakyrkan.se\/vandravagen\/#\/schema\/logo\/image\/\",\"url\":\"https:\/\/blogg.svenskakyrkan.se\/vandravagen\/files\/2023\/05\/Ulr_logo_RGB.png\",\"contentUrl\":\"https:\/\/blogg.svenskakyrkan.se\/vandravagen\/files\/2023\/05\/Ulr_logo_RGB.png\",\"width\":205,\"height\":77,\"caption\":\"ulricehamns pastorat\"},\"image\":{\"@id\":\"https:\/\/blogg.svenskakyrkan.se\/vandravagen\/#\/schema\/logo\/image\/\"},\"sameAs\":[\"http:\/\/facebook.com\/vandravagen\",\"https:\/\/x.com\/fadertomas\",\"http:\/\/www.facebook.com\/svenskakyrkaniulricehamn\"]},{\"@type\":\"Person\",\"@id\":\"https:\/\/blogg.svenskakyrkan.se\/vandravagen\/#\/schema\/person\/25da02d4f76b137d04291711e2c9fc16\",\"name\":\"Tomas Jarvid\",\"image\":{\"@type\":\"ImageObject\",\"inLanguage\":\"sv-SE\",\"@id\":\"https:\/\/blogg.svenskakyrkan.se\/vandravagen\/#\/schema\/person\/image\/\",\"url\":\"https:\/\/secure.gravatar.com\/avatar\/7fa71899795e8f540f615a1f5ab25255dc27aa40f05ee7ddd21aac521e01bf50?s=96&d=identicon&r=g\",\"contentUrl\":\"https:\/\/secure.gravatar.com\/avatar\/7fa71899795e8f540f615a1f5ab25255dc27aa40f05ee7ddd21aac521e01bf50?s=96&d=identicon&r=g\",\"caption\":\"Tomas Jarvid\"},\"description\":\"Jag bor i Ulricehamn i V\u00e4sterg\u00f6tland och \u00e4r f\u00f6rsamlingspr\u00e4st i Svenska Kyrkan f\u00f6r Dalstorps f\u00f6rsamling i Kinds pastorat. P\u00e5 den h\u00e4r bloggen skriver jag ner tankar om vandringen som kristen.\",\"sameAs\":[\"http:\/\/www.vandravagen.se\"],\"url\":\"https:\/\/blogg.svenskakyrkan.se\/vandravagen\/author\/vandravagen\/\"}]}<\/script>\n<!-- \/ Yoast SEO plugin. -->","yoast_head_json":{"title":"Uppf\u00f6ljning av tro och vetenskap - Vandra V\u00e4gen","robots":{"index":"index","follow":"follow","max-snippet":"max-snippet:-1","max-image-preview":"max-image-preview:large","max-video-preview":"max-video-preview:-1"},"canonical":"https:\/\/blogg.svenskakyrkan.se\/vandravagen\/2013\/01\/25\/uppfoljning-av-tro-och-vetenskap\/","og_locale":"sv_SE","og_type":"article","og_title":"Uppf\u00f6ljning av tro och vetenskap - Vandra V\u00e4gen","og_description":"Anden kommer ner, ett slags vetande? Jag \u00e4r glad \u00f6ver att m\u00e5nga verkar vara intresserade av min lilla serie om s\u00e5nt alla &#8221;vet&#8221; om kristen tro. Speciellt det d\u00e4r med tro och naturvetenskap verkar m\u00e5nga fundera p\u00e5. Jag fick en kommentar av Martin Walld\u00e9n som jag t\u00e4nkte jag lika g\u00e4rna kan publicera i ett inl\u00e4gg. [&hellip;]","og_url":"https:\/\/blogg.svenskakyrkan.se\/vandravagen\/2013\/01\/25\/uppfoljning-av-tro-och-vetenskap\/","og_site_name":"Vandra V\u00e4gen","article_publisher":"http:\/\/facebook.com\/vandravagen","article_published_time":"2013-01-25T18:11:00+00:00","og_image":[{"url":"http:\/\/3.bp.blogspot.com\/-rrUmCFtiWjk\/UNQhE1UgPoI\/AAAAAAAABbs\/nOPH9whbazw\/s400\/P2270055.JPG","type":"","width":"","height":""}],"author":"Tomas Jarvid","twitter_card":"summary_large_image","twitter_creator":"@fadertomas","twitter_site":"@fadertomas","twitter_misc":{"Skriven av":"Tomas Jarvid","Ber\u00e4knad l\u00e4stid":"1 minut"},"schema":{"@context":"https:\/\/schema.org","@graph":[{"@type":"Article","@id":"https:\/\/blogg.svenskakyrkan.se\/vandravagen\/2013\/01\/25\/uppfoljning-av-tro-och-vetenskap\/#article","isPartOf":{"@id":"https:\/\/blogg.svenskakyrkan.se\/vandravagen\/2013\/01\/25\/uppfoljning-av-tro-och-vetenskap\/"},"author":{"name":"Tomas Jarvid","@id":"https:\/\/blogg.svenskakyrkan.se\/vandravagen\/#\/schema\/person\/25da02d4f76b137d04291711e2c9fc16"},"headline":"Uppf\u00f6ljning av tro och vetenskap","datePublished":"2013-01-25T18:11:00+00:00","mainEntityOfPage":{"@id":"https:\/\/blogg.svenskakyrkan.se\/vandravagen\/2013\/01\/25\/uppfoljning-av-tro-och-vetenskap\/"},"wordCount":262,"commentCount":0,"publisher":{"@id":"https:\/\/blogg.svenskakyrkan.se\/vandravagen\/#organization"},"image":{"@id":"https:\/\/blogg.svenskakyrkan.se\/vandravagen\/2013\/01\/25\/uppfoljning-av-tro-och-vetenskap\/#primaryimage"},"thumbnailUrl":"http:\/\/3.bp.blogspot.com\/-rrUmCFtiWjk\/UNQhE1UgPoI\/AAAAAAAABbs\/nOPH9whbazw\/s400\/P2270055.JPG","articleSection":["Teologi"],"inLanguage":"sv-SE","potentialAction":[{"@type":"CommentAction","name":"Comment","target":["https:\/\/blogg.svenskakyrkan.se\/vandravagen\/2013\/01\/25\/uppfoljning-av-tro-och-vetenskap\/#respond"]}]},{"@type":"WebPage","@id":"https:\/\/blogg.svenskakyrkan.se\/vandravagen\/2013\/01\/25\/uppfoljning-av-tro-och-vetenskap\/","url":"https:\/\/blogg.svenskakyrkan.se\/vandravagen\/2013\/01\/25\/uppfoljning-av-tro-och-vetenskap\/","name":"Uppf\u00f6ljning av tro och vetenskap - Vandra V\u00e4gen","isPartOf":{"@id":"https:\/\/blogg.svenskakyrkan.se\/vandravagen\/#website"},"primaryImageOfPage":{"@id":"https:\/\/blogg.svenskakyrkan.se\/vandravagen\/2013\/01\/25\/uppfoljning-av-tro-och-vetenskap\/#primaryimage"},"image":{"@id":"https:\/\/blogg.svenskakyrkan.se\/vandravagen\/2013\/01\/25\/uppfoljning-av-tro-och-vetenskap\/#primaryimage"},"thumbnailUrl":"http:\/\/3.bp.blogspot.com\/-rrUmCFtiWjk\/UNQhE1UgPoI\/AAAAAAAABbs\/nOPH9whbazw\/s400\/P2270055.JPG","datePublished":"2013-01-25T18:11:00+00:00","breadcrumb":{"@id":"https:\/\/blogg.svenskakyrkan.se\/vandravagen\/2013\/01\/25\/uppfoljning-av-tro-och-vetenskap\/#breadcrumb"},"inLanguage":"sv-SE","potentialAction":[{"@type":"ReadAction","target":["https:\/\/blogg.svenskakyrkan.se\/vandravagen\/2013\/01\/25\/uppfoljning-av-tro-och-vetenskap\/"]}]},{"@type":"ImageObject","inLanguage":"sv-SE","@id":"https:\/\/blogg.svenskakyrkan.se\/vandravagen\/2013\/01\/25\/uppfoljning-av-tro-och-vetenskap\/#primaryimage","url":"http:\/\/3.bp.blogspot.com\/-rrUmCFtiWjk\/UNQhE1UgPoI\/AAAAAAAABbs\/nOPH9whbazw\/s400\/P2270055.JPG","contentUrl":"http:\/\/3.bp.blogspot.com\/-rrUmCFtiWjk\/UNQhE1UgPoI\/AAAAAAAABbs\/nOPH9whbazw\/s400\/P2270055.JPG"},{"@type":"BreadcrumbList","@id":"https:\/\/blogg.svenskakyrkan.se\/vandravagen\/2013\/01\/25\/uppfoljning-av-tro-och-vetenskap\/#breadcrumb","itemListElement":[{"@type":"ListItem","position":1,"name":"Hem","item":"https:\/\/blogg.svenskakyrkan.se\/vandravagen\/"},{"@type":"ListItem","position":2,"name":"Uppf\u00f6ljning av tro och vetenskap"}]},{"@type":"WebSite","@id":"https:\/\/blogg.svenskakyrkan.se\/vandravagen\/#website","url":"https:\/\/blogg.svenskakyrkan.se\/vandravagen\/","name":"Vandra V\u00e4gen","description":"-Mot en tro f\u00f6r hela livet","publisher":{"@id":"https:\/\/blogg.svenskakyrkan.se\/vandravagen\/#organization"},"potentialAction":[{"@type":"SearchAction","target":{"@type":"EntryPoint","urlTemplate":"https:\/\/blogg.svenskakyrkan.se\/vandravagen\/?s={search_term_string}"},"query-input":{"@type":"PropertyValueSpecification","valueRequired":true,"valueName":"search_term_string"}}],"inLanguage":"sv-SE"},{"@type":"Organization","@id":"https:\/\/blogg.svenskakyrkan.se\/vandravagen\/#organization","name":"ulricehamns pastorat","alternateName":"ulricehamns pastorat","url":"https:\/\/blogg.svenskakyrkan.se\/vandravagen\/","logo":{"@type":"ImageObject","inLanguage":"sv-SE","@id":"https:\/\/blogg.svenskakyrkan.se\/vandravagen\/#\/schema\/logo\/image\/","url":"https:\/\/blogg.svenskakyrkan.se\/vandravagen\/files\/2023\/05\/Ulr_logo_RGB.png","contentUrl":"https:\/\/blogg.svenskakyrkan.se\/vandravagen\/files\/2023\/05\/Ulr_logo_RGB.png","width":205,"height":77,"caption":"ulricehamns pastorat"},"image":{"@id":"https:\/\/blogg.svenskakyrkan.se\/vandravagen\/#\/schema\/logo\/image\/"},"sameAs":["http:\/\/facebook.com\/vandravagen","https:\/\/x.com\/fadertomas","http:\/\/www.facebook.com\/svenskakyrkaniulricehamn"]},{"@type":"Person","@id":"https:\/\/blogg.svenskakyrkan.se\/vandravagen\/#\/schema\/person\/25da02d4f76b137d04291711e2c9fc16","name":"Tomas Jarvid","image":{"@type":"ImageObject","inLanguage":"sv-SE","@id":"https:\/\/blogg.svenskakyrkan.se\/vandravagen\/#\/schema\/person\/image\/","url":"https:\/\/secure.gravatar.com\/avatar\/7fa71899795e8f540f615a1f5ab25255dc27aa40f05ee7ddd21aac521e01bf50?s=96&d=identicon&r=g","contentUrl":"https:\/\/secure.gravatar.com\/avatar\/7fa71899795e8f540f615a1f5ab25255dc27aa40f05ee7ddd21aac521e01bf50?s=96&d=identicon&r=g","caption":"Tomas Jarvid"},"description":"Jag bor i Ulricehamn i V\u00e4sterg\u00f6tland och \u00e4r f\u00f6rsamlingspr\u00e4st i Svenska Kyrkan f\u00f6r Dalstorps f\u00f6rsamling i Kinds pastorat. P\u00e5 den h\u00e4r bloggen skriver jag ner tankar om vandringen som kristen.","sameAs":["http:\/\/www.vandravagen.se"],"url":"https:\/\/blogg.svenskakyrkan.se\/vandravagen\/author\/vandravagen\/"}]}},"author_meta":{"ID":"392","user_nicename":"vandravagen","user_url":"http:\/\/www.vandravagen.se","user_registered":"2014-05-19 05:44:52","display_name":"Tomas Jarvid","first_name":"Tomas","last_name":"Jarvid","avatar":"https:\/\/secure.gravatar.com\/avatar\/7fa71899795e8f540f615a1f5ab25255dc27aa40f05ee7ddd21aac521e01bf50?s=96&d=identicon&r=g"},"featured_image":false,"bloginfo":{"name":"Vandra V\u00e4gen","url":"https:\/\/blogg.svenskakyrkan.se\/vandravagen"},"_links":{"self":[{"href":"https:\/\/blogg.svenskakyrkan.se\/vandravagen\/wp-json\/wp\/v2\/posts\/746","targetHints":{"allow":["GET"]}}],"collection":[{"href":"https:\/\/blogg.svenskakyrkan.se\/vandravagen\/wp-json\/wp\/v2\/posts"}],"about":[{"href":"https:\/\/blogg.svenskakyrkan.se\/vandravagen\/wp-json\/wp\/v2\/types\/post"}],"author":[{"embeddable":true,"href":"https:\/\/blogg.svenskakyrkan.se\/vandravagen\/wp-json\/wp\/v2\/users\/392"}],"replies":[{"embeddable":true,"href":"https:\/\/blogg.svenskakyrkan.se\/vandravagen\/wp-json\/wp\/v2\/comments?post=746"}],"version-history":[{"count":0,"href":"https:\/\/blogg.svenskakyrkan.se\/vandravagen\/wp-json\/wp\/v2\/posts\/746\/revisions"}],"wp:attachment":[{"href":"https:\/\/blogg.svenskakyrkan.se\/vandravagen\/wp-json\/wp\/v2\/media?parent=746"}],"wp:term":[{"taxonomy":"category","embeddable":true,"href":"https:\/\/blogg.svenskakyrkan.se\/vandravagen\/wp-json\/wp\/v2\/categories?post=746"},{"taxonomy":"post_tag","embeddable":true,"href":"https:\/\/blogg.svenskakyrkan.se\/vandravagen\/wp-json\/wp\/v2\/tags?post=746"}],"curies":[{"name":"wp","href":"https:\/\/api.w.org\/{rel}","templated":true}]}}