{"id":747,"date":"2013-01-25T09:24:00","date_gmt":"2013-01-25T08:24:00","guid":{"rendered":"http:\/\/blogg.svenskakyrkan.se\/vandravagen\/2013\/01\/25\/saker-alla-vet-om-kristendomen-iii-himlen-ar-grejen\/"},"modified":"2013-01-25T09:24:00","modified_gmt":"2013-01-25T08:24:00","slug":"saker-alla-vet-om-kristendomen-iii-himlen-ar-grejen","status":"publish","type":"post","link":"https:\/\/blogg.svenskakyrkan.se\/vandravagen\/2013\/01\/25\/saker-alla-vet-om-kristendomen-iii-himlen-ar-grejen\/","title":{"rendered":"Saker &quot;alla vet&quot; om kristendomen III: Himlen \u00e4r grejen"},"content":{"rendered":"<table align=\"center\" cellpadding=\"0\" cellspacing=\"0\">\n<tbody>\n<tr>\n<td><a href=\"http:\/\/4.bp.blogspot.com\/-oh3A6jbkb3w\/UQIv5UcWwBI\/AAAAAAAAB4s\/xlfnaMbde-M\/s1600\/IMG_1398.JPG\"><img loading=\"lazy\" decoding=\"async\" border=\"0\" height=\"298\" src=\"http:\/\/4.bp.blogspot.com\/-oh3A6jbkb3w\/UQIv5UcWwBI\/AAAAAAAAB4s\/xlfnaMbde-M\/s400\/IMG_1398.JPG\" width=\"400\"><\/a><\/td>\n<\/tr>\n<tr>\n<td>Yttersta domen enligt Full\u00f6sa kyrktak<\/td>\n<\/tr>\n<\/tbody>\n<\/table>\n<p>En sak m\u00e5nga f\u00f6rknippar med kristen tro \u00e4r livet efter detta. Jag tycker att jag ov\u00e4ntat ofta st\u00f6ter p\u00e5 uttalanden om att de kristnas Gud framf\u00f6rallt \u00e4r en som skickar sn\u00e4lla till himlen och elaka till helvetet. Det ligger f\u00f6rst\u00e5s n\u00e5got i det som i det mesta. Det har alltid varit ett viktigt drag i den kristna tron att tro p\u00e5 ett liv efter detta, liksom att Gud \u00e4r den som skipar r\u00e4ttvisa n\u00e4r tiden \u00e4r inne. Det som <i>inte<\/i> st\u00e4mmer \u00e4r att Gud inte alls \u00e4r or\u00e4ttvis eller sn\u00e5l. Han \u00e4r snarare <i>mer<\/i> r\u00e4ttvis \u00e4n oss, inte mindre. Och Gud vill heller ingen m\u00e4nniska ont. Det st\u00e5r i Bibeln att Gud vill att alla m\u00e4nniskor ska bli r\u00e4ddade.<\/p>\n<table align=\"center\" cellpadding=\"0\" cellspacing=\"0\">\n<tbody>\n<tr>\n<td><a href=\"http:\/\/3.bp.blogspot.com\/-h8l4H-E_BV8\/UQIyp0h3EKI\/AAAAAAAAB5s\/8fnHUTTGj50\/s1600\/kristen+vs+himlen.jpg\"><img loading=\"lazy\" decoding=\"async\" border=\"0\" height=\"70\" src=\"http:\/\/3.bp.blogspot.com\/-h8l4H-E_BV8\/UQIyp0h3EKI\/AAAAAAAAB5s\/8fnHUTTGj50\/s400\/kristen+vs+himlen.jpg\" width=\"400\"><\/a><\/td>\n<\/tr>\n<tr>\n<td>Dagens tweet.<\/td>\n<\/tr>\n<\/tbody>\n<\/table>\n<p>Det jag v\u00e4nder mig emot med dagens inl\u00e4gg \u00e4r att himlen s\u00e5 att s\u00e4ga skulle vara hela grejen med den kristna tron. Man ska ta sig igenom livet h\u00e4r utan alltf\u00f6r m\u00e5nga plumpar i protokollet och sedan \u00e4r himlen det som \u00e4r verkligt viktigt. S\u00e5 \u00e4r det inte. Den kristna tron \u00e4r tro p\u00e5 Skaparen, den som skapat och bryr sig om den v\u00e4rld vi lever i mer \u00e4n vi f\u00f6rst\u00e5r. Som skapat oss till sina medarbetare, som vill f\u00f6ra oss in i livet tillsammans med honom redan h\u00e4r i livet. I dopet b\u00f6rjar det eviga livet redan h\u00e4r p\u00e5 jorden, f\u00f6r evigheten finns i livet med Gud. Det liv som sedan ska visa sig utan gr\u00e4ns.<\/p>\n<p>Alltf\u00f6r mycket fokus p\u00e5 livet efter detta leder l\u00e4tt till att eftersom &#8221;du f\u00e5r sm\u00f6r ovanf\u00f6r n\u00e4r du d\u00f6r&#8221; s\u00e5 spelar inget p\u00e5 jorden n\u00e5gon roll. Det \u00e4r ocks\u00e5 l\u00e4tt att Gud, som man kan ana i Zahnds tweet ovan, blir reducerad till medel f\u00f6r att uppn\u00e5 mitt verkliga m\u00e5l. Gud \u00e4r i sig sj\u00e4lv alltings ursprung och m\u00e5l.<\/p>\n<p>P\u00e5 bilden ovan ser vi en r\u00e4tt klassisk bild av tidens slut. Somliga far till himlen, andra till helvetet. Jorden verkar i vilket fall ha spelat ut sin roll. En teolog som v\u00e4nt sig mot det \u00e4r biskop N.T. Wright. Han framh\u00e5ller om och om igen att bibeln talar om ett slutligt f\u00f6rh\u00e4rligande av hela <i>den h\u00e4r jorden. <\/i>Med m\u00e4nniskor och annat! Den stora nyskapelsen b\u00f6rjar med Jesu liv p\u00e5 jorden och d\u00f6d och uppst\u00e5ndelse. N\u00e4r Jesus p\u00e5 korset ropar &#8221;det \u00e4r fullbordat&#8221; \u00e4r det en f\u00f6rnyelse av hur Gud fullbordade sin skapelse den 6e dagen i f\u00f6rsta mosebok! Kristen tro handlar d\u00e5 inte om att bli r\u00e4ddad fr\u00e5n den h\u00e4r v\u00e4rlden utan om att Gud f\u00f6rm\u00e5r r\u00e4dda hela v\u00e4rlden! D\u00e4rmed kan jag f\u00f6rst\u00e5s inte utlova fr\u00e4lsning \u00e5t alla. Bibeln talar ocks\u00e5 skarpt om risken att g\u00e5 f\u00f6rlorad. Om detta s\u00e4ger Wright att Gud ger oss frihet, ocks\u00e5 till att v\u00e4lja bort honom. Det vi kan vara s\u00e4kra p\u00e5 \u00e4r att Gud inte vill f\u00f6rlora n\u00e5gon av oss.<\/p>\n<p>N\u00e5got att t\u00e4nka p\u00e5 medan vi lyssnar och ber med br\u00f6derna i Taiz\u00e9: &#8221;jag \u00e4r viss att jag ska m\u00f6ta Herrens godhet h\u00e4r i de levandes land. H\u00e5ll fast vid och lita p\u00e5 Gud&#8221;.<\/p>\n<\/p>\n<div><\/div>\n","protected":false},"excerpt":{"rendered":"<p>Yttersta domen enligt Full\u00f6sa kyrktak En sak m\u00e5nga f\u00f6rknippar med kristen tro \u00e4r livet efter detta. Jag tycker att jag ov\u00e4ntat ofta st\u00f6ter p\u00e5 uttalanden om att de kristnas Gud framf\u00f6rallt \u00e4r en som skickar sn\u00e4lla till himlen och elaka till helvetet. Det ligger f\u00f6rst\u00e5s n\u00e5got i det som i det mesta. Det har alltid [&hellip;]<\/p>\n","protected":false},"author":392,"featured_media":0,"comment_status":"open","ping_status":"open","sticky":false,"template":"","format":"standard","meta":{"_acf_changed":false,"footnotes":""},"categories":[117],"tags":[],"class_list":["post-747","post","type-post","status-publish","format-standard","hentry","category-teologi"],"acf":[],"yoast_head":"<!-- This site is optimized with the Yoast SEO plugin v27.1.1 - https:\/\/yoast.com\/product\/yoast-seo-wordpress\/ -->\n<title>Saker &quot;alla vet&quot; om kristendomen III: Himlen \u00e4r grejen - Vandra V\u00e4gen<\/title>\n<meta name=\"robots\" content=\"index, follow, max-snippet:-1, max-image-preview:large, max-video-preview:-1\" \/>\n<link rel=\"canonical\" href=\"https:\/\/blogg.svenskakyrkan.se\/vandravagen\/2013\/01\/25\/saker-alla-vet-om-kristendomen-iii-himlen-ar-grejen\/\" \/>\n<meta property=\"og:locale\" content=\"sv_SE\" \/>\n<meta property=\"og:type\" content=\"article\" \/>\n<meta property=\"og:title\" content=\"Saker &quot;alla vet&quot; om kristendomen III: Himlen \u00e4r grejen - Vandra V\u00e4gen\" \/>\n<meta property=\"og:description\" content=\"Yttersta domen enligt Full\u00f6sa kyrktak En sak m\u00e5nga f\u00f6rknippar med kristen tro \u00e4r livet efter detta. Jag tycker att jag ov\u00e4ntat ofta st\u00f6ter p\u00e5 uttalanden om att de kristnas Gud framf\u00f6rallt \u00e4r en som skickar sn\u00e4lla till himlen och elaka till helvetet. Det ligger f\u00f6rst\u00e5s n\u00e5got i det som i det mesta. Det har alltid [&hellip;]\" \/>\n<meta property=\"og:url\" content=\"https:\/\/blogg.svenskakyrkan.se\/vandravagen\/2013\/01\/25\/saker-alla-vet-om-kristendomen-iii-himlen-ar-grejen\/\" \/>\n<meta property=\"og:site_name\" content=\"Vandra V\u00e4gen\" \/>\n<meta property=\"article:publisher\" content=\"http:\/\/facebook.com\/vandravagen\" \/>\n<meta property=\"article:published_time\" content=\"2013-01-25T08:24:00+00:00\" \/>\n<meta property=\"og:image\" content=\"http:\/\/4.bp.blogspot.com\/-oh3A6jbkb3w\/UQIv5UcWwBI\/AAAAAAAAB4s\/xlfnaMbde-M\/s400\/IMG_1398.JPG\" \/>\n<meta name=\"author\" content=\"Tomas Jarvid\" \/>\n<meta name=\"twitter:card\" content=\"summary_large_image\" \/>\n<meta name=\"twitter:creator\" content=\"@fadertomas\" \/>\n<meta name=\"twitter:site\" content=\"@fadertomas\" \/>\n<meta name=\"twitter:label1\" content=\"Skriven av\" \/>\n\t<meta name=\"twitter:data1\" content=\"Tomas Jarvid\" \/>\n\t<meta name=\"twitter:label2\" content=\"Ber\u00e4knad l\u00e4stid\" \/>\n\t<meta name=\"twitter:data2\" content=\"3 minuter\" \/>\n<script type=\"application\/ld+json\" class=\"yoast-schema-graph\">{\"@context\":\"https:\/\/schema.org\",\"@graph\":[{\"@type\":\"Article\",\"@id\":\"https:\/\/blogg.svenskakyrkan.se\/vandravagen\/2013\/01\/25\/saker-alla-vet-om-kristendomen-iii-himlen-ar-grejen\/#article\",\"isPartOf\":{\"@id\":\"https:\/\/blogg.svenskakyrkan.se\/vandravagen\/2013\/01\/25\/saker-alla-vet-om-kristendomen-iii-himlen-ar-grejen\/\"},\"author\":{\"name\":\"Tomas Jarvid\",\"@id\":\"https:\/\/blogg.svenskakyrkan.se\/vandravagen\/#\/schema\/person\/25da02d4f76b137d04291711e2c9fc16\"},\"headline\":\"Saker &quot;alla vet&quot; om kristendomen III: Himlen \u00e4r grejen\",\"datePublished\":\"2013-01-25T08:24:00+00:00\",\"mainEntityOfPage\":{\"@id\":\"https:\/\/blogg.svenskakyrkan.se\/vandravagen\/2013\/01\/25\/saker-alla-vet-om-kristendomen-iii-himlen-ar-grejen\/\"},\"wordCount\":601,\"commentCount\":6,\"publisher\":{\"@id\":\"https:\/\/blogg.svenskakyrkan.se\/vandravagen\/#organization\"},\"image\":{\"@id\":\"https:\/\/blogg.svenskakyrkan.se\/vandravagen\/2013\/01\/25\/saker-alla-vet-om-kristendomen-iii-himlen-ar-grejen\/#primaryimage\"},\"thumbnailUrl\":\"http:\/\/4.bp.blogspot.com\/-oh3A6jbkb3w\/UQIv5UcWwBI\/AAAAAAAAB4s\/xlfnaMbde-M\/s400\/IMG_1398.JPG\",\"articleSection\":[\"Teologi\"],\"inLanguage\":\"sv-SE\",\"potentialAction\":[{\"@type\":\"CommentAction\",\"name\":\"Comment\",\"target\":[\"https:\/\/blogg.svenskakyrkan.se\/vandravagen\/2013\/01\/25\/saker-alla-vet-om-kristendomen-iii-himlen-ar-grejen\/#respond\"]}]},{\"@type\":\"WebPage\",\"@id\":\"https:\/\/blogg.svenskakyrkan.se\/vandravagen\/2013\/01\/25\/saker-alla-vet-om-kristendomen-iii-himlen-ar-grejen\/\",\"url\":\"https:\/\/blogg.svenskakyrkan.se\/vandravagen\/2013\/01\/25\/saker-alla-vet-om-kristendomen-iii-himlen-ar-grejen\/\",\"name\":\"Saker &quot;alla vet&quot; om kristendomen III: Himlen \u00e4r grejen - Vandra V\u00e4gen\",\"isPartOf\":{\"@id\":\"https:\/\/blogg.svenskakyrkan.se\/vandravagen\/#website\"},\"primaryImageOfPage\":{\"@id\":\"https:\/\/blogg.svenskakyrkan.se\/vandravagen\/2013\/01\/25\/saker-alla-vet-om-kristendomen-iii-himlen-ar-grejen\/#primaryimage\"},\"image\":{\"@id\":\"https:\/\/blogg.svenskakyrkan.se\/vandravagen\/2013\/01\/25\/saker-alla-vet-om-kristendomen-iii-himlen-ar-grejen\/#primaryimage\"},\"thumbnailUrl\":\"http:\/\/4.bp.blogspot.com\/-oh3A6jbkb3w\/UQIv5UcWwBI\/AAAAAAAAB4s\/xlfnaMbde-M\/s400\/IMG_1398.JPG\",\"datePublished\":\"2013-01-25T08:24:00+00:00\",\"breadcrumb\":{\"@id\":\"https:\/\/blogg.svenskakyrkan.se\/vandravagen\/2013\/01\/25\/saker-alla-vet-om-kristendomen-iii-himlen-ar-grejen\/#breadcrumb\"},\"inLanguage\":\"sv-SE\",\"potentialAction\":[{\"@type\":\"ReadAction\",\"target\":[\"https:\/\/blogg.svenskakyrkan.se\/vandravagen\/2013\/01\/25\/saker-alla-vet-om-kristendomen-iii-himlen-ar-grejen\/\"]}]},{\"@type\":\"ImageObject\",\"inLanguage\":\"sv-SE\",\"@id\":\"https:\/\/blogg.svenskakyrkan.se\/vandravagen\/2013\/01\/25\/saker-alla-vet-om-kristendomen-iii-himlen-ar-grejen\/#primaryimage\",\"url\":\"http:\/\/4.bp.blogspot.com\/-oh3A6jbkb3w\/UQIv5UcWwBI\/AAAAAAAAB4s\/xlfnaMbde-M\/s400\/IMG_1398.JPG\",\"contentUrl\":\"http:\/\/4.bp.blogspot.com\/-oh3A6jbkb3w\/UQIv5UcWwBI\/AAAAAAAAB4s\/xlfnaMbde-M\/s400\/IMG_1398.JPG\"},{\"@type\":\"BreadcrumbList\",\"@id\":\"https:\/\/blogg.svenskakyrkan.se\/vandravagen\/2013\/01\/25\/saker-alla-vet-om-kristendomen-iii-himlen-ar-grejen\/#breadcrumb\",\"itemListElement\":[{\"@type\":\"ListItem\",\"position\":1,\"name\":\"Hem\",\"item\":\"https:\/\/blogg.svenskakyrkan.se\/vandravagen\/\"},{\"@type\":\"ListItem\",\"position\":2,\"name\":\"Saker &quot;alla vet&quot; om kristendomen III: Himlen \u00e4r grejen\"}]},{\"@type\":\"WebSite\",\"@id\":\"https:\/\/blogg.svenskakyrkan.se\/vandravagen\/#website\",\"url\":\"https:\/\/blogg.svenskakyrkan.se\/vandravagen\/\",\"name\":\"Vandra V\u00e4gen\",\"description\":\"-Mot en tro f\u00f6r hela livet\",\"publisher\":{\"@id\":\"https:\/\/blogg.svenskakyrkan.se\/vandravagen\/#organization\"},\"potentialAction\":[{\"@type\":\"SearchAction\",\"target\":{\"@type\":\"EntryPoint\",\"urlTemplate\":\"https:\/\/blogg.svenskakyrkan.se\/vandravagen\/?s={search_term_string}\"},\"query-input\":{\"@type\":\"PropertyValueSpecification\",\"valueRequired\":true,\"valueName\":\"search_term_string\"}}],\"inLanguage\":\"sv-SE\"},{\"@type\":\"Organization\",\"@id\":\"https:\/\/blogg.svenskakyrkan.se\/vandravagen\/#organization\",\"name\":\"ulricehamns pastorat\",\"alternateName\":\"ulricehamns pastorat\",\"url\":\"https:\/\/blogg.svenskakyrkan.se\/vandravagen\/\",\"logo\":{\"@type\":\"ImageObject\",\"inLanguage\":\"sv-SE\",\"@id\":\"https:\/\/blogg.svenskakyrkan.se\/vandravagen\/#\/schema\/logo\/image\/\",\"url\":\"https:\/\/blogg.svenskakyrkan.se\/vandravagen\/files\/2023\/05\/Ulr_logo_RGB.png\",\"contentUrl\":\"https:\/\/blogg.svenskakyrkan.se\/vandravagen\/files\/2023\/05\/Ulr_logo_RGB.png\",\"width\":205,\"height\":77,\"caption\":\"ulricehamns pastorat\"},\"image\":{\"@id\":\"https:\/\/blogg.svenskakyrkan.se\/vandravagen\/#\/schema\/logo\/image\/\"},\"sameAs\":[\"http:\/\/facebook.com\/vandravagen\",\"https:\/\/x.com\/fadertomas\",\"http:\/\/www.facebook.com\/svenskakyrkaniulricehamn\"]},{\"@type\":\"Person\",\"@id\":\"https:\/\/blogg.svenskakyrkan.se\/vandravagen\/#\/schema\/person\/25da02d4f76b137d04291711e2c9fc16\",\"name\":\"Tomas Jarvid\",\"image\":{\"@type\":\"ImageObject\",\"inLanguage\":\"sv-SE\",\"@id\":\"https:\/\/blogg.svenskakyrkan.se\/vandravagen\/#\/schema\/person\/image\/\",\"url\":\"https:\/\/secure.gravatar.com\/avatar\/7fa71899795e8f540f615a1f5ab25255dc27aa40f05ee7ddd21aac521e01bf50?s=96&d=identicon&r=g\",\"contentUrl\":\"https:\/\/secure.gravatar.com\/avatar\/7fa71899795e8f540f615a1f5ab25255dc27aa40f05ee7ddd21aac521e01bf50?s=96&d=identicon&r=g\",\"caption\":\"Tomas Jarvid\"},\"description\":\"Jag bor i Ulricehamn i V\u00e4sterg\u00f6tland och \u00e4r f\u00f6rsamlingspr\u00e4st i Svenska Kyrkan f\u00f6r Dalstorps f\u00f6rsamling i Kinds pastorat. P\u00e5 den h\u00e4r bloggen skriver jag ner tankar om vandringen som kristen.\",\"sameAs\":[\"http:\/\/www.vandravagen.se\"],\"url\":\"https:\/\/blogg.svenskakyrkan.se\/vandravagen\/author\/vandravagen\/\"}]}<\/script>\n<!-- \/ Yoast SEO plugin. -->","yoast_head_json":{"title":"Saker &quot;alla vet&quot; om kristendomen III: Himlen \u00e4r grejen - Vandra V\u00e4gen","robots":{"index":"index","follow":"follow","max-snippet":"max-snippet:-1","max-image-preview":"max-image-preview:large","max-video-preview":"max-video-preview:-1"},"canonical":"https:\/\/blogg.svenskakyrkan.se\/vandravagen\/2013\/01\/25\/saker-alla-vet-om-kristendomen-iii-himlen-ar-grejen\/","og_locale":"sv_SE","og_type":"article","og_title":"Saker &quot;alla vet&quot; om kristendomen III: Himlen \u00e4r grejen - Vandra V\u00e4gen","og_description":"Yttersta domen enligt Full\u00f6sa kyrktak En sak m\u00e5nga f\u00f6rknippar med kristen tro \u00e4r livet efter detta. Jag tycker att jag ov\u00e4ntat ofta st\u00f6ter p\u00e5 uttalanden om att de kristnas Gud framf\u00f6rallt \u00e4r en som skickar sn\u00e4lla till himlen och elaka till helvetet. Det ligger f\u00f6rst\u00e5s n\u00e5got i det som i det mesta. Det har alltid [&hellip;]","og_url":"https:\/\/blogg.svenskakyrkan.se\/vandravagen\/2013\/01\/25\/saker-alla-vet-om-kristendomen-iii-himlen-ar-grejen\/","og_site_name":"Vandra V\u00e4gen","article_publisher":"http:\/\/facebook.com\/vandravagen","article_published_time":"2013-01-25T08:24:00+00:00","og_image":[{"url":"http:\/\/4.bp.blogspot.com\/-oh3A6jbkb3w\/UQIv5UcWwBI\/AAAAAAAAB4s\/xlfnaMbde-M\/s400\/IMG_1398.JPG","type":"","width":"","height":""}],"author":"Tomas Jarvid","twitter_card":"summary_large_image","twitter_creator":"@fadertomas","twitter_site":"@fadertomas","twitter_misc":{"Skriven av":"Tomas Jarvid","Ber\u00e4knad l\u00e4stid":"3 minuter"},"schema":{"@context":"https:\/\/schema.org","@graph":[{"@type":"Article","@id":"https:\/\/blogg.svenskakyrkan.se\/vandravagen\/2013\/01\/25\/saker-alla-vet-om-kristendomen-iii-himlen-ar-grejen\/#article","isPartOf":{"@id":"https:\/\/blogg.svenskakyrkan.se\/vandravagen\/2013\/01\/25\/saker-alla-vet-om-kristendomen-iii-himlen-ar-grejen\/"},"author":{"name":"Tomas Jarvid","@id":"https:\/\/blogg.svenskakyrkan.se\/vandravagen\/#\/schema\/person\/25da02d4f76b137d04291711e2c9fc16"},"headline":"Saker &quot;alla vet&quot; om kristendomen III: Himlen \u00e4r grejen","datePublished":"2013-01-25T08:24:00+00:00","mainEntityOfPage":{"@id":"https:\/\/blogg.svenskakyrkan.se\/vandravagen\/2013\/01\/25\/saker-alla-vet-om-kristendomen-iii-himlen-ar-grejen\/"},"wordCount":601,"commentCount":6,"publisher":{"@id":"https:\/\/blogg.svenskakyrkan.se\/vandravagen\/#organization"},"image":{"@id":"https:\/\/blogg.svenskakyrkan.se\/vandravagen\/2013\/01\/25\/saker-alla-vet-om-kristendomen-iii-himlen-ar-grejen\/#primaryimage"},"thumbnailUrl":"http:\/\/4.bp.blogspot.com\/-oh3A6jbkb3w\/UQIv5UcWwBI\/AAAAAAAAB4s\/xlfnaMbde-M\/s400\/IMG_1398.JPG","articleSection":["Teologi"],"inLanguage":"sv-SE","potentialAction":[{"@type":"CommentAction","name":"Comment","target":["https:\/\/blogg.svenskakyrkan.se\/vandravagen\/2013\/01\/25\/saker-alla-vet-om-kristendomen-iii-himlen-ar-grejen\/#respond"]}]},{"@type":"WebPage","@id":"https:\/\/blogg.svenskakyrkan.se\/vandravagen\/2013\/01\/25\/saker-alla-vet-om-kristendomen-iii-himlen-ar-grejen\/","url":"https:\/\/blogg.svenskakyrkan.se\/vandravagen\/2013\/01\/25\/saker-alla-vet-om-kristendomen-iii-himlen-ar-grejen\/","name":"Saker &quot;alla vet&quot; om kristendomen III: Himlen \u00e4r grejen - Vandra V\u00e4gen","isPartOf":{"@id":"https:\/\/blogg.svenskakyrkan.se\/vandravagen\/#website"},"primaryImageOfPage":{"@id":"https:\/\/blogg.svenskakyrkan.se\/vandravagen\/2013\/01\/25\/saker-alla-vet-om-kristendomen-iii-himlen-ar-grejen\/#primaryimage"},"image":{"@id":"https:\/\/blogg.svenskakyrkan.se\/vandravagen\/2013\/01\/25\/saker-alla-vet-om-kristendomen-iii-himlen-ar-grejen\/#primaryimage"},"thumbnailUrl":"http:\/\/4.bp.blogspot.com\/-oh3A6jbkb3w\/UQIv5UcWwBI\/AAAAAAAAB4s\/xlfnaMbde-M\/s400\/IMG_1398.JPG","datePublished":"2013-01-25T08:24:00+00:00","breadcrumb":{"@id":"https:\/\/blogg.svenskakyrkan.se\/vandravagen\/2013\/01\/25\/saker-alla-vet-om-kristendomen-iii-himlen-ar-grejen\/#breadcrumb"},"inLanguage":"sv-SE","potentialAction":[{"@type":"ReadAction","target":["https:\/\/blogg.svenskakyrkan.se\/vandravagen\/2013\/01\/25\/saker-alla-vet-om-kristendomen-iii-himlen-ar-grejen\/"]}]},{"@type":"ImageObject","inLanguage":"sv-SE","@id":"https:\/\/blogg.svenskakyrkan.se\/vandravagen\/2013\/01\/25\/saker-alla-vet-om-kristendomen-iii-himlen-ar-grejen\/#primaryimage","url":"http:\/\/4.bp.blogspot.com\/-oh3A6jbkb3w\/UQIv5UcWwBI\/AAAAAAAAB4s\/xlfnaMbde-M\/s400\/IMG_1398.JPG","contentUrl":"http:\/\/4.bp.blogspot.com\/-oh3A6jbkb3w\/UQIv5UcWwBI\/AAAAAAAAB4s\/xlfnaMbde-M\/s400\/IMG_1398.JPG"},{"@type":"BreadcrumbList","@id":"https:\/\/blogg.svenskakyrkan.se\/vandravagen\/2013\/01\/25\/saker-alla-vet-om-kristendomen-iii-himlen-ar-grejen\/#breadcrumb","itemListElement":[{"@type":"ListItem","position":1,"name":"Hem","item":"https:\/\/blogg.svenskakyrkan.se\/vandravagen\/"},{"@type":"ListItem","position":2,"name":"Saker &quot;alla vet&quot; om kristendomen III: Himlen \u00e4r grejen"}]},{"@type":"WebSite","@id":"https:\/\/blogg.svenskakyrkan.se\/vandravagen\/#website","url":"https:\/\/blogg.svenskakyrkan.se\/vandravagen\/","name":"Vandra V\u00e4gen","description":"-Mot en tro f\u00f6r hela livet","publisher":{"@id":"https:\/\/blogg.svenskakyrkan.se\/vandravagen\/#organization"},"potentialAction":[{"@type":"SearchAction","target":{"@type":"EntryPoint","urlTemplate":"https:\/\/blogg.svenskakyrkan.se\/vandravagen\/?s={search_term_string}"},"query-input":{"@type":"PropertyValueSpecification","valueRequired":true,"valueName":"search_term_string"}}],"inLanguage":"sv-SE"},{"@type":"Organization","@id":"https:\/\/blogg.svenskakyrkan.se\/vandravagen\/#organization","name":"ulricehamns pastorat","alternateName":"ulricehamns pastorat","url":"https:\/\/blogg.svenskakyrkan.se\/vandravagen\/","logo":{"@type":"ImageObject","inLanguage":"sv-SE","@id":"https:\/\/blogg.svenskakyrkan.se\/vandravagen\/#\/schema\/logo\/image\/","url":"https:\/\/blogg.svenskakyrkan.se\/vandravagen\/files\/2023\/05\/Ulr_logo_RGB.png","contentUrl":"https:\/\/blogg.svenskakyrkan.se\/vandravagen\/files\/2023\/05\/Ulr_logo_RGB.png","width":205,"height":77,"caption":"ulricehamns pastorat"},"image":{"@id":"https:\/\/blogg.svenskakyrkan.se\/vandravagen\/#\/schema\/logo\/image\/"},"sameAs":["http:\/\/facebook.com\/vandravagen","https:\/\/x.com\/fadertomas","http:\/\/www.facebook.com\/svenskakyrkaniulricehamn"]},{"@type":"Person","@id":"https:\/\/blogg.svenskakyrkan.se\/vandravagen\/#\/schema\/person\/25da02d4f76b137d04291711e2c9fc16","name":"Tomas Jarvid","image":{"@type":"ImageObject","inLanguage":"sv-SE","@id":"https:\/\/blogg.svenskakyrkan.se\/vandravagen\/#\/schema\/person\/image\/","url":"https:\/\/secure.gravatar.com\/avatar\/7fa71899795e8f540f615a1f5ab25255dc27aa40f05ee7ddd21aac521e01bf50?s=96&d=identicon&r=g","contentUrl":"https:\/\/secure.gravatar.com\/avatar\/7fa71899795e8f540f615a1f5ab25255dc27aa40f05ee7ddd21aac521e01bf50?s=96&d=identicon&r=g","caption":"Tomas Jarvid"},"description":"Jag bor i Ulricehamn i V\u00e4sterg\u00f6tland och \u00e4r f\u00f6rsamlingspr\u00e4st i Svenska Kyrkan f\u00f6r Dalstorps f\u00f6rsamling i Kinds pastorat. P\u00e5 den h\u00e4r bloggen skriver jag ner tankar om vandringen som kristen.","sameAs":["http:\/\/www.vandravagen.se"],"url":"https:\/\/blogg.svenskakyrkan.se\/vandravagen\/author\/vandravagen\/"}]}},"author_meta":{"ID":"392","user_nicename":"vandravagen","user_url":"http:\/\/www.vandravagen.se","user_registered":"2014-05-19 05:44:52","display_name":"Tomas Jarvid","first_name":"Tomas","last_name":"Jarvid","avatar":"https:\/\/secure.gravatar.com\/avatar\/7fa71899795e8f540f615a1f5ab25255dc27aa40f05ee7ddd21aac521e01bf50?s=96&d=identicon&r=g"},"featured_image":false,"bloginfo":{"name":"Vandra V\u00e4gen","url":"https:\/\/blogg.svenskakyrkan.se\/vandravagen"},"_links":{"self":[{"href":"https:\/\/blogg.svenskakyrkan.se\/vandravagen\/wp-json\/wp\/v2\/posts\/747","targetHints":{"allow":["GET"]}}],"collection":[{"href":"https:\/\/blogg.svenskakyrkan.se\/vandravagen\/wp-json\/wp\/v2\/posts"}],"about":[{"href":"https:\/\/blogg.svenskakyrkan.se\/vandravagen\/wp-json\/wp\/v2\/types\/post"}],"author":[{"embeddable":true,"href":"https:\/\/blogg.svenskakyrkan.se\/vandravagen\/wp-json\/wp\/v2\/users\/392"}],"replies":[{"embeddable":true,"href":"https:\/\/blogg.svenskakyrkan.se\/vandravagen\/wp-json\/wp\/v2\/comments?post=747"}],"version-history":[{"count":0,"href":"https:\/\/blogg.svenskakyrkan.se\/vandravagen\/wp-json\/wp\/v2\/posts\/747\/revisions"}],"wp:attachment":[{"href":"https:\/\/blogg.svenskakyrkan.se\/vandravagen\/wp-json\/wp\/v2\/media?parent=747"}],"wp:term":[{"taxonomy":"category","embeddable":true,"href":"https:\/\/blogg.svenskakyrkan.se\/vandravagen\/wp-json\/wp\/v2\/categories?post=747"},{"taxonomy":"post_tag","embeddable":true,"href":"https:\/\/blogg.svenskakyrkan.se\/vandravagen\/wp-json\/wp\/v2\/tags?post=747"}],"curies":[{"name":"wp","href":"https:\/\/api.w.org\/{rel}","templated":true}]}}