{"id":7478,"date":"2019-11-19T07:00:46","date_gmt":"2019-11-19T06:00:46","guid":{"rendered":"http:\/\/blogg.svenskakyrkan.se\/vandravagen\/?p=7478"},"modified":"2019-11-18T22:28:07","modified_gmt":"2019-11-18T21:28:07","slug":"chrysostomos-heliga-ora","status":"publish","type":"post","link":"https:\/\/blogg.svenskakyrkan.se\/vandravagen\/2019\/11\/19\/chrysostomos-heliga-ora\/","title":{"rendered":"Chrysostomos heliga \u00f6ra"},"content":{"rendered":"<p>Dagens bloggpost \u00e4r \u00e4nnu en av dessa helgonber\u00e4ttelser som jag blir s\u00e5 fascinerad av.<\/p>\n<p>Det ber\u00e4ttas om den helige Johannes Chrysostomos (en gigant i \u00f6stkyrkan p\u00e5 alla andra t\u00e4nkbara s\u00e4tt) att han satt uppe sent om kv\u00e4llen i sin klostercell och arbetade p\u00e5 texter om Paulus brev. En novis i klostret hade \u00e4rende till honom och gick till hans cell d\u00e4r han just skulle kliva in d\u00e5 han s\u00e5g att det redan var n\u00e5gon d\u00e4r i cellen hos Chrysostomos. N\u00e5gon gammal och v\u00f6rdnadsv\u00e4rd stod lutad fram och viskade i \u00f6rat p\u00e5 honom medan han skrev.<\/p>\n<p>Det var ocks\u00e5 n\u00e5got v\u00e4ldigt bekant med den andres utseende&#8230; Novisens blick vandrade till en ikon p\u00e5 v\u00e4ggen f\u00f6rest\u00e4llande Paulus&#8230; och D\u00c4R VAR JU SAMMA PERSON! HAN S\u00c5G UT PRECIS SOM PAULUS GJORDE P\u00c5 IKONEN!<\/p>\n<p>Novisen sm\u00f6g blygt d\u00e4rifr\u00e5n men n\u00e4r han \u00e5terkom kv\u00e4llen efter och kv\u00e4llen efter det var det p\u00e5 precis samma s\u00e4tt. S\u00e5 en dag fr\u00e5gade han Johannes Chrysostomos vem det var han haft p\u00e5 bes\u00f6k om kv\u00e4llarna. Denne svarade att &#8221;H\u00e4r har det inte varit n\u00e5gon alls&#8221;. Novisen ber\u00e4ttade d\u00e5 alltihop f\u00f6r honom och beskrev f\u00f6r honom Paulus utseende. Johannes Chrysostomos f\u00f6ll p\u00e5 kn\u00e4 i gl\u00e4djen \u00f6ver att ha f\u00e5tt denna n\u00e5d att f\u00e5 v\u00e4gledning av Paulus sj\u00e4lv i hur han skulle f\u00f6rst\u00e5 hans brev.<\/p>\n<p>Nu \u00e4r inte ber\u00e4ttelsen helt slut i och med det. Det ber\u00e4ttas att om man tittar i Johannes Chrysostomos grav p\u00e5 det heliga berget Athos s\u00e5 finns hans skalle d\u00e4r och p\u00e5 den har det ena \u00f6rat aldrig brutits ner utan sitter kvar intakt p\u00e5 skallen.<\/p>\n<p>&nbsp;<\/p>\n<p>Jag kan inte riktigt s\u00e4tta ord p\u00e5 vad jag t\u00e4nker om s\u00e5na h\u00e4r ber\u00e4ttelser. Det \u00e4r en s\u00e5dan blandning av djup fromhet och lustiga detaljer och m\u00e4rkliga anspr\u00e5k p\u00e5 att vara historia. Jag kan nog bara konstatera att jag tycker v\u00e4ldigt mycket om dem. G\u00f6r du?<\/p>\n","protected":false},"excerpt":{"rendered":"<p>Dagens bloggpost \u00e4r \u00e4nnu en av dessa helgonber\u00e4ttelser som jag blir s\u00e5 fascinerad av. Det ber\u00e4ttas om den helige Johannes Chrysostomos (en gigant i \u00f6stkyrkan p\u00e5 alla andra t\u00e4nkbara s\u00e4tt) att han satt uppe sent om kv\u00e4llen i sin klostercell och arbetade p\u00e5 texter om Paulus brev. En novis i klostret hade \u00e4rende till honom [&hellip;]<\/p>\n","protected":false},"author":392,"featured_media":7492,"comment_status":"open","ping_status":"open","sticky":false,"template":"","format":"standard","meta":{"_acf_changed":false,"footnotes":""},"categories":[33559,19356,77928],"tags":[],"class_list":["post-7478","post","type-post","status-publish","format-standard","has-post-thumbnail","hentry","category-berattelser","category-helgon","category-ikon"],"acf":[],"yoast_head":"<!-- This site is optimized with the Yoast SEO plugin v27.1.1 - https:\/\/yoast.com\/product\/yoast-seo-wordpress\/ -->\n<title>Chrysostomos heliga \u00f6ra - Vandra V\u00e4gen<\/title>\n<meta name=\"robots\" content=\"index, follow, max-snippet:-1, max-image-preview:large, max-video-preview:-1\" \/>\n<link rel=\"canonical\" href=\"https:\/\/blogg.svenskakyrkan.se\/vandravagen\/2019\/11\/19\/chrysostomos-heliga-ora\/\" \/>\n<meta property=\"og:locale\" content=\"sv_SE\" \/>\n<meta property=\"og:type\" content=\"article\" \/>\n<meta property=\"og:title\" content=\"Chrysostomos heliga \u00f6ra - Vandra V\u00e4gen\" \/>\n<meta property=\"og:description\" content=\"Dagens bloggpost \u00e4r \u00e4nnu en av dessa helgonber\u00e4ttelser som jag blir s\u00e5 fascinerad av. Det ber\u00e4ttas om den helige Johannes Chrysostomos (en gigant i \u00f6stkyrkan p\u00e5 alla andra t\u00e4nkbara s\u00e4tt) att han satt uppe sent om kv\u00e4llen i sin klostercell och arbetade p\u00e5 texter om Paulus brev. En novis i klostret hade \u00e4rende till honom [&hellip;]\" \/>\n<meta property=\"og:url\" content=\"https:\/\/blogg.svenskakyrkan.se\/vandravagen\/2019\/11\/19\/chrysostomos-heliga-ora\/\" \/>\n<meta property=\"og:site_name\" content=\"Vandra V\u00e4gen\" \/>\n<meta property=\"article:publisher\" content=\"http:\/\/facebook.com\/vandravagen\" \/>\n<meta property=\"article:published_time\" content=\"2019-11-19T06:00:46+00:00\" \/>\n<meta name=\"author\" content=\"Tomas Jarvid\" \/>\n<meta name=\"twitter:card\" content=\"summary_large_image\" \/>\n<meta name=\"twitter:creator\" content=\"@fadertomas\" \/>\n<meta name=\"twitter:site\" content=\"@fadertomas\" \/>\n<meta name=\"twitter:label1\" content=\"Skriven av\" \/>\n\t<meta name=\"twitter:data1\" content=\"Tomas Jarvid\" \/>\n\t<meta name=\"twitter:label2\" content=\"Ber\u00e4knad l\u00e4stid\" \/>\n\t<meta name=\"twitter:data2\" content=\"2 minuter\" \/>\n<script type=\"application\/ld+json\" class=\"yoast-schema-graph\">{\"@context\":\"https:\/\/schema.org\",\"@graph\":[{\"@type\":\"Article\",\"@id\":\"https:\/\/blogg.svenskakyrkan.se\/vandravagen\/2019\/11\/19\/chrysostomos-heliga-ora\/#article\",\"isPartOf\":{\"@id\":\"https:\/\/blogg.svenskakyrkan.se\/vandravagen\/2019\/11\/19\/chrysostomos-heliga-ora\/\"},\"author\":{\"name\":\"Tomas Jarvid\",\"@id\":\"https:\/\/blogg.svenskakyrkan.se\/vandravagen\/#\/schema\/person\/25da02d4f76b137d04291711e2c9fc16\"},\"headline\":\"Chrysostomos heliga \u00f6ra\",\"datePublished\":\"2019-11-19T06:00:46+00:00\",\"mainEntityOfPage\":{\"@id\":\"https:\/\/blogg.svenskakyrkan.se\/vandravagen\/2019\/11\/19\/chrysostomos-heliga-ora\/\"},\"wordCount\":364,\"commentCount\":2,\"publisher\":{\"@id\":\"https:\/\/blogg.svenskakyrkan.se\/vandravagen\/#organization\"},\"image\":{\"@id\":\"https:\/\/blogg.svenskakyrkan.se\/vandravagen\/2019\/11\/19\/chrysostomos-heliga-ora\/#primaryimage\"},\"thumbnailUrl\":\"https:\/\/blogg.svenskakyrkan.se\/vandravagen\/files\/2019\/11\/IMG_2196.jpg\",\"articleSection\":[\"ber\u00e4ttelser\",\"helgon\",\"ikon\"],\"inLanguage\":\"sv-SE\",\"potentialAction\":[{\"@type\":\"CommentAction\",\"name\":\"Comment\",\"target\":[\"https:\/\/blogg.svenskakyrkan.se\/vandravagen\/2019\/11\/19\/chrysostomos-heliga-ora\/#respond\"]}]},{\"@type\":\"WebPage\",\"@id\":\"https:\/\/blogg.svenskakyrkan.se\/vandravagen\/2019\/11\/19\/chrysostomos-heliga-ora\/\",\"url\":\"https:\/\/blogg.svenskakyrkan.se\/vandravagen\/2019\/11\/19\/chrysostomos-heliga-ora\/\",\"name\":\"Chrysostomos heliga \u00f6ra - Vandra V\u00e4gen\",\"isPartOf\":{\"@id\":\"https:\/\/blogg.svenskakyrkan.se\/vandravagen\/#website\"},\"primaryImageOfPage\":{\"@id\":\"https:\/\/blogg.svenskakyrkan.se\/vandravagen\/2019\/11\/19\/chrysostomos-heliga-ora\/#primaryimage\"},\"image\":{\"@id\":\"https:\/\/blogg.svenskakyrkan.se\/vandravagen\/2019\/11\/19\/chrysostomos-heliga-ora\/#primaryimage\"},\"thumbnailUrl\":\"https:\/\/blogg.svenskakyrkan.se\/vandravagen\/files\/2019\/11\/IMG_2196.jpg\",\"datePublished\":\"2019-11-19T06:00:46+00:00\",\"breadcrumb\":{\"@id\":\"https:\/\/blogg.svenskakyrkan.se\/vandravagen\/2019\/11\/19\/chrysostomos-heliga-ora\/#breadcrumb\"},\"inLanguage\":\"sv-SE\",\"potentialAction\":[{\"@type\":\"ReadAction\",\"target\":[\"https:\/\/blogg.svenskakyrkan.se\/vandravagen\/2019\/11\/19\/chrysostomos-heliga-ora\/\"]}]},{\"@type\":\"ImageObject\",\"inLanguage\":\"sv-SE\",\"@id\":\"https:\/\/blogg.svenskakyrkan.se\/vandravagen\/2019\/11\/19\/chrysostomos-heliga-ora\/#primaryimage\",\"url\":\"https:\/\/blogg.svenskakyrkan.se\/vandravagen\/files\/2019\/11\/IMG_2196.jpg\",\"contentUrl\":\"https:\/\/blogg.svenskakyrkan.se\/vandravagen\/files\/2019\/11\/IMG_2196.jpg\",\"width\":750,\"height\":565,\"caption\":\"\u00c4r det inte Paulus som viskar i \u00f6rat d\u00e4r?\"},{\"@type\":\"BreadcrumbList\",\"@id\":\"https:\/\/blogg.svenskakyrkan.se\/vandravagen\/2019\/11\/19\/chrysostomos-heliga-ora\/#breadcrumb\",\"itemListElement\":[{\"@type\":\"ListItem\",\"position\":1,\"name\":\"Hem\",\"item\":\"https:\/\/blogg.svenskakyrkan.se\/vandravagen\/\"},{\"@type\":\"ListItem\",\"position\":2,\"name\":\"Chrysostomos heliga \u00f6ra\"}]},{\"@type\":\"WebSite\",\"@id\":\"https:\/\/blogg.svenskakyrkan.se\/vandravagen\/#website\",\"url\":\"https:\/\/blogg.svenskakyrkan.se\/vandravagen\/\",\"name\":\"Vandra V\u00e4gen\",\"description\":\"-Mot en tro f\u00f6r hela livet\",\"publisher\":{\"@id\":\"https:\/\/blogg.svenskakyrkan.se\/vandravagen\/#organization\"},\"potentialAction\":[{\"@type\":\"SearchAction\",\"target\":{\"@type\":\"EntryPoint\",\"urlTemplate\":\"https:\/\/blogg.svenskakyrkan.se\/vandravagen\/?s={search_term_string}\"},\"query-input\":{\"@type\":\"PropertyValueSpecification\",\"valueRequired\":true,\"valueName\":\"search_term_string\"}}],\"inLanguage\":\"sv-SE\"},{\"@type\":\"Organization\",\"@id\":\"https:\/\/blogg.svenskakyrkan.se\/vandravagen\/#organization\",\"name\":\"ulricehamns pastorat\",\"alternateName\":\"ulricehamns pastorat\",\"url\":\"https:\/\/blogg.svenskakyrkan.se\/vandravagen\/\",\"logo\":{\"@type\":\"ImageObject\",\"inLanguage\":\"sv-SE\",\"@id\":\"https:\/\/blogg.svenskakyrkan.se\/vandravagen\/#\/schema\/logo\/image\/\",\"url\":\"https:\/\/blogg.svenskakyrkan.se\/vandravagen\/files\/2023\/05\/Ulr_logo_RGB.png\",\"contentUrl\":\"https:\/\/blogg.svenskakyrkan.se\/vandravagen\/files\/2023\/05\/Ulr_logo_RGB.png\",\"width\":205,\"height\":77,\"caption\":\"ulricehamns pastorat\"},\"image\":{\"@id\":\"https:\/\/blogg.svenskakyrkan.se\/vandravagen\/#\/schema\/logo\/image\/\"},\"sameAs\":[\"http:\/\/facebook.com\/vandravagen\",\"https:\/\/x.com\/fadertomas\",\"http:\/\/www.facebook.com\/svenskakyrkaniulricehamn\"]},{\"@type\":\"Person\",\"@id\":\"https:\/\/blogg.svenskakyrkan.se\/vandravagen\/#\/schema\/person\/25da02d4f76b137d04291711e2c9fc16\",\"name\":\"Tomas Jarvid\",\"image\":{\"@type\":\"ImageObject\",\"inLanguage\":\"sv-SE\",\"@id\":\"https:\/\/blogg.svenskakyrkan.se\/vandravagen\/#\/schema\/person\/image\/\",\"url\":\"https:\/\/secure.gravatar.com\/avatar\/7fa71899795e8f540f615a1f5ab25255dc27aa40f05ee7ddd21aac521e01bf50?s=96&d=identicon&r=g\",\"contentUrl\":\"https:\/\/secure.gravatar.com\/avatar\/7fa71899795e8f540f615a1f5ab25255dc27aa40f05ee7ddd21aac521e01bf50?s=96&d=identicon&r=g\",\"caption\":\"Tomas Jarvid\"},\"description\":\"Jag bor i Ulricehamn i V\u00e4sterg\u00f6tland och \u00e4r f\u00f6rsamlingspr\u00e4st i Svenska Kyrkan f\u00f6r Dalstorps f\u00f6rsamling i Kinds pastorat. P\u00e5 den h\u00e4r bloggen skriver jag ner tankar om vandringen som kristen.\",\"sameAs\":[\"http:\/\/www.vandravagen.se\"],\"url\":\"https:\/\/blogg.svenskakyrkan.se\/vandravagen\/author\/vandravagen\/\"}]}<\/script>\n<!-- \/ Yoast SEO plugin. -->","yoast_head_json":{"title":"Chrysostomos heliga \u00f6ra - Vandra V\u00e4gen","robots":{"index":"index","follow":"follow","max-snippet":"max-snippet:-1","max-image-preview":"max-image-preview:large","max-video-preview":"max-video-preview:-1"},"canonical":"https:\/\/blogg.svenskakyrkan.se\/vandravagen\/2019\/11\/19\/chrysostomos-heliga-ora\/","og_locale":"sv_SE","og_type":"article","og_title":"Chrysostomos heliga \u00f6ra - Vandra V\u00e4gen","og_description":"Dagens bloggpost \u00e4r \u00e4nnu en av dessa helgonber\u00e4ttelser som jag blir s\u00e5 fascinerad av. Det ber\u00e4ttas om den helige Johannes Chrysostomos (en gigant i \u00f6stkyrkan p\u00e5 alla andra t\u00e4nkbara s\u00e4tt) att han satt uppe sent om kv\u00e4llen i sin klostercell och arbetade p\u00e5 texter om Paulus brev. En novis i klostret hade \u00e4rende till honom [&hellip;]","og_url":"https:\/\/blogg.svenskakyrkan.se\/vandravagen\/2019\/11\/19\/chrysostomos-heliga-ora\/","og_site_name":"Vandra V\u00e4gen","article_publisher":"http:\/\/facebook.com\/vandravagen","article_published_time":"2019-11-19T06:00:46+00:00","author":"Tomas Jarvid","twitter_card":"summary_large_image","twitter_creator":"@fadertomas","twitter_site":"@fadertomas","twitter_misc":{"Skriven av":"Tomas Jarvid","Ber\u00e4knad l\u00e4stid":"2 minuter"},"schema":{"@context":"https:\/\/schema.org","@graph":[{"@type":"Article","@id":"https:\/\/blogg.svenskakyrkan.se\/vandravagen\/2019\/11\/19\/chrysostomos-heliga-ora\/#article","isPartOf":{"@id":"https:\/\/blogg.svenskakyrkan.se\/vandravagen\/2019\/11\/19\/chrysostomos-heliga-ora\/"},"author":{"name":"Tomas Jarvid","@id":"https:\/\/blogg.svenskakyrkan.se\/vandravagen\/#\/schema\/person\/25da02d4f76b137d04291711e2c9fc16"},"headline":"Chrysostomos heliga \u00f6ra","datePublished":"2019-11-19T06:00:46+00:00","mainEntityOfPage":{"@id":"https:\/\/blogg.svenskakyrkan.se\/vandravagen\/2019\/11\/19\/chrysostomos-heliga-ora\/"},"wordCount":364,"commentCount":2,"publisher":{"@id":"https:\/\/blogg.svenskakyrkan.se\/vandravagen\/#organization"},"image":{"@id":"https:\/\/blogg.svenskakyrkan.se\/vandravagen\/2019\/11\/19\/chrysostomos-heliga-ora\/#primaryimage"},"thumbnailUrl":"https:\/\/blogg.svenskakyrkan.se\/vandravagen\/files\/2019\/11\/IMG_2196.jpg","articleSection":["ber\u00e4ttelser","helgon","ikon"],"inLanguage":"sv-SE","potentialAction":[{"@type":"CommentAction","name":"Comment","target":["https:\/\/blogg.svenskakyrkan.se\/vandravagen\/2019\/11\/19\/chrysostomos-heliga-ora\/#respond"]}]},{"@type":"WebPage","@id":"https:\/\/blogg.svenskakyrkan.se\/vandravagen\/2019\/11\/19\/chrysostomos-heliga-ora\/","url":"https:\/\/blogg.svenskakyrkan.se\/vandravagen\/2019\/11\/19\/chrysostomos-heliga-ora\/","name":"Chrysostomos heliga \u00f6ra - Vandra V\u00e4gen","isPartOf":{"@id":"https:\/\/blogg.svenskakyrkan.se\/vandravagen\/#website"},"primaryImageOfPage":{"@id":"https:\/\/blogg.svenskakyrkan.se\/vandravagen\/2019\/11\/19\/chrysostomos-heliga-ora\/#primaryimage"},"image":{"@id":"https:\/\/blogg.svenskakyrkan.se\/vandravagen\/2019\/11\/19\/chrysostomos-heliga-ora\/#primaryimage"},"thumbnailUrl":"https:\/\/blogg.svenskakyrkan.se\/vandravagen\/files\/2019\/11\/IMG_2196.jpg","datePublished":"2019-11-19T06:00:46+00:00","breadcrumb":{"@id":"https:\/\/blogg.svenskakyrkan.se\/vandravagen\/2019\/11\/19\/chrysostomos-heliga-ora\/#breadcrumb"},"inLanguage":"sv-SE","potentialAction":[{"@type":"ReadAction","target":["https:\/\/blogg.svenskakyrkan.se\/vandravagen\/2019\/11\/19\/chrysostomos-heliga-ora\/"]}]},{"@type":"ImageObject","inLanguage":"sv-SE","@id":"https:\/\/blogg.svenskakyrkan.se\/vandravagen\/2019\/11\/19\/chrysostomos-heliga-ora\/#primaryimage","url":"https:\/\/blogg.svenskakyrkan.se\/vandravagen\/files\/2019\/11\/IMG_2196.jpg","contentUrl":"https:\/\/blogg.svenskakyrkan.se\/vandravagen\/files\/2019\/11\/IMG_2196.jpg","width":750,"height":565,"caption":"\u00c4r det inte Paulus som viskar i \u00f6rat d\u00e4r?"},{"@type":"BreadcrumbList","@id":"https:\/\/blogg.svenskakyrkan.se\/vandravagen\/2019\/11\/19\/chrysostomos-heliga-ora\/#breadcrumb","itemListElement":[{"@type":"ListItem","position":1,"name":"Hem","item":"https:\/\/blogg.svenskakyrkan.se\/vandravagen\/"},{"@type":"ListItem","position":2,"name":"Chrysostomos heliga \u00f6ra"}]},{"@type":"WebSite","@id":"https:\/\/blogg.svenskakyrkan.se\/vandravagen\/#website","url":"https:\/\/blogg.svenskakyrkan.se\/vandravagen\/","name":"Vandra V\u00e4gen","description":"-Mot en tro f\u00f6r hela livet","publisher":{"@id":"https:\/\/blogg.svenskakyrkan.se\/vandravagen\/#organization"},"potentialAction":[{"@type":"SearchAction","target":{"@type":"EntryPoint","urlTemplate":"https:\/\/blogg.svenskakyrkan.se\/vandravagen\/?s={search_term_string}"},"query-input":{"@type":"PropertyValueSpecification","valueRequired":true,"valueName":"search_term_string"}}],"inLanguage":"sv-SE"},{"@type":"Organization","@id":"https:\/\/blogg.svenskakyrkan.se\/vandravagen\/#organization","name":"ulricehamns pastorat","alternateName":"ulricehamns pastorat","url":"https:\/\/blogg.svenskakyrkan.se\/vandravagen\/","logo":{"@type":"ImageObject","inLanguage":"sv-SE","@id":"https:\/\/blogg.svenskakyrkan.se\/vandravagen\/#\/schema\/logo\/image\/","url":"https:\/\/blogg.svenskakyrkan.se\/vandravagen\/files\/2023\/05\/Ulr_logo_RGB.png","contentUrl":"https:\/\/blogg.svenskakyrkan.se\/vandravagen\/files\/2023\/05\/Ulr_logo_RGB.png","width":205,"height":77,"caption":"ulricehamns pastorat"},"image":{"@id":"https:\/\/blogg.svenskakyrkan.se\/vandravagen\/#\/schema\/logo\/image\/"},"sameAs":["http:\/\/facebook.com\/vandravagen","https:\/\/x.com\/fadertomas","http:\/\/www.facebook.com\/svenskakyrkaniulricehamn"]},{"@type":"Person","@id":"https:\/\/blogg.svenskakyrkan.se\/vandravagen\/#\/schema\/person\/25da02d4f76b137d04291711e2c9fc16","name":"Tomas Jarvid","image":{"@type":"ImageObject","inLanguage":"sv-SE","@id":"https:\/\/blogg.svenskakyrkan.se\/vandravagen\/#\/schema\/person\/image\/","url":"https:\/\/secure.gravatar.com\/avatar\/7fa71899795e8f540f615a1f5ab25255dc27aa40f05ee7ddd21aac521e01bf50?s=96&d=identicon&r=g","contentUrl":"https:\/\/secure.gravatar.com\/avatar\/7fa71899795e8f540f615a1f5ab25255dc27aa40f05ee7ddd21aac521e01bf50?s=96&d=identicon&r=g","caption":"Tomas Jarvid"},"description":"Jag bor i Ulricehamn i V\u00e4sterg\u00f6tland och \u00e4r f\u00f6rsamlingspr\u00e4st i Svenska Kyrkan f\u00f6r Dalstorps f\u00f6rsamling i Kinds pastorat. P\u00e5 den h\u00e4r bloggen skriver jag ner tankar om vandringen som kristen.","sameAs":["http:\/\/www.vandravagen.se"],"url":"https:\/\/blogg.svenskakyrkan.se\/vandravagen\/author\/vandravagen\/"}]}},"author_meta":{"ID":"392","user_nicename":"vandravagen","user_url":"http:\/\/www.vandravagen.se","user_registered":"2014-05-19 05:44:52","display_name":"Tomas Jarvid","first_name":"Tomas","last_name":"Jarvid","avatar":"https:\/\/secure.gravatar.com\/avatar\/7fa71899795e8f540f615a1f5ab25255dc27aa40f05ee7ddd21aac521e01bf50?s=96&d=identicon&r=g"},"featured_image":["https:\/\/blogg.svenskakyrkan.se\/vandravagen\/files\/2019\/11\/IMG_2196.jpg",750,565,false],"bloginfo":{"name":"Vandra V\u00e4gen","url":"https:\/\/blogg.svenskakyrkan.se\/vandravagen"},"_links":{"self":[{"href":"https:\/\/blogg.svenskakyrkan.se\/vandravagen\/wp-json\/wp\/v2\/posts\/7478","targetHints":{"allow":["GET"]}}],"collection":[{"href":"https:\/\/blogg.svenskakyrkan.se\/vandravagen\/wp-json\/wp\/v2\/posts"}],"about":[{"href":"https:\/\/blogg.svenskakyrkan.se\/vandravagen\/wp-json\/wp\/v2\/types\/post"}],"author":[{"embeddable":true,"href":"https:\/\/blogg.svenskakyrkan.se\/vandravagen\/wp-json\/wp\/v2\/users\/392"}],"replies":[{"embeddable":true,"href":"https:\/\/blogg.svenskakyrkan.se\/vandravagen\/wp-json\/wp\/v2\/comments?post=7478"}],"version-history":[{"count":2,"href":"https:\/\/blogg.svenskakyrkan.se\/vandravagen\/wp-json\/wp\/v2\/posts\/7478\/revisions"}],"predecessor-version":[{"id":7493,"href":"https:\/\/blogg.svenskakyrkan.se\/vandravagen\/wp-json\/wp\/v2\/posts\/7478\/revisions\/7493"}],"wp:featuredmedia":[{"embeddable":true,"href":"https:\/\/blogg.svenskakyrkan.se\/vandravagen\/wp-json\/wp\/v2\/media\/7492"}],"wp:attachment":[{"href":"https:\/\/blogg.svenskakyrkan.se\/vandravagen\/wp-json\/wp\/v2\/media?parent=7478"}],"wp:term":[{"taxonomy":"category","embeddable":true,"href":"https:\/\/blogg.svenskakyrkan.se\/vandravagen\/wp-json\/wp\/v2\/categories?post=7478"},{"taxonomy":"post_tag","embeddable":true,"href":"https:\/\/blogg.svenskakyrkan.se\/vandravagen\/wp-json\/wp\/v2\/tags?post=7478"}],"curies":[{"name":"wp","href":"https:\/\/api.w.org\/{rel}","templated":true}]}}