{"id":748,"date":"2013-01-24T20:08:00","date_gmt":"2013-01-24T19:08:00","guid":{"rendered":"http:\/\/blogg.svenskakyrkan.se\/vandravagen\/2013\/01\/24\/kan-en-blogg-fylla-ar\/"},"modified":"2013-01-24T20:08:00","modified_gmt":"2013-01-24T19:08:00","slug":"kan-en-blogg-fylla-ar","status":"publish","type":"post","link":"https:\/\/blogg.svenskakyrkan.se\/vandravagen\/2013\/01\/24\/kan-en-blogg-fylla-ar\/","title":{"rendered":"Kan en blogg fylla \u00e5r?"},"content":{"rendered":"<table align=\"center\" cellpadding=\"0\" cellspacing=\"0\">\n<tbody>\n<tr>\n<td><a href=\"http:\/\/2.bp.blogspot.com\/-Nhlj6epWyK8\/T1tduXnZBGI\/AAAAAAAAAGY\/aNLgGbKCqqg\/s1600\/%25C2%25A7NR%25C2%25A7rdonlyres%25C2%25A721A4F16A-07A9-4EBC-B34D-876A217DAB0F%25C2%25A70%25C2%25A7Ek765cmElleholm380px.jpg\"><img loading=\"lazy\" decoding=\"async\" border=\"0\" height=\"271\" src=\"http:\/\/2.bp.blogspot.com\/-Nhlj6epWyK8\/T1tduXnZBGI\/AAAAAAAAAGY\/aNLgGbKCqqg\/s400\/%25C2%25A7NR%25C2%25A7rdonlyres%25C2%25A721A4F16A-07A9-4EBC-B34D-876A217DAB0F%25C2%25A70%25C2%25A7Ek765cmElleholm380px.jpg\" width=\"400\"><\/a><\/td>\n<\/tr>\n<tr>\n<td>Evigt ung som ett gr\u00f6nskande tr\u00e4d?<\/td>\n<\/tr>\n<\/tbody>\n<\/table>\n<p>Kan en blogg fylla \u00e5r? F\u00f6r i s\u00e5 fall g\u00f6r den h\u00e4r det i \u00f6vermorgon. D\u00e5 fyller den ett \u00e5r. Hur firar man n\u00e5got s\u00e5dant? Firar man det alls? Har du n\u00e5gon id\u00e9 s\u00e5 fram med den s\u00e5 f\u00e5r vi se vad det kan bli av det.<\/p>\n","protected":false},"excerpt":{"rendered":"<p>Evigt ung som ett gr\u00f6nskande tr\u00e4d? Kan en blogg fylla \u00e5r? F\u00f6r i s\u00e5 fall g\u00f6r den h\u00e4r det i \u00f6vermorgon. D\u00e5 fyller den ett \u00e5r. Hur firar man n\u00e5got s\u00e5dant? Firar man det alls? Har du n\u00e5gon id\u00e9 s\u00e5 fram med den s\u00e5 f\u00e5r vi se vad det kan bli av det.<\/p>\n","protected":false},"author":392,"featured_media":0,"comment_status":"open","ping_status":"open","sticky":false,"template":"","format":"standard","meta":{"_acf_changed":false,"footnotes":""},"categories":[76608],"tags":[],"class_list":["post-748","post","type-post","status-publish","format-standard","hentry","category-bloggen"],"acf":[],"yoast_head":"<!-- This site is optimized with the Yoast SEO plugin v27.1.1 - https:\/\/yoast.com\/product\/yoast-seo-wordpress\/ -->\n<title>Kan en blogg fylla \u00e5r? - Vandra V\u00e4gen<\/title>\n<meta name=\"robots\" content=\"index, follow, max-snippet:-1, max-image-preview:large, max-video-preview:-1\" \/>\n<link rel=\"canonical\" href=\"https:\/\/blogg.svenskakyrkan.se\/vandravagen\/2013\/01\/24\/kan-en-blogg-fylla-ar\/\" \/>\n<meta property=\"og:locale\" content=\"sv_SE\" \/>\n<meta property=\"og:type\" content=\"article\" \/>\n<meta property=\"og:title\" content=\"Kan en blogg fylla \u00e5r? - Vandra V\u00e4gen\" \/>\n<meta property=\"og:description\" content=\"Evigt ung som ett gr\u00f6nskande tr\u00e4d? Kan en blogg fylla \u00e5r? F\u00f6r i s\u00e5 fall g\u00f6r den h\u00e4r det i \u00f6vermorgon. D\u00e5 fyller den ett \u00e5r. Hur firar man n\u00e5got s\u00e5dant? Firar man det alls? Har du n\u00e5gon id\u00e9 s\u00e5 fram med den s\u00e5 f\u00e5r vi se vad det kan bli av det.\" \/>\n<meta property=\"og:url\" content=\"https:\/\/blogg.svenskakyrkan.se\/vandravagen\/2013\/01\/24\/kan-en-blogg-fylla-ar\/\" \/>\n<meta property=\"og:site_name\" content=\"Vandra V\u00e4gen\" \/>\n<meta property=\"article:publisher\" content=\"http:\/\/facebook.com\/vandravagen\" \/>\n<meta property=\"article:published_time\" content=\"2013-01-24T19:08:00+00:00\" \/>\n<meta property=\"og:image\" content=\"http:\/\/2.bp.blogspot.com\/-Nhlj6epWyK8\/T1tduXnZBGI\/AAAAAAAAAGY\/aNLgGbKCqqg\/s400\/%25C2%25A7NR%25C2%25A7rdonlyres%25C2%25A721A4F16A-07A9-4EBC-B34D-876A217DAB0F%25C2%25A70%25C2%25A7Ek765cmElleholm380px.jpg\" \/>\n<meta name=\"author\" content=\"Tomas Jarvid\" \/>\n<meta name=\"twitter:card\" content=\"summary_large_image\" \/>\n<meta name=\"twitter:creator\" content=\"@fadertomas\" \/>\n<meta name=\"twitter:site\" content=\"@fadertomas\" \/>\n<meta name=\"twitter:label1\" content=\"Skriven av\" \/>\n\t<meta name=\"twitter:data1\" content=\"Tomas Jarvid\" \/>\n<script type=\"application\/ld+json\" class=\"yoast-schema-graph\">{\"@context\":\"https:\/\/schema.org\",\"@graph\":[{\"@type\":\"Article\",\"@id\":\"https:\/\/blogg.svenskakyrkan.se\/vandravagen\/2013\/01\/24\/kan-en-blogg-fylla-ar\/#article\",\"isPartOf\":{\"@id\":\"https:\/\/blogg.svenskakyrkan.se\/vandravagen\/2013\/01\/24\/kan-en-blogg-fylla-ar\/\"},\"author\":{\"name\":\"Tomas Jarvid\",\"@id\":\"https:\/\/blogg.svenskakyrkan.se\/vandravagen\/#\/schema\/person\/25da02d4f76b137d04291711e2c9fc16\"},\"headline\":\"Kan en blogg fylla \u00e5r?\",\"datePublished\":\"2013-01-24T19:08:00+00:00\",\"mainEntityOfPage\":{\"@id\":\"https:\/\/blogg.svenskakyrkan.se\/vandravagen\/2013\/01\/24\/kan-en-blogg-fylla-ar\/\"},\"wordCount\":67,\"commentCount\":5,\"publisher\":{\"@id\":\"https:\/\/blogg.svenskakyrkan.se\/vandravagen\/#organization\"},\"image\":{\"@id\":\"https:\/\/blogg.svenskakyrkan.se\/vandravagen\/2013\/01\/24\/kan-en-blogg-fylla-ar\/#primaryimage\"},\"thumbnailUrl\":\"http:\/\/2.bp.blogspot.com\/-Nhlj6epWyK8\/T1tduXnZBGI\/AAAAAAAAAGY\/aNLgGbKCqqg\/s400\/%25C2%25A7NR%25C2%25A7rdonlyres%25C2%25A721A4F16A-07A9-4EBC-B34D-876A217DAB0F%25C2%25A70%25C2%25A7Ek765cmElleholm380px.jpg\",\"articleSection\":[\"bloggen\"],\"inLanguage\":\"sv-SE\",\"potentialAction\":[{\"@type\":\"CommentAction\",\"name\":\"Comment\",\"target\":[\"https:\/\/blogg.svenskakyrkan.se\/vandravagen\/2013\/01\/24\/kan-en-blogg-fylla-ar\/#respond\"]}]},{\"@type\":\"WebPage\",\"@id\":\"https:\/\/blogg.svenskakyrkan.se\/vandravagen\/2013\/01\/24\/kan-en-blogg-fylla-ar\/\",\"url\":\"https:\/\/blogg.svenskakyrkan.se\/vandravagen\/2013\/01\/24\/kan-en-blogg-fylla-ar\/\",\"name\":\"Kan en blogg fylla \u00e5r? - Vandra V\u00e4gen\",\"isPartOf\":{\"@id\":\"https:\/\/blogg.svenskakyrkan.se\/vandravagen\/#website\"},\"primaryImageOfPage\":{\"@id\":\"https:\/\/blogg.svenskakyrkan.se\/vandravagen\/2013\/01\/24\/kan-en-blogg-fylla-ar\/#primaryimage\"},\"image\":{\"@id\":\"https:\/\/blogg.svenskakyrkan.se\/vandravagen\/2013\/01\/24\/kan-en-blogg-fylla-ar\/#primaryimage\"},\"thumbnailUrl\":\"http:\/\/2.bp.blogspot.com\/-Nhlj6epWyK8\/T1tduXnZBGI\/AAAAAAAAAGY\/aNLgGbKCqqg\/s400\/%25C2%25A7NR%25C2%25A7rdonlyres%25C2%25A721A4F16A-07A9-4EBC-B34D-876A217DAB0F%25C2%25A70%25C2%25A7Ek765cmElleholm380px.jpg\",\"datePublished\":\"2013-01-24T19:08:00+00:00\",\"breadcrumb\":{\"@id\":\"https:\/\/blogg.svenskakyrkan.se\/vandravagen\/2013\/01\/24\/kan-en-blogg-fylla-ar\/#breadcrumb\"},\"inLanguage\":\"sv-SE\",\"potentialAction\":[{\"@type\":\"ReadAction\",\"target\":[\"https:\/\/blogg.svenskakyrkan.se\/vandravagen\/2013\/01\/24\/kan-en-blogg-fylla-ar\/\"]}]},{\"@type\":\"ImageObject\",\"inLanguage\":\"sv-SE\",\"@id\":\"https:\/\/blogg.svenskakyrkan.se\/vandravagen\/2013\/01\/24\/kan-en-blogg-fylla-ar\/#primaryimage\",\"url\":\"http:\/\/2.bp.blogspot.com\/-Nhlj6epWyK8\/T1tduXnZBGI\/AAAAAAAAAGY\/aNLgGbKCqqg\/s400\/%25C2%25A7NR%25C2%25A7rdonlyres%25C2%25A721A4F16A-07A9-4EBC-B34D-876A217DAB0F%25C2%25A70%25C2%25A7Ek765cmElleholm380px.jpg\",\"contentUrl\":\"http:\/\/2.bp.blogspot.com\/-Nhlj6epWyK8\/T1tduXnZBGI\/AAAAAAAAAGY\/aNLgGbKCqqg\/s400\/%25C2%25A7NR%25C2%25A7rdonlyres%25C2%25A721A4F16A-07A9-4EBC-B34D-876A217DAB0F%25C2%25A70%25C2%25A7Ek765cmElleholm380px.jpg\"},{\"@type\":\"BreadcrumbList\",\"@id\":\"https:\/\/blogg.svenskakyrkan.se\/vandravagen\/2013\/01\/24\/kan-en-blogg-fylla-ar\/#breadcrumb\",\"itemListElement\":[{\"@type\":\"ListItem\",\"position\":1,\"name\":\"Hem\",\"item\":\"https:\/\/blogg.svenskakyrkan.se\/vandravagen\/\"},{\"@type\":\"ListItem\",\"position\":2,\"name\":\"Kan en blogg fylla \u00e5r?\"}]},{\"@type\":\"WebSite\",\"@id\":\"https:\/\/blogg.svenskakyrkan.se\/vandravagen\/#website\",\"url\":\"https:\/\/blogg.svenskakyrkan.se\/vandravagen\/\",\"name\":\"Vandra V\u00e4gen\",\"description\":\"-Mot en tro f\u00f6r hela livet\",\"publisher\":{\"@id\":\"https:\/\/blogg.svenskakyrkan.se\/vandravagen\/#organization\"},\"potentialAction\":[{\"@type\":\"SearchAction\",\"target\":{\"@type\":\"EntryPoint\",\"urlTemplate\":\"https:\/\/blogg.svenskakyrkan.se\/vandravagen\/?s={search_term_string}\"},\"query-input\":{\"@type\":\"PropertyValueSpecification\",\"valueRequired\":true,\"valueName\":\"search_term_string\"}}],\"inLanguage\":\"sv-SE\"},{\"@type\":\"Organization\",\"@id\":\"https:\/\/blogg.svenskakyrkan.se\/vandravagen\/#organization\",\"name\":\"ulricehamns pastorat\",\"alternateName\":\"ulricehamns pastorat\",\"url\":\"https:\/\/blogg.svenskakyrkan.se\/vandravagen\/\",\"logo\":{\"@type\":\"ImageObject\",\"inLanguage\":\"sv-SE\",\"@id\":\"https:\/\/blogg.svenskakyrkan.se\/vandravagen\/#\/schema\/logo\/image\/\",\"url\":\"https:\/\/blogg.svenskakyrkan.se\/vandravagen\/files\/2023\/05\/Ulr_logo_RGB.png\",\"contentUrl\":\"https:\/\/blogg.svenskakyrkan.se\/vandravagen\/files\/2023\/05\/Ulr_logo_RGB.png\",\"width\":205,\"height\":77,\"caption\":\"ulricehamns pastorat\"},\"image\":{\"@id\":\"https:\/\/blogg.svenskakyrkan.se\/vandravagen\/#\/schema\/logo\/image\/\"},\"sameAs\":[\"http:\/\/facebook.com\/vandravagen\",\"https:\/\/x.com\/fadertomas\",\"http:\/\/www.facebook.com\/svenskakyrkaniulricehamn\"]},{\"@type\":\"Person\",\"@id\":\"https:\/\/blogg.svenskakyrkan.se\/vandravagen\/#\/schema\/person\/25da02d4f76b137d04291711e2c9fc16\",\"name\":\"Tomas Jarvid\",\"image\":{\"@type\":\"ImageObject\",\"inLanguage\":\"sv-SE\",\"@id\":\"https:\/\/blogg.svenskakyrkan.se\/vandravagen\/#\/schema\/person\/image\/\",\"url\":\"https:\/\/secure.gravatar.com\/avatar\/7fa71899795e8f540f615a1f5ab25255dc27aa40f05ee7ddd21aac521e01bf50?s=96&d=identicon&r=g\",\"contentUrl\":\"https:\/\/secure.gravatar.com\/avatar\/7fa71899795e8f540f615a1f5ab25255dc27aa40f05ee7ddd21aac521e01bf50?s=96&d=identicon&r=g\",\"caption\":\"Tomas Jarvid\"},\"description\":\"Jag bor i Ulricehamn i V\u00e4sterg\u00f6tland och \u00e4r f\u00f6rsamlingspr\u00e4st i Svenska Kyrkan f\u00f6r Dalstorps f\u00f6rsamling i Kinds pastorat. P\u00e5 den h\u00e4r bloggen skriver jag ner tankar om vandringen som kristen.\",\"sameAs\":[\"http:\/\/www.vandravagen.se\"],\"url\":\"https:\/\/blogg.svenskakyrkan.se\/vandravagen\/author\/vandravagen\/\"}]}<\/script>\n<!-- \/ Yoast SEO plugin. -->","yoast_head_json":{"title":"Kan en blogg fylla \u00e5r? - Vandra V\u00e4gen","robots":{"index":"index","follow":"follow","max-snippet":"max-snippet:-1","max-image-preview":"max-image-preview:large","max-video-preview":"max-video-preview:-1"},"canonical":"https:\/\/blogg.svenskakyrkan.se\/vandravagen\/2013\/01\/24\/kan-en-blogg-fylla-ar\/","og_locale":"sv_SE","og_type":"article","og_title":"Kan en blogg fylla \u00e5r? - Vandra V\u00e4gen","og_description":"Evigt ung som ett gr\u00f6nskande tr\u00e4d? Kan en blogg fylla \u00e5r? F\u00f6r i s\u00e5 fall g\u00f6r den h\u00e4r det i \u00f6vermorgon. D\u00e5 fyller den ett \u00e5r. Hur firar man n\u00e5got s\u00e5dant? Firar man det alls? Har du n\u00e5gon id\u00e9 s\u00e5 fram med den s\u00e5 f\u00e5r vi se vad det kan bli av det.","og_url":"https:\/\/blogg.svenskakyrkan.se\/vandravagen\/2013\/01\/24\/kan-en-blogg-fylla-ar\/","og_site_name":"Vandra V\u00e4gen","article_publisher":"http:\/\/facebook.com\/vandravagen","article_published_time":"2013-01-24T19:08:00+00:00","og_image":[{"url":"http:\/\/2.bp.blogspot.com\/-Nhlj6epWyK8\/T1tduXnZBGI\/AAAAAAAAAGY\/aNLgGbKCqqg\/s400\/%25C2%25A7NR%25C2%25A7rdonlyres%25C2%25A721A4F16A-07A9-4EBC-B34D-876A217DAB0F%25C2%25A70%25C2%25A7Ek765cmElleholm380px.jpg","type":"","width":"","height":""}],"author":"Tomas Jarvid","twitter_card":"summary_large_image","twitter_creator":"@fadertomas","twitter_site":"@fadertomas","twitter_misc":{"Skriven av":"Tomas Jarvid"},"schema":{"@context":"https:\/\/schema.org","@graph":[{"@type":"Article","@id":"https:\/\/blogg.svenskakyrkan.se\/vandravagen\/2013\/01\/24\/kan-en-blogg-fylla-ar\/#article","isPartOf":{"@id":"https:\/\/blogg.svenskakyrkan.se\/vandravagen\/2013\/01\/24\/kan-en-blogg-fylla-ar\/"},"author":{"name":"Tomas Jarvid","@id":"https:\/\/blogg.svenskakyrkan.se\/vandravagen\/#\/schema\/person\/25da02d4f76b137d04291711e2c9fc16"},"headline":"Kan en blogg fylla \u00e5r?","datePublished":"2013-01-24T19:08:00+00:00","mainEntityOfPage":{"@id":"https:\/\/blogg.svenskakyrkan.se\/vandravagen\/2013\/01\/24\/kan-en-blogg-fylla-ar\/"},"wordCount":67,"commentCount":5,"publisher":{"@id":"https:\/\/blogg.svenskakyrkan.se\/vandravagen\/#organization"},"image":{"@id":"https:\/\/blogg.svenskakyrkan.se\/vandravagen\/2013\/01\/24\/kan-en-blogg-fylla-ar\/#primaryimage"},"thumbnailUrl":"http:\/\/2.bp.blogspot.com\/-Nhlj6epWyK8\/T1tduXnZBGI\/AAAAAAAAAGY\/aNLgGbKCqqg\/s400\/%25C2%25A7NR%25C2%25A7rdonlyres%25C2%25A721A4F16A-07A9-4EBC-B34D-876A217DAB0F%25C2%25A70%25C2%25A7Ek765cmElleholm380px.jpg","articleSection":["bloggen"],"inLanguage":"sv-SE","potentialAction":[{"@type":"CommentAction","name":"Comment","target":["https:\/\/blogg.svenskakyrkan.se\/vandravagen\/2013\/01\/24\/kan-en-blogg-fylla-ar\/#respond"]}]},{"@type":"WebPage","@id":"https:\/\/blogg.svenskakyrkan.se\/vandravagen\/2013\/01\/24\/kan-en-blogg-fylla-ar\/","url":"https:\/\/blogg.svenskakyrkan.se\/vandravagen\/2013\/01\/24\/kan-en-blogg-fylla-ar\/","name":"Kan en blogg fylla \u00e5r? - Vandra V\u00e4gen","isPartOf":{"@id":"https:\/\/blogg.svenskakyrkan.se\/vandravagen\/#website"},"primaryImageOfPage":{"@id":"https:\/\/blogg.svenskakyrkan.se\/vandravagen\/2013\/01\/24\/kan-en-blogg-fylla-ar\/#primaryimage"},"image":{"@id":"https:\/\/blogg.svenskakyrkan.se\/vandravagen\/2013\/01\/24\/kan-en-blogg-fylla-ar\/#primaryimage"},"thumbnailUrl":"http:\/\/2.bp.blogspot.com\/-Nhlj6epWyK8\/T1tduXnZBGI\/AAAAAAAAAGY\/aNLgGbKCqqg\/s400\/%25C2%25A7NR%25C2%25A7rdonlyres%25C2%25A721A4F16A-07A9-4EBC-B34D-876A217DAB0F%25C2%25A70%25C2%25A7Ek765cmElleholm380px.jpg","datePublished":"2013-01-24T19:08:00+00:00","breadcrumb":{"@id":"https:\/\/blogg.svenskakyrkan.se\/vandravagen\/2013\/01\/24\/kan-en-blogg-fylla-ar\/#breadcrumb"},"inLanguage":"sv-SE","potentialAction":[{"@type":"ReadAction","target":["https:\/\/blogg.svenskakyrkan.se\/vandravagen\/2013\/01\/24\/kan-en-blogg-fylla-ar\/"]}]},{"@type":"ImageObject","inLanguage":"sv-SE","@id":"https:\/\/blogg.svenskakyrkan.se\/vandravagen\/2013\/01\/24\/kan-en-blogg-fylla-ar\/#primaryimage","url":"http:\/\/2.bp.blogspot.com\/-Nhlj6epWyK8\/T1tduXnZBGI\/AAAAAAAAAGY\/aNLgGbKCqqg\/s400\/%25C2%25A7NR%25C2%25A7rdonlyres%25C2%25A721A4F16A-07A9-4EBC-B34D-876A217DAB0F%25C2%25A70%25C2%25A7Ek765cmElleholm380px.jpg","contentUrl":"http:\/\/2.bp.blogspot.com\/-Nhlj6epWyK8\/T1tduXnZBGI\/AAAAAAAAAGY\/aNLgGbKCqqg\/s400\/%25C2%25A7NR%25C2%25A7rdonlyres%25C2%25A721A4F16A-07A9-4EBC-B34D-876A217DAB0F%25C2%25A70%25C2%25A7Ek765cmElleholm380px.jpg"},{"@type":"BreadcrumbList","@id":"https:\/\/blogg.svenskakyrkan.se\/vandravagen\/2013\/01\/24\/kan-en-blogg-fylla-ar\/#breadcrumb","itemListElement":[{"@type":"ListItem","position":1,"name":"Hem","item":"https:\/\/blogg.svenskakyrkan.se\/vandravagen\/"},{"@type":"ListItem","position":2,"name":"Kan en blogg fylla \u00e5r?"}]},{"@type":"WebSite","@id":"https:\/\/blogg.svenskakyrkan.se\/vandravagen\/#website","url":"https:\/\/blogg.svenskakyrkan.se\/vandravagen\/","name":"Vandra V\u00e4gen","description":"-Mot en tro f\u00f6r hela livet","publisher":{"@id":"https:\/\/blogg.svenskakyrkan.se\/vandravagen\/#organization"},"potentialAction":[{"@type":"SearchAction","target":{"@type":"EntryPoint","urlTemplate":"https:\/\/blogg.svenskakyrkan.se\/vandravagen\/?s={search_term_string}"},"query-input":{"@type":"PropertyValueSpecification","valueRequired":true,"valueName":"search_term_string"}}],"inLanguage":"sv-SE"},{"@type":"Organization","@id":"https:\/\/blogg.svenskakyrkan.se\/vandravagen\/#organization","name":"ulricehamns pastorat","alternateName":"ulricehamns pastorat","url":"https:\/\/blogg.svenskakyrkan.se\/vandravagen\/","logo":{"@type":"ImageObject","inLanguage":"sv-SE","@id":"https:\/\/blogg.svenskakyrkan.se\/vandravagen\/#\/schema\/logo\/image\/","url":"https:\/\/blogg.svenskakyrkan.se\/vandravagen\/files\/2023\/05\/Ulr_logo_RGB.png","contentUrl":"https:\/\/blogg.svenskakyrkan.se\/vandravagen\/files\/2023\/05\/Ulr_logo_RGB.png","width":205,"height":77,"caption":"ulricehamns pastorat"},"image":{"@id":"https:\/\/blogg.svenskakyrkan.se\/vandravagen\/#\/schema\/logo\/image\/"},"sameAs":["http:\/\/facebook.com\/vandravagen","https:\/\/x.com\/fadertomas","http:\/\/www.facebook.com\/svenskakyrkaniulricehamn"]},{"@type":"Person","@id":"https:\/\/blogg.svenskakyrkan.se\/vandravagen\/#\/schema\/person\/25da02d4f76b137d04291711e2c9fc16","name":"Tomas Jarvid","image":{"@type":"ImageObject","inLanguage":"sv-SE","@id":"https:\/\/blogg.svenskakyrkan.se\/vandravagen\/#\/schema\/person\/image\/","url":"https:\/\/secure.gravatar.com\/avatar\/7fa71899795e8f540f615a1f5ab25255dc27aa40f05ee7ddd21aac521e01bf50?s=96&d=identicon&r=g","contentUrl":"https:\/\/secure.gravatar.com\/avatar\/7fa71899795e8f540f615a1f5ab25255dc27aa40f05ee7ddd21aac521e01bf50?s=96&d=identicon&r=g","caption":"Tomas Jarvid"},"description":"Jag bor i Ulricehamn i V\u00e4sterg\u00f6tland och \u00e4r f\u00f6rsamlingspr\u00e4st i Svenska Kyrkan f\u00f6r Dalstorps f\u00f6rsamling i Kinds pastorat. P\u00e5 den h\u00e4r bloggen skriver jag ner tankar om vandringen som kristen.","sameAs":["http:\/\/www.vandravagen.se"],"url":"https:\/\/blogg.svenskakyrkan.se\/vandravagen\/author\/vandravagen\/"}]}},"author_meta":{"ID":"392","user_nicename":"vandravagen","user_url":"http:\/\/www.vandravagen.se","user_registered":"2014-05-19 05:44:52","display_name":"Tomas Jarvid","first_name":"Tomas","last_name":"Jarvid","avatar":"https:\/\/secure.gravatar.com\/avatar\/7fa71899795e8f540f615a1f5ab25255dc27aa40f05ee7ddd21aac521e01bf50?s=96&d=identicon&r=g"},"featured_image":false,"bloginfo":{"name":"Vandra V\u00e4gen","url":"https:\/\/blogg.svenskakyrkan.se\/vandravagen"},"_links":{"self":[{"href":"https:\/\/blogg.svenskakyrkan.se\/vandravagen\/wp-json\/wp\/v2\/posts\/748","targetHints":{"allow":["GET"]}}],"collection":[{"href":"https:\/\/blogg.svenskakyrkan.se\/vandravagen\/wp-json\/wp\/v2\/posts"}],"about":[{"href":"https:\/\/blogg.svenskakyrkan.se\/vandravagen\/wp-json\/wp\/v2\/types\/post"}],"author":[{"embeddable":true,"href":"https:\/\/blogg.svenskakyrkan.se\/vandravagen\/wp-json\/wp\/v2\/users\/392"}],"replies":[{"embeddable":true,"href":"https:\/\/blogg.svenskakyrkan.se\/vandravagen\/wp-json\/wp\/v2\/comments?post=748"}],"version-history":[{"count":0,"href":"https:\/\/blogg.svenskakyrkan.se\/vandravagen\/wp-json\/wp\/v2\/posts\/748\/revisions"}],"wp:attachment":[{"href":"https:\/\/blogg.svenskakyrkan.se\/vandravagen\/wp-json\/wp\/v2\/media?parent=748"}],"wp:term":[{"taxonomy":"category","embeddable":true,"href":"https:\/\/blogg.svenskakyrkan.se\/vandravagen\/wp-json\/wp\/v2\/categories?post=748"},{"taxonomy":"post_tag","embeddable":true,"href":"https:\/\/blogg.svenskakyrkan.se\/vandravagen\/wp-json\/wp\/v2\/tags?post=748"}],"curies":[{"name":"wp","href":"https:\/\/api.w.org\/{rel}","templated":true}]}}