{"id":7480,"date":"2020-02-08T07:00:00","date_gmt":"2020-02-08T06:00:00","guid":{"rendered":"http:\/\/blogg.svenskakyrkan.se\/vandravagen\/?p=7480"},"modified":"2020-02-07T21:06:47","modified_gmt":"2020-02-07T20:06:47","slug":"onesiphorus-och-de-stulna-ljusen","status":"publish","type":"post","link":"https:\/\/blogg.svenskakyrkan.se\/vandravagen\/2020\/02\/08\/onesiphorus-och-de-stulna-ljusen\/","title":{"rendered":"Onesiphorus och de stulna ljusen"},"content":{"rendered":"\n\n\n<figure class=\"wp-block-image size-large\"><img loading=\"lazy\" decoding=\"async\" width=\"750\" height=\"933\" src=\"http:\/\/blogg.svenskakyrkan.se\/vandravagen\/files\/2019\/11\/IMG_2142.jpg\" alt=\"\" class=\"wp-image-7482\" srcset=\"https:\/\/blogg.svenskakyrkan.se\/vandravagen\/files\/2019\/11\/IMG_2142.jpg 750w, https:\/\/blogg.svenskakyrkan.se\/vandravagen\/files\/2019\/11\/IMG_2142-300x373.jpg 300w\" sizes=\"auto, (max-width: 750px) 100vw, 750px\" \/><figcaption>Den helige Demetrios. Full av n\u00e5d och vishet men ocks\u00e5 skarp.<\/figcaption><\/figure>\n<p>H\u00e4r \u00e4r \u00e4nnu en fascinerande liten helgonlegend som samtidigt ger lite inblick i b\u00f6neliv med ljust\u00e4ndning f\u00f6r l\u00e4nge sedan.<\/p>\n<p>Det var en man som hette Onesiphoros som arbetade i kyrkan till\u00e4gnad st Demetrios i Tessaloniki (Demetrios var martyr och ett k\u00e4nt milit\u00e4rhelgon ungef\u00e4r som st Georg, han hedras s\u00e4rskilt just i sin kyrka i Tessaloniki). Onesiphoros fr\u00e4msta uppgift var att sk\u00f6ta detta med b\u00f6neljusen som t\u00e4ndes d\u00e4r.<\/p>\n<p>Problemet var att Onesiphoros var s\u00e5 o\u00e4rlig. N\u00e4r de som t\u00e4nt ljusen g\u00e5tt hem fr\u00e5n kyrkan sl\u00e4ckta han snabbt deras ljus ist\u00e4llet f\u00f6r att l\u00e5ta dem brinna ut, tog hem dem och s\u00e5lde dem en g\u00e5ng till till n\u00e4sta bes\u00f6kare.<\/p>\n<p>En g\u00e5ng visade sig helgonet Demetrios i en syn f\u00f6r Onesiphoros och talade till honom om detta. Han sa &#8221;Jag \u00e4r inte glad \u00f6ver att du stj\u00e4l ljusen, genom att g\u00f6ra det skadar du andra och framf\u00f6r allt skadar du dig sj\u00e4lv, sluta med det och omv\u00e4nd dig!&#8221;<\/p>\n<p>Onesiphoros blev r\u00e4dd och sk\u00e4mdes och han slutade upp med att stj\u00e4la ljus.<\/p>\n<p>F\u00f6r ett tag \u00e5tminstone men sedan blev han frestad f\u00f6r det kom en rik man och t\u00e4nde ett alldeles ovanligt stort och vackert ljus i kyrkan, och Onesiphoros f\u00f6rstod att det var v\u00e4rt mycket pengar! N\u00e4r den rike g\u00e5tt gick Onesiphoros fram till ljuset och str\u00e4ckte fram handen f\u00f6r att ta det.<\/p>\n<p>I den stunden h\u00f6rdes en d\u00e5nande r\u00f6st &#8221;G\u00d6R DU DET NU IGEN!!?&#8221; och i f\u00f6rskr\u00e4ckelsen f\u00f6ll Onesiphoros avsvimmad till marken.<\/p>\n<p>Senare kom en pilgrim in och hittade honom och lyckades f\u00e5 liv i honom. Onesiphoros ber\u00e4ttade alltihop f\u00f6r honom och alla m\u00e4nniskor h\u00e4pnade och prisade Gud.<\/p>\n<p>Bilden \u00e4r en mosaik fr\u00e5n denna kyrka i Tessaloniki.<\/p>\n<p>Vad skulle du s\u00e4ga att vi kan ta till oss fr\u00e5n den h\u00e4r ber\u00e4ttelsen?<\/p>\n\n\n","protected":false},"excerpt":{"rendered":"<p>H\u00e4r \u00e4r \u00e4nnu en fascinerande liten helgonlegend som samtidigt ger lite inblick i b\u00f6neliv med ljust\u00e4ndning f\u00f6r l\u00e4nge sedan. Det var en man som hette Onesiphoros som arbetade i kyrkan till\u00e4gnad st Demetrios i Tessaloniki (Demetrios var martyr och ett k\u00e4nt milit\u00e4rhelgon ungef\u00e4r som st Georg, han hedras s\u00e4rskilt just i sin kyrka i Tessaloniki). [&hellip;]<\/p>\n","protected":false},"author":392,"featured_media":7482,"comment_status":"open","ping_status":"open","sticky":false,"template":"","format":"standard","meta":{"_acf_changed":false,"footnotes":""},"categories":[33559,19356],"tags":[],"class_list":["post-7480","post","type-post","status-publish","format-standard","has-post-thumbnail","hentry","category-berattelser","category-helgon"],"acf":[],"yoast_head":"<!-- This site is optimized with the Yoast SEO plugin v27.1.1 - https:\/\/yoast.com\/product\/yoast-seo-wordpress\/ -->\n<title>Onesiphorus och de stulna ljusen - Vandra V\u00e4gen<\/title>\n<meta name=\"robots\" content=\"index, follow, max-snippet:-1, max-image-preview:large, max-video-preview:-1\" \/>\n<link rel=\"canonical\" href=\"https:\/\/blogg.svenskakyrkan.se\/vandravagen\/2020\/02\/08\/onesiphorus-och-de-stulna-ljusen\/\" \/>\n<meta property=\"og:locale\" content=\"sv_SE\" \/>\n<meta property=\"og:type\" content=\"article\" \/>\n<meta property=\"og:title\" content=\"Onesiphorus och de stulna ljusen - Vandra V\u00e4gen\" \/>\n<meta property=\"og:description\" content=\"H\u00e4r \u00e4r \u00e4nnu en fascinerande liten helgonlegend som samtidigt ger lite inblick i b\u00f6neliv med ljust\u00e4ndning f\u00f6r l\u00e4nge sedan. Det var en man som hette Onesiphoros som arbetade i kyrkan till\u00e4gnad st Demetrios i Tessaloniki (Demetrios var martyr och ett k\u00e4nt milit\u00e4rhelgon ungef\u00e4r som st Georg, han hedras s\u00e4rskilt just i sin kyrka i Tessaloniki). [&hellip;]\" \/>\n<meta property=\"og:url\" content=\"https:\/\/blogg.svenskakyrkan.se\/vandravagen\/2020\/02\/08\/onesiphorus-och-de-stulna-ljusen\/\" \/>\n<meta property=\"og:site_name\" content=\"Vandra V\u00e4gen\" \/>\n<meta property=\"article:publisher\" content=\"http:\/\/facebook.com\/vandravagen\" \/>\n<meta property=\"article:published_time\" content=\"2020-02-08T06:00:00+00:00\" \/>\n<meta property=\"og:image\" content=\"http:\/\/blogg.svenskakyrkan.se\/vandravagen\/files\/2019\/11\/IMG_2142.jpg\" \/>\n<meta name=\"author\" content=\"Tomas Jarvid\" \/>\n<meta name=\"twitter:card\" content=\"summary_large_image\" \/>\n<meta name=\"twitter:creator\" content=\"@fadertomas\" \/>\n<meta name=\"twitter:site\" content=\"@fadertomas\" \/>\n<meta name=\"twitter:label1\" content=\"Skriven av\" \/>\n\t<meta name=\"twitter:data1\" content=\"Tomas Jarvid\" \/>\n\t<meta name=\"twitter:label2\" content=\"Ber\u00e4knad l\u00e4stid\" \/>\n\t<meta name=\"twitter:data2\" content=\"2 minuter\" \/>\n<script type=\"application\/ld+json\" class=\"yoast-schema-graph\">{\"@context\":\"https:\/\/schema.org\",\"@graph\":[{\"@type\":\"Article\",\"@id\":\"https:\/\/blogg.svenskakyrkan.se\/vandravagen\/2020\/02\/08\/onesiphorus-och-de-stulna-ljusen\/#article\",\"isPartOf\":{\"@id\":\"https:\/\/blogg.svenskakyrkan.se\/vandravagen\/2020\/02\/08\/onesiphorus-och-de-stulna-ljusen\/\"},\"author\":{\"name\":\"Tomas Jarvid\",\"@id\":\"https:\/\/blogg.svenskakyrkan.se\/vandravagen\/#\/schema\/person\/25da02d4f76b137d04291711e2c9fc16\"},\"headline\":\"Onesiphorus och de stulna ljusen\",\"datePublished\":\"2020-02-08T06:00:00+00:00\",\"mainEntityOfPage\":{\"@id\":\"https:\/\/blogg.svenskakyrkan.se\/vandravagen\/2020\/02\/08\/onesiphorus-och-de-stulna-ljusen\/\"},\"wordCount\":369,\"commentCount\":4,\"publisher\":{\"@id\":\"https:\/\/blogg.svenskakyrkan.se\/vandravagen\/#organization\"},\"image\":{\"@id\":\"https:\/\/blogg.svenskakyrkan.se\/vandravagen\/2020\/02\/08\/onesiphorus-och-de-stulna-ljusen\/#primaryimage\"},\"thumbnailUrl\":\"https:\/\/blogg.svenskakyrkan.se\/vandravagen\/files\/2019\/11\/IMG_2142.jpg\",\"articleSection\":[\"ber\u00e4ttelser\",\"helgon\"],\"inLanguage\":\"sv-SE\",\"potentialAction\":[{\"@type\":\"CommentAction\",\"name\":\"Comment\",\"target\":[\"https:\/\/blogg.svenskakyrkan.se\/vandravagen\/2020\/02\/08\/onesiphorus-och-de-stulna-ljusen\/#respond\"]}]},{\"@type\":\"WebPage\",\"@id\":\"https:\/\/blogg.svenskakyrkan.se\/vandravagen\/2020\/02\/08\/onesiphorus-och-de-stulna-ljusen\/\",\"url\":\"https:\/\/blogg.svenskakyrkan.se\/vandravagen\/2020\/02\/08\/onesiphorus-och-de-stulna-ljusen\/\",\"name\":\"Onesiphorus och de stulna ljusen - Vandra V\u00e4gen\",\"isPartOf\":{\"@id\":\"https:\/\/blogg.svenskakyrkan.se\/vandravagen\/#website\"},\"primaryImageOfPage\":{\"@id\":\"https:\/\/blogg.svenskakyrkan.se\/vandravagen\/2020\/02\/08\/onesiphorus-och-de-stulna-ljusen\/#primaryimage\"},\"image\":{\"@id\":\"https:\/\/blogg.svenskakyrkan.se\/vandravagen\/2020\/02\/08\/onesiphorus-och-de-stulna-ljusen\/#primaryimage\"},\"thumbnailUrl\":\"https:\/\/blogg.svenskakyrkan.se\/vandravagen\/files\/2019\/11\/IMG_2142.jpg\",\"datePublished\":\"2020-02-08T06:00:00+00:00\",\"breadcrumb\":{\"@id\":\"https:\/\/blogg.svenskakyrkan.se\/vandravagen\/2020\/02\/08\/onesiphorus-och-de-stulna-ljusen\/#breadcrumb\"},\"inLanguage\":\"sv-SE\",\"potentialAction\":[{\"@type\":\"ReadAction\",\"target\":[\"https:\/\/blogg.svenskakyrkan.se\/vandravagen\/2020\/02\/08\/onesiphorus-och-de-stulna-ljusen\/\"]}]},{\"@type\":\"ImageObject\",\"inLanguage\":\"sv-SE\",\"@id\":\"https:\/\/blogg.svenskakyrkan.se\/vandravagen\/2020\/02\/08\/onesiphorus-och-de-stulna-ljusen\/#primaryimage\",\"url\":\"https:\/\/blogg.svenskakyrkan.se\/vandravagen\/files\/2019\/11\/IMG_2142.jpg\",\"contentUrl\":\"https:\/\/blogg.svenskakyrkan.se\/vandravagen\/files\/2019\/11\/IMG_2142.jpg\",\"width\":750,\"height\":933,\"caption\":\"Den helige Demetrios. Full av n\u00e5d och vishet men ocks\u00e5 skarp.\"},{\"@type\":\"BreadcrumbList\",\"@id\":\"https:\/\/blogg.svenskakyrkan.se\/vandravagen\/2020\/02\/08\/onesiphorus-och-de-stulna-ljusen\/#breadcrumb\",\"itemListElement\":[{\"@type\":\"ListItem\",\"position\":1,\"name\":\"Hem\",\"item\":\"https:\/\/blogg.svenskakyrkan.se\/vandravagen\/\"},{\"@type\":\"ListItem\",\"position\":2,\"name\":\"Onesiphorus och de stulna ljusen\"}]},{\"@type\":\"WebSite\",\"@id\":\"https:\/\/blogg.svenskakyrkan.se\/vandravagen\/#website\",\"url\":\"https:\/\/blogg.svenskakyrkan.se\/vandravagen\/\",\"name\":\"Vandra V\u00e4gen\",\"description\":\"-Mot en tro f\u00f6r hela livet\",\"publisher\":{\"@id\":\"https:\/\/blogg.svenskakyrkan.se\/vandravagen\/#organization\"},\"potentialAction\":[{\"@type\":\"SearchAction\",\"target\":{\"@type\":\"EntryPoint\",\"urlTemplate\":\"https:\/\/blogg.svenskakyrkan.se\/vandravagen\/?s={search_term_string}\"},\"query-input\":{\"@type\":\"PropertyValueSpecification\",\"valueRequired\":true,\"valueName\":\"search_term_string\"}}],\"inLanguage\":\"sv-SE\"},{\"@type\":\"Organization\",\"@id\":\"https:\/\/blogg.svenskakyrkan.se\/vandravagen\/#organization\",\"name\":\"ulricehamns pastorat\",\"alternateName\":\"ulricehamns pastorat\",\"url\":\"https:\/\/blogg.svenskakyrkan.se\/vandravagen\/\",\"logo\":{\"@type\":\"ImageObject\",\"inLanguage\":\"sv-SE\",\"@id\":\"https:\/\/blogg.svenskakyrkan.se\/vandravagen\/#\/schema\/logo\/image\/\",\"url\":\"https:\/\/blogg.svenskakyrkan.se\/vandravagen\/files\/2023\/05\/Ulr_logo_RGB.png\",\"contentUrl\":\"https:\/\/blogg.svenskakyrkan.se\/vandravagen\/files\/2023\/05\/Ulr_logo_RGB.png\",\"width\":205,\"height\":77,\"caption\":\"ulricehamns pastorat\"},\"image\":{\"@id\":\"https:\/\/blogg.svenskakyrkan.se\/vandravagen\/#\/schema\/logo\/image\/\"},\"sameAs\":[\"http:\/\/facebook.com\/vandravagen\",\"https:\/\/x.com\/fadertomas\",\"http:\/\/www.facebook.com\/svenskakyrkaniulricehamn\"]},{\"@type\":\"Person\",\"@id\":\"https:\/\/blogg.svenskakyrkan.se\/vandravagen\/#\/schema\/person\/25da02d4f76b137d04291711e2c9fc16\",\"name\":\"Tomas Jarvid\",\"image\":{\"@type\":\"ImageObject\",\"inLanguage\":\"sv-SE\",\"@id\":\"https:\/\/blogg.svenskakyrkan.se\/vandravagen\/#\/schema\/person\/image\/\",\"url\":\"https:\/\/secure.gravatar.com\/avatar\/7fa71899795e8f540f615a1f5ab25255dc27aa40f05ee7ddd21aac521e01bf50?s=96&d=identicon&r=g\",\"contentUrl\":\"https:\/\/secure.gravatar.com\/avatar\/7fa71899795e8f540f615a1f5ab25255dc27aa40f05ee7ddd21aac521e01bf50?s=96&d=identicon&r=g\",\"caption\":\"Tomas Jarvid\"},\"description\":\"Jag bor i Ulricehamn i V\u00e4sterg\u00f6tland och \u00e4r f\u00f6rsamlingspr\u00e4st i Svenska Kyrkan f\u00f6r Dalstorps f\u00f6rsamling i Kinds pastorat. P\u00e5 den h\u00e4r bloggen skriver jag ner tankar om vandringen som kristen.\",\"sameAs\":[\"http:\/\/www.vandravagen.se\"],\"url\":\"https:\/\/blogg.svenskakyrkan.se\/vandravagen\/author\/vandravagen\/\"}]}<\/script>\n<!-- \/ Yoast SEO plugin. -->","yoast_head_json":{"title":"Onesiphorus och de stulna ljusen - Vandra V\u00e4gen","robots":{"index":"index","follow":"follow","max-snippet":"max-snippet:-1","max-image-preview":"max-image-preview:large","max-video-preview":"max-video-preview:-1"},"canonical":"https:\/\/blogg.svenskakyrkan.se\/vandravagen\/2020\/02\/08\/onesiphorus-och-de-stulna-ljusen\/","og_locale":"sv_SE","og_type":"article","og_title":"Onesiphorus och de stulna ljusen - Vandra V\u00e4gen","og_description":"H\u00e4r \u00e4r \u00e4nnu en fascinerande liten helgonlegend som samtidigt ger lite inblick i b\u00f6neliv med ljust\u00e4ndning f\u00f6r l\u00e4nge sedan. Det var en man som hette Onesiphoros som arbetade i kyrkan till\u00e4gnad st Demetrios i Tessaloniki (Demetrios var martyr och ett k\u00e4nt milit\u00e4rhelgon ungef\u00e4r som st Georg, han hedras s\u00e4rskilt just i sin kyrka i Tessaloniki). [&hellip;]","og_url":"https:\/\/blogg.svenskakyrkan.se\/vandravagen\/2020\/02\/08\/onesiphorus-och-de-stulna-ljusen\/","og_site_name":"Vandra V\u00e4gen","article_publisher":"http:\/\/facebook.com\/vandravagen","article_published_time":"2020-02-08T06:00:00+00:00","og_image":[{"url":"http:\/\/blogg.svenskakyrkan.se\/vandravagen\/files\/2019\/11\/IMG_2142.jpg","type":"","width":"","height":""}],"author":"Tomas Jarvid","twitter_card":"summary_large_image","twitter_creator":"@fadertomas","twitter_site":"@fadertomas","twitter_misc":{"Skriven av":"Tomas Jarvid","Ber\u00e4knad l\u00e4stid":"2 minuter"},"schema":{"@context":"https:\/\/schema.org","@graph":[{"@type":"Article","@id":"https:\/\/blogg.svenskakyrkan.se\/vandravagen\/2020\/02\/08\/onesiphorus-och-de-stulna-ljusen\/#article","isPartOf":{"@id":"https:\/\/blogg.svenskakyrkan.se\/vandravagen\/2020\/02\/08\/onesiphorus-och-de-stulna-ljusen\/"},"author":{"name":"Tomas Jarvid","@id":"https:\/\/blogg.svenskakyrkan.se\/vandravagen\/#\/schema\/person\/25da02d4f76b137d04291711e2c9fc16"},"headline":"Onesiphorus och de stulna ljusen","datePublished":"2020-02-08T06:00:00+00:00","mainEntityOfPage":{"@id":"https:\/\/blogg.svenskakyrkan.se\/vandravagen\/2020\/02\/08\/onesiphorus-och-de-stulna-ljusen\/"},"wordCount":369,"commentCount":4,"publisher":{"@id":"https:\/\/blogg.svenskakyrkan.se\/vandravagen\/#organization"},"image":{"@id":"https:\/\/blogg.svenskakyrkan.se\/vandravagen\/2020\/02\/08\/onesiphorus-och-de-stulna-ljusen\/#primaryimage"},"thumbnailUrl":"https:\/\/blogg.svenskakyrkan.se\/vandravagen\/files\/2019\/11\/IMG_2142.jpg","articleSection":["ber\u00e4ttelser","helgon"],"inLanguage":"sv-SE","potentialAction":[{"@type":"CommentAction","name":"Comment","target":["https:\/\/blogg.svenskakyrkan.se\/vandravagen\/2020\/02\/08\/onesiphorus-och-de-stulna-ljusen\/#respond"]}]},{"@type":"WebPage","@id":"https:\/\/blogg.svenskakyrkan.se\/vandravagen\/2020\/02\/08\/onesiphorus-och-de-stulna-ljusen\/","url":"https:\/\/blogg.svenskakyrkan.se\/vandravagen\/2020\/02\/08\/onesiphorus-och-de-stulna-ljusen\/","name":"Onesiphorus och de stulna ljusen - Vandra V\u00e4gen","isPartOf":{"@id":"https:\/\/blogg.svenskakyrkan.se\/vandravagen\/#website"},"primaryImageOfPage":{"@id":"https:\/\/blogg.svenskakyrkan.se\/vandravagen\/2020\/02\/08\/onesiphorus-och-de-stulna-ljusen\/#primaryimage"},"image":{"@id":"https:\/\/blogg.svenskakyrkan.se\/vandravagen\/2020\/02\/08\/onesiphorus-och-de-stulna-ljusen\/#primaryimage"},"thumbnailUrl":"https:\/\/blogg.svenskakyrkan.se\/vandravagen\/files\/2019\/11\/IMG_2142.jpg","datePublished":"2020-02-08T06:00:00+00:00","breadcrumb":{"@id":"https:\/\/blogg.svenskakyrkan.se\/vandravagen\/2020\/02\/08\/onesiphorus-och-de-stulna-ljusen\/#breadcrumb"},"inLanguage":"sv-SE","potentialAction":[{"@type":"ReadAction","target":["https:\/\/blogg.svenskakyrkan.se\/vandravagen\/2020\/02\/08\/onesiphorus-och-de-stulna-ljusen\/"]}]},{"@type":"ImageObject","inLanguage":"sv-SE","@id":"https:\/\/blogg.svenskakyrkan.se\/vandravagen\/2020\/02\/08\/onesiphorus-och-de-stulna-ljusen\/#primaryimage","url":"https:\/\/blogg.svenskakyrkan.se\/vandravagen\/files\/2019\/11\/IMG_2142.jpg","contentUrl":"https:\/\/blogg.svenskakyrkan.se\/vandravagen\/files\/2019\/11\/IMG_2142.jpg","width":750,"height":933,"caption":"Den helige Demetrios. Full av n\u00e5d och vishet men ocks\u00e5 skarp."},{"@type":"BreadcrumbList","@id":"https:\/\/blogg.svenskakyrkan.se\/vandravagen\/2020\/02\/08\/onesiphorus-och-de-stulna-ljusen\/#breadcrumb","itemListElement":[{"@type":"ListItem","position":1,"name":"Hem","item":"https:\/\/blogg.svenskakyrkan.se\/vandravagen\/"},{"@type":"ListItem","position":2,"name":"Onesiphorus och de stulna ljusen"}]},{"@type":"WebSite","@id":"https:\/\/blogg.svenskakyrkan.se\/vandravagen\/#website","url":"https:\/\/blogg.svenskakyrkan.se\/vandravagen\/","name":"Vandra V\u00e4gen","description":"-Mot en tro f\u00f6r hela livet","publisher":{"@id":"https:\/\/blogg.svenskakyrkan.se\/vandravagen\/#organization"},"potentialAction":[{"@type":"SearchAction","target":{"@type":"EntryPoint","urlTemplate":"https:\/\/blogg.svenskakyrkan.se\/vandravagen\/?s={search_term_string}"},"query-input":{"@type":"PropertyValueSpecification","valueRequired":true,"valueName":"search_term_string"}}],"inLanguage":"sv-SE"},{"@type":"Organization","@id":"https:\/\/blogg.svenskakyrkan.se\/vandravagen\/#organization","name":"ulricehamns pastorat","alternateName":"ulricehamns pastorat","url":"https:\/\/blogg.svenskakyrkan.se\/vandravagen\/","logo":{"@type":"ImageObject","inLanguage":"sv-SE","@id":"https:\/\/blogg.svenskakyrkan.se\/vandravagen\/#\/schema\/logo\/image\/","url":"https:\/\/blogg.svenskakyrkan.se\/vandravagen\/files\/2023\/05\/Ulr_logo_RGB.png","contentUrl":"https:\/\/blogg.svenskakyrkan.se\/vandravagen\/files\/2023\/05\/Ulr_logo_RGB.png","width":205,"height":77,"caption":"ulricehamns pastorat"},"image":{"@id":"https:\/\/blogg.svenskakyrkan.se\/vandravagen\/#\/schema\/logo\/image\/"},"sameAs":["http:\/\/facebook.com\/vandravagen","https:\/\/x.com\/fadertomas","http:\/\/www.facebook.com\/svenskakyrkaniulricehamn"]},{"@type":"Person","@id":"https:\/\/blogg.svenskakyrkan.se\/vandravagen\/#\/schema\/person\/25da02d4f76b137d04291711e2c9fc16","name":"Tomas Jarvid","image":{"@type":"ImageObject","inLanguage":"sv-SE","@id":"https:\/\/blogg.svenskakyrkan.se\/vandravagen\/#\/schema\/person\/image\/","url":"https:\/\/secure.gravatar.com\/avatar\/7fa71899795e8f540f615a1f5ab25255dc27aa40f05ee7ddd21aac521e01bf50?s=96&d=identicon&r=g","contentUrl":"https:\/\/secure.gravatar.com\/avatar\/7fa71899795e8f540f615a1f5ab25255dc27aa40f05ee7ddd21aac521e01bf50?s=96&d=identicon&r=g","caption":"Tomas Jarvid"},"description":"Jag bor i Ulricehamn i V\u00e4sterg\u00f6tland och \u00e4r f\u00f6rsamlingspr\u00e4st i Svenska Kyrkan f\u00f6r Dalstorps f\u00f6rsamling i Kinds pastorat. P\u00e5 den h\u00e4r bloggen skriver jag ner tankar om vandringen som kristen.","sameAs":["http:\/\/www.vandravagen.se"],"url":"https:\/\/blogg.svenskakyrkan.se\/vandravagen\/author\/vandravagen\/"}]}},"author_meta":{"ID":"392","user_nicename":"vandravagen","user_url":"http:\/\/www.vandravagen.se","user_registered":"2014-05-19 05:44:52","display_name":"Tomas Jarvid","first_name":"Tomas","last_name":"Jarvid","avatar":"https:\/\/secure.gravatar.com\/avatar\/7fa71899795e8f540f615a1f5ab25255dc27aa40f05ee7ddd21aac521e01bf50?s=96&d=identicon&r=g"},"featured_image":["https:\/\/blogg.svenskakyrkan.se\/vandravagen\/files\/2019\/11\/IMG_2142.jpg",750,933,false],"bloginfo":{"name":"Vandra V\u00e4gen","url":"https:\/\/blogg.svenskakyrkan.se\/vandravagen"},"_links":{"self":[{"href":"https:\/\/blogg.svenskakyrkan.se\/vandravagen\/wp-json\/wp\/v2\/posts\/7480","targetHints":{"allow":["GET"]}}],"collection":[{"href":"https:\/\/blogg.svenskakyrkan.se\/vandravagen\/wp-json\/wp\/v2\/posts"}],"about":[{"href":"https:\/\/blogg.svenskakyrkan.se\/vandravagen\/wp-json\/wp\/v2\/types\/post"}],"author":[{"embeddable":true,"href":"https:\/\/blogg.svenskakyrkan.se\/vandravagen\/wp-json\/wp\/v2\/users\/392"}],"replies":[{"embeddable":true,"href":"https:\/\/blogg.svenskakyrkan.se\/vandravagen\/wp-json\/wp\/v2\/comments?post=7480"}],"version-history":[{"count":4,"href":"https:\/\/blogg.svenskakyrkan.se\/vandravagen\/wp-json\/wp\/v2\/posts\/7480\/revisions"}],"predecessor-version":[{"id":7619,"href":"https:\/\/blogg.svenskakyrkan.se\/vandravagen\/wp-json\/wp\/v2\/posts\/7480\/revisions\/7619"}],"wp:featuredmedia":[{"embeddable":true,"href":"https:\/\/blogg.svenskakyrkan.se\/vandravagen\/wp-json\/wp\/v2\/media\/7482"}],"wp:attachment":[{"href":"https:\/\/blogg.svenskakyrkan.se\/vandravagen\/wp-json\/wp\/v2\/media?parent=7480"}],"wp:term":[{"taxonomy":"category","embeddable":true,"href":"https:\/\/blogg.svenskakyrkan.se\/vandravagen\/wp-json\/wp\/v2\/categories?post=7480"},{"taxonomy":"post_tag","embeddable":true,"href":"https:\/\/blogg.svenskakyrkan.se\/vandravagen\/wp-json\/wp\/v2\/tags?post=7480"}],"curies":[{"name":"wp","href":"https:\/\/api.w.org\/{rel}","templated":true}]}}