{"id":749,"date":"2013-01-24T14:49:00","date_gmt":"2013-01-24T13:49:00","guid":{"rendered":"http:\/\/blogg.svenskakyrkan.se\/vandravagen\/2013\/01\/24\/de-ryska-fangarnas-fotter\/"},"modified":"2013-01-24T14:49:00","modified_gmt":"2013-01-24T13:49:00","slug":"de-ryska-fangarnas-fotter","status":"publish","type":"post","link":"https:\/\/blogg.svenskakyrkan.se\/vandravagen\/2013\/01\/24\/de-ryska-fangarnas-fotter\/","title":{"rendered":"De ryska f\u00e5ngarnas f\u00f6tter"},"content":{"rendered":"<table align=\"center\" cellpadding=\"0\" cellspacing=\"0\">\n<tbody>\n<tr>\n<td><a href=\"http:\/\/1.bp.blogspot.com\/-5oA5IR10vYc\/UP7KqhqUOLI\/AAAAAAAAB3s\/nLk6TLopGvk\/s1600\/ljus2.jpg\"><img loading=\"lazy\" decoding=\"async\" border=\"0\" height=\"640\" src=\"http:\/\/1.bp.blogspot.com\/-5oA5IR10vYc\/UP7KqhqUOLI\/AAAAAAAAB3s\/nLk6TLopGvk\/s640\/ljus2.jpg\" width=\"566\"><\/a><\/td>\n<\/tr>\n<tr>\n<td>Foto: ljus i \u00f6ster<\/td>\n<\/tr>\n<\/tbody>\n<\/table>\n<div><\/div>\n<div>I v\u00e5ras prydde den h\u00e4r bilden omslaget till ljus i \u00f6sters tidning. Visst \u00e4r den stark? En gammal man som tv\u00e4ttar f\u00f6tterna p\u00e5 f\u00e5ngar i ett otroligt tufft ryskt f\u00e4ngelse. L\u00e4ser man i tidningen visar det sig att mannen som tv\u00e4ttar sj\u00e4lv \u00e4r en f.d kriminell som nu \u00e4r kristen och bes\u00f6ker f\u00e5ngarna f\u00f6r att ge dem hopp och ber\u00e4tta om Guds n\u00e5d f\u00f6r dem. I gudstj\u00e4nsterna delar han br\u00f6det med dem och tv\u00e4ttar, som M\u00e4staren f\u00f6re honom, deras f\u00f6tter. En stark k\u00e4rlekshandling i ett sammanhang helt utan n\u00e5d.<\/div>\n<div><\/div>\n<div>Jag kommer b\u00e4ra med mig den h\u00e4r bilden ett bra tag f\u00f6r jag tror den s\u00e4ger n\u00e5got v\u00e4sentligt om Kyrkans uppdrag. Den som m\u00f6tt Guds n\u00e5d har att sj\u00e4lv visa p\u00e5 den f\u00f6r andra. Ofta blir det bara ord och fromma tankar men f\u00f6r mannen p\u00e5 bilden \u00e4r det inte s\u00e5! L\u00e5t oss utmanas av honom!<\/div><\/p>\n","protected":false},"excerpt":{"rendered":"<p>Foto: ljus i \u00f6ster I v\u00e5ras prydde den h\u00e4r bilden omslaget till ljus i \u00f6sters tidning. Visst \u00e4r den stark? En gammal man som tv\u00e4ttar f\u00f6tterna p\u00e5 f\u00e5ngar i ett otroligt tufft ryskt f\u00e4ngelse. L\u00e4ser man i tidningen visar det sig att mannen som tv\u00e4ttar sj\u00e4lv \u00e4r en f.d kriminell som nu \u00e4r kristen och [&hellip;]<\/p>\n","protected":false},"author":392,"featured_media":0,"comment_status":"open","ping_status":"open","sticky":false,"template":"","format":"standard","meta":{"_acf_changed":false,"footnotes":""},"categories":[56,33574,78265],"tags":[],"class_list":["post-749","post","type-post","status-publish","format-standard","hentry","category-bilder","category-kyrkan","category-motkultur"],"acf":[],"yoast_head":"<!-- This site is optimized with the Yoast SEO plugin v27.1.1 - https:\/\/yoast.com\/product\/yoast-seo-wordpress\/ -->\n<title>De ryska f\u00e5ngarnas f\u00f6tter - Vandra V\u00e4gen<\/title>\n<meta name=\"robots\" content=\"index, follow, max-snippet:-1, max-image-preview:large, max-video-preview:-1\" \/>\n<link rel=\"canonical\" href=\"https:\/\/blogg.svenskakyrkan.se\/vandravagen\/2013\/01\/24\/de-ryska-fangarnas-fotter\/\" \/>\n<meta property=\"og:locale\" content=\"sv_SE\" \/>\n<meta property=\"og:type\" content=\"article\" \/>\n<meta property=\"og:title\" content=\"De ryska f\u00e5ngarnas f\u00f6tter - Vandra V\u00e4gen\" \/>\n<meta property=\"og:description\" content=\"Foto: ljus i \u00f6ster I v\u00e5ras prydde den h\u00e4r bilden omslaget till ljus i \u00f6sters tidning. Visst \u00e4r den stark? En gammal man som tv\u00e4ttar f\u00f6tterna p\u00e5 f\u00e5ngar i ett otroligt tufft ryskt f\u00e4ngelse. L\u00e4ser man i tidningen visar det sig att mannen som tv\u00e4ttar sj\u00e4lv \u00e4r en f.d kriminell som nu \u00e4r kristen och [&hellip;]\" \/>\n<meta property=\"og:url\" content=\"https:\/\/blogg.svenskakyrkan.se\/vandravagen\/2013\/01\/24\/de-ryska-fangarnas-fotter\/\" \/>\n<meta property=\"og:site_name\" content=\"Vandra V\u00e4gen\" \/>\n<meta property=\"article:publisher\" content=\"http:\/\/facebook.com\/vandravagen\" \/>\n<meta property=\"article:published_time\" content=\"2013-01-24T13:49:00+00:00\" \/>\n<meta property=\"og:image\" content=\"http:\/\/1.bp.blogspot.com\/-5oA5IR10vYc\/UP7KqhqUOLI\/AAAAAAAAB3s\/nLk6TLopGvk\/s640\/ljus2.jpg\" \/>\n<meta name=\"author\" content=\"Tomas Jarvid\" \/>\n<meta name=\"twitter:card\" content=\"summary_large_image\" \/>\n<meta name=\"twitter:creator\" content=\"@fadertomas\" \/>\n<meta name=\"twitter:site\" content=\"@fadertomas\" \/>\n<meta name=\"twitter:label1\" content=\"Skriven av\" \/>\n\t<meta name=\"twitter:data1\" content=\"Tomas Jarvid\" \/>\n\t<meta name=\"twitter:label2\" content=\"Ber\u00e4knad l\u00e4stid\" \/>\n\t<meta name=\"twitter:data2\" content=\"1 minut\" \/>\n<script type=\"application\/ld+json\" class=\"yoast-schema-graph\">{\"@context\":\"https:\/\/schema.org\",\"@graph\":[{\"@type\":\"Article\",\"@id\":\"https:\/\/blogg.svenskakyrkan.se\/vandravagen\/2013\/01\/24\/de-ryska-fangarnas-fotter\/#article\",\"isPartOf\":{\"@id\":\"https:\/\/blogg.svenskakyrkan.se\/vandravagen\/2013\/01\/24\/de-ryska-fangarnas-fotter\/\"},\"author\":{\"name\":\"Tomas Jarvid\",\"@id\":\"https:\/\/blogg.svenskakyrkan.se\/vandravagen\/#\/schema\/person\/25da02d4f76b137d04291711e2c9fc16\"},\"headline\":\"De ryska f\u00e5ngarnas f\u00f6tter\",\"datePublished\":\"2013-01-24T13:49:00+00:00\",\"mainEntityOfPage\":{\"@id\":\"https:\/\/blogg.svenskakyrkan.se\/vandravagen\/2013\/01\/24\/de-ryska-fangarnas-fotter\/\"},\"wordCount\":191,\"commentCount\":1,\"publisher\":{\"@id\":\"https:\/\/blogg.svenskakyrkan.se\/vandravagen\/#organization\"},\"image\":{\"@id\":\"https:\/\/blogg.svenskakyrkan.se\/vandravagen\/2013\/01\/24\/de-ryska-fangarnas-fotter\/#primaryimage\"},\"thumbnailUrl\":\"http:\/\/1.bp.blogspot.com\/-5oA5IR10vYc\/UP7KqhqUOLI\/AAAAAAAAB3s\/nLk6TLopGvk\/s640\/ljus2.jpg\",\"articleSection\":[\"bilder\",\"kyrkan\",\"motkultur\"],\"inLanguage\":\"sv-SE\",\"potentialAction\":[{\"@type\":\"CommentAction\",\"name\":\"Comment\",\"target\":[\"https:\/\/blogg.svenskakyrkan.se\/vandravagen\/2013\/01\/24\/de-ryska-fangarnas-fotter\/#respond\"]}]},{\"@type\":\"WebPage\",\"@id\":\"https:\/\/blogg.svenskakyrkan.se\/vandravagen\/2013\/01\/24\/de-ryska-fangarnas-fotter\/\",\"url\":\"https:\/\/blogg.svenskakyrkan.se\/vandravagen\/2013\/01\/24\/de-ryska-fangarnas-fotter\/\",\"name\":\"De ryska f\u00e5ngarnas f\u00f6tter - Vandra V\u00e4gen\",\"isPartOf\":{\"@id\":\"https:\/\/blogg.svenskakyrkan.se\/vandravagen\/#website\"},\"primaryImageOfPage\":{\"@id\":\"https:\/\/blogg.svenskakyrkan.se\/vandravagen\/2013\/01\/24\/de-ryska-fangarnas-fotter\/#primaryimage\"},\"image\":{\"@id\":\"https:\/\/blogg.svenskakyrkan.se\/vandravagen\/2013\/01\/24\/de-ryska-fangarnas-fotter\/#primaryimage\"},\"thumbnailUrl\":\"http:\/\/1.bp.blogspot.com\/-5oA5IR10vYc\/UP7KqhqUOLI\/AAAAAAAAB3s\/nLk6TLopGvk\/s640\/ljus2.jpg\",\"datePublished\":\"2013-01-24T13:49:00+00:00\",\"breadcrumb\":{\"@id\":\"https:\/\/blogg.svenskakyrkan.se\/vandravagen\/2013\/01\/24\/de-ryska-fangarnas-fotter\/#breadcrumb\"},\"inLanguage\":\"sv-SE\",\"potentialAction\":[{\"@type\":\"ReadAction\",\"target\":[\"https:\/\/blogg.svenskakyrkan.se\/vandravagen\/2013\/01\/24\/de-ryska-fangarnas-fotter\/\"]}]},{\"@type\":\"ImageObject\",\"inLanguage\":\"sv-SE\",\"@id\":\"https:\/\/blogg.svenskakyrkan.se\/vandravagen\/2013\/01\/24\/de-ryska-fangarnas-fotter\/#primaryimage\",\"url\":\"http:\/\/1.bp.blogspot.com\/-5oA5IR10vYc\/UP7KqhqUOLI\/AAAAAAAAB3s\/nLk6TLopGvk\/s640\/ljus2.jpg\",\"contentUrl\":\"http:\/\/1.bp.blogspot.com\/-5oA5IR10vYc\/UP7KqhqUOLI\/AAAAAAAAB3s\/nLk6TLopGvk\/s640\/ljus2.jpg\"},{\"@type\":\"BreadcrumbList\",\"@id\":\"https:\/\/blogg.svenskakyrkan.se\/vandravagen\/2013\/01\/24\/de-ryska-fangarnas-fotter\/#breadcrumb\",\"itemListElement\":[{\"@type\":\"ListItem\",\"position\":1,\"name\":\"Hem\",\"item\":\"https:\/\/blogg.svenskakyrkan.se\/vandravagen\/\"},{\"@type\":\"ListItem\",\"position\":2,\"name\":\"De ryska f\u00e5ngarnas f\u00f6tter\"}]},{\"@type\":\"WebSite\",\"@id\":\"https:\/\/blogg.svenskakyrkan.se\/vandravagen\/#website\",\"url\":\"https:\/\/blogg.svenskakyrkan.se\/vandravagen\/\",\"name\":\"Vandra V\u00e4gen\",\"description\":\"-Mot en tro f\u00f6r hela livet\",\"publisher\":{\"@id\":\"https:\/\/blogg.svenskakyrkan.se\/vandravagen\/#organization\"},\"potentialAction\":[{\"@type\":\"SearchAction\",\"target\":{\"@type\":\"EntryPoint\",\"urlTemplate\":\"https:\/\/blogg.svenskakyrkan.se\/vandravagen\/?s={search_term_string}\"},\"query-input\":{\"@type\":\"PropertyValueSpecification\",\"valueRequired\":true,\"valueName\":\"search_term_string\"}}],\"inLanguage\":\"sv-SE\"},{\"@type\":\"Organization\",\"@id\":\"https:\/\/blogg.svenskakyrkan.se\/vandravagen\/#organization\",\"name\":\"ulricehamns pastorat\",\"alternateName\":\"ulricehamns pastorat\",\"url\":\"https:\/\/blogg.svenskakyrkan.se\/vandravagen\/\",\"logo\":{\"@type\":\"ImageObject\",\"inLanguage\":\"sv-SE\",\"@id\":\"https:\/\/blogg.svenskakyrkan.se\/vandravagen\/#\/schema\/logo\/image\/\",\"url\":\"https:\/\/blogg.svenskakyrkan.se\/vandravagen\/files\/2023\/05\/Ulr_logo_RGB.png\",\"contentUrl\":\"https:\/\/blogg.svenskakyrkan.se\/vandravagen\/files\/2023\/05\/Ulr_logo_RGB.png\",\"width\":205,\"height\":77,\"caption\":\"ulricehamns pastorat\"},\"image\":{\"@id\":\"https:\/\/blogg.svenskakyrkan.se\/vandravagen\/#\/schema\/logo\/image\/\"},\"sameAs\":[\"http:\/\/facebook.com\/vandravagen\",\"https:\/\/x.com\/fadertomas\",\"http:\/\/www.facebook.com\/svenskakyrkaniulricehamn\"]},{\"@type\":\"Person\",\"@id\":\"https:\/\/blogg.svenskakyrkan.se\/vandravagen\/#\/schema\/person\/25da02d4f76b137d04291711e2c9fc16\",\"name\":\"Tomas Jarvid\",\"image\":{\"@type\":\"ImageObject\",\"inLanguage\":\"sv-SE\",\"@id\":\"https:\/\/blogg.svenskakyrkan.se\/vandravagen\/#\/schema\/person\/image\/\",\"url\":\"https:\/\/secure.gravatar.com\/avatar\/7fa71899795e8f540f615a1f5ab25255dc27aa40f05ee7ddd21aac521e01bf50?s=96&d=identicon&r=g\",\"contentUrl\":\"https:\/\/secure.gravatar.com\/avatar\/7fa71899795e8f540f615a1f5ab25255dc27aa40f05ee7ddd21aac521e01bf50?s=96&d=identicon&r=g\",\"caption\":\"Tomas Jarvid\"},\"description\":\"Jag bor i Ulricehamn i V\u00e4sterg\u00f6tland och \u00e4r f\u00f6rsamlingspr\u00e4st i Svenska Kyrkan f\u00f6r Dalstorps f\u00f6rsamling i Kinds pastorat. P\u00e5 den h\u00e4r bloggen skriver jag ner tankar om vandringen som kristen.\",\"sameAs\":[\"http:\/\/www.vandravagen.se\"],\"url\":\"https:\/\/blogg.svenskakyrkan.se\/vandravagen\/author\/vandravagen\/\"}]}<\/script>\n<!-- \/ Yoast SEO plugin. -->","yoast_head_json":{"title":"De ryska f\u00e5ngarnas f\u00f6tter - Vandra V\u00e4gen","robots":{"index":"index","follow":"follow","max-snippet":"max-snippet:-1","max-image-preview":"max-image-preview:large","max-video-preview":"max-video-preview:-1"},"canonical":"https:\/\/blogg.svenskakyrkan.se\/vandravagen\/2013\/01\/24\/de-ryska-fangarnas-fotter\/","og_locale":"sv_SE","og_type":"article","og_title":"De ryska f\u00e5ngarnas f\u00f6tter - Vandra V\u00e4gen","og_description":"Foto: ljus i \u00f6ster I v\u00e5ras prydde den h\u00e4r bilden omslaget till ljus i \u00f6sters tidning. Visst \u00e4r den stark? En gammal man som tv\u00e4ttar f\u00f6tterna p\u00e5 f\u00e5ngar i ett otroligt tufft ryskt f\u00e4ngelse. L\u00e4ser man i tidningen visar det sig att mannen som tv\u00e4ttar sj\u00e4lv \u00e4r en f.d kriminell som nu \u00e4r kristen och [&hellip;]","og_url":"https:\/\/blogg.svenskakyrkan.se\/vandravagen\/2013\/01\/24\/de-ryska-fangarnas-fotter\/","og_site_name":"Vandra V\u00e4gen","article_publisher":"http:\/\/facebook.com\/vandravagen","article_published_time":"2013-01-24T13:49:00+00:00","og_image":[{"url":"http:\/\/1.bp.blogspot.com\/-5oA5IR10vYc\/UP7KqhqUOLI\/AAAAAAAAB3s\/nLk6TLopGvk\/s640\/ljus2.jpg","type":"","width":"","height":""}],"author":"Tomas Jarvid","twitter_card":"summary_large_image","twitter_creator":"@fadertomas","twitter_site":"@fadertomas","twitter_misc":{"Skriven av":"Tomas Jarvid","Ber\u00e4knad l\u00e4stid":"1 minut"},"schema":{"@context":"https:\/\/schema.org","@graph":[{"@type":"Article","@id":"https:\/\/blogg.svenskakyrkan.se\/vandravagen\/2013\/01\/24\/de-ryska-fangarnas-fotter\/#article","isPartOf":{"@id":"https:\/\/blogg.svenskakyrkan.se\/vandravagen\/2013\/01\/24\/de-ryska-fangarnas-fotter\/"},"author":{"name":"Tomas Jarvid","@id":"https:\/\/blogg.svenskakyrkan.se\/vandravagen\/#\/schema\/person\/25da02d4f76b137d04291711e2c9fc16"},"headline":"De ryska f\u00e5ngarnas f\u00f6tter","datePublished":"2013-01-24T13:49:00+00:00","mainEntityOfPage":{"@id":"https:\/\/blogg.svenskakyrkan.se\/vandravagen\/2013\/01\/24\/de-ryska-fangarnas-fotter\/"},"wordCount":191,"commentCount":1,"publisher":{"@id":"https:\/\/blogg.svenskakyrkan.se\/vandravagen\/#organization"},"image":{"@id":"https:\/\/blogg.svenskakyrkan.se\/vandravagen\/2013\/01\/24\/de-ryska-fangarnas-fotter\/#primaryimage"},"thumbnailUrl":"http:\/\/1.bp.blogspot.com\/-5oA5IR10vYc\/UP7KqhqUOLI\/AAAAAAAAB3s\/nLk6TLopGvk\/s640\/ljus2.jpg","articleSection":["bilder","kyrkan","motkultur"],"inLanguage":"sv-SE","potentialAction":[{"@type":"CommentAction","name":"Comment","target":["https:\/\/blogg.svenskakyrkan.se\/vandravagen\/2013\/01\/24\/de-ryska-fangarnas-fotter\/#respond"]}]},{"@type":"WebPage","@id":"https:\/\/blogg.svenskakyrkan.se\/vandravagen\/2013\/01\/24\/de-ryska-fangarnas-fotter\/","url":"https:\/\/blogg.svenskakyrkan.se\/vandravagen\/2013\/01\/24\/de-ryska-fangarnas-fotter\/","name":"De ryska f\u00e5ngarnas f\u00f6tter - Vandra V\u00e4gen","isPartOf":{"@id":"https:\/\/blogg.svenskakyrkan.se\/vandravagen\/#website"},"primaryImageOfPage":{"@id":"https:\/\/blogg.svenskakyrkan.se\/vandravagen\/2013\/01\/24\/de-ryska-fangarnas-fotter\/#primaryimage"},"image":{"@id":"https:\/\/blogg.svenskakyrkan.se\/vandravagen\/2013\/01\/24\/de-ryska-fangarnas-fotter\/#primaryimage"},"thumbnailUrl":"http:\/\/1.bp.blogspot.com\/-5oA5IR10vYc\/UP7KqhqUOLI\/AAAAAAAAB3s\/nLk6TLopGvk\/s640\/ljus2.jpg","datePublished":"2013-01-24T13:49:00+00:00","breadcrumb":{"@id":"https:\/\/blogg.svenskakyrkan.se\/vandravagen\/2013\/01\/24\/de-ryska-fangarnas-fotter\/#breadcrumb"},"inLanguage":"sv-SE","potentialAction":[{"@type":"ReadAction","target":["https:\/\/blogg.svenskakyrkan.se\/vandravagen\/2013\/01\/24\/de-ryska-fangarnas-fotter\/"]}]},{"@type":"ImageObject","inLanguage":"sv-SE","@id":"https:\/\/blogg.svenskakyrkan.se\/vandravagen\/2013\/01\/24\/de-ryska-fangarnas-fotter\/#primaryimage","url":"http:\/\/1.bp.blogspot.com\/-5oA5IR10vYc\/UP7KqhqUOLI\/AAAAAAAAB3s\/nLk6TLopGvk\/s640\/ljus2.jpg","contentUrl":"http:\/\/1.bp.blogspot.com\/-5oA5IR10vYc\/UP7KqhqUOLI\/AAAAAAAAB3s\/nLk6TLopGvk\/s640\/ljus2.jpg"},{"@type":"BreadcrumbList","@id":"https:\/\/blogg.svenskakyrkan.se\/vandravagen\/2013\/01\/24\/de-ryska-fangarnas-fotter\/#breadcrumb","itemListElement":[{"@type":"ListItem","position":1,"name":"Hem","item":"https:\/\/blogg.svenskakyrkan.se\/vandravagen\/"},{"@type":"ListItem","position":2,"name":"De ryska f\u00e5ngarnas f\u00f6tter"}]},{"@type":"WebSite","@id":"https:\/\/blogg.svenskakyrkan.se\/vandravagen\/#website","url":"https:\/\/blogg.svenskakyrkan.se\/vandravagen\/","name":"Vandra V\u00e4gen","description":"-Mot en tro f\u00f6r hela livet","publisher":{"@id":"https:\/\/blogg.svenskakyrkan.se\/vandravagen\/#organization"},"potentialAction":[{"@type":"SearchAction","target":{"@type":"EntryPoint","urlTemplate":"https:\/\/blogg.svenskakyrkan.se\/vandravagen\/?s={search_term_string}"},"query-input":{"@type":"PropertyValueSpecification","valueRequired":true,"valueName":"search_term_string"}}],"inLanguage":"sv-SE"},{"@type":"Organization","@id":"https:\/\/blogg.svenskakyrkan.se\/vandravagen\/#organization","name":"ulricehamns pastorat","alternateName":"ulricehamns pastorat","url":"https:\/\/blogg.svenskakyrkan.se\/vandravagen\/","logo":{"@type":"ImageObject","inLanguage":"sv-SE","@id":"https:\/\/blogg.svenskakyrkan.se\/vandravagen\/#\/schema\/logo\/image\/","url":"https:\/\/blogg.svenskakyrkan.se\/vandravagen\/files\/2023\/05\/Ulr_logo_RGB.png","contentUrl":"https:\/\/blogg.svenskakyrkan.se\/vandravagen\/files\/2023\/05\/Ulr_logo_RGB.png","width":205,"height":77,"caption":"ulricehamns pastorat"},"image":{"@id":"https:\/\/blogg.svenskakyrkan.se\/vandravagen\/#\/schema\/logo\/image\/"},"sameAs":["http:\/\/facebook.com\/vandravagen","https:\/\/x.com\/fadertomas","http:\/\/www.facebook.com\/svenskakyrkaniulricehamn"]},{"@type":"Person","@id":"https:\/\/blogg.svenskakyrkan.se\/vandravagen\/#\/schema\/person\/25da02d4f76b137d04291711e2c9fc16","name":"Tomas Jarvid","image":{"@type":"ImageObject","inLanguage":"sv-SE","@id":"https:\/\/blogg.svenskakyrkan.se\/vandravagen\/#\/schema\/person\/image\/","url":"https:\/\/secure.gravatar.com\/avatar\/7fa71899795e8f540f615a1f5ab25255dc27aa40f05ee7ddd21aac521e01bf50?s=96&d=identicon&r=g","contentUrl":"https:\/\/secure.gravatar.com\/avatar\/7fa71899795e8f540f615a1f5ab25255dc27aa40f05ee7ddd21aac521e01bf50?s=96&d=identicon&r=g","caption":"Tomas Jarvid"},"description":"Jag bor i Ulricehamn i V\u00e4sterg\u00f6tland och \u00e4r f\u00f6rsamlingspr\u00e4st i Svenska Kyrkan f\u00f6r Dalstorps f\u00f6rsamling i Kinds pastorat. P\u00e5 den h\u00e4r bloggen skriver jag ner tankar om vandringen som kristen.","sameAs":["http:\/\/www.vandravagen.se"],"url":"https:\/\/blogg.svenskakyrkan.se\/vandravagen\/author\/vandravagen\/"}]}},"author_meta":{"ID":"392","user_nicename":"vandravagen","user_url":"http:\/\/www.vandravagen.se","user_registered":"2014-05-19 05:44:52","display_name":"Tomas Jarvid","first_name":"Tomas","last_name":"Jarvid","avatar":"https:\/\/secure.gravatar.com\/avatar\/7fa71899795e8f540f615a1f5ab25255dc27aa40f05ee7ddd21aac521e01bf50?s=96&d=identicon&r=g"},"featured_image":false,"bloginfo":{"name":"Vandra V\u00e4gen","url":"https:\/\/blogg.svenskakyrkan.se\/vandravagen"},"_links":{"self":[{"href":"https:\/\/blogg.svenskakyrkan.se\/vandravagen\/wp-json\/wp\/v2\/posts\/749","targetHints":{"allow":["GET"]}}],"collection":[{"href":"https:\/\/blogg.svenskakyrkan.se\/vandravagen\/wp-json\/wp\/v2\/posts"}],"about":[{"href":"https:\/\/blogg.svenskakyrkan.se\/vandravagen\/wp-json\/wp\/v2\/types\/post"}],"author":[{"embeddable":true,"href":"https:\/\/blogg.svenskakyrkan.se\/vandravagen\/wp-json\/wp\/v2\/users\/392"}],"replies":[{"embeddable":true,"href":"https:\/\/blogg.svenskakyrkan.se\/vandravagen\/wp-json\/wp\/v2\/comments?post=749"}],"version-history":[{"count":0,"href":"https:\/\/blogg.svenskakyrkan.se\/vandravagen\/wp-json\/wp\/v2\/posts\/749\/revisions"}],"wp:attachment":[{"href":"https:\/\/blogg.svenskakyrkan.se\/vandravagen\/wp-json\/wp\/v2\/media?parent=749"}],"wp:term":[{"taxonomy":"category","embeddable":true,"href":"https:\/\/blogg.svenskakyrkan.se\/vandravagen\/wp-json\/wp\/v2\/categories?post=749"},{"taxonomy":"post_tag","embeddable":true,"href":"https:\/\/blogg.svenskakyrkan.se\/vandravagen\/wp-json\/wp\/v2\/tags?post=749"}],"curies":[{"name":"wp","href":"https:\/\/api.w.org\/{rel}","templated":true}]}}