{"id":750,"date":"2013-01-23T10:27:00","date_gmt":"2013-01-23T09:27:00","guid":{"rendered":"http:\/\/blogg.svenskakyrkan.se\/vandravagen\/2013\/01\/23\/ake-bonnier-som-gudgubbe\/"},"modified":"2013-01-23T10:27:00","modified_gmt":"2013-01-23T09:27:00","slug":"ake-bonnier-som-gudgubbe","status":"publish","type":"post","link":"https:\/\/blogg.svenskakyrkan.se\/vandravagen\/2013\/01\/23\/ake-bonnier-som-gudgubbe\/","title":{"rendered":"\u00c5ke Bonnier som Gudgubbe!"},"content":{"rendered":"<table align=\"center\" cellpadding=\"0\" cellspacing=\"0\">\n<tbody>\n<tr>\n<td><a href=\"http:\/\/1.bp.blogspot.com\/-uA8xXR9DDsE\/UK5hdKTRVzI\/AAAAAAAABHE\/2YE_nCqf0UQ\/s1600\/1249791392W7kS9s.jpg\"><img loading=\"lazy\" decoding=\"async\" border=\"0\" height=\"315\" src=\"http:\/\/1.bp.blogspot.com\/-uA8xXR9DDsE\/UK5hdKTRVzI\/AAAAAAAABHE\/2YE_nCqf0UQ\/s320\/1249791392W7kS9s.jpg\" width=\"320\"><\/a><\/td>\n<\/tr>\n<tr>\n<td>Jod\u00e5, vi har tr\u00e4ffats&#8230;<\/td>\n<\/tr>\n<\/tbody>\n<\/table>\n<p>Jag har tidigare n\u00e4mnt podcasten &#8221;Gudgubbar&#8221; av Andreas Ekstr\u00f6m och Emanuel Karlsten. nu har Skaras nya biskop \u00c5ke Bonnier (<a href=\"http:\/\/vagenixp.blogspot.se\/2012\/11\/jag-har-mott-biskop-ake-bonnier.html\">som jag skrivit om tidigare<\/a>) g\u00e4stat programmet. Temat \u00e4r Gud och Mammon, eftersom \u00c5ke ju trots allt \u00e4r en Bonnier vilket v\u00e4cker en del nyfikenhet hos m\u00e5nga.<\/p>\n<p>F\u00f6r alla som \u00e4r nyfikna p\u00e5 det d\u00e4r med Mammon, eller p\u00e5 \u00c5ke (han talar r\u00e4tt mycket personligt vilket \u00e4r intressant) s\u00e5 rekommenderar jag en lyssning. Finns <a href=\"http:\/\/feeds.feedburner.com\/gudgubbar\">via iTunes h\u00e4r<\/a> eller <a href=\"https:\/\/soundcloud.com\/emanuelkarlsten\">via soundcloud h\u00e4r<\/a>.<\/p>\n<p>Skriv sedan g\u00e4rna en rad nedan med tankar som v\u00e4ckts av programmet.<\/p><\/p>\n","protected":false},"excerpt":{"rendered":"<p>Jod\u00e5, vi har tr\u00e4ffats&#8230; Jag har tidigare n\u00e4mnt podcasten &#8221;Gudgubbar&#8221; av Andreas Ekstr\u00f6m och Emanuel Karlsten. nu har Skaras nya biskop \u00c5ke Bonnier (som jag skrivit om tidigare) g\u00e4stat programmet. Temat \u00e4r Gud och Mammon, eftersom \u00c5ke ju trots allt \u00e4r en Bonnier vilket v\u00e4cker en del nyfikenhet hos m\u00e5nga. F\u00f6r alla som \u00e4r nyfikna [&hellip;]<\/p>\n","protected":false},"author":392,"featured_media":0,"comment_status":"open","ping_status":"open","sticky":false,"template":"","format":"standard","meta":{"_acf_changed":false,"footnotes":""},"categories":[79388],"tags":[],"class_list":["post-750","post","type-post","status-publish","format-standard","hentry","category-podcast"],"acf":[],"yoast_head":"<!-- This site is optimized with the Yoast SEO plugin v27.1.1 - https:\/\/yoast.com\/product\/yoast-seo-wordpress\/ -->\n<title>\u00c5ke Bonnier som Gudgubbe! - Vandra V\u00e4gen<\/title>\n<meta name=\"robots\" content=\"index, follow, max-snippet:-1, max-image-preview:large, max-video-preview:-1\" \/>\n<link rel=\"canonical\" href=\"https:\/\/blogg.svenskakyrkan.se\/vandravagen\/2013\/01\/23\/ake-bonnier-som-gudgubbe\/\" \/>\n<meta property=\"og:locale\" content=\"sv_SE\" \/>\n<meta property=\"og:type\" content=\"article\" \/>\n<meta property=\"og:title\" content=\"\u00c5ke Bonnier som Gudgubbe! - Vandra V\u00e4gen\" \/>\n<meta property=\"og:description\" content=\"Jod\u00e5, vi har tr\u00e4ffats&#8230; Jag har tidigare n\u00e4mnt podcasten &#8221;Gudgubbar&#8221; av Andreas Ekstr\u00f6m och Emanuel Karlsten. nu har Skaras nya biskop \u00c5ke Bonnier (som jag skrivit om tidigare) g\u00e4stat programmet. Temat \u00e4r Gud och Mammon, eftersom \u00c5ke ju trots allt \u00e4r en Bonnier vilket v\u00e4cker en del nyfikenhet hos m\u00e5nga. F\u00f6r alla som \u00e4r nyfikna [&hellip;]\" \/>\n<meta property=\"og:url\" content=\"https:\/\/blogg.svenskakyrkan.se\/vandravagen\/2013\/01\/23\/ake-bonnier-som-gudgubbe\/\" \/>\n<meta property=\"og:site_name\" content=\"Vandra V\u00e4gen\" \/>\n<meta property=\"article:publisher\" content=\"http:\/\/facebook.com\/vandravagen\" \/>\n<meta property=\"article:published_time\" content=\"2013-01-23T09:27:00+00:00\" \/>\n<meta property=\"og:image\" content=\"http:\/\/1.bp.blogspot.com\/-uA8xXR9DDsE\/UK5hdKTRVzI\/AAAAAAAABHE\/2YE_nCqf0UQ\/s320\/1249791392W7kS9s.jpg\" \/>\n<meta name=\"author\" content=\"Tomas Jarvid\" \/>\n<meta name=\"twitter:card\" content=\"summary_large_image\" \/>\n<meta name=\"twitter:creator\" content=\"@fadertomas\" \/>\n<meta name=\"twitter:site\" content=\"@fadertomas\" \/>\n<meta name=\"twitter:label1\" content=\"Skriven av\" \/>\n\t<meta name=\"twitter:data1\" content=\"Tomas Jarvid\" \/>\n\t<meta name=\"twitter:label2\" content=\"Ber\u00e4knad l\u00e4stid\" \/>\n\t<meta name=\"twitter:data2\" content=\"1 minut\" \/>\n<script type=\"application\/ld+json\" class=\"yoast-schema-graph\">{\"@context\":\"https:\/\/schema.org\",\"@graph\":[{\"@type\":\"Article\",\"@id\":\"https:\/\/blogg.svenskakyrkan.se\/vandravagen\/2013\/01\/23\/ake-bonnier-som-gudgubbe\/#article\",\"isPartOf\":{\"@id\":\"https:\/\/blogg.svenskakyrkan.se\/vandravagen\/2013\/01\/23\/ake-bonnier-som-gudgubbe\/\"},\"author\":{\"name\":\"Tomas Jarvid\",\"@id\":\"https:\/\/blogg.svenskakyrkan.se\/vandravagen\/#\/schema\/person\/25da02d4f76b137d04291711e2c9fc16\"},\"headline\":\"\u00c5ke Bonnier som Gudgubbe!\",\"datePublished\":\"2013-01-23T09:27:00+00:00\",\"mainEntityOfPage\":{\"@id\":\"https:\/\/blogg.svenskakyrkan.se\/vandravagen\/2013\/01\/23\/ake-bonnier-som-gudgubbe\/\"},\"wordCount\":113,\"commentCount\":0,\"publisher\":{\"@id\":\"https:\/\/blogg.svenskakyrkan.se\/vandravagen\/#organization\"},\"image\":{\"@id\":\"https:\/\/blogg.svenskakyrkan.se\/vandravagen\/2013\/01\/23\/ake-bonnier-som-gudgubbe\/#primaryimage\"},\"thumbnailUrl\":\"http:\/\/1.bp.blogspot.com\/-uA8xXR9DDsE\/UK5hdKTRVzI\/AAAAAAAABHE\/2YE_nCqf0UQ\/s320\/1249791392W7kS9s.jpg\",\"articleSection\":[\"podcast\"],\"inLanguage\":\"sv-SE\",\"potentialAction\":[{\"@type\":\"CommentAction\",\"name\":\"Comment\",\"target\":[\"https:\/\/blogg.svenskakyrkan.se\/vandravagen\/2013\/01\/23\/ake-bonnier-som-gudgubbe\/#respond\"]}]},{\"@type\":\"WebPage\",\"@id\":\"https:\/\/blogg.svenskakyrkan.se\/vandravagen\/2013\/01\/23\/ake-bonnier-som-gudgubbe\/\",\"url\":\"https:\/\/blogg.svenskakyrkan.se\/vandravagen\/2013\/01\/23\/ake-bonnier-som-gudgubbe\/\",\"name\":\"\u00c5ke Bonnier som Gudgubbe! - Vandra V\u00e4gen\",\"isPartOf\":{\"@id\":\"https:\/\/blogg.svenskakyrkan.se\/vandravagen\/#website\"},\"primaryImageOfPage\":{\"@id\":\"https:\/\/blogg.svenskakyrkan.se\/vandravagen\/2013\/01\/23\/ake-bonnier-som-gudgubbe\/#primaryimage\"},\"image\":{\"@id\":\"https:\/\/blogg.svenskakyrkan.se\/vandravagen\/2013\/01\/23\/ake-bonnier-som-gudgubbe\/#primaryimage\"},\"thumbnailUrl\":\"http:\/\/1.bp.blogspot.com\/-uA8xXR9DDsE\/UK5hdKTRVzI\/AAAAAAAABHE\/2YE_nCqf0UQ\/s320\/1249791392W7kS9s.jpg\",\"datePublished\":\"2013-01-23T09:27:00+00:00\",\"breadcrumb\":{\"@id\":\"https:\/\/blogg.svenskakyrkan.se\/vandravagen\/2013\/01\/23\/ake-bonnier-som-gudgubbe\/#breadcrumb\"},\"inLanguage\":\"sv-SE\",\"potentialAction\":[{\"@type\":\"ReadAction\",\"target\":[\"https:\/\/blogg.svenskakyrkan.se\/vandravagen\/2013\/01\/23\/ake-bonnier-som-gudgubbe\/\"]}]},{\"@type\":\"ImageObject\",\"inLanguage\":\"sv-SE\",\"@id\":\"https:\/\/blogg.svenskakyrkan.se\/vandravagen\/2013\/01\/23\/ake-bonnier-som-gudgubbe\/#primaryimage\",\"url\":\"http:\/\/1.bp.blogspot.com\/-uA8xXR9DDsE\/UK5hdKTRVzI\/AAAAAAAABHE\/2YE_nCqf0UQ\/s320\/1249791392W7kS9s.jpg\",\"contentUrl\":\"http:\/\/1.bp.blogspot.com\/-uA8xXR9DDsE\/UK5hdKTRVzI\/AAAAAAAABHE\/2YE_nCqf0UQ\/s320\/1249791392W7kS9s.jpg\"},{\"@type\":\"BreadcrumbList\",\"@id\":\"https:\/\/blogg.svenskakyrkan.se\/vandravagen\/2013\/01\/23\/ake-bonnier-som-gudgubbe\/#breadcrumb\",\"itemListElement\":[{\"@type\":\"ListItem\",\"position\":1,\"name\":\"Hem\",\"item\":\"https:\/\/blogg.svenskakyrkan.se\/vandravagen\/\"},{\"@type\":\"ListItem\",\"position\":2,\"name\":\"\u00c5ke Bonnier som Gudgubbe!\"}]},{\"@type\":\"WebSite\",\"@id\":\"https:\/\/blogg.svenskakyrkan.se\/vandravagen\/#website\",\"url\":\"https:\/\/blogg.svenskakyrkan.se\/vandravagen\/\",\"name\":\"Vandra V\u00e4gen\",\"description\":\"-Mot en tro f\u00f6r hela livet\",\"publisher\":{\"@id\":\"https:\/\/blogg.svenskakyrkan.se\/vandravagen\/#organization\"},\"potentialAction\":[{\"@type\":\"SearchAction\",\"target\":{\"@type\":\"EntryPoint\",\"urlTemplate\":\"https:\/\/blogg.svenskakyrkan.se\/vandravagen\/?s={search_term_string}\"},\"query-input\":{\"@type\":\"PropertyValueSpecification\",\"valueRequired\":true,\"valueName\":\"search_term_string\"}}],\"inLanguage\":\"sv-SE\"},{\"@type\":\"Organization\",\"@id\":\"https:\/\/blogg.svenskakyrkan.se\/vandravagen\/#organization\",\"name\":\"ulricehamns pastorat\",\"alternateName\":\"ulricehamns pastorat\",\"url\":\"https:\/\/blogg.svenskakyrkan.se\/vandravagen\/\",\"logo\":{\"@type\":\"ImageObject\",\"inLanguage\":\"sv-SE\",\"@id\":\"https:\/\/blogg.svenskakyrkan.se\/vandravagen\/#\/schema\/logo\/image\/\",\"url\":\"https:\/\/blogg.svenskakyrkan.se\/vandravagen\/files\/2023\/05\/Ulr_logo_RGB.png\",\"contentUrl\":\"https:\/\/blogg.svenskakyrkan.se\/vandravagen\/files\/2023\/05\/Ulr_logo_RGB.png\",\"width\":205,\"height\":77,\"caption\":\"ulricehamns pastorat\"},\"image\":{\"@id\":\"https:\/\/blogg.svenskakyrkan.se\/vandravagen\/#\/schema\/logo\/image\/\"},\"sameAs\":[\"http:\/\/facebook.com\/vandravagen\",\"https:\/\/x.com\/fadertomas\",\"http:\/\/www.facebook.com\/svenskakyrkaniulricehamn\"]},{\"@type\":\"Person\",\"@id\":\"https:\/\/blogg.svenskakyrkan.se\/vandravagen\/#\/schema\/person\/25da02d4f76b137d04291711e2c9fc16\",\"name\":\"Tomas Jarvid\",\"image\":{\"@type\":\"ImageObject\",\"inLanguage\":\"sv-SE\",\"@id\":\"https:\/\/blogg.svenskakyrkan.se\/vandravagen\/#\/schema\/person\/image\/\",\"url\":\"https:\/\/secure.gravatar.com\/avatar\/7fa71899795e8f540f615a1f5ab25255dc27aa40f05ee7ddd21aac521e01bf50?s=96&d=identicon&r=g\",\"contentUrl\":\"https:\/\/secure.gravatar.com\/avatar\/7fa71899795e8f540f615a1f5ab25255dc27aa40f05ee7ddd21aac521e01bf50?s=96&d=identicon&r=g\",\"caption\":\"Tomas Jarvid\"},\"description\":\"Jag bor i Ulricehamn i V\u00e4sterg\u00f6tland och \u00e4r f\u00f6rsamlingspr\u00e4st i Svenska Kyrkan f\u00f6r Dalstorps f\u00f6rsamling i Kinds pastorat. P\u00e5 den h\u00e4r bloggen skriver jag ner tankar om vandringen som kristen.\",\"sameAs\":[\"http:\/\/www.vandravagen.se\"],\"url\":\"https:\/\/blogg.svenskakyrkan.se\/vandravagen\/author\/vandravagen\/\"}]}<\/script>\n<!-- \/ Yoast SEO plugin. -->","yoast_head_json":{"title":"\u00c5ke Bonnier som Gudgubbe! - Vandra V\u00e4gen","robots":{"index":"index","follow":"follow","max-snippet":"max-snippet:-1","max-image-preview":"max-image-preview:large","max-video-preview":"max-video-preview:-1"},"canonical":"https:\/\/blogg.svenskakyrkan.se\/vandravagen\/2013\/01\/23\/ake-bonnier-som-gudgubbe\/","og_locale":"sv_SE","og_type":"article","og_title":"\u00c5ke Bonnier som Gudgubbe! - Vandra V\u00e4gen","og_description":"Jod\u00e5, vi har tr\u00e4ffats&#8230; Jag har tidigare n\u00e4mnt podcasten &#8221;Gudgubbar&#8221; av Andreas Ekstr\u00f6m och Emanuel Karlsten. nu har Skaras nya biskop \u00c5ke Bonnier (som jag skrivit om tidigare) g\u00e4stat programmet. Temat \u00e4r Gud och Mammon, eftersom \u00c5ke ju trots allt \u00e4r en Bonnier vilket v\u00e4cker en del nyfikenhet hos m\u00e5nga. F\u00f6r alla som \u00e4r nyfikna [&hellip;]","og_url":"https:\/\/blogg.svenskakyrkan.se\/vandravagen\/2013\/01\/23\/ake-bonnier-som-gudgubbe\/","og_site_name":"Vandra V\u00e4gen","article_publisher":"http:\/\/facebook.com\/vandravagen","article_published_time":"2013-01-23T09:27:00+00:00","og_image":[{"url":"http:\/\/1.bp.blogspot.com\/-uA8xXR9DDsE\/UK5hdKTRVzI\/AAAAAAAABHE\/2YE_nCqf0UQ\/s320\/1249791392W7kS9s.jpg","type":"","width":"","height":""}],"author":"Tomas Jarvid","twitter_card":"summary_large_image","twitter_creator":"@fadertomas","twitter_site":"@fadertomas","twitter_misc":{"Skriven av":"Tomas Jarvid","Ber\u00e4knad l\u00e4stid":"1 minut"},"schema":{"@context":"https:\/\/schema.org","@graph":[{"@type":"Article","@id":"https:\/\/blogg.svenskakyrkan.se\/vandravagen\/2013\/01\/23\/ake-bonnier-som-gudgubbe\/#article","isPartOf":{"@id":"https:\/\/blogg.svenskakyrkan.se\/vandravagen\/2013\/01\/23\/ake-bonnier-som-gudgubbe\/"},"author":{"name":"Tomas Jarvid","@id":"https:\/\/blogg.svenskakyrkan.se\/vandravagen\/#\/schema\/person\/25da02d4f76b137d04291711e2c9fc16"},"headline":"\u00c5ke Bonnier som Gudgubbe!","datePublished":"2013-01-23T09:27:00+00:00","mainEntityOfPage":{"@id":"https:\/\/blogg.svenskakyrkan.se\/vandravagen\/2013\/01\/23\/ake-bonnier-som-gudgubbe\/"},"wordCount":113,"commentCount":0,"publisher":{"@id":"https:\/\/blogg.svenskakyrkan.se\/vandravagen\/#organization"},"image":{"@id":"https:\/\/blogg.svenskakyrkan.se\/vandravagen\/2013\/01\/23\/ake-bonnier-som-gudgubbe\/#primaryimage"},"thumbnailUrl":"http:\/\/1.bp.blogspot.com\/-uA8xXR9DDsE\/UK5hdKTRVzI\/AAAAAAAABHE\/2YE_nCqf0UQ\/s320\/1249791392W7kS9s.jpg","articleSection":["podcast"],"inLanguage":"sv-SE","potentialAction":[{"@type":"CommentAction","name":"Comment","target":["https:\/\/blogg.svenskakyrkan.se\/vandravagen\/2013\/01\/23\/ake-bonnier-som-gudgubbe\/#respond"]}]},{"@type":"WebPage","@id":"https:\/\/blogg.svenskakyrkan.se\/vandravagen\/2013\/01\/23\/ake-bonnier-som-gudgubbe\/","url":"https:\/\/blogg.svenskakyrkan.se\/vandravagen\/2013\/01\/23\/ake-bonnier-som-gudgubbe\/","name":"\u00c5ke Bonnier som Gudgubbe! - Vandra V\u00e4gen","isPartOf":{"@id":"https:\/\/blogg.svenskakyrkan.se\/vandravagen\/#website"},"primaryImageOfPage":{"@id":"https:\/\/blogg.svenskakyrkan.se\/vandravagen\/2013\/01\/23\/ake-bonnier-som-gudgubbe\/#primaryimage"},"image":{"@id":"https:\/\/blogg.svenskakyrkan.se\/vandravagen\/2013\/01\/23\/ake-bonnier-som-gudgubbe\/#primaryimage"},"thumbnailUrl":"http:\/\/1.bp.blogspot.com\/-uA8xXR9DDsE\/UK5hdKTRVzI\/AAAAAAAABHE\/2YE_nCqf0UQ\/s320\/1249791392W7kS9s.jpg","datePublished":"2013-01-23T09:27:00+00:00","breadcrumb":{"@id":"https:\/\/blogg.svenskakyrkan.se\/vandravagen\/2013\/01\/23\/ake-bonnier-som-gudgubbe\/#breadcrumb"},"inLanguage":"sv-SE","potentialAction":[{"@type":"ReadAction","target":["https:\/\/blogg.svenskakyrkan.se\/vandravagen\/2013\/01\/23\/ake-bonnier-som-gudgubbe\/"]}]},{"@type":"ImageObject","inLanguage":"sv-SE","@id":"https:\/\/blogg.svenskakyrkan.se\/vandravagen\/2013\/01\/23\/ake-bonnier-som-gudgubbe\/#primaryimage","url":"http:\/\/1.bp.blogspot.com\/-uA8xXR9DDsE\/UK5hdKTRVzI\/AAAAAAAABHE\/2YE_nCqf0UQ\/s320\/1249791392W7kS9s.jpg","contentUrl":"http:\/\/1.bp.blogspot.com\/-uA8xXR9DDsE\/UK5hdKTRVzI\/AAAAAAAABHE\/2YE_nCqf0UQ\/s320\/1249791392W7kS9s.jpg"},{"@type":"BreadcrumbList","@id":"https:\/\/blogg.svenskakyrkan.se\/vandravagen\/2013\/01\/23\/ake-bonnier-som-gudgubbe\/#breadcrumb","itemListElement":[{"@type":"ListItem","position":1,"name":"Hem","item":"https:\/\/blogg.svenskakyrkan.se\/vandravagen\/"},{"@type":"ListItem","position":2,"name":"\u00c5ke Bonnier som Gudgubbe!"}]},{"@type":"WebSite","@id":"https:\/\/blogg.svenskakyrkan.se\/vandravagen\/#website","url":"https:\/\/blogg.svenskakyrkan.se\/vandravagen\/","name":"Vandra V\u00e4gen","description":"-Mot en tro f\u00f6r hela livet","publisher":{"@id":"https:\/\/blogg.svenskakyrkan.se\/vandravagen\/#organization"},"potentialAction":[{"@type":"SearchAction","target":{"@type":"EntryPoint","urlTemplate":"https:\/\/blogg.svenskakyrkan.se\/vandravagen\/?s={search_term_string}"},"query-input":{"@type":"PropertyValueSpecification","valueRequired":true,"valueName":"search_term_string"}}],"inLanguage":"sv-SE"},{"@type":"Organization","@id":"https:\/\/blogg.svenskakyrkan.se\/vandravagen\/#organization","name":"ulricehamns pastorat","alternateName":"ulricehamns pastorat","url":"https:\/\/blogg.svenskakyrkan.se\/vandravagen\/","logo":{"@type":"ImageObject","inLanguage":"sv-SE","@id":"https:\/\/blogg.svenskakyrkan.se\/vandravagen\/#\/schema\/logo\/image\/","url":"https:\/\/blogg.svenskakyrkan.se\/vandravagen\/files\/2023\/05\/Ulr_logo_RGB.png","contentUrl":"https:\/\/blogg.svenskakyrkan.se\/vandravagen\/files\/2023\/05\/Ulr_logo_RGB.png","width":205,"height":77,"caption":"ulricehamns pastorat"},"image":{"@id":"https:\/\/blogg.svenskakyrkan.se\/vandravagen\/#\/schema\/logo\/image\/"},"sameAs":["http:\/\/facebook.com\/vandravagen","https:\/\/x.com\/fadertomas","http:\/\/www.facebook.com\/svenskakyrkaniulricehamn"]},{"@type":"Person","@id":"https:\/\/blogg.svenskakyrkan.se\/vandravagen\/#\/schema\/person\/25da02d4f76b137d04291711e2c9fc16","name":"Tomas Jarvid","image":{"@type":"ImageObject","inLanguage":"sv-SE","@id":"https:\/\/blogg.svenskakyrkan.se\/vandravagen\/#\/schema\/person\/image\/","url":"https:\/\/secure.gravatar.com\/avatar\/7fa71899795e8f540f615a1f5ab25255dc27aa40f05ee7ddd21aac521e01bf50?s=96&d=identicon&r=g","contentUrl":"https:\/\/secure.gravatar.com\/avatar\/7fa71899795e8f540f615a1f5ab25255dc27aa40f05ee7ddd21aac521e01bf50?s=96&d=identicon&r=g","caption":"Tomas Jarvid"},"description":"Jag bor i Ulricehamn i V\u00e4sterg\u00f6tland och \u00e4r f\u00f6rsamlingspr\u00e4st i Svenska Kyrkan f\u00f6r Dalstorps f\u00f6rsamling i Kinds pastorat. P\u00e5 den h\u00e4r bloggen skriver jag ner tankar om vandringen som kristen.","sameAs":["http:\/\/www.vandravagen.se"],"url":"https:\/\/blogg.svenskakyrkan.se\/vandravagen\/author\/vandravagen\/"}]}},"author_meta":{"ID":"392","user_nicename":"vandravagen","user_url":"http:\/\/www.vandravagen.se","user_registered":"2014-05-19 05:44:52","display_name":"Tomas Jarvid","first_name":"Tomas","last_name":"Jarvid","avatar":"https:\/\/secure.gravatar.com\/avatar\/7fa71899795e8f540f615a1f5ab25255dc27aa40f05ee7ddd21aac521e01bf50?s=96&d=identicon&r=g"},"featured_image":false,"bloginfo":{"name":"Vandra V\u00e4gen","url":"https:\/\/blogg.svenskakyrkan.se\/vandravagen"},"_links":{"self":[{"href":"https:\/\/blogg.svenskakyrkan.se\/vandravagen\/wp-json\/wp\/v2\/posts\/750","targetHints":{"allow":["GET"]}}],"collection":[{"href":"https:\/\/blogg.svenskakyrkan.se\/vandravagen\/wp-json\/wp\/v2\/posts"}],"about":[{"href":"https:\/\/blogg.svenskakyrkan.se\/vandravagen\/wp-json\/wp\/v2\/types\/post"}],"author":[{"embeddable":true,"href":"https:\/\/blogg.svenskakyrkan.se\/vandravagen\/wp-json\/wp\/v2\/users\/392"}],"replies":[{"embeddable":true,"href":"https:\/\/blogg.svenskakyrkan.se\/vandravagen\/wp-json\/wp\/v2\/comments?post=750"}],"version-history":[{"count":0,"href":"https:\/\/blogg.svenskakyrkan.se\/vandravagen\/wp-json\/wp\/v2\/posts\/750\/revisions"}],"wp:attachment":[{"href":"https:\/\/blogg.svenskakyrkan.se\/vandravagen\/wp-json\/wp\/v2\/media?parent=750"}],"wp:term":[{"taxonomy":"category","embeddable":true,"href":"https:\/\/blogg.svenskakyrkan.se\/vandravagen\/wp-json\/wp\/v2\/categories?post=750"},{"taxonomy":"post_tag","embeddable":true,"href":"https:\/\/blogg.svenskakyrkan.se\/vandravagen\/wp-json\/wp\/v2\/tags?post=750"}],"curies":[{"name":"wp","href":"https:\/\/api.w.org\/{rel}","templated":true}]}}