{"id":751,"date":"2013-01-22T09:24:00","date_gmt":"2013-01-22T08:24:00","guid":{"rendered":"http:\/\/blogg.svenskakyrkan.se\/vandravagen\/2013\/01\/22\/saker-alla-vet-om-kristen-tro-ii-den-ar-oforenlig-mednaturvetenskapen\/"},"modified":"2013-01-22T09:24:00","modified_gmt":"2013-01-22T08:24:00","slug":"saker-alla-vet-om-kristen-tro-ii-den-ar-oforenlig-mednaturvetenskapen","status":"publish","type":"post","link":"https:\/\/blogg.svenskakyrkan.se\/vandravagen\/2013\/01\/22\/saker-alla-vet-om-kristen-tro-ii-den-ar-oforenlig-mednaturvetenskapen\/","title":{"rendered":"Saker alla &quot;vet&quot; om kristen tro II: den \u00e4r of\u00f6renlig mednaturvetenskapen"},"content":{"rendered":"<table align=\"center\" cellpadding=\"0\" cellspacing=\"0\">\n<tbody>\n<tr>\n<td><a href=\"http:\/\/upload.wikimedia.org\/wikipedia\/commons\/thumb\/d\/db\/Compound_Microscope_1876.JPG\/230px-Compound_Microscope_1876.JPG\"><img loading=\"lazy\" decoding=\"async\" border=\"0\" height=\"400\" src=\"http:\/\/upload.wikimedia.org\/wikipedia\/commons\/thumb\/d\/db\/Compound_Microscope_1876.JPG\/230px-Compound_Microscope_1876.JPG\" width=\"377\"><\/a><\/td>\n<\/tr>\n<tr>\n<td><\/td>\n<\/tr>\n<\/tbody>\n<\/table>\n<p>Det d\u00e4r med tro och vetande \u00e4r ofta en het potatis i media. Nu vet jag egentligen inte hur m\u00e5nga som faktiskt anser att kristen tro och naturvetenskap \u00e4r of\u00f6renliga. Jag tror inte det \u00e4r s\u00e5 m\u00e5nga. I s\u00e5v\u00e4l teori som praktik s\u00e5 \u00e4r vi alla glada \u00f6ver naturvetenskapens framsteg och uppt\u00e4ckter.<\/p>\n<p>C.S Lewis skriver n\u00e5gonstans att hela anledningen till naturvetenskapens uppkomst var att de tidiga vetenskapsm\u00e4nnen f\u00f6rv\u00e4ntade sig att v\u00e4rlden var regelbunden och m\u00f6jlig att utforska, eftersom de trodde p\u00e5 en laggivare bakom naturlagarna. Naturvetenskapen uppkom ur den kristna kulturen i Europa. D\u00e4r kunde de l\u00e4rda dels f\u00f6rv\u00e4nta sig en begriplig v\u00e4rld att unders\u00f6ka, dels <i>v\u00e5gade<\/i> de unders\u00f6ka den eftersom de inte trodde att naturen i sig \u00e4r gudomlig (s\u00e5 att de riskerade att h\u00e4da genom att bedriva naturvetenskapliga unders\u00f6kningar).<\/p>\n<p>Religionsfilosofen Alvin Plantinga har ett intressant argument (<a href=\"http:\/\/feeds.feedburner.com\/Apologetics315Interviews\">som han talar om i denna pod<\/a>) d\u00e4r han h\u00e4vdar att ytligt sett verkar det finnas djup samst\u00e4mmighet mellan naturvetenskap och en materialistisk v\u00e4rldsbild (och konfikt mellan naturvetenskap och en teistisk v\u00e4rldsbild, dvs gudstro).<br \/>P\u00e5 ett djupare plan \u00e4r det dock tv\u00e4rtom; det finns en ytlig konflikt mellan naturvetenskap och teistisk v\u00e4rldsbild men en djup samst\u00e4mmighet mellan dem. P\u00e5 samma s\u00e4tt \u00e4r det en skenbar samst\u00e4mmighet mellan naturvetenskap och materialistisk v\u00e4rldsbild, p\u00e5 djupet \u00e4r de of\u00f6renliga.<\/p>\n<p>Orsaken \u00e4r lik den Lewis framh\u00e5ller. Naturvetenskapen letar ju efter sanningen. De utg\u00e5r fr\u00e5n samma sak som den kristne, n\u00e4mligen att det finns en objektiv och \u00e5tkomlig sanning. Fr\u00e5gan om sanningen har annars blivit en stor st\u00f6testen f\u00f6r den moderna vetenskapen i v\u00e5r postmoderna tid. Fr\u00e4mst har det slagit igenom i humanioran men \u00e4ven i naturvetenskapen framst\u00e5r allt tydligare att forskaren aldrig ser objektivt p\u00e5 sitt forskningsobjekt. Han eller hon st\u00e5r aldrig p\u00e5 neutral mark som man trodde f\u00f6rr. N\u00e4r man v\u00e4l trasslat in sig tillr\u00e4ckligt l\u00e5ngt i s\u00e5dana tankar blir det alltmer oklart om man n\u00e5gonsin kan n\u00e5 fram till sanningen i sig, \u00e4r den ens \u00e5tkomlig? F\u00f6r den kristne \u00e4r Gud garanten f\u00f6r en objektiv verklighet bortom m\u00e4nniskan och d\u00e4rf\u00f6r kan man lugnt forts\u00e4tta forska.<\/p>\n<p>Kanske \u00e4r Adam den f\u00f6rste naturvetaren? Han namnger och unders\u00f6ker de andra varelserna i lustg\u00e5rden.<\/p>\n<p>En annan viktig po\u00e4ng n\u00e4r det kommer till vetenskap och tro \u00e4r att m\u00e5nga missf\u00f6rst\u00e5r vetenskapens uppgift eller missar att se dess begr\u00e4nsningar. Vetenskapen \u00e4r ett verktyg f\u00f6r att hitta svar p\u00e5 &#8221;hur&#8221;-fr\u00e5gor. Mer filosofiska fr\u00e5gor om mening och v\u00e4rderingar kan den inte s\u00e4ga n\u00e5got om. Forskaren i medicin kan bena ut hur man l\u00f6ser en m\u00e4ngd sv\u00e5ra situationer men s\u00e5 fort han uttalar sig om vad som \u00e4r r\u00e4tt och fel i en dilemmasituation g\u00f6r han det som filosof. D\u00e4r g\u00e4ller det ist\u00e4llet att argumentera utifr\u00e5n olika v\u00e4rderingar och de f\u00e5r vi fr\u00e5n helt annat h\u00e5ll. Forskning kan som bekant leda b\u00e5de till medicin och atombomber. Fr\u00e5gan om vad som \u00e4r gott och ont \u00e4r i h\u00f6g grad relevant i sammanhanget.<\/p>\n<p>F\u00f6r den som vill l\u00e4sa n\u00e5got kunnigare \u00e4n s\u00e5 h\u00e4r rekommenderar jag b\u00f6ckerna av Lundabiskopen Antje Jackel\u00e9n som tidigare varit professor i fr\u00e5gor om tro och vetande. Jag minns att jag h\u00f6rt henne s\u00e4ga att evolutionsteorin inte \u00e4r n\u00e5got bekymmer f\u00f6r kristen tro av idag, nu ligger debattlinjen i hj\u00e4rnforskningen&#8230;<\/p>\n<p>Slutligen m\u00e5ste ingen kristen vara r\u00e4dd f\u00f6r forskning i sig. Det finns ett gammalt uttryck som s\u00e4ger att &#8221;all sanning \u00e4r Guds sanning&#8221;. \u00c4r n\u00e5got sant s\u00e5 \u00e4r det sant och i s\u00e5 fall har vi uppt\u00e4ckt n\u00e5got mer om Guds v\u00e4rld.<\/p>\n<p>Vad s\u00e4ger du, \u00e4r det h\u00e4r n\u00e5got du funderar mycket p\u00e5? Hur vanligt tror du det \u00e4r att st\u00e4lla tro mot vetande? \u00c4r det givet vem som har b\u00e4st p\u00e5 f\u00f6tterna?<\/p>\n","protected":false},"excerpt":{"rendered":"<p>Det d\u00e4r med tro och vetande \u00e4r ofta en het potatis i media. Nu vet jag egentligen inte hur m\u00e5nga som faktiskt anser att kristen tro och naturvetenskap \u00e4r of\u00f6renliga. Jag tror inte det \u00e4r s\u00e5 m\u00e5nga. I s\u00e5v\u00e4l teori som praktik s\u00e5 \u00e4r vi alla glada \u00f6ver naturvetenskapens framsteg och uppt\u00e4ckter. C.S Lewis skriver [&hellip;]<\/p>\n","protected":false},"author":392,"featured_media":0,"comment_status":"open","ping_status":"open","sticky":false,"template":"","format":"standard","meta":{"_acf_changed":false,"footnotes":""},"categories":[79388,117],"tags":[],"class_list":["post-751","post","type-post","status-publish","format-standard","hentry","category-podcast","category-teologi"],"acf":[],"yoast_head":"<!-- This site is optimized with the Yoast SEO plugin v27.1.1 - https:\/\/yoast.com\/product\/yoast-seo-wordpress\/ -->\n<title>Saker alla &quot;vet&quot; om kristen tro II: den \u00e4r of\u00f6renlig mednaturvetenskapen - Vandra V\u00e4gen<\/title>\n<meta name=\"robots\" content=\"index, follow, max-snippet:-1, max-image-preview:large, max-video-preview:-1\" \/>\n<link rel=\"canonical\" href=\"https:\/\/blogg.svenskakyrkan.se\/vandravagen\/2013\/01\/22\/saker-alla-vet-om-kristen-tro-ii-den-ar-oforenlig-mednaturvetenskapen\/\" \/>\n<meta property=\"og:locale\" content=\"sv_SE\" \/>\n<meta property=\"og:type\" content=\"article\" \/>\n<meta property=\"og:title\" content=\"Saker alla &quot;vet&quot; om kristen tro II: den \u00e4r of\u00f6renlig mednaturvetenskapen - Vandra V\u00e4gen\" \/>\n<meta property=\"og:description\" content=\"Det d\u00e4r med tro och vetande \u00e4r ofta en het potatis i media. Nu vet jag egentligen inte hur m\u00e5nga som faktiskt anser att kristen tro och naturvetenskap \u00e4r of\u00f6renliga. Jag tror inte det \u00e4r s\u00e5 m\u00e5nga. I s\u00e5v\u00e4l teori som praktik s\u00e5 \u00e4r vi alla glada \u00f6ver naturvetenskapens framsteg och uppt\u00e4ckter. C.S Lewis skriver [&hellip;]\" \/>\n<meta property=\"og:url\" content=\"https:\/\/blogg.svenskakyrkan.se\/vandravagen\/2013\/01\/22\/saker-alla-vet-om-kristen-tro-ii-den-ar-oforenlig-mednaturvetenskapen\/\" \/>\n<meta property=\"og:site_name\" content=\"Vandra V\u00e4gen\" \/>\n<meta property=\"article:publisher\" content=\"http:\/\/facebook.com\/vandravagen\" \/>\n<meta property=\"article:published_time\" content=\"2013-01-22T08:24:00+00:00\" \/>\n<meta property=\"og:image\" content=\"http:\/\/upload.wikimedia.org\/wikipedia\/commons\/thumb\/d\/db\/Compound_Microscope_1876.JPG\/230px-Compound_Microscope_1876.JPG\" \/>\n<meta name=\"author\" content=\"Tomas Jarvid\" \/>\n<meta name=\"twitter:card\" content=\"summary_large_image\" \/>\n<meta name=\"twitter:creator\" content=\"@fadertomas\" \/>\n<meta name=\"twitter:site\" content=\"@fadertomas\" \/>\n<meta name=\"twitter:label1\" content=\"Skriven av\" \/>\n\t<meta name=\"twitter:data1\" content=\"Tomas Jarvid\" \/>\n\t<meta name=\"twitter:label2\" content=\"Ber\u00e4knad l\u00e4stid\" \/>\n\t<meta name=\"twitter:data2\" content=\"4 minuter\" \/>\n<script type=\"application\/ld+json\" class=\"yoast-schema-graph\">{\"@context\":\"https:\/\/schema.org\",\"@graph\":[{\"@type\":\"Article\",\"@id\":\"https:\/\/blogg.svenskakyrkan.se\/vandravagen\/2013\/01\/22\/saker-alla-vet-om-kristen-tro-ii-den-ar-oforenlig-mednaturvetenskapen\/#article\",\"isPartOf\":{\"@id\":\"https:\/\/blogg.svenskakyrkan.se\/vandravagen\/2013\/01\/22\/saker-alla-vet-om-kristen-tro-ii-den-ar-oforenlig-mednaturvetenskapen\/\"},\"author\":{\"name\":\"Tomas Jarvid\",\"@id\":\"https:\/\/blogg.svenskakyrkan.se\/vandravagen\/#\/schema\/person\/25da02d4f76b137d04291711e2c9fc16\"},\"headline\":\"Saker alla &quot;vet&quot; om kristen tro II: den \u00e4r of\u00f6renlig mednaturvetenskapen\",\"datePublished\":\"2013-01-22T08:24:00+00:00\",\"mainEntityOfPage\":{\"@id\":\"https:\/\/blogg.svenskakyrkan.se\/vandravagen\/2013\/01\/22\/saker-alla-vet-om-kristen-tro-ii-den-ar-oforenlig-mednaturvetenskapen\/\"},\"wordCount\":733,\"commentCount\":10,\"publisher\":{\"@id\":\"https:\/\/blogg.svenskakyrkan.se\/vandravagen\/#organization\"},\"image\":{\"@id\":\"https:\/\/blogg.svenskakyrkan.se\/vandravagen\/2013\/01\/22\/saker-alla-vet-om-kristen-tro-ii-den-ar-oforenlig-mednaturvetenskapen\/#primaryimage\"},\"thumbnailUrl\":\"http:\/\/upload.wikimedia.org\/wikipedia\/commons\/thumb\/d\/db\/Compound_Microscope_1876.JPG\/230px-Compound_Microscope_1876.JPG\",\"articleSection\":[\"podcast\",\"Teologi\"],\"inLanguage\":\"sv-SE\",\"potentialAction\":[{\"@type\":\"CommentAction\",\"name\":\"Comment\",\"target\":[\"https:\/\/blogg.svenskakyrkan.se\/vandravagen\/2013\/01\/22\/saker-alla-vet-om-kristen-tro-ii-den-ar-oforenlig-mednaturvetenskapen\/#respond\"]}]},{\"@type\":\"WebPage\",\"@id\":\"https:\/\/blogg.svenskakyrkan.se\/vandravagen\/2013\/01\/22\/saker-alla-vet-om-kristen-tro-ii-den-ar-oforenlig-mednaturvetenskapen\/\",\"url\":\"https:\/\/blogg.svenskakyrkan.se\/vandravagen\/2013\/01\/22\/saker-alla-vet-om-kristen-tro-ii-den-ar-oforenlig-mednaturvetenskapen\/\",\"name\":\"Saker alla &quot;vet&quot; om kristen tro II: den \u00e4r of\u00f6renlig mednaturvetenskapen - Vandra V\u00e4gen\",\"isPartOf\":{\"@id\":\"https:\/\/blogg.svenskakyrkan.se\/vandravagen\/#website\"},\"primaryImageOfPage\":{\"@id\":\"https:\/\/blogg.svenskakyrkan.se\/vandravagen\/2013\/01\/22\/saker-alla-vet-om-kristen-tro-ii-den-ar-oforenlig-mednaturvetenskapen\/#primaryimage\"},\"image\":{\"@id\":\"https:\/\/blogg.svenskakyrkan.se\/vandravagen\/2013\/01\/22\/saker-alla-vet-om-kristen-tro-ii-den-ar-oforenlig-mednaturvetenskapen\/#primaryimage\"},\"thumbnailUrl\":\"http:\/\/upload.wikimedia.org\/wikipedia\/commons\/thumb\/d\/db\/Compound_Microscope_1876.JPG\/230px-Compound_Microscope_1876.JPG\",\"datePublished\":\"2013-01-22T08:24:00+00:00\",\"breadcrumb\":{\"@id\":\"https:\/\/blogg.svenskakyrkan.se\/vandravagen\/2013\/01\/22\/saker-alla-vet-om-kristen-tro-ii-den-ar-oforenlig-mednaturvetenskapen\/#breadcrumb\"},\"inLanguage\":\"sv-SE\",\"potentialAction\":[{\"@type\":\"ReadAction\",\"target\":[\"https:\/\/blogg.svenskakyrkan.se\/vandravagen\/2013\/01\/22\/saker-alla-vet-om-kristen-tro-ii-den-ar-oforenlig-mednaturvetenskapen\/\"]}]},{\"@type\":\"ImageObject\",\"inLanguage\":\"sv-SE\",\"@id\":\"https:\/\/blogg.svenskakyrkan.se\/vandravagen\/2013\/01\/22\/saker-alla-vet-om-kristen-tro-ii-den-ar-oforenlig-mednaturvetenskapen\/#primaryimage\",\"url\":\"http:\/\/upload.wikimedia.org\/wikipedia\/commons\/thumb\/d\/db\/Compound_Microscope_1876.JPG\/230px-Compound_Microscope_1876.JPG\",\"contentUrl\":\"http:\/\/upload.wikimedia.org\/wikipedia\/commons\/thumb\/d\/db\/Compound_Microscope_1876.JPG\/230px-Compound_Microscope_1876.JPG\"},{\"@type\":\"BreadcrumbList\",\"@id\":\"https:\/\/blogg.svenskakyrkan.se\/vandravagen\/2013\/01\/22\/saker-alla-vet-om-kristen-tro-ii-den-ar-oforenlig-mednaturvetenskapen\/#breadcrumb\",\"itemListElement\":[{\"@type\":\"ListItem\",\"position\":1,\"name\":\"Hem\",\"item\":\"https:\/\/blogg.svenskakyrkan.se\/vandravagen\/\"},{\"@type\":\"ListItem\",\"position\":2,\"name\":\"Saker alla &quot;vet&quot; om kristen tro II: den \u00e4r of\u00f6renlig mednaturvetenskapen\"}]},{\"@type\":\"WebSite\",\"@id\":\"https:\/\/blogg.svenskakyrkan.se\/vandravagen\/#website\",\"url\":\"https:\/\/blogg.svenskakyrkan.se\/vandravagen\/\",\"name\":\"Vandra V\u00e4gen\",\"description\":\"-Mot en tro f\u00f6r hela livet\",\"publisher\":{\"@id\":\"https:\/\/blogg.svenskakyrkan.se\/vandravagen\/#organization\"},\"potentialAction\":[{\"@type\":\"SearchAction\",\"target\":{\"@type\":\"EntryPoint\",\"urlTemplate\":\"https:\/\/blogg.svenskakyrkan.se\/vandravagen\/?s={search_term_string}\"},\"query-input\":{\"@type\":\"PropertyValueSpecification\",\"valueRequired\":true,\"valueName\":\"search_term_string\"}}],\"inLanguage\":\"sv-SE\"},{\"@type\":\"Organization\",\"@id\":\"https:\/\/blogg.svenskakyrkan.se\/vandravagen\/#organization\",\"name\":\"ulricehamns pastorat\",\"alternateName\":\"ulricehamns pastorat\",\"url\":\"https:\/\/blogg.svenskakyrkan.se\/vandravagen\/\",\"logo\":{\"@type\":\"ImageObject\",\"inLanguage\":\"sv-SE\",\"@id\":\"https:\/\/blogg.svenskakyrkan.se\/vandravagen\/#\/schema\/logo\/image\/\",\"url\":\"https:\/\/blogg.svenskakyrkan.se\/vandravagen\/files\/2023\/05\/Ulr_logo_RGB.png\",\"contentUrl\":\"https:\/\/blogg.svenskakyrkan.se\/vandravagen\/files\/2023\/05\/Ulr_logo_RGB.png\",\"width\":205,\"height\":77,\"caption\":\"ulricehamns pastorat\"},\"image\":{\"@id\":\"https:\/\/blogg.svenskakyrkan.se\/vandravagen\/#\/schema\/logo\/image\/\"},\"sameAs\":[\"http:\/\/facebook.com\/vandravagen\",\"https:\/\/x.com\/fadertomas\",\"http:\/\/www.facebook.com\/svenskakyrkaniulricehamn\"]},{\"@type\":\"Person\",\"@id\":\"https:\/\/blogg.svenskakyrkan.se\/vandravagen\/#\/schema\/person\/25da02d4f76b137d04291711e2c9fc16\",\"name\":\"Tomas Jarvid\",\"image\":{\"@type\":\"ImageObject\",\"inLanguage\":\"sv-SE\",\"@id\":\"https:\/\/blogg.svenskakyrkan.se\/vandravagen\/#\/schema\/person\/image\/\",\"url\":\"https:\/\/secure.gravatar.com\/avatar\/7fa71899795e8f540f615a1f5ab25255dc27aa40f05ee7ddd21aac521e01bf50?s=96&d=identicon&r=g\",\"contentUrl\":\"https:\/\/secure.gravatar.com\/avatar\/7fa71899795e8f540f615a1f5ab25255dc27aa40f05ee7ddd21aac521e01bf50?s=96&d=identicon&r=g\",\"caption\":\"Tomas Jarvid\"},\"description\":\"Jag bor i Ulricehamn i V\u00e4sterg\u00f6tland och \u00e4r f\u00f6rsamlingspr\u00e4st i Svenska Kyrkan f\u00f6r Dalstorps f\u00f6rsamling i Kinds pastorat. P\u00e5 den h\u00e4r bloggen skriver jag ner tankar om vandringen som kristen.\",\"sameAs\":[\"http:\/\/www.vandravagen.se\"],\"url\":\"https:\/\/blogg.svenskakyrkan.se\/vandravagen\/author\/vandravagen\/\"}]}<\/script>\n<!-- \/ Yoast SEO plugin. -->","yoast_head_json":{"title":"Saker alla &quot;vet&quot; om kristen tro II: den \u00e4r of\u00f6renlig mednaturvetenskapen - Vandra V\u00e4gen","robots":{"index":"index","follow":"follow","max-snippet":"max-snippet:-1","max-image-preview":"max-image-preview:large","max-video-preview":"max-video-preview:-1"},"canonical":"https:\/\/blogg.svenskakyrkan.se\/vandravagen\/2013\/01\/22\/saker-alla-vet-om-kristen-tro-ii-den-ar-oforenlig-mednaturvetenskapen\/","og_locale":"sv_SE","og_type":"article","og_title":"Saker alla &quot;vet&quot; om kristen tro II: den \u00e4r of\u00f6renlig mednaturvetenskapen - Vandra V\u00e4gen","og_description":"Det d\u00e4r med tro och vetande \u00e4r ofta en het potatis i media. Nu vet jag egentligen inte hur m\u00e5nga som faktiskt anser att kristen tro och naturvetenskap \u00e4r of\u00f6renliga. Jag tror inte det \u00e4r s\u00e5 m\u00e5nga. I s\u00e5v\u00e4l teori som praktik s\u00e5 \u00e4r vi alla glada \u00f6ver naturvetenskapens framsteg och uppt\u00e4ckter. C.S Lewis skriver [&hellip;]","og_url":"https:\/\/blogg.svenskakyrkan.se\/vandravagen\/2013\/01\/22\/saker-alla-vet-om-kristen-tro-ii-den-ar-oforenlig-mednaturvetenskapen\/","og_site_name":"Vandra V\u00e4gen","article_publisher":"http:\/\/facebook.com\/vandravagen","article_published_time":"2013-01-22T08:24:00+00:00","og_image":[{"url":"http:\/\/upload.wikimedia.org\/wikipedia\/commons\/thumb\/d\/db\/Compound_Microscope_1876.JPG\/230px-Compound_Microscope_1876.JPG","type":"","width":"","height":""}],"author":"Tomas Jarvid","twitter_card":"summary_large_image","twitter_creator":"@fadertomas","twitter_site":"@fadertomas","twitter_misc":{"Skriven av":"Tomas Jarvid","Ber\u00e4knad l\u00e4stid":"4 minuter"},"schema":{"@context":"https:\/\/schema.org","@graph":[{"@type":"Article","@id":"https:\/\/blogg.svenskakyrkan.se\/vandravagen\/2013\/01\/22\/saker-alla-vet-om-kristen-tro-ii-den-ar-oforenlig-mednaturvetenskapen\/#article","isPartOf":{"@id":"https:\/\/blogg.svenskakyrkan.se\/vandravagen\/2013\/01\/22\/saker-alla-vet-om-kristen-tro-ii-den-ar-oforenlig-mednaturvetenskapen\/"},"author":{"name":"Tomas Jarvid","@id":"https:\/\/blogg.svenskakyrkan.se\/vandravagen\/#\/schema\/person\/25da02d4f76b137d04291711e2c9fc16"},"headline":"Saker alla &quot;vet&quot; om kristen tro II: den \u00e4r of\u00f6renlig mednaturvetenskapen","datePublished":"2013-01-22T08:24:00+00:00","mainEntityOfPage":{"@id":"https:\/\/blogg.svenskakyrkan.se\/vandravagen\/2013\/01\/22\/saker-alla-vet-om-kristen-tro-ii-den-ar-oforenlig-mednaturvetenskapen\/"},"wordCount":733,"commentCount":10,"publisher":{"@id":"https:\/\/blogg.svenskakyrkan.se\/vandravagen\/#organization"},"image":{"@id":"https:\/\/blogg.svenskakyrkan.se\/vandravagen\/2013\/01\/22\/saker-alla-vet-om-kristen-tro-ii-den-ar-oforenlig-mednaturvetenskapen\/#primaryimage"},"thumbnailUrl":"http:\/\/upload.wikimedia.org\/wikipedia\/commons\/thumb\/d\/db\/Compound_Microscope_1876.JPG\/230px-Compound_Microscope_1876.JPG","articleSection":["podcast","Teologi"],"inLanguage":"sv-SE","potentialAction":[{"@type":"CommentAction","name":"Comment","target":["https:\/\/blogg.svenskakyrkan.se\/vandravagen\/2013\/01\/22\/saker-alla-vet-om-kristen-tro-ii-den-ar-oforenlig-mednaturvetenskapen\/#respond"]}]},{"@type":"WebPage","@id":"https:\/\/blogg.svenskakyrkan.se\/vandravagen\/2013\/01\/22\/saker-alla-vet-om-kristen-tro-ii-den-ar-oforenlig-mednaturvetenskapen\/","url":"https:\/\/blogg.svenskakyrkan.se\/vandravagen\/2013\/01\/22\/saker-alla-vet-om-kristen-tro-ii-den-ar-oforenlig-mednaturvetenskapen\/","name":"Saker alla &quot;vet&quot; om kristen tro II: den \u00e4r of\u00f6renlig mednaturvetenskapen - Vandra V\u00e4gen","isPartOf":{"@id":"https:\/\/blogg.svenskakyrkan.se\/vandravagen\/#website"},"primaryImageOfPage":{"@id":"https:\/\/blogg.svenskakyrkan.se\/vandravagen\/2013\/01\/22\/saker-alla-vet-om-kristen-tro-ii-den-ar-oforenlig-mednaturvetenskapen\/#primaryimage"},"image":{"@id":"https:\/\/blogg.svenskakyrkan.se\/vandravagen\/2013\/01\/22\/saker-alla-vet-om-kristen-tro-ii-den-ar-oforenlig-mednaturvetenskapen\/#primaryimage"},"thumbnailUrl":"http:\/\/upload.wikimedia.org\/wikipedia\/commons\/thumb\/d\/db\/Compound_Microscope_1876.JPG\/230px-Compound_Microscope_1876.JPG","datePublished":"2013-01-22T08:24:00+00:00","breadcrumb":{"@id":"https:\/\/blogg.svenskakyrkan.se\/vandravagen\/2013\/01\/22\/saker-alla-vet-om-kristen-tro-ii-den-ar-oforenlig-mednaturvetenskapen\/#breadcrumb"},"inLanguage":"sv-SE","potentialAction":[{"@type":"ReadAction","target":["https:\/\/blogg.svenskakyrkan.se\/vandravagen\/2013\/01\/22\/saker-alla-vet-om-kristen-tro-ii-den-ar-oforenlig-mednaturvetenskapen\/"]}]},{"@type":"ImageObject","inLanguage":"sv-SE","@id":"https:\/\/blogg.svenskakyrkan.se\/vandravagen\/2013\/01\/22\/saker-alla-vet-om-kristen-tro-ii-den-ar-oforenlig-mednaturvetenskapen\/#primaryimage","url":"http:\/\/upload.wikimedia.org\/wikipedia\/commons\/thumb\/d\/db\/Compound_Microscope_1876.JPG\/230px-Compound_Microscope_1876.JPG","contentUrl":"http:\/\/upload.wikimedia.org\/wikipedia\/commons\/thumb\/d\/db\/Compound_Microscope_1876.JPG\/230px-Compound_Microscope_1876.JPG"},{"@type":"BreadcrumbList","@id":"https:\/\/blogg.svenskakyrkan.se\/vandravagen\/2013\/01\/22\/saker-alla-vet-om-kristen-tro-ii-den-ar-oforenlig-mednaturvetenskapen\/#breadcrumb","itemListElement":[{"@type":"ListItem","position":1,"name":"Hem","item":"https:\/\/blogg.svenskakyrkan.se\/vandravagen\/"},{"@type":"ListItem","position":2,"name":"Saker alla &quot;vet&quot; om kristen tro II: den \u00e4r of\u00f6renlig mednaturvetenskapen"}]},{"@type":"WebSite","@id":"https:\/\/blogg.svenskakyrkan.se\/vandravagen\/#website","url":"https:\/\/blogg.svenskakyrkan.se\/vandravagen\/","name":"Vandra V\u00e4gen","description":"-Mot en tro f\u00f6r hela livet","publisher":{"@id":"https:\/\/blogg.svenskakyrkan.se\/vandravagen\/#organization"},"potentialAction":[{"@type":"SearchAction","target":{"@type":"EntryPoint","urlTemplate":"https:\/\/blogg.svenskakyrkan.se\/vandravagen\/?s={search_term_string}"},"query-input":{"@type":"PropertyValueSpecification","valueRequired":true,"valueName":"search_term_string"}}],"inLanguage":"sv-SE"},{"@type":"Organization","@id":"https:\/\/blogg.svenskakyrkan.se\/vandravagen\/#organization","name":"ulricehamns pastorat","alternateName":"ulricehamns pastorat","url":"https:\/\/blogg.svenskakyrkan.se\/vandravagen\/","logo":{"@type":"ImageObject","inLanguage":"sv-SE","@id":"https:\/\/blogg.svenskakyrkan.se\/vandravagen\/#\/schema\/logo\/image\/","url":"https:\/\/blogg.svenskakyrkan.se\/vandravagen\/files\/2023\/05\/Ulr_logo_RGB.png","contentUrl":"https:\/\/blogg.svenskakyrkan.se\/vandravagen\/files\/2023\/05\/Ulr_logo_RGB.png","width":205,"height":77,"caption":"ulricehamns pastorat"},"image":{"@id":"https:\/\/blogg.svenskakyrkan.se\/vandravagen\/#\/schema\/logo\/image\/"},"sameAs":["http:\/\/facebook.com\/vandravagen","https:\/\/x.com\/fadertomas","http:\/\/www.facebook.com\/svenskakyrkaniulricehamn"]},{"@type":"Person","@id":"https:\/\/blogg.svenskakyrkan.se\/vandravagen\/#\/schema\/person\/25da02d4f76b137d04291711e2c9fc16","name":"Tomas Jarvid","image":{"@type":"ImageObject","inLanguage":"sv-SE","@id":"https:\/\/blogg.svenskakyrkan.se\/vandravagen\/#\/schema\/person\/image\/","url":"https:\/\/secure.gravatar.com\/avatar\/7fa71899795e8f540f615a1f5ab25255dc27aa40f05ee7ddd21aac521e01bf50?s=96&d=identicon&r=g","contentUrl":"https:\/\/secure.gravatar.com\/avatar\/7fa71899795e8f540f615a1f5ab25255dc27aa40f05ee7ddd21aac521e01bf50?s=96&d=identicon&r=g","caption":"Tomas Jarvid"},"description":"Jag bor i Ulricehamn i V\u00e4sterg\u00f6tland och \u00e4r f\u00f6rsamlingspr\u00e4st i Svenska Kyrkan f\u00f6r Dalstorps f\u00f6rsamling i Kinds pastorat. P\u00e5 den h\u00e4r bloggen skriver jag ner tankar om vandringen som kristen.","sameAs":["http:\/\/www.vandravagen.se"],"url":"https:\/\/blogg.svenskakyrkan.se\/vandravagen\/author\/vandravagen\/"}]}},"author_meta":{"ID":"392","user_nicename":"vandravagen","user_url":"http:\/\/www.vandravagen.se","user_registered":"2014-05-19 05:44:52","display_name":"Tomas Jarvid","first_name":"Tomas","last_name":"Jarvid","avatar":"https:\/\/secure.gravatar.com\/avatar\/7fa71899795e8f540f615a1f5ab25255dc27aa40f05ee7ddd21aac521e01bf50?s=96&d=identicon&r=g"},"featured_image":false,"bloginfo":{"name":"Vandra V\u00e4gen","url":"https:\/\/blogg.svenskakyrkan.se\/vandravagen"},"_links":{"self":[{"href":"https:\/\/blogg.svenskakyrkan.se\/vandravagen\/wp-json\/wp\/v2\/posts\/751","targetHints":{"allow":["GET"]}}],"collection":[{"href":"https:\/\/blogg.svenskakyrkan.se\/vandravagen\/wp-json\/wp\/v2\/posts"}],"about":[{"href":"https:\/\/blogg.svenskakyrkan.se\/vandravagen\/wp-json\/wp\/v2\/types\/post"}],"author":[{"embeddable":true,"href":"https:\/\/blogg.svenskakyrkan.se\/vandravagen\/wp-json\/wp\/v2\/users\/392"}],"replies":[{"embeddable":true,"href":"https:\/\/blogg.svenskakyrkan.se\/vandravagen\/wp-json\/wp\/v2\/comments?post=751"}],"version-history":[{"count":0,"href":"https:\/\/blogg.svenskakyrkan.se\/vandravagen\/wp-json\/wp\/v2\/posts\/751\/revisions"}],"wp:attachment":[{"href":"https:\/\/blogg.svenskakyrkan.se\/vandravagen\/wp-json\/wp\/v2\/media?parent=751"}],"wp:term":[{"taxonomy":"category","embeddable":true,"href":"https:\/\/blogg.svenskakyrkan.se\/vandravagen\/wp-json\/wp\/v2\/categories?post=751"},{"taxonomy":"post_tag","embeddable":true,"href":"https:\/\/blogg.svenskakyrkan.se\/vandravagen\/wp-json\/wp\/v2\/tags?post=751"}],"curies":[{"name":"wp","href":"https:\/\/api.w.org\/{rel}","templated":true}]}}