{"id":7517,"date":"2019-12-08T07:00:32","date_gmt":"2019-12-08T06:00:32","guid":{"rendered":"http:\/\/blogg.svenskakyrkan.se\/vandravagen\/?p=7517"},"modified":"2019-12-07T22:08:37","modified_gmt":"2019-12-07T21:08:37","slug":"10-blandade-tankar-pa-andra-advents-sondagen","status":"publish","type":"post","link":"https:\/\/blogg.svenskakyrkan.se\/vandravagen\/2019\/12\/08\/10-blandade-tankar-pa-andra-advents-sondagen\/","title":{"rendered":"10 blandade tankar p\u00e5 (andra advents-)s\u00f6ndagen"},"content":{"rendered":"<ol>\n<li>Glad s\u00f6ndag k\u00e4ra l\u00e4sare!<\/li>\n<\/ol>\n<p>2. Idag tj\u00e4nstg\u00f6r jag inte n\u00e5gonstans (men missa inte gudstj\u00e4nsten i \u00d6lsremma 10 med Movin\u00b4Gospel och kakbuffe efter\u00e5t). \u00c5terst\u00e5r att se om det blir n\u00e5gon gudstj\u00e4nst fr\u00e5n b\u00e4nken. Det h\u00e4r \u00e4r annars en riktigt kanons\u00f6ndag att predika p\u00e5.<\/p>\n<p>3. Den andra s\u00f6ndagen i advent handlar n\u00e4mligen om &#8221;Guds rike&#8221; och det \u00e4r ett s\u00e5 hiskligt stort \u00e4mne att det finns obegr\u00e4nsat att \u00f6sa ur. Det \u00e4r ocks\u00e5 ett h\u00e4rligt \u00e4mne att tala om eftersom det g\u00e5r rakt p\u00e5 k\u00e4rnan i Jesu \u00e4rende med oss.<\/p>\n<p>4. Det rullar p\u00e5 med adventskalendern p\u00e5 facebook. Det \u00e4r en gnutta \u00e5ngest (att komma p\u00e5 grejer) och en stor skopa gl\u00e4dje n\u00e4r jag f\u00e5r vara kreativ p\u00e5 ett lite nytt s\u00e4tt. Det blir mycket om Japan (d\u00e5 vi utg\u00e5r fr\u00e5n SKMs kalender fr\u00e5n 1977 med Japantema) s\u00e5 jag f\u00e5r l\u00e4sa in mig p\u00e5 en massa sp\u00e4nnande grejer.<\/p>\n<p>5. Det \u00e4r r\u00e4tt s\u00e4llan jag som pr\u00e4st f\u00e5r tillf\u00e4lle att kommentera sumobrottning eller prata om ninjor annars liksom.<\/p>\n<p>6. \u00c5rets tv-kalender \u00e4r annars lite intressant eftersom den inneh\u00e5ller n\u00e5gon sorts tomtereligion d\u00e4r Tomten bara finns s\u00e5 l\u00e4nge n\u00e5gon tror p\u00e5 honom. Jag tycker den \u00e4r rolig, trots ordvitsandet.<\/p>\n<p>7. I veckan som kommer b\u00f6rjar vi med de f\u00f6rsta skoljulspelen. Det blir kvalitetsber\u00e4ttelser av Kierkegaard och Selma Lagerl\u00f6f. Endast det b\u00e4sta \u00e4r gott nog och s\u00e5 vidare. Det ska bli roligt. Extra roligt att min gestaltning (ni h\u00f6r var det h\u00e4r stiger mig \u00e5t huvudet) flankeras av min fru och den lilla bebisen som Maria och Jesusbarn.<\/p>\n<p>8. Men det \u00e4r \u00f6ver huvud taget en fest n\u00e4r man f\u00e5r g\u00f6ra s\u00e5dant ihop i arbetslaget. Det ger v\u00e4ldigt mycket gl\u00e4dje.<\/p>\n<p>9. Det var ocks\u00e5 lite sp\u00e4nnande h\u00e4romdagen d\u00e5 jag publicerade en text p\u00e5 bloggen &#8221;tankar inf\u00f6r helgen&#8221; om Guds rike. Den f\u00e5r komma h\u00e4r n\u00e5gon dag snart med f\u00f6r den som v\u00e4grar l\u00e4sa p\u00e5 andra st\u00e4llen (och f\u00f6r att jag ska kunna ha mina saker samlade h\u00e4r f\u00f6r min egen skull).<\/p>\n<p>10. Vad g\u00f6r du idag? Skriv en rad och ber\u00e4tta!<\/p>\n","protected":false},"excerpt":{"rendered":"<p>Glad s\u00f6ndag k\u00e4ra l\u00e4sare! 2. Idag tj\u00e4nstg\u00f6r jag inte n\u00e5gonstans (men missa inte gudstj\u00e4nsten i \u00d6lsremma 10 med Movin\u00b4Gospel och kakbuffe efter\u00e5t). \u00c5terst\u00e5r att se om det blir n\u00e5gon gudstj\u00e4nst fr\u00e5n b\u00e4nken. Det h\u00e4r \u00e4r annars en riktigt kanons\u00f6ndag att predika p\u00e5. 3. Den andra s\u00f6ndagen i advent handlar n\u00e4mligen om &#8221;Guds rike&#8221; och det [&hellip;]<\/p>\n","protected":false},"author":392,"featured_media":7519,"comment_status":"open","ping_status":"open","sticky":false,"template":"","format":"standard","meta":{"_acf_changed":false,"footnotes":""},"categories":[76766],"tags":[],"class_list":["post-7517","post","type-post","status-publish","format-standard","has-post-thumbnail","hentry","category-blandat"],"acf":[],"yoast_head":"<!-- This site is optimized with the Yoast SEO plugin v27.1.1 - https:\/\/yoast.com\/product\/yoast-seo-wordpress\/ -->\n<title>10 blandade tankar p\u00e5 (andra advents-)s\u00f6ndagen - Vandra V\u00e4gen<\/title>\n<meta name=\"robots\" content=\"index, follow, max-snippet:-1, max-image-preview:large, max-video-preview:-1\" \/>\n<link rel=\"canonical\" href=\"https:\/\/blogg.svenskakyrkan.se\/vandravagen\/2019\/12\/08\/10-blandade-tankar-pa-andra-advents-sondagen\/\" \/>\n<meta property=\"og:locale\" content=\"sv_SE\" \/>\n<meta property=\"og:type\" content=\"article\" \/>\n<meta property=\"og:title\" content=\"10 blandade tankar p\u00e5 (andra advents-)s\u00f6ndagen - Vandra V\u00e4gen\" \/>\n<meta property=\"og:description\" content=\"Glad s\u00f6ndag k\u00e4ra l\u00e4sare! 2. Idag tj\u00e4nstg\u00f6r jag inte n\u00e5gonstans (men missa inte gudstj\u00e4nsten i \u00d6lsremma 10 med Movin\u00b4Gospel och kakbuffe efter\u00e5t). \u00c5terst\u00e5r att se om det blir n\u00e5gon gudstj\u00e4nst fr\u00e5n b\u00e4nken. Det h\u00e4r \u00e4r annars en riktigt kanons\u00f6ndag att predika p\u00e5. 3. Den andra s\u00f6ndagen i advent handlar n\u00e4mligen om &#8221;Guds rike&#8221; och det [&hellip;]\" \/>\n<meta property=\"og:url\" content=\"https:\/\/blogg.svenskakyrkan.se\/vandravagen\/2019\/12\/08\/10-blandade-tankar-pa-andra-advents-sondagen\/\" \/>\n<meta property=\"og:site_name\" content=\"Vandra V\u00e4gen\" \/>\n<meta property=\"article:publisher\" content=\"http:\/\/facebook.com\/vandravagen\" \/>\n<meta property=\"article:published_time\" content=\"2019-12-08T06:00:32+00:00\" \/>\n<meta name=\"author\" content=\"Tomas Jarvid\" \/>\n<meta name=\"twitter:card\" content=\"summary_large_image\" \/>\n<meta name=\"twitter:creator\" content=\"@fadertomas\" \/>\n<meta name=\"twitter:site\" content=\"@fadertomas\" \/>\n<meta name=\"twitter:label1\" content=\"Skriven av\" \/>\n\t<meta name=\"twitter:data1\" content=\"Tomas Jarvid\" \/>\n\t<meta name=\"twitter:label2\" content=\"Ber\u00e4knad l\u00e4stid\" \/>\n\t<meta name=\"twitter:data2\" content=\"2 minuter\" \/>\n<script type=\"application\/ld+json\" class=\"yoast-schema-graph\">{\"@context\":\"https:\/\/schema.org\",\"@graph\":[{\"@type\":\"Article\",\"@id\":\"https:\/\/blogg.svenskakyrkan.se\/vandravagen\/2019\/12\/08\/10-blandade-tankar-pa-andra-advents-sondagen\/#article\",\"isPartOf\":{\"@id\":\"https:\/\/blogg.svenskakyrkan.se\/vandravagen\/2019\/12\/08\/10-blandade-tankar-pa-andra-advents-sondagen\/\"},\"author\":{\"name\":\"Tomas Jarvid\",\"@id\":\"https:\/\/blogg.svenskakyrkan.se\/vandravagen\/#\/schema\/person\/25da02d4f76b137d04291711e2c9fc16\"},\"headline\":\"10 blandade tankar p\u00e5 (andra advents-)s\u00f6ndagen\",\"datePublished\":\"2019-12-08T06:00:32+00:00\",\"mainEntityOfPage\":{\"@id\":\"https:\/\/blogg.svenskakyrkan.se\/vandravagen\/2019\/12\/08\/10-blandade-tankar-pa-andra-advents-sondagen\/\"},\"wordCount\":402,\"commentCount\":4,\"publisher\":{\"@id\":\"https:\/\/blogg.svenskakyrkan.se\/vandravagen\/#organization\"},\"image\":{\"@id\":\"https:\/\/blogg.svenskakyrkan.se\/vandravagen\/2019\/12\/08\/10-blandade-tankar-pa-andra-advents-sondagen\/#primaryimage\"},\"thumbnailUrl\":\"https:\/\/blogg.svenskakyrkan.se\/vandravagen\/files\/2019\/12\/IMG_2190.jpg\",\"articleSection\":[\"blandat\"],\"inLanguage\":\"sv-SE\",\"potentialAction\":[{\"@type\":\"CommentAction\",\"name\":\"Comment\",\"target\":[\"https:\/\/blogg.svenskakyrkan.se\/vandravagen\/2019\/12\/08\/10-blandade-tankar-pa-andra-advents-sondagen\/#respond\"]}]},{\"@type\":\"WebPage\",\"@id\":\"https:\/\/blogg.svenskakyrkan.se\/vandravagen\/2019\/12\/08\/10-blandade-tankar-pa-andra-advents-sondagen\/\",\"url\":\"https:\/\/blogg.svenskakyrkan.se\/vandravagen\/2019\/12\/08\/10-blandade-tankar-pa-andra-advents-sondagen\/\",\"name\":\"10 blandade tankar p\u00e5 (andra advents-)s\u00f6ndagen - Vandra V\u00e4gen\",\"isPartOf\":{\"@id\":\"https:\/\/blogg.svenskakyrkan.se\/vandravagen\/#website\"},\"primaryImageOfPage\":{\"@id\":\"https:\/\/blogg.svenskakyrkan.se\/vandravagen\/2019\/12\/08\/10-blandade-tankar-pa-andra-advents-sondagen\/#primaryimage\"},\"image\":{\"@id\":\"https:\/\/blogg.svenskakyrkan.se\/vandravagen\/2019\/12\/08\/10-blandade-tankar-pa-andra-advents-sondagen\/#primaryimage\"},\"thumbnailUrl\":\"https:\/\/blogg.svenskakyrkan.se\/vandravagen\/files\/2019\/12\/IMG_2190.jpg\",\"datePublished\":\"2019-12-08T06:00:32+00:00\",\"breadcrumb\":{\"@id\":\"https:\/\/blogg.svenskakyrkan.se\/vandravagen\/2019\/12\/08\/10-blandade-tankar-pa-andra-advents-sondagen\/#breadcrumb\"},\"inLanguage\":\"sv-SE\",\"potentialAction\":[{\"@type\":\"ReadAction\",\"target\":[\"https:\/\/blogg.svenskakyrkan.se\/vandravagen\/2019\/12\/08\/10-blandade-tankar-pa-andra-advents-sondagen\/\"]}]},{\"@type\":\"ImageObject\",\"inLanguage\":\"sv-SE\",\"@id\":\"https:\/\/blogg.svenskakyrkan.se\/vandravagen\/2019\/12\/08\/10-blandade-tankar-pa-andra-advents-sondagen\/#primaryimage\",\"url\":\"https:\/\/blogg.svenskakyrkan.se\/vandravagen\/files\/2019\/12\/IMG_2190.jpg\",\"contentUrl\":\"https:\/\/blogg.svenskakyrkan.se\/vandravagen\/files\/2019\/12\/IMG_2190.jpg\",\"width\":1115,\"height\":776,\"caption\":\"Blandad bild p\u00e5 en man med sin kanot. V\u00e4ldigt fint.\"},{\"@type\":\"BreadcrumbList\",\"@id\":\"https:\/\/blogg.svenskakyrkan.se\/vandravagen\/2019\/12\/08\/10-blandade-tankar-pa-andra-advents-sondagen\/#breadcrumb\",\"itemListElement\":[{\"@type\":\"ListItem\",\"position\":1,\"name\":\"Hem\",\"item\":\"https:\/\/blogg.svenskakyrkan.se\/vandravagen\/\"},{\"@type\":\"ListItem\",\"position\":2,\"name\":\"10 blandade tankar p\u00e5 (andra advents-)s\u00f6ndagen\"}]},{\"@type\":\"WebSite\",\"@id\":\"https:\/\/blogg.svenskakyrkan.se\/vandravagen\/#website\",\"url\":\"https:\/\/blogg.svenskakyrkan.se\/vandravagen\/\",\"name\":\"Vandra V\u00e4gen\",\"description\":\"-Mot en tro f\u00f6r hela livet\",\"publisher\":{\"@id\":\"https:\/\/blogg.svenskakyrkan.se\/vandravagen\/#organization\"},\"potentialAction\":[{\"@type\":\"SearchAction\",\"target\":{\"@type\":\"EntryPoint\",\"urlTemplate\":\"https:\/\/blogg.svenskakyrkan.se\/vandravagen\/?s={search_term_string}\"},\"query-input\":{\"@type\":\"PropertyValueSpecification\",\"valueRequired\":true,\"valueName\":\"search_term_string\"}}],\"inLanguage\":\"sv-SE\"},{\"@type\":\"Organization\",\"@id\":\"https:\/\/blogg.svenskakyrkan.se\/vandravagen\/#organization\",\"name\":\"ulricehamns pastorat\",\"alternateName\":\"ulricehamns pastorat\",\"url\":\"https:\/\/blogg.svenskakyrkan.se\/vandravagen\/\",\"logo\":{\"@type\":\"ImageObject\",\"inLanguage\":\"sv-SE\",\"@id\":\"https:\/\/blogg.svenskakyrkan.se\/vandravagen\/#\/schema\/logo\/image\/\",\"url\":\"https:\/\/blogg.svenskakyrkan.se\/vandravagen\/files\/2023\/05\/Ulr_logo_RGB.png\",\"contentUrl\":\"https:\/\/blogg.svenskakyrkan.se\/vandravagen\/files\/2023\/05\/Ulr_logo_RGB.png\",\"width\":205,\"height\":77,\"caption\":\"ulricehamns pastorat\"},\"image\":{\"@id\":\"https:\/\/blogg.svenskakyrkan.se\/vandravagen\/#\/schema\/logo\/image\/\"},\"sameAs\":[\"http:\/\/facebook.com\/vandravagen\",\"https:\/\/x.com\/fadertomas\",\"http:\/\/www.facebook.com\/svenskakyrkaniulricehamn\"]},{\"@type\":\"Person\",\"@id\":\"https:\/\/blogg.svenskakyrkan.se\/vandravagen\/#\/schema\/person\/25da02d4f76b137d04291711e2c9fc16\",\"name\":\"Tomas Jarvid\",\"image\":{\"@type\":\"ImageObject\",\"inLanguage\":\"sv-SE\",\"@id\":\"https:\/\/blogg.svenskakyrkan.se\/vandravagen\/#\/schema\/person\/image\/\",\"url\":\"https:\/\/secure.gravatar.com\/avatar\/7fa71899795e8f540f615a1f5ab25255dc27aa40f05ee7ddd21aac521e01bf50?s=96&d=identicon&r=g\",\"contentUrl\":\"https:\/\/secure.gravatar.com\/avatar\/7fa71899795e8f540f615a1f5ab25255dc27aa40f05ee7ddd21aac521e01bf50?s=96&d=identicon&r=g\",\"caption\":\"Tomas Jarvid\"},\"description\":\"Jag bor i Ulricehamn i V\u00e4sterg\u00f6tland och \u00e4r f\u00f6rsamlingspr\u00e4st i Svenska Kyrkan f\u00f6r Dalstorps f\u00f6rsamling i Kinds pastorat. P\u00e5 den h\u00e4r bloggen skriver jag ner tankar om vandringen som kristen.\",\"sameAs\":[\"http:\/\/www.vandravagen.se\"],\"url\":\"https:\/\/blogg.svenskakyrkan.se\/vandravagen\/author\/vandravagen\/\"}]}<\/script>\n<!-- \/ Yoast SEO plugin. -->","yoast_head_json":{"title":"10 blandade tankar p\u00e5 (andra advents-)s\u00f6ndagen - Vandra V\u00e4gen","robots":{"index":"index","follow":"follow","max-snippet":"max-snippet:-1","max-image-preview":"max-image-preview:large","max-video-preview":"max-video-preview:-1"},"canonical":"https:\/\/blogg.svenskakyrkan.se\/vandravagen\/2019\/12\/08\/10-blandade-tankar-pa-andra-advents-sondagen\/","og_locale":"sv_SE","og_type":"article","og_title":"10 blandade tankar p\u00e5 (andra advents-)s\u00f6ndagen - Vandra V\u00e4gen","og_description":"Glad s\u00f6ndag k\u00e4ra l\u00e4sare! 2. Idag tj\u00e4nstg\u00f6r jag inte n\u00e5gonstans (men missa inte gudstj\u00e4nsten i \u00d6lsremma 10 med Movin\u00b4Gospel och kakbuffe efter\u00e5t). \u00c5terst\u00e5r att se om det blir n\u00e5gon gudstj\u00e4nst fr\u00e5n b\u00e4nken. Det h\u00e4r \u00e4r annars en riktigt kanons\u00f6ndag att predika p\u00e5. 3. Den andra s\u00f6ndagen i advent handlar n\u00e4mligen om &#8221;Guds rike&#8221; och det [&hellip;]","og_url":"https:\/\/blogg.svenskakyrkan.se\/vandravagen\/2019\/12\/08\/10-blandade-tankar-pa-andra-advents-sondagen\/","og_site_name":"Vandra V\u00e4gen","article_publisher":"http:\/\/facebook.com\/vandravagen","article_published_time":"2019-12-08T06:00:32+00:00","author":"Tomas Jarvid","twitter_card":"summary_large_image","twitter_creator":"@fadertomas","twitter_site":"@fadertomas","twitter_misc":{"Skriven av":"Tomas Jarvid","Ber\u00e4knad l\u00e4stid":"2 minuter"},"schema":{"@context":"https:\/\/schema.org","@graph":[{"@type":"Article","@id":"https:\/\/blogg.svenskakyrkan.se\/vandravagen\/2019\/12\/08\/10-blandade-tankar-pa-andra-advents-sondagen\/#article","isPartOf":{"@id":"https:\/\/blogg.svenskakyrkan.se\/vandravagen\/2019\/12\/08\/10-blandade-tankar-pa-andra-advents-sondagen\/"},"author":{"name":"Tomas Jarvid","@id":"https:\/\/blogg.svenskakyrkan.se\/vandravagen\/#\/schema\/person\/25da02d4f76b137d04291711e2c9fc16"},"headline":"10 blandade tankar p\u00e5 (andra advents-)s\u00f6ndagen","datePublished":"2019-12-08T06:00:32+00:00","mainEntityOfPage":{"@id":"https:\/\/blogg.svenskakyrkan.se\/vandravagen\/2019\/12\/08\/10-blandade-tankar-pa-andra-advents-sondagen\/"},"wordCount":402,"commentCount":4,"publisher":{"@id":"https:\/\/blogg.svenskakyrkan.se\/vandravagen\/#organization"},"image":{"@id":"https:\/\/blogg.svenskakyrkan.se\/vandravagen\/2019\/12\/08\/10-blandade-tankar-pa-andra-advents-sondagen\/#primaryimage"},"thumbnailUrl":"https:\/\/blogg.svenskakyrkan.se\/vandravagen\/files\/2019\/12\/IMG_2190.jpg","articleSection":["blandat"],"inLanguage":"sv-SE","potentialAction":[{"@type":"CommentAction","name":"Comment","target":["https:\/\/blogg.svenskakyrkan.se\/vandravagen\/2019\/12\/08\/10-blandade-tankar-pa-andra-advents-sondagen\/#respond"]}]},{"@type":"WebPage","@id":"https:\/\/blogg.svenskakyrkan.se\/vandravagen\/2019\/12\/08\/10-blandade-tankar-pa-andra-advents-sondagen\/","url":"https:\/\/blogg.svenskakyrkan.se\/vandravagen\/2019\/12\/08\/10-blandade-tankar-pa-andra-advents-sondagen\/","name":"10 blandade tankar p\u00e5 (andra advents-)s\u00f6ndagen - Vandra V\u00e4gen","isPartOf":{"@id":"https:\/\/blogg.svenskakyrkan.se\/vandravagen\/#website"},"primaryImageOfPage":{"@id":"https:\/\/blogg.svenskakyrkan.se\/vandravagen\/2019\/12\/08\/10-blandade-tankar-pa-andra-advents-sondagen\/#primaryimage"},"image":{"@id":"https:\/\/blogg.svenskakyrkan.se\/vandravagen\/2019\/12\/08\/10-blandade-tankar-pa-andra-advents-sondagen\/#primaryimage"},"thumbnailUrl":"https:\/\/blogg.svenskakyrkan.se\/vandravagen\/files\/2019\/12\/IMG_2190.jpg","datePublished":"2019-12-08T06:00:32+00:00","breadcrumb":{"@id":"https:\/\/blogg.svenskakyrkan.se\/vandravagen\/2019\/12\/08\/10-blandade-tankar-pa-andra-advents-sondagen\/#breadcrumb"},"inLanguage":"sv-SE","potentialAction":[{"@type":"ReadAction","target":["https:\/\/blogg.svenskakyrkan.se\/vandravagen\/2019\/12\/08\/10-blandade-tankar-pa-andra-advents-sondagen\/"]}]},{"@type":"ImageObject","inLanguage":"sv-SE","@id":"https:\/\/blogg.svenskakyrkan.se\/vandravagen\/2019\/12\/08\/10-blandade-tankar-pa-andra-advents-sondagen\/#primaryimage","url":"https:\/\/blogg.svenskakyrkan.se\/vandravagen\/files\/2019\/12\/IMG_2190.jpg","contentUrl":"https:\/\/blogg.svenskakyrkan.se\/vandravagen\/files\/2019\/12\/IMG_2190.jpg","width":1115,"height":776,"caption":"Blandad bild p\u00e5 en man med sin kanot. V\u00e4ldigt fint."},{"@type":"BreadcrumbList","@id":"https:\/\/blogg.svenskakyrkan.se\/vandravagen\/2019\/12\/08\/10-blandade-tankar-pa-andra-advents-sondagen\/#breadcrumb","itemListElement":[{"@type":"ListItem","position":1,"name":"Hem","item":"https:\/\/blogg.svenskakyrkan.se\/vandravagen\/"},{"@type":"ListItem","position":2,"name":"10 blandade tankar p\u00e5 (andra advents-)s\u00f6ndagen"}]},{"@type":"WebSite","@id":"https:\/\/blogg.svenskakyrkan.se\/vandravagen\/#website","url":"https:\/\/blogg.svenskakyrkan.se\/vandravagen\/","name":"Vandra V\u00e4gen","description":"-Mot en tro f\u00f6r hela livet","publisher":{"@id":"https:\/\/blogg.svenskakyrkan.se\/vandravagen\/#organization"},"potentialAction":[{"@type":"SearchAction","target":{"@type":"EntryPoint","urlTemplate":"https:\/\/blogg.svenskakyrkan.se\/vandravagen\/?s={search_term_string}"},"query-input":{"@type":"PropertyValueSpecification","valueRequired":true,"valueName":"search_term_string"}}],"inLanguage":"sv-SE"},{"@type":"Organization","@id":"https:\/\/blogg.svenskakyrkan.se\/vandravagen\/#organization","name":"ulricehamns pastorat","alternateName":"ulricehamns pastorat","url":"https:\/\/blogg.svenskakyrkan.se\/vandravagen\/","logo":{"@type":"ImageObject","inLanguage":"sv-SE","@id":"https:\/\/blogg.svenskakyrkan.se\/vandravagen\/#\/schema\/logo\/image\/","url":"https:\/\/blogg.svenskakyrkan.se\/vandravagen\/files\/2023\/05\/Ulr_logo_RGB.png","contentUrl":"https:\/\/blogg.svenskakyrkan.se\/vandravagen\/files\/2023\/05\/Ulr_logo_RGB.png","width":205,"height":77,"caption":"ulricehamns pastorat"},"image":{"@id":"https:\/\/blogg.svenskakyrkan.se\/vandravagen\/#\/schema\/logo\/image\/"},"sameAs":["http:\/\/facebook.com\/vandravagen","https:\/\/x.com\/fadertomas","http:\/\/www.facebook.com\/svenskakyrkaniulricehamn"]},{"@type":"Person","@id":"https:\/\/blogg.svenskakyrkan.se\/vandravagen\/#\/schema\/person\/25da02d4f76b137d04291711e2c9fc16","name":"Tomas Jarvid","image":{"@type":"ImageObject","inLanguage":"sv-SE","@id":"https:\/\/blogg.svenskakyrkan.se\/vandravagen\/#\/schema\/person\/image\/","url":"https:\/\/secure.gravatar.com\/avatar\/7fa71899795e8f540f615a1f5ab25255dc27aa40f05ee7ddd21aac521e01bf50?s=96&d=identicon&r=g","contentUrl":"https:\/\/secure.gravatar.com\/avatar\/7fa71899795e8f540f615a1f5ab25255dc27aa40f05ee7ddd21aac521e01bf50?s=96&d=identicon&r=g","caption":"Tomas Jarvid"},"description":"Jag bor i Ulricehamn i V\u00e4sterg\u00f6tland och \u00e4r f\u00f6rsamlingspr\u00e4st i Svenska Kyrkan f\u00f6r Dalstorps f\u00f6rsamling i Kinds pastorat. P\u00e5 den h\u00e4r bloggen skriver jag ner tankar om vandringen som kristen.","sameAs":["http:\/\/www.vandravagen.se"],"url":"https:\/\/blogg.svenskakyrkan.se\/vandravagen\/author\/vandravagen\/"}]}},"author_meta":{"ID":"392","user_nicename":"vandravagen","user_url":"http:\/\/www.vandravagen.se","user_registered":"2014-05-19 05:44:52","display_name":"Tomas Jarvid","first_name":"Tomas","last_name":"Jarvid","avatar":"https:\/\/secure.gravatar.com\/avatar\/7fa71899795e8f540f615a1f5ab25255dc27aa40f05ee7ddd21aac521e01bf50?s=96&d=identicon&r=g"},"featured_image":["https:\/\/blogg.svenskakyrkan.se\/vandravagen\/files\/2019\/12\/IMG_2190-1024x713.jpg",1024,713,true],"bloginfo":{"name":"Vandra V\u00e4gen","url":"https:\/\/blogg.svenskakyrkan.se\/vandravagen"},"_links":{"self":[{"href":"https:\/\/blogg.svenskakyrkan.se\/vandravagen\/wp-json\/wp\/v2\/posts\/7517","targetHints":{"allow":["GET"]}}],"collection":[{"href":"https:\/\/blogg.svenskakyrkan.se\/vandravagen\/wp-json\/wp\/v2\/posts"}],"about":[{"href":"https:\/\/blogg.svenskakyrkan.se\/vandravagen\/wp-json\/wp\/v2\/types\/post"}],"author":[{"embeddable":true,"href":"https:\/\/blogg.svenskakyrkan.se\/vandravagen\/wp-json\/wp\/v2\/users\/392"}],"replies":[{"embeddable":true,"href":"https:\/\/blogg.svenskakyrkan.se\/vandravagen\/wp-json\/wp\/v2\/comments?post=7517"}],"version-history":[{"count":1,"href":"https:\/\/blogg.svenskakyrkan.se\/vandravagen\/wp-json\/wp\/v2\/posts\/7517\/revisions"}],"predecessor-version":[{"id":7520,"href":"https:\/\/blogg.svenskakyrkan.se\/vandravagen\/wp-json\/wp\/v2\/posts\/7517\/revisions\/7520"}],"wp:featuredmedia":[{"embeddable":true,"href":"https:\/\/blogg.svenskakyrkan.se\/vandravagen\/wp-json\/wp\/v2\/media\/7519"}],"wp:attachment":[{"href":"https:\/\/blogg.svenskakyrkan.se\/vandravagen\/wp-json\/wp\/v2\/media?parent=7517"}],"wp:term":[{"taxonomy":"category","embeddable":true,"href":"https:\/\/blogg.svenskakyrkan.se\/vandravagen\/wp-json\/wp\/v2\/categories?post=7517"},{"taxonomy":"post_tag","embeddable":true,"href":"https:\/\/blogg.svenskakyrkan.se\/vandravagen\/wp-json\/wp\/v2\/tags?post=7517"}],"curies":[{"name":"wp","href":"https:\/\/api.w.org\/{rel}","templated":true}]}}