{"id":752,"date":"2013-01-21T19:08:00","date_gmt":"2013-01-21T18:08:00","guid":{"rendered":"http:\/\/blogg.svenskakyrkan.se\/vandravagen\/2013\/01\/21\/perelandra-c-s-lewis-basta-bok\/"},"modified":"2013-01-21T19:08:00","modified_gmt":"2013-01-21T18:08:00","slug":"perelandra-c-s-lewis-basta-bok","status":"publish","type":"post","link":"https:\/\/blogg.svenskakyrkan.se\/vandravagen\/2013\/01\/21\/perelandra-c-s-lewis-basta-bok\/","title":{"rendered":"Perelandra, C.S Lewis b\u00e4sta bok"},"content":{"rendered":"<div><a href=\"http:\/\/2.bp.blogspot.com\/-oeUtVqytaHQ\/TqY4NvJw4rI\/AAAAAAAABDg\/wR0U45ZDoBI\/s1600\/Perelandra.jpg\"><img loading=\"lazy\" decoding=\"async\" border=\"0\" height=\"320\" src=\"http:\/\/2.bp.blogspot.com\/-oeUtVqytaHQ\/TqY4NvJw4rI\/AAAAAAAABDg\/wR0U45ZDoBI\/s320\/Perelandra.jpg\" width=\"240\"><\/a><\/div>\n<p>Enligt C.S Lewis sj\u00e4lv var Perelandra, j\u00e4mte den mindre k\u00e4nda &#8221;det r\u00e4tta ansiktet&#8221;, den bok han var mest n\u00f6jd med. Jag har just l\u00e4st om den och \u00e4r \u00e5terigen m\u00e4kta imponerad.<\/p>\n<p>Perelandra \u00e4r del tv\u00e5 av tre i det som kallas Lewis science fiction-trilogi. Vi f\u00e5r f\u00f6lja spr\u00e5kprofessorn Ransom som \u00e4ven var huvudperson i &#8221;utflykt fr\u00e5n tyst planet&#8221; (ganska kass titel i \u00f6vers\u00e4ttning av&#8221;out of the silent planet&#8221;) p\u00e5 resa ut i rymden. D\u00e4r st\u00e4lls han inf\u00f6r en of\u00f6rst\u00f6rd men hotad ung v\u00e4rld och kastas in i en fascinerande kamp mellan gott och ont. Den som kan sin kristendom hittar som vanligt likheter med en m\u00e4ngd teologiska tankar och bibliska motiv, det g\u00f6r inte det hela s\u00e4mre \u00e4ven om handlingen \u00e4r stark i sig.<\/p>\n<p>Jag har tidigare skrivit p\u00e5 bloggen om hur viktigt det \u00e4r med sk\u00f6nlitteratur som belyser och exemplifierar de kristna tankarna om livet och d\u00e4r st\u00e5r Perelandra i s\u00e4rst\u00e4llning, h\u00e4r f\u00e5r vi smaka p\u00e5 paradiset och k\u00e4nna hur det kryper i kroppen n\u00e4r ondskans makter r\u00f6r p\u00e5 sig. L\u00e4r hela serien du, det \u00e4r en fantastisk l\u00e4supplevelse!<\/p>\n<p>Har du l\u00e4st den? Vad tyckte du?<\/p>\n","protected":false},"excerpt":{"rendered":"<p>Enligt C.S Lewis sj\u00e4lv var Perelandra, j\u00e4mte den mindre k\u00e4nda &#8221;det r\u00e4tta ansiktet&#8221;, den bok han var mest n\u00f6jd med. Jag har just l\u00e4st om den och \u00e4r \u00e5terigen m\u00e4kta imponerad. Perelandra \u00e4r del tv\u00e5 av tre i det som kallas Lewis science fiction-trilogi. Vi f\u00e5r f\u00f6lja spr\u00e5kprofessorn Ransom som \u00e4ven var huvudperson i &#8221;utflykt [&hellip;]<\/p>\n","protected":false},"author":392,"featured_media":0,"comment_status":"open","ping_status":"open","sticky":false,"template":"","format":"standard","meta":{"_acf_changed":false,"footnotes":""},"categories":[8253,42374],"tags":[],"class_list":["post-752","post","type-post","status-publish","format-standard","hentry","category-bocker","category-boktips"],"acf":[],"yoast_head":"<!-- This site is optimized with the Yoast SEO plugin v27.1.1 - https:\/\/yoast.com\/product\/yoast-seo-wordpress\/ -->\n<title>Perelandra, C.S Lewis b\u00e4sta bok - Vandra V\u00e4gen<\/title>\n<meta name=\"robots\" content=\"index, follow, max-snippet:-1, max-image-preview:large, max-video-preview:-1\" \/>\n<link rel=\"canonical\" href=\"https:\/\/blogg.svenskakyrkan.se\/vandravagen\/2013\/01\/21\/perelandra-c-s-lewis-basta-bok\/\" \/>\n<meta property=\"og:locale\" content=\"sv_SE\" \/>\n<meta property=\"og:type\" content=\"article\" \/>\n<meta property=\"og:title\" content=\"Perelandra, C.S Lewis b\u00e4sta bok - Vandra V\u00e4gen\" \/>\n<meta property=\"og:description\" content=\"Enligt C.S Lewis sj\u00e4lv var Perelandra, j\u00e4mte den mindre k\u00e4nda &#8221;det r\u00e4tta ansiktet&#8221;, den bok han var mest n\u00f6jd med. Jag har just l\u00e4st om den och \u00e4r \u00e5terigen m\u00e4kta imponerad. Perelandra \u00e4r del tv\u00e5 av tre i det som kallas Lewis science fiction-trilogi. Vi f\u00e5r f\u00f6lja spr\u00e5kprofessorn Ransom som \u00e4ven var huvudperson i &#8221;utflykt [&hellip;]\" \/>\n<meta property=\"og:url\" content=\"https:\/\/blogg.svenskakyrkan.se\/vandravagen\/2013\/01\/21\/perelandra-c-s-lewis-basta-bok\/\" \/>\n<meta property=\"og:site_name\" content=\"Vandra V\u00e4gen\" \/>\n<meta property=\"article:publisher\" content=\"http:\/\/facebook.com\/vandravagen\" \/>\n<meta property=\"article:published_time\" content=\"2013-01-21T18:08:00+00:00\" \/>\n<meta property=\"og:image\" content=\"http:\/\/2.bp.blogspot.com\/-oeUtVqytaHQ\/TqY4NvJw4rI\/AAAAAAAABDg\/wR0U45ZDoBI\/s320\/Perelandra.jpg\" \/>\n<meta name=\"author\" content=\"Tomas Jarvid\" \/>\n<meta name=\"twitter:card\" content=\"summary_large_image\" \/>\n<meta name=\"twitter:creator\" content=\"@fadertomas\" \/>\n<meta name=\"twitter:site\" content=\"@fadertomas\" \/>\n<meta name=\"twitter:label1\" content=\"Skriven av\" \/>\n\t<meta name=\"twitter:data1\" content=\"Tomas Jarvid\" \/>\n\t<meta name=\"twitter:label2\" content=\"Ber\u00e4knad l\u00e4stid\" \/>\n\t<meta name=\"twitter:data2\" content=\"1 minut\" \/>\n<script type=\"application\/ld+json\" class=\"yoast-schema-graph\">{\"@context\":\"https:\/\/schema.org\",\"@graph\":[{\"@type\":\"Article\",\"@id\":\"https:\/\/blogg.svenskakyrkan.se\/vandravagen\/2013\/01\/21\/perelandra-c-s-lewis-basta-bok\/#article\",\"isPartOf\":{\"@id\":\"https:\/\/blogg.svenskakyrkan.se\/vandravagen\/2013\/01\/21\/perelandra-c-s-lewis-basta-bok\/\"},\"author\":{\"name\":\"Tomas Jarvid\",\"@id\":\"https:\/\/blogg.svenskakyrkan.se\/vandravagen\/#\/schema\/person\/25da02d4f76b137d04291711e2c9fc16\"},\"headline\":\"Perelandra, C.S Lewis b\u00e4sta bok\",\"datePublished\":\"2013-01-21T18:08:00+00:00\",\"mainEntityOfPage\":{\"@id\":\"https:\/\/blogg.svenskakyrkan.se\/vandravagen\/2013\/01\/21\/perelandra-c-s-lewis-basta-bok\/\"},\"wordCount\":230,\"commentCount\":3,\"publisher\":{\"@id\":\"https:\/\/blogg.svenskakyrkan.se\/vandravagen\/#organization\"},\"image\":{\"@id\":\"https:\/\/blogg.svenskakyrkan.se\/vandravagen\/2013\/01\/21\/perelandra-c-s-lewis-basta-bok\/#primaryimage\"},\"thumbnailUrl\":\"http:\/\/2.bp.blogspot.com\/-oeUtVqytaHQ\/TqY4NvJw4rI\/AAAAAAAABDg\/wR0U45ZDoBI\/s320\/Perelandra.jpg\",\"articleSection\":[\"b\u00f6cker\",\"boktips\"],\"inLanguage\":\"sv-SE\",\"potentialAction\":[{\"@type\":\"CommentAction\",\"name\":\"Comment\",\"target\":[\"https:\/\/blogg.svenskakyrkan.se\/vandravagen\/2013\/01\/21\/perelandra-c-s-lewis-basta-bok\/#respond\"]}]},{\"@type\":\"WebPage\",\"@id\":\"https:\/\/blogg.svenskakyrkan.se\/vandravagen\/2013\/01\/21\/perelandra-c-s-lewis-basta-bok\/\",\"url\":\"https:\/\/blogg.svenskakyrkan.se\/vandravagen\/2013\/01\/21\/perelandra-c-s-lewis-basta-bok\/\",\"name\":\"Perelandra, C.S Lewis b\u00e4sta bok - Vandra V\u00e4gen\",\"isPartOf\":{\"@id\":\"https:\/\/blogg.svenskakyrkan.se\/vandravagen\/#website\"},\"primaryImageOfPage\":{\"@id\":\"https:\/\/blogg.svenskakyrkan.se\/vandravagen\/2013\/01\/21\/perelandra-c-s-lewis-basta-bok\/#primaryimage\"},\"image\":{\"@id\":\"https:\/\/blogg.svenskakyrkan.se\/vandravagen\/2013\/01\/21\/perelandra-c-s-lewis-basta-bok\/#primaryimage\"},\"thumbnailUrl\":\"http:\/\/2.bp.blogspot.com\/-oeUtVqytaHQ\/TqY4NvJw4rI\/AAAAAAAABDg\/wR0U45ZDoBI\/s320\/Perelandra.jpg\",\"datePublished\":\"2013-01-21T18:08:00+00:00\",\"breadcrumb\":{\"@id\":\"https:\/\/blogg.svenskakyrkan.se\/vandravagen\/2013\/01\/21\/perelandra-c-s-lewis-basta-bok\/#breadcrumb\"},\"inLanguage\":\"sv-SE\",\"potentialAction\":[{\"@type\":\"ReadAction\",\"target\":[\"https:\/\/blogg.svenskakyrkan.se\/vandravagen\/2013\/01\/21\/perelandra-c-s-lewis-basta-bok\/\"]}]},{\"@type\":\"ImageObject\",\"inLanguage\":\"sv-SE\",\"@id\":\"https:\/\/blogg.svenskakyrkan.se\/vandravagen\/2013\/01\/21\/perelandra-c-s-lewis-basta-bok\/#primaryimage\",\"url\":\"http:\/\/2.bp.blogspot.com\/-oeUtVqytaHQ\/TqY4NvJw4rI\/AAAAAAAABDg\/wR0U45ZDoBI\/s320\/Perelandra.jpg\",\"contentUrl\":\"http:\/\/2.bp.blogspot.com\/-oeUtVqytaHQ\/TqY4NvJw4rI\/AAAAAAAABDg\/wR0U45ZDoBI\/s320\/Perelandra.jpg\"},{\"@type\":\"BreadcrumbList\",\"@id\":\"https:\/\/blogg.svenskakyrkan.se\/vandravagen\/2013\/01\/21\/perelandra-c-s-lewis-basta-bok\/#breadcrumb\",\"itemListElement\":[{\"@type\":\"ListItem\",\"position\":1,\"name\":\"Hem\",\"item\":\"https:\/\/blogg.svenskakyrkan.se\/vandravagen\/\"},{\"@type\":\"ListItem\",\"position\":2,\"name\":\"Perelandra, C.S Lewis b\u00e4sta bok\"}]},{\"@type\":\"WebSite\",\"@id\":\"https:\/\/blogg.svenskakyrkan.se\/vandravagen\/#website\",\"url\":\"https:\/\/blogg.svenskakyrkan.se\/vandravagen\/\",\"name\":\"Vandra V\u00e4gen\",\"description\":\"-Mot en tro f\u00f6r hela livet\",\"publisher\":{\"@id\":\"https:\/\/blogg.svenskakyrkan.se\/vandravagen\/#organization\"},\"potentialAction\":[{\"@type\":\"SearchAction\",\"target\":{\"@type\":\"EntryPoint\",\"urlTemplate\":\"https:\/\/blogg.svenskakyrkan.se\/vandravagen\/?s={search_term_string}\"},\"query-input\":{\"@type\":\"PropertyValueSpecification\",\"valueRequired\":true,\"valueName\":\"search_term_string\"}}],\"inLanguage\":\"sv-SE\"},{\"@type\":\"Organization\",\"@id\":\"https:\/\/blogg.svenskakyrkan.se\/vandravagen\/#organization\",\"name\":\"ulricehamns pastorat\",\"alternateName\":\"ulricehamns pastorat\",\"url\":\"https:\/\/blogg.svenskakyrkan.se\/vandravagen\/\",\"logo\":{\"@type\":\"ImageObject\",\"inLanguage\":\"sv-SE\",\"@id\":\"https:\/\/blogg.svenskakyrkan.se\/vandravagen\/#\/schema\/logo\/image\/\",\"url\":\"https:\/\/blogg.svenskakyrkan.se\/vandravagen\/files\/2023\/05\/Ulr_logo_RGB.png\",\"contentUrl\":\"https:\/\/blogg.svenskakyrkan.se\/vandravagen\/files\/2023\/05\/Ulr_logo_RGB.png\",\"width\":205,\"height\":77,\"caption\":\"ulricehamns pastorat\"},\"image\":{\"@id\":\"https:\/\/blogg.svenskakyrkan.se\/vandravagen\/#\/schema\/logo\/image\/\"},\"sameAs\":[\"http:\/\/facebook.com\/vandravagen\",\"https:\/\/x.com\/fadertomas\",\"http:\/\/www.facebook.com\/svenskakyrkaniulricehamn\"]},{\"@type\":\"Person\",\"@id\":\"https:\/\/blogg.svenskakyrkan.se\/vandravagen\/#\/schema\/person\/25da02d4f76b137d04291711e2c9fc16\",\"name\":\"Tomas Jarvid\",\"image\":{\"@type\":\"ImageObject\",\"inLanguage\":\"sv-SE\",\"@id\":\"https:\/\/blogg.svenskakyrkan.se\/vandravagen\/#\/schema\/person\/image\/\",\"url\":\"https:\/\/secure.gravatar.com\/avatar\/7fa71899795e8f540f615a1f5ab25255dc27aa40f05ee7ddd21aac521e01bf50?s=96&d=identicon&r=g\",\"contentUrl\":\"https:\/\/secure.gravatar.com\/avatar\/7fa71899795e8f540f615a1f5ab25255dc27aa40f05ee7ddd21aac521e01bf50?s=96&d=identicon&r=g\",\"caption\":\"Tomas Jarvid\"},\"description\":\"Jag bor i Ulricehamn i V\u00e4sterg\u00f6tland och \u00e4r f\u00f6rsamlingspr\u00e4st i Svenska Kyrkan f\u00f6r Dalstorps f\u00f6rsamling i Kinds pastorat. P\u00e5 den h\u00e4r bloggen skriver jag ner tankar om vandringen som kristen.\",\"sameAs\":[\"http:\/\/www.vandravagen.se\"],\"url\":\"https:\/\/blogg.svenskakyrkan.se\/vandravagen\/author\/vandravagen\/\"}]}<\/script>\n<!-- \/ Yoast SEO plugin. -->","yoast_head_json":{"title":"Perelandra, C.S Lewis b\u00e4sta bok - Vandra V\u00e4gen","robots":{"index":"index","follow":"follow","max-snippet":"max-snippet:-1","max-image-preview":"max-image-preview:large","max-video-preview":"max-video-preview:-1"},"canonical":"https:\/\/blogg.svenskakyrkan.se\/vandravagen\/2013\/01\/21\/perelandra-c-s-lewis-basta-bok\/","og_locale":"sv_SE","og_type":"article","og_title":"Perelandra, C.S Lewis b\u00e4sta bok - Vandra V\u00e4gen","og_description":"Enligt C.S Lewis sj\u00e4lv var Perelandra, j\u00e4mte den mindre k\u00e4nda &#8221;det r\u00e4tta ansiktet&#8221;, den bok han var mest n\u00f6jd med. Jag har just l\u00e4st om den och \u00e4r \u00e5terigen m\u00e4kta imponerad. Perelandra \u00e4r del tv\u00e5 av tre i det som kallas Lewis science fiction-trilogi. Vi f\u00e5r f\u00f6lja spr\u00e5kprofessorn Ransom som \u00e4ven var huvudperson i &#8221;utflykt [&hellip;]","og_url":"https:\/\/blogg.svenskakyrkan.se\/vandravagen\/2013\/01\/21\/perelandra-c-s-lewis-basta-bok\/","og_site_name":"Vandra V\u00e4gen","article_publisher":"http:\/\/facebook.com\/vandravagen","article_published_time":"2013-01-21T18:08:00+00:00","og_image":[{"url":"http:\/\/2.bp.blogspot.com\/-oeUtVqytaHQ\/TqY4NvJw4rI\/AAAAAAAABDg\/wR0U45ZDoBI\/s320\/Perelandra.jpg","type":"","width":"","height":""}],"author":"Tomas Jarvid","twitter_card":"summary_large_image","twitter_creator":"@fadertomas","twitter_site":"@fadertomas","twitter_misc":{"Skriven av":"Tomas Jarvid","Ber\u00e4knad l\u00e4stid":"1 minut"},"schema":{"@context":"https:\/\/schema.org","@graph":[{"@type":"Article","@id":"https:\/\/blogg.svenskakyrkan.se\/vandravagen\/2013\/01\/21\/perelandra-c-s-lewis-basta-bok\/#article","isPartOf":{"@id":"https:\/\/blogg.svenskakyrkan.se\/vandravagen\/2013\/01\/21\/perelandra-c-s-lewis-basta-bok\/"},"author":{"name":"Tomas Jarvid","@id":"https:\/\/blogg.svenskakyrkan.se\/vandravagen\/#\/schema\/person\/25da02d4f76b137d04291711e2c9fc16"},"headline":"Perelandra, C.S Lewis b\u00e4sta bok","datePublished":"2013-01-21T18:08:00+00:00","mainEntityOfPage":{"@id":"https:\/\/blogg.svenskakyrkan.se\/vandravagen\/2013\/01\/21\/perelandra-c-s-lewis-basta-bok\/"},"wordCount":230,"commentCount":3,"publisher":{"@id":"https:\/\/blogg.svenskakyrkan.se\/vandravagen\/#organization"},"image":{"@id":"https:\/\/blogg.svenskakyrkan.se\/vandravagen\/2013\/01\/21\/perelandra-c-s-lewis-basta-bok\/#primaryimage"},"thumbnailUrl":"http:\/\/2.bp.blogspot.com\/-oeUtVqytaHQ\/TqY4NvJw4rI\/AAAAAAAABDg\/wR0U45ZDoBI\/s320\/Perelandra.jpg","articleSection":["b\u00f6cker","boktips"],"inLanguage":"sv-SE","potentialAction":[{"@type":"CommentAction","name":"Comment","target":["https:\/\/blogg.svenskakyrkan.se\/vandravagen\/2013\/01\/21\/perelandra-c-s-lewis-basta-bok\/#respond"]}]},{"@type":"WebPage","@id":"https:\/\/blogg.svenskakyrkan.se\/vandravagen\/2013\/01\/21\/perelandra-c-s-lewis-basta-bok\/","url":"https:\/\/blogg.svenskakyrkan.se\/vandravagen\/2013\/01\/21\/perelandra-c-s-lewis-basta-bok\/","name":"Perelandra, C.S Lewis b\u00e4sta bok - Vandra V\u00e4gen","isPartOf":{"@id":"https:\/\/blogg.svenskakyrkan.se\/vandravagen\/#website"},"primaryImageOfPage":{"@id":"https:\/\/blogg.svenskakyrkan.se\/vandravagen\/2013\/01\/21\/perelandra-c-s-lewis-basta-bok\/#primaryimage"},"image":{"@id":"https:\/\/blogg.svenskakyrkan.se\/vandravagen\/2013\/01\/21\/perelandra-c-s-lewis-basta-bok\/#primaryimage"},"thumbnailUrl":"http:\/\/2.bp.blogspot.com\/-oeUtVqytaHQ\/TqY4NvJw4rI\/AAAAAAAABDg\/wR0U45ZDoBI\/s320\/Perelandra.jpg","datePublished":"2013-01-21T18:08:00+00:00","breadcrumb":{"@id":"https:\/\/blogg.svenskakyrkan.se\/vandravagen\/2013\/01\/21\/perelandra-c-s-lewis-basta-bok\/#breadcrumb"},"inLanguage":"sv-SE","potentialAction":[{"@type":"ReadAction","target":["https:\/\/blogg.svenskakyrkan.se\/vandravagen\/2013\/01\/21\/perelandra-c-s-lewis-basta-bok\/"]}]},{"@type":"ImageObject","inLanguage":"sv-SE","@id":"https:\/\/blogg.svenskakyrkan.se\/vandravagen\/2013\/01\/21\/perelandra-c-s-lewis-basta-bok\/#primaryimage","url":"http:\/\/2.bp.blogspot.com\/-oeUtVqytaHQ\/TqY4NvJw4rI\/AAAAAAAABDg\/wR0U45ZDoBI\/s320\/Perelandra.jpg","contentUrl":"http:\/\/2.bp.blogspot.com\/-oeUtVqytaHQ\/TqY4NvJw4rI\/AAAAAAAABDg\/wR0U45ZDoBI\/s320\/Perelandra.jpg"},{"@type":"BreadcrumbList","@id":"https:\/\/blogg.svenskakyrkan.se\/vandravagen\/2013\/01\/21\/perelandra-c-s-lewis-basta-bok\/#breadcrumb","itemListElement":[{"@type":"ListItem","position":1,"name":"Hem","item":"https:\/\/blogg.svenskakyrkan.se\/vandravagen\/"},{"@type":"ListItem","position":2,"name":"Perelandra, C.S Lewis b\u00e4sta bok"}]},{"@type":"WebSite","@id":"https:\/\/blogg.svenskakyrkan.se\/vandravagen\/#website","url":"https:\/\/blogg.svenskakyrkan.se\/vandravagen\/","name":"Vandra V\u00e4gen","description":"-Mot en tro f\u00f6r hela livet","publisher":{"@id":"https:\/\/blogg.svenskakyrkan.se\/vandravagen\/#organization"},"potentialAction":[{"@type":"SearchAction","target":{"@type":"EntryPoint","urlTemplate":"https:\/\/blogg.svenskakyrkan.se\/vandravagen\/?s={search_term_string}"},"query-input":{"@type":"PropertyValueSpecification","valueRequired":true,"valueName":"search_term_string"}}],"inLanguage":"sv-SE"},{"@type":"Organization","@id":"https:\/\/blogg.svenskakyrkan.se\/vandravagen\/#organization","name":"ulricehamns pastorat","alternateName":"ulricehamns pastorat","url":"https:\/\/blogg.svenskakyrkan.se\/vandravagen\/","logo":{"@type":"ImageObject","inLanguage":"sv-SE","@id":"https:\/\/blogg.svenskakyrkan.se\/vandravagen\/#\/schema\/logo\/image\/","url":"https:\/\/blogg.svenskakyrkan.se\/vandravagen\/files\/2023\/05\/Ulr_logo_RGB.png","contentUrl":"https:\/\/blogg.svenskakyrkan.se\/vandravagen\/files\/2023\/05\/Ulr_logo_RGB.png","width":205,"height":77,"caption":"ulricehamns pastorat"},"image":{"@id":"https:\/\/blogg.svenskakyrkan.se\/vandravagen\/#\/schema\/logo\/image\/"},"sameAs":["http:\/\/facebook.com\/vandravagen","https:\/\/x.com\/fadertomas","http:\/\/www.facebook.com\/svenskakyrkaniulricehamn"]},{"@type":"Person","@id":"https:\/\/blogg.svenskakyrkan.se\/vandravagen\/#\/schema\/person\/25da02d4f76b137d04291711e2c9fc16","name":"Tomas Jarvid","image":{"@type":"ImageObject","inLanguage":"sv-SE","@id":"https:\/\/blogg.svenskakyrkan.se\/vandravagen\/#\/schema\/person\/image\/","url":"https:\/\/secure.gravatar.com\/avatar\/7fa71899795e8f540f615a1f5ab25255dc27aa40f05ee7ddd21aac521e01bf50?s=96&d=identicon&r=g","contentUrl":"https:\/\/secure.gravatar.com\/avatar\/7fa71899795e8f540f615a1f5ab25255dc27aa40f05ee7ddd21aac521e01bf50?s=96&d=identicon&r=g","caption":"Tomas Jarvid"},"description":"Jag bor i Ulricehamn i V\u00e4sterg\u00f6tland och \u00e4r f\u00f6rsamlingspr\u00e4st i Svenska Kyrkan f\u00f6r Dalstorps f\u00f6rsamling i Kinds pastorat. P\u00e5 den h\u00e4r bloggen skriver jag ner tankar om vandringen som kristen.","sameAs":["http:\/\/www.vandravagen.se"],"url":"https:\/\/blogg.svenskakyrkan.se\/vandravagen\/author\/vandravagen\/"}]}},"author_meta":{"ID":"392","user_nicename":"vandravagen","user_url":"http:\/\/www.vandravagen.se","user_registered":"2014-05-19 05:44:52","display_name":"Tomas Jarvid","first_name":"Tomas","last_name":"Jarvid","avatar":"https:\/\/secure.gravatar.com\/avatar\/7fa71899795e8f540f615a1f5ab25255dc27aa40f05ee7ddd21aac521e01bf50?s=96&d=identicon&r=g"},"featured_image":false,"bloginfo":{"name":"Vandra V\u00e4gen","url":"https:\/\/blogg.svenskakyrkan.se\/vandravagen"},"_links":{"self":[{"href":"https:\/\/blogg.svenskakyrkan.se\/vandravagen\/wp-json\/wp\/v2\/posts\/752","targetHints":{"allow":["GET"]}}],"collection":[{"href":"https:\/\/blogg.svenskakyrkan.se\/vandravagen\/wp-json\/wp\/v2\/posts"}],"about":[{"href":"https:\/\/blogg.svenskakyrkan.se\/vandravagen\/wp-json\/wp\/v2\/types\/post"}],"author":[{"embeddable":true,"href":"https:\/\/blogg.svenskakyrkan.se\/vandravagen\/wp-json\/wp\/v2\/users\/392"}],"replies":[{"embeddable":true,"href":"https:\/\/blogg.svenskakyrkan.se\/vandravagen\/wp-json\/wp\/v2\/comments?post=752"}],"version-history":[{"count":0,"href":"https:\/\/blogg.svenskakyrkan.se\/vandravagen\/wp-json\/wp\/v2\/posts\/752\/revisions"}],"wp:attachment":[{"href":"https:\/\/blogg.svenskakyrkan.se\/vandravagen\/wp-json\/wp\/v2\/media?parent=752"}],"wp:term":[{"taxonomy":"category","embeddable":true,"href":"https:\/\/blogg.svenskakyrkan.se\/vandravagen\/wp-json\/wp\/v2\/categories?post=752"},{"taxonomy":"post_tag","embeddable":true,"href":"https:\/\/blogg.svenskakyrkan.se\/vandravagen\/wp-json\/wp\/v2\/tags?post=752"}],"curies":[{"name":"wp","href":"https:\/\/api.w.org\/{rel}","templated":true}]}}