{"id":753,"date":"2013-01-21T10:12:00","date_gmt":"2013-01-21T09:12:00","guid":{"rendered":"http:\/\/blogg.svenskakyrkan.se\/vandravagen\/2013\/01\/21\/halsa-i-tanzania-sofia-strinnholm-gastbloggar\/"},"modified":"2013-01-21T10:12:00","modified_gmt":"2013-01-21T09:12:00","slug":"halsa-i-tanzania-sofia-strinnholm-gastbloggar","status":"publish","type":"post","link":"https:\/\/blogg.svenskakyrkan.se\/vandravagen\/2013\/01\/21\/halsa-i-tanzania-sofia-strinnholm-gastbloggar\/","title":{"rendered":"H\u00e4lsa i Tanzania! Sofia Strinnholm g\u00e4stbloggar!"},"content":{"rendered":"<\/p>\n<table align=\"center\" cellpadding=\"0\" cellspacing=\"0\">\n<tbody>\n<tr>\n<td>\n<div>Jag har idag gl\u00e4djen att presentera Sofia Strinnholm som g\u00e4stbloggare! Sofia har deltagit i samma utbytesprogram som Ida Berggren som tidigare skrivit h\u00e4r (<a href=\"http:\/\/vagenixp.blogspot.se\/2012\/10\/ida-berggren-i-nagon-annans-vardag.html\">I n\u00e5gon annans vardag<\/a>, och <a href=\"http:\/\/vagenixp.blogspot.se\/2012\/12\/ida-berggren-ett-inlagg-om-att-landa.html\">Ett inl\u00e4gg om att landa<\/a>) men har varit p\u00e5 en annan plats p\u00e5 jorden; Tanzania.\u00a0<\/div>\n<p><a href=\"http:\/\/1.bp.blogspot.com\/-H9Lh-P2Emww\/UPugZGzhgwI\/AAAAAAAAB0E\/ALvRni2DnUU\/s1600\/Foto+-+Sofia+Olsson.JPG\"><img loading=\"lazy\" decoding=\"async\" border=\"0\" height=\"480\" src=\"http:\/\/1.bp.blogspot.com\/-H9Lh-P2Emww\/UPugZGzhgwI\/AAAAAAAAB0E\/ALvRni2DnUU\/s640\/Foto+-+Sofia+Olsson.JPG\" width=\"640\"><\/a><\/td>\n<\/tr>\n<tr>\n<td>Sofia i det vackra Tanzania. Foto Sofia Olsson<\/td>\n<\/tr>\n<\/tbody>\n<\/table>\n<div><span><span><br \/><\/span><\/span><\/div>\n<div><span><span>Jag heter Sofia Strinnholm och \u00e4r 25 \u00e5r, i h\u00f6stas bodde jag i Tanzania tre m\u00e5nader genom Svenska kyrkan &amp; den Evangelisk-lutherska kyrkan i Tanzania och utbytesprogrammet Ung i den v\u00e4rldsvida kyrkan. Jag \u00e4r bosatt i \u00d6stersund och \u00e4r anst\u00e4lld som f\u00f6rsamlingsassistent i \u00d6stersunds f\u00f6rsamling, p\u00e5 fritiden \u00e4r jag engagerad i f\u00f6rbundsstyrelsen f\u00f6r Svenska Kyrkans Unga och jag dansar styrdans och tr\u00e4nar ganska mycket.<\/span><\/span><\/div>\n<div><span><span>H\u00e4romveckan satt jag p\u00e5 en b\u00e4nk p\u00e5 gymmet och v\u00e4ntade p\u00e5 att d\u00f6rren skulle \u00f6ppnas till lokalen d\u00e4r vi skulle ha ett grupptr\u00e4ningspass. Medan jag satt d\u00e4r iakttog jag de personer som sprang p\u00e5 l\u00f6pbanden och de som styrketr\u00e4nade. Jag s\u00e5g m\u00e5nga m\u00e4nniskor som s\u00e5g ut att lida, som inte s\u00e5g ut att vara glada. Det \u00e4r sv\u00e5rt att beskriva vad jag s\u00e5g, men trots att det \u00e4r en s\u00e5 vanlig syn s\u00e5 k\u00e4ndes det absurt. M\u00e4nniskor p\u00e5 rad som bara springer och springer med sammanbitna ansikten och som inte har n\u00e5got kommunikativt utbyte med varandra alls. Jag har tr\u00e4nat p\u00e5 det h\u00e4r gymmet sedan sommaren 2011 och innan dess bodde jag i \u00d6rnsk\u00f6ldsvik och tr\u00e4nade p\u00e5 ett och samma gym i tre \u00e5r. Nu har vi nyss passerat \u00e5rsskiftet och det h\u00e4r \u00e5rsskiftet skiljer sig inte fr\u00e5n n\u00e5got av de andra under tiden som jag har varit medlem p\u00e5 ett gym. Helt pl\u00f6tsligt \u00e4r det inte l\u00e4ngre m\u00f6jligt att impulsboka ett tr\u00e4ningspass n\u00e5gon timme innan utan jag beh\u00f6ver logga in p\u00e5 onlinebokningen kv\u00e4llen innan f\u00f6r att garanterat f\u00e5 en av de 45 platserna p\u00e5 tr\u00e4ningspasset. Efter ny\u00e5r \u00e4r det v\u00e4ldigt fullt i tr\u00e4ningslokalerna, men redan den f\u00f6rsta m\u00e5naden brukar m\u00e5nga tr\u00f6ttna lite och ta det lugnare. Nu den h\u00e4r veckan m\u00e4rks det redan skillnad, vi n\u00e4rmar oss slutet av januari och m\u00e5nga har tyv\u00e4rr redan kommit av sig i ny\u00e5rsl\u00f6ftena med tr\u00e4ning och h\u00e4lsosamt liv. Men vad \u00e4r h\u00e4lsa? \u00c4r det h\u00e4lsosamt att n\u00e5gon g\u00e5ng om \u00e5r tr\u00e4na frenetiskt f\u00f6r att sedan tappa motivationen? Jag inser att m\u00e5nga av mina tanzaniska v\u00e4nner aldrig skulle kunna f\u00f6rest\u00e4lla sig fysisk tr\u00e4ning p\u00e5 det h\u00e4r viset.<\/span><\/span><\/div>\n<div><span><span>I Tanzania var jag och Sofia ofta ute och joggade p\u00e5 morgnarna, d\u00e5 vi bodde i byn Rwigembe s\u00e5 joggade vi tillsammans med v\u00e5r syster Joana som var dottern i huset. Det blev korta joggingturer i l\u00e5ngsamt tempo d\u00e5 solen b\u00f6rjade stiga, men \u00e4nnu inte v\u00e4rmde, vid halv sju p\u00e5 morgnarna. Det var sk\u00f6nt, det var regelbundet och inte utmattande. P\u00e5 internatskolorna \u00e4r det ganska vanligt att eleverna \u00e4r uppe och joggar innan sex p\u00e5 morgonen, kort och l\u00e5ngsamt i cirka tjugo minuter och samtidigt sjunger glatt och uppmuntrande<\/span><\/span><\/div>\n<div><span><span>V\u00e5r koordinator Elmereck ber\u00e4ttade att han brukar motionera, d\u00e5 joggar han tills han bli varm och sedan promenerar han tillbaka. Vi h\u00f6rde ocks\u00e5 en man s\u00e4ga att han inte motionerar f\u00f6r han har redan s\u00e5 bra kondition.<\/span><\/span><\/div>\n<div><span><span>Under v\u00e5ra tre m\u00e5nader blev det r\u00e4tt m\u00e5nga och l\u00e5nga promenader, ganska ofta vandrade vi upp och nerf\u00f6r kullar, men ocks\u00e5 mindre berg. Vi promenerade f\u00f6r att bes\u00f6ka byar tillsammans med evangelisten eller med pr\u00e4sten, ganska ofta med b\u00e5da tv\u00e5 \u2013 vi bes\u00f6kte familjer och \u00e4ldre \u2013 blev inbjudna att dela m\u00e5ltid, men ocks\u00e5 att samtala om n\u00e5got, fira en andakt och ibland \u00e4ven med nattvard. Ofta h\u00e4lsade vi p\u00e5 dem som hade f\u00f6r l\u00e5ngt f\u00f6r att kunna ta sig till kyrkan p\u00e5 s\u00f6ndagarna, eller f\u00f6r att uppmuntra till kyrkog\u00e5ng. Vi diskade ocks\u00e5 fram\u00e5tlutade med rumporna i v\u00e4dret, och tv\u00e4ttade kl\u00e4der f\u00f6r hand p\u00e5 samma vis likt v\u00e5ra systrar \u2013 och ibland \u00e4ven br\u00f6der. Det h\u00e4nde att vi fick h\u00e4mta vatten p\u00e5 huvudet och vi f\u00f6ll in i det praktiska med att b\u00e4ra v\u00e5ra tygkassar p\u00e5 huvudet. Naturlig tr\u00e4ning som inte tr\u00f6ttade ut, utan som ist\u00e4llet uppbyggande st\u00e4rkte i l\u00e4ngden.<\/span><\/span><\/div>\n<div><span><span>P\u00e5 olika vis skiljer sig v\u00e5ra tv\u00e5 land \u00e5t, men samtidigt \u00e4r v\u00e5ra l\u00e4nder och vi m\u00e4nniskor s\u00e5 v\u00e4ldigt lika varandra. Vi \u00e4r i behov av att m\u00e5 bra och att tycka om oss sj\u00e4lva och varandra.\u00a0<\/span><\/span><\/div>\n","protected":false},"excerpt":{"rendered":"<p>Jag har idag gl\u00e4djen att presentera Sofia Strinnholm som g\u00e4stbloggare! Sofia har deltagit i samma utbytesprogram som Ida Berggren som tidigare skrivit h\u00e4r (I n\u00e5gon annans vardag, och Ett inl\u00e4gg om att landa) men har varit p\u00e5 en annan plats p\u00e5 jorden; Tanzania.\u00a0 Sofia i det vackra Tanzania. Foto Sofia Olsson Jag heter Sofia Strinnholm [&hellip;]<\/p>\n","protected":false},"author":392,"featured_media":0,"comment_status":"open","ping_status":"open","sticky":false,"template":"","format":"standard","meta":{"_acf_changed":false,"footnotes":""},"categories":[17359,33574],"tags":[],"class_list":["post-753","post","type-post","status-publish","format-standard","hentry","category-gastbloggare","category-kyrkan"],"acf":[],"yoast_head":"<!-- This site is optimized with the Yoast SEO plugin v27.1.1 - https:\/\/yoast.com\/product\/yoast-seo-wordpress\/ -->\n<title>H\u00e4lsa i Tanzania! Sofia Strinnholm g\u00e4stbloggar! - Vandra V\u00e4gen<\/title>\n<meta name=\"robots\" content=\"index, follow, max-snippet:-1, max-image-preview:large, max-video-preview:-1\" \/>\n<link rel=\"canonical\" href=\"https:\/\/blogg.svenskakyrkan.se\/vandravagen\/2013\/01\/21\/halsa-i-tanzania-sofia-strinnholm-gastbloggar\/\" \/>\n<meta property=\"og:locale\" content=\"sv_SE\" \/>\n<meta property=\"og:type\" content=\"article\" \/>\n<meta property=\"og:title\" content=\"H\u00e4lsa i Tanzania! Sofia Strinnholm g\u00e4stbloggar! - Vandra V\u00e4gen\" \/>\n<meta property=\"og:description\" content=\"Jag har idag gl\u00e4djen att presentera Sofia Strinnholm som g\u00e4stbloggare! Sofia har deltagit i samma utbytesprogram som Ida Berggren som tidigare skrivit h\u00e4r (I n\u00e5gon annans vardag, och Ett inl\u00e4gg om att landa) men har varit p\u00e5 en annan plats p\u00e5 jorden; Tanzania.\u00a0 Sofia i det vackra Tanzania. Foto Sofia Olsson Jag heter Sofia Strinnholm [&hellip;]\" \/>\n<meta property=\"og:url\" content=\"https:\/\/blogg.svenskakyrkan.se\/vandravagen\/2013\/01\/21\/halsa-i-tanzania-sofia-strinnholm-gastbloggar\/\" \/>\n<meta property=\"og:site_name\" content=\"Vandra V\u00e4gen\" \/>\n<meta property=\"article:publisher\" content=\"http:\/\/facebook.com\/vandravagen\" \/>\n<meta property=\"article:published_time\" content=\"2013-01-21T09:12:00+00:00\" \/>\n<meta property=\"og:image\" content=\"http:\/\/1.bp.blogspot.com\/-H9Lh-P2Emww\/UPugZGzhgwI\/AAAAAAAAB0E\/ALvRni2DnUU\/s640\/Foto+-+Sofia+Olsson.JPG\" \/>\n<meta name=\"author\" content=\"Tomas Jarvid\" \/>\n<meta name=\"twitter:card\" content=\"summary_large_image\" \/>\n<meta name=\"twitter:creator\" content=\"@fadertomas\" \/>\n<meta name=\"twitter:site\" content=\"@fadertomas\" \/>\n<meta name=\"twitter:label1\" content=\"Skriven av\" \/>\n\t<meta name=\"twitter:data1\" content=\"Tomas Jarvid\" \/>\n\t<meta name=\"twitter:label2\" content=\"Ber\u00e4knad l\u00e4stid\" \/>\n\t<meta name=\"twitter:data2\" content=\"4 minuter\" \/>\n<script type=\"application\/ld+json\" class=\"yoast-schema-graph\">{\"@context\":\"https:\/\/schema.org\",\"@graph\":[{\"@type\":\"Article\",\"@id\":\"https:\/\/blogg.svenskakyrkan.se\/vandravagen\/2013\/01\/21\/halsa-i-tanzania-sofia-strinnholm-gastbloggar\/#article\",\"isPartOf\":{\"@id\":\"https:\/\/blogg.svenskakyrkan.se\/vandravagen\/2013\/01\/21\/halsa-i-tanzania-sofia-strinnholm-gastbloggar\/\"},\"author\":{\"name\":\"Tomas Jarvid\",\"@id\":\"https:\/\/blogg.svenskakyrkan.se\/vandravagen\/#\/schema\/person\/25da02d4f76b137d04291711e2c9fc16\"},\"headline\":\"H\u00e4lsa i Tanzania! Sofia Strinnholm g\u00e4stbloggar!\",\"datePublished\":\"2013-01-21T09:12:00+00:00\",\"mainEntityOfPage\":{\"@id\":\"https:\/\/blogg.svenskakyrkan.se\/vandravagen\/2013\/01\/21\/halsa-i-tanzania-sofia-strinnholm-gastbloggar\/\"},\"wordCount\":835,\"commentCount\":0,\"publisher\":{\"@id\":\"https:\/\/blogg.svenskakyrkan.se\/vandravagen\/#organization\"},\"image\":{\"@id\":\"https:\/\/blogg.svenskakyrkan.se\/vandravagen\/2013\/01\/21\/halsa-i-tanzania-sofia-strinnholm-gastbloggar\/#primaryimage\"},\"thumbnailUrl\":\"http:\/\/1.bp.blogspot.com\/-H9Lh-P2Emww\/UPugZGzhgwI\/AAAAAAAAB0E\/ALvRni2DnUU\/s640\/Foto+-+Sofia+Olsson.JPG\",\"articleSection\":[\"g\u00e4stbloggare\",\"kyrkan\"],\"inLanguage\":\"sv-SE\",\"potentialAction\":[{\"@type\":\"CommentAction\",\"name\":\"Comment\",\"target\":[\"https:\/\/blogg.svenskakyrkan.se\/vandravagen\/2013\/01\/21\/halsa-i-tanzania-sofia-strinnholm-gastbloggar\/#respond\"]}]},{\"@type\":\"WebPage\",\"@id\":\"https:\/\/blogg.svenskakyrkan.se\/vandravagen\/2013\/01\/21\/halsa-i-tanzania-sofia-strinnholm-gastbloggar\/\",\"url\":\"https:\/\/blogg.svenskakyrkan.se\/vandravagen\/2013\/01\/21\/halsa-i-tanzania-sofia-strinnholm-gastbloggar\/\",\"name\":\"H\u00e4lsa i Tanzania! Sofia Strinnholm g\u00e4stbloggar! - Vandra V\u00e4gen\",\"isPartOf\":{\"@id\":\"https:\/\/blogg.svenskakyrkan.se\/vandravagen\/#website\"},\"primaryImageOfPage\":{\"@id\":\"https:\/\/blogg.svenskakyrkan.se\/vandravagen\/2013\/01\/21\/halsa-i-tanzania-sofia-strinnholm-gastbloggar\/#primaryimage\"},\"image\":{\"@id\":\"https:\/\/blogg.svenskakyrkan.se\/vandravagen\/2013\/01\/21\/halsa-i-tanzania-sofia-strinnholm-gastbloggar\/#primaryimage\"},\"thumbnailUrl\":\"http:\/\/1.bp.blogspot.com\/-H9Lh-P2Emww\/UPugZGzhgwI\/AAAAAAAAB0E\/ALvRni2DnUU\/s640\/Foto+-+Sofia+Olsson.JPG\",\"datePublished\":\"2013-01-21T09:12:00+00:00\",\"breadcrumb\":{\"@id\":\"https:\/\/blogg.svenskakyrkan.se\/vandravagen\/2013\/01\/21\/halsa-i-tanzania-sofia-strinnholm-gastbloggar\/#breadcrumb\"},\"inLanguage\":\"sv-SE\",\"potentialAction\":[{\"@type\":\"ReadAction\",\"target\":[\"https:\/\/blogg.svenskakyrkan.se\/vandravagen\/2013\/01\/21\/halsa-i-tanzania-sofia-strinnholm-gastbloggar\/\"]}]},{\"@type\":\"ImageObject\",\"inLanguage\":\"sv-SE\",\"@id\":\"https:\/\/blogg.svenskakyrkan.se\/vandravagen\/2013\/01\/21\/halsa-i-tanzania-sofia-strinnholm-gastbloggar\/#primaryimage\",\"url\":\"http:\/\/1.bp.blogspot.com\/-H9Lh-P2Emww\/UPugZGzhgwI\/AAAAAAAAB0E\/ALvRni2DnUU\/s640\/Foto+-+Sofia+Olsson.JPG\",\"contentUrl\":\"http:\/\/1.bp.blogspot.com\/-H9Lh-P2Emww\/UPugZGzhgwI\/AAAAAAAAB0E\/ALvRni2DnUU\/s640\/Foto+-+Sofia+Olsson.JPG\"},{\"@type\":\"BreadcrumbList\",\"@id\":\"https:\/\/blogg.svenskakyrkan.se\/vandravagen\/2013\/01\/21\/halsa-i-tanzania-sofia-strinnholm-gastbloggar\/#breadcrumb\",\"itemListElement\":[{\"@type\":\"ListItem\",\"position\":1,\"name\":\"Hem\",\"item\":\"https:\/\/blogg.svenskakyrkan.se\/vandravagen\/\"},{\"@type\":\"ListItem\",\"position\":2,\"name\":\"H\u00e4lsa i Tanzania! Sofia Strinnholm g\u00e4stbloggar!\"}]},{\"@type\":\"WebSite\",\"@id\":\"https:\/\/blogg.svenskakyrkan.se\/vandravagen\/#website\",\"url\":\"https:\/\/blogg.svenskakyrkan.se\/vandravagen\/\",\"name\":\"Vandra V\u00e4gen\",\"description\":\"-Mot en tro f\u00f6r hela livet\",\"publisher\":{\"@id\":\"https:\/\/blogg.svenskakyrkan.se\/vandravagen\/#organization\"},\"potentialAction\":[{\"@type\":\"SearchAction\",\"target\":{\"@type\":\"EntryPoint\",\"urlTemplate\":\"https:\/\/blogg.svenskakyrkan.se\/vandravagen\/?s={search_term_string}\"},\"query-input\":{\"@type\":\"PropertyValueSpecification\",\"valueRequired\":true,\"valueName\":\"search_term_string\"}}],\"inLanguage\":\"sv-SE\"},{\"@type\":\"Organization\",\"@id\":\"https:\/\/blogg.svenskakyrkan.se\/vandravagen\/#organization\",\"name\":\"ulricehamns pastorat\",\"alternateName\":\"ulricehamns pastorat\",\"url\":\"https:\/\/blogg.svenskakyrkan.se\/vandravagen\/\",\"logo\":{\"@type\":\"ImageObject\",\"inLanguage\":\"sv-SE\",\"@id\":\"https:\/\/blogg.svenskakyrkan.se\/vandravagen\/#\/schema\/logo\/image\/\",\"url\":\"https:\/\/blogg.svenskakyrkan.se\/vandravagen\/files\/2023\/05\/Ulr_logo_RGB.png\",\"contentUrl\":\"https:\/\/blogg.svenskakyrkan.se\/vandravagen\/files\/2023\/05\/Ulr_logo_RGB.png\",\"width\":205,\"height\":77,\"caption\":\"ulricehamns pastorat\"},\"image\":{\"@id\":\"https:\/\/blogg.svenskakyrkan.se\/vandravagen\/#\/schema\/logo\/image\/\"},\"sameAs\":[\"http:\/\/facebook.com\/vandravagen\",\"https:\/\/x.com\/fadertomas\",\"http:\/\/www.facebook.com\/svenskakyrkaniulricehamn\"]},{\"@type\":\"Person\",\"@id\":\"https:\/\/blogg.svenskakyrkan.se\/vandravagen\/#\/schema\/person\/25da02d4f76b137d04291711e2c9fc16\",\"name\":\"Tomas Jarvid\",\"image\":{\"@type\":\"ImageObject\",\"inLanguage\":\"sv-SE\",\"@id\":\"https:\/\/blogg.svenskakyrkan.se\/vandravagen\/#\/schema\/person\/image\/\",\"url\":\"https:\/\/secure.gravatar.com\/avatar\/7fa71899795e8f540f615a1f5ab25255dc27aa40f05ee7ddd21aac521e01bf50?s=96&d=identicon&r=g\",\"contentUrl\":\"https:\/\/secure.gravatar.com\/avatar\/7fa71899795e8f540f615a1f5ab25255dc27aa40f05ee7ddd21aac521e01bf50?s=96&d=identicon&r=g\",\"caption\":\"Tomas Jarvid\"},\"description\":\"Jag bor i Ulricehamn i V\u00e4sterg\u00f6tland och \u00e4r f\u00f6rsamlingspr\u00e4st i Svenska Kyrkan f\u00f6r Dalstorps f\u00f6rsamling i Kinds pastorat. P\u00e5 den h\u00e4r bloggen skriver jag ner tankar om vandringen som kristen.\",\"sameAs\":[\"http:\/\/www.vandravagen.se\"],\"url\":\"https:\/\/blogg.svenskakyrkan.se\/vandravagen\/author\/vandravagen\/\"}]}<\/script>\n<!-- \/ Yoast SEO plugin. -->","yoast_head_json":{"title":"H\u00e4lsa i Tanzania! Sofia Strinnholm g\u00e4stbloggar! - Vandra V\u00e4gen","robots":{"index":"index","follow":"follow","max-snippet":"max-snippet:-1","max-image-preview":"max-image-preview:large","max-video-preview":"max-video-preview:-1"},"canonical":"https:\/\/blogg.svenskakyrkan.se\/vandravagen\/2013\/01\/21\/halsa-i-tanzania-sofia-strinnholm-gastbloggar\/","og_locale":"sv_SE","og_type":"article","og_title":"H\u00e4lsa i Tanzania! Sofia Strinnholm g\u00e4stbloggar! - Vandra V\u00e4gen","og_description":"Jag har idag gl\u00e4djen att presentera Sofia Strinnholm som g\u00e4stbloggare! Sofia har deltagit i samma utbytesprogram som Ida Berggren som tidigare skrivit h\u00e4r (I n\u00e5gon annans vardag, och Ett inl\u00e4gg om att landa) men har varit p\u00e5 en annan plats p\u00e5 jorden; Tanzania.\u00a0 Sofia i det vackra Tanzania. Foto Sofia Olsson Jag heter Sofia Strinnholm [&hellip;]","og_url":"https:\/\/blogg.svenskakyrkan.se\/vandravagen\/2013\/01\/21\/halsa-i-tanzania-sofia-strinnholm-gastbloggar\/","og_site_name":"Vandra V\u00e4gen","article_publisher":"http:\/\/facebook.com\/vandravagen","article_published_time":"2013-01-21T09:12:00+00:00","og_image":[{"url":"http:\/\/1.bp.blogspot.com\/-H9Lh-P2Emww\/UPugZGzhgwI\/AAAAAAAAB0E\/ALvRni2DnUU\/s640\/Foto+-+Sofia+Olsson.JPG","type":"","width":"","height":""}],"author":"Tomas Jarvid","twitter_card":"summary_large_image","twitter_creator":"@fadertomas","twitter_site":"@fadertomas","twitter_misc":{"Skriven av":"Tomas Jarvid","Ber\u00e4knad l\u00e4stid":"4 minuter"},"schema":{"@context":"https:\/\/schema.org","@graph":[{"@type":"Article","@id":"https:\/\/blogg.svenskakyrkan.se\/vandravagen\/2013\/01\/21\/halsa-i-tanzania-sofia-strinnholm-gastbloggar\/#article","isPartOf":{"@id":"https:\/\/blogg.svenskakyrkan.se\/vandravagen\/2013\/01\/21\/halsa-i-tanzania-sofia-strinnholm-gastbloggar\/"},"author":{"name":"Tomas Jarvid","@id":"https:\/\/blogg.svenskakyrkan.se\/vandravagen\/#\/schema\/person\/25da02d4f76b137d04291711e2c9fc16"},"headline":"H\u00e4lsa i Tanzania! Sofia Strinnholm g\u00e4stbloggar!","datePublished":"2013-01-21T09:12:00+00:00","mainEntityOfPage":{"@id":"https:\/\/blogg.svenskakyrkan.se\/vandravagen\/2013\/01\/21\/halsa-i-tanzania-sofia-strinnholm-gastbloggar\/"},"wordCount":835,"commentCount":0,"publisher":{"@id":"https:\/\/blogg.svenskakyrkan.se\/vandravagen\/#organization"},"image":{"@id":"https:\/\/blogg.svenskakyrkan.se\/vandravagen\/2013\/01\/21\/halsa-i-tanzania-sofia-strinnholm-gastbloggar\/#primaryimage"},"thumbnailUrl":"http:\/\/1.bp.blogspot.com\/-H9Lh-P2Emww\/UPugZGzhgwI\/AAAAAAAAB0E\/ALvRni2DnUU\/s640\/Foto+-+Sofia+Olsson.JPG","articleSection":["g\u00e4stbloggare","kyrkan"],"inLanguage":"sv-SE","potentialAction":[{"@type":"CommentAction","name":"Comment","target":["https:\/\/blogg.svenskakyrkan.se\/vandravagen\/2013\/01\/21\/halsa-i-tanzania-sofia-strinnholm-gastbloggar\/#respond"]}]},{"@type":"WebPage","@id":"https:\/\/blogg.svenskakyrkan.se\/vandravagen\/2013\/01\/21\/halsa-i-tanzania-sofia-strinnholm-gastbloggar\/","url":"https:\/\/blogg.svenskakyrkan.se\/vandravagen\/2013\/01\/21\/halsa-i-tanzania-sofia-strinnholm-gastbloggar\/","name":"H\u00e4lsa i Tanzania! Sofia Strinnholm g\u00e4stbloggar! - Vandra V\u00e4gen","isPartOf":{"@id":"https:\/\/blogg.svenskakyrkan.se\/vandravagen\/#website"},"primaryImageOfPage":{"@id":"https:\/\/blogg.svenskakyrkan.se\/vandravagen\/2013\/01\/21\/halsa-i-tanzania-sofia-strinnholm-gastbloggar\/#primaryimage"},"image":{"@id":"https:\/\/blogg.svenskakyrkan.se\/vandravagen\/2013\/01\/21\/halsa-i-tanzania-sofia-strinnholm-gastbloggar\/#primaryimage"},"thumbnailUrl":"http:\/\/1.bp.blogspot.com\/-H9Lh-P2Emww\/UPugZGzhgwI\/AAAAAAAAB0E\/ALvRni2DnUU\/s640\/Foto+-+Sofia+Olsson.JPG","datePublished":"2013-01-21T09:12:00+00:00","breadcrumb":{"@id":"https:\/\/blogg.svenskakyrkan.se\/vandravagen\/2013\/01\/21\/halsa-i-tanzania-sofia-strinnholm-gastbloggar\/#breadcrumb"},"inLanguage":"sv-SE","potentialAction":[{"@type":"ReadAction","target":["https:\/\/blogg.svenskakyrkan.se\/vandravagen\/2013\/01\/21\/halsa-i-tanzania-sofia-strinnholm-gastbloggar\/"]}]},{"@type":"ImageObject","inLanguage":"sv-SE","@id":"https:\/\/blogg.svenskakyrkan.se\/vandravagen\/2013\/01\/21\/halsa-i-tanzania-sofia-strinnholm-gastbloggar\/#primaryimage","url":"http:\/\/1.bp.blogspot.com\/-H9Lh-P2Emww\/UPugZGzhgwI\/AAAAAAAAB0E\/ALvRni2DnUU\/s640\/Foto+-+Sofia+Olsson.JPG","contentUrl":"http:\/\/1.bp.blogspot.com\/-H9Lh-P2Emww\/UPugZGzhgwI\/AAAAAAAAB0E\/ALvRni2DnUU\/s640\/Foto+-+Sofia+Olsson.JPG"},{"@type":"BreadcrumbList","@id":"https:\/\/blogg.svenskakyrkan.se\/vandravagen\/2013\/01\/21\/halsa-i-tanzania-sofia-strinnholm-gastbloggar\/#breadcrumb","itemListElement":[{"@type":"ListItem","position":1,"name":"Hem","item":"https:\/\/blogg.svenskakyrkan.se\/vandravagen\/"},{"@type":"ListItem","position":2,"name":"H\u00e4lsa i Tanzania! Sofia Strinnholm g\u00e4stbloggar!"}]},{"@type":"WebSite","@id":"https:\/\/blogg.svenskakyrkan.se\/vandravagen\/#website","url":"https:\/\/blogg.svenskakyrkan.se\/vandravagen\/","name":"Vandra V\u00e4gen","description":"-Mot en tro f\u00f6r hela livet","publisher":{"@id":"https:\/\/blogg.svenskakyrkan.se\/vandravagen\/#organization"},"potentialAction":[{"@type":"SearchAction","target":{"@type":"EntryPoint","urlTemplate":"https:\/\/blogg.svenskakyrkan.se\/vandravagen\/?s={search_term_string}"},"query-input":{"@type":"PropertyValueSpecification","valueRequired":true,"valueName":"search_term_string"}}],"inLanguage":"sv-SE"},{"@type":"Organization","@id":"https:\/\/blogg.svenskakyrkan.se\/vandravagen\/#organization","name":"ulricehamns pastorat","alternateName":"ulricehamns pastorat","url":"https:\/\/blogg.svenskakyrkan.se\/vandravagen\/","logo":{"@type":"ImageObject","inLanguage":"sv-SE","@id":"https:\/\/blogg.svenskakyrkan.se\/vandravagen\/#\/schema\/logo\/image\/","url":"https:\/\/blogg.svenskakyrkan.se\/vandravagen\/files\/2023\/05\/Ulr_logo_RGB.png","contentUrl":"https:\/\/blogg.svenskakyrkan.se\/vandravagen\/files\/2023\/05\/Ulr_logo_RGB.png","width":205,"height":77,"caption":"ulricehamns pastorat"},"image":{"@id":"https:\/\/blogg.svenskakyrkan.se\/vandravagen\/#\/schema\/logo\/image\/"},"sameAs":["http:\/\/facebook.com\/vandravagen","https:\/\/x.com\/fadertomas","http:\/\/www.facebook.com\/svenskakyrkaniulricehamn"]},{"@type":"Person","@id":"https:\/\/blogg.svenskakyrkan.se\/vandravagen\/#\/schema\/person\/25da02d4f76b137d04291711e2c9fc16","name":"Tomas Jarvid","image":{"@type":"ImageObject","inLanguage":"sv-SE","@id":"https:\/\/blogg.svenskakyrkan.se\/vandravagen\/#\/schema\/person\/image\/","url":"https:\/\/secure.gravatar.com\/avatar\/7fa71899795e8f540f615a1f5ab25255dc27aa40f05ee7ddd21aac521e01bf50?s=96&d=identicon&r=g","contentUrl":"https:\/\/secure.gravatar.com\/avatar\/7fa71899795e8f540f615a1f5ab25255dc27aa40f05ee7ddd21aac521e01bf50?s=96&d=identicon&r=g","caption":"Tomas Jarvid"},"description":"Jag bor i Ulricehamn i V\u00e4sterg\u00f6tland och \u00e4r f\u00f6rsamlingspr\u00e4st i Svenska Kyrkan f\u00f6r Dalstorps f\u00f6rsamling i Kinds pastorat. P\u00e5 den h\u00e4r bloggen skriver jag ner tankar om vandringen som kristen.","sameAs":["http:\/\/www.vandravagen.se"],"url":"https:\/\/blogg.svenskakyrkan.se\/vandravagen\/author\/vandravagen\/"}]}},"author_meta":{"ID":"392","user_nicename":"vandravagen","user_url":"http:\/\/www.vandravagen.se","user_registered":"2014-05-19 05:44:52","display_name":"Tomas Jarvid","first_name":"Tomas","last_name":"Jarvid","avatar":"https:\/\/secure.gravatar.com\/avatar\/7fa71899795e8f540f615a1f5ab25255dc27aa40f05ee7ddd21aac521e01bf50?s=96&d=identicon&r=g"},"featured_image":false,"bloginfo":{"name":"Vandra V\u00e4gen","url":"https:\/\/blogg.svenskakyrkan.se\/vandravagen"},"_links":{"self":[{"href":"https:\/\/blogg.svenskakyrkan.se\/vandravagen\/wp-json\/wp\/v2\/posts\/753","targetHints":{"allow":["GET"]}}],"collection":[{"href":"https:\/\/blogg.svenskakyrkan.se\/vandravagen\/wp-json\/wp\/v2\/posts"}],"about":[{"href":"https:\/\/blogg.svenskakyrkan.se\/vandravagen\/wp-json\/wp\/v2\/types\/post"}],"author":[{"embeddable":true,"href":"https:\/\/blogg.svenskakyrkan.se\/vandravagen\/wp-json\/wp\/v2\/users\/392"}],"replies":[{"embeddable":true,"href":"https:\/\/blogg.svenskakyrkan.se\/vandravagen\/wp-json\/wp\/v2\/comments?post=753"}],"version-history":[{"count":0,"href":"https:\/\/blogg.svenskakyrkan.se\/vandravagen\/wp-json\/wp\/v2\/posts\/753\/revisions"}],"wp:attachment":[{"href":"https:\/\/blogg.svenskakyrkan.se\/vandravagen\/wp-json\/wp\/v2\/media?parent=753"}],"wp:term":[{"taxonomy":"category","embeddable":true,"href":"https:\/\/blogg.svenskakyrkan.se\/vandravagen\/wp-json\/wp\/v2\/categories?post=753"},{"taxonomy":"post_tag","embeddable":true,"href":"https:\/\/blogg.svenskakyrkan.se\/vandravagen\/wp-json\/wp\/v2\/tags?post=753"}],"curies":[{"name":"wp","href":"https:\/\/api.w.org\/{rel}","templated":true}]}}