{"id":754,"date":"2013-01-20T20:12:00","date_gmt":"2013-01-20T19:12:00","guid":{"rendered":"http:\/\/blogg.svenskakyrkan.se\/vandravagen\/2013\/01\/20\/veckans-basta-tweets-2\/"},"modified":"2013-01-20T20:12:00","modified_gmt":"2013-01-20T19:12:00","slug":"veckans-basta-tweets-2","status":"publish","type":"post","link":"https:\/\/blogg.svenskakyrkan.se\/vandravagen\/2013\/01\/20\/veckans-basta-tweets-2\/","title":{"rendered":"Veckans b\u00e4sta tweets!"},"content":{"rendered":"<div>Dags att sammanfatta \u00e4nnu en vecka p\u00e5 twitter, \u00e4ven k\u00e4nt som Tomas version av citatbok. I alla fall en hel del t\u00e4nkv\u00e4rt, och jag har lyckats h\u00e5lla det bra mycket kortare \u00e4n f\u00f6rra veckan. Vi varvar med lite olika teman som vanligt, och det b\u00e4sta sist.<\/div>\n<div><\/div>\n<div>T\u00e4nkv\u00e4rt och lite fromt.<\/div>\n<div><\/div>\n<div><a href=\"http:\/\/3.bp.blogspot.com\/-tZPTQGcuniI\/UPwkovU-iMI\/AAAAAAAAB1E\/B_9sKxt9bZc\/s1600\/1.jpg\"><img loading=\"lazy\" decoding=\"async\" border=\"0\" height=\"91\" src=\"http:\/\/3.bp.blogspot.com\/-tZPTQGcuniI\/UPwkovU-iMI\/AAAAAAAAB1E\/B_9sKxt9bZc\/s400\/1.jpg\" width=\"400\"><\/a><\/div>\n<div>Det \u00e4r k\u00e4rlek p\u00e5 riktigt&#8230;<\/div>\n<\/p>\n<div><a href=\"http:\/\/2.bp.blogspot.com\/-IQR_sQTCKuw\/UPwkqyul9pI\/AAAAAAAAB1Y\/eLFA1HDpxcg\/s1600\/12.jpg\"><img loading=\"lazy\" decoding=\"async\" border=\"0\" height=\"55\" src=\"http:\/\/2.bp.blogspot.com\/-IQR_sQTCKuw\/UPwkqyul9pI\/AAAAAAAAB1Y\/eLFA1HDpxcg\/s400\/12.jpg\" width=\"400\"><\/a><\/div>\n<\/p>\n<div><a href=\"http:\/\/1.bp.blogspot.com\/-7Hyic3vXH6I\/UPwkrfohjZI\/AAAAAAAAB1g\/nDXBd19PSKo\/s1600\/13.jpg\"><img loading=\"lazy\" decoding=\"async\" border=\"0\" height=\"73\" src=\"http:\/\/1.bp.blogspot.com\/-7Hyic3vXH6I\/UPwkrfohjZI\/AAAAAAAAB1g\/nDXBd19PSKo\/s400\/13.jpg\" width=\"400\"><\/a><\/div>\n<div><\/div>\n<\/p>\n<table align=\"center\" cellpadding=\"0\" cellspacing=\"0\">\n<tbody>\n<tr>\n<td><a href=\"http:\/\/3.bp.blogspot.com\/-YyAn6Q_yxp8\/UPwksXyDlOI\/AAAAAAAAB1s\/z8QZZgYajcY\/s1600\/14.jpg\"><img loading=\"lazy\" decoding=\"async\" border=\"0\" height=\"70\" src=\"http:\/\/3.bp.blogspot.com\/-YyAn6Q_yxp8\/UPwksXyDlOI\/AAAAAAAAB1s\/z8QZZgYajcY\/s400\/14.jpg\" width=\"400\"><\/a><\/td>\n<\/tr>\n<tr>\n<td>Coolt citat av&#8230; Alice Cooper<\/td>\n<\/tr>\n<\/tbody>\n<\/table>\n<div><a href=\"http:\/\/2.bp.blogspot.com\/-esFjP44r1Os\/UPwktjKHUmI\/AAAAAAAAB10\/3UQR1A_HCxU\/s1600\/3.jpg\"><img loading=\"lazy\" decoding=\"async\" border=\"0\" height=\"153\" src=\"http:\/\/2.bp.blogspot.com\/-esFjP44r1Os\/UPwktjKHUmI\/AAAAAAAAB10\/3UQR1A_HCxU\/s400\/3.jpg\" width=\"400\"><\/a><\/div>\n<div><\/div>\n<div><\/div>\n<div><\/div>\n<div><a href=\"http:\/\/4.bp.blogspot.com\/-_RIuOFCD9PM\/UPwkxadFHNI\/AAAAAAAAB2o\/Ddkc-B-bomo\/s1600\/9.jpg\"><img loading=\"lazy\" decoding=\"async\" border=\"0\" height=\"138\" src=\"http:\/\/4.bp.blogspot.com\/-_RIuOFCD9PM\/UPwkxadFHNI\/AAAAAAAAB2o\/Ddkc-B-bomo\/s400\/9.jpg\" width=\"400\"><\/a><\/div>\n<\/p>\n<div>Fromhetsgraden sjunker men \u00e4nd\u00e5 kloka:<\/div>\n<\/p>\n<div><a href=\"http:\/\/4.bp.blogspot.com\/-T76KDGpjxww\/UPwkvI9ShxI\/AAAAAAAAB2I\/__uD41ANb94\/s1600\/6.jpg\"><img loading=\"lazy\" decoding=\"async\" border=\"0\" height=\"62\" src=\"http:\/\/4.bp.blogspot.com\/-T76KDGpjxww\/UPwkvI9ShxI\/AAAAAAAAB2I\/__uD41ANb94\/s400\/6.jpg\" width=\"400\"><\/a><\/div>\n<div><\/div>\n<div><\/div>\n<\/p>\n<div><a href=\"http:\/\/3.bp.blogspot.com\/-iwno7zDW2-E\/UPwkugnReHI\/AAAAAAAAB2M\/CRoK4l4IwT4\/s1600\/5.jpg\"><img loading=\"lazy\" decoding=\"async\" border=\"0\" height=\"76\" src=\"http:\/\/3.bp.blogspot.com\/-iwno7zDW2-E\/UPwkugnReHI\/AAAAAAAAB2M\/CRoK4l4IwT4\/s400\/5.jpg\" width=\"400\"><\/a><\/div>\n<div><\/div>\n<\/p>\n<table align=\"center\" cellpadding=\"0\" cellspacing=\"0\">\n<tbody>\n<tr>\n<td><a href=\"http:\/\/1.bp.blogspot.com\/-3W_Be86SpcE\/UPwkv7HbLvI\/AAAAAAAAB2U\/AnCTGhQdHOY\/s1600\/7.jpg\"><img loading=\"lazy\" decoding=\"async\" border=\"0\" height=\"70\" src=\"http:\/\/1.bp.blogspot.com\/-3W_Be86SpcE\/UPwkv7HbLvI\/AAAAAAAAB2U\/AnCTGhQdHOY\/s400\/7.jpg\" width=\"400\"><\/a><\/td>\n<\/tr>\n<tr>\n<td>Med anledning av veckans debatt kring heml\u00f6sa<\/td>\n<\/tr>\n<\/tbody>\n<\/table>\n<table align=\"center\" cellpadding=\"0\" cellspacing=\"0\">\n<tbody>\n<tr>\n<td><a href=\"http:\/\/2.bp.blogspot.com\/-1rBysxKblcQ\/UPwkwvfMZbI\/AAAAAAAAB2k\/cgNbTR21QQI\/s1600\/8.jpg\"><img loading=\"lazy\" decoding=\"async\" border=\"0\" height=\"57\" src=\"http:\/\/2.bp.blogspot.com\/-1rBysxKblcQ\/UPwkwvfMZbI\/AAAAAAAAB2k\/cgNbTR21QQI\/s400\/8.jpg\" width=\"400\"><\/a><\/td>\n<\/tr>\n<tr>\n<td>T\u00e5l att funderas p\u00e5!<\/td>\n<\/tr>\n<\/tbody>\n<\/table>\n<div><a href=\"http:\/\/1.bp.blogspot.com\/-nanutNOq518\/UPwkqQjBwnI\/AAAAAAAAB1Q\/ke2aO8LU-8I\/s1600\/11.jpg\"><img loading=\"lazy\" decoding=\"async\" border=\"0\" height=\"82\" src=\"http:\/\/1.bp.blogspot.com\/-nanutNOq518\/UPwkqQjBwnI\/AAAAAAAAB1Q\/ke2aO8LU-8I\/s400\/11.jpg\" width=\"400\"><\/a><\/div>\n<\/p>\n<div><\/div>\n<div>Och s\u00e5 d\u00e5 mer \u00e5t ren komik<\/div>\n<div><\/div>\n<div><\/div>\n<div><\/div>\n<div><a href=\"http:\/\/3.bp.blogspot.com\/-xJskdRFyTgg\/UPwkp22qeCI\/AAAAAAAAB1M\/_L-9yY7S-QY\/s1600\/10.jpg\"><img loading=\"lazy\" decoding=\"async\" border=\"0\" height=\"87\" src=\"http:\/\/3.bp.blogspot.com\/-xJskdRFyTgg\/UPwkp22qeCI\/AAAAAAAAB1M\/_L-9yY7S-QY\/s400\/10.jpg\" width=\"400\"><\/a><\/div>\n<div><\/div>\n<div><\/div>\n<div><\/div>\n<div><a href=\"http:\/\/4.bp.blogspot.com\/-0kKWzjRlQt0\/UPwkubj81wI\/AAAAAAAAB18\/uoYMZ9isv4E\/s1600\/4.jpg\"><img loading=\"lazy\" decoding=\"async\" border=\"0\" height=\"132\" src=\"http:\/\/4.bp.blogspot.com\/-0kKWzjRlQt0\/UPwkubj81wI\/AAAAAAAAB18\/uoYMZ9isv4E\/s400\/4.jpg\" width=\"400\"><\/a><\/div>\n<div>Ha! Men det \u00e4r \u00e4nd\u00e5 det sista (och andra ateistsk\u00e4mtet p\u00e5 raken) som \u00e4r veckans b\u00e4sta tweet, med anledning av splittringen inom humanisterna p\u00e5 grund av syn p\u00e5 religion:<\/div>\n<div><\/div>\n<div><\/div>\n<div><a href=\"http:\/\/4.bp.blogspot.com\/-TssuxmsboNE\/UPwks8uchBI\/AAAAAAAAB1w\/nSnj0oDRuxM\/s1600\/2.jpg\"><img loading=\"lazy\" decoding=\"async\" border=\"0\" height=\"144\" src=\"http:\/\/4.bp.blogspot.com\/-TssuxmsboNE\/UPwks8uchBI\/AAAAAAAAB1w\/nSnj0oDRuxM\/s400\/2.jpg\" width=\"400\"><\/a><\/div>\n<div><\/div>\n<div><\/div><\/p>\n","protected":false},"excerpt":{"rendered":"<p>Dags att sammanfatta \u00e4nnu en vecka p\u00e5 twitter, \u00e4ven k\u00e4nt som Tomas version av citatbok. I alla fall en hel del t\u00e4nkv\u00e4rt, och jag har lyckats h\u00e5lla det bra mycket kortare \u00e4n f\u00f6rra veckan. Vi varvar med lite olika teman som vanligt, och det b\u00e4sta sist. T\u00e4nkv\u00e4rt och lite fromt. Det \u00e4r k\u00e4rlek p\u00e5 riktigt&#8230; [&hellip;]<\/p>\n","protected":false},"author":392,"featured_media":0,"comment_status":"open","ping_status":"open","sticky":false,"template":"","format":"standard","meta":{"_acf_changed":false,"footnotes":""},"categories":[76766],"tags":[],"class_list":["post-754","post","type-post","status-publish","format-standard","hentry","category-blandat"],"acf":[],"yoast_head":"<!-- This site is optimized with the Yoast SEO plugin v27.1.1 - https:\/\/yoast.com\/product\/yoast-seo-wordpress\/ -->\n<title>Veckans b\u00e4sta tweets! - Vandra V\u00e4gen<\/title>\n<meta name=\"robots\" content=\"index, follow, max-snippet:-1, max-image-preview:large, max-video-preview:-1\" \/>\n<link rel=\"canonical\" href=\"https:\/\/blogg.svenskakyrkan.se\/vandravagen\/2013\/01\/20\/veckans-basta-tweets-2\/\" \/>\n<meta property=\"og:locale\" content=\"sv_SE\" \/>\n<meta property=\"og:type\" content=\"article\" \/>\n<meta property=\"og:title\" content=\"Veckans b\u00e4sta tweets! - Vandra V\u00e4gen\" \/>\n<meta property=\"og:description\" content=\"Dags att sammanfatta \u00e4nnu en vecka p\u00e5 twitter, \u00e4ven k\u00e4nt som Tomas version av citatbok. I alla fall en hel del t\u00e4nkv\u00e4rt, och jag har lyckats h\u00e5lla det bra mycket kortare \u00e4n f\u00f6rra veckan. Vi varvar med lite olika teman som vanligt, och det b\u00e4sta sist. T\u00e4nkv\u00e4rt och lite fromt. Det \u00e4r k\u00e4rlek p\u00e5 riktigt&#8230; [&hellip;]\" \/>\n<meta property=\"og:url\" content=\"https:\/\/blogg.svenskakyrkan.se\/vandravagen\/2013\/01\/20\/veckans-basta-tweets-2\/\" \/>\n<meta property=\"og:site_name\" content=\"Vandra V\u00e4gen\" \/>\n<meta property=\"article:publisher\" content=\"http:\/\/facebook.com\/vandravagen\" \/>\n<meta property=\"article:published_time\" content=\"2013-01-20T19:12:00+00:00\" \/>\n<meta property=\"og:image\" content=\"http:\/\/3.bp.blogspot.com\/-tZPTQGcuniI\/UPwkovU-iMI\/AAAAAAAAB1E\/B_9sKxt9bZc\/s400\/1.jpg\" \/>\n<meta name=\"author\" content=\"Tomas Jarvid\" \/>\n<meta name=\"twitter:card\" content=\"summary_large_image\" \/>\n<meta name=\"twitter:creator\" content=\"@fadertomas\" \/>\n<meta name=\"twitter:site\" content=\"@fadertomas\" \/>\n<meta name=\"twitter:label1\" content=\"Skriven av\" \/>\n\t<meta name=\"twitter:data1\" content=\"Tomas Jarvid\" \/>\n\t<meta name=\"twitter:label2\" content=\"Ber\u00e4knad l\u00e4stid\" \/>\n\t<meta name=\"twitter:data2\" content=\"1 minut\" \/>\n<script type=\"application\/ld+json\" class=\"yoast-schema-graph\">{\"@context\":\"https:\/\/schema.org\",\"@graph\":[{\"@type\":\"Article\",\"@id\":\"https:\/\/blogg.svenskakyrkan.se\/vandravagen\/2013\/01\/20\/veckans-basta-tweets-2\/#article\",\"isPartOf\":{\"@id\":\"https:\/\/blogg.svenskakyrkan.se\/vandravagen\/2013\/01\/20\/veckans-basta-tweets-2\/\"},\"author\":{\"name\":\"Tomas Jarvid\",\"@id\":\"https:\/\/blogg.svenskakyrkan.se\/vandravagen\/#\/schema\/person\/25da02d4f76b137d04291711e2c9fc16\"},\"headline\":\"Veckans b\u00e4sta tweets!\",\"datePublished\":\"2013-01-20T19:12:00+00:00\",\"mainEntityOfPage\":{\"@id\":\"https:\/\/blogg.svenskakyrkan.se\/vandravagen\/2013\/01\/20\/veckans-basta-tweets-2\/\"},\"wordCount\":129,\"commentCount\":0,\"publisher\":{\"@id\":\"https:\/\/blogg.svenskakyrkan.se\/vandravagen\/#organization\"},\"image\":{\"@id\":\"https:\/\/blogg.svenskakyrkan.se\/vandravagen\/2013\/01\/20\/veckans-basta-tweets-2\/#primaryimage\"},\"thumbnailUrl\":\"http:\/\/3.bp.blogspot.com\/-tZPTQGcuniI\/UPwkovU-iMI\/AAAAAAAAB1E\/B_9sKxt9bZc\/s400\/1.jpg\",\"articleSection\":[\"blandat\"],\"inLanguage\":\"sv-SE\",\"potentialAction\":[{\"@type\":\"CommentAction\",\"name\":\"Comment\",\"target\":[\"https:\/\/blogg.svenskakyrkan.se\/vandravagen\/2013\/01\/20\/veckans-basta-tweets-2\/#respond\"]}]},{\"@type\":\"WebPage\",\"@id\":\"https:\/\/blogg.svenskakyrkan.se\/vandravagen\/2013\/01\/20\/veckans-basta-tweets-2\/\",\"url\":\"https:\/\/blogg.svenskakyrkan.se\/vandravagen\/2013\/01\/20\/veckans-basta-tweets-2\/\",\"name\":\"Veckans b\u00e4sta tweets! - Vandra V\u00e4gen\",\"isPartOf\":{\"@id\":\"https:\/\/blogg.svenskakyrkan.se\/vandravagen\/#website\"},\"primaryImageOfPage\":{\"@id\":\"https:\/\/blogg.svenskakyrkan.se\/vandravagen\/2013\/01\/20\/veckans-basta-tweets-2\/#primaryimage\"},\"image\":{\"@id\":\"https:\/\/blogg.svenskakyrkan.se\/vandravagen\/2013\/01\/20\/veckans-basta-tweets-2\/#primaryimage\"},\"thumbnailUrl\":\"http:\/\/3.bp.blogspot.com\/-tZPTQGcuniI\/UPwkovU-iMI\/AAAAAAAAB1E\/B_9sKxt9bZc\/s400\/1.jpg\",\"datePublished\":\"2013-01-20T19:12:00+00:00\",\"breadcrumb\":{\"@id\":\"https:\/\/blogg.svenskakyrkan.se\/vandravagen\/2013\/01\/20\/veckans-basta-tweets-2\/#breadcrumb\"},\"inLanguage\":\"sv-SE\",\"potentialAction\":[{\"@type\":\"ReadAction\",\"target\":[\"https:\/\/blogg.svenskakyrkan.se\/vandravagen\/2013\/01\/20\/veckans-basta-tweets-2\/\"]}]},{\"@type\":\"ImageObject\",\"inLanguage\":\"sv-SE\",\"@id\":\"https:\/\/blogg.svenskakyrkan.se\/vandravagen\/2013\/01\/20\/veckans-basta-tweets-2\/#primaryimage\",\"url\":\"http:\/\/3.bp.blogspot.com\/-tZPTQGcuniI\/UPwkovU-iMI\/AAAAAAAAB1E\/B_9sKxt9bZc\/s400\/1.jpg\",\"contentUrl\":\"http:\/\/3.bp.blogspot.com\/-tZPTQGcuniI\/UPwkovU-iMI\/AAAAAAAAB1E\/B_9sKxt9bZc\/s400\/1.jpg\"},{\"@type\":\"BreadcrumbList\",\"@id\":\"https:\/\/blogg.svenskakyrkan.se\/vandravagen\/2013\/01\/20\/veckans-basta-tweets-2\/#breadcrumb\",\"itemListElement\":[{\"@type\":\"ListItem\",\"position\":1,\"name\":\"Hem\",\"item\":\"https:\/\/blogg.svenskakyrkan.se\/vandravagen\/\"},{\"@type\":\"ListItem\",\"position\":2,\"name\":\"Veckans b\u00e4sta tweets!\"}]},{\"@type\":\"WebSite\",\"@id\":\"https:\/\/blogg.svenskakyrkan.se\/vandravagen\/#website\",\"url\":\"https:\/\/blogg.svenskakyrkan.se\/vandravagen\/\",\"name\":\"Vandra V\u00e4gen\",\"description\":\"-Mot en tro f\u00f6r hela livet\",\"publisher\":{\"@id\":\"https:\/\/blogg.svenskakyrkan.se\/vandravagen\/#organization\"},\"potentialAction\":[{\"@type\":\"SearchAction\",\"target\":{\"@type\":\"EntryPoint\",\"urlTemplate\":\"https:\/\/blogg.svenskakyrkan.se\/vandravagen\/?s={search_term_string}\"},\"query-input\":{\"@type\":\"PropertyValueSpecification\",\"valueRequired\":true,\"valueName\":\"search_term_string\"}}],\"inLanguage\":\"sv-SE\"},{\"@type\":\"Organization\",\"@id\":\"https:\/\/blogg.svenskakyrkan.se\/vandravagen\/#organization\",\"name\":\"ulricehamns pastorat\",\"alternateName\":\"ulricehamns pastorat\",\"url\":\"https:\/\/blogg.svenskakyrkan.se\/vandravagen\/\",\"logo\":{\"@type\":\"ImageObject\",\"inLanguage\":\"sv-SE\",\"@id\":\"https:\/\/blogg.svenskakyrkan.se\/vandravagen\/#\/schema\/logo\/image\/\",\"url\":\"https:\/\/blogg.svenskakyrkan.se\/vandravagen\/files\/2023\/05\/Ulr_logo_RGB.png\",\"contentUrl\":\"https:\/\/blogg.svenskakyrkan.se\/vandravagen\/files\/2023\/05\/Ulr_logo_RGB.png\",\"width\":205,\"height\":77,\"caption\":\"ulricehamns pastorat\"},\"image\":{\"@id\":\"https:\/\/blogg.svenskakyrkan.se\/vandravagen\/#\/schema\/logo\/image\/\"},\"sameAs\":[\"http:\/\/facebook.com\/vandravagen\",\"https:\/\/x.com\/fadertomas\",\"http:\/\/www.facebook.com\/svenskakyrkaniulricehamn\"]},{\"@type\":\"Person\",\"@id\":\"https:\/\/blogg.svenskakyrkan.se\/vandravagen\/#\/schema\/person\/25da02d4f76b137d04291711e2c9fc16\",\"name\":\"Tomas Jarvid\",\"image\":{\"@type\":\"ImageObject\",\"inLanguage\":\"sv-SE\",\"@id\":\"https:\/\/blogg.svenskakyrkan.se\/vandravagen\/#\/schema\/person\/image\/\",\"url\":\"https:\/\/secure.gravatar.com\/avatar\/7fa71899795e8f540f615a1f5ab25255dc27aa40f05ee7ddd21aac521e01bf50?s=96&d=identicon&r=g\",\"contentUrl\":\"https:\/\/secure.gravatar.com\/avatar\/7fa71899795e8f540f615a1f5ab25255dc27aa40f05ee7ddd21aac521e01bf50?s=96&d=identicon&r=g\",\"caption\":\"Tomas Jarvid\"},\"description\":\"Jag bor i Ulricehamn i V\u00e4sterg\u00f6tland och \u00e4r f\u00f6rsamlingspr\u00e4st i Svenska Kyrkan f\u00f6r Dalstorps f\u00f6rsamling i Kinds pastorat. P\u00e5 den h\u00e4r bloggen skriver jag ner tankar om vandringen som kristen.\",\"sameAs\":[\"http:\/\/www.vandravagen.se\"],\"url\":\"https:\/\/blogg.svenskakyrkan.se\/vandravagen\/author\/vandravagen\/\"}]}<\/script>\n<!-- \/ Yoast SEO plugin. -->","yoast_head_json":{"title":"Veckans b\u00e4sta tweets! - Vandra V\u00e4gen","robots":{"index":"index","follow":"follow","max-snippet":"max-snippet:-1","max-image-preview":"max-image-preview:large","max-video-preview":"max-video-preview:-1"},"canonical":"https:\/\/blogg.svenskakyrkan.se\/vandravagen\/2013\/01\/20\/veckans-basta-tweets-2\/","og_locale":"sv_SE","og_type":"article","og_title":"Veckans b\u00e4sta tweets! - Vandra V\u00e4gen","og_description":"Dags att sammanfatta \u00e4nnu en vecka p\u00e5 twitter, \u00e4ven k\u00e4nt som Tomas version av citatbok. I alla fall en hel del t\u00e4nkv\u00e4rt, och jag har lyckats h\u00e5lla det bra mycket kortare \u00e4n f\u00f6rra veckan. Vi varvar med lite olika teman som vanligt, och det b\u00e4sta sist. T\u00e4nkv\u00e4rt och lite fromt. Det \u00e4r k\u00e4rlek p\u00e5 riktigt&#8230; [&hellip;]","og_url":"https:\/\/blogg.svenskakyrkan.se\/vandravagen\/2013\/01\/20\/veckans-basta-tweets-2\/","og_site_name":"Vandra V\u00e4gen","article_publisher":"http:\/\/facebook.com\/vandravagen","article_published_time":"2013-01-20T19:12:00+00:00","og_image":[{"url":"http:\/\/3.bp.blogspot.com\/-tZPTQGcuniI\/UPwkovU-iMI\/AAAAAAAAB1E\/B_9sKxt9bZc\/s400\/1.jpg","type":"","width":"","height":""}],"author":"Tomas Jarvid","twitter_card":"summary_large_image","twitter_creator":"@fadertomas","twitter_site":"@fadertomas","twitter_misc":{"Skriven av":"Tomas Jarvid","Ber\u00e4knad l\u00e4stid":"1 minut"},"schema":{"@context":"https:\/\/schema.org","@graph":[{"@type":"Article","@id":"https:\/\/blogg.svenskakyrkan.se\/vandravagen\/2013\/01\/20\/veckans-basta-tweets-2\/#article","isPartOf":{"@id":"https:\/\/blogg.svenskakyrkan.se\/vandravagen\/2013\/01\/20\/veckans-basta-tweets-2\/"},"author":{"name":"Tomas Jarvid","@id":"https:\/\/blogg.svenskakyrkan.se\/vandravagen\/#\/schema\/person\/25da02d4f76b137d04291711e2c9fc16"},"headline":"Veckans b\u00e4sta tweets!","datePublished":"2013-01-20T19:12:00+00:00","mainEntityOfPage":{"@id":"https:\/\/blogg.svenskakyrkan.se\/vandravagen\/2013\/01\/20\/veckans-basta-tweets-2\/"},"wordCount":129,"commentCount":0,"publisher":{"@id":"https:\/\/blogg.svenskakyrkan.se\/vandravagen\/#organization"},"image":{"@id":"https:\/\/blogg.svenskakyrkan.se\/vandravagen\/2013\/01\/20\/veckans-basta-tweets-2\/#primaryimage"},"thumbnailUrl":"http:\/\/3.bp.blogspot.com\/-tZPTQGcuniI\/UPwkovU-iMI\/AAAAAAAAB1E\/B_9sKxt9bZc\/s400\/1.jpg","articleSection":["blandat"],"inLanguage":"sv-SE","potentialAction":[{"@type":"CommentAction","name":"Comment","target":["https:\/\/blogg.svenskakyrkan.se\/vandravagen\/2013\/01\/20\/veckans-basta-tweets-2\/#respond"]}]},{"@type":"WebPage","@id":"https:\/\/blogg.svenskakyrkan.se\/vandravagen\/2013\/01\/20\/veckans-basta-tweets-2\/","url":"https:\/\/blogg.svenskakyrkan.se\/vandravagen\/2013\/01\/20\/veckans-basta-tweets-2\/","name":"Veckans b\u00e4sta tweets! - Vandra V\u00e4gen","isPartOf":{"@id":"https:\/\/blogg.svenskakyrkan.se\/vandravagen\/#website"},"primaryImageOfPage":{"@id":"https:\/\/blogg.svenskakyrkan.se\/vandravagen\/2013\/01\/20\/veckans-basta-tweets-2\/#primaryimage"},"image":{"@id":"https:\/\/blogg.svenskakyrkan.se\/vandravagen\/2013\/01\/20\/veckans-basta-tweets-2\/#primaryimage"},"thumbnailUrl":"http:\/\/3.bp.blogspot.com\/-tZPTQGcuniI\/UPwkovU-iMI\/AAAAAAAAB1E\/B_9sKxt9bZc\/s400\/1.jpg","datePublished":"2013-01-20T19:12:00+00:00","breadcrumb":{"@id":"https:\/\/blogg.svenskakyrkan.se\/vandravagen\/2013\/01\/20\/veckans-basta-tweets-2\/#breadcrumb"},"inLanguage":"sv-SE","potentialAction":[{"@type":"ReadAction","target":["https:\/\/blogg.svenskakyrkan.se\/vandravagen\/2013\/01\/20\/veckans-basta-tweets-2\/"]}]},{"@type":"ImageObject","inLanguage":"sv-SE","@id":"https:\/\/blogg.svenskakyrkan.se\/vandravagen\/2013\/01\/20\/veckans-basta-tweets-2\/#primaryimage","url":"http:\/\/3.bp.blogspot.com\/-tZPTQGcuniI\/UPwkovU-iMI\/AAAAAAAAB1E\/B_9sKxt9bZc\/s400\/1.jpg","contentUrl":"http:\/\/3.bp.blogspot.com\/-tZPTQGcuniI\/UPwkovU-iMI\/AAAAAAAAB1E\/B_9sKxt9bZc\/s400\/1.jpg"},{"@type":"BreadcrumbList","@id":"https:\/\/blogg.svenskakyrkan.se\/vandravagen\/2013\/01\/20\/veckans-basta-tweets-2\/#breadcrumb","itemListElement":[{"@type":"ListItem","position":1,"name":"Hem","item":"https:\/\/blogg.svenskakyrkan.se\/vandravagen\/"},{"@type":"ListItem","position":2,"name":"Veckans b\u00e4sta tweets!"}]},{"@type":"WebSite","@id":"https:\/\/blogg.svenskakyrkan.se\/vandravagen\/#website","url":"https:\/\/blogg.svenskakyrkan.se\/vandravagen\/","name":"Vandra V\u00e4gen","description":"-Mot en tro f\u00f6r hela livet","publisher":{"@id":"https:\/\/blogg.svenskakyrkan.se\/vandravagen\/#organization"},"potentialAction":[{"@type":"SearchAction","target":{"@type":"EntryPoint","urlTemplate":"https:\/\/blogg.svenskakyrkan.se\/vandravagen\/?s={search_term_string}"},"query-input":{"@type":"PropertyValueSpecification","valueRequired":true,"valueName":"search_term_string"}}],"inLanguage":"sv-SE"},{"@type":"Organization","@id":"https:\/\/blogg.svenskakyrkan.se\/vandravagen\/#organization","name":"ulricehamns pastorat","alternateName":"ulricehamns pastorat","url":"https:\/\/blogg.svenskakyrkan.se\/vandravagen\/","logo":{"@type":"ImageObject","inLanguage":"sv-SE","@id":"https:\/\/blogg.svenskakyrkan.se\/vandravagen\/#\/schema\/logo\/image\/","url":"https:\/\/blogg.svenskakyrkan.se\/vandravagen\/files\/2023\/05\/Ulr_logo_RGB.png","contentUrl":"https:\/\/blogg.svenskakyrkan.se\/vandravagen\/files\/2023\/05\/Ulr_logo_RGB.png","width":205,"height":77,"caption":"ulricehamns pastorat"},"image":{"@id":"https:\/\/blogg.svenskakyrkan.se\/vandravagen\/#\/schema\/logo\/image\/"},"sameAs":["http:\/\/facebook.com\/vandravagen","https:\/\/x.com\/fadertomas","http:\/\/www.facebook.com\/svenskakyrkaniulricehamn"]},{"@type":"Person","@id":"https:\/\/blogg.svenskakyrkan.se\/vandravagen\/#\/schema\/person\/25da02d4f76b137d04291711e2c9fc16","name":"Tomas Jarvid","image":{"@type":"ImageObject","inLanguage":"sv-SE","@id":"https:\/\/blogg.svenskakyrkan.se\/vandravagen\/#\/schema\/person\/image\/","url":"https:\/\/secure.gravatar.com\/avatar\/7fa71899795e8f540f615a1f5ab25255dc27aa40f05ee7ddd21aac521e01bf50?s=96&d=identicon&r=g","contentUrl":"https:\/\/secure.gravatar.com\/avatar\/7fa71899795e8f540f615a1f5ab25255dc27aa40f05ee7ddd21aac521e01bf50?s=96&d=identicon&r=g","caption":"Tomas Jarvid"},"description":"Jag bor i Ulricehamn i V\u00e4sterg\u00f6tland och \u00e4r f\u00f6rsamlingspr\u00e4st i Svenska Kyrkan f\u00f6r Dalstorps f\u00f6rsamling i Kinds pastorat. P\u00e5 den h\u00e4r bloggen skriver jag ner tankar om vandringen som kristen.","sameAs":["http:\/\/www.vandravagen.se"],"url":"https:\/\/blogg.svenskakyrkan.se\/vandravagen\/author\/vandravagen\/"}]}},"author_meta":{"ID":"392","user_nicename":"vandravagen","user_url":"http:\/\/www.vandravagen.se","user_registered":"2014-05-19 05:44:52","display_name":"Tomas Jarvid","first_name":"Tomas","last_name":"Jarvid","avatar":"https:\/\/secure.gravatar.com\/avatar\/7fa71899795e8f540f615a1f5ab25255dc27aa40f05ee7ddd21aac521e01bf50?s=96&d=identicon&r=g"},"featured_image":false,"bloginfo":{"name":"Vandra V\u00e4gen","url":"https:\/\/blogg.svenskakyrkan.se\/vandravagen"},"_links":{"self":[{"href":"https:\/\/blogg.svenskakyrkan.se\/vandravagen\/wp-json\/wp\/v2\/posts\/754","targetHints":{"allow":["GET"]}}],"collection":[{"href":"https:\/\/blogg.svenskakyrkan.se\/vandravagen\/wp-json\/wp\/v2\/posts"}],"about":[{"href":"https:\/\/blogg.svenskakyrkan.se\/vandravagen\/wp-json\/wp\/v2\/types\/post"}],"author":[{"embeddable":true,"href":"https:\/\/blogg.svenskakyrkan.se\/vandravagen\/wp-json\/wp\/v2\/users\/392"}],"replies":[{"embeddable":true,"href":"https:\/\/blogg.svenskakyrkan.se\/vandravagen\/wp-json\/wp\/v2\/comments?post=754"}],"version-history":[{"count":0,"href":"https:\/\/blogg.svenskakyrkan.se\/vandravagen\/wp-json\/wp\/v2\/posts\/754\/revisions"}],"wp:attachment":[{"href":"https:\/\/blogg.svenskakyrkan.se\/vandravagen\/wp-json\/wp\/v2\/media?parent=754"}],"wp:term":[{"taxonomy":"category","embeddable":true,"href":"https:\/\/blogg.svenskakyrkan.se\/vandravagen\/wp-json\/wp\/v2\/categories?post=754"},{"taxonomy":"post_tag","embeddable":true,"href":"https:\/\/blogg.svenskakyrkan.se\/vandravagen\/wp-json\/wp\/v2\/tags?post=754"}],"curies":[{"name":"wp","href":"https:\/\/api.w.org\/{rel}","templated":true}]}}