{"id":7565,"date":"2020-01-05T07:00:07","date_gmt":"2020-01-05T06:00:07","guid":{"rendered":"http:\/\/blogg.svenskakyrkan.se\/vandravagen\/?p=7565"},"modified":"2020-01-04T23:59:01","modified_gmt":"2020-01-04T22:59:01","slug":"11-blandade-tankar-pa-sondagen-19","status":"publish","type":"post","link":"https:\/\/blogg.svenskakyrkan.se\/vandravagen\/2020\/01\/05\/11-blandade-tankar-pa-sondagen-19\/","title":{"rendered":"11 blandade tankar p\u00e5 s\u00f6ndagen"},"content":{"rendered":"<ol>\n<li>Glad s\u00f6ndag, k\u00e4ra l\u00e4sare!<\/li>\n<\/ol>\n<p>2. Idag \u00e4r en mycket speciell dag i familjen f\u00f6r vi ska f\u00e5 vara med om att v\u00e5r yngsta familjemedlem lille Josua ska bli d\u00f6pt i gudstj\u00e4nsten i Ulricehamn idag.<\/p>\n<p>3. Det blir ju att ordna kalas vart och varannat \u00e5r, det \u00e4r ocks\u00e5 de enda bjudningar vi n\u00e5nsin m\u00e4ktar med att ordna, men nu ska det bli v\u00e4ldigt roligt att f\u00e5 fira det h\u00e4r med en blandad skara sl\u00e4kt och v\u00e4nner. Sen \u00e4r vi v\u00e4ldigt glada \u00f6ver att ha dopet i f\u00f6rsamlingens vanliga gudstj\u00e4nst, fr\u00e5gar du mig s\u00e5 blir det allra finast s\u00e5. Dopet handlar ju trots allt om att man blir en del av Guds folk.<\/p>\n<p>4. P\u00e5 just denna speciella dag \u00e4r jag tacksam att ocks\u00e5 f\u00e5 fira 10\u00e5ring br\u00f6llopsdag men min Jenny och sju\u00e5rsdag f\u00f6r en av d\u00f6ttrarna. Mycket v\u00e4lsignelser i denna helg, \u00e4ldsta flickan har dopdag imorgon.<\/p>\n<p>5. En liten shoutout ocks\u00e5 till min v\u00e4n Martin som avskedspredikan idag i \u00d6desh\u00f6g. Lite oflyt att g\u00f6ra med predikotexten d\u00e4r Jesus driver m\u00e5nglarna ur templet kan man tycka.<\/p>\n<p>6. Det \u00e4r sv\u00e5rt att h\u00e5lla ordning p\u00e5 veckodagarna alltj\u00e4mt. Jag har varit hemma mycket med avbrott f\u00f6r gudstj\u00e4nst eller begravning emellan\u00e5t. Nu i morgon p\u00e5 trettondagen ska jag predika p\u00e5 musikgudstj\u00e4nst i Ljungsarp 17, med julens s\u00e5nger. V\u00e4lkomna dit, det blir predikan utifr\u00e5n en av mina favoritbloggposter h\u00e4r (det har allt h\u00e4nt en och annan g\u00e5ng att det \u00e4r arbetsg\u00e5ngen).<\/p>\n<p>7. \u00c4ven jag har lyssnat p\u00e5 Fredrik Lindstr\u00f6ms vinterprat om svenskarna som ett mycket m\u00e4rkligt folk med individualismen som religion. Det finns mycket bra d\u00e4r, inte minst det han s\u00e4ger om d\u00f6den.<\/p>\n<p>8. V\u00e5r julgran \u00e4r fortfarande fin och har barren kvar. Jag skulle g\u00e4rna ha kvar granen till kyndelsm\u00e4ss, det \u00e4r ju s\u00e5 fint.<\/p>\n<p>9. Jag \u00f6var mig f\u00f6rresten ocks\u00e5 p\u00e5 att bli bra p\u00e5 att meka med min cykel. Just nu har jag lyckats skruva loss en massa saker och f\u00e5tt bromsarna att sluta fungera. Forts\u00e4ttning f\u00f6ljer nog.<\/p>\n<p>10. Det \u00e4r m\u00e5nga som sammanfattar \u00e5rtiondet som varit. Mitt \u00e5rtionde \u00e4r v\u00e4ldigt tight sammanh\u00e5llet med br\u00f6llop de f\u00f6rsta dagarna i 2010, d\u00e4refter pr\u00e4stvigning och en l\u00e5ng rad med barn som f\u00f6tts. Just nu tror jag v\u00e4l inte att det ska bli fler barn s\u00e5 det blir lite som att det nya \u00e5rtiondet f\u00e5r inneh\u00e5lla andra saker. Bloggen har f\u00f6rst\u00e5s h\u00e4ngt med st\u00f6rre delen av \u00e5rtiondet och pr\u00e4sttj\u00e4nsten l\u00e4r jag v\u00e4l knoga p\u00e5 med som f\u00f6rut.<\/p>\n<p>11. Hur ser din dag och din trettonhelg ut? Skriv en rad och ber\u00e4tta!<\/p>\n<p>&nbsp;<\/p>\n<p>m\u00e5nglarna ur templet<\/p>\n","protected":false},"excerpt":{"rendered":"<p>Glad s\u00f6ndag, k\u00e4ra l\u00e4sare! 2. Idag \u00e4r en mycket speciell dag i familjen f\u00f6r vi ska f\u00e5 vara med om att v\u00e5r yngsta familjemedlem lille Josua ska bli d\u00f6pt i gudstj\u00e4nsten i Ulricehamn idag. 3. Det blir ju att ordna kalas vart och varannat \u00e5r, det \u00e4r ocks\u00e5 de enda bjudningar vi n\u00e5nsin m\u00e4ktar med [&hellip;]<\/p>\n","protected":false},"author":392,"featured_media":7566,"comment_status":"open","ping_status":"open","sticky":false,"template":"","format":"standard","meta":{"_acf_changed":false,"footnotes":""},"categories":[76766],"tags":[],"class_list":["post-7565","post","type-post","status-publish","format-standard","has-post-thumbnail","hentry","category-blandat"],"acf":[],"yoast_head":"<!-- This site is optimized with the Yoast SEO plugin v27.1.1 - https:\/\/yoast.com\/product\/yoast-seo-wordpress\/ -->\n<title>11 blandade tankar p\u00e5 s\u00f6ndagen - Vandra V\u00e4gen<\/title>\n<meta name=\"robots\" content=\"index, follow, max-snippet:-1, max-image-preview:large, max-video-preview:-1\" \/>\n<link rel=\"canonical\" href=\"https:\/\/blogg.svenskakyrkan.se\/vandravagen\/2020\/01\/05\/11-blandade-tankar-pa-sondagen-19\/\" \/>\n<meta property=\"og:locale\" content=\"sv_SE\" \/>\n<meta property=\"og:type\" content=\"article\" \/>\n<meta property=\"og:title\" content=\"11 blandade tankar p\u00e5 s\u00f6ndagen - Vandra V\u00e4gen\" \/>\n<meta property=\"og:description\" content=\"Glad s\u00f6ndag, k\u00e4ra l\u00e4sare! 2. Idag \u00e4r en mycket speciell dag i familjen f\u00f6r vi ska f\u00e5 vara med om att v\u00e5r yngsta familjemedlem lille Josua ska bli d\u00f6pt i gudstj\u00e4nsten i Ulricehamn idag. 3. Det blir ju att ordna kalas vart och varannat \u00e5r, det \u00e4r ocks\u00e5 de enda bjudningar vi n\u00e5nsin m\u00e4ktar med [&hellip;]\" \/>\n<meta property=\"og:url\" content=\"https:\/\/blogg.svenskakyrkan.se\/vandravagen\/2020\/01\/05\/11-blandade-tankar-pa-sondagen-19\/\" \/>\n<meta property=\"og:site_name\" content=\"Vandra V\u00e4gen\" \/>\n<meta property=\"article:publisher\" content=\"http:\/\/facebook.com\/vandravagen\" \/>\n<meta property=\"article:published_time\" content=\"2020-01-05T06:00:07+00:00\" \/>\n<meta name=\"author\" content=\"Tomas Jarvid\" \/>\n<meta name=\"twitter:card\" content=\"summary_large_image\" \/>\n<meta name=\"twitter:creator\" content=\"@fadertomas\" \/>\n<meta name=\"twitter:site\" content=\"@fadertomas\" \/>\n<meta name=\"twitter:label1\" content=\"Skriven av\" \/>\n\t<meta name=\"twitter:data1\" content=\"Tomas Jarvid\" \/>\n\t<meta name=\"twitter:label2\" content=\"Ber\u00e4knad l\u00e4stid\" \/>\n\t<meta name=\"twitter:data2\" content=\"2 minuter\" \/>\n<script type=\"application\/ld+json\" class=\"yoast-schema-graph\">{\"@context\":\"https:\/\/schema.org\",\"@graph\":[{\"@type\":\"Article\",\"@id\":\"https:\/\/blogg.svenskakyrkan.se\/vandravagen\/2020\/01\/05\/11-blandade-tankar-pa-sondagen-19\/#article\",\"isPartOf\":{\"@id\":\"https:\/\/blogg.svenskakyrkan.se\/vandravagen\/2020\/01\/05\/11-blandade-tankar-pa-sondagen-19\/\"},\"author\":{\"name\":\"Tomas Jarvid\",\"@id\":\"https:\/\/blogg.svenskakyrkan.se\/vandravagen\/#\/schema\/person\/25da02d4f76b137d04291711e2c9fc16\"},\"headline\":\"11 blandade tankar p\u00e5 s\u00f6ndagen\",\"datePublished\":\"2020-01-05T06:00:07+00:00\",\"mainEntityOfPage\":{\"@id\":\"https:\/\/blogg.svenskakyrkan.se\/vandravagen\/2020\/01\/05\/11-blandade-tankar-pa-sondagen-19\/\"},\"wordCount\":489,\"commentCount\":4,\"publisher\":{\"@id\":\"https:\/\/blogg.svenskakyrkan.se\/vandravagen\/#organization\"},\"image\":{\"@id\":\"https:\/\/blogg.svenskakyrkan.se\/vandravagen\/2020\/01\/05\/11-blandade-tankar-pa-sondagen-19\/#primaryimage\"},\"thumbnailUrl\":\"https:\/\/blogg.svenskakyrkan.se\/vandravagen\/files\/2020\/01\/IMG_1280.jpg\",\"articleSection\":[\"blandat\"],\"inLanguage\":\"sv-SE\",\"potentialAction\":[{\"@type\":\"CommentAction\",\"name\":\"Comment\",\"target\":[\"https:\/\/blogg.svenskakyrkan.se\/vandravagen\/2020\/01\/05\/11-blandade-tankar-pa-sondagen-19\/#respond\"]}]},{\"@type\":\"WebPage\",\"@id\":\"https:\/\/blogg.svenskakyrkan.se\/vandravagen\/2020\/01\/05\/11-blandade-tankar-pa-sondagen-19\/\",\"url\":\"https:\/\/blogg.svenskakyrkan.se\/vandravagen\/2020\/01\/05\/11-blandade-tankar-pa-sondagen-19\/\",\"name\":\"11 blandade tankar p\u00e5 s\u00f6ndagen - Vandra V\u00e4gen\",\"isPartOf\":{\"@id\":\"https:\/\/blogg.svenskakyrkan.se\/vandravagen\/#website\"},\"primaryImageOfPage\":{\"@id\":\"https:\/\/blogg.svenskakyrkan.se\/vandravagen\/2020\/01\/05\/11-blandade-tankar-pa-sondagen-19\/#primaryimage\"},\"image\":{\"@id\":\"https:\/\/blogg.svenskakyrkan.se\/vandravagen\/2020\/01\/05\/11-blandade-tankar-pa-sondagen-19\/#primaryimage\"},\"thumbnailUrl\":\"https:\/\/blogg.svenskakyrkan.se\/vandravagen\/files\/2020\/01\/IMG_1280.jpg\",\"datePublished\":\"2020-01-05T06:00:07+00:00\",\"breadcrumb\":{\"@id\":\"https:\/\/blogg.svenskakyrkan.se\/vandravagen\/2020\/01\/05\/11-blandade-tankar-pa-sondagen-19\/#breadcrumb\"},\"inLanguage\":\"sv-SE\",\"potentialAction\":[{\"@type\":\"ReadAction\",\"target\":[\"https:\/\/blogg.svenskakyrkan.se\/vandravagen\/2020\/01\/05\/11-blandade-tankar-pa-sondagen-19\/\"]}]},{\"@type\":\"ImageObject\",\"inLanguage\":\"sv-SE\",\"@id\":\"https:\/\/blogg.svenskakyrkan.se\/vandravagen\/2020\/01\/05\/11-blandade-tankar-pa-sondagen-19\/#primaryimage\",\"url\":\"https:\/\/blogg.svenskakyrkan.se\/vandravagen\/files\/2020\/01\/IMG_1280.jpg\",\"contentUrl\":\"https:\/\/blogg.svenskakyrkan.se\/vandravagen\/files\/2020\/01\/IMG_1280.jpg\",\"width\":1200,\"height\":824,\"caption\":\"De vise b\u00f6jer sig f\u00f6r barnet i krubban.\"},{\"@type\":\"BreadcrumbList\",\"@id\":\"https:\/\/blogg.svenskakyrkan.se\/vandravagen\/2020\/01\/05\/11-blandade-tankar-pa-sondagen-19\/#breadcrumb\",\"itemListElement\":[{\"@type\":\"ListItem\",\"position\":1,\"name\":\"Hem\",\"item\":\"https:\/\/blogg.svenskakyrkan.se\/vandravagen\/\"},{\"@type\":\"ListItem\",\"position\":2,\"name\":\"11 blandade tankar p\u00e5 s\u00f6ndagen\"}]},{\"@type\":\"WebSite\",\"@id\":\"https:\/\/blogg.svenskakyrkan.se\/vandravagen\/#website\",\"url\":\"https:\/\/blogg.svenskakyrkan.se\/vandravagen\/\",\"name\":\"Vandra V\u00e4gen\",\"description\":\"-Mot en tro f\u00f6r hela livet\",\"publisher\":{\"@id\":\"https:\/\/blogg.svenskakyrkan.se\/vandravagen\/#organization\"},\"potentialAction\":[{\"@type\":\"SearchAction\",\"target\":{\"@type\":\"EntryPoint\",\"urlTemplate\":\"https:\/\/blogg.svenskakyrkan.se\/vandravagen\/?s={search_term_string}\"},\"query-input\":{\"@type\":\"PropertyValueSpecification\",\"valueRequired\":true,\"valueName\":\"search_term_string\"}}],\"inLanguage\":\"sv-SE\"},{\"@type\":\"Organization\",\"@id\":\"https:\/\/blogg.svenskakyrkan.se\/vandravagen\/#organization\",\"name\":\"ulricehamns pastorat\",\"alternateName\":\"ulricehamns pastorat\",\"url\":\"https:\/\/blogg.svenskakyrkan.se\/vandravagen\/\",\"logo\":{\"@type\":\"ImageObject\",\"inLanguage\":\"sv-SE\",\"@id\":\"https:\/\/blogg.svenskakyrkan.se\/vandravagen\/#\/schema\/logo\/image\/\",\"url\":\"https:\/\/blogg.svenskakyrkan.se\/vandravagen\/files\/2023\/05\/Ulr_logo_RGB.png\",\"contentUrl\":\"https:\/\/blogg.svenskakyrkan.se\/vandravagen\/files\/2023\/05\/Ulr_logo_RGB.png\",\"width\":205,\"height\":77,\"caption\":\"ulricehamns pastorat\"},\"image\":{\"@id\":\"https:\/\/blogg.svenskakyrkan.se\/vandravagen\/#\/schema\/logo\/image\/\"},\"sameAs\":[\"http:\/\/facebook.com\/vandravagen\",\"https:\/\/x.com\/fadertomas\",\"http:\/\/www.facebook.com\/svenskakyrkaniulricehamn\"]},{\"@type\":\"Person\",\"@id\":\"https:\/\/blogg.svenskakyrkan.se\/vandravagen\/#\/schema\/person\/25da02d4f76b137d04291711e2c9fc16\",\"name\":\"Tomas Jarvid\",\"image\":{\"@type\":\"ImageObject\",\"inLanguage\":\"sv-SE\",\"@id\":\"https:\/\/blogg.svenskakyrkan.se\/vandravagen\/#\/schema\/person\/image\/\",\"url\":\"https:\/\/secure.gravatar.com\/avatar\/7fa71899795e8f540f615a1f5ab25255dc27aa40f05ee7ddd21aac521e01bf50?s=96&d=identicon&r=g\",\"contentUrl\":\"https:\/\/secure.gravatar.com\/avatar\/7fa71899795e8f540f615a1f5ab25255dc27aa40f05ee7ddd21aac521e01bf50?s=96&d=identicon&r=g\",\"caption\":\"Tomas Jarvid\"},\"description\":\"Jag bor i Ulricehamn i V\u00e4sterg\u00f6tland och \u00e4r f\u00f6rsamlingspr\u00e4st i Svenska Kyrkan f\u00f6r Dalstorps f\u00f6rsamling i Kinds pastorat. P\u00e5 den h\u00e4r bloggen skriver jag ner tankar om vandringen som kristen.\",\"sameAs\":[\"http:\/\/www.vandravagen.se\"],\"url\":\"https:\/\/blogg.svenskakyrkan.se\/vandravagen\/author\/vandravagen\/\"}]}<\/script>\n<!-- \/ Yoast SEO plugin. -->","yoast_head_json":{"title":"11 blandade tankar p\u00e5 s\u00f6ndagen - Vandra V\u00e4gen","robots":{"index":"index","follow":"follow","max-snippet":"max-snippet:-1","max-image-preview":"max-image-preview:large","max-video-preview":"max-video-preview:-1"},"canonical":"https:\/\/blogg.svenskakyrkan.se\/vandravagen\/2020\/01\/05\/11-blandade-tankar-pa-sondagen-19\/","og_locale":"sv_SE","og_type":"article","og_title":"11 blandade tankar p\u00e5 s\u00f6ndagen - Vandra V\u00e4gen","og_description":"Glad s\u00f6ndag, k\u00e4ra l\u00e4sare! 2. Idag \u00e4r en mycket speciell dag i familjen f\u00f6r vi ska f\u00e5 vara med om att v\u00e5r yngsta familjemedlem lille Josua ska bli d\u00f6pt i gudstj\u00e4nsten i Ulricehamn idag. 3. Det blir ju att ordna kalas vart och varannat \u00e5r, det \u00e4r ocks\u00e5 de enda bjudningar vi n\u00e5nsin m\u00e4ktar med [&hellip;]","og_url":"https:\/\/blogg.svenskakyrkan.se\/vandravagen\/2020\/01\/05\/11-blandade-tankar-pa-sondagen-19\/","og_site_name":"Vandra V\u00e4gen","article_publisher":"http:\/\/facebook.com\/vandravagen","article_published_time":"2020-01-05T06:00:07+00:00","author":"Tomas Jarvid","twitter_card":"summary_large_image","twitter_creator":"@fadertomas","twitter_site":"@fadertomas","twitter_misc":{"Skriven av":"Tomas Jarvid","Ber\u00e4knad l\u00e4stid":"2 minuter"},"schema":{"@context":"https:\/\/schema.org","@graph":[{"@type":"Article","@id":"https:\/\/blogg.svenskakyrkan.se\/vandravagen\/2020\/01\/05\/11-blandade-tankar-pa-sondagen-19\/#article","isPartOf":{"@id":"https:\/\/blogg.svenskakyrkan.se\/vandravagen\/2020\/01\/05\/11-blandade-tankar-pa-sondagen-19\/"},"author":{"name":"Tomas Jarvid","@id":"https:\/\/blogg.svenskakyrkan.se\/vandravagen\/#\/schema\/person\/25da02d4f76b137d04291711e2c9fc16"},"headline":"11 blandade tankar p\u00e5 s\u00f6ndagen","datePublished":"2020-01-05T06:00:07+00:00","mainEntityOfPage":{"@id":"https:\/\/blogg.svenskakyrkan.se\/vandravagen\/2020\/01\/05\/11-blandade-tankar-pa-sondagen-19\/"},"wordCount":489,"commentCount":4,"publisher":{"@id":"https:\/\/blogg.svenskakyrkan.se\/vandravagen\/#organization"},"image":{"@id":"https:\/\/blogg.svenskakyrkan.se\/vandravagen\/2020\/01\/05\/11-blandade-tankar-pa-sondagen-19\/#primaryimage"},"thumbnailUrl":"https:\/\/blogg.svenskakyrkan.se\/vandravagen\/files\/2020\/01\/IMG_1280.jpg","articleSection":["blandat"],"inLanguage":"sv-SE","potentialAction":[{"@type":"CommentAction","name":"Comment","target":["https:\/\/blogg.svenskakyrkan.se\/vandravagen\/2020\/01\/05\/11-blandade-tankar-pa-sondagen-19\/#respond"]}]},{"@type":"WebPage","@id":"https:\/\/blogg.svenskakyrkan.se\/vandravagen\/2020\/01\/05\/11-blandade-tankar-pa-sondagen-19\/","url":"https:\/\/blogg.svenskakyrkan.se\/vandravagen\/2020\/01\/05\/11-blandade-tankar-pa-sondagen-19\/","name":"11 blandade tankar p\u00e5 s\u00f6ndagen - Vandra V\u00e4gen","isPartOf":{"@id":"https:\/\/blogg.svenskakyrkan.se\/vandravagen\/#website"},"primaryImageOfPage":{"@id":"https:\/\/blogg.svenskakyrkan.se\/vandravagen\/2020\/01\/05\/11-blandade-tankar-pa-sondagen-19\/#primaryimage"},"image":{"@id":"https:\/\/blogg.svenskakyrkan.se\/vandravagen\/2020\/01\/05\/11-blandade-tankar-pa-sondagen-19\/#primaryimage"},"thumbnailUrl":"https:\/\/blogg.svenskakyrkan.se\/vandravagen\/files\/2020\/01\/IMG_1280.jpg","datePublished":"2020-01-05T06:00:07+00:00","breadcrumb":{"@id":"https:\/\/blogg.svenskakyrkan.se\/vandravagen\/2020\/01\/05\/11-blandade-tankar-pa-sondagen-19\/#breadcrumb"},"inLanguage":"sv-SE","potentialAction":[{"@type":"ReadAction","target":["https:\/\/blogg.svenskakyrkan.se\/vandravagen\/2020\/01\/05\/11-blandade-tankar-pa-sondagen-19\/"]}]},{"@type":"ImageObject","inLanguage":"sv-SE","@id":"https:\/\/blogg.svenskakyrkan.se\/vandravagen\/2020\/01\/05\/11-blandade-tankar-pa-sondagen-19\/#primaryimage","url":"https:\/\/blogg.svenskakyrkan.se\/vandravagen\/files\/2020\/01\/IMG_1280.jpg","contentUrl":"https:\/\/blogg.svenskakyrkan.se\/vandravagen\/files\/2020\/01\/IMG_1280.jpg","width":1200,"height":824,"caption":"De vise b\u00f6jer sig f\u00f6r barnet i krubban."},{"@type":"BreadcrumbList","@id":"https:\/\/blogg.svenskakyrkan.se\/vandravagen\/2020\/01\/05\/11-blandade-tankar-pa-sondagen-19\/#breadcrumb","itemListElement":[{"@type":"ListItem","position":1,"name":"Hem","item":"https:\/\/blogg.svenskakyrkan.se\/vandravagen\/"},{"@type":"ListItem","position":2,"name":"11 blandade tankar p\u00e5 s\u00f6ndagen"}]},{"@type":"WebSite","@id":"https:\/\/blogg.svenskakyrkan.se\/vandravagen\/#website","url":"https:\/\/blogg.svenskakyrkan.se\/vandravagen\/","name":"Vandra V\u00e4gen","description":"-Mot en tro f\u00f6r hela livet","publisher":{"@id":"https:\/\/blogg.svenskakyrkan.se\/vandravagen\/#organization"},"potentialAction":[{"@type":"SearchAction","target":{"@type":"EntryPoint","urlTemplate":"https:\/\/blogg.svenskakyrkan.se\/vandravagen\/?s={search_term_string}"},"query-input":{"@type":"PropertyValueSpecification","valueRequired":true,"valueName":"search_term_string"}}],"inLanguage":"sv-SE"},{"@type":"Organization","@id":"https:\/\/blogg.svenskakyrkan.se\/vandravagen\/#organization","name":"ulricehamns pastorat","alternateName":"ulricehamns pastorat","url":"https:\/\/blogg.svenskakyrkan.se\/vandravagen\/","logo":{"@type":"ImageObject","inLanguage":"sv-SE","@id":"https:\/\/blogg.svenskakyrkan.se\/vandravagen\/#\/schema\/logo\/image\/","url":"https:\/\/blogg.svenskakyrkan.se\/vandravagen\/files\/2023\/05\/Ulr_logo_RGB.png","contentUrl":"https:\/\/blogg.svenskakyrkan.se\/vandravagen\/files\/2023\/05\/Ulr_logo_RGB.png","width":205,"height":77,"caption":"ulricehamns pastorat"},"image":{"@id":"https:\/\/blogg.svenskakyrkan.se\/vandravagen\/#\/schema\/logo\/image\/"},"sameAs":["http:\/\/facebook.com\/vandravagen","https:\/\/x.com\/fadertomas","http:\/\/www.facebook.com\/svenskakyrkaniulricehamn"]},{"@type":"Person","@id":"https:\/\/blogg.svenskakyrkan.se\/vandravagen\/#\/schema\/person\/25da02d4f76b137d04291711e2c9fc16","name":"Tomas Jarvid","image":{"@type":"ImageObject","inLanguage":"sv-SE","@id":"https:\/\/blogg.svenskakyrkan.se\/vandravagen\/#\/schema\/person\/image\/","url":"https:\/\/secure.gravatar.com\/avatar\/7fa71899795e8f540f615a1f5ab25255dc27aa40f05ee7ddd21aac521e01bf50?s=96&d=identicon&r=g","contentUrl":"https:\/\/secure.gravatar.com\/avatar\/7fa71899795e8f540f615a1f5ab25255dc27aa40f05ee7ddd21aac521e01bf50?s=96&d=identicon&r=g","caption":"Tomas Jarvid"},"description":"Jag bor i Ulricehamn i V\u00e4sterg\u00f6tland och \u00e4r f\u00f6rsamlingspr\u00e4st i Svenska Kyrkan f\u00f6r Dalstorps f\u00f6rsamling i Kinds pastorat. P\u00e5 den h\u00e4r bloggen skriver jag ner tankar om vandringen som kristen.","sameAs":["http:\/\/www.vandravagen.se"],"url":"https:\/\/blogg.svenskakyrkan.se\/vandravagen\/author\/vandravagen\/"}]}},"author_meta":{"ID":"392","user_nicename":"vandravagen","user_url":"http:\/\/www.vandravagen.se","user_registered":"2014-05-19 05:44:52","display_name":"Tomas Jarvid","first_name":"Tomas","last_name":"Jarvid","avatar":"https:\/\/secure.gravatar.com\/avatar\/7fa71899795e8f540f615a1f5ab25255dc27aa40f05ee7ddd21aac521e01bf50?s=96&d=identicon&r=g"},"featured_image":["https:\/\/blogg.svenskakyrkan.se\/vandravagen\/files\/2020\/01\/IMG_1280-1024x703.jpg",1024,703,true],"bloginfo":{"name":"Vandra V\u00e4gen","url":"https:\/\/blogg.svenskakyrkan.se\/vandravagen"},"_links":{"self":[{"href":"https:\/\/blogg.svenskakyrkan.se\/vandravagen\/wp-json\/wp\/v2\/posts\/7565","targetHints":{"allow":["GET"]}}],"collection":[{"href":"https:\/\/blogg.svenskakyrkan.se\/vandravagen\/wp-json\/wp\/v2\/posts"}],"about":[{"href":"https:\/\/blogg.svenskakyrkan.se\/vandravagen\/wp-json\/wp\/v2\/types\/post"}],"author":[{"embeddable":true,"href":"https:\/\/blogg.svenskakyrkan.se\/vandravagen\/wp-json\/wp\/v2\/users\/392"}],"replies":[{"embeddable":true,"href":"https:\/\/blogg.svenskakyrkan.se\/vandravagen\/wp-json\/wp\/v2\/comments?post=7565"}],"version-history":[{"count":1,"href":"https:\/\/blogg.svenskakyrkan.se\/vandravagen\/wp-json\/wp\/v2\/posts\/7565\/revisions"}],"predecessor-version":[{"id":7567,"href":"https:\/\/blogg.svenskakyrkan.se\/vandravagen\/wp-json\/wp\/v2\/posts\/7565\/revisions\/7567"}],"wp:featuredmedia":[{"embeddable":true,"href":"https:\/\/blogg.svenskakyrkan.se\/vandravagen\/wp-json\/wp\/v2\/media\/7566"}],"wp:attachment":[{"href":"https:\/\/blogg.svenskakyrkan.se\/vandravagen\/wp-json\/wp\/v2\/media?parent=7565"}],"wp:term":[{"taxonomy":"category","embeddable":true,"href":"https:\/\/blogg.svenskakyrkan.se\/vandravagen\/wp-json\/wp\/v2\/categories?post=7565"},{"taxonomy":"post_tag","embeddable":true,"href":"https:\/\/blogg.svenskakyrkan.se\/vandravagen\/wp-json\/wp\/v2\/tags?post=7565"}],"curies":[{"name":"wp","href":"https:\/\/api.w.org\/{rel}","templated":true}]}}