{"id":758,"date":"2013-01-18T09:53:00","date_gmt":"2013-01-18T08:53:00","guid":{"rendered":"http:\/\/blogg.svenskakyrkan.se\/vandravagen\/2013\/01\/18\/saker-alla-vet-om-kristen-tro-i-den-ar-sexfientlig\/"},"modified":"2013-01-18T09:53:00","modified_gmt":"2013-01-18T08:53:00","slug":"saker-alla-vet-om-kristen-tro-i-den-ar-sexfientlig","status":"publish","type":"post","link":"https:\/\/blogg.svenskakyrkan.se\/vandravagen\/2013\/01\/18\/saker-alla-vet-om-kristen-tro-i-den-ar-sexfientlig\/","title":{"rendered":"Saker &quot;alla vet&quot; om kristen tro I; den \u00e4r sexfientlig"},"content":{"rendered":"<table align=\"center\" cellpadding=\"0\" cellspacing=\"0\">\n<tbody>\n<tr>\n<td><a href=\"http:\/\/www.artbible.net\/1T\/Son0101_6songs_love\/source\/20%20CHAGALL%20LE%20CANTIQUE%20DES%20CANTIQUES%203%20NICE.jpg\"><img loading=\"lazy\" decoding=\"async\" border=\"0\" height=\"441\" src=\"http:\/\/www.artbible.net\/1T\/Son0101_6songs_love\/source\/20%20CHAGALL%20LE%20CANTIQUE%20DES%20CANTIQUES%203%20NICE.jpg\" width=\"640\"><\/a><\/td>\n<\/tr>\n<tr>\n<td>H\u00f6ga visan enligt Chagall, k\u00e4rleksparet p\u00e5 vandring utanf\u00f6r staden<\/td>\n<\/tr>\n<\/tbody>\n<\/table>\n<p>En sak som den kristna tron ofta anklagats f\u00f6r \u00e4r att vara fientligt inst\u00e4lld mot sex. Jag s\u00e4ger f\u00f6rst\u00e5s inte att kristna aldrig varit anti mot sexualitet men jag vill argumentera f\u00f6r att det egentligen \u00e4r of\u00f6renligt med en bibliskt grundad kristen tro.<\/p>\n<p>Den f\u00f6rsta g\u00e5ngen vi m\u00f6ter m\u00e4nniskan i bibeln \u00e4r i f\u00f6rsta moseboken. Mannen och kvinnan st\u00e5r nakna inf\u00f6r varandra i Guds n\u00e4rvaro och mannen brister ut i tacksamt jubel \u00f6ver kvinnan som han f\u00e5tt att dela livet med. Kropp och sj\u00e4l \u00e4r skapade av Gud och skapade gott. Ingenting \u00e4r d\u00e5ligt bara f\u00f6r att det \u00e4r kroppsligt. Tv\u00e4rtom. Kristendomen handlar ju om Gud sj\u00e4lv som blev k\u00f6tt f\u00f6r att r\u00e4dda denna fysiska v\u00e4rld. Allt kroppsf\u00f6rakt \u00e4r ytterst sett f\u00f6rnekelse av Jesus Kristus.<\/p>\n<p>Den som l\u00e4st H\u00f6ga visan i gamla testamentet kan om\u00f6jligt p\u00e5st\u00e5 annat \u00e4n \u00e4r d\u00e4r dryper det av \u00e5tr\u00e5 och erotik mellan huvudpersonerna. Bildspr\u00e5ket \u00e4r f\u00f6rt\u00e4ckt men inte alltf\u00f6r sv\u00e5rt att &#8221;koda av&#8221;. Det \u00e4r som om vi \u00e5terigen befann oss i Eden, tv\u00e5 m\u00e4nniskor \u00e4r nakna till sj\u00e4l och kropp inf\u00f6r varandra och det \u00e4r n\u00e5got mycket gott. Om \u00e4n inte okomplicerat, ens i h\u00f6ga visan. K\u00e4rleken rymmer ocks\u00e5 mycket sm\u00e4rta.<\/p>\n<p>Dessutom hittar vi en brokig v\u00e4v av k\u00e4rleksrelationer p\u00e5 olika h\u00e5ll i bibeln. Bibeln \u00e4r v\u00e4ldigt realistisk p\u00e5 s\u00e5 s\u00e4tt att den aldrig sk\u00f6nm\u00e5lar k\u00e4rleken och s\u00e4ger att det \u00e4r l\u00e4tt, m\u00e4nskligheten lider ju av syndens h\u00e4rjningar p\u00e5 alla plan. \u00c4ven s\u00e5dana storheter som Abraham och kung David har p\u00e5tagligt trassliga relationer.<\/p>\n<p>Ur allt detta kan man tydligt l\u00e4sa ut att k\u00e4rlekslivet \u00e4r en s\u00e5rbar punkt f\u00f6r oss m\u00e4nniskor. Vi kan komma varandra v\u00e4ldigt n\u00e4ra och det kan vara fantastiskt, men det kan ocks\u00e5 vara destruktivt och s\u00e5rande. K\u00e4rleken m\u00e5ste rymmas i en relation d\u00e4r man kan k\u00e4nna sig trygg och s\u00e4ker p\u00e5 varandras trohet. Hj\u00e4rtan \u00e4r l\u00e4tta att krossa och d\u00e4rf\u00f6r m\u00e5ste k\u00e4rlek paras med \u00f6verl\u00e5telse.<\/p>\n<p>Jag skulle utifr\u00e5n detta korta resonemang allts\u00e5 mena att det \u00e4r ett stort missf\u00f6rst\u00e5nd att kalla kristen tro fientlig mot sex. Samtidigt \u00e4r sexualiteten en g\u00e5va som kan g\u00f6ra stor skada om den missbrukas. S\u00e5 att vi behandlar andra som objekt eller f\u00f6rnedrar oss sj\u00e4lva eller andra p\u00e5 n\u00e5got s\u00e4tt. Den logiska konsekvensen \u00e4r h\u00e4vdandet av trohet, av att underordna sig varandra, och av \u00e4ktenskapet med dess l\u00f6ften.<\/p>\n<p>Jag vet att det jag skrivit kanske inte \u00e4r l\u00e4ttsm\u00e4lt f\u00f6r alla men visst \u00e4r det logiskt?<\/p>\n","protected":false},"excerpt":{"rendered":"<p>H\u00f6ga visan enligt Chagall, k\u00e4rleksparet p\u00e5 vandring utanf\u00f6r staden En sak som den kristna tron ofta anklagats f\u00f6r \u00e4r att vara fientligt inst\u00e4lld mot sex. Jag s\u00e4ger f\u00f6rst\u00e5s inte att kristna aldrig varit anti mot sexualitet men jag vill argumentera f\u00f6r att det egentligen \u00e4r of\u00f6renligt med en bibliskt grundad kristen tro. Den f\u00f6rsta g\u00e5ngen [&hellip;]<\/p>\n","protected":false},"author":392,"featured_media":0,"comment_status":"open","ping_status":"open","sticky":false,"template":"","format":"standard","meta":{"_acf_changed":false,"footnotes":""},"categories":[117,77554],"tags":[],"class_list":["post-758","post","type-post","status-publish","format-standard","hentry","category-teologi","category-vara-manniska"],"acf":[],"yoast_head":"<!-- This site is optimized with the Yoast SEO plugin v27.1.1 - https:\/\/yoast.com\/product\/yoast-seo-wordpress\/ -->\n<title>Saker &quot;alla vet&quot; om kristen tro I; den \u00e4r sexfientlig - Vandra V\u00e4gen<\/title>\n<meta name=\"robots\" content=\"index, follow, max-snippet:-1, max-image-preview:large, max-video-preview:-1\" \/>\n<link rel=\"canonical\" href=\"https:\/\/blogg.svenskakyrkan.se\/vandravagen\/2013\/01\/18\/saker-alla-vet-om-kristen-tro-i-den-ar-sexfientlig\/\" \/>\n<meta property=\"og:locale\" content=\"sv_SE\" \/>\n<meta property=\"og:type\" content=\"article\" \/>\n<meta property=\"og:title\" content=\"Saker &quot;alla vet&quot; om kristen tro I; den \u00e4r sexfientlig - Vandra V\u00e4gen\" \/>\n<meta property=\"og:description\" content=\"H\u00f6ga visan enligt Chagall, k\u00e4rleksparet p\u00e5 vandring utanf\u00f6r staden En sak som den kristna tron ofta anklagats f\u00f6r \u00e4r att vara fientligt inst\u00e4lld mot sex. Jag s\u00e4ger f\u00f6rst\u00e5s inte att kristna aldrig varit anti mot sexualitet men jag vill argumentera f\u00f6r att det egentligen \u00e4r of\u00f6renligt med en bibliskt grundad kristen tro. Den f\u00f6rsta g\u00e5ngen [&hellip;]\" \/>\n<meta property=\"og:url\" content=\"https:\/\/blogg.svenskakyrkan.se\/vandravagen\/2013\/01\/18\/saker-alla-vet-om-kristen-tro-i-den-ar-sexfientlig\/\" \/>\n<meta property=\"og:site_name\" content=\"Vandra V\u00e4gen\" \/>\n<meta property=\"article:publisher\" content=\"http:\/\/facebook.com\/vandravagen\" \/>\n<meta property=\"article:published_time\" content=\"2013-01-18T08:53:00+00:00\" \/>\n<meta property=\"og:image\" content=\"http:\/\/www.artbible.net\/1T\/Son0101_6songs_love\/source\/20%20CHAGALL%20LE%20CANTIQUE%20DES%20CANTIQUES%203%20NICE.jpg\" \/>\n<meta name=\"author\" content=\"Tomas Jarvid\" \/>\n<meta name=\"twitter:card\" content=\"summary_large_image\" \/>\n<meta name=\"twitter:creator\" content=\"@fadertomas\" \/>\n<meta name=\"twitter:site\" content=\"@fadertomas\" \/>\n<meta name=\"twitter:label1\" content=\"Skriven av\" \/>\n\t<meta name=\"twitter:data1\" content=\"Tomas Jarvid\" \/>\n\t<meta name=\"twitter:label2\" content=\"Ber\u00e4knad l\u00e4stid\" \/>\n\t<meta name=\"twitter:data2\" content=\"3 minuter\" \/>\n<script type=\"application\/ld+json\" class=\"yoast-schema-graph\">{\"@context\":\"https:\/\/schema.org\",\"@graph\":[{\"@type\":\"Article\",\"@id\":\"https:\/\/blogg.svenskakyrkan.se\/vandravagen\/2013\/01\/18\/saker-alla-vet-om-kristen-tro-i-den-ar-sexfientlig\/#article\",\"isPartOf\":{\"@id\":\"https:\/\/blogg.svenskakyrkan.se\/vandravagen\/2013\/01\/18\/saker-alla-vet-om-kristen-tro-i-den-ar-sexfientlig\/\"},\"author\":{\"name\":\"Tomas Jarvid\",\"@id\":\"https:\/\/blogg.svenskakyrkan.se\/vandravagen\/#\/schema\/person\/25da02d4f76b137d04291711e2c9fc16\"},\"headline\":\"Saker &quot;alla vet&quot; om kristen tro I; den \u00e4r sexfientlig\",\"datePublished\":\"2013-01-18T08:53:00+00:00\",\"mainEntityOfPage\":{\"@id\":\"https:\/\/blogg.svenskakyrkan.se\/vandravagen\/2013\/01\/18\/saker-alla-vet-om-kristen-tro-i-den-ar-sexfientlig\/\"},\"wordCount\":515,\"commentCount\":1,\"publisher\":{\"@id\":\"https:\/\/blogg.svenskakyrkan.se\/vandravagen\/#organization\"},\"image\":{\"@id\":\"https:\/\/blogg.svenskakyrkan.se\/vandravagen\/2013\/01\/18\/saker-alla-vet-om-kristen-tro-i-den-ar-sexfientlig\/#primaryimage\"},\"thumbnailUrl\":\"http:\/\/www.artbible.net\/1T\/Son0101_6songs_love\/source\/20%20CHAGALL%20LE%20CANTIQUE%20DES%20CANTIQUES%203%20NICE.jpg\",\"articleSection\":[\"Teologi\",\"vara m\u00e4nniska\"],\"inLanguage\":\"sv-SE\",\"potentialAction\":[{\"@type\":\"CommentAction\",\"name\":\"Comment\",\"target\":[\"https:\/\/blogg.svenskakyrkan.se\/vandravagen\/2013\/01\/18\/saker-alla-vet-om-kristen-tro-i-den-ar-sexfientlig\/#respond\"]}]},{\"@type\":\"WebPage\",\"@id\":\"https:\/\/blogg.svenskakyrkan.se\/vandravagen\/2013\/01\/18\/saker-alla-vet-om-kristen-tro-i-den-ar-sexfientlig\/\",\"url\":\"https:\/\/blogg.svenskakyrkan.se\/vandravagen\/2013\/01\/18\/saker-alla-vet-om-kristen-tro-i-den-ar-sexfientlig\/\",\"name\":\"Saker &quot;alla vet&quot; om kristen tro I; den \u00e4r sexfientlig - Vandra V\u00e4gen\",\"isPartOf\":{\"@id\":\"https:\/\/blogg.svenskakyrkan.se\/vandravagen\/#website\"},\"primaryImageOfPage\":{\"@id\":\"https:\/\/blogg.svenskakyrkan.se\/vandravagen\/2013\/01\/18\/saker-alla-vet-om-kristen-tro-i-den-ar-sexfientlig\/#primaryimage\"},\"image\":{\"@id\":\"https:\/\/blogg.svenskakyrkan.se\/vandravagen\/2013\/01\/18\/saker-alla-vet-om-kristen-tro-i-den-ar-sexfientlig\/#primaryimage\"},\"thumbnailUrl\":\"http:\/\/www.artbible.net\/1T\/Son0101_6songs_love\/source\/20%20CHAGALL%20LE%20CANTIQUE%20DES%20CANTIQUES%203%20NICE.jpg\",\"datePublished\":\"2013-01-18T08:53:00+00:00\",\"breadcrumb\":{\"@id\":\"https:\/\/blogg.svenskakyrkan.se\/vandravagen\/2013\/01\/18\/saker-alla-vet-om-kristen-tro-i-den-ar-sexfientlig\/#breadcrumb\"},\"inLanguage\":\"sv-SE\",\"potentialAction\":[{\"@type\":\"ReadAction\",\"target\":[\"https:\/\/blogg.svenskakyrkan.se\/vandravagen\/2013\/01\/18\/saker-alla-vet-om-kristen-tro-i-den-ar-sexfientlig\/\"]}]},{\"@type\":\"ImageObject\",\"inLanguage\":\"sv-SE\",\"@id\":\"https:\/\/blogg.svenskakyrkan.se\/vandravagen\/2013\/01\/18\/saker-alla-vet-om-kristen-tro-i-den-ar-sexfientlig\/#primaryimage\",\"url\":\"http:\/\/www.artbible.net\/1T\/Son0101_6songs_love\/source\/20%20CHAGALL%20LE%20CANTIQUE%20DES%20CANTIQUES%203%20NICE.jpg\",\"contentUrl\":\"http:\/\/www.artbible.net\/1T\/Son0101_6songs_love\/source\/20%20CHAGALL%20LE%20CANTIQUE%20DES%20CANTIQUES%203%20NICE.jpg\"},{\"@type\":\"BreadcrumbList\",\"@id\":\"https:\/\/blogg.svenskakyrkan.se\/vandravagen\/2013\/01\/18\/saker-alla-vet-om-kristen-tro-i-den-ar-sexfientlig\/#breadcrumb\",\"itemListElement\":[{\"@type\":\"ListItem\",\"position\":1,\"name\":\"Hem\",\"item\":\"https:\/\/blogg.svenskakyrkan.se\/vandravagen\/\"},{\"@type\":\"ListItem\",\"position\":2,\"name\":\"Saker &quot;alla vet&quot; om kristen tro I; den \u00e4r sexfientlig\"}]},{\"@type\":\"WebSite\",\"@id\":\"https:\/\/blogg.svenskakyrkan.se\/vandravagen\/#website\",\"url\":\"https:\/\/blogg.svenskakyrkan.se\/vandravagen\/\",\"name\":\"Vandra V\u00e4gen\",\"description\":\"-Mot en tro f\u00f6r hela livet\",\"publisher\":{\"@id\":\"https:\/\/blogg.svenskakyrkan.se\/vandravagen\/#organization\"},\"potentialAction\":[{\"@type\":\"SearchAction\",\"target\":{\"@type\":\"EntryPoint\",\"urlTemplate\":\"https:\/\/blogg.svenskakyrkan.se\/vandravagen\/?s={search_term_string}\"},\"query-input\":{\"@type\":\"PropertyValueSpecification\",\"valueRequired\":true,\"valueName\":\"search_term_string\"}}],\"inLanguage\":\"sv-SE\"},{\"@type\":\"Organization\",\"@id\":\"https:\/\/blogg.svenskakyrkan.se\/vandravagen\/#organization\",\"name\":\"ulricehamns pastorat\",\"alternateName\":\"ulricehamns pastorat\",\"url\":\"https:\/\/blogg.svenskakyrkan.se\/vandravagen\/\",\"logo\":{\"@type\":\"ImageObject\",\"inLanguage\":\"sv-SE\",\"@id\":\"https:\/\/blogg.svenskakyrkan.se\/vandravagen\/#\/schema\/logo\/image\/\",\"url\":\"https:\/\/blogg.svenskakyrkan.se\/vandravagen\/files\/2023\/05\/Ulr_logo_RGB.png\",\"contentUrl\":\"https:\/\/blogg.svenskakyrkan.se\/vandravagen\/files\/2023\/05\/Ulr_logo_RGB.png\",\"width\":205,\"height\":77,\"caption\":\"ulricehamns pastorat\"},\"image\":{\"@id\":\"https:\/\/blogg.svenskakyrkan.se\/vandravagen\/#\/schema\/logo\/image\/\"},\"sameAs\":[\"http:\/\/facebook.com\/vandravagen\",\"https:\/\/x.com\/fadertomas\",\"http:\/\/www.facebook.com\/svenskakyrkaniulricehamn\"]},{\"@type\":\"Person\",\"@id\":\"https:\/\/blogg.svenskakyrkan.se\/vandravagen\/#\/schema\/person\/25da02d4f76b137d04291711e2c9fc16\",\"name\":\"Tomas Jarvid\",\"image\":{\"@type\":\"ImageObject\",\"inLanguage\":\"sv-SE\",\"@id\":\"https:\/\/blogg.svenskakyrkan.se\/vandravagen\/#\/schema\/person\/image\/\",\"url\":\"https:\/\/secure.gravatar.com\/avatar\/7fa71899795e8f540f615a1f5ab25255dc27aa40f05ee7ddd21aac521e01bf50?s=96&d=identicon&r=g\",\"contentUrl\":\"https:\/\/secure.gravatar.com\/avatar\/7fa71899795e8f540f615a1f5ab25255dc27aa40f05ee7ddd21aac521e01bf50?s=96&d=identicon&r=g\",\"caption\":\"Tomas Jarvid\"},\"description\":\"Jag bor i Ulricehamn i V\u00e4sterg\u00f6tland och \u00e4r f\u00f6rsamlingspr\u00e4st i Svenska Kyrkan f\u00f6r Dalstorps f\u00f6rsamling i Kinds pastorat. P\u00e5 den h\u00e4r bloggen skriver jag ner tankar om vandringen som kristen.\",\"sameAs\":[\"http:\/\/www.vandravagen.se\"],\"url\":\"https:\/\/blogg.svenskakyrkan.se\/vandravagen\/author\/vandravagen\/\"}]}<\/script>\n<!-- \/ Yoast SEO plugin. -->","yoast_head_json":{"title":"Saker &quot;alla vet&quot; om kristen tro I; den \u00e4r sexfientlig - Vandra V\u00e4gen","robots":{"index":"index","follow":"follow","max-snippet":"max-snippet:-1","max-image-preview":"max-image-preview:large","max-video-preview":"max-video-preview:-1"},"canonical":"https:\/\/blogg.svenskakyrkan.se\/vandravagen\/2013\/01\/18\/saker-alla-vet-om-kristen-tro-i-den-ar-sexfientlig\/","og_locale":"sv_SE","og_type":"article","og_title":"Saker &quot;alla vet&quot; om kristen tro I; den \u00e4r sexfientlig - Vandra V\u00e4gen","og_description":"H\u00f6ga visan enligt Chagall, k\u00e4rleksparet p\u00e5 vandring utanf\u00f6r staden En sak som den kristna tron ofta anklagats f\u00f6r \u00e4r att vara fientligt inst\u00e4lld mot sex. Jag s\u00e4ger f\u00f6rst\u00e5s inte att kristna aldrig varit anti mot sexualitet men jag vill argumentera f\u00f6r att det egentligen \u00e4r of\u00f6renligt med en bibliskt grundad kristen tro. Den f\u00f6rsta g\u00e5ngen [&hellip;]","og_url":"https:\/\/blogg.svenskakyrkan.se\/vandravagen\/2013\/01\/18\/saker-alla-vet-om-kristen-tro-i-den-ar-sexfientlig\/","og_site_name":"Vandra V\u00e4gen","article_publisher":"http:\/\/facebook.com\/vandravagen","article_published_time":"2013-01-18T08:53:00+00:00","og_image":[{"url":"http:\/\/www.artbible.net\/1T\/Son0101_6songs_love\/source\/20%20CHAGALL%20LE%20CANTIQUE%20DES%20CANTIQUES%203%20NICE.jpg","type":"","width":"","height":""}],"author":"Tomas Jarvid","twitter_card":"summary_large_image","twitter_creator":"@fadertomas","twitter_site":"@fadertomas","twitter_misc":{"Skriven av":"Tomas Jarvid","Ber\u00e4knad l\u00e4stid":"3 minuter"},"schema":{"@context":"https:\/\/schema.org","@graph":[{"@type":"Article","@id":"https:\/\/blogg.svenskakyrkan.se\/vandravagen\/2013\/01\/18\/saker-alla-vet-om-kristen-tro-i-den-ar-sexfientlig\/#article","isPartOf":{"@id":"https:\/\/blogg.svenskakyrkan.se\/vandravagen\/2013\/01\/18\/saker-alla-vet-om-kristen-tro-i-den-ar-sexfientlig\/"},"author":{"name":"Tomas Jarvid","@id":"https:\/\/blogg.svenskakyrkan.se\/vandravagen\/#\/schema\/person\/25da02d4f76b137d04291711e2c9fc16"},"headline":"Saker &quot;alla vet&quot; om kristen tro I; den \u00e4r sexfientlig","datePublished":"2013-01-18T08:53:00+00:00","mainEntityOfPage":{"@id":"https:\/\/blogg.svenskakyrkan.se\/vandravagen\/2013\/01\/18\/saker-alla-vet-om-kristen-tro-i-den-ar-sexfientlig\/"},"wordCount":515,"commentCount":1,"publisher":{"@id":"https:\/\/blogg.svenskakyrkan.se\/vandravagen\/#organization"},"image":{"@id":"https:\/\/blogg.svenskakyrkan.se\/vandravagen\/2013\/01\/18\/saker-alla-vet-om-kristen-tro-i-den-ar-sexfientlig\/#primaryimage"},"thumbnailUrl":"http:\/\/www.artbible.net\/1T\/Son0101_6songs_love\/source\/20%20CHAGALL%20LE%20CANTIQUE%20DES%20CANTIQUES%203%20NICE.jpg","articleSection":["Teologi","vara m\u00e4nniska"],"inLanguage":"sv-SE","potentialAction":[{"@type":"CommentAction","name":"Comment","target":["https:\/\/blogg.svenskakyrkan.se\/vandravagen\/2013\/01\/18\/saker-alla-vet-om-kristen-tro-i-den-ar-sexfientlig\/#respond"]}]},{"@type":"WebPage","@id":"https:\/\/blogg.svenskakyrkan.se\/vandravagen\/2013\/01\/18\/saker-alla-vet-om-kristen-tro-i-den-ar-sexfientlig\/","url":"https:\/\/blogg.svenskakyrkan.se\/vandravagen\/2013\/01\/18\/saker-alla-vet-om-kristen-tro-i-den-ar-sexfientlig\/","name":"Saker &quot;alla vet&quot; om kristen tro I; den \u00e4r sexfientlig - Vandra V\u00e4gen","isPartOf":{"@id":"https:\/\/blogg.svenskakyrkan.se\/vandravagen\/#website"},"primaryImageOfPage":{"@id":"https:\/\/blogg.svenskakyrkan.se\/vandravagen\/2013\/01\/18\/saker-alla-vet-om-kristen-tro-i-den-ar-sexfientlig\/#primaryimage"},"image":{"@id":"https:\/\/blogg.svenskakyrkan.se\/vandravagen\/2013\/01\/18\/saker-alla-vet-om-kristen-tro-i-den-ar-sexfientlig\/#primaryimage"},"thumbnailUrl":"http:\/\/www.artbible.net\/1T\/Son0101_6songs_love\/source\/20%20CHAGALL%20LE%20CANTIQUE%20DES%20CANTIQUES%203%20NICE.jpg","datePublished":"2013-01-18T08:53:00+00:00","breadcrumb":{"@id":"https:\/\/blogg.svenskakyrkan.se\/vandravagen\/2013\/01\/18\/saker-alla-vet-om-kristen-tro-i-den-ar-sexfientlig\/#breadcrumb"},"inLanguage":"sv-SE","potentialAction":[{"@type":"ReadAction","target":["https:\/\/blogg.svenskakyrkan.se\/vandravagen\/2013\/01\/18\/saker-alla-vet-om-kristen-tro-i-den-ar-sexfientlig\/"]}]},{"@type":"ImageObject","inLanguage":"sv-SE","@id":"https:\/\/blogg.svenskakyrkan.se\/vandravagen\/2013\/01\/18\/saker-alla-vet-om-kristen-tro-i-den-ar-sexfientlig\/#primaryimage","url":"http:\/\/www.artbible.net\/1T\/Son0101_6songs_love\/source\/20%20CHAGALL%20LE%20CANTIQUE%20DES%20CANTIQUES%203%20NICE.jpg","contentUrl":"http:\/\/www.artbible.net\/1T\/Son0101_6songs_love\/source\/20%20CHAGALL%20LE%20CANTIQUE%20DES%20CANTIQUES%203%20NICE.jpg"},{"@type":"BreadcrumbList","@id":"https:\/\/blogg.svenskakyrkan.se\/vandravagen\/2013\/01\/18\/saker-alla-vet-om-kristen-tro-i-den-ar-sexfientlig\/#breadcrumb","itemListElement":[{"@type":"ListItem","position":1,"name":"Hem","item":"https:\/\/blogg.svenskakyrkan.se\/vandravagen\/"},{"@type":"ListItem","position":2,"name":"Saker &quot;alla vet&quot; om kristen tro I; den \u00e4r sexfientlig"}]},{"@type":"WebSite","@id":"https:\/\/blogg.svenskakyrkan.se\/vandravagen\/#website","url":"https:\/\/blogg.svenskakyrkan.se\/vandravagen\/","name":"Vandra V\u00e4gen","description":"-Mot en tro f\u00f6r hela livet","publisher":{"@id":"https:\/\/blogg.svenskakyrkan.se\/vandravagen\/#organization"},"potentialAction":[{"@type":"SearchAction","target":{"@type":"EntryPoint","urlTemplate":"https:\/\/blogg.svenskakyrkan.se\/vandravagen\/?s={search_term_string}"},"query-input":{"@type":"PropertyValueSpecification","valueRequired":true,"valueName":"search_term_string"}}],"inLanguage":"sv-SE"},{"@type":"Organization","@id":"https:\/\/blogg.svenskakyrkan.se\/vandravagen\/#organization","name":"ulricehamns pastorat","alternateName":"ulricehamns pastorat","url":"https:\/\/blogg.svenskakyrkan.se\/vandravagen\/","logo":{"@type":"ImageObject","inLanguage":"sv-SE","@id":"https:\/\/blogg.svenskakyrkan.se\/vandravagen\/#\/schema\/logo\/image\/","url":"https:\/\/blogg.svenskakyrkan.se\/vandravagen\/files\/2023\/05\/Ulr_logo_RGB.png","contentUrl":"https:\/\/blogg.svenskakyrkan.se\/vandravagen\/files\/2023\/05\/Ulr_logo_RGB.png","width":205,"height":77,"caption":"ulricehamns pastorat"},"image":{"@id":"https:\/\/blogg.svenskakyrkan.se\/vandravagen\/#\/schema\/logo\/image\/"},"sameAs":["http:\/\/facebook.com\/vandravagen","https:\/\/x.com\/fadertomas","http:\/\/www.facebook.com\/svenskakyrkaniulricehamn"]},{"@type":"Person","@id":"https:\/\/blogg.svenskakyrkan.se\/vandravagen\/#\/schema\/person\/25da02d4f76b137d04291711e2c9fc16","name":"Tomas Jarvid","image":{"@type":"ImageObject","inLanguage":"sv-SE","@id":"https:\/\/blogg.svenskakyrkan.se\/vandravagen\/#\/schema\/person\/image\/","url":"https:\/\/secure.gravatar.com\/avatar\/7fa71899795e8f540f615a1f5ab25255dc27aa40f05ee7ddd21aac521e01bf50?s=96&d=identicon&r=g","contentUrl":"https:\/\/secure.gravatar.com\/avatar\/7fa71899795e8f540f615a1f5ab25255dc27aa40f05ee7ddd21aac521e01bf50?s=96&d=identicon&r=g","caption":"Tomas Jarvid"},"description":"Jag bor i Ulricehamn i V\u00e4sterg\u00f6tland och \u00e4r f\u00f6rsamlingspr\u00e4st i Svenska Kyrkan f\u00f6r Dalstorps f\u00f6rsamling i Kinds pastorat. P\u00e5 den h\u00e4r bloggen skriver jag ner tankar om vandringen som kristen.","sameAs":["http:\/\/www.vandravagen.se"],"url":"https:\/\/blogg.svenskakyrkan.se\/vandravagen\/author\/vandravagen\/"}]}},"author_meta":{"ID":"392","user_nicename":"vandravagen","user_url":"http:\/\/www.vandravagen.se","user_registered":"2014-05-19 05:44:52","display_name":"Tomas Jarvid","first_name":"Tomas","last_name":"Jarvid","avatar":"https:\/\/secure.gravatar.com\/avatar\/7fa71899795e8f540f615a1f5ab25255dc27aa40f05ee7ddd21aac521e01bf50?s=96&d=identicon&r=g"},"featured_image":false,"bloginfo":{"name":"Vandra V\u00e4gen","url":"https:\/\/blogg.svenskakyrkan.se\/vandravagen"},"_links":{"self":[{"href":"https:\/\/blogg.svenskakyrkan.se\/vandravagen\/wp-json\/wp\/v2\/posts\/758","targetHints":{"allow":["GET"]}}],"collection":[{"href":"https:\/\/blogg.svenskakyrkan.se\/vandravagen\/wp-json\/wp\/v2\/posts"}],"about":[{"href":"https:\/\/blogg.svenskakyrkan.se\/vandravagen\/wp-json\/wp\/v2\/types\/post"}],"author":[{"embeddable":true,"href":"https:\/\/blogg.svenskakyrkan.se\/vandravagen\/wp-json\/wp\/v2\/users\/392"}],"replies":[{"embeddable":true,"href":"https:\/\/blogg.svenskakyrkan.se\/vandravagen\/wp-json\/wp\/v2\/comments?post=758"}],"version-history":[{"count":0,"href":"https:\/\/blogg.svenskakyrkan.se\/vandravagen\/wp-json\/wp\/v2\/posts\/758\/revisions"}],"wp:attachment":[{"href":"https:\/\/blogg.svenskakyrkan.se\/vandravagen\/wp-json\/wp\/v2\/media?parent=758"}],"wp:term":[{"taxonomy":"category","embeddable":true,"href":"https:\/\/blogg.svenskakyrkan.se\/vandravagen\/wp-json\/wp\/v2\/categories?post=758"},{"taxonomy":"post_tag","embeddable":true,"href":"https:\/\/blogg.svenskakyrkan.se\/vandravagen\/wp-json\/wp\/v2\/tags?post=758"}],"curies":[{"name":"wp","href":"https:\/\/api.w.org\/{rel}","templated":true}]}}