{"id":7583,"date":"2020-01-12T07:00:10","date_gmt":"2020-01-12T06:00:10","guid":{"rendered":"http:\/\/blogg.svenskakyrkan.se\/vandravagen\/?p=7583"},"modified":"2020-01-11T21:11:53","modified_gmt":"2020-01-11T20:11:53","slug":"10-blandade-tankar-pa-sondagen-51","status":"publish","type":"post","link":"https:\/\/blogg.svenskakyrkan.se\/vandravagen\/2020\/01\/12\/10-blandade-tankar-pa-sondagen-51\/","title":{"rendered":"10 blandade tankar p\u00e5 s\u00f6ndagen"},"content":{"rendered":"<ol>\n<li>Glad s\u00f6ndag, k\u00e4ra l\u00e4sare!<\/li>\n<\/ol>\n<p>2. Idag \u00e4r det f\u00f6rsta s\u00f6ndagen efter trettondagen, och i morgon tjugondag knut, s\u00e5 nu \u00e4r v\u00e4l julen tyv\u00e4rr p\u00e5 upph\u00e4llningen \u00e4ven om s\u00f6ndagarna kommer h\u00e4nvisa tillbaka mot julen ett bra tag fram\u00f6ver ocks\u00e5 innan vi kan b\u00f6rja blicka fram\u00e5t mot p\u00e5sken.<\/p>\n<p>3. Jag ska leda gudstj\u00e4nst och predika i Grims\u00e5s 9 och i Nittorp 11 s\u00e5\u00a0 v\u00e4lkommen dit s\u00e5 ses vi! Jag ska ocks\u00e5 tr\u00e4ffa ett litet dopbarn innan dagen \u00e4r \u00f6ver.<\/p>\n<p>4. Denna dag minns vi s\u00e4rskilt Jesu dop (som han var med som som vuxen, kan vara v\u00e4rt att s\u00e4ga s\u00e5h\u00e4r n\u00e4r vi \u00e4r vana att h\u00f6ra om det lilla barnet Jesus) i Jordan av Johannes. Det \u00e4r bara n\u00e5gon enda rad i markusevangeliet om det men de ord som finns \u00e4r packade med h\u00e4nvisningar och viktigheter. Jag l\u00e4gger ut predikan h\u00e4r i vanlig ordning imorgon.<\/p>\n<p>5. Granen st\u00e5r kvar h\u00e4r hemma. Och allt annat pynt ocks\u00e5 f\u00f6r den delen. Jag tycker alltid det k\u00e4nns sv\u00e5rt att ta bort det n\u00e4r det \u00e4nd\u00e5 \u00e4r s\u00e5 mycket m\u00f6rk vinter kvar att lysa upp. Nu sitter dessutom barren kvar och d\u00e5 \u00e4r det ju inte ens br\u00e5ttom f\u00f6r den sakens skull.<\/p>\n<p>6. Jag \u00f6nskar att det kunde bli lite sn\u00f6. Dr\u00f6mmen vore att kunna \u00e5ka lite skidor i skogen \u00e4ven i \u00e5r men det ser m\u00f6rkt ut.<\/p>\n<p>7. Jag har lyssnat p\u00e5 Johan Rockstr\u00f6ms vinterprat om det aktuella l\u00e4get i klimatfr\u00e5gan. I ganska sm\u00e5 portioner f\u00f6r det var v\u00e4ldigt skr\u00e4mmande och dystert i m\u00e5nga delar. \u00d6nskar jag kunde komma p\u00e5 mer s\u00e4tt att dra n\u00e5got str\u00e5 till stacken med omst\u00e4llningen av hur vi m\u00e5ste b\u00f6rja t\u00e4nka och leva och framf\u00f6rallt s\u00e4tta press p\u00e5 politiken som verkar vara det absolut avg\u00f6rande.<\/p>\n<p>8. Minns v\u00e5r ungdomsledare i kyrkan som k\u00f6rde en gammal saab typ 98 eller s\u00e5 och sa att n\u00e4r hon k\u00f6pte den t\u00e4nkte hon sig att det skulle vara hennes sista bensinbil. Redan d\u00e5 visste vi tillr\u00e4ckligt mycket och hoppades att f\u00f6r\u00e4ndringarna skulle komma snart.<\/p>\n<p>9. Jag tycker \u00e4nd\u00e5 det h\u00e4nt en hel del med k\u00f6tt\u00e4tandet h\u00e4r hemma. Det \u00e4r inte helt l\u00e4tt med kinkiga barn och allt men trenden \u00e4r \u00e4nd\u00e5 att gr\u00f6nsakerna \u00f6kar och k\u00f6ttet minskar.<\/p>\n<p>10. Vad g\u00f6r du denna vackra (?) s\u00f6ndag? Skriv en rad och ber\u00e4tta!<\/p>\n","protected":false},"excerpt":{"rendered":"<p>Glad s\u00f6ndag, k\u00e4ra l\u00e4sare! 2. Idag \u00e4r det f\u00f6rsta s\u00f6ndagen efter trettondagen, och i morgon tjugondag knut, s\u00e5 nu \u00e4r v\u00e4l julen tyv\u00e4rr p\u00e5 upph\u00e4llningen \u00e4ven om s\u00f6ndagarna kommer h\u00e4nvisa tillbaka mot julen ett bra tag fram\u00f6ver ocks\u00e5 innan vi kan b\u00f6rja blicka fram\u00e5t mot p\u00e5sken. 3. Jag ska leda gudstj\u00e4nst och predika i Grims\u00e5s [&hellip;]<\/p>\n","protected":false},"author":392,"featured_media":7584,"comment_status":"open","ping_status":"open","sticky":false,"template":"","format":"standard","meta":{"_acf_changed":false,"footnotes":""},"categories":[76766],"tags":[],"class_list":["post-7583","post","type-post","status-publish","format-standard","has-post-thumbnail","hentry","category-blandat"],"acf":[],"yoast_head":"<!-- This site is optimized with the Yoast SEO plugin v27.1.1 - https:\/\/yoast.com\/product\/yoast-seo-wordpress\/ -->\n<title>10 blandade tankar p\u00e5 s\u00f6ndagen - Vandra V\u00e4gen<\/title>\n<meta name=\"robots\" content=\"index, follow, max-snippet:-1, max-image-preview:large, max-video-preview:-1\" \/>\n<link rel=\"canonical\" href=\"https:\/\/blogg.svenskakyrkan.se\/vandravagen\/2020\/01\/12\/10-blandade-tankar-pa-sondagen-51\/\" \/>\n<meta property=\"og:locale\" content=\"sv_SE\" \/>\n<meta property=\"og:type\" content=\"article\" \/>\n<meta property=\"og:title\" content=\"10 blandade tankar p\u00e5 s\u00f6ndagen - Vandra V\u00e4gen\" \/>\n<meta property=\"og:description\" content=\"Glad s\u00f6ndag, k\u00e4ra l\u00e4sare! 2. Idag \u00e4r det f\u00f6rsta s\u00f6ndagen efter trettondagen, och i morgon tjugondag knut, s\u00e5 nu \u00e4r v\u00e4l julen tyv\u00e4rr p\u00e5 upph\u00e4llningen \u00e4ven om s\u00f6ndagarna kommer h\u00e4nvisa tillbaka mot julen ett bra tag fram\u00f6ver ocks\u00e5 innan vi kan b\u00f6rja blicka fram\u00e5t mot p\u00e5sken. 3. Jag ska leda gudstj\u00e4nst och predika i Grims\u00e5s [&hellip;]\" \/>\n<meta property=\"og:url\" content=\"https:\/\/blogg.svenskakyrkan.se\/vandravagen\/2020\/01\/12\/10-blandade-tankar-pa-sondagen-51\/\" \/>\n<meta property=\"og:site_name\" content=\"Vandra V\u00e4gen\" \/>\n<meta property=\"article:publisher\" content=\"http:\/\/facebook.com\/vandravagen\" \/>\n<meta property=\"article:published_time\" content=\"2020-01-12T06:00:10+00:00\" \/>\n<meta name=\"author\" content=\"Tomas Jarvid\" \/>\n<meta name=\"twitter:card\" content=\"summary_large_image\" \/>\n<meta name=\"twitter:creator\" content=\"@fadertomas\" \/>\n<meta name=\"twitter:site\" content=\"@fadertomas\" \/>\n<meta name=\"twitter:label1\" content=\"Skriven av\" \/>\n\t<meta name=\"twitter:data1\" content=\"Tomas Jarvid\" \/>\n\t<meta name=\"twitter:label2\" content=\"Ber\u00e4knad l\u00e4stid\" \/>\n\t<meta name=\"twitter:data2\" content=\"2 minuter\" \/>\n<script type=\"application\/ld+json\" class=\"yoast-schema-graph\">{\"@context\":\"https:\/\/schema.org\",\"@graph\":[{\"@type\":\"Article\",\"@id\":\"https:\/\/blogg.svenskakyrkan.se\/vandravagen\/2020\/01\/12\/10-blandade-tankar-pa-sondagen-51\/#article\",\"isPartOf\":{\"@id\":\"https:\/\/blogg.svenskakyrkan.se\/vandravagen\/2020\/01\/12\/10-blandade-tankar-pa-sondagen-51\/\"},\"author\":{\"name\":\"Tomas Jarvid\",\"@id\":\"https:\/\/blogg.svenskakyrkan.se\/vandravagen\/#\/schema\/person\/25da02d4f76b137d04291711e2c9fc16\"},\"headline\":\"10 blandade tankar p\u00e5 s\u00f6ndagen\",\"datePublished\":\"2020-01-12T06:00:10+00:00\",\"mainEntityOfPage\":{\"@id\":\"https:\/\/blogg.svenskakyrkan.se\/vandravagen\/2020\/01\/12\/10-blandade-tankar-pa-sondagen-51\/\"},\"wordCount\":442,\"commentCount\":2,\"publisher\":{\"@id\":\"https:\/\/blogg.svenskakyrkan.se\/vandravagen\/#organization\"},\"image\":{\"@id\":\"https:\/\/blogg.svenskakyrkan.se\/vandravagen\/2020\/01\/12\/10-blandade-tankar-pa-sondagen-51\/#primaryimage\"},\"thumbnailUrl\":\"https:\/\/blogg.svenskakyrkan.se\/vandravagen\/files\/2020\/01\/web-baptism-of-christ-jesus-public-domain-via-wikipaintings.jpg\",\"articleSection\":[\"blandat\"],\"inLanguage\":\"sv-SE\",\"potentialAction\":[{\"@type\":\"CommentAction\",\"name\":\"Comment\",\"target\":[\"https:\/\/blogg.svenskakyrkan.se\/vandravagen\/2020\/01\/12\/10-blandade-tankar-pa-sondagen-51\/#respond\"]}]},{\"@type\":\"WebPage\",\"@id\":\"https:\/\/blogg.svenskakyrkan.se\/vandravagen\/2020\/01\/12\/10-blandade-tankar-pa-sondagen-51\/\",\"url\":\"https:\/\/blogg.svenskakyrkan.se\/vandravagen\/2020\/01\/12\/10-blandade-tankar-pa-sondagen-51\/\",\"name\":\"10 blandade tankar p\u00e5 s\u00f6ndagen - Vandra V\u00e4gen\",\"isPartOf\":{\"@id\":\"https:\/\/blogg.svenskakyrkan.se\/vandravagen\/#website\"},\"primaryImageOfPage\":{\"@id\":\"https:\/\/blogg.svenskakyrkan.se\/vandravagen\/2020\/01\/12\/10-blandade-tankar-pa-sondagen-51\/#primaryimage\"},\"image\":{\"@id\":\"https:\/\/blogg.svenskakyrkan.se\/vandravagen\/2020\/01\/12\/10-blandade-tankar-pa-sondagen-51\/#primaryimage\"},\"thumbnailUrl\":\"https:\/\/blogg.svenskakyrkan.se\/vandravagen\/files\/2020\/01\/web-baptism-of-christ-jesus-public-domain-via-wikipaintings.jpg\",\"datePublished\":\"2020-01-12T06:00:10+00:00\",\"breadcrumb\":{\"@id\":\"https:\/\/blogg.svenskakyrkan.se\/vandravagen\/2020\/01\/12\/10-blandade-tankar-pa-sondagen-51\/#breadcrumb\"},\"inLanguage\":\"sv-SE\",\"potentialAction\":[{\"@type\":\"ReadAction\",\"target\":[\"https:\/\/blogg.svenskakyrkan.se\/vandravagen\/2020\/01\/12\/10-blandade-tankar-pa-sondagen-51\/\"]}]},{\"@type\":\"ImageObject\",\"inLanguage\":\"sv-SE\",\"@id\":\"https:\/\/blogg.svenskakyrkan.se\/vandravagen\/2020\/01\/12\/10-blandade-tankar-pa-sondagen-51\/#primaryimage\",\"url\":\"https:\/\/blogg.svenskakyrkan.se\/vandravagen\/files\/2020\/01\/web-baptism-of-christ-jesus-public-domain-via-wikipaintings.jpg\",\"contentUrl\":\"https:\/\/blogg.svenskakyrkan.se\/vandravagen\/files\/2020\/01\/web-baptism-of-christ-jesus-public-domain-via-wikipaintings.jpg\",\"width\":620,\"height\":310,\"caption\":\"Jesus d\u00f6ps av Johannes. V\u00e4ldigt mycket folk ute i \u00f6knen.\"},{\"@type\":\"BreadcrumbList\",\"@id\":\"https:\/\/blogg.svenskakyrkan.se\/vandravagen\/2020\/01\/12\/10-blandade-tankar-pa-sondagen-51\/#breadcrumb\",\"itemListElement\":[{\"@type\":\"ListItem\",\"position\":1,\"name\":\"Hem\",\"item\":\"https:\/\/blogg.svenskakyrkan.se\/vandravagen\/\"},{\"@type\":\"ListItem\",\"position\":2,\"name\":\"10 blandade tankar p\u00e5 s\u00f6ndagen\"}]},{\"@type\":\"WebSite\",\"@id\":\"https:\/\/blogg.svenskakyrkan.se\/vandravagen\/#website\",\"url\":\"https:\/\/blogg.svenskakyrkan.se\/vandravagen\/\",\"name\":\"Vandra V\u00e4gen\",\"description\":\"-Mot en tro f\u00f6r hela livet\",\"publisher\":{\"@id\":\"https:\/\/blogg.svenskakyrkan.se\/vandravagen\/#organization\"},\"potentialAction\":[{\"@type\":\"SearchAction\",\"target\":{\"@type\":\"EntryPoint\",\"urlTemplate\":\"https:\/\/blogg.svenskakyrkan.se\/vandravagen\/?s={search_term_string}\"},\"query-input\":{\"@type\":\"PropertyValueSpecification\",\"valueRequired\":true,\"valueName\":\"search_term_string\"}}],\"inLanguage\":\"sv-SE\"},{\"@type\":\"Organization\",\"@id\":\"https:\/\/blogg.svenskakyrkan.se\/vandravagen\/#organization\",\"name\":\"ulricehamns pastorat\",\"alternateName\":\"ulricehamns pastorat\",\"url\":\"https:\/\/blogg.svenskakyrkan.se\/vandravagen\/\",\"logo\":{\"@type\":\"ImageObject\",\"inLanguage\":\"sv-SE\",\"@id\":\"https:\/\/blogg.svenskakyrkan.se\/vandravagen\/#\/schema\/logo\/image\/\",\"url\":\"https:\/\/blogg.svenskakyrkan.se\/vandravagen\/files\/2023\/05\/Ulr_logo_RGB.png\",\"contentUrl\":\"https:\/\/blogg.svenskakyrkan.se\/vandravagen\/files\/2023\/05\/Ulr_logo_RGB.png\",\"width\":205,\"height\":77,\"caption\":\"ulricehamns pastorat\"},\"image\":{\"@id\":\"https:\/\/blogg.svenskakyrkan.se\/vandravagen\/#\/schema\/logo\/image\/\"},\"sameAs\":[\"http:\/\/facebook.com\/vandravagen\",\"https:\/\/x.com\/fadertomas\",\"http:\/\/www.facebook.com\/svenskakyrkaniulricehamn\"]},{\"@type\":\"Person\",\"@id\":\"https:\/\/blogg.svenskakyrkan.se\/vandravagen\/#\/schema\/person\/25da02d4f76b137d04291711e2c9fc16\",\"name\":\"Tomas Jarvid\",\"image\":{\"@type\":\"ImageObject\",\"inLanguage\":\"sv-SE\",\"@id\":\"https:\/\/blogg.svenskakyrkan.se\/vandravagen\/#\/schema\/person\/image\/\",\"url\":\"https:\/\/secure.gravatar.com\/avatar\/7fa71899795e8f540f615a1f5ab25255dc27aa40f05ee7ddd21aac521e01bf50?s=96&d=identicon&r=g\",\"contentUrl\":\"https:\/\/secure.gravatar.com\/avatar\/7fa71899795e8f540f615a1f5ab25255dc27aa40f05ee7ddd21aac521e01bf50?s=96&d=identicon&r=g\",\"caption\":\"Tomas Jarvid\"},\"description\":\"Jag bor i Ulricehamn i V\u00e4sterg\u00f6tland och \u00e4r f\u00f6rsamlingspr\u00e4st i Svenska Kyrkan f\u00f6r Dalstorps f\u00f6rsamling i Kinds pastorat. P\u00e5 den h\u00e4r bloggen skriver jag ner tankar om vandringen som kristen.\",\"sameAs\":[\"http:\/\/www.vandravagen.se\"],\"url\":\"https:\/\/blogg.svenskakyrkan.se\/vandravagen\/author\/vandravagen\/\"}]}<\/script>\n<!-- \/ Yoast SEO plugin. -->","yoast_head_json":{"title":"10 blandade tankar p\u00e5 s\u00f6ndagen - Vandra V\u00e4gen","robots":{"index":"index","follow":"follow","max-snippet":"max-snippet:-1","max-image-preview":"max-image-preview:large","max-video-preview":"max-video-preview:-1"},"canonical":"https:\/\/blogg.svenskakyrkan.se\/vandravagen\/2020\/01\/12\/10-blandade-tankar-pa-sondagen-51\/","og_locale":"sv_SE","og_type":"article","og_title":"10 blandade tankar p\u00e5 s\u00f6ndagen - Vandra V\u00e4gen","og_description":"Glad s\u00f6ndag, k\u00e4ra l\u00e4sare! 2. Idag \u00e4r det f\u00f6rsta s\u00f6ndagen efter trettondagen, och i morgon tjugondag knut, s\u00e5 nu \u00e4r v\u00e4l julen tyv\u00e4rr p\u00e5 upph\u00e4llningen \u00e4ven om s\u00f6ndagarna kommer h\u00e4nvisa tillbaka mot julen ett bra tag fram\u00f6ver ocks\u00e5 innan vi kan b\u00f6rja blicka fram\u00e5t mot p\u00e5sken. 3. Jag ska leda gudstj\u00e4nst och predika i Grims\u00e5s [&hellip;]","og_url":"https:\/\/blogg.svenskakyrkan.se\/vandravagen\/2020\/01\/12\/10-blandade-tankar-pa-sondagen-51\/","og_site_name":"Vandra V\u00e4gen","article_publisher":"http:\/\/facebook.com\/vandravagen","article_published_time":"2020-01-12T06:00:10+00:00","author":"Tomas Jarvid","twitter_card":"summary_large_image","twitter_creator":"@fadertomas","twitter_site":"@fadertomas","twitter_misc":{"Skriven av":"Tomas Jarvid","Ber\u00e4knad l\u00e4stid":"2 minuter"},"schema":{"@context":"https:\/\/schema.org","@graph":[{"@type":"Article","@id":"https:\/\/blogg.svenskakyrkan.se\/vandravagen\/2020\/01\/12\/10-blandade-tankar-pa-sondagen-51\/#article","isPartOf":{"@id":"https:\/\/blogg.svenskakyrkan.se\/vandravagen\/2020\/01\/12\/10-blandade-tankar-pa-sondagen-51\/"},"author":{"name":"Tomas Jarvid","@id":"https:\/\/blogg.svenskakyrkan.se\/vandravagen\/#\/schema\/person\/25da02d4f76b137d04291711e2c9fc16"},"headline":"10 blandade tankar p\u00e5 s\u00f6ndagen","datePublished":"2020-01-12T06:00:10+00:00","mainEntityOfPage":{"@id":"https:\/\/blogg.svenskakyrkan.se\/vandravagen\/2020\/01\/12\/10-blandade-tankar-pa-sondagen-51\/"},"wordCount":442,"commentCount":2,"publisher":{"@id":"https:\/\/blogg.svenskakyrkan.se\/vandravagen\/#organization"},"image":{"@id":"https:\/\/blogg.svenskakyrkan.se\/vandravagen\/2020\/01\/12\/10-blandade-tankar-pa-sondagen-51\/#primaryimage"},"thumbnailUrl":"https:\/\/blogg.svenskakyrkan.se\/vandravagen\/files\/2020\/01\/web-baptism-of-christ-jesus-public-domain-via-wikipaintings.jpg","articleSection":["blandat"],"inLanguage":"sv-SE","potentialAction":[{"@type":"CommentAction","name":"Comment","target":["https:\/\/blogg.svenskakyrkan.se\/vandravagen\/2020\/01\/12\/10-blandade-tankar-pa-sondagen-51\/#respond"]}]},{"@type":"WebPage","@id":"https:\/\/blogg.svenskakyrkan.se\/vandravagen\/2020\/01\/12\/10-blandade-tankar-pa-sondagen-51\/","url":"https:\/\/blogg.svenskakyrkan.se\/vandravagen\/2020\/01\/12\/10-blandade-tankar-pa-sondagen-51\/","name":"10 blandade tankar p\u00e5 s\u00f6ndagen - Vandra V\u00e4gen","isPartOf":{"@id":"https:\/\/blogg.svenskakyrkan.se\/vandravagen\/#website"},"primaryImageOfPage":{"@id":"https:\/\/blogg.svenskakyrkan.se\/vandravagen\/2020\/01\/12\/10-blandade-tankar-pa-sondagen-51\/#primaryimage"},"image":{"@id":"https:\/\/blogg.svenskakyrkan.se\/vandravagen\/2020\/01\/12\/10-blandade-tankar-pa-sondagen-51\/#primaryimage"},"thumbnailUrl":"https:\/\/blogg.svenskakyrkan.se\/vandravagen\/files\/2020\/01\/web-baptism-of-christ-jesus-public-domain-via-wikipaintings.jpg","datePublished":"2020-01-12T06:00:10+00:00","breadcrumb":{"@id":"https:\/\/blogg.svenskakyrkan.se\/vandravagen\/2020\/01\/12\/10-blandade-tankar-pa-sondagen-51\/#breadcrumb"},"inLanguage":"sv-SE","potentialAction":[{"@type":"ReadAction","target":["https:\/\/blogg.svenskakyrkan.se\/vandravagen\/2020\/01\/12\/10-blandade-tankar-pa-sondagen-51\/"]}]},{"@type":"ImageObject","inLanguage":"sv-SE","@id":"https:\/\/blogg.svenskakyrkan.se\/vandravagen\/2020\/01\/12\/10-blandade-tankar-pa-sondagen-51\/#primaryimage","url":"https:\/\/blogg.svenskakyrkan.se\/vandravagen\/files\/2020\/01\/web-baptism-of-christ-jesus-public-domain-via-wikipaintings.jpg","contentUrl":"https:\/\/blogg.svenskakyrkan.se\/vandravagen\/files\/2020\/01\/web-baptism-of-christ-jesus-public-domain-via-wikipaintings.jpg","width":620,"height":310,"caption":"Jesus d\u00f6ps av Johannes. V\u00e4ldigt mycket folk ute i \u00f6knen."},{"@type":"BreadcrumbList","@id":"https:\/\/blogg.svenskakyrkan.se\/vandravagen\/2020\/01\/12\/10-blandade-tankar-pa-sondagen-51\/#breadcrumb","itemListElement":[{"@type":"ListItem","position":1,"name":"Hem","item":"https:\/\/blogg.svenskakyrkan.se\/vandravagen\/"},{"@type":"ListItem","position":2,"name":"10 blandade tankar p\u00e5 s\u00f6ndagen"}]},{"@type":"WebSite","@id":"https:\/\/blogg.svenskakyrkan.se\/vandravagen\/#website","url":"https:\/\/blogg.svenskakyrkan.se\/vandravagen\/","name":"Vandra V\u00e4gen","description":"-Mot en tro f\u00f6r hela livet","publisher":{"@id":"https:\/\/blogg.svenskakyrkan.se\/vandravagen\/#organization"},"potentialAction":[{"@type":"SearchAction","target":{"@type":"EntryPoint","urlTemplate":"https:\/\/blogg.svenskakyrkan.se\/vandravagen\/?s={search_term_string}"},"query-input":{"@type":"PropertyValueSpecification","valueRequired":true,"valueName":"search_term_string"}}],"inLanguage":"sv-SE"},{"@type":"Organization","@id":"https:\/\/blogg.svenskakyrkan.se\/vandravagen\/#organization","name":"ulricehamns pastorat","alternateName":"ulricehamns pastorat","url":"https:\/\/blogg.svenskakyrkan.se\/vandravagen\/","logo":{"@type":"ImageObject","inLanguage":"sv-SE","@id":"https:\/\/blogg.svenskakyrkan.se\/vandravagen\/#\/schema\/logo\/image\/","url":"https:\/\/blogg.svenskakyrkan.se\/vandravagen\/files\/2023\/05\/Ulr_logo_RGB.png","contentUrl":"https:\/\/blogg.svenskakyrkan.se\/vandravagen\/files\/2023\/05\/Ulr_logo_RGB.png","width":205,"height":77,"caption":"ulricehamns pastorat"},"image":{"@id":"https:\/\/blogg.svenskakyrkan.se\/vandravagen\/#\/schema\/logo\/image\/"},"sameAs":["http:\/\/facebook.com\/vandravagen","https:\/\/x.com\/fadertomas","http:\/\/www.facebook.com\/svenskakyrkaniulricehamn"]},{"@type":"Person","@id":"https:\/\/blogg.svenskakyrkan.se\/vandravagen\/#\/schema\/person\/25da02d4f76b137d04291711e2c9fc16","name":"Tomas Jarvid","image":{"@type":"ImageObject","inLanguage":"sv-SE","@id":"https:\/\/blogg.svenskakyrkan.se\/vandravagen\/#\/schema\/person\/image\/","url":"https:\/\/secure.gravatar.com\/avatar\/7fa71899795e8f540f615a1f5ab25255dc27aa40f05ee7ddd21aac521e01bf50?s=96&d=identicon&r=g","contentUrl":"https:\/\/secure.gravatar.com\/avatar\/7fa71899795e8f540f615a1f5ab25255dc27aa40f05ee7ddd21aac521e01bf50?s=96&d=identicon&r=g","caption":"Tomas Jarvid"},"description":"Jag bor i Ulricehamn i V\u00e4sterg\u00f6tland och \u00e4r f\u00f6rsamlingspr\u00e4st i Svenska Kyrkan f\u00f6r Dalstorps f\u00f6rsamling i Kinds pastorat. P\u00e5 den h\u00e4r bloggen skriver jag ner tankar om vandringen som kristen.","sameAs":["http:\/\/www.vandravagen.se"],"url":"https:\/\/blogg.svenskakyrkan.se\/vandravagen\/author\/vandravagen\/"}]}},"author_meta":{"ID":"392","user_nicename":"vandravagen","user_url":"http:\/\/www.vandravagen.se","user_registered":"2014-05-19 05:44:52","display_name":"Tomas Jarvid","first_name":"Tomas","last_name":"Jarvid","avatar":"https:\/\/secure.gravatar.com\/avatar\/7fa71899795e8f540f615a1f5ab25255dc27aa40f05ee7ddd21aac521e01bf50?s=96&d=identicon&r=g"},"featured_image":["https:\/\/blogg.svenskakyrkan.se\/vandravagen\/files\/2020\/01\/web-baptism-of-christ-jesus-public-domain-via-wikipaintings.jpg",620,310,false],"bloginfo":{"name":"Vandra V\u00e4gen","url":"https:\/\/blogg.svenskakyrkan.se\/vandravagen"},"_links":{"self":[{"href":"https:\/\/blogg.svenskakyrkan.se\/vandravagen\/wp-json\/wp\/v2\/posts\/7583","targetHints":{"allow":["GET"]}}],"collection":[{"href":"https:\/\/blogg.svenskakyrkan.se\/vandravagen\/wp-json\/wp\/v2\/posts"}],"about":[{"href":"https:\/\/blogg.svenskakyrkan.se\/vandravagen\/wp-json\/wp\/v2\/types\/post"}],"author":[{"embeddable":true,"href":"https:\/\/blogg.svenskakyrkan.se\/vandravagen\/wp-json\/wp\/v2\/users\/392"}],"replies":[{"embeddable":true,"href":"https:\/\/blogg.svenskakyrkan.se\/vandravagen\/wp-json\/wp\/v2\/comments?post=7583"}],"version-history":[{"count":1,"href":"https:\/\/blogg.svenskakyrkan.se\/vandravagen\/wp-json\/wp\/v2\/posts\/7583\/revisions"}],"predecessor-version":[{"id":7585,"href":"https:\/\/blogg.svenskakyrkan.se\/vandravagen\/wp-json\/wp\/v2\/posts\/7583\/revisions\/7585"}],"wp:featuredmedia":[{"embeddable":true,"href":"https:\/\/blogg.svenskakyrkan.se\/vandravagen\/wp-json\/wp\/v2\/media\/7584"}],"wp:attachment":[{"href":"https:\/\/blogg.svenskakyrkan.se\/vandravagen\/wp-json\/wp\/v2\/media?parent=7583"}],"wp:term":[{"taxonomy":"category","embeddable":true,"href":"https:\/\/blogg.svenskakyrkan.se\/vandravagen\/wp-json\/wp\/v2\/categories?post=7583"},{"taxonomy":"post_tag","embeddable":true,"href":"https:\/\/blogg.svenskakyrkan.se\/vandravagen\/wp-json\/wp\/v2\/tags?post=7583"}],"curies":[{"name":"wp","href":"https:\/\/api.w.org\/{rel}","templated":true}]}}