{"id":760,"date":"2013-01-17T09:21:00","date_gmt":"2013-01-17T08:21:00","guid":{"rendered":"http:\/\/blogg.svenskakyrkan.se\/vandravagen\/2013\/01\/17\/murkronan-av-vibeke-olsson\/"},"modified":"2013-01-17T09:21:00","modified_gmt":"2013-01-17T08:21:00","slug":"murkronan-av-vibeke-olsson","status":"publish","type":"post","link":"https:\/\/blogg.svenskakyrkan.se\/vandravagen\/2013\/01\/17\/murkronan-av-vibeke-olsson\/","title":{"rendered":"Murkronan av Vibeke Olsson"},"content":{"rendered":"<div><a href=\"http:\/\/t2.gstatic.com\/images?q=tbn:ANd9GcTsd9EkMoD2P1bQL4OiBHpdQ8j98aAHrxespaDrfek5elHtrA4a81gBhucp\"><img loading=\"lazy\" decoding=\"async\" border=\"0\" height=\"320\" src=\"http:\/\/t2.gstatic.com\/images?q=tbn:ANd9GcTsd9EkMoD2P1bQL4OiBHpdQ8j98aAHrxespaDrfek5elHtrA4a81gBhucp\" width=\"309\"><\/a><\/div>\n<p>Jag har precis l\u00e4st ut (lyssnat egentligen) &#8221;<a href=\"http:\/\/www.adlibris.com\/se\/product.aspx?isbn=9100113387\">Murk<\/a><a href=\"http:\/\/www.bokus.com\/bok\/9789100113384\/murkronan\/\">ronan<\/a>&#8221; av Vibeke Olsson. Jag har tidigare l\u00e4st &#8221;Molnfri bombnatt&#8221; av samma f\u00f6rfattare men det \u00e4r ett bra tag sedan.<\/p>\n<p>F\u00f6rst n\u00e4r jag avslutat boken har jag nu uppt\u00e4ckt att den egentligen \u00e4r en uppf\u00f6ljare till &#8221;skymningens n\u00e5datid&#8221; och att Olsson skrivit en m\u00e4ngd b\u00f6cker som ocks\u00e5 utspelar sig i romarriket. En del s\u00e4ger att Murkronan inte \u00e4r s\u00e5 bra som m\u00e5nga av hennes andra b\u00f6cker men det vet jag allts\u00e5 inget om. Jag tycker det \u00e4r en str\u00e5lande bok.<\/p>\n<p>Olsson \u00e4r v\u00e4ldigt bra p\u00e5 att beskriva samh\u00e4llsliv och v\u00e4rderingar i romarriket, d\u00e4r allts\u00e5 romanen utspelar sig. Det \u00e4r mycket intressant eftersom det \u00e4r p\u00e5 en g\u00e5ng s\u00e5 likt och s\u00e5 olikt v\u00e5r egen kultur. Det \u00e4r p\u00e5 m\u00e5nga s\u00e4tt ett h\u00e5rt samh\u00e4lle d\u00e4r framg\u00e5ng och att g\u00f6ra sig ett namn, &#8221;h\u00f6ja sig \u00f6ver stoftet&#8221; \u00e4r mycket viktigt. N\u00e5got liv efter d\u00f6den tror man inte p\u00e5 vilket g\u00f6r det s\u00e5 mycket viktigare att f\u00e5 barn som f\u00f6r sl\u00e4ktet vidare.<\/p>\n<p>Den murkrona som f\u00e5tt ge namn \u00e5t romanen \u00e4r en \u00e4rebetygelse \u00e5t den tappre soldat som v\u00e5gar sig f\u00f6rst upp p\u00e5 muren till en anfallen stad. I romanen \u00e4r den en stark symbol f\u00f6r framg\u00e5ng och \u00e4ra. Nu g\u00e5r det inte s\u00e5 bra f\u00f6r Justina och Paulus, romanens huvudpersoner. \u00c4ven om de har en god st\u00e4llning i samh\u00e4llet drabbas de av s\u00e5v\u00e4l barnl\u00f6shet som annan van\u00e4ra. I den situationen blir kristianernas (de kristna allts\u00e5) m\u00e4rkliga religion alltmer lockande f\u00f6r Justina.<\/p>\n<p>Jag h\u00f6rde f\u00f6r ett tag sedan n\u00e5gon som menade att det beh\u00f6vs fler sk\u00f6nlitter\u00e4ra verks som ger k\u00f6tt och blod och sammanhang kring det kristna budskapet. Just en s\u00e5dan bok \u00e4r murkronan. S\u00e5vitt jag kan se ger den en mycket god skildring av vad som kunde vara lockande i den kristna tron f\u00f6r m\u00e4nniskor i Justinas och Paulus st\u00e4llning. H\u00e4r fanns en v\u00e4g som inte byggde p\u00e5 framg\u00e5ng, och som inte alls andades samma enorma f\u00f6rakt f\u00f6r svaghet som de romerska (och moderna v\u00e4sterl\u00e4ndska) idealen gjorde. P\u00e5 samma g\u00e5ng f\u00f6rst\u00e5r man v\u00e4l vad som var (och \u00e4r?) st\u00f6tande med kristendomen; dess anspr\u00e5k p\u00e5 att tro p\u00e5 den ende sanne Guden, det m\u00e4rkliga talet om en Gud som blivit korsf\u00e4st, \u00f6dmjukheten och omtanken om de svaga som p\u00e5 den tiden var helt fr\u00e4mmande tankar. Allas lika v\u00e4rde, att fria och slavar firade gudstj\u00e4nst ihop, och s\u00e5 vidare,<\/p>\n<p>F\u00f6r mig gick tankarna v\u00e4ldigt m\u00e5nga g\u00e5nger till det d\u00e4r med styrka och svaghet under l\u00e4sningen. Hur tomt det \u00e4r att ha en murkrona om det \u00e4r det enda man har. Kristianerna erbj\u00f6d n\u00e5got b\u00e4ttre \u00e4n \u00e4ra och respekt. N\u00e4mligen omsorg och ett v\u00e4rde som inte beror av oss sj\u00e4lva.<\/p>\n<p>Har du l\u00e4st den? Vad tyckte du?<\/p><\/p>\n","protected":false},"excerpt":{"rendered":"<p>Jag har precis l\u00e4st ut (lyssnat egentligen) &#8221;Murkronan&#8221; av Vibeke Olsson. Jag har tidigare l\u00e4st &#8221;Molnfri bombnatt&#8221; av samma f\u00f6rfattare men det \u00e4r ett bra tag sedan. F\u00f6rst n\u00e4r jag avslutat boken har jag nu uppt\u00e4ckt att den egentligen \u00e4r en uppf\u00f6ljare till &#8221;skymningens n\u00e5datid&#8221; och att Olsson skrivit en m\u00e4ngd b\u00f6cker som ocks\u00e5 utspelar [&hellip;]<\/p>\n","protected":false},"author":392,"featured_media":0,"comment_status":"open","ping_status":"open","sticky":false,"template":"","format":"standard","meta":{"_acf_changed":false,"footnotes":""},"categories":[8253,42374],"tags":[],"class_list":["post-760","post","type-post","status-publish","format-standard","hentry","category-bocker","category-boktips"],"acf":[],"yoast_head":"<!-- This site is optimized with the Yoast SEO plugin v27.1.1 - https:\/\/yoast.com\/product\/yoast-seo-wordpress\/ -->\n<title>Murkronan av Vibeke Olsson - Vandra V\u00e4gen<\/title>\n<meta name=\"robots\" content=\"index, follow, max-snippet:-1, max-image-preview:large, max-video-preview:-1\" \/>\n<link rel=\"canonical\" href=\"https:\/\/blogg.svenskakyrkan.se\/vandravagen\/2013\/01\/17\/murkronan-av-vibeke-olsson\/\" \/>\n<meta property=\"og:locale\" content=\"sv_SE\" \/>\n<meta property=\"og:type\" content=\"article\" \/>\n<meta property=\"og:title\" content=\"Murkronan av Vibeke Olsson - Vandra V\u00e4gen\" \/>\n<meta property=\"og:description\" content=\"Jag har precis l\u00e4st ut (lyssnat egentligen) &#8221;Murkronan&#8221; av Vibeke Olsson. Jag har tidigare l\u00e4st &#8221;Molnfri bombnatt&#8221; av samma f\u00f6rfattare men det \u00e4r ett bra tag sedan. F\u00f6rst n\u00e4r jag avslutat boken har jag nu uppt\u00e4ckt att den egentligen \u00e4r en uppf\u00f6ljare till &#8221;skymningens n\u00e5datid&#8221; och att Olsson skrivit en m\u00e4ngd b\u00f6cker som ocks\u00e5 utspelar [&hellip;]\" \/>\n<meta property=\"og:url\" content=\"https:\/\/blogg.svenskakyrkan.se\/vandravagen\/2013\/01\/17\/murkronan-av-vibeke-olsson\/\" \/>\n<meta property=\"og:site_name\" content=\"Vandra V\u00e4gen\" \/>\n<meta property=\"article:publisher\" content=\"http:\/\/facebook.com\/vandravagen\" \/>\n<meta property=\"article:published_time\" content=\"2013-01-17T08:21:00+00:00\" \/>\n<meta property=\"og:image\" content=\"http:\/\/t2.gstatic.com\/images?q=tbn:ANd9GcTsd9EkMoD2P1bQL4OiBHpdQ8j98aAHrxespaDrfek5elHtrA4a81gBhucp\" \/>\n<meta name=\"author\" content=\"Tomas Jarvid\" \/>\n<meta name=\"twitter:card\" content=\"summary_large_image\" \/>\n<meta name=\"twitter:creator\" content=\"@fadertomas\" \/>\n<meta name=\"twitter:site\" content=\"@fadertomas\" \/>\n<meta name=\"twitter:label1\" content=\"Skriven av\" \/>\n\t<meta name=\"twitter:data1\" content=\"Tomas Jarvid\" \/>\n\t<meta name=\"twitter:label2\" content=\"Ber\u00e4knad l\u00e4stid\" \/>\n\t<meta name=\"twitter:data2\" content=\"3 minuter\" \/>\n<script type=\"application\/ld+json\" class=\"yoast-schema-graph\">{\"@context\":\"https:\/\/schema.org\",\"@graph\":[{\"@type\":\"Article\",\"@id\":\"https:\/\/blogg.svenskakyrkan.se\/vandravagen\/2013\/01\/17\/murkronan-av-vibeke-olsson\/#article\",\"isPartOf\":{\"@id\":\"https:\/\/blogg.svenskakyrkan.se\/vandravagen\/2013\/01\/17\/murkronan-av-vibeke-olsson\/\"},\"author\":{\"name\":\"Tomas Jarvid\",\"@id\":\"https:\/\/blogg.svenskakyrkan.se\/vandravagen\/#\/schema\/person\/25da02d4f76b137d04291711e2c9fc16\"},\"headline\":\"Murkronan av Vibeke Olsson\",\"datePublished\":\"2013-01-17T08:21:00+00:00\",\"mainEntityOfPage\":{\"@id\":\"https:\/\/blogg.svenskakyrkan.se\/vandravagen\/2013\/01\/17\/murkronan-av-vibeke-olsson\/\"},\"wordCount\":545,\"commentCount\":3,\"publisher\":{\"@id\":\"https:\/\/blogg.svenskakyrkan.se\/vandravagen\/#organization\"},\"image\":{\"@id\":\"https:\/\/blogg.svenskakyrkan.se\/vandravagen\/2013\/01\/17\/murkronan-av-vibeke-olsson\/#primaryimage\"},\"thumbnailUrl\":\"http:\/\/t2.gstatic.com\/images?q=tbn:ANd9GcTsd9EkMoD2P1bQL4OiBHpdQ8j98aAHrxespaDrfek5elHtrA4a81gBhucp\",\"articleSection\":[\"b\u00f6cker\",\"boktips\"],\"inLanguage\":\"sv-SE\",\"potentialAction\":[{\"@type\":\"CommentAction\",\"name\":\"Comment\",\"target\":[\"https:\/\/blogg.svenskakyrkan.se\/vandravagen\/2013\/01\/17\/murkronan-av-vibeke-olsson\/#respond\"]}]},{\"@type\":\"WebPage\",\"@id\":\"https:\/\/blogg.svenskakyrkan.se\/vandravagen\/2013\/01\/17\/murkronan-av-vibeke-olsson\/\",\"url\":\"https:\/\/blogg.svenskakyrkan.se\/vandravagen\/2013\/01\/17\/murkronan-av-vibeke-olsson\/\",\"name\":\"Murkronan av Vibeke Olsson - Vandra V\u00e4gen\",\"isPartOf\":{\"@id\":\"https:\/\/blogg.svenskakyrkan.se\/vandravagen\/#website\"},\"primaryImageOfPage\":{\"@id\":\"https:\/\/blogg.svenskakyrkan.se\/vandravagen\/2013\/01\/17\/murkronan-av-vibeke-olsson\/#primaryimage\"},\"image\":{\"@id\":\"https:\/\/blogg.svenskakyrkan.se\/vandravagen\/2013\/01\/17\/murkronan-av-vibeke-olsson\/#primaryimage\"},\"thumbnailUrl\":\"http:\/\/t2.gstatic.com\/images?q=tbn:ANd9GcTsd9EkMoD2P1bQL4OiBHpdQ8j98aAHrxespaDrfek5elHtrA4a81gBhucp\",\"datePublished\":\"2013-01-17T08:21:00+00:00\",\"breadcrumb\":{\"@id\":\"https:\/\/blogg.svenskakyrkan.se\/vandravagen\/2013\/01\/17\/murkronan-av-vibeke-olsson\/#breadcrumb\"},\"inLanguage\":\"sv-SE\",\"potentialAction\":[{\"@type\":\"ReadAction\",\"target\":[\"https:\/\/blogg.svenskakyrkan.se\/vandravagen\/2013\/01\/17\/murkronan-av-vibeke-olsson\/\"]}]},{\"@type\":\"ImageObject\",\"inLanguage\":\"sv-SE\",\"@id\":\"https:\/\/blogg.svenskakyrkan.se\/vandravagen\/2013\/01\/17\/murkronan-av-vibeke-olsson\/#primaryimage\",\"url\":\"http:\/\/t2.gstatic.com\/images?q=tbn:ANd9GcTsd9EkMoD2P1bQL4OiBHpdQ8j98aAHrxespaDrfek5elHtrA4a81gBhucp\",\"contentUrl\":\"http:\/\/t2.gstatic.com\/images?q=tbn:ANd9GcTsd9EkMoD2P1bQL4OiBHpdQ8j98aAHrxespaDrfek5elHtrA4a81gBhucp\"},{\"@type\":\"BreadcrumbList\",\"@id\":\"https:\/\/blogg.svenskakyrkan.se\/vandravagen\/2013\/01\/17\/murkronan-av-vibeke-olsson\/#breadcrumb\",\"itemListElement\":[{\"@type\":\"ListItem\",\"position\":1,\"name\":\"Hem\",\"item\":\"https:\/\/blogg.svenskakyrkan.se\/vandravagen\/\"},{\"@type\":\"ListItem\",\"position\":2,\"name\":\"Murkronan av Vibeke Olsson\"}]},{\"@type\":\"WebSite\",\"@id\":\"https:\/\/blogg.svenskakyrkan.se\/vandravagen\/#website\",\"url\":\"https:\/\/blogg.svenskakyrkan.se\/vandravagen\/\",\"name\":\"Vandra V\u00e4gen\",\"description\":\"-Mot en tro f\u00f6r hela livet\",\"publisher\":{\"@id\":\"https:\/\/blogg.svenskakyrkan.se\/vandravagen\/#organization\"},\"potentialAction\":[{\"@type\":\"SearchAction\",\"target\":{\"@type\":\"EntryPoint\",\"urlTemplate\":\"https:\/\/blogg.svenskakyrkan.se\/vandravagen\/?s={search_term_string}\"},\"query-input\":{\"@type\":\"PropertyValueSpecification\",\"valueRequired\":true,\"valueName\":\"search_term_string\"}}],\"inLanguage\":\"sv-SE\"},{\"@type\":\"Organization\",\"@id\":\"https:\/\/blogg.svenskakyrkan.se\/vandravagen\/#organization\",\"name\":\"ulricehamns pastorat\",\"alternateName\":\"ulricehamns pastorat\",\"url\":\"https:\/\/blogg.svenskakyrkan.se\/vandravagen\/\",\"logo\":{\"@type\":\"ImageObject\",\"inLanguage\":\"sv-SE\",\"@id\":\"https:\/\/blogg.svenskakyrkan.se\/vandravagen\/#\/schema\/logo\/image\/\",\"url\":\"https:\/\/blogg.svenskakyrkan.se\/vandravagen\/files\/2023\/05\/Ulr_logo_RGB.png\",\"contentUrl\":\"https:\/\/blogg.svenskakyrkan.se\/vandravagen\/files\/2023\/05\/Ulr_logo_RGB.png\",\"width\":205,\"height\":77,\"caption\":\"ulricehamns pastorat\"},\"image\":{\"@id\":\"https:\/\/blogg.svenskakyrkan.se\/vandravagen\/#\/schema\/logo\/image\/\"},\"sameAs\":[\"http:\/\/facebook.com\/vandravagen\",\"https:\/\/x.com\/fadertomas\",\"http:\/\/www.facebook.com\/svenskakyrkaniulricehamn\"]},{\"@type\":\"Person\",\"@id\":\"https:\/\/blogg.svenskakyrkan.se\/vandravagen\/#\/schema\/person\/25da02d4f76b137d04291711e2c9fc16\",\"name\":\"Tomas Jarvid\",\"image\":{\"@type\":\"ImageObject\",\"inLanguage\":\"sv-SE\",\"@id\":\"https:\/\/blogg.svenskakyrkan.se\/vandravagen\/#\/schema\/person\/image\/\",\"url\":\"https:\/\/secure.gravatar.com\/avatar\/7fa71899795e8f540f615a1f5ab25255dc27aa40f05ee7ddd21aac521e01bf50?s=96&d=identicon&r=g\",\"contentUrl\":\"https:\/\/secure.gravatar.com\/avatar\/7fa71899795e8f540f615a1f5ab25255dc27aa40f05ee7ddd21aac521e01bf50?s=96&d=identicon&r=g\",\"caption\":\"Tomas Jarvid\"},\"description\":\"Jag bor i Ulricehamn i V\u00e4sterg\u00f6tland och \u00e4r f\u00f6rsamlingspr\u00e4st i Svenska Kyrkan f\u00f6r Dalstorps f\u00f6rsamling i Kinds pastorat. P\u00e5 den h\u00e4r bloggen skriver jag ner tankar om vandringen som kristen.\",\"sameAs\":[\"http:\/\/www.vandravagen.se\"],\"url\":\"https:\/\/blogg.svenskakyrkan.se\/vandravagen\/author\/vandravagen\/\"}]}<\/script>\n<!-- \/ Yoast SEO plugin. -->","yoast_head_json":{"title":"Murkronan av Vibeke Olsson - Vandra V\u00e4gen","robots":{"index":"index","follow":"follow","max-snippet":"max-snippet:-1","max-image-preview":"max-image-preview:large","max-video-preview":"max-video-preview:-1"},"canonical":"https:\/\/blogg.svenskakyrkan.se\/vandravagen\/2013\/01\/17\/murkronan-av-vibeke-olsson\/","og_locale":"sv_SE","og_type":"article","og_title":"Murkronan av Vibeke Olsson - Vandra V\u00e4gen","og_description":"Jag har precis l\u00e4st ut (lyssnat egentligen) &#8221;Murkronan&#8221; av Vibeke Olsson. Jag har tidigare l\u00e4st &#8221;Molnfri bombnatt&#8221; av samma f\u00f6rfattare men det \u00e4r ett bra tag sedan. F\u00f6rst n\u00e4r jag avslutat boken har jag nu uppt\u00e4ckt att den egentligen \u00e4r en uppf\u00f6ljare till &#8221;skymningens n\u00e5datid&#8221; och att Olsson skrivit en m\u00e4ngd b\u00f6cker som ocks\u00e5 utspelar [&hellip;]","og_url":"https:\/\/blogg.svenskakyrkan.se\/vandravagen\/2013\/01\/17\/murkronan-av-vibeke-olsson\/","og_site_name":"Vandra V\u00e4gen","article_publisher":"http:\/\/facebook.com\/vandravagen","article_published_time":"2013-01-17T08:21:00+00:00","og_image":[{"url":"http:\/\/t2.gstatic.com\/images?q=tbn:ANd9GcTsd9EkMoD2P1bQL4OiBHpdQ8j98aAHrxespaDrfek5elHtrA4a81gBhucp","type":"","width":"","height":""}],"author":"Tomas Jarvid","twitter_card":"summary_large_image","twitter_creator":"@fadertomas","twitter_site":"@fadertomas","twitter_misc":{"Skriven av":"Tomas Jarvid","Ber\u00e4knad l\u00e4stid":"3 minuter"},"schema":{"@context":"https:\/\/schema.org","@graph":[{"@type":"Article","@id":"https:\/\/blogg.svenskakyrkan.se\/vandravagen\/2013\/01\/17\/murkronan-av-vibeke-olsson\/#article","isPartOf":{"@id":"https:\/\/blogg.svenskakyrkan.se\/vandravagen\/2013\/01\/17\/murkronan-av-vibeke-olsson\/"},"author":{"name":"Tomas Jarvid","@id":"https:\/\/blogg.svenskakyrkan.se\/vandravagen\/#\/schema\/person\/25da02d4f76b137d04291711e2c9fc16"},"headline":"Murkronan av Vibeke Olsson","datePublished":"2013-01-17T08:21:00+00:00","mainEntityOfPage":{"@id":"https:\/\/blogg.svenskakyrkan.se\/vandravagen\/2013\/01\/17\/murkronan-av-vibeke-olsson\/"},"wordCount":545,"commentCount":3,"publisher":{"@id":"https:\/\/blogg.svenskakyrkan.se\/vandravagen\/#organization"},"image":{"@id":"https:\/\/blogg.svenskakyrkan.se\/vandravagen\/2013\/01\/17\/murkronan-av-vibeke-olsson\/#primaryimage"},"thumbnailUrl":"http:\/\/t2.gstatic.com\/images?q=tbn:ANd9GcTsd9EkMoD2P1bQL4OiBHpdQ8j98aAHrxespaDrfek5elHtrA4a81gBhucp","articleSection":["b\u00f6cker","boktips"],"inLanguage":"sv-SE","potentialAction":[{"@type":"CommentAction","name":"Comment","target":["https:\/\/blogg.svenskakyrkan.se\/vandravagen\/2013\/01\/17\/murkronan-av-vibeke-olsson\/#respond"]}]},{"@type":"WebPage","@id":"https:\/\/blogg.svenskakyrkan.se\/vandravagen\/2013\/01\/17\/murkronan-av-vibeke-olsson\/","url":"https:\/\/blogg.svenskakyrkan.se\/vandravagen\/2013\/01\/17\/murkronan-av-vibeke-olsson\/","name":"Murkronan av Vibeke Olsson - Vandra V\u00e4gen","isPartOf":{"@id":"https:\/\/blogg.svenskakyrkan.se\/vandravagen\/#website"},"primaryImageOfPage":{"@id":"https:\/\/blogg.svenskakyrkan.se\/vandravagen\/2013\/01\/17\/murkronan-av-vibeke-olsson\/#primaryimage"},"image":{"@id":"https:\/\/blogg.svenskakyrkan.se\/vandravagen\/2013\/01\/17\/murkronan-av-vibeke-olsson\/#primaryimage"},"thumbnailUrl":"http:\/\/t2.gstatic.com\/images?q=tbn:ANd9GcTsd9EkMoD2P1bQL4OiBHpdQ8j98aAHrxespaDrfek5elHtrA4a81gBhucp","datePublished":"2013-01-17T08:21:00+00:00","breadcrumb":{"@id":"https:\/\/blogg.svenskakyrkan.se\/vandravagen\/2013\/01\/17\/murkronan-av-vibeke-olsson\/#breadcrumb"},"inLanguage":"sv-SE","potentialAction":[{"@type":"ReadAction","target":["https:\/\/blogg.svenskakyrkan.se\/vandravagen\/2013\/01\/17\/murkronan-av-vibeke-olsson\/"]}]},{"@type":"ImageObject","inLanguage":"sv-SE","@id":"https:\/\/blogg.svenskakyrkan.se\/vandravagen\/2013\/01\/17\/murkronan-av-vibeke-olsson\/#primaryimage","url":"http:\/\/t2.gstatic.com\/images?q=tbn:ANd9GcTsd9EkMoD2P1bQL4OiBHpdQ8j98aAHrxespaDrfek5elHtrA4a81gBhucp","contentUrl":"http:\/\/t2.gstatic.com\/images?q=tbn:ANd9GcTsd9EkMoD2P1bQL4OiBHpdQ8j98aAHrxespaDrfek5elHtrA4a81gBhucp"},{"@type":"BreadcrumbList","@id":"https:\/\/blogg.svenskakyrkan.se\/vandravagen\/2013\/01\/17\/murkronan-av-vibeke-olsson\/#breadcrumb","itemListElement":[{"@type":"ListItem","position":1,"name":"Hem","item":"https:\/\/blogg.svenskakyrkan.se\/vandravagen\/"},{"@type":"ListItem","position":2,"name":"Murkronan av Vibeke Olsson"}]},{"@type":"WebSite","@id":"https:\/\/blogg.svenskakyrkan.se\/vandravagen\/#website","url":"https:\/\/blogg.svenskakyrkan.se\/vandravagen\/","name":"Vandra V\u00e4gen","description":"-Mot en tro f\u00f6r hela livet","publisher":{"@id":"https:\/\/blogg.svenskakyrkan.se\/vandravagen\/#organization"},"potentialAction":[{"@type":"SearchAction","target":{"@type":"EntryPoint","urlTemplate":"https:\/\/blogg.svenskakyrkan.se\/vandravagen\/?s={search_term_string}"},"query-input":{"@type":"PropertyValueSpecification","valueRequired":true,"valueName":"search_term_string"}}],"inLanguage":"sv-SE"},{"@type":"Organization","@id":"https:\/\/blogg.svenskakyrkan.se\/vandravagen\/#organization","name":"ulricehamns pastorat","alternateName":"ulricehamns pastorat","url":"https:\/\/blogg.svenskakyrkan.se\/vandravagen\/","logo":{"@type":"ImageObject","inLanguage":"sv-SE","@id":"https:\/\/blogg.svenskakyrkan.se\/vandravagen\/#\/schema\/logo\/image\/","url":"https:\/\/blogg.svenskakyrkan.se\/vandravagen\/files\/2023\/05\/Ulr_logo_RGB.png","contentUrl":"https:\/\/blogg.svenskakyrkan.se\/vandravagen\/files\/2023\/05\/Ulr_logo_RGB.png","width":205,"height":77,"caption":"ulricehamns pastorat"},"image":{"@id":"https:\/\/blogg.svenskakyrkan.se\/vandravagen\/#\/schema\/logo\/image\/"},"sameAs":["http:\/\/facebook.com\/vandravagen","https:\/\/x.com\/fadertomas","http:\/\/www.facebook.com\/svenskakyrkaniulricehamn"]},{"@type":"Person","@id":"https:\/\/blogg.svenskakyrkan.se\/vandravagen\/#\/schema\/person\/25da02d4f76b137d04291711e2c9fc16","name":"Tomas Jarvid","image":{"@type":"ImageObject","inLanguage":"sv-SE","@id":"https:\/\/blogg.svenskakyrkan.se\/vandravagen\/#\/schema\/person\/image\/","url":"https:\/\/secure.gravatar.com\/avatar\/7fa71899795e8f540f615a1f5ab25255dc27aa40f05ee7ddd21aac521e01bf50?s=96&d=identicon&r=g","contentUrl":"https:\/\/secure.gravatar.com\/avatar\/7fa71899795e8f540f615a1f5ab25255dc27aa40f05ee7ddd21aac521e01bf50?s=96&d=identicon&r=g","caption":"Tomas Jarvid"},"description":"Jag bor i Ulricehamn i V\u00e4sterg\u00f6tland och \u00e4r f\u00f6rsamlingspr\u00e4st i Svenska Kyrkan f\u00f6r Dalstorps f\u00f6rsamling i Kinds pastorat. P\u00e5 den h\u00e4r bloggen skriver jag ner tankar om vandringen som kristen.","sameAs":["http:\/\/www.vandravagen.se"],"url":"https:\/\/blogg.svenskakyrkan.se\/vandravagen\/author\/vandravagen\/"}]}},"author_meta":{"ID":"392","user_nicename":"vandravagen","user_url":"http:\/\/www.vandravagen.se","user_registered":"2014-05-19 05:44:52","display_name":"Tomas Jarvid","first_name":"Tomas","last_name":"Jarvid","avatar":"https:\/\/secure.gravatar.com\/avatar\/7fa71899795e8f540f615a1f5ab25255dc27aa40f05ee7ddd21aac521e01bf50?s=96&d=identicon&r=g"},"featured_image":false,"bloginfo":{"name":"Vandra V\u00e4gen","url":"https:\/\/blogg.svenskakyrkan.se\/vandravagen"},"_links":{"self":[{"href":"https:\/\/blogg.svenskakyrkan.se\/vandravagen\/wp-json\/wp\/v2\/posts\/760","targetHints":{"allow":["GET"]}}],"collection":[{"href":"https:\/\/blogg.svenskakyrkan.se\/vandravagen\/wp-json\/wp\/v2\/posts"}],"about":[{"href":"https:\/\/blogg.svenskakyrkan.se\/vandravagen\/wp-json\/wp\/v2\/types\/post"}],"author":[{"embeddable":true,"href":"https:\/\/blogg.svenskakyrkan.se\/vandravagen\/wp-json\/wp\/v2\/users\/392"}],"replies":[{"embeddable":true,"href":"https:\/\/blogg.svenskakyrkan.se\/vandravagen\/wp-json\/wp\/v2\/comments?post=760"}],"version-history":[{"count":0,"href":"https:\/\/blogg.svenskakyrkan.se\/vandravagen\/wp-json\/wp\/v2\/posts\/760\/revisions"}],"wp:attachment":[{"href":"https:\/\/blogg.svenskakyrkan.se\/vandravagen\/wp-json\/wp\/v2\/media?parent=760"}],"wp:term":[{"taxonomy":"category","embeddable":true,"href":"https:\/\/blogg.svenskakyrkan.se\/vandravagen\/wp-json\/wp\/v2\/categories?post=760"},{"taxonomy":"post_tag","embeddable":true,"href":"https:\/\/blogg.svenskakyrkan.se\/vandravagen\/wp-json\/wp\/v2\/tags?post=760"}],"curies":[{"name":"wp","href":"https:\/\/api.w.org\/{rel}","templated":true}]}}