{"id":763,"date":"2013-01-16T09:31:00","date_gmt":"2013-01-16T08:31:00","guid":{"rendered":"http:\/\/blogg.svenskakyrkan.se\/vandravagen\/2013\/01\/16\/broder-och-systrar\/"},"modified":"2013-01-16T09:31:00","modified_gmt":"2013-01-16T08:31:00","slug":"broder-och-systrar","status":"publish","type":"post","link":"https:\/\/blogg.svenskakyrkan.se\/vandravagen\/2013\/01\/16\/broder-och-systrar\/","title":{"rendered":"Br\u00f6der och systrar!"},"content":{"rendered":"<div><a href=\"http:\/\/3.bp.blogspot.com\/-sQHRfg1tcbw\/T5b6QfUCzWI\/AAAAAAAAAKI\/s0BHDHqKjHc\/s1600\/blogger-image--2042031583.jpg\"><img loading=\"lazy\" decoding=\"async\" border=\"0\" height=\"400\" src=\"http:\/\/3.bp.blogspot.com\/-sQHRfg1tcbw\/T5b6QfUCzWI\/AAAAAAAAAKI\/s0BHDHqKjHc\/s400\/blogger-image--2042031583.jpg\" width=\"300\"><\/a><\/div>\n<p>Jag har talat med min mamma om bibelns grundspr\u00e5k. Det h\u00e4nder inte alltf\u00f6r ofta men det var roligt! Hon hade l\u00e4st i <a href=\"http:\/\/www.bibelguiden.se\/\">bibelguidens<\/a> <a href=\"http:\/\/vagenixp.blogspot.se\/2012\/04\/dagens-bok.html\">bok om efesierbrevet<\/a> som hon f\u00e5tt av mig (den \u00e4r bra. L\u00e4s den du med. Billig \u00e4r den ocks\u00e5) att n\u00e4r det st\u00e5r &#8221;br\u00f6der&#8221; i Bibeln s\u00e5 betyder det i sj\u00e4lva verket snarare &#8221;br\u00f6der och systrar&#8221;. Jag har bl\u00e4ddrat i boken men inte hittat vad det st\u00e5r d\u00e4r men det finns v\u00e4l d\u00e4r n\u00e5gonstans. Hur kan d\u00e5 detta g\u00e5 ihop?<\/p>\n<p>Grejen \u00e4r den att p\u00e5 grekiska, som nya testamentet \u00e4r skrivet p\u00e5 (den tidens v\u00e4rldsspr\u00e5k), \u00e4r mannen i h\u00f6g grad normen f\u00f6r m\u00e4nniskan. Vill man tilltala en k\u00f6nsblandad skara s\u00e5 anv\u00e4nder man &#8221;br\u00f6der&#8221; \u00e4nd\u00e5. Maskulinum \u00e4r grekiskans &#8221;inklusiva genus&#8221; eller hur det hette nu. En skara med kvinnor blir f\u00f6rst\u00e5s &#8221;systrar&#8221; men s\u00e5 fort det kommer in en man s\u00e5 blir det en blandad grupp och man f\u00e5r \u00f6verg\u00e5 till br\u00f6der (adelfoi p\u00e5 grekiska).<\/p>\n<p>Man kan tycka att det h\u00e4r \u00e4r v\u00e4ldigt konstigt men det inneb\u00e4r i alla fall f\u00f6ljande:<br \/>-N\u00e4r det st\u00e5r &#8221;br\u00f6der&#8221; i bibeln s\u00e5 b\u00f6r vi l\u00e4sa det som &#8221;br\u00f6der och systrar&#8221;<br \/>-det \u00e4r delvis det grekiska spr\u00e5kets fel att bibelns spr\u00e5k verkar s\u00e5 manscentrerat<\/p>\n<p>Vi vet dessutom att Kyrkan i alla tider till stor del best\u00e5tt av kvinnor, de har varit \u00f6verrepresenterade precis som andra kuvade grupper i samh\u00e4llet. Det \u00e4r helt orimligt att Paulus (till exempel) inte skulle v\u00e4nda sig till hela sin \u00e5h\u00f6rarskara med sina brev, sj\u00e4lvklart valde han ett ord som inkluderade alla! Sen \u00e4r det lustigt att det l\u00e5ter helt tv\u00e4rtom i v\u00e5ra \u00f6ron.<\/p>\n<p>Ett fr\u00e5getecken utr\u00e4tat kring den f\u00f6rtryckande kristendomen?<\/p><\/p>\n","protected":false},"excerpt":{"rendered":"<p>Jag har talat med min mamma om bibelns grundspr\u00e5k. Det h\u00e4nder inte alltf\u00f6r ofta men det var roligt! Hon hade l\u00e4st i bibelguidens bok om efesierbrevet som hon f\u00e5tt av mig (den \u00e4r bra. L\u00e4s den du med. Billig \u00e4r den ocks\u00e5) att n\u00e4r det st\u00e5r &#8221;br\u00f6der&#8221; i Bibeln s\u00e5 betyder det i sj\u00e4lva verket [&hellip;]<\/p>\n","protected":false},"author":392,"featured_media":0,"comment_status":"open","ping_status":"open","sticky":false,"template":"","format":"standard","meta":{"_acf_changed":false,"footnotes":""},"categories":[14252,8253,117],"tags":[],"class_list":["post-763","post","type-post","status-publish","format-standard","hentry","category-bibel","category-bocker","category-teologi"],"acf":[],"yoast_head":"<!-- This site is optimized with the Yoast SEO plugin v27.1.1 - https:\/\/yoast.com\/product\/yoast-seo-wordpress\/ -->\n<title>Br\u00f6der och systrar! - Vandra V\u00e4gen<\/title>\n<meta name=\"robots\" content=\"index, follow, max-snippet:-1, max-image-preview:large, max-video-preview:-1\" \/>\n<link rel=\"canonical\" href=\"https:\/\/blogg.svenskakyrkan.se\/vandravagen\/2013\/01\/16\/broder-och-systrar\/\" \/>\n<meta property=\"og:locale\" content=\"sv_SE\" \/>\n<meta property=\"og:type\" content=\"article\" \/>\n<meta property=\"og:title\" content=\"Br\u00f6der och systrar! - Vandra V\u00e4gen\" \/>\n<meta property=\"og:description\" content=\"Jag har talat med min mamma om bibelns grundspr\u00e5k. Det h\u00e4nder inte alltf\u00f6r ofta men det var roligt! Hon hade l\u00e4st i bibelguidens bok om efesierbrevet som hon f\u00e5tt av mig (den \u00e4r bra. L\u00e4s den du med. Billig \u00e4r den ocks\u00e5) att n\u00e4r det st\u00e5r &#8221;br\u00f6der&#8221; i Bibeln s\u00e5 betyder det i sj\u00e4lva verket [&hellip;]\" \/>\n<meta property=\"og:url\" content=\"https:\/\/blogg.svenskakyrkan.se\/vandravagen\/2013\/01\/16\/broder-och-systrar\/\" \/>\n<meta property=\"og:site_name\" content=\"Vandra V\u00e4gen\" \/>\n<meta property=\"article:publisher\" content=\"http:\/\/facebook.com\/vandravagen\" \/>\n<meta property=\"article:published_time\" content=\"2013-01-16T08:31:00+00:00\" \/>\n<meta property=\"og:image\" content=\"http:\/\/3.bp.blogspot.com\/-sQHRfg1tcbw\/T5b6QfUCzWI\/AAAAAAAAAKI\/s0BHDHqKjHc\/s400\/blogger-image--2042031583.jpg\" \/>\n<meta name=\"author\" content=\"Tomas Jarvid\" \/>\n<meta name=\"twitter:card\" content=\"summary_large_image\" \/>\n<meta name=\"twitter:creator\" content=\"@fadertomas\" \/>\n<meta name=\"twitter:site\" content=\"@fadertomas\" \/>\n<meta name=\"twitter:label1\" content=\"Skriven av\" \/>\n\t<meta name=\"twitter:data1\" content=\"Tomas Jarvid\" \/>\n\t<meta name=\"twitter:label2\" content=\"Ber\u00e4knad l\u00e4stid\" \/>\n\t<meta name=\"twitter:data2\" content=\"2 minuter\" \/>\n<script type=\"application\/ld+json\" class=\"yoast-schema-graph\">{\"@context\":\"https:\/\/schema.org\",\"@graph\":[{\"@type\":\"Article\",\"@id\":\"https:\/\/blogg.svenskakyrkan.se\/vandravagen\/2013\/01\/16\/broder-och-systrar\/#article\",\"isPartOf\":{\"@id\":\"https:\/\/blogg.svenskakyrkan.se\/vandravagen\/2013\/01\/16\/broder-och-systrar\/\"},\"author\":{\"name\":\"Tomas Jarvid\",\"@id\":\"https:\/\/blogg.svenskakyrkan.se\/vandravagen\/#\/schema\/person\/25da02d4f76b137d04291711e2c9fc16\"},\"headline\":\"Br\u00f6der och systrar!\",\"datePublished\":\"2013-01-16T08:31:00+00:00\",\"mainEntityOfPage\":{\"@id\":\"https:\/\/blogg.svenskakyrkan.se\/vandravagen\/2013\/01\/16\/broder-och-systrar\/\"},\"wordCount\":328,\"commentCount\":1,\"publisher\":{\"@id\":\"https:\/\/blogg.svenskakyrkan.se\/vandravagen\/#organization\"},\"image\":{\"@id\":\"https:\/\/blogg.svenskakyrkan.se\/vandravagen\/2013\/01\/16\/broder-och-systrar\/#primaryimage\"},\"thumbnailUrl\":\"http:\/\/3.bp.blogspot.com\/-sQHRfg1tcbw\/T5b6QfUCzWI\/AAAAAAAAAKI\/s0BHDHqKjHc\/s400\/blogger-image--2042031583.jpg\",\"articleSection\":[\"bibel\",\"b\u00f6cker\",\"Teologi\"],\"inLanguage\":\"sv-SE\",\"potentialAction\":[{\"@type\":\"CommentAction\",\"name\":\"Comment\",\"target\":[\"https:\/\/blogg.svenskakyrkan.se\/vandravagen\/2013\/01\/16\/broder-och-systrar\/#respond\"]}]},{\"@type\":\"WebPage\",\"@id\":\"https:\/\/blogg.svenskakyrkan.se\/vandravagen\/2013\/01\/16\/broder-och-systrar\/\",\"url\":\"https:\/\/blogg.svenskakyrkan.se\/vandravagen\/2013\/01\/16\/broder-och-systrar\/\",\"name\":\"Br\u00f6der och systrar! - Vandra V\u00e4gen\",\"isPartOf\":{\"@id\":\"https:\/\/blogg.svenskakyrkan.se\/vandravagen\/#website\"},\"primaryImageOfPage\":{\"@id\":\"https:\/\/blogg.svenskakyrkan.se\/vandravagen\/2013\/01\/16\/broder-och-systrar\/#primaryimage\"},\"image\":{\"@id\":\"https:\/\/blogg.svenskakyrkan.se\/vandravagen\/2013\/01\/16\/broder-och-systrar\/#primaryimage\"},\"thumbnailUrl\":\"http:\/\/3.bp.blogspot.com\/-sQHRfg1tcbw\/T5b6QfUCzWI\/AAAAAAAAAKI\/s0BHDHqKjHc\/s400\/blogger-image--2042031583.jpg\",\"datePublished\":\"2013-01-16T08:31:00+00:00\",\"breadcrumb\":{\"@id\":\"https:\/\/blogg.svenskakyrkan.se\/vandravagen\/2013\/01\/16\/broder-och-systrar\/#breadcrumb\"},\"inLanguage\":\"sv-SE\",\"potentialAction\":[{\"@type\":\"ReadAction\",\"target\":[\"https:\/\/blogg.svenskakyrkan.se\/vandravagen\/2013\/01\/16\/broder-och-systrar\/\"]}]},{\"@type\":\"ImageObject\",\"inLanguage\":\"sv-SE\",\"@id\":\"https:\/\/blogg.svenskakyrkan.se\/vandravagen\/2013\/01\/16\/broder-och-systrar\/#primaryimage\",\"url\":\"http:\/\/3.bp.blogspot.com\/-sQHRfg1tcbw\/T5b6QfUCzWI\/AAAAAAAAAKI\/s0BHDHqKjHc\/s400\/blogger-image--2042031583.jpg\",\"contentUrl\":\"http:\/\/3.bp.blogspot.com\/-sQHRfg1tcbw\/T5b6QfUCzWI\/AAAAAAAAAKI\/s0BHDHqKjHc\/s400\/blogger-image--2042031583.jpg\"},{\"@type\":\"BreadcrumbList\",\"@id\":\"https:\/\/blogg.svenskakyrkan.se\/vandravagen\/2013\/01\/16\/broder-och-systrar\/#breadcrumb\",\"itemListElement\":[{\"@type\":\"ListItem\",\"position\":1,\"name\":\"Hem\",\"item\":\"https:\/\/blogg.svenskakyrkan.se\/vandravagen\/\"},{\"@type\":\"ListItem\",\"position\":2,\"name\":\"Br\u00f6der och systrar!\"}]},{\"@type\":\"WebSite\",\"@id\":\"https:\/\/blogg.svenskakyrkan.se\/vandravagen\/#website\",\"url\":\"https:\/\/blogg.svenskakyrkan.se\/vandravagen\/\",\"name\":\"Vandra V\u00e4gen\",\"description\":\"-Mot en tro f\u00f6r hela livet\",\"publisher\":{\"@id\":\"https:\/\/blogg.svenskakyrkan.se\/vandravagen\/#organization\"},\"potentialAction\":[{\"@type\":\"SearchAction\",\"target\":{\"@type\":\"EntryPoint\",\"urlTemplate\":\"https:\/\/blogg.svenskakyrkan.se\/vandravagen\/?s={search_term_string}\"},\"query-input\":{\"@type\":\"PropertyValueSpecification\",\"valueRequired\":true,\"valueName\":\"search_term_string\"}}],\"inLanguage\":\"sv-SE\"},{\"@type\":\"Organization\",\"@id\":\"https:\/\/blogg.svenskakyrkan.se\/vandravagen\/#organization\",\"name\":\"ulricehamns pastorat\",\"alternateName\":\"ulricehamns pastorat\",\"url\":\"https:\/\/blogg.svenskakyrkan.se\/vandravagen\/\",\"logo\":{\"@type\":\"ImageObject\",\"inLanguage\":\"sv-SE\",\"@id\":\"https:\/\/blogg.svenskakyrkan.se\/vandravagen\/#\/schema\/logo\/image\/\",\"url\":\"https:\/\/blogg.svenskakyrkan.se\/vandravagen\/files\/2023\/05\/Ulr_logo_RGB.png\",\"contentUrl\":\"https:\/\/blogg.svenskakyrkan.se\/vandravagen\/files\/2023\/05\/Ulr_logo_RGB.png\",\"width\":205,\"height\":77,\"caption\":\"ulricehamns pastorat\"},\"image\":{\"@id\":\"https:\/\/blogg.svenskakyrkan.se\/vandravagen\/#\/schema\/logo\/image\/\"},\"sameAs\":[\"http:\/\/facebook.com\/vandravagen\",\"https:\/\/x.com\/fadertomas\",\"http:\/\/www.facebook.com\/svenskakyrkaniulricehamn\"]},{\"@type\":\"Person\",\"@id\":\"https:\/\/blogg.svenskakyrkan.se\/vandravagen\/#\/schema\/person\/25da02d4f76b137d04291711e2c9fc16\",\"name\":\"Tomas Jarvid\",\"image\":{\"@type\":\"ImageObject\",\"inLanguage\":\"sv-SE\",\"@id\":\"https:\/\/blogg.svenskakyrkan.se\/vandravagen\/#\/schema\/person\/image\/\",\"url\":\"https:\/\/secure.gravatar.com\/avatar\/7fa71899795e8f540f615a1f5ab25255dc27aa40f05ee7ddd21aac521e01bf50?s=96&d=identicon&r=g\",\"contentUrl\":\"https:\/\/secure.gravatar.com\/avatar\/7fa71899795e8f540f615a1f5ab25255dc27aa40f05ee7ddd21aac521e01bf50?s=96&d=identicon&r=g\",\"caption\":\"Tomas Jarvid\"},\"description\":\"Jag bor i Ulricehamn i V\u00e4sterg\u00f6tland och \u00e4r f\u00f6rsamlingspr\u00e4st i Svenska Kyrkan f\u00f6r Dalstorps f\u00f6rsamling i Kinds pastorat. P\u00e5 den h\u00e4r bloggen skriver jag ner tankar om vandringen som kristen.\",\"sameAs\":[\"http:\/\/www.vandravagen.se\"],\"url\":\"https:\/\/blogg.svenskakyrkan.se\/vandravagen\/author\/vandravagen\/\"}]}<\/script>\n<!-- \/ Yoast SEO plugin. -->","yoast_head_json":{"title":"Br\u00f6der och systrar! - Vandra V\u00e4gen","robots":{"index":"index","follow":"follow","max-snippet":"max-snippet:-1","max-image-preview":"max-image-preview:large","max-video-preview":"max-video-preview:-1"},"canonical":"https:\/\/blogg.svenskakyrkan.se\/vandravagen\/2013\/01\/16\/broder-och-systrar\/","og_locale":"sv_SE","og_type":"article","og_title":"Br\u00f6der och systrar! - Vandra V\u00e4gen","og_description":"Jag har talat med min mamma om bibelns grundspr\u00e5k. Det h\u00e4nder inte alltf\u00f6r ofta men det var roligt! Hon hade l\u00e4st i bibelguidens bok om efesierbrevet som hon f\u00e5tt av mig (den \u00e4r bra. L\u00e4s den du med. Billig \u00e4r den ocks\u00e5) att n\u00e4r det st\u00e5r &#8221;br\u00f6der&#8221; i Bibeln s\u00e5 betyder det i sj\u00e4lva verket [&hellip;]","og_url":"https:\/\/blogg.svenskakyrkan.se\/vandravagen\/2013\/01\/16\/broder-och-systrar\/","og_site_name":"Vandra V\u00e4gen","article_publisher":"http:\/\/facebook.com\/vandravagen","article_published_time":"2013-01-16T08:31:00+00:00","og_image":[{"url":"http:\/\/3.bp.blogspot.com\/-sQHRfg1tcbw\/T5b6QfUCzWI\/AAAAAAAAAKI\/s0BHDHqKjHc\/s400\/blogger-image--2042031583.jpg","type":"","width":"","height":""}],"author":"Tomas Jarvid","twitter_card":"summary_large_image","twitter_creator":"@fadertomas","twitter_site":"@fadertomas","twitter_misc":{"Skriven av":"Tomas Jarvid","Ber\u00e4knad l\u00e4stid":"2 minuter"},"schema":{"@context":"https:\/\/schema.org","@graph":[{"@type":"Article","@id":"https:\/\/blogg.svenskakyrkan.se\/vandravagen\/2013\/01\/16\/broder-och-systrar\/#article","isPartOf":{"@id":"https:\/\/blogg.svenskakyrkan.se\/vandravagen\/2013\/01\/16\/broder-och-systrar\/"},"author":{"name":"Tomas Jarvid","@id":"https:\/\/blogg.svenskakyrkan.se\/vandravagen\/#\/schema\/person\/25da02d4f76b137d04291711e2c9fc16"},"headline":"Br\u00f6der och systrar!","datePublished":"2013-01-16T08:31:00+00:00","mainEntityOfPage":{"@id":"https:\/\/blogg.svenskakyrkan.se\/vandravagen\/2013\/01\/16\/broder-och-systrar\/"},"wordCount":328,"commentCount":1,"publisher":{"@id":"https:\/\/blogg.svenskakyrkan.se\/vandravagen\/#organization"},"image":{"@id":"https:\/\/blogg.svenskakyrkan.se\/vandravagen\/2013\/01\/16\/broder-och-systrar\/#primaryimage"},"thumbnailUrl":"http:\/\/3.bp.blogspot.com\/-sQHRfg1tcbw\/T5b6QfUCzWI\/AAAAAAAAAKI\/s0BHDHqKjHc\/s400\/blogger-image--2042031583.jpg","articleSection":["bibel","b\u00f6cker","Teologi"],"inLanguage":"sv-SE","potentialAction":[{"@type":"CommentAction","name":"Comment","target":["https:\/\/blogg.svenskakyrkan.se\/vandravagen\/2013\/01\/16\/broder-och-systrar\/#respond"]}]},{"@type":"WebPage","@id":"https:\/\/blogg.svenskakyrkan.se\/vandravagen\/2013\/01\/16\/broder-och-systrar\/","url":"https:\/\/blogg.svenskakyrkan.se\/vandravagen\/2013\/01\/16\/broder-och-systrar\/","name":"Br\u00f6der och systrar! - Vandra V\u00e4gen","isPartOf":{"@id":"https:\/\/blogg.svenskakyrkan.se\/vandravagen\/#website"},"primaryImageOfPage":{"@id":"https:\/\/blogg.svenskakyrkan.se\/vandravagen\/2013\/01\/16\/broder-och-systrar\/#primaryimage"},"image":{"@id":"https:\/\/blogg.svenskakyrkan.se\/vandravagen\/2013\/01\/16\/broder-och-systrar\/#primaryimage"},"thumbnailUrl":"http:\/\/3.bp.blogspot.com\/-sQHRfg1tcbw\/T5b6QfUCzWI\/AAAAAAAAAKI\/s0BHDHqKjHc\/s400\/blogger-image--2042031583.jpg","datePublished":"2013-01-16T08:31:00+00:00","breadcrumb":{"@id":"https:\/\/blogg.svenskakyrkan.se\/vandravagen\/2013\/01\/16\/broder-och-systrar\/#breadcrumb"},"inLanguage":"sv-SE","potentialAction":[{"@type":"ReadAction","target":["https:\/\/blogg.svenskakyrkan.se\/vandravagen\/2013\/01\/16\/broder-och-systrar\/"]}]},{"@type":"ImageObject","inLanguage":"sv-SE","@id":"https:\/\/blogg.svenskakyrkan.se\/vandravagen\/2013\/01\/16\/broder-och-systrar\/#primaryimage","url":"http:\/\/3.bp.blogspot.com\/-sQHRfg1tcbw\/T5b6QfUCzWI\/AAAAAAAAAKI\/s0BHDHqKjHc\/s400\/blogger-image--2042031583.jpg","contentUrl":"http:\/\/3.bp.blogspot.com\/-sQHRfg1tcbw\/T5b6QfUCzWI\/AAAAAAAAAKI\/s0BHDHqKjHc\/s400\/blogger-image--2042031583.jpg"},{"@type":"BreadcrumbList","@id":"https:\/\/blogg.svenskakyrkan.se\/vandravagen\/2013\/01\/16\/broder-och-systrar\/#breadcrumb","itemListElement":[{"@type":"ListItem","position":1,"name":"Hem","item":"https:\/\/blogg.svenskakyrkan.se\/vandravagen\/"},{"@type":"ListItem","position":2,"name":"Br\u00f6der och systrar!"}]},{"@type":"WebSite","@id":"https:\/\/blogg.svenskakyrkan.se\/vandravagen\/#website","url":"https:\/\/blogg.svenskakyrkan.se\/vandravagen\/","name":"Vandra V\u00e4gen","description":"-Mot en tro f\u00f6r hela livet","publisher":{"@id":"https:\/\/blogg.svenskakyrkan.se\/vandravagen\/#organization"},"potentialAction":[{"@type":"SearchAction","target":{"@type":"EntryPoint","urlTemplate":"https:\/\/blogg.svenskakyrkan.se\/vandravagen\/?s={search_term_string}"},"query-input":{"@type":"PropertyValueSpecification","valueRequired":true,"valueName":"search_term_string"}}],"inLanguage":"sv-SE"},{"@type":"Organization","@id":"https:\/\/blogg.svenskakyrkan.se\/vandravagen\/#organization","name":"ulricehamns pastorat","alternateName":"ulricehamns pastorat","url":"https:\/\/blogg.svenskakyrkan.se\/vandravagen\/","logo":{"@type":"ImageObject","inLanguage":"sv-SE","@id":"https:\/\/blogg.svenskakyrkan.se\/vandravagen\/#\/schema\/logo\/image\/","url":"https:\/\/blogg.svenskakyrkan.se\/vandravagen\/files\/2023\/05\/Ulr_logo_RGB.png","contentUrl":"https:\/\/blogg.svenskakyrkan.se\/vandravagen\/files\/2023\/05\/Ulr_logo_RGB.png","width":205,"height":77,"caption":"ulricehamns pastorat"},"image":{"@id":"https:\/\/blogg.svenskakyrkan.se\/vandravagen\/#\/schema\/logo\/image\/"},"sameAs":["http:\/\/facebook.com\/vandravagen","https:\/\/x.com\/fadertomas","http:\/\/www.facebook.com\/svenskakyrkaniulricehamn"]},{"@type":"Person","@id":"https:\/\/blogg.svenskakyrkan.se\/vandravagen\/#\/schema\/person\/25da02d4f76b137d04291711e2c9fc16","name":"Tomas Jarvid","image":{"@type":"ImageObject","inLanguage":"sv-SE","@id":"https:\/\/blogg.svenskakyrkan.se\/vandravagen\/#\/schema\/person\/image\/","url":"https:\/\/secure.gravatar.com\/avatar\/7fa71899795e8f540f615a1f5ab25255dc27aa40f05ee7ddd21aac521e01bf50?s=96&d=identicon&r=g","contentUrl":"https:\/\/secure.gravatar.com\/avatar\/7fa71899795e8f540f615a1f5ab25255dc27aa40f05ee7ddd21aac521e01bf50?s=96&d=identicon&r=g","caption":"Tomas Jarvid"},"description":"Jag bor i Ulricehamn i V\u00e4sterg\u00f6tland och \u00e4r f\u00f6rsamlingspr\u00e4st i Svenska Kyrkan f\u00f6r Dalstorps f\u00f6rsamling i Kinds pastorat. P\u00e5 den h\u00e4r bloggen skriver jag ner tankar om vandringen som kristen.","sameAs":["http:\/\/www.vandravagen.se"],"url":"https:\/\/blogg.svenskakyrkan.se\/vandravagen\/author\/vandravagen\/"}]}},"author_meta":{"ID":"392","user_nicename":"vandravagen","user_url":"http:\/\/www.vandravagen.se","user_registered":"2014-05-19 05:44:52","display_name":"Tomas Jarvid","first_name":"Tomas","last_name":"Jarvid","avatar":"https:\/\/secure.gravatar.com\/avatar\/7fa71899795e8f540f615a1f5ab25255dc27aa40f05ee7ddd21aac521e01bf50?s=96&d=identicon&r=g"},"featured_image":false,"bloginfo":{"name":"Vandra V\u00e4gen","url":"https:\/\/blogg.svenskakyrkan.se\/vandravagen"},"_links":{"self":[{"href":"https:\/\/blogg.svenskakyrkan.se\/vandravagen\/wp-json\/wp\/v2\/posts\/763","targetHints":{"allow":["GET"]}}],"collection":[{"href":"https:\/\/blogg.svenskakyrkan.se\/vandravagen\/wp-json\/wp\/v2\/posts"}],"about":[{"href":"https:\/\/blogg.svenskakyrkan.se\/vandravagen\/wp-json\/wp\/v2\/types\/post"}],"author":[{"embeddable":true,"href":"https:\/\/blogg.svenskakyrkan.se\/vandravagen\/wp-json\/wp\/v2\/users\/392"}],"replies":[{"embeddable":true,"href":"https:\/\/blogg.svenskakyrkan.se\/vandravagen\/wp-json\/wp\/v2\/comments?post=763"}],"version-history":[{"count":0,"href":"https:\/\/blogg.svenskakyrkan.se\/vandravagen\/wp-json\/wp\/v2\/posts\/763\/revisions"}],"wp:attachment":[{"href":"https:\/\/blogg.svenskakyrkan.se\/vandravagen\/wp-json\/wp\/v2\/media?parent=763"}],"wp:term":[{"taxonomy":"category","embeddable":true,"href":"https:\/\/blogg.svenskakyrkan.se\/vandravagen\/wp-json\/wp\/v2\/categories?post=763"},{"taxonomy":"post_tag","embeddable":true,"href":"https:\/\/blogg.svenskakyrkan.se\/vandravagen\/wp-json\/wp\/v2\/tags?post=763"}],"curies":[{"name":"wp","href":"https:\/\/api.w.org\/{rel}","templated":true}]}}