{"id":764,"date":"2013-01-15T08:54:00","date_gmt":"2013-01-15T07:54:00","guid":{"rendered":"http:\/\/blogg.svenskakyrkan.se\/vandravagen\/2013\/01\/15\/att-skamma-och-avskamma\/"},"modified":"2013-01-15T08:54:00","modified_gmt":"2013-01-15T07:54:00","slug":"att-skamma-och-avskamma","status":"publish","type":"post","link":"https:\/\/blogg.svenskakyrkan.se\/vandravagen\/2013\/01\/15\/att-skamma-och-avskamma\/","title":{"rendered":"Att skamma och avskamma"},"content":{"rendered":"<table align=\"center\" cellpadding=\"0\" cellspacing=\"0\">\n<tbody>\n<tr>\n<td><a href=\"http:\/\/1.bp.blogspot.com\/-UlBsVIvElak\/UPGpu1ZDijI\/AAAAAAAABrY\/IDwL9imvDHo\/s1600\/d.jpg\"><img loading=\"lazy\" decoding=\"async\" border=\"0\" height=\"100\" src=\"http:\/\/1.bp.blogspot.com\/-UlBsVIvElak\/UPGpu1ZDijI\/AAAAAAAABrY\/IDwL9imvDHo\/s400\/d.jpg\" width=\"400\"><\/a><\/td>\n<\/tr>\n<tr>\n<td><span>Det sv\u00e5raste att f\u00f6rst\u00e5.<\/span><\/td>\n<\/tr>\n<\/tbody>\n<\/table>\n<div><\/div>\n<p>Jag har l\u00e4rt mig ett nytt ord. Ordet \u00e4r &#8221;avskamma&#8221;- det vill s\u00e4ga befria fr\u00e5n skam. Det svarar fint mot ordet &#8221;skamma&#8221; som jag l\u00e4rde mig f\u00f6r n\u00e5gra \u00e5r sedan under l\u00e4sningen av &#8221;<a href=\"http:\/\/www.adlibris.com\/se\/product.aspx?isbn=9152631303\">Skam<\/a><a href=\"http:\/\/www.bokus.com\/bok\/9789152631300\/skamfilad-om-skammens-manga-ansikten-och-langtan-efter-liv\/\">filad<\/a>&#8221; av G\u00f6ran Larsson (den kan jag rekommendera f\u00f6r en bra genomg\u00e5ng om vad skam \u00e4r och hur det p\u00e5verkar oss. Om du inte redan brottats n\u00e5gra v\u00e4ndor med skam s\u00e5 p\u00e5verkar det f\u00f6rmodligen i alla fall ditt liv mer \u00e4n du tror s\u00e5 det \u00e4r v\u00e4l v\u00e4rt att gr\u00e4va i).<\/p>\n<p>Ordet &#8221;skamma&#8221; s\u00e4ger i sig n\u00e5got viktigt om skam. Skam \u00e4r n\u00e5got vi l\u00e4gger p\u00e5 varandra. Det typiska exemplet \u00e4r mobbaren som kallar n\u00e5gon i klassen f\u00f6r gris. Genom att g\u00f6ra det m\u00e5nga g\u00e5nger och f\u00e5 andra att h\u00e4nga p\u00e5 ger det offret en allt djupare k\u00e4nsla av att det \u00e4r n\u00e5got fel med honom eller henne. Offret har egentligen inte gjort n\u00e5got fel men har blivit skammad och m\u00e5r d\u00e4rf\u00f6r d\u00e5ligt. Personen kommer f\u00f6rmodligen ocks\u00e5 att skydda sig genom att inte lita p\u00e5 folk och visa s\u00e5 lite som m\u00f6jligt av sin personlighet f\u00f6r att minska sin s\u00e5rbarhet. Att skamma n\u00e5gon kan allts\u00e5 f\u00f6rst\u00f6ra den personens liv. Och vi har alla sett det ske eller varit med om det p\u00e5 ett eller annat s\u00e4tt.<\/p>\n<p>Hur kan man d\u00e5 bli av med b\u00f6rdan om man blivit skammad? H\u00e4r \u00e4r f\u00f6rst k\u00e4llan jag f\u00e5tt ordet fr\u00e5n;<\/p>\n<div><a href=\"http:\/\/2.bp.blogspot.com\/-xgYyGrkPVHI\/UPGpwCg9KiI\/AAAAAAAABrk\/P8E6xKKKn10\/s1600\/x.jpg\"><img loading=\"lazy\" decoding=\"async\" border=\"0\" height=\"118\" src=\"http:\/\/2.bp.blogspot.com\/-xgYyGrkPVHI\/UPGpwCg9KiI\/AAAAAAAABrk\/P8E6xKKKn10\/s400\/x.jpg\" width=\"400\"><\/a><\/div>\n<div><\/div>\n<div>Jag vet inte v\u00e4rst mycket om vad Stina Wollter menar med avskamma men h\u00e4r \u00e4r mina egna tankar. F\u00f6rst och fr\u00e4mst kan man dela upp det i tv\u00e5 saker. 1, Hur kan man jobba med att bli fri fr\u00e5n sin egen skam? Och 2, hur kan man jobba med att avskamma andra eller l\u00e5ta bli att skamma omedvetet?<\/div>\n<div><\/div>\n<div>Det h\u00e4r \u00e4r f\u00f6rst\u00e5s v\u00e4ldigt sv\u00e5ra saker att k\u00e4mpa med men det finns i alla fall en sak som biter p\u00e5 skam, n\u00e4mligen k\u00e4rlek. K\u00e4rlek \u00e4r raka motsatsen till skamning eftersom den best\u00e5r i att ta emot n\u00e5gon som den \u00e4r, utan att d\u00f6ma. Det var genast svaret p\u00e5 fr\u00e5ga 2. Ett kort svar allts\u00e5 men sedan kr\u00e4ver det en livstid av \u00f6vning om vi ska lyckas till\u00e4mpa det i livet. Ju helare vi blir sj\u00e4lva (ju mer vi v\u00e5gat m\u00f6ta v\u00e5r egen svaghet i skydd av en k\u00e4rleksfull omgivning), desto l\u00e4ttare kommer vi ha f\u00f6r att inte d\u00f6ma. En tuff v\u00e4g, minst sagt.<\/div>\n<div><\/div>\n<div>Den egna skammen r\u00e5r man inte p\u00e5 sj\u00e4lv. Vi beh\u00f6ver relationer d\u00e4r vi \u00e4r trygga att f\u00e5 vara som vi \u00e4r. Vi tar inte av oss v\u00e5ra skyddande pansar innan det \u00e4r s\u00e4kert. I b\u00e4sta fall har man det s\u00e5 i n\u00e5gon n\u00e4ra relation eller gemenskap.<\/div>\n<div><\/div>\n<\/p>\n<div><a href=\"http:\/\/1.bp.blogspot.com\/-7HoKq4ZmpCg\/UPGpu2fSbPI\/AAAAAAAABrQ\/Rq80ymScWSs\/s1600\/skam1.jpg\"><img loading=\"lazy\" decoding=\"async\" border=\"0\" height=\"121\" src=\"http:\/\/1.bp.blogspot.com\/-7HoKq4ZmpCg\/UPGpu2fSbPI\/AAAAAAAABrQ\/Rq80ymScWSs\/s400\/skam1.jpg\" width=\"400\"><\/a><\/div>\n<div><\/div>\n<div>Har du inte det s\u00e5 \u00e4r du f\u00f6rst\u00e5s alltid v\u00e4lkommen att prata med en pr\u00e4st eller diakon, eller till en professionell terapeut. Terapi kostar en bra slant men i slut\u00e4nden kanske det bidrar mer till livskvalit\u00e9n \u00e4n aldrig s\u00e5 m\u00e5nga utlandsresor&#8230;<\/div>\n<div><\/div>\n<div>Det h\u00e4r \u00e4r ocks\u00e5 r\u00e4tta sammanhanget att f\u00f6rst\u00e5 v\u00e4lsignelsen i gudstj\u00e4nsten. Den \u00e4r Guds l\u00f6fte till oss att han alltid ser p\u00e5 oss med oreserverad och f\u00f6rbeh\u00e5llsl\u00f6s k\u00e4rlek. Han som dessutom skapat oss f\u00f6r att ha oss att \u00e4lska.<\/div>\n<div><\/div>\n<div>Herren v\u00e4lsigne dig och bevare dig<\/div>\n<div>Herren l\u00e5te sitt ansikte lysa \u00f6ver dig och vare dig n\u00e5dig<\/div>\n<div>Herren v\u00e4nde sitt ansikte till dig och give dig frid!<\/div>\n<div>I Faderns Sonens och den Helige Andes namn, amen<\/div>\n<div><\/div>\n<div>Vad t\u00e4nker du efter att ha l\u00e4st det h\u00e4r? Vad har du f\u00f6r erfarenheter av skam? Har du kanske erfarenheter du vill dela med dig av om hur man kan lyckas k\u00e4mpa mot skammen? Skriv hemskt g\u00e4rna en rad nedan, var anonym om du tycker det \u00e4r b\u00e4ttre, h\u00e4r g\u00e4ller att vara lagom modig!<\/div>\n","protected":false},"excerpt":{"rendered":"<p>Det sv\u00e5raste att f\u00f6rst\u00e5. Jag har l\u00e4rt mig ett nytt ord. Ordet \u00e4r &#8221;avskamma&#8221;- det vill s\u00e4ga befria fr\u00e5n skam. Det svarar fint mot ordet &#8221;skamma&#8221; som jag l\u00e4rde mig f\u00f6r n\u00e5gra \u00e5r sedan under l\u00e4sningen av &#8221;Skamfilad&#8221; av G\u00f6ran Larsson (den kan jag rekommendera f\u00f6r en bra genomg\u00e5ng om vad skam \u00e4r och hur [&hellip;]<\/p>\n","protected":false},"author":392,"featured_media":0,"comment_status":"open","ping_status":"open","sticky":false,"template":"","format":"standard","meta":{"_acf_changed":false,"footnotes":""},"categories":[77554],"tags":[],"class_list":["post-764","post","type-post","status-publish","format-standard","hentry","category-vara-manniska"],"acf":[],"yoast_head":"<!-- This site is optimized with the Yoast SEO plugin v27.1.1 - https:\/\/yoast.com\/product\/yoast-seo-wordpress\/ -->\n<title>Att skamma och avskamma - Vandra V\u00e4gen<\/title>\n<meta name=\"robots\" content=\"index, follow, max-snippet:-1, max-image-preview:large, max-video-preview:-1\" \/>\n<link rel=\"canonical\" href=\"https:\/\/blogg.svenskakyrkan.se\/vandravagen\/2013\/01\/15\/att-skamma-och-avskamma\/\" \/>\n<meta property=\"og:locale\" content=\"sv_SE\" \/>\n<meta property=\"og:type\" content=\"article\" \/>\n<meta property=\"og:title\" content=\"Att skamma och avskamma - Vandra V\u00e4gen\" \/>\n<meta property=\"og:description\" content=\"Det sv\u00e5raste att f\u00f6rst\u00e5. Jag har l\u00e4rt mig ett nytt ord. Ordet \u00e4r &#8221;avskamma&#8221;- det vill s\u00e4ga befria fr\u00e5n skam. Det svarar fint mot ordet &#8221;skamma&#8221; som jag l\u00e4rde mig f\u00f6r n\u00e5gra \u00e5r sedan under l\u00e4sningen av &#8221;Skamfilad&#8221; av G\u00f6ran Larsson (den kan jag rekommendera f\u00f6r en bra genomg\u00e5ng om vad skam \u00e4r och hur [&hellip;]\" \/>\n<meta property=\"og:url\" content=\"https:\/\/blogg.svenskakyrkan.se\/vandravagen\/2013\/01\/15\/att-skamma-och-avskamma\/\" \/>\n<meta property=\"og:site_name\" content=\"Vandra V\u00e4gen\" \/>\n<meta property=\"article:publisher\" content=\"http:\/\/facebook.com\/vandravagen\" \/>\n<meta property=\"article:published_time\" content=\"2013-01-15T07:54:00+00:00\" \/>\n<meta property=\"og:image\" content=\"http:\/\/1.bp.blogspot.com\/-UlBsVIvElak\/UPGpu1ZDijI\/AAAAAAAABrY\/IDwL9imvDHo\/s400\/d.jpg\" \/>\n<meta name=\"author\" content=\"Tomas Jarvid\" \/>\n<meta name=\"twitter:card\" content=\"summary_large_image\" \/>\n<meta name=\"twitter:creator\" content=\"@fadertomas\" \/>\n<meta name=\"twitter:site\" content=\"@fadertomas\" \/>\n<meta name=\"twitter:label1\" content=\"Skriven av\" \/>\n\t<meta name=\"twitter:data1\" content=\"Tomas Jarvid\" \/>\n\t<meta name=\"twitter:label2\" content=\"Ber\u00e4knad l\u00e4stid\" \/>\n\t<meta name=\"twitter:data2\" content=\"4 minuter\" \/>\n<script type=\"application\/ld+json\" class=\"yoast-schema-graph\">{\"@context\":\"https:\/\/schema.org\",\"@graph\":[{\"@type\":\"Article\",\"@id\":\"https:\/\/blogg.svenskakyrkan.se\/vandravagen\/2013\/01\/15\/att-skamma-och-avskamma\/#article\",\"isPartOf\":{\"@id\":\"https:\/\/blogg.svenskakyrkan.se\/vandravagen\/2013\/01\/15\/att-skamma-och-avskamma\/\"},\"author\":{\"name\":\"Tomas Jarvid\",\"@id\":\"https:\/\/blogg.svenskakyrkan.se\/vandravagen\/#\/schema\/person\/25da02d4f76b137d04291711e2c9fc16\"},\"headline\":\"Att skamma och avskamma\",\"datePublished\":\"2013-01-15T07:54:00+00:00\",\"mainEntityOfPage\":{\"@id\":\"https:\/\/blogg.svenskakyrkan.se\/vandravagen\/2013\/01\/15\/att-skamma-och-avskamma\/\"},\"wordCount\":735,\"commentCount\":6,\"publisher\":{\"@id\":\"https:\/\/blogg.svenskakyrkan.se\/vandravagen\/#organization\"},\"image\":{\"@id\":\"https:\/\/blogg.svenskakyrkan.se\/vandravagen\/2013\/01\/15\/att-skamma-och-avskamma\/#primaryimage\"},\"thumbnailUrl\":\"http:\/\/1.bp.blogspot.com\/-UlBsVIvElak\/UPGpu1ZDijI\/AAAAAAAABrY\/IDwL9imvDHo\/s400\/d.jpg\",\"articleSection\":[\"vara m\u00e4nniska\"],\"inLanguage\":\"sv-SE\",\"potentialAction\":[{\"@type\":\"CommentAction\",\"name\":\"Comment\",\"target\":[\"https:\/\/blogg.svenskakyrkan.se\/vandravagen\/2013\/01\/15\/att-skamma-och-avskamma\/#respond\"]}]},{\"@type\":\"WebPage\",\"@id\":\"https:\/\/blogg.svenskakyrkan.se\/vandravagen\/2013\/01\/15\/att-skamma-och-avskamma\/\",\"url\":\"https:\/\/blogg.svenskakyrkan.se\/vandravagen\/2013\/01\/15\/att-skamma-och-avskamma\/\",\"name\":\"Att skamma och avskamma - Vandra V\u00e4gen\",\"isPartOf\":{\"@id\":\"https:\/\/blogg.svenskakyrkan.se\/vandravagen\/#website\"},\"primaryImageOfPage\":{\"@id\":\"https:\/\/blogg.svenskakyrkan.se\/vandravagen\/2013\/01\/15\/att-skamma-och-avskamma\/#primaryimage\"},\"image\":{\"@id\":\"https:\/\/blogg.svenskakyrkan.se\/vandravagen\/2013\/01\/15\/att-skamma-och-avskamma\/#primaryimage\"},\"thumbnailUrl\":\"http:\/\/1.bp.blogspot.com\/-UlBsVIvElak\/UPGpu1ZDijI\/AAAAAAAABrY\/IDwL9imvDHo\/s400\/d.jpg\",\"datePublished\":\"2013-01-15T07:54:00+00:00\",\"breadcrumb\":{\"@id\":\"https:\/\/blogg.svenskakyrkan.se\/vandravagen\/2013\/01\/15\/att-skamma-och-avskamma\/#breadcrumb\"},\"inLanguage\":\"sv-SE\",\"potentialAction\":[{\"@type\":\"ReadAction\",\"target\":[\"https:\/\/blogg.svenskakyrkan.se\/vandravagen\/2013\/01\/15\/att-skamma-och-avskamma\/\"]}]},{\"@type\":\"ImageObject\",\"inLanguage\":\"sv-SE\",\"@id\":\"https:\/\/blogg.svenskakyrkan.se\/vandravagen\/2013\/01\/15\/att-skamma-och-avskamma\/#primaryimage\",\"url\":\"http:\/\/1.bp.blogspot.com\/-UlBsVIvElak\/UPGpu1ZDijI\/AAAAAAAABrY\/IDwL9imvDHo\/s400\/d.jpg\",\"contentUrl\":\"http:\/\/1.bp.blogspot.com\/-UlBsVIvElak\/UPGpu1ZDijI\/AAAAAAAABrY\/IDwL9imvDHo\/s400\/d.jpg\"},{\"@type\":\"BreadcrumbList\",\"@id\":\"https:\/\/blogg.svenskakyrkan.se\/vandravagen\/2013\/01\/15\/att-skamma-och-avskamma\/#breadcrumb\",\"itemListElement\":[{\"@type\":\"ListItem\",\"position\":1,\"name\":\"Hem\",\"item\":\"https:\/\/blogg.svenskakyrkan.se\/vandravagen\/\"},{\"@type\":\"ListItem\",\"position\":2,\"name\":\"Att skamma och avskamma\"}]},{\"@type\":\"WebSite\",\"@id\":\"https:\/\/blogg.svenskakyrkan.se\/vandravagen\/#website\",\"url\":\"https:\/\/blogg.svenskakyrkan.se\/vandravagen\/\",\"name\":\"Vandra V\u00e4gen\",\"description\":\"-Mot en tro f\u00f6r hela livet\",\"publisher\":{\"@id\":\"https:\/\/blogg.svenskakyrkan.se\/vandravagen\/#organization\"},\"potentialAction\":[{\"@type\":\"SearchAction\",\"target\":{\"@type\":\"EntryPoint\",\"urlTemplate\":\"https:\/\/blogg.svenskakyrkan.se\/vandravagen\/?s={search_term_string}\"},\"query-input\":{\"@type\":\"PropertyValueSpecification\",\"valueRequired\":true,\"valueName\":\"search_term_string\"}}],\"inLanguage\":\"sv-SE\"},{\"@type\":\"Organization\",\"@id\":\"https:\/\/blogg.svenskakyrkan.se\/vandravagen\/#organization\",\"name\":\"ulricehamns pastorat\",\"alternateName\":\"ulricehamns pastorat\",\"url\":\"https:\/\/blogg.svenskakyrkan.se\/vandravagen\/\",\"logo\":{\"@type\":\"ImageObject\",\"inLanguage\":\"sv-SE\",\"@id\":\"https:\/\/blogg.svenskakyrkan.se\/vandravagen\/#\/schema\/logo\/image\/\",\"url\":\"https:\/\/blogg.svenskakyrkan.se\/vandravagen\/files\/2023\/05\/Ulr_logo_RGB.png\",\"contentUrl\":\"https:\/\/blogg.svenskakyrkan.se\/vandravagen\/files\/2023\/05\/Ulr_logo_RGB.png\",\"width\":205,\"height\":77,\"caption\":\"ulricehamns pastorat\"},\"image\":{\"@id\":\"https:\/\/blogg.svenskakyrkan.se\/vandravagen\/#\/schema\/logo\/image\/\"},\"sameAs\":[\"http:\/\/facebook.com\/vandravagen\",\"https:\/\/x.com\/fadertomas\",\"http:\/\/www.facebook.com\/svenskakyrkaniulricehamn\"]},{\"@type\":\"Person\",\"@id\":\"https:\/\/blogg.svenskakyrkan.se\/vandravagen\/#\/schema\/person\/25da02d4f76b137d04291711e2c9fc16\",\"name\":\"Tomas Jarvid\",\"image\":{\"@type\":\"ImageObject\",\"inLanguage\":\"sv-SE\",\"@id\":\"https:\/\/blogg.svenskakyrkan.se\/vandravagen\/#\/schema\/person\/image\/\",\"url\":\"https:\/\/secure.gravatar.com\/avatar\/7fa71899795e8f540f615a1f5ab25255dc27aa40f05ee7ddd21aac521e01bf50?s=96&d=identicon&r=g\",\"contentUrl\":\"https:\/\/secure.gravatar.com\/avatar\/7fa71899795e8f540f615a1f5ab25255dc27aa40f05ee7ddd21aac521e01bf50?s=96&d=identicon&r=g\",\"caption\":\"Tomas Jarvid\"},\"description\":\"Jag bor i Ulricehamn i V\u00e4sterg\u00f6tland och \u00e4r f\u00f6rsamlingspr\u00e4st i Svenska Kyrkan f\u00f6r Dalstorps f\u00f6rsamling i Kinds pastorat. P\u00e5 den h\u00e4r bloggen skriver jag ner tankar om vandringen som kristen.\",\"sameAs\":[\"http:\/\/www.vandravagen.se\"],\"url\":\"https:\/\/blogg.svenskakyrkan.se\/vandravagen\/author\/vandravagen\/\"}]}<\/script>\n<!-- \/ Yoast SEO plugin. -->","yoast_head_json":{"title":"Att skamma och avskamma - Vandra V\u00e4gen","robots":{"index":"index","follow":"follow","max-snippet":"max-snippet:-1","max-image-preview":"max-image-preview:large","max-video-preview":"max-video-preview:-1"},"canonical":"https:\/\/blogg.svenskakyrkan.se\/vandravagen\/2013\/01\/15\/att-skamma-och-avskamma\/","og_locale":"sv_SE","og_type":"article","og_title":"Att skamma och avskamma - Vandra V\u00e4gen","og_description":"Det sv\u00e5raste att f\u00f6rst\u00e5. Jag har l\u00e4rt mig ett nytt ord. Ordet \u00e4r &#8221;avskamma&#8221;- det vill s\u00e4ga befria fr\u00e5n skam. Det svarar fint mot ordet &#8221;skamma&#8221; som jag l\u00e4rde mig f\u00f6r n\u00e5gra \u00e5r sedan under l\u00e4sningen av &#8221;Skamfilad&#8221; av G\u00f6ran Larsson (den kan jag rekommendera f\u00f6r en bra genomg\u00e5ng om vad skam \u00e4r och hur [&hellip;]","og_url":"https:\/\/blogg.svenskakyrkan.se\/vandravagen\/2013\/01\/15\/att-skamma-och-avskamma\/","og_site_name":"Vandra V\u00e4gen","article_publisher":"http:\/\/facebook.com\/vandravagen","article_published_time":"2013-01-15T07:54:00+00:00","og_image":[{"url":"http:\/\/1.bp.blogspot.com\/-UlBsVIvElak\/UPGpu1ZDijI\/AAAAAAAABrY\/IDwL9imvDHo\/s400\/d.jpg","type":"","width":"","height":""}],"author":"Tomas Jarvid","twitter_card":"summary_large_image","twitter_creator":"@fadertomas","twitter_site":"@fadertomas","twitter_misc":{"Skriven av":"Tomas Jarvid","Ber\u00e4knad l\u00e4stid":"4 minuter"},"schema":{"@context":"https:\/\/schema.org","@graph":[{"@type":"Article","@id":"https:\/\/blogg.svenskakyrkan.se\/vandravagen\/2013\/01\/15\/att-skamma-och-avskamma\/#article","isPartOf":{"@id":"https:\/\/blogg.svenskakyrkan.se\/vandravagen\/2013\/01\/15\/att-skamma-och-avskamma\/"},"author":{"name":"Tomas Jarvid","@id":"https:\/\/blogg.svenskakyrkan.se\/vandravagen\/#\/schema\/person\/25da02d4f76b137d04291711e2c9fc16"},"headline":"Att skamma och avskamma","datePublished":"2013-01-15T07:54:00+00:00","mainEntityOfPage":{"@id":"https:\/\/blogg.svenskakyrkan.se\/vandravagen\/2013\/01\/15\/att-skamma-och-avskamma\/"},"wordCount":735,"commentCount":6,"publisher":{"@id":"https:\/\/blogg.svenskakyrkan.se\/vandravagen\/#organization"},"image":{"@id":"https:\/\/blogg.svenskakyrkan.se\/vandravagen\/2013\/01\/15\/att-skamma-och-avskamma\/#primaryimage"},"thumbnailUrl":"http:\/\/1.bp.blogspot.com\/-UlBsVIvElak\/UPGpu1ZDijI\/AAAAAAAABrY\/IDwL9imvDHo\/s400\/d.jpg","articleSection":["vara m\u00e4nniska"],"inLanguage":"sv-SE","potentialAction":[{"@type":"CommentAction","name":"Comment","target":["https:\/\/blogg.svenskakyrkan.se\/vandravagen\/2013\/01\/15\/att-skamma-och-avskamma\/#respond"]}]},{"@type":"WebPage","@id":"https:\/\/blogg.svenskakyrkan.se\/vandravagen\/2013\/01\/15\/att-skamma-och-avskamma\/","url":"https:\/\/blogg.svenskakyrkan.se\/vandravagen\/2013\/01\/15\/att-skamma-och-avskamma\/","name":"Att skamma och avskamma - Vandra V\u00e4gen","isPartOf":{"@id":"https:\/\/blogg.svenskakyrkan.se\/vandravagen\/#website"},"primaryImageOfPage":{"@id":"https:\/\/blogg.svenskakyrkan.se\/vandravagen\/2013\/01\/15\/att-skamma-och-avskamma\/#primaryimage"},"image":{"@id":"https:\/\/blogg.svenskakyrkan.se\/vandravagen\/2013\/01\/15\/att-skamma-och-avskamma\/#primaryimage"},"thumbnailUrl":"http:\/\/1.bp.blogspot.com\/-UlBsVIvElak\/UPGpu1ZDijI\/AAAAAAAABrY\/IDwL9imvDHo\/s400\/d.jpg","datePublished":"2013-01-15T07:54:00+00:00","breadcrumb":{"@id":"https:\/\/blogg.svenskakyrkan.se\/vandravagen\/2013\/01\/15\/att-skamma-och-avskamma\/#breadcrumb"},"inLanguage":"sv-SE","potentialAction":[{"@type":"ReadAction","target":["https:\/\/blogg.svenskakyrkan.se\/vandravagen\/2013\/01\/15\/att-skamma-och-avskamma\/"]}]},{"@type":"ImageObject","inLanguage":"sv-SE","@id":"https:\/\/blogg.svenskakyrkan.se\/vandravagen\/2013\/01\/15\/att-skamma-och-avskamma\/#primaryimage","url":"http:\/\/1.bp.blogspot.com\/-UlBsVIvElak\/UPGpu1ZDijI\/AAAAAAAABrY\/IDwL9imvDHo\/s400\/d.jpg","contentUrl":"http:\/\/1.bp.blogspot.com\/-UlBsVIvElak\/UPGpu1ZDijI\/AAAAAAAABrY\/IDwL9imvDHo\/s400\/d.jpg"},{"@type":"BreadcrumbList","@id":"https:\/\/blogg.svenskakyrkan.se\/vandravagen\/2013\/01\/15\/att-skamma-och-avskamma\/#breadcrumb","itemListElement":[{"@type":"ListItem","position":1,"name":"Hem","item":"https:\/\/blogg.svenskakyrkan.se\/vandravagen\/"},{"@type":"ListItem","position":2,"name":"Att skamma och avskamma"}]},{"@type":"WebSite","@id":"https:\/\/blogg.svenskakyrkan.se\/vandravagen\/#website","url":"https:\/\/blogg.svenskakyrkan.se\/vandravagen\/","name":"Vandra V\u00e4gen","description":"-Mot en tro f\u00f6r hela livet","publisher":{"@id":"https:\/\/blogg.svenskakyrkan.se\/vandravagen\/#organization"},"potentialAction":[{"@type":"SearchAction","target":{"@type":"EntryPoint","urlTemplate":"https:\/\/blogg.svenskakyrkan.se\/vandravagen\/?s={search_term_string}"},"query-input":{"@type":"PropertyValueSpecification","valueRequired":true,"valueName":"search_term_string"}}],"inLanguage":"sv-SE"},{"@type":"Organization","@id":"https:\/\/blogg.svenskakyrkan.se\/vandravagen\/#organization","name":"ulricehamns pastorat","alternateName":"ulricehamns pastorat","url":"https:\/\/blogg.svenskakyrkan.se\/vandravagen\/","logo":{"@type":"ImageObject","inLanguage":"sv-SE","@id":"https:\/\/blogg.svenskakyrkan.se\/vandravagen\/#\/schema\/logo\/image\/","url":"https:\/\/blogg.svenskakyrkan.se\/vandravagen\/files\/2023\/05\/Ulr_logo_RGB.png","contentUrl":"https:\/\/blogg.svenskakyrkan.se\/vandravagen\/files\/2023\/05\/Ulr_logo_RGB.png","width":205,"height":77,"caption":"ulricehamns pastorat"},"image":{"@id":"https:\/\/blogg.svenskakyrkan.se\/vandravagen\/#\/schema\/logo\/image\/"},"sameAs":["http:\/\/facebook.com\/vandravagen","https:\/\/x.com\/fadertomas","http:\/\/www.facebook.com\/svenskakyrkaniulricehamn"]},{"@type":"Person","@id":"https:\/\/blogg.svenskakyrkan.se\/vandravagen\/#\/schema\/person\/25da02d4f76b137d04291711e2c9fc16","name":"Tomas Jarvid","image":{"@type":"ImageObject","inLanguage":"sv-SE","@id":"https:\/\/blogg.svenskakyrkan.se\/vandravagen\/#\/schema\/person\/image\/","url":"https:\/\/secure.gravatar.com\/avatar\/7fa71899795e8f540f615a1f5ab25255dc27aa40f05ee7ddd21aac521e01bf50?s=96&d=identicon&r=g","contentUrl":"https:\/\/secure.gravatar.com\/avatar\/7fa71899795e8f540f615a1f5ab25255dc27aa40f05ee7ddd21aac521e01bf50?s=96&d=identicon&r=g","caption":"Tomas Jarvid"},"description":"Jag bor i Ulricehamn i V\u00e4sterg\u00f6tland och \u00e4r f\u00f6rsamlingspr\u00e4st i Svenska Kyrkan f\u00f6r Dalstorps f\u00f6rsamling i Kinds pastorat. P\u00e5 den h\u00e4r bloggen skriver jag ner tankar om vandringen som kristen.","sameAs":["http:\/\/www.vandravagen.se"],"url":"https:\/\/blogg.svenskakyrkan.se\/vandravagen\/author\/vandravagen\/"}]}},"author_meta":{"ID":"392","user_nicename":"vandravagen","user_url":"http:\/\/www.vandravagen.se","user_registered":"2014-05-19 05:44:52","display_name":"Tomas Jarvid","first_name":"Tomas","last_name":"Jarvid","avatar":"https:\/\/secure.gravatar.com\/avatar\/7fa71899795e8f540f615a1f5ab25255dc27aa40f05ee7ddd21aac521e01bf50?s=96&d=identicon&r=g"},"featured_image":false,"bloginfo":{"name":"Vandra V\u00e4gen","url":"https:\/\/blogg.svenskakyrkan.se\/vandravagen"},"_links":{"self":[{"href":"https:\/\/blogg.svenskakyrkan.se\/vandravagen\/wp-json\/wp\/v2\/posts\/764","targetHints":{"allow":["GET"]}}],"collection":[{"href":"https:\/\/blogg.svenskakyrkan.se\/vandravagen\/wp-json\/wp\/v2\/posts"}],"about":[{"href":"https:\/\/blogg.svenskakyrkan.se\/vandravagen\/wp-json\/wp\/v2\/types\/post"}],"author":[{"embeddable":true,"href":"https:\/\/blogg.svenskakyrkan.se\/vandravagen\/wp-json\/wp\/v2\/users\/392"}],"replies":[{"embeddable":true,"href":"https:\/\/blogg.svenskakyrkan.se\/vandravagen\/wp-json\/wp\/v2\/comments?post=764"}],"version-history":[{"count":0,"href":"https:\/\/blogg.svenskakyrkan.se\/vandravagen\/wp-json\/wp\/v2\/posts\/764\/revisions"}],"wp:attachment":[{"href":"https:\/\/blogg.svenskakyrkan.se\/vandravagen\/wp-json\/wp\/v2\/media?parent=764"}],"wp:term":[{"taxonomy":"category","embeddable":true,"href":"https:\/\/blogg.svenskakyrkan.se\/vandravagen\/wp-json\/wp\/v2\/categories?post=764"},{"taxonomy":"post_tag","embeddable":true,"href":"https:\/\/blogg.svenskakyrkan.se\/vandravagen\/wp-json\/wp\/v2\/tags?post=764"}],"curies":[{"name":"wp","href":"https:\/\/api.w.org\/{rel}","templated":true}]}}