{"id":765,"date":"2013-01-14T19:00:00","date_gmt":"2013-01-14T18:00:00","guid":{"rendered":"http:\/\/blogg.svenskakyrkan.se\/vandravagen\/2013\/01\/14\/20dag-knut-julens-sista-dag-igar\/"},"modified":"2013-01-14T19:00:00","modified_gmt":"2013-01-14T18:00:00","slug":"20dag-knut-julens-sista-dag-igar","status":"publish","type":"post","link":"https:\/\/blogg.svenskakyrkan.se\/vandravagen\/2013\/01\/14\/20dag-knut-julens-sista-dag-igar\/","title":{"rendered":"20dag knut, julens sista dag. Ig\u00e5r&#8230;"},"content":{"rendered":"<p>Jag har delat en hel del jultankar under veckorna som g\u00e5tt. Nu s\u00e4gs det ju att julen tar slut idag (ig\u00e5r. Suck. S\u00e5 blir det n\u00e4r man skriver i f\u00f6rv\u00e4g och sedan gl\u00f6mmer) men till n\u00e4sta \u00e5r igen kommer den v\u00e5r gamle v\u00e4n och d\u00e5 blir det s\u00e4kert mer julteologi och annat p\u00e5 bloggen om Herren dr\u00f6jer. Tills vidare f\u00e5r vi f\u00e4sta blicken p\u00e5 ikoner med Maria och barnet och komma ih\u00e5g att julevangeliet \u00e4r en del av den mycket st\u00f6rre helheten som det kristna budskapet \u00e4r.<\/p>\n<p>Till slut i alla fall en bild av Jesus av en kinesisk konstn\u00e4r. Lagd i krubban. B\u00e5de han och Maria och inte minst Oxen har mer kinesiska drag \u00e4n vi \u00e4r vana vid. F\u00f6r konstn\u00e4ren kanske det var ett sakligt konstaterande av att Jesus ju faktiskt var asiat (\u00e4ven om han tillh\u00f6rde en helt annan kultur).<\/p>\n<p>Po\u00e4ngen \u00e4r och f\u00f6rblir att Gud sj\u00e4lv blivit m\u00e4nniska f\u00f6r att uppr\u00e4tta hela m\u00e4nskligheten. Det g\u00e4ller inte bara under julen utan varje dag.<\/p>\n<\/p>\n<div><a href=\"https:\/\/lh4.googleusercontent.com\/-LT7c6oynapA\/UOW9D9WX3PI\/AAAAAAAABmk\/qeMD0j4LB0I\/s640\/blogger-image--449425419.jpg\"><img loading=\"lazy\" decoding=\"async\" border=\"0\" height=\"400\" src=\"https:\/\/lh4.googleusercontent.com\/-LT7c6oynapA\/UOW9D9WX3PI\/AAAAAAAABmk\/qeMD0j4LB0I\/s400\/blogger-image--449425419.jpg\" width=\"396\"><\/a><\/div>\n","protected":false},"excerpt":{"rendered":"<p>Jag har delat en hel del jultankar under veckorna som g\u00e5tt. Nu s\u00e4gs det ju att julen tar slut idag (ig\u00e5r. Suck. S\u00e5 blir det n\u00e4r man skriver i f\u00f6rv\u00e4g och sedan gl\u00f6mmer) men till n\u00e4sta \u00e5r igen kommer den v\u00e5r gamle v\u00e4n och d\u00e5 blir det s\u00e4kert mer julteologi och annat p\u00e5 bloggen om [&hellip;]<\/p>\n","protected":false},"author":392,"featured_media":0,"comment_status":"open","ping_status":"open","sticky":false,"template":"","format":"standard","meta":{"_acf_changed":false,"footnotes":""},"categories":[56,8252],"tags":[],"class_list":["post-765","post","type-post","status-publish","format-standard","hentry","category-bilder","category-kyrkoaret"],"acf":[],"yoast_head":"<!-- This site is optimized with the Yoast SEO plugin v27.1.1 - https:\/\/yoast.com\/product\/yoast-seo-wordpress\/ -->\n<title>20dag knut, julens sista dag. Ig\u00e5r... - Vandra V\u00e4gen<\/title>\n<meta name=\"robots\" content=\"index, follow, max-snippet:-1, max-image-preview:large, max-video-preview:-1\" \/>\n<link rel=\"canonical\" href=\"https:\/\/blogg.svenskakyrkan.se\/vandravagen\/2013\/01\/14\/20dag-knut-julens-sista-dag-igar\/\" \/>\n<meta property=\"og:locale\" content=\"sv_SE\" \/>\n<meta property=\"og:type\" content=\"article\" \/>\n<meta property=\"og:title\" content=\"20dag knut, julens sista dag. Ig\u00e5r... - Vandra V\u00e4gen\" \/>\n<meta property=\"og:description\" content=\"Jag har delat en hel del jultankar under veckorna som g\u00e5tt. Nu s\u00e4gs det ju att julen tar slut idag (ig\u00e5r. Suck. S\u00e5 blir det n\u00e4r man skriver i f\u00f6rv\u00e4g och sedan gl\u00f6mmer) men till n\u00e4sta \u00e5r igen kommer den v\u00e5r gamle v\u00e4n och d\u00e5 blir det s\u00e4kert mer julteologi och annat p\u00e5 bloggen om [&hellip;]\" \/>\n<meta property=\"og:url\" content=\"https:\/\/blogg.svenskakyrkan.se\/vandravagen\/2013\/01\/14\/20dag-knut-julens-sista-dag-igar\/\" \/>\n<meta property=\"og:site_name\" content=\"Vandra V\u00e4gen\" \/>\n<meta property=\"article:publisher\" content=\"http:\/\/facebook.com\/vandravagen\" \/>\n<meta property=\"article:published_time\" content=\"2013-01-14T18:00:00+00:00\" \/>\n<meta property=\"og:image\" content=\"https:\/\/lh4.googleusercontent.com\/-LT7c6oynapA\/UOW9D9WX3PI\/AAAAAAAABmk\/qeMD0j4LB0I\/s400\/blogger-image--449425419.jpg\" \/>\n<meta name=\"author\" content=\"Tomas Jarvid\" \/>\n<meta name=\"twitter:card\" content=\"summary_large_image\" \/>\n<meta name=\"twitter:creator\" content=\"@fadertomas\" \/>\n<meta name=\"twitter:site\" content=\"@fadertomas\" \/>\n<meta name=\"twitter:label1\" content=\"Skriven av\" \/>\n\t<meta name=\"twitter:data1\" content=\"Tomas Jarvid\" \/>\n\t<meta name=\"twitter:label2\" content=\"Ber\u00e4knad l\u00e4stid\" \/>\n\t<meta name=\"twitter:data2\" content=\"1 minut\" \/>\n<script type=\"application\/ld+json\" class=\"yoast-schema-graph\">{\"@context\":\"https:\/\/schema.org\",\"@graph\":[{\"@type\":\"Article\",\"@id\":\"https:\/\/blogg.svenskakyrkan.se\/vandravagen\/2013\/01\/14\/20dag-knut-julens-sista-dag-igar\/#article\",\"isPartOf\":{\"@id\":\"https:\/\/blogg.svenskakyrkan.se\/vandravagen\/2013\/01\/14\/20dag-knut-julens-sista-dag-igar\/\"},\"author\":{\"name\":\"Tomas Jarvid\",\"@id\":\"https:\/\/blogg.svenskakyrkan.se\/vandravagen\/#\/schema\/person\/25da02d4f76b137d04291711e2c9fc16\"},\"headline\":\"20dag knut, julens sista dag. Ig\u00e5r&#8230;\",\"datePublished\":\"2013-01-14T18:00:00+00:00\",\"mainEntityOfPage\":{\"@id\":\"https:\/\/blogg.svenskakyrkan.se\/vandravagen\/2013\/01\/14\/20dag-knut-julens-sista-dag-igar\/\"},\"wordCount\":202,\"commentCount\":0,\"publisher\":{\"@id\":\"https:\/\/blogg.svenskakyrkan.se\/vandravagen\/#organization\"},\"image\":{\"@id\":\"https:\/\/blogg.svenskakyrkan.se\/vandravagen\/2013\/01\/14\/20dag-knut-julens-sista-dag-igar\/#primaryimage\"},\"thumbnailUrl\":\"https:\/\/lh4.googleusercontent.com\/-LT7c6oynapA\/UOW9D9WX3PI\/AAAAAAAABmk\/qeMD0j4LB0I\/s400\/blogger-image--449425419.jpg\",\"articleSection\":[\"bilder\",\"kyrko\u00e5ret\"],\"inLanguage\":\"sv-SE\",\"potentialAction\":[{\"@type\":\"CommentAction\",\"name\":\"Comment\",\"target\":[\"https:\/\/blogg.svenskakyrkan.se\/vandravagen\/2013\/01\/14\/20dag-knut-julens-sista-dag-igar\/#respond\"]}]},{\"@type\":\"WebPage\",\"@id\":\"https:\/\/blogg.svenskakyrkan.se\/vandravagen\/2013\/01\/14\/20dag-knut-julens-sista-dag-igar\/\",\"url\":\"https:\/\/blogg.svenskakyrkan.se\/vandravagen\/2013\/01\/14\/20dag-knut-julens-sista-dag-igar\/\",\"name\":\"20dag knut, julens sista dag. Ig\u00e5r... - Vandra V\u00e4gen\",\"isPartOf\":{\"@id\":\"https:\/\/blogg.svenskakyrkan.se\/vandravagen\/#website\"},\"primaryImageOfPage\":{\"@id\":\"https:\/\/blogg.svenskakyrkan.se\/vandravagen\/2013\/01\/14\/20dag-knut-julens-sista-dag-igar\/#primaryimage\"},\"image\":{\"@id\":\"https:\/\/blogg.svenskakyrkan.se\/vandravagen\/2013\/01\/14\/20dag-knut-julens-sista-dag-igar\/#primaryimage\"},\"thumbnailUrl\":\"https:\/\/lh4.googleusercontent.com\/-LT7c6oynapA\/UOW9D9WX3PI\/AAAAAAAABmk\/qeMD0j4LB0I\/s400\/blogger-image--449425419.jpg\",\"datePublished\":\"2013-01-14T18:00:00+00:00\",\"breadcrumb\":{\"@id\":\"https:\/\/blogg.svenskakyrkan.se\/vandravagen\/2013\/01\/14\/20dag-knut-julens-sista-dag-igar\/#breadcrumb\"},\"inLanguage\":\"sv-SE\",\"potentialAction\":[{\"@type\":\"ReadAction\",\"target\":[\"https:\/\/blogg.svenskakyrkan.se\/vandravagen\/2013\/01\/14\/20dag-knut-julens-sista-dag-igar\/\"]}]},{\"@type\":\"ImageObject\",\"inLanguage\":\"sv-SE\",\"@id\":\"https:\/\/blogg.svenskakyrkan.se\/vandravagen\/2013\/01\/14\/20dag-knut-julens-sista-dag-igar\/#primaryimage\",\"url\":\"https:\/\/lh4.googleusercontent.com\/-LT7c6oynapA\/UOW9D9WX3PI\/AAAAAAAABmk\/qeMD0j4LB0I\/s400\/blogger-image--449425419.jpg\",\"contentUrl\":\"https:\/\/lh4.googleusercontent.com\/-LT7c6oynapA\/UOW9D9WX3PI\/AAAAAAAABmk\/qeMD0j4LB0I\/s400\/blogger-image--449425419.jpg\"},{\"@type\":\"BreadcrumbList\",\"@id\":\"https:\/\/blogg.svenskakyrkan.se\/vandravagen\/2013\/01\/14\/20dag-knut-julens-sista-dag-igar\/#breadcrumb\",\"itemListElement\":[{\"@type\":\"ListItem\",\"position\":1,\"name\":\"Hem\",\"item\":\"https:\/\/blogg.svenskakyrkan.se\/vandravagen\/\"},{\"@type\":\"ListItem\",\"position\":2,\"name\":\"20dag knut, julens sista dag. Ig\u00e5r&#8230;\"}]},{\"@type\":\"WebSite\",\"@id\":\"https:\/\/blogg.svenskakyrkan.se\/vandravagen\/#website\",\"url\":\"https:\/\/blogg.svenskakyrkan.se\/vandravagen\/\",\"name\":\"Vandra V\u00e4gen\",\"description\":\"-Mot en tro f\u00f6r hela livet\",\"publisher\":{\"@id\":\"https:\/\/blogg.svenskakyrkan.se\/vandravagen\/#organization\"},\"potentialAction\":[{\"@type\":\"SearchAction\",\"target\":{\"@type\":\"EntryPoint\",\"urlTemplate\":\"https:\/\/blogg.svenskakyrkan.se\/vandravagen\/?s={search_term_string}\"},\"query-input\":{\"@type\":\"PropertyValueSpecification\",\"valueRequired\":true,\"valueName\":\"search_term_string\"}}],\"inLanguage\":\"sv-SE\"},{\"@type\":\"Organization\",\"@id\":\"https:\/\/blogg.svenskakyrkan.se\/vandravagen\/#organization\",\"name\":\"ulricehamns pastorat\",\"alternateName\":\"ulricehamns pastorat\",\"url\":\"https:\/\/blogg.svenskakyrkan.se\/vandravagen\/\",\"logo\":{\"@type\":\"ImageObject\",\"inLanguage\":\"sv-SE\",\"@id\":\"https:\/\/blogg.svenskakyrkan.se\/vandravagen\/#\/schema\/logo\/image\/\",\"url\":\"https:\/\/blogg.svenskakyrkan.se\/vandravagen\/files\/2023\/05\/Ulr_logo_RGB.png\",\"contentUrl\":\"https:\/\/blogg.svenskakyrkan.se\/vandravagen\/files\/2023\/05\/Ulr_logo_RGB.png\",\"width\":205,\"height\":77,\"caption\":\"ulricehamns pastorat\"},\"image\":{\"@id\":\"https:\/\/blogg.svenskakyrkan.se\/vandravagen\/#\/schema\/logo\/image\/\"},\"sameAs\":[\"http:\/\/facebook.com\/vandravagen\",\"https:\/\/x.com\/fadertomas\",\"http:\/\/www.facebook.com\/svenskakyrkaniulricehamn\"]},{\"@type\":\"Person\",\"@id\":\"https:\/\/blogg.svenskakyrkan.se\/vandravagen\/#\/schema\/person\/25da02d4f76b137d04291711e2c9fc16\",\"name\":\"Tomas Jarvid\",\"image\":{\"@type\":\"ImageObject\",\"inLanguage\":\"sv-SE\",\"@id\":\"https:\/\/blogg.svenskakyrkan.se\/vandravagen\/#\/schema\/person\/image\/\",\"url\":\"https:\/\/secure.gravatar.com\/avatar\/7fa71899795e8f540f615a1f5ab25255dc27aa40f05ee7ddd21aac521e01bf50?s=96&d=identicon&r=g\",\"contentUrl\":\"https:\/\/secure.gravatar.com\/avatar\/7fa71899795e8f540f615a1f5ab25255dc27aa40f05ee7ddd21aac521e01bf50?s=96&d=identicon&r=g\",\"caption\":\"Tomas Jarvid\"},\"description\":\"Jag bor i Ulricehamn i V\u00e4sterg\u00f6tland och \u00e4r f\u00f6rsamlingspr\u00e4st i Svenska Kyrkan f\u00f6r Dalstorps f\u00f6rsamling i Kinds pastorat. P\u00e5 den h\u00e4r bloggen skriver jag ner tankar om vandringen som kristen.\",\"sameAs\":[\"http:\/\/www.vandravagen.se\"],\"url\":\"https:\/\/blogg.svenskakyrkan.se\/vandravagen\/author\/vandravagen\/\"}]}<\/script>\n<!-- \/ Yoast SEO plugin. -->","yoast_head_json":{"title":"20dag knut, julens sista dag. Ig\u00e5r... - Vandra V\u00e4gen","robots":{"index":"index","follow":"follow","max-snippet":"max-snippet:-1","max-image-preview":"max-image-preview:large","max-video-preview":"max-video-preview:-1"},"canonical":"https:\/\/blogg.svenskakyrkan.se\/vandravagen\/2013\/01\/14\/20dag-knut-julens-sista-dag-igar\/","og_locale":"sv_SE","og_type":"article","og_title":"20dag knut, julens sista dag. Ig\u00e5r... - Vandra V\u00e4gen","og_description":"Jag har delat en hel del jultankar under veckorna som g\u00e5tt. Nu s\u00e4gs det ju att julen tar slut idag (ig\u00e5r. Suck. S\u00e5 blir det n\u00e4r man skriver i f\u00f6rv\u00e4g och sedan gl\u00f6mmer) men till n\u00e4sta \u00e5r igen kommer den v\u00e5r gamle v\u00e4n och d\u00e5 blir det s\u00e4kert mer julteologi och annat p\u00e5 bloggen om [&hellip;]","og_url":"https:\/\/blogg.svenskakyrkan.se\/vandravagen\/2013\/01\/14\/20dag-knut-julens-sista-dag-igar\/","og_site_name":"Vandra V\u00e4gen","article_publisher":"http:\/\/facebook.com\/vandravagen","article_published_time":"2013-01-14T18:00:00+00:00","og_image":[{"url":"https:\/\/lh4.googleusercontent.com\/-LT7c6oynapA\/UOW9D9WX3PI\/AAAAAAAABmk\/qeMD0j4LB0I\/s400\/blogger-image--449425419.jpg","type":"","width":"","height":""}],"author":"Tomas Jarvid","twitter_card":"summary_large_image","twitter_creator":"@fadertomas","twitter_site":"@fadertomas","twitter_misc":{"Skriven av":"Tomas Jarvid","Ber\u00e4knad l\u00e4stid":"1 minut"},"schema":{"@context":"https:\/\/schema.org","@graph":[{"@type":"Article","@id":"https:\/\/blogg.svenskakyrkan.se\/vandravagen\/2013\/01\/14\/20dag-knut-julens-sista-dag-igar\/#article","isPartOf":{"@id":"https:\/\/blogg.svenskakyrkan.se\/vandravagen\/2013\/01\/14\/20dag-knut-julens-sista-dag-igar\/"},"author":{"name":"Tomas Jarvid","@id":"https:\/\/blogg.svenskakyrkan.se\/vandravagen\/#\/schema\/person\/25da02d4f76b137d04291711e2c9fc16"},"headline":"20dag knut, julens sista dag. Ig\u00e5r&#8230;","datePublished":"2013-01-14T18:00:00+00:00","mainEntityOfPage":{"@id":"https:\/\/blogg.svenskakyrkan.se\/vandravagen\/2013\/01\/14\/20dag-knut-julens-sista-dag-igar\/"},"wordCount":202,"commentCount":0,"publisher":{"@id":"https:\/\/blogg.svenskakyrkan.se\/vandravagen\/#organization"},"image":{"@id":"https:\/\/blogg.svenskakyrkan.se\/vandravagen\/2013\/01\/14\/20dag-knut-julens-sista-dag-igar\/#primaryimage"},"thumbnailUrl":"https:\/\/lh4.googleusercontent.com\/-LT7c6oynapA\/UOW9D9WX3PI\/AAAAAAAABmk\/qeMD0j4LB0I\/s400\/blogger-image--449425419.jpg","articleSection":["bilder","kyrko\u00e5ret"],"inLanguage":"sv-SE","potentialAction":[{"@type":"CommentAction","name":"Comment","target":["https:\/\/blogg.svenskakyrkan.se\/vandravagen\/2013\/01\/14\/20dag-knut-julens-sista-dag-igar\/#respond"]}]},{"@type":"WebPage","@id":"https:\/\/blogg.svenskakyrkan.se\/vandravagen\/2013\/01\/14\/20dag-knut-julens-sista-dag-igar\/","url":"https:\/\/blogg.svenskakyrkan.se\/vandravagen\/2013\/01\/14\/20dag-knut-julens-sista-dag-igar\/","name":"20dag knut, julens sista dag. Ig\u00e5r... - Vandra V\u00e4gen","isPartOf":{"@id":"https:\/\/blogg.svenskakyrkan.se\/vandravagen\/#website"},"primaryImageOfPage":{"@id":"https:\/\/blogg.svenskakyrkan.se\/vandravagen\/2013\/01\/14\/20dag-knut-julens-sista-dag-igar\/#primaryimage"},"image":{"@id":"https:\/\/blogg.svenskakyrkan.se\/vandravagen\/2013\/01\/14\/20dag-knut-julens-sista-dag-igar\/#primaryimage"},"thumbnailUrl":"https:\/\/lh4.googleusercontent.com\/-LT7c6oynapA\/UOW9D9WX3PI\/AAAAAAAABmk\/qeMD0j4LB0I\/s400\/blogger-image--449425419.jpg","datePublished":"2013-01-14T18:00:00+00:00","breadcrumb":{"@id":"https:\/\/blogg.svenskakyrkan.se\/vandravagen\/2013\/01\/14\/20dag-knut-julens-sista-dag-igar\/#breadcrumb"},"inLanguage":"sv-SE","potentialAction":[{"@type":"ReadAction","target":["https:\/\/blogg.svenskakyrkan.se\/vandravagen\/2013\/01\/14\/20dag-knut-julens-sista-dag-igar\/"]}]},{"@type":"ImageObject","inLanguage":"sv-SE","@id":"https:\/\/blogg.svenskakyrkan.se\/vandravagen\/2013\/01\/14\/20dag-knut-julens-sista-dag-igar\/#primaryimage","url":"https:\/\/lh4.googleusercontent.com\/-LT7c6oynapA\/UOW9D9WX3PI\/AAAAAAAABmk\/qeMD0j4LB0I\/s400\/blogger-image--449425419.jpg","contentUrl":"https:\/\/lh4.googleusercontent.com\/-LT7c6oynapA\/UOW9D9WX3PI\/AAAAAAAABmk\/qeMD0j4LB0I\/s400\/blogger-image--449425419.jpg"},{"@type":"BreadcrumbList","@id":"https:\/\/blogg.svenskakyrkan.se\/vandravagen\/2013\/01\/14\/20dag-knut-julens-sista-dag-igar\/#breadcrumb","itemListElement":[{"@type":"ListItem","position":1,"name":"Hem","item":"https:\/\/blogg.svenskakyrkan.se\/vandravagen\/"},{"@type":"ListItem","position":2,"name":"20dag knut, julens sista dag. Ig\u00e5r&#8230;"}]},{"@type":"WebSite","@id":"https:\/\/blogg.svenskakyrkan.se\/vandravagen\/#website","url":"https:\/\/blogg.svenskakyrkan.se\/vandravagen\/","name":"Vandra V\u00e4gen","description":"-Mot en tro f\u00f6r hela livet","publisher":{"@id":"https:\/\/blogg.svenskakyrkan.se\/vandravagen\/#organization"},"potentialAction":[{"@type":"SearchAction","target":{"@type":"EntryPoint","urlTemplate":"https:\/\/blogg.svenskakyrkan.se\/vandravagen\/?s={search_term_string}"},"query-input":{"@type":"PropertyValueSpecification","valueRequired":true,"valueName":"search_term_string"}}],"inLanguage":"sv-SE"},{"@type":"Organization","@id":"https:\/\/blogg.svenskakyrkan.se\/vandravagen\/#organization","name":"ulricehamns pastorat","alternateName":"ulricehamns pastorat","url":"https:\/\/blogg.svenskakyrkan.se\/vandravagen\/","logo":{"@type":"ImageObject","inLanguage":"sv-SE","@id":"https:\/\/blogg.svenskakyrkan.se\/vandravagen\/#\/schema\/logo\/image\/","url":"https:\/\/blogg.svenskakyrkan.se\/vandravagen\/files\/2023\/05\/Ulr_logo_RGB.png","contentUrl":"https:\/\/blogg.svenskakyrkan.se\/vandravagen\/files\/2023\/05\/Ulr_logo_RGB.png","width":205,"height":77,"caption":"ulricehamns pastorat"},"image":{"@id":"https:\/\/blogg.svenskakyrkan.se\/vandravagen\/#\/schema\/logo\/image\/"},"sameAs":["http:\/\/facebook.com\/vandravagen","https:\/\/x.com\/fadertomas","http:\/\/www.facebook.com\/svenskakyrkaniulricehamn"]},{"@type":"Person","@id":"https:\/\/blogg.svenskakyrkan.se\/vandravagen\/#\/schema\/person\/25da02d4f76b137d04291711e2c9fc16","name":"Tomas Jarvid","image":{"@type":"ImageObject","inLanguage":"sv-SE","@id":"https:\/\/blogg.svenskakyrkan.se\/vandravagen\/#\/schema\/person\/image\/","url":"https:\/\/secure.gravatar.com\/avatar\/7fa71899795e8f540f615a1f5ab25255dc27aa40f05ee7ddd21aac521e01bf50?s=96&d=identicon&r=g","contentUrl":"https:\/\/secure.gravatar.com\/avatar\/7fa71899795e8f540f615a1f5ab25255dc27aa40f05ee7ddd21aac521e01bf50?s=96&d=identicon&r=g","caption":"Tomas Jarvid"},"description":"Jag bor i Ulricehamn i V\u00e4sterg\u00f6tland och \u00e4r f\u00f6rsamlingspr\u00e4st i Svenska Kyrkan f\u00f6r Dalstorps f\u00f6rsamling i Kinds pastorat. P\u00e5 den h\u00e4r bloggen skriver jag ner tankar om vandringen som kristen.","sameAs":["http:\/\/www.vandravagen.se"],"url":"https:\/\/blogg.svenskakyrkan.se\/vandravagen\/author\/vandravagen\/"}]}},"author_meta":{"ID":"392","user_nicename":"vandravagen","user_url":"http:\/\/www.vandravagen.se","user_registered":"2014-05-19 05:44:52","display_name":"Tomas Jarvid","first_name":"Tomas","last_name":"Jarvid","avatar":"https:\/\/secure.gravatar.com\/avatar\/7fa71899795e8f540f615a1f5ab25255dc27aa40f05ee7ddd21aac521e01bf50?s=96&d=identicon&r=g"},"featured_image":false,"bloginfo":{"name":"Vandra V\u00e4gen","url":"https:\/\/blogg.svenskakyrkan.se\/vandravagen"},"_links":{"self":[{"href":"https:\/\/blogg.svenskakyrkan.se\/vandravagen\/wp-json\/wp\/v2\/posts\/765","targetHints":{"allow":["GET"]}}],"collection":[{"href":"https:\/\/blogg.svenskakyrkan.se\/vandravagen\/wp-json\/wp\/v2\/posts"}],"about":[{"href":"https:\/\/blogg.svenskakyrkan.se\/vandravagen\/wp-json\/wp\/v2\/types\/post"}],"author":[{"embeddable":true,"href":"https:\/\/blogg.svenskakyrkan.se\/vandravagen\/wp-json\/wp\/v2\/users\/392"}],"replies":[{"embeddable":true,"href":"https:\/\/blogg.svenskakyrkan.se\/vandravagen\/wp-json\/wp\/v2\/comments?post=765"}],"version-history":[{"count":0,"href":"https:\/\/blogg.svenskakyrkan.se\/vandravagen\/wp-json\/wp\/v2\/posts\/765\/revisions"}],"wp:attachment":[{"href":"https:\/\/blogg.svenskakyrkan.se\/vandravagen\/wp-json\/wp\/v2\/media?parent=765"}],"wp:term":[{"taxonomy":"category","embeddable":true,"href":"https:\/\/blogg.svenskakyrkan.se\/vandravagen\/wp-json\/wp\/v2\/categories?post=765"},{"taxonomy":"post_tag","embeddable":true,"href":"https:\/\/blogg.svenskakyrkan.se\/vandravagen\/wp-json\/wp\/v2\/tags?post=765"}],"curies":[{"name":"wp","href":"https:\/\/api.w.org\/{rel}","templated":true}]}}