{"id":766,"date":"2013-01-14T08:59:00","date_gmt":"2013-01-14T07:59:00","guid":{"rendered":"http:\/\/blogg.svenskakyrkan.se\/vandravagen\/2013\/01\/14\/veckans-favorittweets-10\/"},"modified":"2013-01-14T08:59:00","modified_gmt":"2013-01-14T07:59:00","slug":"veckans-favorittweets-10","status":"publish","type":"post","link":"https:\/\/blogg.svenskakyrkan.se\/vandravagen\/2013\/01\/14\/veckans-favorittweets-10\/","title":{"rendered":"Veckans favorittweets"},"content":{"rendered":"<p>Verkar som att jag tappat greppet om veckodagarna mitt i f\u00f6r\u00e4ldraledigheten och alla helger. L\u00e4nkarna samlade jag p\u00e5 fredagen och ig\u00e5r blev det f\u00f6r sent f\u00f6r att jag skulle tycka det var l\u00f6nt att posta favotittweetsen. Nu \u00e4r det i alla fall dags. Som vanligt lite av varje, fromt, klokt och roligt. Vars\u00e5goda.<\/p>\n<p>Det blir i lite blandad ordning. F\u00f6rst allm\u00e4nna t\u00e4nkv\u00e4rdheter, sedan n\u00e5gra fromma dito, sedan fler allm\u00e4nna och sist bara trams. Tror det \u00e4r det s\u00e4kraste s\u00e4ttet att se till att ni orkar igenom hela listan?<\/p>\n<div><\/div>\n<div>Klokheter:<\/div>\n<div><\/div>\n<div><a href=\"http:\/\/2.bp.blogspot.com\/-Qx9guipWGOM\/UPMqH_mPamI\/AAAAAAAABsk\/0McArnvwpGI\/s1600\/12.jpg\"><img loading=\"lazy\" decoding=\"async\" border=\"0\" height=\"117\" src=\"http:\/\/2.bp.blogspot.com\/-Qx9guipWGOM\/UPMqH_mPamI\/AAAAAAAABsk\/0McArnvwpGI\/s400\/12.jpg\" width=\"400\"><\/a><\/div>\n<div><\/div>\n<\/p>\n<div><a href=\"http:\/\/2.bp.blogspot.com\/-U5MaRX6NzLg\/UPMqH3fpAEI\/AAAAAAAABso\/uVPxaLpjyyY\/s1600\/1.jpg\"><img loading=\"lazy\" decoding=\"async\" border=\"0\" height=\"111\" src=\"http:\/\/2.bp.blogspot.com\/-U5MaRX6NzLg\/UPMqH3fpAEI\/AAAAAAAABso\/uVPxaLpjyyY\/s400\/1.jpg\" width=\"400\"><\/a><\/div>\n<div><\/div>\n<div><\/div>\n<div><a href=\"http:\/\/3.bp.blogspot.com\/-Ap2GyV_A4vo\/UPMqIrRWM4I\/AAAAAAAABsw\/Orm4kUFJuMs\/s1600\/21.jpg\"><img loading=\"lazy\" decoding=\"async\" border=\"0\" height=\"120\" src=\"http:\/\/3.bp.blogspot.com\/-Ap2GyV_A4vo\/UPMqIrRWM4I\/AAAAAAAABsw\/Orm4kUFJuMs\/s400\/21.jpg\" width=\"400\"><\/a><\/div>\n<div><\/div>\n<div><\/div>\n<div><a href=\"http:\/\/1.bp.blogspot.com\/-2elyVq5CiTM\/UPMqJ6o9TDI\/AAAAAAAABtM\/-33rugPR0ZI\/s1600\/43.jpg\"><img loading=\"lazy\" decoding=\"async\" border=\"0\" height=\"102\" src=\"http:\/\/1.bp.blogspot.com\/-2elyVq5CiTM\/UPMqJ6o9TDI\/AAAAAAAABtM\/-33rugPR0ZI\/s400\/43.jpg\" width=\"400\"><\/a><\/div>\n<div><\/div>\n<div><\/div>\n<div><a href=\"http:\/\/4.bp.blogspot.com\/-sIuJuIaca1Q\/UPMqKdC9TZI\/AAAAAAAABtQ\/a9IugPnhfss\/s1600\/56.jpg\"><img loading=\"lazy\" decoding=\"async\" border=\"0\" height=\"98\" src=\"http:\/\/4.bp.blogspot.com\/-sIuJuIaca1Q\/UPMqKdC9TZI\/AAAAAAAABtQ\/a9IugPnhfss\/s400\/56.jpg\" width=\"400\"><\/a><\/div>\n<div><\/div>\n<div><a href=\"http:\/\/1.bp.blogspot.com\/-vB8YcVYypsU\/UPMqKsmIp6I\/AAAAAAAABtc\/PX6jFA5o0Kw\/s1600\/45.jpg\"><img loading=\"lazy\" decoding=\"async\" border=\"0\" height=\"90\" src=\"http:\/\/1.bp.blogspot.com\/-vB8YcVYypsU\/UPMqKsmIp6I\/AAAAAAAABtc\/PX6jFA5o0Kw\/s400\/45.jpg\" width=\"400\"><\/a><\/div>\n<div><\/div>\n<div><\/div>\n<div><a href=\"http:\/\/4.bp.blogspot.com\/-NA27T_u2BqE\/UPMqNCHu3FI\/AAAAAAAABuA\/jjXY-aLjTJs\/s1600\/89.jpg\"><img loading=\"lazy\" decoding=\"async\" border=\"0\" height=\"100\" src=\"http:\/\/4.bp.blogspot.com\/-NA27T_u2BqE\/UPMqNCHu3FI\/AAAAAAAABuA\/jjXY-aLjTJs\/s400\/89.jpg\" width=\"400\"><\/a><\/div>\n<div><\/div>\n<div>Extra eloge till Elias som tagit som m\u00e5ls\u00e4ttning att ta sig in h\u00e4r varje vecka. Vi f\u00e5r v\u00e4l se&#8230;<\/div>\n<div><\/div>\n<div><\/div>\n<div>\u00a0Fromma:<\/div>\n<div><\/div>\n<div><a href=\"http:\/\/2.bp.blogspot.com\/-ad2fs1xgwL0\/UPMqH7qoWpI\/AAAAAAAABss\/KIG6LMzSVcA\/s1600\/09.jpg\"><img loading=\"lazy\" decoding=\"async\" border=\"0\" height=\"114\" src=\"http:\/\/2.bp.blogspot.com\/-ad2fs1xgwL0\/UPMqH7qoWpI\/AAAAAAAABss\/KIG6LMzSVcA\/s400\/09.jpg\" width=\"400\"><\/a><\/div>\n<div><a href=\"http:\/\/3.bp.blogspot.com\/-PHE4cWuhprQ\/UPMqJDx1jHI\/AAAAAAAABs0\/b2UiTnpaH74\/s1600\/23.jpg\"><img loading=\"lazy\" decoding=\"async\" border=\"0\" height=\"103\" src=\"http:\/\/3.bp.blogspot.com\/-PHE4cWuhprQ\/UPMqJDx1jHI\/AAAAAAAABs0\/b2UiTnpaH74\/s400\/23.jpg\" width=\"400\"><\/a><\/div>\n<div><\/div>\n<\/p>\n<div><a href=\"http:\/\/4.bp.blogspot.com\/-8qjZoivhHQk\/UPMqLYSCmTI\/AAAAAAAABtg\/m-1kF2fepjI\/s1600\/76.jpg\"><img loading=\"lazy\" decoding=\"async\" border=\"0\" height=\"101\" src=\"http:\/\/4.bp.blogspot.com\/-8qjZoivhHQk\/UPMqLYSCmTI\/AAAAAAAABtg\/m-1kF2fepjI\/s400\/76.jpg\" width=\"400\"><\/a><\/div>\n<div><\/div>\n<div><\/div>\n<div><a href=\"http:\/\/2.bp.blogspot.com\/-XWJNOudAASk\/UPMqQ806LkI\/AAAAAAAABvQ\/O8a73aDHZS4\/s1600\/un.jpg\"><img loading=\"lazy\" decoding=\"async\" border=\"0\" height=\"121\" src=\"http:\/\/2.bp.blogspot.com\/-XWJNOudAASk\/UPMqQ806LkI\/AAAAAAAABvQ\/O8a73aDHZS4\/s400\/un.jpg\" width=\"400\"><\/a><\/div>\n<div>Glad att gamle Natanael Beskow hittat till twitter, alltid klokt och kontot anv\u00e4nds p\u00e5 ett f\u00f6red\u00f6mligt allm\u00e4nbildande s\u00e4tt.<\/div>\n<div><\/div>\n<div><a href=\"http:\/\/1.bp.blogspot.com\/-tTzB0S0AJK0\/UPMqPxzvjJI\/AAAAAAAABu4\/wjQkh_yjfQs\/s1600\/ui.jpg\"><img loading=\"lazy\" decoding=\"async\" border=\"0\" height=\"92\" src=\"http:\/\/1.bp.blogspot.com\/-tTzB0S0AJK0\/UPMqPxzvjJI\/AAAAAAAABu4\/wjQkh_yjfQs\/s400\/ui.jpg\" width=\"400\"><\/a><\/div>\n<div><\/div>\n<\/p>\n<div><a href=\"http:\/\/1.bp.blogspot.com\/-FMwkTs3Tzy4\/UPMqLezoBfI\/AAAAAAAABto\/0J2hs8IrI0I\/s1600\/65.jpg\"><img loading=\"lazy\" decoding=\"async\" border=\"0\" height=\"97\" src=\"http:\/\/1.bp.blogspot.com\/-FMwkTs3Tzy4\/UPMqLezoBfI\/AAAAAAAABto\/0J2hs8IrI0I\/s400\/65.jpg\" width=\"400\"><\/a><\/div>\n<div>Det \u00e4r allts\u00e5 inte alls bara ateister som noterat att den f\u00f6rest\u00e4llning vi har om Gud s\u00e4llan \u00e4r helt&#8230;objektiv.<\/div>\n<div>Tur att:<\/div>\n<div><a href=\"http:\/\/2.bp.blogspot.com\/-poPEpFPJJPs\/UPMqN9sNL-I\/AAAAAAAABuQ\/1m1cHaojbE4\/s1600\/90.jpg\"><img loading=\"lazy\" decoding=\"async\" border=\"0\" height=\"119\" src=\"http:\/\/2.bp.blogspot.com\/-poPEpFPJJPs\/UPMqN9sNL-I\/AAAAAAAABuQ\/1m1cHaojbE4\/s400\/90.jpg\" width=\"400\"><\/a><\/div>\n<\/p>\n<div>&#8230;Gud kan uppenbara sig och splittra v\u00e5ra bilder.<\/div>\n<div><\/div>\n<div><\/div>\n<\/p>\n<div><a href=\"http:\/\/1.bp.blogspot.com\/-lXO7kjq-heM\/UPMqMY30ZVI\/AAAAAAAABt0\/9Qi_yjImmds\/s1600\/78.jpg\"><img loading=\"lazy\" decoding=\"async\" border=\"0\" height=\"105\" src=\"http:\/\/1.bp.blogspot.com\/-lXO7kjq-heM\/UPMqMY30ZVI\/AAAAAAAABt0\/9Qi_yjImmds\/s400\/78.jpg\" width=\"400\"><\/a><\/div>\n<div><\/div>\n<div><\/div>\n<div><a href=\"http:\/\/3.bp.blogspot.com\/-WsNBs6GZaxw\/UPMqMR1HErI\/AAAAAAAABt4\/UqOoyWp0yAY\/s1600\/87.jpg\"><img loading=\"lazy\" decoding=\"async\" border=\"0\" height=\"118\" src=\"http:\/\/3.bp.blogspot.com\/-WsNBs6GZaxw\/UPMqMR1HErI\/AAAAAAAABt4\/UqOoyWp0yAY\/s400\/87.jpg\" width=\"400\"><\/a><\/div>\n<div>Fr\u00e5n koffeinistevangeliet&#8230;<\/div>\n<div><\/div>\n<div><a href=\"http:\/\/4.bp.blogspot.com\/-wjjLFaWXG-c\/UPMqOJQ7hCI\/AAAAAAAABuI\/eRlWOtnvwcs\/s1600\/98.jpg\"><img loading=\"lazy\" decoding=\"async\" border=\"0\" height=\"89\" src=\"http:\/\/4.bp.blogspot.com\/-wjjLFaWXG-c\/UPMqOJQ7hCI\/AAAAAAAABuI\/eRlWOtnvwcs\/s400\/98.jpg\" width=\"400\"><\/a><\/div>\n<div><\/div>\n<div><\/div>\n<div><\/div>\n<div>Allm\u00e4nt kloka igen:<\/div>\n<div><a href=\"http:\/\/3.bp.blogspot.com\/-R_LLQzExFiI\/UPMqONI1PvI\/AAAAAAAABuU\/Rr8tK1N47wM\/s1600\/cf.jpg\"><img loading=\"lazy\" decoding=\"async\" border=\"0\" height=\"103\" src=\"http:\/\/3.bp.blogspot.com\/-R_LLQzExFiI\/UPMqONI1PvI\/AAAAAAAABuU\/Rr8tK1N47wM\/s400\/cf.jpg\" width=\"400\"><\/a><\/div>\n<\/p>\n<div><a href=\"http:\/\/1.bp.blogspot.com\/-87URnVcqWNI\/UPMqPBcg0SI\/AAAAAAAABug\/rpe9k4n8GhI\/s1600\/ub.jpg\"><img loading=\"lazy\" decoding=\"async\" border=\"0\" height=\"106\" src=\"http:\/\/1.bp.blogspot.com\/-87URnVcqWNI\/UPMqPBcg0SI\/AAAAAAAABug\/rpe9k4n8GhI\/s400\/ub.jpg\" width=\"400\"><\/a><\/div>\n<\/p>\n<div><a href=\"http:\/\/2.bp.blogspot.com\/-XkxCHEc6JjY\/UPMqPATITRI\/AAAAAAAABuk\/Gt534HLZ660\/s1600\/uc.jpg\"><img loading=\"lazy\" decoding=\"async\" border=\"0\" height=\"125\" src=\"http:\/\/2.bp.blogspot.com\/-XkxCHEc6JjY\/UPMqPATITRI\/AAAAAAAABuk\/Gt534HLZ660\/s400\/uc.jpg\" width=\"400\"><\/a><\/div>\n<div><\/div>\n<div>I sp\u00e5ren av Centerpartiets ideprogram har det twittrats en del om m\u00e5nggifte. Efter en artikel jag l\u00e4ste om en mormonkvinnas lidande i en s\u00e5dan familj, och efter att ha iakttagit hur sv\u00e5rt det blir f\u00f6r precis varenda en inblandad i m\u00e5nggiftiga familjer i bibeln s\u00e5 \u00e4r jag tvekl\u00f6st emot. H\u00e4r kommer n\u00e5gra kloka tankar fr\u00e5n Max tweets.<\/div>\n<\/p>\n<div><a href=\"http:\/\/2.bp.blogspot.com\/-Gg-oLDqy80k\/UPMrEQinBvI\/AAAAAAAABwE\/Irxp1YAzXQc\/s1600\/54.jpg\"><img loading=\"lazy\" decoding=\"async\" border=\"0\" height=\"400\" src=\"http:\/\/2.bp.blogspot.com\/-Gg-oLDqy80k\/UPMrEQinBvI\/AAAAAAAABwE\/Irxp1YAzXQc\/s400\/54.jpg\" width=\"326\"><\/a><\/div>\n<div><\/div>\n<div>Och det h\u00e4r, det \u00e4r verkligen visdom!<\/div>\n<div><\/div>\n<div><a href=\"http:\/\/4.bp.blogspot.com\/-nwExbVlxPrs\/UPMqRpOfM_I\/AAAAAAAABvY\/lktehypGalY\/s1600\/uo%CC%88.jpg\"><img loading=\"lazy\" decoding=\"async\" border=\"0\" height=\"107\" src=\"http:\/\/4.bp.blogspot.com\/-nwExbVlxPrs\/UPMqRpOfM_I\/AAAAAAAABvY\/lktehypGalY\/s400\/uo%CC%88.jpg\" width=\"400\"><\/a><\/div>\n<div><\/div>\n<div><\/div>\n<div><\/div>\n<div>Ok. Det var det. Har du l\u00e4st alla eller scrollade du direkt ner till:<\/div>\n<div><\/div>\n<div>Roliga tweets:<\/div>\n<div><\/div>\n<\/p>\n<div><a href=\"http:\/\/2.bp.blogspot.com\/-BgtVCXpPmfI\/UPMqQILBWsI\/AAAAAAAABvA\/i3ZwQsp-8sg\/s1600\/um.jpg\"><img loading=\"lazy\" decoding=\"async\" border=\"0\" height=\"99\" src=\"http:\/\/2.bp.blogspot.com\/-BgtVCXpPmfI\/UPMqQILBWsI\/AAAAAAAABvA\/i3ZwQsp-8sg\/s400\/um.jpg\" width=\"400\"><\/a><\/div>\n<div><a href=\"http:\/\/1.bp.blogspot.com\/-zeu8lQNCXZM\/UPMqSWHbH3I\/AAAAAAAABvw\/-wh8h0anXSo\/s1600\/ur.jpg\"><img loading=\"lazy\" decoding=\"async\" border=\"0\" height=\"128\" src=\"http:\/\/1.bp.blogspot.com\/-zeu8lQNCXZM\/UPMqSWHbH3I\/AAAAAAAABvw\/-wh8h0anXSo\/s400\/ur.jpg\" width=\"400\"><\/a><\/div>\n<\/p>\n<div><\/div>\n<div><a href=\"http:\/\/2.bp.blogspot.com\/-kaGEfWQZxyk\/UPMqQNvdqbI\/AAAAAAAABvE\/nDnBHJERbL0\/s1600\/uj.jpg\"><img loading=\"lazy\" decoding=\"async\" border=\"0\" height=\"125\" src=\"http:\/\/2.bp.blogspot.com\/-kaGEfWQZxyk\/UPMqQNvdqbI\/AAAAAAAABvE\/nDnBHJERbL0\/s400\/uj.jpg\" width=\"400\"><\/a><\/div>\n<\/p>\n<div><a href=\"http:\/\/1.bp.blogspot.com\/-2FCiCpXmGFc\/UPMqSaGaRMI\/AAAAAAAABvs\/C4hB2ozYA4Y\/s1600\/up.jpg\"><img loading=\"lazy\" decoding=\"async\" border=\"0\" height=\"140\" src=\"http:\/\/1.bp.blogspot.com\/-2FCiCpXmGFc\/UPMqSaGaRMI\/AAAAAAAABvs\/C4hB2ozYA4Y\/s400\/up.jpg\" width=\"400\"><\/a><\/div>\n<div><\/div>\n<div><a href=\"http:\/\/3.bp.blogspot.com\/-3nP3iv6YMcE\/UPMqRVTmZII\/AAAAAAAABvU\/Z-o7KhtCat8\/s1600\/uo.jpg\"><img loading=\"lazy\" decoding=\"async\" border=\"0\" height=\"101\" src=\"http:\/\/3.bp.blogspot.com\/-3nP3iv6YMcE\/UPMqRVTmZII\/AAAAAAAABvU\/Z-o7KhtCat8\/s400\/uo.jpg\" width=\"400\"><\/a><\/div>\n<div><\/div>\n<div>Veckans tweet f\u00e5r bli denna grymma kyrkordvits fr\u00e5n den ouppskattade pastorn:<\/div>\n<\/p>\n<div><a href=\"http:\/\/3.bp.blogspot.com\/-2ZL00I5y8Yc\/UPMqJI25rLI\/AAAAAAAABs4\/80hmpTWsCfU\/s1600\/34.jpg\"><img loading=\"lazy\" decoding=\"async\" border=\"0\" height=\"109\" src=\"http:\/\/3.bp.blogspot.com\/-2ZL00I5y8Yc\/UPMqJI25rLI\/AAAAAAAABs4\/80hmpTWsCfU\/s400\/34.jpg\" width=\"400\"><\/a><\/div><\/p>\n","protected":false},"excerpt":{"rendered":"<p>Verkar som att jag tappat greppet om veckodagarna mitt i f\u00f6r\u00e4ldraledigheten och alla helger. L\u00e4nkarna samlade jag p\u00e5 fredagen och ig\u00e5r blev det f\u00f6r sent f\u00f6r att jag skulle tycka det var l\u00f6nt att posta favotittweetsen. Nu \u00e4r det i alla fall dags. Som vanligt lite av varje, fromt, klokt och roligt. Vars\u00e5goda. Det blir [&hellip;]<\/p>\n","protected":false},"author":392,"featured_media":0,"comment_status":"open","ping_status":"open","sticky":false,"template":"","format":"standard","meta":{"_acf_changed":false,"footnotes":""},"categories":[76608],"tags":[],"class_list":["post-766","post","type-post","status-publish","format-standard","hentry","category-bloggen"],"acf":[],"yoast_head":"<!-- This site is optimized with the Yoast SEO plugin v27.1.1 - https:\/\/yoast.com\/product\/yoast-seo-wordpress\/ -->\n<title>Veckans favorittweets - Vandra V\u00e4gen<\/title>\n<meta name=\"robots\" content=\"index, follow, max-snippet:-1, max-image-preview:large, max-video-preview:-1\" \/>\n<link rel=\"canonical\" href=\"https:\/\/blogg.svenskakyrkan.se\/vandravagen\/2013\/01\/14\/veckans-favorittweets-10\/\" \/>\n<meta property=\"og:locale\" content=\"sv_SE\" \/>\n<meta property=\"og:type\" content=\"article\" \/>\n<meta property=\"og:title\" content=\"Veckans favorittweets - Vandra V\u00e4gen\" \/>\n<meta property=\"og:description\" content=\"Verkar som att jag tappat greppet om veckodagarna mitt i f\u00f6r\u00e4ldraledigheten och alla helger. L\u00e4nkarna samlade jag p\u00e5 fredagen och ig\u00e5r blev det f\u00f6r sent f\u00f6r att jag skulle tycka det var l\u00f6nt att posta favotittweetsen. Nu \u00e4r det i alla fall dags. Som vanligt lite av varje, fromt, klokt och roligt. Vars\u00e5goda. Det blir [&hellip;]\" \/>\n<meta property=\"og:url\" content=\"https:\/\/blogg.svenskakyrkan.se\/vandravagen\/2013\/01\/14\/veckans-favorittweets-10\/\" \/>\n<meta property=\"og:site_name\" content=\"Vandra V\u00e4gen\" \/>\n<meta property=\"article:publisher\" content=\"http:\/\/facebook.com\/vandravagen\" \/>\n<meta property=\"article:published_time\" content=\"2013-01-14T07:59:00+00:00\" \/>\n<meta property=\"og:image\" content=\"http:\/\/2.bp.blogspot.com\/-Qx9guipWGOM\/UPMqH_mPamI\/AAAAAAAABsk\/0McArnvwpGI\/s400\/12.jpg\" \/>\n<meta name=\"author\" content=\"Tomas Jarvid\" \/>\n<meta name=\"twitter:card\" content=\"summary_large_image\" \/>\n<meta name=\"twitter:creator\" content=\"@fadertomas\" \/>\n<meta name=\"twitter:site\" content=\"@fadertomas\" \/>\n<meta name=\"twitter:label1\" content=\"Skriven av\" \/>\n\t<meta name=\"twitter:data1\" content=\"Tomas Jarvid\" \/>\n\t<meta name=\"twitter:label2\" content=\"Ber\u00e4knad l\u00e4stid\" \/>\n\t<meta name=\"twitter:data2\" content=\"2 minuter\" \/>\n<script type=\"application\/ld+json\" class=\"yoast-schema-graph\">{\"@context\":\"https:\/\/schema.org\",\"@graph\":[{\"@type\":\"Article\",\"@id\":\"https:\/\/blogg.svenskakyrkan.se\/vandravagen\/2013\/01\/14\/veckans-favorittweets-10\/#article\",\"isPartOf\":{\"@id\":\"https:\/\/blogg.svenskakyrkan.se\/vandravagen\/2013\/01\/14\/veckans-favorittweets-10\/\"},\"author\":{\"name\":\"Tomas Jarvid\",\"@id\":\"https:\/\/blogg.svenskakyrkan.se\/vandravagen\/#\/schema\/person\/25da02d4f76b137d04291711e2c9fc16\"},\"headline\":\"Veckans favorittweets\",\"datePublished\":\"2013-01-14T07:59:00+00:00\",\"mainEntityOfPage\":{\"@id\":\"https:\/\/blogg.svenskakyrkan.se\/vandravagen\/2013\/01\/14\/veckans-favorittweets-10\/\"},\"wordCount\":302,\"commentCount\":0,\"publisher\":{\"@id\":\"https:\/\/blogg.svenskakyrkan.se\/vandravagen\/#organization\"},\"image\":{\"@id\":\"https:\/\/blogg.svenskakyrkan.se\/vandravagen\/2013\/01\/14\/veckans-favorittweets-10\/#primaryimage\"},\"thumbnailUrl\":\"http:\/\/2.bp.blogspot.com\/-Qx9guipWGOM\/UPMqH_mPamI\/AAAAAAAABsk\/0McArnvwpGI\/s400\/12.jpg\",\"articleSection\":[\"bloggen\"],\"inLanguage\":\"sv-SE\",\"potentialAction\":[{\"@type\":\"CommentAction\",\"name\":\"Comment\",\"target\":[\"https:\/\/blogg.svenskakyrkan.se\/vandravagen\/2013\/01\/14\/veckans-favorittweets-10\/#respond\"]}]},{\"@type\":\"WebPage\",\"@id\":\"https:\/\/blogg.svenskakyrkan.se\/vandravagen\/2013\/01\/14\/veckans-favorittweets-10\/\",\"url\":\"https:\/\/blogg.svenskakyrkan.se\/vandravagen\/2013\/01\/14\/veckans-favorittweets-10\/\",\"name\":\"Veckans favorittweets - Vandra V\u00e4gen\",\"isPartOf\":{\"@id\":\"https:\/\/blogg.svenskakyrkan.se\/vandravagen\/#website\"},\"primaryImageOfPage\":{\"@id\":\"https:\/\/blogg.svenskakyrkan.se\/vandravagen\/2013\/01\/14\/veckans-favorittweets-10\/#primaryimage\"},\"image\":{\"@id\":\"https:\/\/blogg.svenskakyrkan.se\/vandravagen\/2013\/01\/14\/veckans-favorittweets-10\/#primaryimage\"},\"thumbnailUrl\":\"http:\/\/2.bp.blogspot.com\/-Qx9guipWGOM\/UPMqH_mPamI\/AAAAAAAABsk\/0McArnvwpGI\/s400\/12.jpg\",\"datePublished\":\"2013-01-14T07:59:00+00:00\",\"breadcrumb\":{\"@id\":\"https:\/\/blogg.svenskakyrkan.se\/vandravagen\/2013\/01\/14\/veckans-favorittweets-10\/#breadcrumb\"},\"inLanguage\":\"sv-SE\",\"potentialAction\":[{\"@type\":\"ReadAction\",\"target\":[\"https:\/\/blogg.svenskakyrkan.se\/vandravagen\/2013\/01\/14\/veckans-favorittweets-10\/\"]}]},{\"@type\":\"ImageObject\",\"inLanguage\":\"sv-SE\",\"@id\":\"https:\/\/blogg.svenskakyrkan.se\/vandravagen\/2013\/01\/14\/veckans-favorittweets-10\/#primaryimage\",\"url\":\"http:\/\/2.bp.blogspot.com\/-Qx9guipWGOM\/UPMqH_mPamI\/AAAAAAAABsk\/0McArnvwpGI\/s400\/12.jpg\",\"contentUrl\":\"http:\/\/2.bp.blogspot.com\/-Qx9guipWGOM\/UPMqH_mPamI\/AAAAAAAABsk\/0McArnvwpGI\/s400\/12.jpg\"},{\"@type\":\"BreadcrumbList\",\"@id\":\"https:\/\/blogg.svenskakyrkan.se\/vandravagen\/2013\/01\/14\/veckans-favorittweets-10\/#breadcrumb\",\"itemListElement\":[{\"@type\":\"ListItem\",\"position\":1,\"name\":\"Hem\",\"item\":\"https:\/\/blogg.svenskakyrkan.se\/vandravagen\/\"},{\"@type\":\"ListItem\",\"position\":2,\"name\":\"Veckans favorittweets\"}]},{\"@type\":\"WebSite\",\"@id\":\"https:\/\/blogg.svenskakyrkan.se\/vandravagen\/#website\",\"url\":\"https:\/\/blogg.svenskakyrkan.se\/vandravagen\/\",\"name\":\"Vandra V\u00e4gen\",\"description\":\"-Mot en tro f\u00f6r hela livet\",\"publisher\":{\"@id\":\"https:\/\/blogg.svenskakyrkan.se\/vandravagen\/#organization\"},\"potentialAction\":[{\"@type\":\"SearchAction\",\"target\":{\"@type\":\"EntryPoint\",\"urlTemplate\":\"https:\/\/blogg.svenskakyrkan.se\/vandravagen\/?s={search_term_string}\"},\"query-input\":{\"@type\":\"PropertyValueSpecification\",\"valueRequired\":true,\"valueName\":\"search_term_string\"}}],\"inLanguage\":\"sv-SE\"},{\"@type\":\"Organization\",\"@id\":\"https:\/\/blogg.svenskakyrkan.se\/vandravagen\/#organization\",\"name\":\"ulricehamns pastorat\",\"alternateName\":\"ulricehamns pastorat\",\"url\":\"https:\/\/blogg.svenskakyrkan.se\/vandravagen\/\",\"logo\":{\"@type\":\"ImageObject\",\"inLanguage\":\"sv-SE\",\"@id\":\"https:\/\/blogg.svenskakyrkan.se\/vandravagen\/#\/schema\/logo\/image\/\",\"url\":\"https:\/\/blogg.svenskakyrkan.se\/vandravagen\/files\/2023\/05\/Ulr_logo_RGB.png\",\"contentUrl\":\"https:\/\/blogg.svenskakyrkan.se\/vandravagen\/files\/2023\/05\/Ulr_logo_RGB.png\",\"width\":205,\"height\":77,\"caption\":\"ulricehamns pastorat\"},\"image\":{\"@id\":\"https:\/\/blogg.svenskakyrkan.se\/vandravagen\/#\/schema\/logo\/image\/\"},\"sameAs\":[\"http:\/\/facebook.com\/vandravagen\",\"https:\/\/x.com\/fadertomas\",\"http:\/\/www.facebook.com\/svenskakyrkaniulricehamn\"]},{\"@type\":\"Person\",\"@id\":\"https:\/\/blogg.svenskakyrkan.se\/vandravagen\/#\/schema\/person\/25da02d4f76b137d04291711e2c9fc16\",\"name\":\"Tomas Jarvid\",\"image\":{\"@type\":\"ImageObject\",\"inLanguage\":\"sv-SE\",\"@id\":\"https:\/\/blogg.svenskakyrkan.se\/vandravagen\/#\/schema\/person\/image\/\",\"url\":\"https:\/\/secure.gravatar.com\/avatar\/7fa71899795e8f540f615a1f5ab25255dc27aa40f05ee7ddd21aac521e01bf50?s=96&d=identicon&r=g\",\"contentUrl\":\"https:\/\/secure.gravatar.com\/avatar\/7fa71899795e8f540f615a1f5ab25255dc27aa40f05ee7ddd21aac521e01bf50?s=96&d=identicon&r=g\",\"caption\":\"Tomas Jarvid\"},\"description\":\"Jag bor i Ulricehamn i V\u00e4sterg\u00f6tland och \u00e4r f\u00f6rsamlingspr\u00e4st i Svenska Kyrkan f\u00f6r Dalstorps f\u00f6rsamling i Kinds pastorat. P\u00e5 den h\u00e4r bloggen skriver jag ner tankar om vandringen som kristen.\",\"sameAs\":[\"http:\/\/www.vandravagen.se\"],\"url\":\"https:\/\/blogg.svenskakyrkan.se\/vandravagen\/author\/vandravagen\/\"}]}<\/script>\n<!-- \/ Yoast SEO plugin. -->","yoast_head_json":{"title":"Veckans favorittweets - Vandra V\u00e4gen","robots":{"index":"index","follow":"follow","max-snippet":"max-snippet:-1","max-image-preview":"max-image-preview:large","max-video-preview":"max-video-preview:-1"},"canonical":"https:\/\/blogg.svenskakyrkan.se\/vandravagen\/2013\/01\/14\/veckans-favorittweets-10\/","og_locale":"sv_SE","og_type":"article","og_title":"Veckans favorittweets - Vandra V\u00e4gen","og_description":"Verkar som att jag tappat greppet om veckodagarna mitt i f\u00f6r\u00e4ldraledigheten och alla helger. L\u00e4nkarna samlade jag p\u00e5 fredagen och ig\u00e5r blev det f\u00f6r sent f\u00f6r att jag skulle tycka det var l\u00f6nt att posta favotittweetsen. Nu \u00e4r det i alla fall dags. Som vanligt lite av varje, fromt, klokt och roligt. Vars\u00e5goda. Det blir [&hellip;]","og_url":"https:\/\/blogg.svenskakyrkan.se\/vandravagen\/2013\/01\/14\/veckans-favorittweets-10\/","og_site_name":"Vandra V\u00e4gen","article_publisher":"http:\/\/facebook.com\/vandravagen","article_published_time":"2013-01-14T07:59:00+00:00","og_image":[{"url":"http:\/\/2.bp.blogspot.com\/-Qx9guipWGOM\/UPMqH_mPamI\/AAAAAAAABsk\/0McArnvwpGI\/s400\/12.jpg","type":"","width":"","height":""}],"author":"Tomas Jarvid","twitter_card":"summary_large_image","twitter_creator":"@fadertomas","twitter_site":"@fadertomas","twitter_misc":{"Skriven av":"Tomas Jarvid","Ber\u00e4knad l\u00e4stid":"2 minuter"},"schema":{"@context":"https:\/\/schema.org","@graph":[{"@type":"Article","@id":"https:\/\/blogg.svenskakyrkan.se\/vandravagen\/2013\/01\/14\/veckans-favorittweets-10\/#article","isPartOf":{"@id":"https:\/\/blogg.svenskakyrkan.se\/vandravagen\/2013\/01\/14\/veckans-favorittweets-10\/"},"author":{"name":"Tomas Jarvid","@id":"https:\/\/blogg.svenskakyrkan.se\/vandravagen\/#\/schema\/person\/25da02d4f76b137d04291711e2c9fc16"},"headline":"Veckans favorittweets","datePublished":"2013-01-14T07:59:00+00:00","mainEntityOfPage":{"@id":"https:\/\/blogg.svenskakyrkan.se\/vandravagen\/2013\/01\/14\/veckans-favorittweets-10\/"},"wordCount":302,"commentCount":0,"publisher":{"@id":"https:\/\/blogg.svenskakyrkan.se\/vandravagen\/#organization"},"image":{"@id":"https:\/\/blogg.svenskakyrkan.se\/vandravagen\/2013\/01\/14\/veckans-favorittweets-10\/#primaryimage"},"thumbnailUrl":"http:\/\/2.bp.blogspot.com\/-Qx9guipWGOM\/UPMqH_mPamI\/AAAAAAAABsk\/0McArnvwpGI\/s400\/12.jpg","articleSection":["bloggen"],"inLanguage":"sv-SE","potentialAction":[{"@type":"CommentAction","name":"Comment","target":["https:\/\/blogg.svenskakyrkan.se\/vandravagen\/2013\/01\/14\/veckans-favorittweets-10\/#respond"]}]},{"@type":"WebPage","@id":"https:\/\/blogg.svenskakyrkan.se\/vandravagen\/2013\/01\/14\/veckans-favorittweets-10\/","url":"https:\/\/blogg.svenskakyrkan.se\/vandravagen\/2013\/01\/14\/veckans-favorittweets-10\/","name":"Veckans favorittweets - Vandra V\u00e4gen","isPartOf":{"@id":"https:\/\/blogg.svenskakyrkan.se\/vandravagen\/#website"},"primaryImageOfPage":{"@id":"https:\/\/blogg.svenskakyrkan.se\/vandravagen\/2013\/01\/14\/veckans-favorittweets-10\/#primaryimage"},"image":{"@id":"https:\/\/blogg.svenskakyrkan.se\/vandravagen\/2013\/01\/14\/veckans-favorittweets-10\/#primaryimage"},"thumbnailUrl":"http:\/\/2.bp.blogspot.com\/-Qx9guipWGOM\/UPMqH_mPamI\/AAAAAAAABsk\/0McArnvwpGI\/s400\/12.jpg","datePublished":"2013-01-14T07:59:00+00:00","breadcrumb":{"@id":"https:\/\/blogg.svenskakyrkan.se\/vandravagen\/2013\/01\/14\/veckans-favorittweets-10\/#breadcrumb"},"inLanguage":"sv-SE","potentialAction":[{"@type":"ReadAction","target":["https:\/\/blogg.svenskakyrkan.se\/vandravagen\/2013\/01\/14\/veckans-favorittweets-10\/"]}]},{"@type":"ImageObject","inLanguage":"sv-SE","@id":"https:\/\/blogg.svenskakyrkan.se\/vandravagen\/2013\/01\/14\/veckans-favorittweets-10\/#primaryimage","url":"http:\/\/2.bp.blogspot.com\/-Qx9guipWGOM\/UPMqH_mPamI\/AAAAAAAABsk\/0McArnvwpGI\/s400\/12.jpg","contentUrl":"http:\/\/2.bp.blogspot.com\/-Qx9guipWGOM\/UPMqH_mPamI\/AAAAAAAABsk\/0McArnvwpGI\/s400\/12.jpg"},{"@type":"BreadcrumbList","@id":"https:\/\/blogg.svenskakyrkan.se\/vandravagen\/2013\/01\/14\/veckans-favorittweets-10\/#breadcrumb","itemListElement":[{"@type":"ListItem","position":1,"name":"Hem","item":"https:\/\/blogg.svenskakyrkan.se\/vandravagen\/"},{"@type":"ListItem","position":2,"name":"Veckans favorittweets"}]},{"@type":"WebSite","@id":"https:\/\/blogg.svenskakyrkan.se\/vandravagen\/#website","url":"https:\/\/blogg.svenskakyrkan.se\/vandravagen\/","name":"Vandra V\u00e4gen","description":"-Mot en tro f\u00f6r hela livet","publisher":{"@id":"https:\/\/blogg.svenskakyrkan.se\/vandravagen\/#organization"},"potentialAction":[{"@type":"SearchAction","target":{"@type":"EntryPoint","urlTemplate":"https:\/\/blogg.svenskakyrkan.se\/vandravagen\/?s={search_term_string}"},"query-input":{"@type":"PropertyValueSpecification","valueRequired":true,"valueName":"search_term_string"}}],"inLanguage":"sv-SE"},{"@type":"Organization","@id":"https:\/\/blogg.svenskakyrkan.se\/vandravagen\/#organization","name":"ulricehamns pastorat","alternateName":"ulricehamns pastorat","url":"https:\/\/blogg.svenskakyrkan.se\/vandravagen\/","logo":{"@type":"ImageObject","inLanguage":"sv-SE","@id":"https:\/\/blogg.svenskakyrkan.se\/vandravagen\/#\/schema\/logo\/image\/","url":"https:\/\/blogg.svenskakyrkan.se\/vandravagen\/files\/2023\/05\/Ulr_logo_RGB.png","contentUrl":"https:\/\/blogg.svenskakyrkan.se\/vandravagen\/files\/2023\/05\/Ulr_logo_RGB.png","width":205,"height":77,"caption":"ulricehamns pastorat"},"image":{"@id":"https:\/\/blogg.svenskakyrkan.se\/vandravagen\/#\/schema\/logo\/image\/"},"sameAs":["http:\/\/facebook.com\/vandravagen","https:\/\/x.com\/fadertomas","http:\/\/www.facebook.com\/svenskakyrkaniulricehamn"]},{"@type":"Person","@id":"https:\/\/blogg.svenskakyrkan.se\/vandravagen\/#\/schema\/person\/25da02d4f76b137d04291711e2c9fc16","name":"Tomas Jarvid","image":{"@type":"ImageObject","inLanguage":"sv-SE","@id":"https:\/\/blogg.svenskakyrkan.se\/vandravagen\/#\/schema\/person\/image\/","url":"https:\/\/secure.gravatar.com\/avatar\/7fa71899795e8f540f615a1f5ab25255dc27aa40f05ee7ddd21aac521e01bf50?s=96&d=identicon&r=g","contentUrl":"https:\/\/secure.gravatar.com\/avatar\/7fa71899795e8f540f615a1f5ab25255dc27aa40f05ee7ddd21aac521e01bf50?s=96&d=identicon&r=g","caption":"Tomas Jarvid"},"description":"Jag bor i Ulricehamn i V\u00e4sterg\u00f6tland och \u00e4r f\u00f6rsamlingspr\u00e4st i Svenska Kyrkan f\u00f6r Dalstorps f\u00f6rsamling i Kinds pastorat. P\u00e5 den h\u00e4r bloggen skriver jag ner tankar om vandringen som kristen.","sameAs":["http:\/\/www.vandravagen.se"],"url":"https:\/\/blogg.svenskakyrkan.se\/vandravagen\/author\/vandravagen\/"}]}},"author_meta":{"ID":"392","user_nicename":"vandravagen","user_url":"http:\/\/www.vandravagen.se","user_registered":"2014-05-19 05:44:52","display_name":"Tomas Jarvid","first_name":"Tomas","last_name":"Jarvid","avatar":"https:\/\/secure.gravatar.com\/avatar\/7fa71899795e8f540f615a1f5ab25255dc27aa40f05ee7ddd21aac521e01bf50?s=96&d=identicon&r=g"},"featured_image":false,"bloginfo":{"name":"Vandra V\u00e4gen","url":"https:\/\/blogg.svenskakyrkan.se\/vandravagen"},"_links":{"self":[{"href":"https:\/\/blogg.svenskakyrkan.se\/vandravagen\/wp-json\/wp\/v2\/posts\/766","targetHints":{"allow":["GET"]}}],"collection":[{"href":"https:\/\/blogg.svenskakyrkan.se\/vandravagen\/wp-json\/wp\/v2\/posts"}],"about":[{"href":"https:\/\/blogg.svenskakyrkan.se\/vandravagen\/wp-json\/wp\/v2\/types\/post"}],"author":[{"embeddable":true,"href":"https:\/\/blogg.svenskakyrkan.se\/vandravagen\/wp-json\/wp\/v2\/users\/392"}],"replies":[{"embeddable":true,"href":"https:\/\/blogg.svenskakyrkan.se\/vandravagen\/wp-json\/wp\/v2\/comments?post=766"}],"version-history":[{"count":0,"href":"https:\/\/blogg.svenskakyrkan.se\/vandravagen\/wp-json\/wp\/v2\/posts\/766\/revisions"}],"wp:attachment":[{"href":"https:\/\/blogg.svenskakyrkan.se\/vandravagen\/wp-json\/wp\/v2\/media?parent=766"}],"wp:term":[{"taxonomy":"category","embeddable":true,"href":"https:\/\/blogg.svenskakyrkan.se\/vandravagen\/wp-json\/wp\/v2\/categories?post=766"},{"taxonomy":"post_tag","embeddable":true,"href":"https:\/\/blogg.svenskakyrkan.se\/vandravagen\/wp-json\/wp\/v2\/tags?post=766"}],"curies":[{"name":"wp","href":"https:\/\/api.w.org\/{rel}","templated":true}]}}