{"id":768,"date":"2013-01-12T11:53:00","date_gmt":"2013-01-12T10:53:00","guid":{"rendered":"http:\/\/blogg.svenskakyrkan.se\/vandravagen\/2013\/01\/12\/sen-reaktion-pa-marcus-borg-i-svd\/"},"modified":"2013-01-12T11:53:00","modified_gmt":"2013-01-12T10:53:00","slug":"sen-reaktion-pa-marcus-borg-i-svd","status":"publish","type":"post","link":"https:\/\/blogg.svenskakyrkan.se\/vandravagen\/2013\/01\/12\/sen-reaktion-pa-marcus-borg-i-svd\/","title":{"rendered":"Sen reaktion p\u00e5 Marcus Borg i SvD"},"content":{"rendered":"<table align=\"center\" cellpadding=\"0\" cellspacing=\"0\">\n<tbody>\n<tr>\n<td><a href=\"http:\/\/upload.wikimedia.org\/wikipedia\/commons\/thumb\/d\/d8\/Marcus_Borg_speaking_in_Mansfield_College_chapel.JPG\/220px-Marcus_Borg_speaking_in_Mansfield_College_chapel.JPG\"><img loading=\"lazy\" decoding=\"async\" border=\"0\" height=\"320\" src=\"http:\/\/upload.wikimedia.org\/wikipedia\/commons\/thumb\/d\/d8\/Marcus_Borg_speaking_in_Mansfield_College_chapel.JPG\/220px-Marcus_Borg_speaking_in_Mansfield_College_chapel.JPG\" width=\"304\"><\/a><\/td>\n<\/tr>\n<tr>\n<td>Marcus Borg i talarstolen<\/td>\n<\/tr>\n<\/tbody>\n<\/table>\n<p>H\u00e4romdagen intervjuades den amerikanska teologen Marcus Borg av SvDs idagsida. <a href=\"http:\/\/www.svd.se\/nyheter\/idagsidan\/existentiellt\/man-kan-vara-andlig-utan-religion_7807718.svd\">L\u00e4s g\u00e4rna artikeln<\/a>, den \u00e4r tankev\u00e4ckande. Efter att ha l\u00e4st den s\u00e5 sl\u00e5s jag sj\u00e4lv av att jag b\u00e5de h\u00e5ller med och inte h\u00e5ller med.<\/p>\n<p>Borg s\u00e4ger att ett nytt paradigm av kristendom h\u00e5ller p\u00e5 att ta \u00f6ver efter det gamla. Det gamla paradigment fokuserade mycket p\u00e5 synd och f\u00f6rl\u00e5telse och det allt \u00f6verskuggande m\u00e5let var att komma till himlen n\u00e4r man d\u00f6r. I det ny paradigmet hamnar de liv vi lever i vardagen mer i fokus. Kristen tro handlar f\u00f6rst och fr\u00e4mst om &#8221;transformation&#8221;; att byta livsinrikting fr\u00e5n sj\u00e4lviskhet till k\u00e4rlek, v\u00e4xa som m\u00e4nniska och h\u00e4mta livsmod och tillit hos Gud.<\/p>\n<p>Artikeln s\u00e4ger en hel del om hur illa st\u00e4llt det \u00e4r med Kyrkan. Vem k\u00e4nner inte igen, \u00e5tminstone nidbilden, av kristna som inte skyr n\u00e5gra medel f\u00f6r att f\u00f6ra andra till tro? Eller livsf\u00f6rnekande religion? Helt klart verkar Borg komma med en trevligare kristendom?<\/p>\n<p>Jag har dock ungef\u00e4r lika m\u00e5nga inv\u00e4ndningar mot det Borg st\u00e5r f\u00f6r i artikeln. Vad \u00e4r det f\u00f6r kristendom d\u00e4r man inte erk\u00e4nner Jesu gudomlighet? \u00c4r det verkligen ok om kristen tro sl\u00e5r \u00f6ver alltf\u00f6r mycket i flummig &#8221;personlig utveckling&#8221;? Borgs bibelvetenskapliga forskning ifr\u00e5gas\u00e4tter v\u00e4ldigt mycket av historiciteten i den kristna Bibeln. Men \u00e4r det inte just f\u00f6rankringen i historien, det objektiva, som \u00e4r kristendomens styrka?<\/p>\n<p>I artikeln lyser det igenom att det kan ligga en hel del av personlig revolt mot f\u00f6r\u00e4ldrarnas tro i Borgs \u00f6vertygelser. Inget konstigt med det men i den situationen har vi extremt l\u00e4tt att kasta ut barnet med badvattnet och g\u00f6ra rent hus ocks\u00e5 med s\u00e5dant vi skulle ha gl\u00e4dje av att ha kvar.<\/p>\n<p>Den h\u00e4r bloggen heter som bekant Vandra V\u00e4gen. I det h\u00e4r fallet, som i m\u00e5nga andra i kyrkliga sammanhang \u00e4r det just det vi m\u00e5ste f\u00f6rs\u00f6ka g\u00f6ra. B\u00e5de det &#8221;nya och det gamla paradigmet&#8221; har st\u00f6d f\u00f6r sig i den allra tidigaste Kyrkan. Det g\u00e4ller bara f\u00f6r oss att f\u00e5 ihop det och inte kantra ner i n\u00e5got av dikena och tro att vi m\u00e5ste v\u00e4lja det ena p\u00e5 bekostnad av det andra.<\/p><\/p>\n","protected":false},"excerpt":{"rendered":"<p>Marcus Borg i talarstolen H\u00e4romdagen intervjuades den amerikanska teologen Marcus Borg av SvDs idagsida. L\u00e4s g\u00e4rna artikeln, den \u00e4r tankev\u00e4ckande. Efter att ha l\u00e4st den s\u00e5 sl\u00e5s jag sj\u00e4lv av att jag b\u00e5de h\u00e5ller med och inte h\u00e5ller med. Borg s\u00e4ger att ett nytt paradigm av kristendom h\u00e5ller p\u00e5 att ta \u00f6ver efter det gamla. [&hellip;]<\/p>\n","protected":false},"author":392,"featured_media":0,"comment_status":"open","ping_status":"open","sticky":false,"template":"","format":"standard","meta":{"_acf_changed":false,"footnotes":""},"categories":[117],"tags":[],"class_list":["post-768","post","type-post","status-publish","format-standard","hentry","category-teologi"],"acf":[],"yoast_head":"<!-- This site is optimized with the Yoast SEO plugin v27.1.1 - https:\/\/yoast.com\/product\/yoast-seo-wordpress\/ -->\n<title>Sen reaktion p\u00e5 Marcus Borg i SvD - Vandra V\u00e4gen<\/title>\n<meta name=\"robots\" content=\"index, follow, max-snippet:-1, max-image-preview:large, max-video-preview:-1\" \/>\n<link rel=\"canonical\" href=\"https:\/\/blogg.svenskakyrkan.se\/vandravagen\/2013\/01\/12\/sen-reaktion-pa-marcus-borg-i-svd\/\" \/>\n<meta property=\"og:locale\" content=\"sv_SE\" \/>\n<meta property=\"og:type\" content=\"article\" \/>\n<meta property=\"og:title\" content=\"Sen reaktion p\u00e5 Marcus Borg i SvD - Vandra V\u00e4gen\" \/>\n<meta property=\"og:description\" content=\"Marcus Borg i talarstolen H\u00e4romdagen intervjuades den amerikanska teologen Marcus Borg av SvDs idagsida. L\u00e4s g\u00e4rna artikeln, den \u00e4r tankev\u00e4ckande. Efter att ha l\u00e4st den s\u00e5 sl\u00e5s jag sj\u00e4lv av att jag b\u00e5de h\u00e5ller med och inte h\u00e5ller med. Borg s\u00e4ger att ett nytt paradigm av kristendom h\u00e5ller p\u00e5 att ta \u00f6ver efter det gamla. [&hellip;]\" \/>\n<meta property=\"og:url\" content=\"https:\/\/blogg.svenskakyrkan.se\/vandravagen\/2013\/01\/12\/sen-reaktion-pa-marcus-borg-i-svd\/\" \/>\n<meta property=\"og:site_name\" content=\"Vandra V\u00e4gen\" \/>\n<meta property=\"article:publisher\" content=\"http:\/\/facebook.com\/vandravagen\" \/>\n<meta property=\"article:published_time\" content=\"2013-01-12T10:53:00+00:00\" \/>\n<meta property=\"og:image\" content=\"http:\/\/upload.wikimedia.org\/wikipedia\/commons\/thumb\/d\/d8\/Marcus_Borg_speaking_in_Mansfield_College_chapel.JPG\/220px-Marcus_Borg_speaking_in_Mansfield_College_chapel.JPG\" \/>\n<meta name=\"author\" content=\"Tomas Jarvid\" \/>\n<meta name=\"twitter:card\" content=\"summary_large_image\" \/>\n<meta name=\"twitter:creator\" content=\"@fadertomas\" \/>\n<meta name=\"twitter:site\" content=\"@fadertomas\" \/>\n<meta name=\"twitter:label1\" content=\"Skriven av\" \/>\n\t<meta name=\"twitter:data1\" content=\"Tomas Jarvid\" \/>\n\t<meta name=\"twitter:label2\" content=\"Ber\u00e4knad l\u00e4stid\" \/>\n\t<meta name=\"twitter:data2\" content=\"2 minuter\" \/>\n<script type=\"application\/ld+json\" class=\"yoast-schema-graph\">{\"@context\":\"https:\/\/schema.org\",\"@graph\":[{\"@type\":\"Article\",\"@id\":\"https:\/\/blogg.svenskakyrkan.se\/vandravagen\/2013\/01\/12\/sen-reaktion-pa-marcus-borg-i-svd\/#article\",\"isPartOf\":{\"@id\":\"https:\/\/blogg.svenskakyrkan.se\/vandravagen\/2013\/01\/12\/sen-reaktion-pa-marcus-borg-i-svd\/\"},\"author\":{\"name\":\"Tomas Jarvid\",\"@id\":\"https:\/\/blogg.svenskakyrkan.se\/vandravagen\/#\/schema\/person\/25da02d4f76b137d04291711e2c9fc16\"},\"headline\":\"Sen reaktion p\u00e5 Marcus Borg i SvD\",\"datePublished\":\"2013-01-12T10:53:00+00:00\",\"mainEntityOfPage\":{\"@id\":\"https:\/\/blogg.svenskakyrkan.se\/vandravagen\/2013\/01\/12\/sen-reaktion-pa-marcus-borg-i-svd\/\"},\"wordCount\":428,\"commentCount\":0,\"publisher\":{\"@id\":\"https:\/\/blogg.svenskakyrkan.se\/vandravagen\/#organization\"},\"image\":{\"@id\":\"https:\/\/blogg.svenskakyrkan.se\/vandravagen\/2013\/01\/12\/sen-reaktion-pa-marcus-borg-i-svd\/#primaryimage\"},\"thumbnailUrl\":\"http:\/\/upload.wikimedia.org\/wikipedia\/commons\/thumb\/d\/d8\/Marcus_Borg_speaking_in_Mansfield_College_chapel.JPG\/220px-Marcus_Borg_speaking_in_Mansfield_College_chapel.JPG\",\"articleSection\":[\"Teologi\"],\"inLanguage\":\"sv-SE\",\"potentialAction\":[{\"@type\":\"CommentAction\",\"name\":\"Comment\",\"target\":[\"https:\/\/blogg.svenskakyrkan.se\/vandravagen\/2013\/01\/12\/sen-reaktion-pa-marcus-borg-i-svd\/#respond\"]}]},{\"@type\":\"WebPage\",\"@id\":\"https:\/\/blogg.svenskakyrkan.se\/vandravagen\/2013\/01\/12\/sen-reaktion-pa-marcus-borg-i-svd\/\",\"url\":\"https:\/\/blogg.svenskakyrkan.se\/vandravagen\/2013\/01\/12\/sen-reaktion-pa-marcus-borg-i-svd\/\",\"name\":\"Sen reaktion p\u00e5 Marcus Borg i SvD - Vandra V\u00e4gen\",\"isPartOf\":{\"@id\":\"https:\/\/blogg.svenskakyrkan.se\/vandravagen\/#website\"},\"primaryImageOfPage\":{\"@id\":\"https:\/\/blogg.svenskakyrkan.se\/vandravagen\/2013\/01\/12\/sen-reaktion-pa-marcus-borg-i-svd\/#primaryimage\"},\"image\":{\"@id\":\"https:\/\/blogg.svenskakyrkan.se\/vandravagen\/2013\/01\/12\/sen-reaktion-pa-marcus-borg-i-svd\/#primaryimage\"},\"thumbnailUrl\":\"http:\/\/upload.wikimedia.org\/wikipedia\/commons\/thumb\/d\/d8\/Marcus_Borg_speaking_in_Mansfield_College_chapel.JPG\/220px-Marcus_Borg_speaking_in_Mansfield_College_chapel.JPG\",\"datePublished\":\"2013-01-12T10:53:00+00:00\",\"breadcrumb\":{\"@id\":\"https:\/\/blogg.svenskakyrkan.se\/vandravagen\/2013\/01\/12\/sen-reaktion-pa-marcus-borg-i-svd\/#breadcrumb\"},\"inLanguage\":\"sv-SE\",\"potentialAction\":[{\"@type\":\"ReadAction\",\"target\":[\"https:\/\/blogg.svenskakyrkan.se\/vandravagen\/2013\/01\/12\/sen-reaktion-pa-marcus-borg-i-svd\/\"]}]},{\"@type\":\"ImageObject\",\"inLanguage\":\"sv-SE\",\"@id\":\"https:\/\/blogg.svenskakyrkan.se\/vandravagen\/2013\/01\/12\/sen-reaktion-pa-marcus-borg-i-svd\/#primaryimage\",\"url\":\"http:\/\/upload.wikimedia.org\/wikipedia\/commons\/thumb\/d\/d8\/Marcus_Borg_speaking_in_Mansfield_College_chapel.JPG\/220px-Marcus_Borg_speaking_in_Mansfield_College_chapel.JPG\",\"contentUrl\":\"http:\/\/upload.wikimedia.org\/wikipedia\/commons\/thumb\/d\/d8\/Marcus_Borg_speaking_in_Mansfield_College_chapel.JPG\/220px-Marcus_Borg_speaking_in_Mansfield_College_chapel.JPG\"},{\"@type\":\"BreadcrumbList\",\"@id\":\"https:\/\/blogg.svenskakyrkan.se\/vandravagen\/2013\/01\/12\/sen-reaktion-pa-marcus-borg-i-svd\/#breadcrumb\",\"itemListElement\":[{\"@type\":\"ListItem\",\"position\":1,\"name\":\"Hem\",\"item\":\"https:\/\/blogg.svenskakyrkan.se\/vandravagen\/\"},{\"@type\":\"ListItem\",\"position\":2,\"name\":\"Sen reaktion p\u00e5 Marcus Borg i SvD\"}]},{\"@type\":\"WebSite\",\"@id\":\"https:\/\/blogg.svenskakyrkan.se\/vandravagen\/#website\",\"url\":\"https:\/\/blogg.svenskakyrkan.se\/vandravagen\/\",\"name\":\"Vandra V\u00e4gen\",\"description\":\"-Mot en tro f\u00f6r hela livet\",\"publisher\":{\"@id\":\"https:\/\/blogg.svenskakyrkan.se\/vandravagen\/#organization\"},\"potentialAction\":[{\"@type\":\"SearchAction\",\"target\":{\"@type\":\"EntryPoint\",\"urlTemplate\":\"https:\/\/blogg.svenskakyrkan.se\/vandravagen\/?s={search_term_string}\"},\"query-input\":{\"@type\":\"PropertyValueSpecification\",\"valueRequired\":true,\"valueName\":\"search_term_string\"}}],\"inLanguage\":\"sv-SE\"},{\"@type\":\"Organization\",\"@id\":\"https:\/\/blogg.svenskakyrkan.se\/vandravagen\/#organization\",\"name\":\"ulricehamns pastorat\",\"alternateName\":\"ulricehamns pastorat\",\"url\":\"https:\/\/blogg.svenskakyrkan.se\/vandravagen\/\",\"logo\":{\"@type\":\"ImageObject\",\"inLanguage\":\"sv-SE\",\"@id\":\"https:\/\/blogg.svenskakyrkan.se\/vandravagen\/#\/schema\/logo\/image\/\",\"url\":\"https:\/\/blogg.svenskakyrkan.se\/vandravagen\/files\/2023\/05\/Ulr_logo_RGB.png\",\"contentUrl\":\"https:\/\/blogg.svenskakyrkan.se\/vandravagen\/files\/2023\/05\/Ulr_logo_RGB.png\",\"width\":205,\"height\":77,\"caption\":\"ulricehamns pastorat\"},\"image\":{\"@id\":\"https:\/\/blogg.svenskakyrkan.se\/vandravagen\/#\/schema\/logo\/image\/\"},\"sameAs\":[\"http:\/\/facebook.com\/vandravagen\",\"https:\/\/x.com\/fadertomas\",\"http:\/\/www.facebook.com\/svenskakyrkaniulricehamn\"]},{\"@type\":\"Person\",\"@id\":\"https:\/\/blogg.svenskakyrkan.se\/vandravagen\/#\/schema\/person\/25da02d4f76b137d04291711e2c9fc16\",\"name\":\"Tomas Jarvid\",\"image\":{\"@type\":\"ImageObject\",\"inLanguage\":\"sv-SE\",\"@id\":\"https:\/\/blogg.svenskakyrkan.se\/vandravagen\/#\/schema\/person\/image\/\",\"url\":\"https:\/\/secure.gravatar.com\/avatar\/7fa71899795e8f540f615a1f5ab25255dc27aa40f05ee7ddd21aac521e01bf50?s=96&d=identicon&r=g\",\"contentUrl\":\"https:\/\/secure.gravatar.com\/avatar\/7fa71899795e8f540f615a1f5ab25255dc27aa40f05ee7ddd21aac521e01bf50?s=96&d=identicon&r=g\",\"caption\":\"Tomas Jarvid\"},\"description\":\"Jag bor i Ulricehamn i V\u00e4sterg\u00f6tland och \u00e4r f\u00f6rsamlingspr\u00e4st i Svenska Kyrkan f\u00f6r Dalstorps f\u00f6rsamling i Kinds pastorat. P\u00e5 den h\u00e4r bloggen skriver jag ner tankar om vandringen som kristen.\",\"sameAs\":[\"http:\/\/www.vandravagen.se\"],\"url\":\"https:\/\/blogg.svenskakyrkan.se\/vandravagen\/author\/vandravagen\/\"}]}<\/script>\n<!-- \/ Yoast SEO plugin. -->","yoast_head_json":{"title":"Sen reaktion p\u00e5 Marcus Borg i SvD - Vandra V\u00e4gen","robots":{"index":"index","follow":"follow","max-snippet":"max-snippet:-1","max-image-preview":"max-image-preview:large","max-video-preview":"max-video-preview:-1"},"canonical":"https:\/\/blogg.svenskakyrkan.se\/vandravagen\/2013\/01\/12\/sen-reaktion-pa-marcus-borg-i-svd\/","og_locale":"sv_SE","og_type":"article","og_title":"Sen reaktion p\u00e5 Marcus Borg i SvD - Vandra V\u00e4gen","og_description":"Marcus Borg i talarstolen H\u00e4romdagen intervjuades den amerikanska teologen Marcus Borg av SvDs idagsida. L\u00e4s g\u00e4rna artikeln, den \u00e4r tankev\u00e4ckande. Efter att ha l\u00e4st den s\u00e5 sl\u00e5s jag sj\u00e4lv av att jag b\u00e5de h\u00e5ller med och inte h\u00e5ller med. Borg s\u00e4ger att ett nytt paradigm av kristendom h\u00e5ller p\u00e5 att ta \u00f6ver efter det gamla. [&hellip;]","og_url":"https:\/\/blogg.svenskakyrkan.se\/vandravagen\/2013\/01\/12\/sen-reaktion-pa-marcus-borg-i-svd\/","og_site_name":"Vandra V\u00e4gen","article_publisher":"http:\/\/facebook.com\/vandravagen","article_published_time":"2013-01-12T10:53:00+00:00","og_image":[{"url":"http:\/\/upload.wikimedia.org\/wikipedia\/commons\/thumb\/d\/d8\/Marcus_Borg_speaking_in_Mansfield_College_chapel.JPG\/220px-Marcus_Borg_speaking_in_Mansfield_College_chapel.JPG","type":"","width":"","height":""}],"author":"Tomas Jarvid","twitter_card":"summary_large_image","twitter_creator":"@fadertomas","twitter_site":"@fadertomas","twitter_misc":{"Skriven av":"Tomas Jarvid","Ber\u00e4knad l\u00e4stid":"2 minuter"},"schema":{"@context":"https:\/\/schema.org","@graph":[{"@type":"Article","@id":"https:\/\/blogg.svenskakyrkan.se\/vandravagen\/2013\/01\/12\/sen-reaktion-pa-marcus-borg-i-svd\/#article","isPartOf":{"@id":"https:\/\/blogg.svenskakyrkan.se\/vandravagen\/2013\/01\/12\/sen-reaktion-pa-marcus-borg-i-svd\/"},"author":{"name":"Tomas Jarvid","@id":"https:\/\/blogg.svenskakyrkan.se\/vandravagen\/#\/schema\/person\/25da02d4f76b137d04291711e2c9fc16"},"headline":"Sen reaktion p\u00e5 Marcus Borg i SvD","datePublished":"2013-01-12T10:53:00+00:00","mainEntityOfPage":{"@id":"https:\/\/blogg.svenskakyrkan.se\/vandravagen\/2013\/01\/12\/sen-reaktion-pa-marcus-borg-i-svd\/"},"wordCount":428,"commentCount":0,"publisher":{"@id":"https:\/\/blogg.svenskakyrkan.se\/vandravagen\/#organization"},"image":{"@id":"https:\/\/blogg.svenskakyrkan.se\/vandravagen\/2013\/01\/12\/sen-reaktion-pa-marcus-borg-i-svd\/#primaryimage"},"thumbnailUrl":"http:\/\/upload.wikimedia.org\/wikipedia\/commons\/thumb\/d\/d8\/Marcus_Borg_speaking_in_Mansfield_College_chapel.JPG\/220px-Marcus_Borg_speaking_in_Mansfield_College_chapel.JPG","articleSection":["Teologi"],"inLanguage":"sv-SE","potentialAction":[{"@type":"CommentAction","name":"Comment","target":["https:\/\/blogg.svenskakyrkan.se\/vandravagen\/2013\/01\/12\/sen-reaktion-pa-marcus-borg-i-svd\/#respond"]}]},{"@type":"WebPage","@id":"https:\/\/blogg.svenskakyrkan.se\/vandravagen\/2013\/01\/12\/sen-reaktion-pa-marcus-borg-i-svd\/","url":"https:\/\/blogg.svenskakyrkan.se\/vandravagen\/2013\/01\/12\/sen-reaktion-pa-marcus-borg-i-svd\/","name":"Sen reaktion p\u00e5 Marcus Borg i SvD - Vandra V\u00e4gen","isPartOf":{"@id":"https:\/\/blogg.svenskakyrkan.se\/vandravagen\/#website"},"primaryImageOfPage":{"@id":"https:\/\/blogg.svenskakyrkan.se\/vandravagen\/2013\/01\/12\/sen-reaktion-pa-marcus-borg-i-svd\/#primaryimage"},"image":{"@id":"https:\/\/blogg.svenskakyrkan.se\/vandravagen\/2013\/01\/12\/sen-reaktion-pa-marcus-borg-i-svd\/#primaryimage"},"thumbnailUrl":"http:\/\/upload.wikimedia.org\/wikipedia\/commons\/thumb\/d\/d8\/Marcus_Borg_speaking_in_Mansfield_College_chapel.JPG\/220px-Marcus_Borg_speaking_in_Mansfield_College_chapel.JPG","datePublished":"2013-01-12T10:53:00+00:00","breadcrumb":{"@id":"https:\/\/blogg.svenskakyrkan.se\/vandravagen\/2013\/01\/12\/sen-reaktion-pa-marcus-borg-i-svd\/#breadcrumb"},"inLanguage":"sv-SE","potentialAction":[{"@type":"ReadAction","target":["https:\/\/blogg.svenskakyrkan.se\/vandravagen\/2013\/01\/12\/sen-reaktion-pa-marcus-borg-i-svd\/"]}]},{"@type":"ImageObject","inLanguage":"sv-SE","@id":"https:\/\/blogg.svenskakyrkan.se\/vandravagen\/2013\/01\/12\/sen-reaktion-pa-marcus-borg-i-svd\/#primaryimage","url":"http:\/\/upload.wikimedia.org\/wikipedia\/commons\/thumb\/d\/d8\/Marcus_Borg_speaking_in_Mansfield_College_chapel.JPG\/220px-Marcus_Borg_speaking_in_Mansfield_College_chapel.JPG","contentUrl":"http:\/\/upload.wikimedia.org\/wikipedia\/commons\/thumb\/d\/d8\/Marcus_Borg_speaking_in_Mansfield_College_chapel.JPG\/220px-Marcus_Borg_speaking_in_Mansfield_College_chapel.JPG"},{"@type":"BreadcrumbList","@id":"https:\/\/blogg.svenskakyrkan.se\/vandravagen\/2013\/01\/12\/sen-reaktion-pa-marcus-borg-i-svd\/#breadcrumb","itemListElement":[{"@type":"ListItem","position":1,"name":"Hem","item":"https:\/\/blogg.svenskakyrkan.se\/vandravagen\/"},{"@type":"ListItem","position":2,"name":"Sen reaktion p\u00e5 Marcus Borg i SvD"}]},{"@type":"WebSite","@id":"https:\/\/blogg.svenskakyrkan.se\/vandravagen\/#website","url":"https:\/\/blogg.svenskakyrkan.se\/vandravagen\/","name":"Vandra V\u00e4gen","description":"-Mot en tro f\u00f6r hela livet","publisher":{"@id":"https:\/\/blogg.svenskakyrkan.se\/vandravagen\/#organization"},"potentialAction":[{"@type":"SearchAction","target":{"@type":"EntryPoint","urlTemplate":"https:\/\/blogg.svenskakyrkan.se\/vandravagen\/?s={search_term_string}"},"query-input":{"@type":"PropertyValueSpecification","valueRequired":true,"valueName":"search_term_string"}}],"inLanguage":"sv-SE"},{"@type":"Organization","@id":"https:\/\/blogg.svenskakyrkan.se\/vandravagen\/#organization","name":"ulricehamns pastorat","alternateName":"ulricehamns pastorat","url":"https:\/\/blogg.svenskakyrkan.se\/vandravagen\/","logo":{"@type":"ImageObject","inLanguage":"sv-SE","@id":"https:\/\/blogg.svenskakyrkan.se\/vandravagen\/#\/schema\/logo\/image\/","url":"https:\/\/blogg.svenskakyrkan.se\/vandravagen\/files\/2023\/05\/Ulr_logo_RGB.png","contentUrl":"https:\/\/blogg.svenskakyrkan.se\/vandravagen\/files\/2023\/05\/Ulr_logo_RGB.png","width":205,"height":77,"caption":"ulricehamns pastorat"},"image":{"@id":"https:\/\/blogg.svenskakyrkan.se\/vandravagen\/#\/schema\/logo\/image\/"},"sameAs":["http:\/\/facebook.com\/vandravagen","https:\/\/x.com\/fadertomas","http:\/\/www.facebook.com\/svenskakyrkaniulricehamn"]},{"@type":"Person","@id":"https:\/\/blogg.svenskakyrkan.se\/vandravagen\/#\/schema\/person\/25da02d4f76b137d04291711e2c9fc16","name":"Tomas Jarvid","image":{"@type":"ImageObject","inLanguage":"sv-SE","@id":"https:\/\/blogg.svenskakyrkan.se\/vandravagen\/#\/schema\/person\/image\/","url":"https:\/\/secure.gravatar.com\/avatar\/7fa71899795e8f540f615a1f5ab25255dc27aa40f05ee7ddd21aac521e01bf50?s=96&d=identicon&r=g","contentUrl":"https:\/\/secure.gravatar.com\/avatar\/7fa71899795e8f540f615a1f5ab25255dc27aa40f05ee7ddd21aac521e01bf50?s=96&d=identicon&r=g","caption":"Tomas Jarvid"},"description":"Jag bor i Ulricehamn i V\u00e4sterg\u00f6tland och \u00e4r f\u00f6rsamlingspr\u00e4st i Svenska Kyrkan f\u00f6r Dalstorps f\u00f6rsamling i Kinds pastorat. P\u00e5 den h\u00e4r bloggen skriver jag ner tankar om vandringen som kristen.","sameAs":["http:\/\/www.vandravagen.se"],"url":"https:\/\/blogg.svenskakyrkan.se\/vandravagen\/author\/vandravagen\/"}]}},"author_meta":{"ID":"392","user_nicename":"vandravagen","user_url":"http:\/\/www.vandravagen.se","user_registered":"2014-05-19 05:44:52","display_name":"Tomas Jarvid","first_name":"Tomas","last_name":"Jarvid","avatar":"https:\/\/secure.gravatar.com\/avatar\/7fa71899795e8f540f615a1f5ab25255dc27aa40f05ee7ddd21aac521e01bf50?s=96&d=identicon&r=g"},"featured_image":false,"bloginfo":{"name":"Vandra V\u00e4gen","url":"https:\/\/blogg.svenskakyrkan.se\/vandravagen"},"_links":{"self":[{"href":"https:\/\/blogg.svenskakyrkan.se\/vandravagen\/wp-json\/wp\/v2\/posts\/768","targetHints":{"allow":["GET"]}}],"collection":[{"href":"https:\/\/blogg.svenskakyrkan.se\/vandravagen\/wp-json\/wp\/v2\/posts"}],"about":[{"href":"https:\/\/blogg.svenskakyrkan.se\/vandravagen\/wp-json\/wp\/v2\/types\/post"}],"author":[{"embeddable":true,"href":"https:\/\/blogg.svenskakyrkan.se\/vandravagen\/wp-json\/wp\/v2\/users\/392"}],"replies":[{"embeddable":true,"href":"https:\/\/blogg.svenskakyrkan.se\/vandravagen\/wp-json\/wp\/v2\/comments?post=768"}],"version-history":[{"count":0,"href":"https:\/\/blogg.svenskakyrkan.se\/vandravagen\/wp-json\/wp\/v2\/posts\/768\/revisions"}],"wp:attachment":[{"href":"https:\/\/blogg.svenskakyrkan.se\/vandravagen\/wp-json\/wp\/v2\/media?parent=768"}],"wp:term":[{"taxonomy":"category","embeddable":true,"href":"https:\/\/blogg.svenskakyrkan.se\/vandravagen\/wp-json\/wp\/v2\/categories?post=768"},{"taxonomy":"post_tag","embeddable":true,"href":"https:\/\/blogg.svenskakyrkan.se\/vandravagen\/wp-json\/wp\/v2\/tags?post=768"}],"curies":[{"name":"wp","href":"https:\/\/api.w.org\/{rel}","templated":true}]}}