{"id":7689,"date":"2020-03-30T07:01:00","date_gmt":"2020-03-30T05:01:00","guid":{"rendered":"http:\/\/blogg.svenskakyrkan.se\/vandravagen\/?p=7689"},"modified":"2022-01-26T11:01:26","modified_gmt":"2022-01-26T10:01:26","slug":"ignatios-brev-till-efesierna","status":"publish","type":"post","link":"https:\/\/blogg.svenskakyrkan.se\/vandravagen\/2020\/03\/30\/ignatios-brev-till-efesierna\/","title":{"rendered":"Ignatios brev till Efesierna"},"content":{"rendered":"\n\n\n<figure class=\"wp-block-image size-large\"><img loading=\"lazy\" decoding=\"async\" width=\"800\" height=\"653\" src=\"https:\/\/blogg.svenskakyrkan.se\/vandravagen\/files\/2020\/03\/Ignatius_of_Antiochie.jpg\" alt=\"\" class=\"wp-image-7767\" srcset=\"https:\/\/blogg.svenskakyrkan.se\/vandravagen\/files\/2020\/03\/Ignatius_of_Antiochie.jpg 800w, https:\/\/blogg.svenskakyrkan.se\/vandravagen\/files\/2020\/03\/Ignatius_of_Antiochie-300x245.jpg 300w, https:\/\/blogg.svenskakyrkan.se\/vandravagen\/files\/2020\/03\/Ignatius_of_Antiochie-768x627.jpg 768w\" sizes=\"auto, (max-width: 800px) 100vw, 800px\" \/><\/figure>\n\n\n\n<p>Vi forts\u00e4tter vandra lite l\u00e5ngsamt genom den gamla skriftsamlingen &#8221;de apostoliska f\u00e4derna&#8221; som tar vid i tid d\u00e4r nya testamentet slutar. Efter Clemens brev f\u00f6ljer en rad brev av en biskop som heter Ignatios fr\u00e5n Antiochia. Han \u00e4r en helhj\u00e4rtad kristen som nu v\u00e4ldigt dramatiskt \u00e4r p\u00e5 v\u00e4g till Rom som f\u00e5nge f\u00f6r sin tros skull, f\u00f6rmodligen kommer han att bli martyr n\u00e4r han kommer fram och det har han heller inget emot utan han ser det som att det \u00e4r d\u00e5 han fullbordat sin bana som l\u00e4rjunge. Han hinner hur som helst skriva m\u00e5nga brev och tr\u00e4ffa m\u00e5nga m\u00e4nniskor p\u00e5 v\u00e4gen mot Rom och av dem finns allts\u00e5 ett antal bevarade.<\/p>\n\n\n\n<p>Ignatios skriver allts\u00e5 bland annat till Efesierna, lite extra coolt eftersom ju ocks\u00e5 Paulus skrivit brev till de kristna d\u00e4r n\u00e5gra \u00e5rtionden tidigare. Han uttrycker ocks\u00e5 vackert i inledningen att de h\u00f6r ihop &#8221;i gemensamt Namn och Hopp&#8221;. Ignatios n\u00e4mner faktiskt ocks\u00e5 Paulus brev i sitt eget brev. Det k\u00e4nns roligt att t\u00e4nka att f\u00f6rsamlingen d\u00e4r m\u00e5ste varit lite ber\u00f6mda som de som f\u00e5tt ett av Paulus brev till sig. <\/p>\n\n\n\n<p>Till efesierna skriver Ignatios mycket om vikten f\u00f6r kyrkan att h\u00e5lla ihop under biskopen (och presbyterna=typ pr\u00e4sterna):<\/p>\n\n\n\n<blockquote class=\"wp-block-quote is-layout-flow wp-block-quote-is-layout-flow\"><p>D\u00e4rf\u00f6r b\u00f6r ni vandra efter biskopens vilja, n\u00e5got som ni ocks\u00e5 g\u00f6r, ty ert ansedda presbyterium \u00e4r f\u00f6rbundet vid biskopen som str\u00e4ngarna vid en cittra. D\u00e4rf\u00f6r blir Jesus Kristus en s\u00e5ng genom er endr\u00e4kt och samst\u00e4mmiga k\u00e4rlek. M\u00e5tte ni ocks\u00e5 alla bli en k\u00f6r s\u00e5 att ni \u00e4r samst\u00e4mmiga i endr\u00e4kt, tar tonen fr\u00e5n Gud tillsammans och sjunger med en enda r\u00f6st genom Jesus Kristus till Fadern<\/p><cite>Ignatious brev till Efesierna kap 4<\/cite><\/blockquote>\n\n\n\n<p>Han \u00e4r ocks\u00e5 noga med att po\u00e4ngtera Jesus som verklig m\u00e4nniska och hans lidande som ett verklig lidande (en del &#8221;doketer&#8221; trodde d\u00e5 att Jesus bara verkade m\u00e4nsklig). Han beskriver kyrkan som ett husbygge som p\u00e5g\u00e5r, d\u00e4r korset \u00e4r hissanordningen som f\u00f6r upp de nya stenarna och Anden \u00e4r linan. <\/p>\n\n\n\n<p>Han pr\u00e4ntar ocks\u00e5 in att de ska be f\u00f6r alla m\u00e4nniskor och g\u00f6ra gott &#8221;<strong>L\u00e5t dem \u00e5tminstone f\u00e5 l\u00e4ra sig av era g\u00e4rningar<\/strong>&#8221;.<\/p>\n\n\n\n<p>En annan vacker formulering \u00e4r &#8221;N\u00e4r ni samlas ofta omintetg\u00f6rs Satans krafter&#8221;, han h\u00e5ller fred och enhet i f\u00f6rsamlingen som av st\u00f6rsta vikt. <\/p>\n\n\n\n<p>Han hinner ocks\u00e5 med att ge ett sp\u00e4nnande perspektiv p\u00e5 Jesu dop och v\u00e5ra dop: &#8221;Han f\u00f6ddes och d\u00f6ptes f\u00f6r att genom lidande rena vattnet&#8221; (\u00e5t oss n\u00e4r vi sedan d\u00f6ps i vatten). <\/p>\n\n\n\n<p>Jag har ju skrivit om <a href=\"https:\/\/blogg.svenskakyrkan.se\/vandravagen\/2020\/02\/05\/ett-alternativt-julevangelium\/\">julen enligt jakobs protoevangelium<\/a> , Ignatios \u00e4r den f\u00f6rste efter evangelierna som n\u00e4mner Marias jungfrudom. Han f\u00f6rklarar ocks\u00e5 de vise m\u00e4nnen som f\u00f6ljde stj\u00e4rnan med att det var &#8221;slutet f\u00f6r all svartkonst&#8221;. Betlehems stj\u00e4rna var s\u00e5 att s\u00e4ga den sista astrologin.<\/p>\n\n\n\n<p>Slutligen avslutar han sitt brev vackert med &#8221;<strong>t\u00e4nk p\u00e5 mig liksom Jesus Kristus t\u00e4nker p\u00e5 er<\/strong>&#8221;.<\/p>\n\n\n\n<p>Jag ska \u00e5terkomma med \u00e4nnu en bloggpost fr\u00e5n det h\u00e4r brevet (och sedan finns det som sagt fler att skriva om fram\u00f6ver), vad t\u00e4nker du efter det du l\u00e4st h\u00e4r? Skriv en kommentar!<\/p>\n","protected":false},"excerpt":{"rendered":"<p>Vi forts\u00e4tter vandra lite l\u00e5ngsamt genom den gamla skriftsamlingen &#8221;de apostoliska f\u00e4derna&#8221; som tar vid i tid d\u00e4r nya testamentet slutar. Efter Clemens brev f\u00f6ljer en rad brev av en biskop som heter Ignatios fr\u00e5n Antiochia. Han \u00e4r en helhj\u00e4rtad kristen som nu v\u00e4ldigt dramatiskt \u00e4r p\u00e5 v\u00e4g till Rom som f\u00e5nge f\u00f6r sin tros [&hellip;]<\/p>\n","protected":false},"author":392,"featured_media":7767,"comment_status":"open","ping_status":"open","sticky":false,"template":"","format":"standard","meta":{"_acf_changed":false,"footnotes":""},"categories":[83862,8298,30316,19356,8337,33574],"tags":[],"class_list":["post-7689","post","type-post","status-publish","format-standard","has-post-thumbnail","hentry","category-apostoliska-faderna","category-bibeln","category-doden","category-helgon","category-historia","category-kyrkan"],"acf":[],"yoast_head":"<!-- This site is optimized with the Yoast SEO plugin v27.1.1 - https:\/\/yoast.com\/product\/yoast-seo-wordpress\/ -->\n<title>Ignatios brev till Efesierna - Vandra V\u00e4gen<\/title>\n<meta name=\"robots\" content=\"index, follow, max-snippet:-1, max-image-preview:large, max-video-preview:-1\" \/>\n<link rel=\"canonical\" href=\"https:\/\/blogg.svenskakyrkan.se\/vandravagen\/2020\/03\/30\/ignatios-brev-till-efesierna\/\" \/>\n<meta property=\"og:locale\" content=\"sv_SE\" \/>\n<meta property=\"og:type\" content=\"article\" \/>\n<meta property=\"og:title\" content=\"Ignatios brev till Efesierna - Vandra V\u00e4gen\" \/>\n<meta property=\"og:description\" content=\"Vi forts\u00e4tter vandra lite l\u00e5ngsamt genom den gamla skriftsamlingen &#8221;de apostoliska f\u00e4derna&#8221; som tar vid i tid d\u00e4r nya testamentet slutar. Efter Clemens brev f\u00f6ljer en rad brev av en biskop som heter Ignatios fr\u00e5n Antiochia. Han \u00e4r en helhj\u00e4rtad kristen som nu v\u00e4ldigt dramatiskt \u00e4r p\u00e5 v\u00e4g till Rom som f\u00e5nge f\u00f6r sin tros [&hellip;]\" \/>\n<meta property=\"og:url\" content=\"https:\/\/blogg.svenskakyrkan.se\/vandravagen\/2020\/03\/30\/ignatios-brev-till-efesierna\/\" \/>\n<meta property=\"og:site_name\" content=\"Vandra V\u00e4gen\" \/>\n<meta property=\"article:publisher\" content=\"http:\/\/facebook.com\/vandravagen\" \/>\n<meta property=\"article:published_time\" content=\"2020-03-30T05:01:00+00:00\" \/>\n<meta property=\"article:modified_time\" content=\"2022-01-26T10:01:26+00:00\" \/>\n<meta property=\"og:image\" content=\"https:\/\/blogg.svenskakyrkan.se\/vandravagen\/files\/2020\/03\/Ignatius_of_Antiochie.jpg\" \/>\n\t<meta property=\"og:image:width\" content=\"800\" \/>\n\t<meta property=\"og:image:height\" content=\"653\" \/>\n\t<meta property=\"og:image:type\" content=\"image\/jpeg\" \/>\n<meta name=\"author\" content=\"Tomas Jarvid\" \/>\n<meta name=\"twitter:card\" content=\"summary_large_image\" \/>\n<meta name=\"twitter:creator\" content=\"@fadertomas\" \/>\n<meta name=\"twitter:site\" content=\"@fadertomas\" \/>\n<meta name=\"twitter:label1\" content=\"Skriven av\" \/>\n\t<meta name=\"twitter:data1\" content=\"Tomas Jarvid\" \/>\n\t<meta name=\"twitter:label2\" content=\"Ber\u00e4knad l\u00e4stid\" \/>\n\t<meta name=\"twitter:data2\" content=\"3 minuter\" \/>\n<script type=\"application\/ld+json\" class=\"yoast-schema-graph\">{\"@context\":\"https:\/\/schema.org\",\"@graph\":[{\"@type\":\"Article\",\"@id\":\"https:\/\/blogg.svenskakyrkan.se\/vandravagen\/2020\/03\/30\/ignatios-brev-till-efesierna\/#article\",\"isPartOf\":{\"@id\":\"https:\/\/blogg.svenskakyrkan.se\/vandravagen\/2020\/03\/30\/ignatios-brev-till-efesierna\/\"},\"author\":{\"name\":\"Tomas Jarvid\",\"@id\":\"https:\/\/blogg.svenskakyrkan.se\/vandravagen\/#\/schema\/person\/25da02d4f76b137d04291711e2c9fc16\"},\"headline\":\"Ignatios brev till Efesierna\",\"datePublished\":\"2020-03-30T05:01:00+00:00\",\"dateModified\":\"2022-01-26T10:01:26+00:00\",\"mainEntityOfPage\":{\"@id\":\"https:\/\/blogg.svenskakyrkan.se\/vandravagen\/2020\/03\/30\/ignatios-brev-till-efesierna\/\"},\"wordCount\":594,\"commentCount\":2,\"publisher\":{\"@id\":\"https:\/\/blogg.svenskakyrkan.se\/vandravagen\/#organization\"},\"image\":{\"@id\":\"https:\/\/blogg.svenskakyrkan.se\/vandravagen\/2020\/03\/30\/ignatios-brev-till-efesierna\/#primaryimage\"},\"thumbnailUrl\":\"https:\/\/blogg.svenskakyrkan.se\/vandravagen\/files\/2020\/03\/Ignatius_of_Antiochie.jpg\",\"articleSection\":[\"apostoliska f\u00e4derna\",\"Bibeln\",\"d\u00f6den\",\"helgon\",\"historia\",\"kyrkan\"],\"inLanguage\":\"sv-SE\",\"potentialAction\":[{\"@type\":\"CommentAction\",\"name\":\"Comment\",\"target\":[\"https:\/\/blogg.svenskakyrkan.se\/vandravagen\/2020\/03\/30\/ignatios-brev-till-efesierna\/#respond\"]}]},{\"@type\":\"WebPage\",\"@id\":\"https:\/\/blogg.svenskakyrkan.se\/vandravagen\/2020\/03\/30\/ignatios-brev-till-efesierna\/\",\"url\":\"https:\/\/blogg.svenskakyrkan.se\/vandravagen\/2020\/03\/30\/ignatios-brev-till-efesierna\/\",\"name\":\"Ignatios brev till Efesierna - Vandra V\u00e4gen\",\"isPartOf\":{\"@id\":\"https:\/\/blogg.svenskakyrkan.se\/vandravagen\/#website\"},\"primaryImageOfPage\":{\"@id\":\"https:\/\/blogg.svenskakyrkan.se\/vandravagen\/2020\/03\/30\/ignatios-brev-till-efesierna\/#primaryimage\"},\"image\":{\"@id\":\"https:\/\/blogg.svenskakyrkan.se\/vandravagen\/2020\/03\/30\/ignatios-brev-till-efesierna\/#primaryimage\"},\"thumbnailUrl\":\"https:\/\/blogg.svenskakyrkan.se\/vandravagen\/files\/2020\/03\/Ignatius_of_Antiochie.jpg\",\"datePublished\":\"2020-03-30T05:01:00+00:00\",\"dateModified\":\"2022-01-26T10:01:26+00:00\",\"breadcrumb\":{\"@id\":\"https:\/\/blogg.svenskakyrkan.se\/vandravagen\/2020\/03\/30\/ignatios-brev-till-efesierna\/#breadcrumb\"},\"inLanguage\":\"sv-SE\",\"potentialAction\":[{\"@type\":\"ReadAction\",\"target\":[\"https:\/\/blogg.svenskakyrkan.se\/vandravagen\/2020\/03\/30\/ignatios-brev-till-efesierna\/\"]}]},{\"@type\":\"ImageObject\",\"inLanguage\":\"sv-SE\",\"@id\":\"https:\/\/blogg.svenskakyrkan.se\/vandravagen\/2020\/03\/30\/ignatios-brev-till-efesierna\/#primaryimage\",\"url\":\"https:\/\/blogg.svenskakyrkan.se\/vandravagen\/files\/2020\/03\/Ignatius_of_Antiochie.jpg\",\"contentUrl\":\"https:\/\/blogg.svenskakyrkan.se\/vandravagen\/files\/2020\/03\/Ignatius_of_Antiochie.jpg\",\"width\":800,\"height\":653},{\"@type\":\"BreadcrumbList\",\"@id\":\"https:\/\/blogg.svenskakyrkan.se\/vandravagen\/2020\/03\/30\/ignatios-brev-till-efesierna\/#breadcrumb\",\"itemListElement\":[{\"@type\":\"ListItem\",\"position\":1,\"name\":\"Hem\",\"item\":\"https:\/\/blogg.svenskakyrkan.se\/vandravagen\/\"},{\"@type\":\"ListItem\",\"position\":2,\"name\":\"Ignatios brev till Efesierna\"}]},{\"@type\":\"WebSite\",\"@id\":\"https:\/\/blogg.svenskakyrkan.se\/vandravagen\/#website\",\"url\":\"https:\/\/blogg.svenskakyrkan.se\/vandravagen\/\",\"name\":\"Vandra V\u00e4gen\",\"description\":\"-Mot en tro f\u00f6r hela livet\",\"publisher\":{\"@id\":\"https:\/\/blogg.svenskakyrkan.se\/vandravagen\/#organization\"},\"potentialAction\":[{\"@type\":\"SearchAction\",\"target\":{\"@type\":\"EntryPoint\",\"urlTemplate\":\"https:\/\/blogg.svenskakyrkan.se\/vandravagen\/?s={search_term_string}\"},\"query-input\":{\"@type\":\"PropertyValueSpecification\",\"valueRequired\":true,\"valueName\":\"search_term_string\"}}],\"inLanguage\":\"sv-SE\"},{\"@type\":\"Organization\",\"@id\":\"https:\/\/blogg.svenskakyrkan.se\/vandravagen\/#organization\",\"name\":\"ulricehamns pastorat\",\"alternateName\":\"ulricehamns pastorat\",\"url\":\"https:\/\/blogg.svenskakyrkan.se\/vandravagen\/\",\"logo\":{\"@type\":\"ImageObject\",\"inLanguage\":\"sv-SE\",\"@id\":\"https:\/\/blogg.svenskakyrkan.se\/vandravagen\/#\/schema\/logo\/image\/\",\"url\":\"https:\/\/blogg.svenskakyrkan.se\/vandravagen\/files\/2023\/05\/Ulr_logo_RGB.png\",\"contentUrl\":\"https:\/\/blogg.svenskakyrkan.se\/vandravagen\/files\/2023\/05\/Ulr_logo_RGB.png\",\"width\":205,\"height\":77,\"caption\":\"ulricehamns pastorat\"},\"image\":{\"@id\":\"https:\/\/blogg.svenskakyrkan.se\/vandravagen\/#\/schema\/logo\/image\/\"},\"sameAs\":[\"http:\/\/facebook.com\/vandravagen\",\"https:\/\/x.com\/fadertomas\",\"http:\/\/www.facebook.com\/svenskakyrkaniulricehamn\"]},{\"@type\":\"Person\",\"@id\":\"https:\/\/blogg.svenskakyrkan.se\/vandravagen\/#\/schema\/person\/25da02d4f76b137d04291711e2c9fc16\",\"name\":\"Tomas Jarvid\",\"image\":{\"@type\":\"ImageObject\",\"inLanguage\":\"sv-SE\",\"@id\":\"https:\/\/blogg.svenskakyrkan.se\/vandravagen\/#\/schema\/person\/image\/\",\"url\":\"https:\/\/secure.gravatar.com\/avatar\/7fa71899795e8f540f615a1f5ab25255dc27aa40f05ee7ddd21aac521e01bf50?s=96&d=identicon&r=g\",\"contentUrl\":\"https:\/\/secure.gravatar.com\/avatar\/7fa71899795e8f540f615a1f5ab25255dc27aa40f05ee7ddd21aac521e01bf50?s=96&d=identicon&r=g\",\"caption\":\"Tomas Jarvid\"},\"description\":\"Jag bor i Ulricehamn i V\u00e4sterg\u00f6tland och \u00e4r f\u00f6rsamlingspr\u00e4st i Svenska Kyrkan f\u00f6r Dalstorps f\u00f6rsamling i Kinds pastorat. P\u00e5 den h\u00e4r bloggen skriver jag ner tankar om vandringen som kristen.\",\"sameAs\":[\"http:\/\/www.vandravagen.se\"],\"url\":\"https:\/\/blogg.svenskakyrkan.se\/vandravagen\/author\/vandravagen\/\"}]}<\/script>\n<!-- \/ Yoast SEO plugin. -->","yoast_head_json":{"title":"Ignatios brev till Efesierna - Vandra V\u00e4gen","robots":{"index":"index","follow":"follow","max-snippet":"max-snippet:-1","max-image-preview":"max-image-preview:large","max-video-preview":"max-video-preview:-1"},"canonical":"https:\/\/blogg.svenskakyrkan.se\/vandravagen\/2020\/03\/30\/ignatios-brev-till-efesierna\/","og_locale":"sv_SE","og_type":"article","og_title":"Ignatios brev till Efesierna - Vandra V\u00e4gen","og_description":"Vi forts\u00e4tter vandra lite l\u00e5ngsamt genom den gamla skriftsamlingen &#8221;de apostoliska f\u00e4derna&#8221; som tar vid i tid d\u00e4r nya testamentet slutar. Efter Clemens brev f\u00f6ljer en rad brev av en biskop som heter Ignatios fr\u00e5n Antiochia. Han \u00e4r en helhj\u00e4rtad kristen som nu v\u00e4ldigt dramatiskt \u00e4r p\u00e5 v\u00e4g till Rom som f\u00e5nge f\u00f6r sin tros [&hellip;]","og_url":"https:\/\/blogg.svenskakyrkan.se\/vandravagen\/2020\/03\/30\/ignatios-brev-till-efesierna\/","og_site_name":"Vandra V\u00e4gen","article_publisher":"http:\/\/facebook.com\/vandravagen","article_published_time":"2020-03-30T05:01:00+00:00","article_modified_time":"2022-01-26T10:01:26+00:00","og_image":[{"width":800,"height":653,"url":"https:\/\/blogg.svenskakyrkan.se\/vandravagen\/files\/2020\/03\/Ignatius_of_Antiochie.jpg","type":"image\/jpeg"}],"author":"Tomas Jarvid","twitter_card":"summary_large_image","twitter_creator":"@fadertomas","twitter_site":"@fadertomas","twitter_misc":{"Skriven av":"Tomas Jarvid","Ber\u00e4knad l\u00e4stid":"3 minuter"},"schema":{"@context":"https:\/\/schema.org","@graph":[{"@type":"Article","@id":"https:\/\/blogg.svenskakyrkan.se\/vandravagen\/2020\/03\/30\/ignatios-brev-till-efesierna\/#article","isPartOf":{"@id":"https:\/\/blogg.svenskakyrkan.se\/vandravagen\/2020\/03\/30\/ignatios-brev-till-efesierna\/"},"author":{"name":"Tomas Jarvid","@id":"https:\/\/blogg.svenskakyrkan.se\/vandravagen\/#\/schema\/person\/25da02d4f76b137d04291711e2c9fc16"},"headline":"Ignatios brev till Efesierna","datePublished":"2020-03-30T05:01:00+00:00","dateModified":"2022-01-26T10:01:26+00:00","mainEntityOfPage":{"@id":"https:\/\/blogg.svenskakyrkan.se\/vandravagen\/2020\/03\/30\/ignatios-brev-till-efesierna\/"},"wordCount":594,"commentCount":2,"publisher":{"@id":"https:\/\/blogg.svenskakyrkan.se\/vandravagen\/#organization"},"image":{"@id":"https:\/\/blogg.svenskakyrkan.se\/vandravagen\/2020\/03\/30\/ignatios-brev-till-efesierna\/#primaryimage"},"thumbnailUrl":"https:\/\/blogg.svenskakyrkan.se\/vandravagen\/files\/2020\/03\/Ignatius_of_Antiochie.jpg","articleSection":["apostoliska f\u00e4derna","Bibeln","d\u00f6den","helgon","historia","kyrkan"],"inLanguage":"sv-SE","potentialAction":[{"@type":"CommentAction","name":"Comment","target":["https:\/\/blogg.svenskakyrkan.se\/vandravagen\/2020\/03\/30\/ignatios-brev-till-efesierna\/#respond"]}]},{"@type":"WebPage","@id":"https:\/\/blogg.svenskakyrkan.se\/vandravagen\/2020\/03\/30\/ignatios-brev-till-efesierna\/","url":"https:\/\/blogg.svenskakyrkan.se\/vandravagen\/2020\/03\/30\/ignatios-brev-till-efesierna\/","name":"Ignatios brev till Efesierna - Vandra V\u00e4gen","isPartOf":{"@id":"https:\/\/blogg.svenskakyrkan.se\/vandravagen\/#website"},"primaryImageOfPage":{"@id":"https:\/\/blogg.svenskakyrkan.se\/vandravagen\/2020\/03\/30\/ignatios-brev-till-efesierna\/#primaryimage"},"image":{"@id":"https:\/\/blogg.svenskakyrkan.se\/vandravagen\/2020\/03\/30\/ignatios-brev-till-efesierna\/#primaryimage"},"thumbnailUrl":"https:\/\/blogg.svenskakyrkan.se\/vandravagen\/files\/2020\/03\/Ignatius_of_Antiochie.jpg","datePublished":"2020-03-30T05:01:00+00:00","dateModified":"2022-01-26T10:01:26+00:00","breadcrumb":{"@id":"https:\/\/blogg.svenskakyrkan.se\/vandravagen\/2020\/03\/30\/ignatios-brev-till-efesierna\/#breadcrumb"},"inLanguage":"sv-SE","potentialAction":[{"@type":"ReadAction","target":["https:\/\/blogg.svenskakyrkan.se\/vandravagen\/2020\/03\/30\/ignatios-brev-till-efesierna\/"]}]},{"@type":"ImageObject","inLanguage":"sv-SE","@id":"https:\/\/blogg.svenskakyrkan.se\/vandravagen\/2020\/03\/30\/ignatios-brev-till-efesierna\/#primaryimage","url":"https:\/\/blogg.svenskakyrkan.se\/vandravagen\/files\/2020\/03\/Ignatius_of_Antiochie.jpg","contentUrl":"https:\/\/blogg.svenskakyrkan.se\/vandravagen\/files\/2020\/03\/Ignatius_of_Antiochie.jpg","width":800,"height":653},{"@type":"BreadcrumbList","@id":"https:\/\/blogg.svenskakyrkan.se\/vandravagen\/2020\/03\/30\/ignatios-brev-till-efesierna\/#breadcrumb","itemListElement":[{"@type":"ListItem","position":1,"name":"Hem","item":"https:\/\/blogg.svenskakyrkan.se\/vandravagen\/"},{"@type":"ListItem","position":2,"name":"Ignatios brev till Efesierna"}]},{"@type":"WebSite","@id":"https:\/\/blogg.svenskakyrkan.se\/vandravagen\/#website","url":"https:\/\/blogg.svenskakyrkan.se\/vandravagen\/","name":"Vandra V\u00e4gen","description":"-Mot en tro f\u00f6r hela livet","publisher":{"@id":"https:\/\/blogg.svenskakyrkan.se\/vandravagen\/#organization"},"potentialAction":[{"@type":"SearchAction","target":{"@type":"EntryPoint","urlTemplate":"https:\/\/blogg.svenskakyrkan.se\/vandravagen\/?s={search_term_string}"},"query-input":{"@type":"PropertyValueSpecification","valueRequired":true,"valueName":"search_term_string"}}],"inLanguage":"sv-SE"},{"@type":"Organization","@id":"https:\/\/blogg.svenskakyrkan.se\/vandravagen\/#organization","name":"ulricehamns pastorat","alternateName":"ulricehamns pastorat","url":"https:\/\/blogg.svenskakyrkan.se\/vandravagen\/","logo":{"@type":"ImageObject","inLanguage":"sv-SE","@id":"https:\/\/blogg.svenskakyrkan.se\/vandravagen\/#\/schema\/logo\/image\/","url":"https:\/\/blogg.svenskakyrkan.se\/vandravagen\/files\/2023\/05\/Ulr_logo_RGB.png","contentUrl":"https:\/\/blogg.svenskakyrkan.se\/vandravagen\/files\/2023\/05\/Ulr_logo_RGB.png","width":205,"height":77,"caption":"ulricehamns pastorat"},"image":{"@id":"https:\/\/blogg.svenskakyrkan.se\/vandravagen\/#\/schema\/logo\/image\/"},"sameAs":["http:\/\/facebook.com\/vandravagen","https:\/\/x.com\/fadertomas","http:\/\/www.facebook.com\/svenskakyrkaniulricehamn"]},{"@type":"Person","@id":"https:\/\/blogg.svenskakyrkan.se\/vandravagen\/#\/schema\/person\/25da02d4f76b137d04291711e2c9fc16","name":"Tomas Jarvid","image":{"@type":"ImageObject","inLanguage":"sv-SE","@id":"https:\/\/blogg.svenskakyrkan.se\/vandravagen\/#\/schema\/person\/image\/","url":"https:\/\/secure.gravatar.com\/avatar\/7fa71899795e8f540f615a1f5ab25255dc27aa40f05ee7ddd21aac521e01bf50?s=96&d=identicon&r=g","contentUrl":"https:\/\/secure.gravatar.com\/avatar\/7fa71899795e8f540f615a1f5ab25255dc27aa40f05ee7ddd21aac521e01bf50?s=96&d=identicon&r=g","caption":"Tomas Jarvid"},"description":"Jag bor i Ulricehamn i V\u00e4sterg\u00f6tland och \u00e4r f\u00f6rsamlingspr\u00e4st i Svenska Kyrkan f\u00f6r Dalstorps f\u00f6rsamling i Kinds pastorat. P\u00e5 den h\u00e4r bloggen skriver jag ner tankar om vandringen som kristen.","sameAs":["http:\/\/www.vandravagen.se"],"url":"https:\/\/blogg.svenskakyrkan.se\/vandravagen\/author\/vandravagen\/"}]}},"author_meta":{"ID":"392","user_nicename":"vandravagen","user_url":"http:\/\/www.vandravagen.se","user_registered":"2014-05-19 05:44:52","display_name":"Tomas Jarvid","first_name":"Tomas","last_name":"Jarvid","avatar":"https:\/\/secure.gravatar.com\/avatar\/7fa71899795e8f540f615a1f5ab25255dc27aa40f05ee7ddd21aac521e01bf50?s=96&d=identicon&r=g"},"featured_image":["https:\/\/blogg.svenskakyrkan.se\/vandravagen\/files\/2020\/03\/Ignatius_of_Antiochie.jpg",800,653,false],"bloginfo":{"name":"Vandra V\u00e4gen","url":"https:\/\/blogg.svenskakyrkan.se\/vandravagen"},"_links":{"self":[{"href":"https:\/\/blogg.svenskakyrkan.se\/vandravagen\/wp-json\/wp\/v2\/posts\/7689","targetHints":{"allow":["GET"]}}],"collection":[{"href":"https:\/\/blogg.svenskakyrkan.se\/vandravagen\/wp-json\/wp\/v2\/posts"}],"about":[{"href":"https:\/\/blogg.svenskakyrkan.se\/vandravagen\/wp-json\/wp\/v2\/types\/post"}],"author":[{"embeddable":true,"href":"https:\/\/blogg.svenskakyrkan.se\/vandravagen\/wp-json\/wp\/v2\/users\/392"}],"replies":[{"embeddable":true,"href":"https:\/\/blogg.svenskakyrkan.se\/vandravagen\/wp-json\/wp\/v2\/comments?post=7689"}],"version-history":[{"count":2,"href":"https:\/\/blogg.svenskakyrkan.se\/vandravagen\/wp-json\/wp\/v2\/posts\/7689\/revisions"}],"predecessor-version":[{"id":7768,"href":"https:\/\/blogg.svenskakyrkan.se\/vandravagen\/wp-json\/wp\/v2\/posts\/7689\/revisions\/7768"}],"wp:featuredmedia":[{"embeddable":true,"href":"https:\/\/blogg.svenskakyrkan.se\/vandravagen\/wp-json\/wp\/v2\/media\/7767"}],"wp:attachment":[{"href":"https:\/\/blogg.svenskakyrkan.se\/vandravagen\/wp-json\/wp\/v2\/media?parent=7689"}],"wp:term":[{"taxonomy":"category","embeddable":true,"href":"https:\/\/blogg.svenskakyrkan.se\/vandravagen\/wp-json\/wp\/v2\/categories?post=7689"},{"taxonomy":"post_tag","embeddable":true,"href":"https:\/\/blogg.svenskakyrkan.se\/vandravagen\/wp-json\/wp\/v2\/tags?post=7689"}],"curies":[{"name":"wp","href":"https:\/\/api.w.org\/{rel}","templated":true}]}}