{"id":769,"date":"2013-01-11T19:50:00","date_gmt":"2013-01-11T18:50:00","guid":{"rendered":"http:\/\/blogg.svenskakyrkan.se\/vandravagen\/2013\/01\/11\/veckans-snabbgenomgang-16\/"},"modified":"2013-01-11T19:50:00","modified_gmt":"2013-01-11T18:50:00","slug":"veckans-snabbgenomgang-16","status":"publish","type":"post","link":"https:\/\/blogg.svenskakyrkan.se\/vandravagen\/2013\/01\/11\/veckans-snabbgenomgang-16\/","title":{"rendered":"Veckans snabbgenomg\u00e5ng"},"content":{"rendered":"<div><a href=\"http:\/\/4.bp.blogspot.com\/-bdxujLDqTPc\/T1tfTM0M6PI\/AAAAAAAAAGg\/V5vUak4UBAc\/s1600\/links_iStock_000005060560XSmall.jpg\"><img loading=\"lazy\" decoding=\"async\" border=\"0\" height=\"240\" src=\"http:\/\/4.bp.blogspot.com\/-bdxujLDqTPc\/T1tfTM0M6PI\/AAAAAAAAAGg\/V5vUak4UBAc\/s320\/links_iStock_000005060560XSmall.jpg\" width=\"320\"><\/a><\/div>\n<p>F\u00f6rra veckan hann bli l\u00e5ng och den h\u00e4r blev ist\u00e4llet kort men nu t\u00e4nkte jag \u00e5terg\u00e5 till att sammanst\u00e4lla veckan s\u00e5h\u00e4r till helgsm\u00e5lstid ungef\u00e4r. Tre inl\u00e4gg som jag tycker f\u00f6rtj\u00e4nar lite l\u00e4ngre livsl\u00e4ngd;<\/p>\n<p>1, <a href=\"http:\/\/vagenixp.blogspot.se\/2013\/01\/ditt-liv-som-ambassador.html\">Ditt liv som ambassad\u00f6r<\/a>, ett ord som f\u00e5ngar det fina uppdraget som kristen?<\/p>\n<p>2, &#8221;We&#8217;re on a mission from God&#8221;, ja det \u00e4r vi. <a href=\"http:\/\/vagenixp.blogspot.se\/2013\/01\/evangeliet-enligt-blues-brothers.html\">Evangeliet enligt Blues brothers<\/a>!<\/p>\n<p>3, Till slut ut p\u00e5 k\u00e4nslig och minerad mark genom att skriva om <a href=\"http:\/\/vagenixp.blogspot.se\/2013\/01\/om-girighet-och-givande.html\">girighet och givande<\/a>!<\/p>\n<p>Det var det!<\/p>\n","protected":false},"excerpt":{"rendered":"<p>F\u00f6rra veckan hann bli l\u00e5ng och den h\u00e4r blev ist\u00e4llet kort men nu t\u00e4nkte jag \u00e5terg\u00e5 till att sammanst\u00e4lla veckan s\u00e5h\u00e4r till helgsm\u00e5lstid ungef\u00e4r. Tre inl\u00e4gg som jag tycker f\u00f6rtj\u00e4nar lite l\u00e4ngre livsl\u00e4ngd; 1, Ditt liv som ambassad\u00f6r, ett ord som f\u00e5ngar det fina uppdraget som kristen? 2, &#8221;We&#8217;re on a mission from God&#8221;, ja [&hellip;]<\/p>\n","protected":false},"author":392,"featured_media":0,"comment_status":"open","ping_status":"open","sticky":false,"template":"","format":"standard","meta":{"_acf_changed":false,"footnotes":""},"categories":[76608],"tags":[],"class_list":["post-769","post","type-post","status-publish","format-standard","hentry","category-bloggen"],"acf":[],"yoast_head":"<!-- This site is optimized with the Yoast SEO plugin v27.1.1 - https:\/\/yoast.com\/product\/yoast-seo-wordpress\/ -->\n<title>Veckans snabbgenomg\u00e5ng - Vandra V\u00e4gen<\/title>\n<meta name=\"robots\" content=\"index, follow, max-snippet:-1, max-image-preview:large, max-video-preview:-1\" \/>\n<link rel=\"canonical\" href=\"https:\/\/blogg.svenskakyrkan.se\/vandravagen\/2013\/01\/11\/veckans-snabbgenomgang-16\/\" \/>\n<meta property=\"og:locale\" content=\"sv_SE\" \/>\n<meta property=\"og:type\" content=\"article\" \/>\n<meta property=\"og:title\" content=\"Veckans snabbgenomg\u00e5ng - Vandra V\u00e4gen\" \/>\n<meta property=\"og:description\" content=\"F\u00f6rra veckan hann bli l\u00e5ng och den h\u00e4r blev ist\u00e4llet kort men nu t\u00e4nkte jag \u00e5terg\u00e5 till att sammanst\u00e4lla veckan s\u00e5h\u00e4r till helgsm\u00e5lstid ungef\u00e4r. Tre inl\u00e4gg som jag tycker f\u00f6rtj\u00e4nar lite l\u00e4ngre livsl\u00e4ngd; 1, Ditt liv som ambassad\u00f6r, ett ord som f\u00e5ngar det fina uppdraget som kristen? 2, &#8221;We&#8217;re on a mission from God&#8221;, ja [&hellip;]\" \/>\n<meta property=\"og:url\" content=\"https:\/\/blogg.svenskakyrkan.se\/vandravagen\/2013\/01\/11\/veckans-snabbgenomgang-16\/\" \/>\n<meta property=\"og:site_name\" content=\"Vandra V\u00e4gen\" \/>\n<meta property=\"article:publisher\" content=\"http:\/\/facebook.com\/vandravagen\" \/>\n<meta property=\"article:published_time\" content=\"2013-01-11T18:50:00+00:00\" \/>\n<meta property=\"og:image\" content=\"http:\/\/4.bp.blogspot.com\/-bdxujLDqTPc\/T1tfTM0M6PI\/AAAAAAAAAGg\/V5vUak4UBAc\/s320\/links_iStock_000005060560XSmall.jpg\" \/>\n<meta name=\"author\" content=\"Tomas Jarvid\" \/>\n<meta name=\"twitter:card\" content=\"summary_large_image\" \/>\n<meta name=\"twitter:creator\" content=\"@fadertomas\" \/>\n<meta name=\"twitter:site\" content=\"@fadertomas\" \/>\n<meta name=\"twitter:label1\" content=\"Skriven av\" \/>\n\t<meta name=\"twitter:data1\" content=\"Tomas Jarvid\" \/>\n<script type=\"application\/ld+json\" class=\"yoast-schema-graph\">{\"@context\":\"https:\/\/schema.org\",\"@graph\":[{\"@type\":\"Article\",\"@id\":\"https:\/\/blogg.svenskakyrkan.se\/vandravagen\/2013\/01\/11\/veckans-snabbgenomgang-16\/#article\",\"isPartOf\":{\"@id\":\"https:\/\/blogg.svenskakyrkan.se\/vandravagen\/2013\/01\/11\/veckans-snabbgenomgang-16\/\"},\"author\":{\"name\":\"Tomas Jarvid\",\"@id\":\"https:\/\/blogg.svenskakyrkan.se\/vandravagen\/#\/schema\/person\/25da02d4f76b137d04291711e2c9fc16\"},\"headline\":\"Veckans snabbgenomg\u00e5ng\",\"datePublished\":\"2013-01-11T18:50:00+00:00\",\"mainEntityOfPage\":{\"@id\":\"https:\/\/blogg.svenskakyrkan.se\/vandravagen\/2013\/01\/11\/veckans-snabbgenomgang-16\/\"},\"wordCount\":100,\"commentCount\":0,\"publisher\":{\"@id\":\"https:\/\/blogg.svenskakyrkan.se\/vandravagen\/#organization\"},\"image\":{\"@id\":\"https:\/\/blogg.svenskakyrkan.se\/vandravagen\/2013\/01\/11\/veckans-snabbgenomgang-16\/#primaryimage\"},\"thumbnailUrl\":\"http:\/\/4.bp.blogspot.com\/-bdxujLDqTPc\/T1tfTM0M6PI\/AAAAAAAAAGg\/V5vUak4UBAc\/s320\/links_iStock_000005060560XSmall.jpg\",\"articleSection\":[\"bloggen\"],\"inLanguage\":\"sv-SE\",\"potentialAction\":[{\"@type\":\"CommentAction\",\"name\":\"Comment\",\"target\":[\"https:\/\/blogg.svenskakyrkan.se\/vandravagen\/2013\/01\/11\/veckans-snabbgenomgang-16\/#respond\"]}]},{\"@type\":\"WebPage\",\"@id\":\"https:\/\/blogg.svenskakyrkan.se\/vandravagen\/2013\/01\/11\/veckans-snabbgenomgang-16\/\",\"url\":\"https:\/\/blogg.svenskakyrkan.se\/vandravagen\/2013\/01\/11\/veckans-snabbgenomgang-16\/\",\"name\":\"Veckans snabbgenomg\u00e5ng - Vandra V\u00e4gen\",\"isPartOf\":{\"@id\":\"https:\/\/blogg.svenskakyrkan.se\/vandravagen\/#website\"},\"primaryImageOfPage\":{\"@id\":\"https:\/\/blogg.svenskakyrkan.se\/vandravagen\/2013\/01\/11\/veckans-snabbgenomgang-16\/#primaryimage\"},\"image\":{\"@id\":\"https:\/\/blogg.svenskakyrkan.se\/vandravagen\/2013\/01\/11\/veckans-snabbgenomgang-16\/#primaryimage\"},\"thumbnailUrl\":\"http:\/\/4.bp.blogspot.com\/-bdxujLDqTPc\/T1tfTM0M6PI\/AAAAAAAAAGg\/V5vUak4UBAc\/s320\/links_iStock_000005060560XSmall.jpg\",\"datePublished\":\"2013-01-11T18:50:00+00:00\",\"breadcrumb\":{\"@id\":\"https:\/\/blogg.svenskakyrkan.se\/vandravagen\/2013\/01\/11\/veckans-snabbgenomgang-16\/#breadcrumb\"},\"inLanguage\":\"sv-SE\",\"potentialAction\":[{\"@type\":\"ReadAction\",\"target\":[\"https:\/\/blogg.svenskakyrkan.se\/vandravagen\/2013\/01\/11\/veckans-snabbgenomgang-16\/\"]}]},{\"@type\":\"ImageObject\",\"inLanguage\":\"sv-SE\",\"@id\":\"https:\/\/blogg.svenskakyrkan.se\/vandravagen\/2013\/01\/11\/veckans-snabbgenomgang-16\/#primaryimage\",\"url\":\"http:\/\/4.bp.blogspot.com\/-bdxujLDqTPc\/T1tfTM0M6PI\/AAAAAAAAAGg\/V5vUak4UBAc\/s320\/links_iStock_000005060560XSmall.jpg\",\"contentUrl\":\"http:\/\/4.bp.blogspot.com\/-bdxujLDqTPc\/T1tfTM0M6PI\/AAAAAAAAAGg\/V5vUak4UBAc\/s320\/links_iStock_000005060560XSmall.jpg\"},{\"@type\":\"BreadcrumbList\",\"@id\":\"https:\/\/blogg.svenskakyrkan.se\/vandravagen\/2013\/01\/11\/veckans-snabbgenomgang-16\/#breadcrumb\",\"itemListElement\":[{\"@type\":\"ListItem\",\"position\":1,\"name\":\"Hem\",\"item\":\"https:\/\/blogg.svenskakyrkan.se\/vandravagen\/\"},{\"@type\":\"ListItem\",\"position\":2,\"name\":\"Veckans snabbgenomg\u00e5ng\"}]},{\"@type\":\"WebSite\",\"@id\":\"https:\/\/blogg.svenskakyrkan.se\/vandravagen\/#website\",\"url\":\"https:\/\/blogg.svenskakyrkan.se\/vandravagen\/\",\"name\":\"Vandra V\u00e4gen\",\"description\":\"-Mot en tro f\u00f6r hela livet\",\"publisher\":{\"@id\":\"https:\/\/blogg.svenskakyrkan.se\/vandravagen\/#organization\"},\"potentialAction\":[{\"@type\":\"SearchAction\",\"target\":{\"@type\":\"EntryPoint\",\"urlTemplate\":\"https:\/\/blogg.svenskakyrkan.se\/vandravagen\/?s={search_term_string}\"},\"query-input\":{\"@type\":\"PropertyValueSpecification\",\"valueRequired\":true,\"valueName\":\"search_term_string\"}}],\"inLanguage\":\"sv-SE\"},{\"@type\":\"Organization\",\"@id\":\"https:\/\/blogg.svenskakyrkan.se\/vandravagen\/#organization\",\"name\":\"ulricehamns pastorat\",\"alternateName\":\"ulricehamns pastorat\",\"url\":\"https:\/\/blogg.svenskakyrkan.se\/vandravagen\/\",\"logo\":{\"@type\":\"ImageObject\",\"inLanguage\":\"sv-SE\",\"@id\":\"https:\/\/blogg.svenskakyrkan.se\/vandravagen\/#\/schema\/logo\/image\/\",\"url\":\"https:\/\/blogg.svenskakyrkan.se\/vandravagen\/files\/2023\/05\/Ulr_logo_RGB.png\",\"contentUrl\":\"https:\/\/blogg.svenskakyrkan.se\/vandravagen\/files\/2023\/05\/Ulr_logo_RGB.png\",\"width\":205,\"height\":77,\"caption\":\"ulricehamns pastorat\"},\"image\":{\"@id\":\"https:\/\/blogg.svenskakyrkan.se\/vandravagen\/#\/schema\/logo\/image\/\"},\"sameAs\":[\"http:\/\/facebook.com\/vandravagen\",\"https:\/\/x.com\/fadertomas\",\"http:\/\/www.facebook.com\/svenskakyrkaniulricehamn\"]},{\"@type\":\"Person\",\"@id\":\"https:\/\/blogg.svenskakyrkan.se\/vandravagen\/#\/schema\/person\/25da02d4f76b137d04291711e2c9fc16\",\"name\":\"Tomas Jarvid\",\"image\":{\"@type\":\"ImageObject\",\"inLanguage\":\"sv-SE\",\"@id\":\"https:\/\/blogg.svenskakyrkan.se\/vandravagen\/#\/schema\/person\/image\/\",\"url\":\"https:\/\/secure.gravatar.com\/avatar\/7fa71899795e8f540f615a1f5ab25255dc27aa40f05ee7ddd21aac521e01bf50?s=96&d=identicon&r=g\",\"contentUrl\":\"https:\/\/secure.gravatar.com\/avatar\/7fa71899795e8f540f615a1f5ab25255dc27aa40f05ee7ddd21aac521e01bf50?s=96&d=identicon&r=g\",\"caption\":\"Tomas Jarvid\"},\"description\":\"Jag bor i Ulricehamn i V\u00e4sterg\u00f6tland och \u00e4r f\u00f6rsamlingspr\u00e4st i Svenska Kyrkan f\u00f6r Dalstorps f\u00f6rsamling i Kinds pastorat. P\u00e5 den h\u00e4r bloggen skriver jag ner tankar om vandringen som kristen.\",\"sameAs\":[\"http:\/\/www.vandravagen.se\"],\"url\":\"https:\/\/blogg.svenskakyrkan.se\/vandravagen\/author\/vandravagen\/\"}]}<\/script>\n<!-- \/ Yoast SEO plugin. -->","yoast_head_json":{"title":"Veckans snabbgenomg\u00e5ng - Vandra V\u00e4gen","robots":{"index":"index","follow":"follow","max-snippet":"max-snippet:-1","max-image-preview":"max-image-preview:large","max-video-preview":"max-video-preview:-1"},"canonical":"https:\/\/blogg.svenskakyrkan.se\/vandravagen\/2013\/01\/11\/veckans-snabbgenomgang-16\/","og_locale":"sv_SE","og_type":"article","og_title":"Veckans snabbgenomg\u00e5ng - Vandra V\u00e4gen","og_description":"F\u00f6rra veckan hann bli l\u00e5ng och den h\u00e4r blev ist\u00e4llet kort men nu t\u00e4nkte jag \u00e5terg\u00e5 till att sammanst\u00e4lla veckan s\u00e5h\u00e4r till helgsm\u00e5lstid ungef\u00e4r. Tre inl\u00e4gg som jag tycker f\u00f6rtj\u00e4nar lite l\u00e4ngre livsl\u00e4ngd; 1, Ditt liv som ambassad\u00f6r, ett ord som f\u00e5ngar det fina uppdraget som kristen? 2, &#8221;We&#8217;re on a mission from God&#8221;, ja [&hellip;]","og_url":"https:\/\/blogg.svenskakyrkan.se\/vandravagen\/2013\/01\/11\/veckans-snabbgenomgang-16\/","og_site_name":"Vandra V\u00e4gen","article_publisher":"http:\/\/facebook.com\/vandravagen","article_published_time":"2013-01-11T18:50:00+00:00","og_image":[{"url":"http:\/\/4.bp.blogspot.com\/-bdxujLDqTPc\/T1tfTM0M6PI\/AAAAAAAAAGg\/V5vUak4UBAc\/s320\/links_iStock_000005060560XSmall.jpg","type":"","width":"","height":""}],"author":"Tomas Jarvid","twitter_card":"summary_large_image","twitter_creator":"@fadertomas","twitter_site":"@fadertomas","twitter_misc":{"Skriven av":"Tomas Jarvid"},"schema":{"@context":"https:\/\/schema.org","@graph":[{"@type":"Article","@id":"https:\/\/blogg.svenskakyrkan.se\/vandravagen\/2013\/01\/11\/veckans-snabbgenomgang-16\/#article","isPartOf":{"@id":"https:\/\/blogg.svenskakyrkan.se\/vandravagen\/2013\/01\/11\/veckans-snabbgenomgang-16\/"},"author":{"name":"Tomas Jarvid","@id":"https:\/\/blogg.svenskakyrkan.se\/vandravagen\/#\/schema\/person\/25da02d4f76b137d04291711e2c9fc16"},"headline":"Veckans snabbgenomg\u00e5ng","datePublished":"2013-01-11T18:50:00+00:00","mainEntityOfPage":{"@id":"https:\/\/blogg.svenskakyrkan.se\/vandravagen\/2013\/01\/11\/veckans-snabbgenomgang-16\/"},"wordCount":100,"commentCount":0,"publisher":{"@id":"https:\/\/blogg.svenskakyrkan.se\/vandravagen\/#organization"},"image":{"@id":"https:\/\/blogg.svenskakyrkan.se\/vandravagen\/2013\/01\/11\/veckans-snabbgenomgang-16\/#primaryimage"},"thumbnailUrl":"http:\/\/4.bp.blogspot.com\/-bdxujLDqTPc\/T1tfTM0M6PI\/AAAAAAAAAGg\/V5vUak4UBAc\/s320\/links_iStock_000005060560XSmall.jpg","articleSection":["bloggen"],"inLanguage":"sv-SE","potentialAction":[{"@type":"CommentAction","name":"Comment","target":["https:\/\/blogg.svenskakyrkan.se\/vandravagen\/2013\/01\/11\/veckans-snabbgenomgang-16\/#respond"]}]},{"@type":"WebPage","@id":"https:\/\/blogg.svenskakyrkan.se\/vandravagen\/2013\/01\/11\/veckans-snabbgenomgang-16\/","url":"https:\/\/blogg.svenskakyrkan.se\/vandravagen\/2013\/01\/11\/veckans-snabbgenomgang-16\/","name":"Veckans snabbgenomg\u00e5ng - Vandra V\u00e4gen","isPartOf":{"@id":"https:\/\/blogg.svenskakyrkan.se\/vandravagen\/#website"},"primaryImageOfPage":{"@id":"https:\/\/blogg.svenskakyrkan.se\/vandravagen\/2013\/01\/11\/veckans-snabbgenomgang-16\/#primaryimage"},"image":{"@id":"https:\/\/blogg.svenskakyrkan.se\/vandravagen\/2013\/01\/11\/veckans-snabbgenomgang-16\/#primaryimage"},"thumbnailUrl":"http:\/\/4.bp.blogspot.com\/-bdxujLDqTPc\/T1tfTM0M6PI\/AAAAAAAAAGg\/V5vUak4UBAc\/s320\/links_iStock_000005060560XSmall.jpg","datePublished":"2013-01-11T18:50:00+00:00","breadcrumb":{"@id":"https:\/\/blogg.svenskakyrkan.se\/vandravagen\/2013\/01\/11\/veckans-snabbgenomgang-16\/#breadcrumb"},"inLanguage":"sv-SE","potentialAction":[{"@type":"ReadAction","target":["https:\/\/blogg.svenskakyrkan.se\/vandravagen\/2013\/01\/11\/veckans-snabbgenomgang-16\/"]}]},{"@type":"ImageObject","inLanguage":"sv-SE","@id":"https:\/\/blogg.svenskakyrkan.se\/vandravagen\/2013\/01\/11\/veckans-snabbgenomgang-16\/#primaryimage","url":"http:\/\/4.bp.blogspot.com\/-bdxujLDqTPc\/T1tfTM0M6PI\/AAAAAAAAAGg\/V5vUak4UBAc\/s320\/links_iStock_000005060560XSmall.jpg","contentUrl":"http:\/\/4.bp.blogspot.com\/-bdxujLDqTPc\/T1tfTM0M6PI\/AAAAAAAAAGg\/V5vUak4UBAc\/s320\/links_iStock_000005060560XSmall.jpg"},{"@type":"BreadcrumbList","@id":"https:\/\/blogg.svenskakyrkan.se\/vandravagen\/2013\/01\/11\/veckans-snabbgenomgang-16\/#breadcrumb","itemListElement":[{"@type":"ListItem","position":1,"name":"Hem","item":"https:\/\/blogg.svenskakyrkan.se\/vandravagen\/"},{"@type":"ListItem","position":2,"name":"Veckans snabbgenomg\u00e5ng"}]},{"@type":"WebSite","@id":"https:\/\/blogg.svenskakyrkan.se\/vandravagen\/#website","url":"https:\/\/blogg.svenskakyrkan.se\/vandravagen\/","name":"Vandra V\u00e4gen","description":"-Mot en tro f\u00f6r hela livet","publisher":{"@id":"https:\/\/blogg.svenskakyrkan.se\/vandravagen\/#organization"},"potentialAction":[{"@type":"SearchAction","target":{"@type":"EntryPoint","urlTemplate":"https:\/\/blogg.svenskakyrkan.se\/vandravagen\/?s={search_term_string}"},"query-input":{"@type":"PropertyValueSpecification","valueRequired":true,"valueName":"search_term_string"}}],"inLanguage":"sv-SE"},{"@type":"Organization","@id":"https:\/\/blogg.svenskakyrkan.se\/vandravagen\/#organization","name":"ulricehamns pastorat","alternateName":"ulricehamns pastorat","url":"https:\/\/blogg.svenskakyrkan.se\/vandravagen\/","logo":{"@type":"ImageObject","inLanguage":"sv-SE","@id":"https:\/\/blogg.svenskakyrkan.se\/vandravagen\/#\/schema\/logo\/image\/","url":"https:\/\/blogg.svenskakyrkan.se\/vandravagen\/files\/2023\/05\/Ulr_logo_RGB.png","contentUrl":"https:\/\/blogg.svenskakyrkan.se\/vandravagen\/files\/2023\/05\/Ulr_logo_RGB.png","width":205,"height":77,"caption":"ulricehamns pastorat"},"image":{"@id":"https:\/\/blogg.svenskakyrkan.se\/vandravagen\/#\/schema\/logo\/image\/"},"sameAs":["http:\/\/facebook.com\/vandravagen","https:\/\/x.com\/fadertomas","http:\/\/www.facebook.com\/svenskakyrkaniulricehamn"]},{"@type":"Person","@id":"https:\/\/blogg.svenskakyrkan.se\/vandravagen\/#\/schema\/person\/25da02d4f76b137d04291711e2c9fc16","name":"Tomas Jarvid","image":{"@type":"ImageObject","inLanguage":"sv-SE","@id":"https:\/\/blogg.svenskakyrkan.se\/vandravagen\/#\/schema\/person\/image\/","url":"https:\/\/secure.gravatar.com\/avatar\/7fa71899795e8f540f615a1f5ab25255dc27aa40f05ee7ddd21aac521e01bf50?s=96&d=identicon&r=g","contentUrl":"https:\/\/secure.gravatar.com\/avatar\/7fa71899795e8f540f615a1f5ab25255dc27aa40f05ee7ddd21aac521e01bf50?s=96&d=identicon&r=g","caption":"Tomas Jarvid"},"description":"Jag bor i Ulricehamn i V\u00e4sterg\u00f6tland och \u00e4r f\u00f6rsamlingspr\u00e4st i Svenska Kyrkan f\u00f6r Dalstorps f\u00f6rsamling i Kinds pastorat. P\u00e5 den h\u00e4r bloggen skriver jag ner tankar om vandringen som kristen.","sameAs":["http:\/\/www.vandravagen.se"],"url":"https:\/\/blogg.svenskakyrkan.se\/vandravagen\/author\/vandravagen\/"}]}},"author_meta":{"ID":"392","user_nicename":"vandravagen","user_url":"http:\/\/www.vandravagen.se","user_registered":"2014-05-19 05:44:52","display_name":"Tomas Jarvid","first_name":"Tomas","last_name":"Jarvid","avatar":"https:\/\/secure.gravatar.com\/avatar\/7fa71899795e8f540f615a1f5ab25255dc27aa40f05ee7ddd21aac521e01bf50?s=96&d=identicon&r=g"},"featured_image":false,"bloginfo":{"name":"Vandra V\u00e4gen","url":"https:\/\/blogg.svenskakyrkan.se\/vandravagen"},"_links":{"self":[{"href":"https:\/\/blogg.svenskakyrkan.se\/vandravagen\/wp-json\/wp\/v2\/posts\/769","targetHints":{"allow":["GET"]}}],"collection":[{"href":"https:\/\/blogg.svenskakyrkan.se\/vandravagen\/wp-json\/wp\/v2\/posts"}],"about":[{"href":"https:\/\/blogg.svenskakyrkan.se\/vandravagen\/wp-json\/wp\/v2\/types\/post"}],"author":[{"embeddable":true,"href":"https:\/\/blogg.svenskakyrkan.se\/vandravagen\/wp-json\/wp\/v2\/users\/392"}],"replies":[{"embeddable":true,"href":"https:\/\/blogg.svenskakyrkan.se\/vandravagen\/wp-json\/wp\/v2\/comments?post=769"}],"version-history":[{"count":0,"href":"https:\/\/blogg.svenskakyrkan.se\/vandravagen\/wp-json\/wp\/v2\/posts\/769\/revisions"}],"wp:attachment":[{"href":"https:\/\/blogg.svenskakyrkan.se\/vandravagen\/wp-json\/wp\/v2\/media?parent=769"}],"wp:term":[{"taxonomy":"category","embeddable":true,"href":"https:\/\/blogg.svenskakyrkan.se\/vandravagen\/wp-json\/wp\/v2\/categories?post=769"},{"taxonomy":"post_tag","embeddable":true,"href":"https:\/\/blogg.svenskakyrkan.se\/vandravagen\/wp-json\/wp\/v2\/tags?post=769"}],"curies":[{"name":"wp","href":"https:\/\/api.w.org\/{rel}","templated":true}]}}