{"id":77,"date":"2014-04-17T06:58:00","date_gmt":"2014-04-17T04:58:00","guid":{"rendered":"http:\/\/blogg.svenskakyrkan.se\/vandravagen\/2014\/04\/17\/varfor-heter-det-skartorsdag\/"},"modified":"2014-04-17T06:58:00","modified_gmt":"2014-04-17T04:58:00","slug":"varfor-heter-det-skartorsdag","status":"publish","type":"post","link":"https:\/\/blogg.svenskakyrkan.se\/vandravagen\/2014\/04\/17\/varfor-heter-det-skartorsdag\/","title":{"rendered":"Varf\u00f6r heter det sk\u00e4rtorsdag?"},"content":{"rendered":"<table align=\"center\" cellpadding=\"0\" cellspacing=\"0\">\n<tbody>\n<tr>\n<td><a href=\"http:\/\/4.bp.blogspot.com\/-53rSV0m1ez0\/U07oShsyvRI\/AAAAAAAAHVc\/Uzgd9YruO_8\/s1600\/14+DUCCIO+WASHING+OF+THE+FEET+THE.jpg\"><img loading=\"lazy\" decoding=\"async\" border=\"0\" src=\"http:\/\/4.bp.blogspot.com\/-53rSV0m1ez0\/U07oShsyvRI\/AAAAAAAAHVc\/Uzgd9YruO_8\/s1600\/14+DUCCIO+WASHING+OF+THE+FEET+THE.jpg\" height=\"614\" width=\"640\"><\/a><\/td>\n<\/tr>\n<tr>\n<td>Visst ser de r\u00e4tt ovilliga ut?<\/td>\n<\/tr>\n<\/tbody>\n<\/table>\n<p><span><br \/><\/span><span>Idag \u00e4r det sk\u00e4rtorsdagen. Varf\u00f6r heter dagen s\u00e5?<\/span><br \/><span><br \/><\/span><span>Jag trodde l\u00e4nge att det var p\u00e5 grund av episoden i Getsemane tr\u00e4dg\u00e5rd d\u00e5 Petrus h\u00f6gg av ett \u00f6ra p\u00e5 en av \u00f6verstepr\u00e4stens tj\u00e4nare men s\u00e5 \u00e4r det inte. Det har inte heller n\u00e5got med f\u00e4rgen sk\u00e4r att g\u00f6ra.<\/span><br \/><span><br \/><\/span><span><span>&#8221;Sk\u00e4r&#8221; har ist\u00e4llet med renhet att g\u00f6ra. Ren, vacker, klar, blank, etc. Det \u00e4r ett fornnordiskt ord som lever kvar i ordet sk\u00e4rseld (=reningseld) eller i psalmen d\u00e4r Jesus &#8221;f\u00f6ddes av en\u00a0jungfru sk\u00e4r&#8221; (=ren).<\/span><\/span><\/p>\n<p><span><span>Det var denna kv\u00e4ll, allts\u00e5 kv\u00e4llen f\u00f6re sin avr\u00e4ttning, som Jesus firade p\u00e5skm\u00e5ltid med sina l\u00e4rjungar och instiftade nattvarden, och i samband med detta tv\u00e4ttar han ocks\u00e5 deras f\u00f6tter. En uppgift som borde tillkommit n\u00e5gon mer ringa. I Bibeln h\u00f6r dessa b\u00e5da h\u00e4ndelser ihop och f\u00f6rklarar varandra. Det\u00a0Jesus s\u00e4ger i nattvarden pekar mot hans d\u00f6d p\u00e5 korset, och det g\u00f6r fottv\u00e4tten ocks\u00e5.\u00a0<\/span><\/span><br \/><span><span><br \/><\/span><\/span><span><span>Sk\u00e4rtorsdagen \u00e4r allts\u00e5 en reningsdag. P\u00e5 en del h\u00e5ll tv\u00e4ttas det f\u00f6tter i gudstj\u00e4nster men p\u00e5 v\u00e4ldigt m\u00e5nga st\u00e4llen firas det sk\u00e4rtorsdagsm\u00e4ssa i kv\u00e4ll. Att g\u00e5 till m\u00e4ssan \u00e4r ocks\u00e5 alltid att l\u00e5ta Jesus betj\u00e4na oss och tv\u00e4tta oss rena.<\/span><\/span><br \/><span><span><br \/><\/span><\/span><span><span>Dagen inf\u00f6rdes p\u00e5 300-talet och var d\u00e5 en f\u00f6rsoningsdag f\u00f6r borg\u00f6rare, vilket ju passar bra.<\/span><\/span><br \/><span><span><br \/><\/span><\/span><span><span>Hur firar du sk\u00e4rtorsdag? I Sverige \u00e4r det ofta andra saker i f\u00f6rgrunden. P\u00e5skk\u00e4rringar och s\u00e5na grejer. Detta var natten d\u00e5 m\u00f6rkret h\u00e4rskade (grunden till det var nog att Jesus var gripen och utl\u00e4mnad) och d\u00e5 for h\u00e4xorna f\u00f6r att fira med kalas p\u00e5 bl\u00e5kulla. Det g\u00e4llde att h\u00e5lla spj\u00e4llen p\u00e5 skorstenen st\u00e4ngda s\u00e5 de inte trillade in rent bokstavligt&#8230;<\/span><\/span><\/p>\n","protected":false},"excerpt":{"rendered":"<p>Visst ser de r\u00e4tt ovilliga ut? Idag \u00e4r det sk\u00e4rtorsdagen. Varf\u00f6r heter dagen s\u00e5?Jag trodde l\u00e4nge att det var p\u00e5 grund av episoden i Getsemane tr\u00e4dg\u00e5rd d\u00e5 Petrus h\u00f6gg av ett \u00f6ra p\u00e5 en av \u00f6verstepr\u00e4stens tj\u00e4nare men s\u00e5 \u00e4r det inte. Det har inte heller n\u00e5got med f\u00e4rgen sk\u00e4r att g\u00f6ra.&#8221;Sk\u00e4r&#8221; har ist\u00e4llet med [&hellip;]<\/p>\n","protected":false},"author":392,"featured_media":0,"comment_status":"open","ping_status":"open","sticky":false,"template":"","format":"standard","meta":{"_acf_changed":false,"footnotes":""},"categories":[76189,8252,45265,117],"tags":[],"class_list":["post-77","post","type-post","status-publish","format-standard","hentry","category-dagens-kyrka","category-kyrkoaret","category-ord","category-teologi"],"acf":[],"yoast_head":"<!-- This site is optimized with the Yoast SEO plugin v27.1.1 - https:\/\/yoast.com\/product\/yoast-seo-wordpress\/ -->\n<title>Varf\u00f6r heter det sk\u00e4rtorsdag? - Vandra V\u00e4gen<\/title>\n<meta name=\"robots\" content=\"index, follow, max-snippet:-1, max-image-preview:large, max-video-preview:-1\" \/>\n<link rel=\"canonical\" href=\"https:\/\/blogg.svenskakyrkan.se\/vandravagen\/2014\/04\/17\/varfor-heter-det-skartorsdag\/\" \/>\n<meta property=\"og:locale\" content=\"sv_SE\" \/>\n<meta property=\"og:type\" content=\"article\" \/>\n<meta property=\"og:title\" content=\"Varf\u00f6r heter det sk\u00e4rtorsdag? - Vandra V\u00e4gen\" \/>\n<meta property=\"og:description\" content=\"Visst ser de r\u00e4tt ovilliga ut? Idag \u00e4r det sk\u00e4rtorsdagen. Varf\u00f6r heter dagen s\u00e5?Jag trodde l\u00e4nge att det var p\u00e5 grund av episoden i Getsemane tr\u00e4dg\u00e5rd d\u00e5 Petrus h\u00f6gg av ett \u00f6ra p\u00e5 en av \u00f6verstepr\u00e4stens tj\u00e4nare men s\u00e5 \u00e4r det inte. Det har inte heller n\u00e5got med f\u00e4rgen sk\u00e4r att g\u00f6ra.&#8221;Sk\u00e4r&#8221; har ist\u00e4llet med [&hellip;]\" \/>\n<meta property=\"og:url\" content=\"https:\/\/blogg.svenskakyrkan.se\/vandravagen\/2014\/04\/17\/varfor-heter-det-skartorsdag\/\" \/>\n<meta property=\"og:site_name\" content=\"Vandra V\u00e4gen\" \/>\n<meta property=\"article:publisher\" content=\"http:\/\/facebook.com\/vandravagen\" \/>\n<meta property=\"article:published_time\" content=\"2014-04-17T04:58:00+00:00\" \/>\n<meta property=\"og:image\" content=\"http:\/\/4.bp.blogspot.com\/-53rSV0m1ez0\/U07oShsyvRI\/AAAAAAAAHVc\/Uzgd9YruO_8\/s1600\/14+DUCCIO+WASHING+OF+THE+FEET+THE.jpg\" \/>\n<meta name=\"author\" content=\"Tomas Jarvid\" \/>\n<meta name=\"twitter:card\" content=\"summary_large_image\" \/>\n<meta name=\"twitter:creator\" content=\"@fadertomas\" \/>\n<meta name=\"twitter:site\" content=\"@fadertomas\" \/>\n<meta name=\"twitter:label1\" content=\"Skriven av\" \/>\n\t<meta name=\"twitter:data1\" content=\"Tomas Jarvid\" \/>\n\t<meta name=\"twitter:label2\" content=\"Ber\u00e4knad l\u00e4stid\" \/>\n\t<meta name=\"twitter:data2\" content=\"2 minuter\" \/>\n<script type=\"application\/ld+json\" class=\"yoast-schema-graph\">{\"@context\":\"https:\/\/schema.org\",\"@graph\":[{\"@type\":\"Article\",\"@id\":\"https:\/\/blogg.svenskakyrkan.se\/vandravagen\/2014\/04\/17\/varfor-heter-det-skartorsdag\/#article\",\"isPartOf\":{\"@id\":\"https:\/\/blogg.svenskakyrkan.se\/vandravagen\/2014\/04\/17\/varfor-heter-det-skartorsdag\/\"},\"author\":{\"name\":\"Tomas Jarvid\",\"@id\":\"https:\/\/blogg.svenskakyrkan.se\/vandravagen\/#\/schema\/person\/25da02d4f76b137d04291711e2c9fc16\"},\"headline\":\"Varf\u00f6r heter det sk\u00e4rtorsdag?\",\"datePublished\":\"2014-04-17T04:58:00+00:00\",\"mainEntityOfPage\":{\"@id\":\"https:\/\/blogg.svenskakyrkan.se\/vandravagen\/2014\/04\/17\/varfor-heter-det-skartorsdag\/\"},\"wordCount\":344,\"commentCount\":2,\"publisher\":{\"@id\":\"https:\/\/blogg.svenskakyrkan.se\/vandravagen\/#organization\"},\"image\":{\"@id\":\"https:\/\/blogg.svenskakyrkan.se\/vandravagen\/2014\/04\/17\/varfor-heter-det-skartorsdag\/#primaryimage\"},\"thumbnailUrl\":\"http:\/\/4.bp.blogspot.com\/-53rSV0m1ez0\/U07oShsyvRI\/AAAAAAAAHVc\/Uzgd9YruO_8\/s1600\/14+DUCCIO+WASHING+OF+THE+FEET+THE.jpg\",\"articleSection\":[\"Dagens Kyrka\",\"kyrko\u00e5ret\",\"ord\",\"Teologi\"],\"inLanguage\":\"sv-SE\",\"potentialAction\":[{\"@type\":\"CommentAction\",\"name\":\"Comment\",\"target\":[\"https:\/\/blogg.svenskakyrkan.se\/vandravagen\/2014\/04\/17\/varfor-heter-det-skartorsdag\/#respond\"]}]},{\"@type\":\"WebPage\",\"@id\":\"https:\/\/blogg.svenskakyrkan.se\/vandravagen\/2014\/04\/17\/varfor-heter-det-skartorsdag\/\",\"url\":\"https:\/\/blogg.svenskakyrkan.se\/vandravagen\/2014\/04\/17\/varfor-heter-det-skartorsdag\/\",\"name\":\"Varf\u00f6r heter det sk\u00e4rtorsdag? - Vandra V\u00e4gen\",\"isPartOf\":{\"@id\":\"https:\/\/blogg.svenskakyrkan.se\/vandravagen\/#website\"},\"primaryImageOfPage\":{\"@id\":\"https:\/\/blogg.svenskakyrkan.se\/vandravagen\/2014\/04\/17\/varfor-heter-det-skartorsdag\/#primaryimage\"},\"image\":{\"@id\":\"https:\/\/blogg.svenskakyrkan.se\/vandravagen\/2014\/04\/17\/varfor-heter-det-skartorsdag\/#primaryimage\"},\"thumbnailUrl\":\"http:\/\/4.bp.blogspot.com\/-53rSV0m1ez0\/U07oShsyvRI\/AAAAAAAAHVc\/Uzgd9YruO_8\/s1600\/14+DUCCIO+WASHING+OF+THE+FEET+THE.jpg\",\"datePublished\":\"2014-04-17T04:58:00+00:00\",\"breadcrumb\":{\"@id\":\"https:\/\/blogg.svenskakyrkan.se\/vandravagen\/2014\/04\/17\/varfor-heter-det-skartorsdag\/#breadcrumb\"},\"inLanguage\":\"sv-SE\",\"potentialAction\":[{\"@type\":\"ReadAction\",\"target\":[\"https:\/\/blogg.svenskakyrkan.se\/vandravagen\/2014\/04\/17\/varfor-heter-det-skartorsdag\/\"]}]},{\"@type\":\"ImageObject\",\"inLanguage\":\"sv-SE\",\"@id\":\"https:\/\/blogg.svenskakyrkan.se\/vandravagen\/2014\/04\/17\/varfor-heter-det-skartorsdag\/#primaryimage\",\"url\":\"http:\/\/4.bp.blogspot.com\/-53rSV0m1ez0\/U07oShsyvRI\/AAAAAAAAHVc\/Uzgd9YruO_8\/s1600\/14+DUCCIO+WASHING+OF+THE+FEET+THE.jpg\",\"contentUrl\":\"http:\/\/4.bp.blogspot.com\/-53rSV0m1ez0\/U07oShsyvRI\/AAAAAAAAHVc\/Uzgd9YruO_8\/s1600\/14+DUCCIO+WASHING+OF+THE+FEET+THE.jpg\"},{\"@type\":\"BreadcrumbList\",\"@id\":\"https:\/\/blogg.svenskakyrkan.se\/vandravagen\/2014\/04\/17\/varfor-heter-det-skartorsdag\/#breadcrumb\",\"itemListElement\":[{\"@type\":\"ListItem\",\"position\":1,\"name\":\"Hem\",\"item\":\"https:\/\/blogg.svenskakyrkan.se\/vandravagen\/\"},{\"@type\":\"ListItem\",\"position\":2,\"name\":\"Varf\u00f6r heter det sk\u00e4rtorsdag?\"}]},{\"@type\":\"WebSite\",\"@id\":\"https:\/\/blogg.svenskakyrkan.se\/vandravagen\/#website\",\"url\":\"https:\/\/blogg.svenskakyrkan.se\/vandravagen\/\",\"name\":\"Vandra V\u00e4gen\",\"description\":\"-Mot en tro f\u00f6r hela livet\",\"publisher\":{\"@id\":\"https:\/\/blogg.svenskakyrkan.se\/vandravagen\/#organization\"},\"potentialAction\":[{\"@type\":\"SearchAction\",\"target\":{\"@type\":\"EntryPoint\",\"urlTemplate\":\"https:\/\/blogg.svenskakyrkan.se\/vandravagen\/?s={search_term_string}\"},\"query-input\":{\"@type\":\"PropertyValueSpecification\",\"valueRequired\":true,\"valueName\":\"search_term_string\"}}],\"inLanguage\":\"sv-SE\"},{\"@type\":\"Organization\",\"@id\":\"https:\/\/blogg.svenskakyrkan.se\/vandravagen\/#organization\",\"name\":\"ulricehamns pastorat\",\"alternateName\":\"ulricehamns pastorat\",\"url\":\"https:\/\/blogg.svenskakyrkan.se\/vandravagen\/\",\"logo\":{\"@type\":\"ImageObject\",\"inLanguage\":\"sv-SE\",\"@id\":\"https:\/\/blogg.svenskakyrkan.se\/vandravagen\/#\/schema\/logo\/image\/\",\"url\":\"https:\/\/blogg.svenskakyrkan.se\/vandravagen\/files\/2023\/05\/Ulr_logo_RGB.png\",\"contentUrl\":\"https:\/\/blogg.svenskakyrkan.se\/vandravagen\/files\/2023\/05\/Ulr_logo_RGB.png\",\"width\":205,\"height\":77,\"caption\":\"ulricehamns pastorat\"},\"image\":{\"@id\":\"https:\/\/blogg.svenskakyrkan.se\/vandravagen\/#\/schema\/logo\/image\/\"},\"sameAs\":[\"http:\/\/facebook.com\/vandravagen\",\"https:\/\/x.com\/fadertomas\",\"http:\/\/www.facebook.com\/svenskakyrkaniulricehamn\"]},{\"@type\":\"Person\",\"@id\":\"https:\/\/blogg.svenskakyrkan.se\/vandravagen\/#\/schema\/person\/25da02d4f76b137d04291711e2c9fc16\",\"name\":\"Tomas Jarvid\",\"image\":{\"@type\":\"ImageObject\",\"inLanguage\":\"sv-SE\",\"@id\":\"https:\/\/blogg.svenskakyrkan.se\/vandravagen\/#\/schema\/person\/image\/\",\"url\":\"https:\/\/secure.gravatar.com\/avatar\/7fa71899795e8f540f615a1f5ab25255dc27aa40f05ee7ddd21aac521e01bf50?s=96&d=identicon&r=g\",\"contentUrl\":\"https:\/\/secure.gravatar.com\/avatar\/7fa71899795e8f540f615a1f5ab25255dc27aa40f05ee7ddd21aac521e01bf50?s=96&d=identicon&r=g\",\"caption\":\"Tomas Jarvid\"},\"description\":\"Jag bor i Ulricehamn i V\u00e4sterg\u00f6tland och \u00e4r f\u00f6rsamlingspr\u00e4st i Svenska Kyrkan f\u00f6r Dalstorps f\u00f6rsamling i Kinds pastorat. P\u00e5 den h\u00e4r bloggen skriver jag ner tankar om vandringen som kristen.\",\"sameAs\":[\"http:\/\/www.vandravagen.se\"],\"url\":\"https:\/\/blogg.svenskakyrkan.se\/vandravagen\/author\/vandravagen\/\"}]}<\/script>\n<!-- \/ Yoast SEO plugin. -->","yoast_head_json":{"title":"Varf\u00f6r heter det sk\u00e4rtorsdag? - Vandra V\u00e4gen","robots":{"index":"index","follow":"follow","max-snippet":"max-snippet:-1","max-image-preview":"max-image-preview:large","max-video-preview":"max-video-preview:-1"},"canonical":"https:\/\/blogg.svenskakyrkan.se\/vandravagen\/2014\/04\/17\/varfor-heter-det-skartorsdag\/","og_locale":"sv_SE","og_type":"article","og_title":"Varf\u00f6r heter det sk\u00e4rtorsdag? - Vandra V\u00e4gen","og_description":"Visst ser de r\u00e4tt ovilliga ut? Idag \u00e4r det sk\u00e4rtorsdagen. Varf\u00f6r heter dagen s\u00e5?Jag trodde l\u00e4nge att det var p\u00e5 grund av episoden i Getsemane tr\u00e4dg\u00e5rd d\u00e5 Petrus h\u00f6gg av ett \u00f6ra p\u00e5 en av \u00f6verstepr\u00e4stens tj\u00e4nare men s\u00e5 \u00e4r det inte. Det har inte heller n\u00e5got med f\u00e4rgen sk\u00e4r att g\u00f6ra.&#8221;Sk\u00e4r&#8221; har ist\u00e4llet med [&hellip;]","og_url":"https:\/\/blogg.svenskakyrkan.se\/vandravagen\/2014\/04\/17\/varfor-heter-det-skartorsdag\/","og_site_name":"Vandra V\u00e4gen","article_publisher":"http:\/\/facebook.com\/vandravagen","article_published_time":"2014-04-17T04:58:00+00:00","og_image":[{"url":"http:\/\/4.bp.blogspot.com\/-53rSV0m1ez0\/U07oShsyvRI\/AAAAAAAAHVc\/Uzgd9YruO_8\/s1600\/14+DUCCIO+WASHING+OF+THE+FEET+THE.jpg","type":"","width":"","height":""}],"author":"Tomas Jarvid","twitter_card":"summary_large_image","twitter_creator":"@fadertomas","twitter_site":"@fadertomas","twitter_misc":{"Skriven av":"Tomas Jarvid","Ber\u00e4knad l\u00e4stid":"2 minuter"},"schema":{"@context":"https:\/\/schema.org","@graph":[{"@type":"Article","@id":"https:\/\/blogg.svenskakyrkan.se\/vandravagen\/2014\/04\/17\/varfor-heter-det-skartorsdag\/#article","isPartOf":{"@id":"https:\/\/blogg.svenskakyrkan.se\/vandravagen\/2014\/04\/17\/varfor-heter-det-skartorsdag\/"},"author":{"name":"Tomas Jarvid","@id":"https:\/\/blogg.svenskakyrkan.se\/vandravagen\/#\/schema\/person\/25da02d4f76b137d04291711e2c9fc16"},"headline":"Varf\u00f6r heter det sk\u00e4rtorsdag?","datePublished":"2014-04-17T04:58:00+00:00","mainEntityOfPage":{"@id":"https:\/\/blogg.svenskakyrkan.se\/vandravagen\/2014\/04\/17\/varfor-heter-det-skartorsdag\/"},"wordCount":344,"commentCount":2,"publisher":{"@id":"https:\/\/blogg.svenskakyrkan.se\/vandravagen\/#organization"},"image":{"@id":"https:\/\/blogg.svenskakyrkan.se\/vandravagen\/2014\/04\/17\/varfor-heter-det-skartorsdag\/#primaryimage"},"thumbnailUrl":"http:\/\/4.bp.blogspot.com\/-53rSV0m1ez0\/U07oShsyvRI\/AAAAAAAAHVc\/Uzgd9YruO_8\/s1600\/14+DUCCIO+WASHING+OF+THE+FEET+THE.jpg","articleSection":["Dagens Kyrka","kyrko\u00e5ret","ord","Teologi"],"inLanguage":"sv-SE","potentialAction":[{"@type":"CommentAction","name":"Comment","target":["https:\/\/blogg.svenskakyrkan.se\/vandravagen\/2014\/04\/17\/varfor-heter-det-skartorsdag\/#respond"]}]},{"@type":"WebPage","@id":"https:\/\/blogg.svenskakyrkan.se\/vandravagen\/2014\/04\/17\/varfor-heter-det-skartorsdag\/","url":"https:\/\/blogg.svenskakyrkan.se\/vandravagen\/2014\/04\/17\/varfor-heter-det-skartorsdag\/","name":"Varf\u00f6r heter det sk\u00e4rtorsdag? - Vandra V\u00e4gen","isPartOf":{"@id":"https:\/\/blogg.svenskakyrkan.se\/vandravagen\/#website"},"primaryImageOfPage":{"@id":"https:\/\/blogg.svenskakyrkan.se\/vandravagen\/2014\/04\/17\/varfor-heter-det-skartorsdag\/#primaryimage"},"image":{"@id":"https:\/\/blogg.svenskakyrkan.se\/vandravagen\/2014\/04\/17\/varfor-heter-det-skartorsdag\/#primaryimage"},"thumbnailUrl":"http:\/\/4.bp.blogspot.com\/-53rSV0m1ez0\/U07oShsyvRI\/AAAAAAAAHVc\/Uzgd9YruO_8\/s1600\/14+DUCCIO+WASHING+OF+THE+FEET+THE.jpg","datePublished":"2014-04-17T04:58:00+00:00","breadcrumb":{"@id":"https:\/\/blogg.svenskakyrkan.se\/vandravagen\/2014\/04\/17\/varfor-heter-det-skartorsdag\/#breadcrumb"},"inLanguage":"sv-SE","potentialAction":[{"@type":"ReadAction","target":["https:\/\/blogg.svenskakyrkan.se\/vandravagen\/2014\/04\/17\/varfor-heter-det-skartorsdag\/"]}]},{"@type":"ImageObject","inLanguage":"sv-SE","@id":"https:\/\/blogg.svenskakyrkan.se\/vandravagen\/2014\/04\/17\/varfor-heter-det-skartorsdag\/#primaryimage","url":"http:\/\/4.bp.blogspot.com\/-53rSV0m1ez0\/U07oShsyvRI\/AAAAAAAAHVc\/Uzgd9YruO_8\/s1600\/14+DUCCIO+WASHING+OF+THE+FEET+THE.jpg","contentUrl":"http:\/\/4.bp.blogspot.com\/-53rSV0m1ez0\/U07oShsyvRI\/AAAAAAAAHVc\/Uzgd9YruO_8\/s1600\/14+DUCCIO+WASHING+OF+THE+FEET+THE.jpg"},{"@type":"BreadcrumbList","@id":"https:\/\/blogg.svenskakyrkan.se\/vandravagen\/2014\/04\/17\/varfor-heter-det-skartorsdag\/#breadcrumb","itemListElement":[{"@type":"ListItem","position":1,"name":"Hem","item":"https:\/\/blogg.svenskakyrkan.se\/vandravagen\/"},{"@type":"ListItem","position":2,"name":"Varf\u00f6r heter det sk\u00e4rtorsdag?"}]},{"@type":"WebSite","@id":"https:\/\/blogg.svenskakyrkan.se\/vandravagen\/#website","url":"https:\/\/blogg.svenskakyrkan.se\/vandravagen\/","name":"Vandra V\u00e4gen","description":"-Mot en tro f\u00f6r hela livet","publisher":{"@id":"https:\/\/blogg.svenskakyrkan.se\/vandravagen\/#organization"},"potentialAction":[{"@type":"SearchAction","target":{"@type":"EntryPoint","urlTemplate":"https:\/\/blogg.svenskakyrkan.se\/vandravagen\/?s={search_term_string}"},"query-input":{"@type":"PropertyValueSpecification","valueRequired":true,"valueName":"search_term_string"}}],"inLanguage":"sv-SE"},{"@type":"Organization","@id":"https:\/\/blogg.svenskakyrkan.se\/vandravagen\/#organization","name":"ulricehamns pastorat","alternateName":"ulricehamns pastorat","url":"https:\/\/blogg.svenskakyrkan.se\/vandravagen\/","logo":{"@type":"ImageObject","inLanguage":"sv-SE","@id":"https:\/\/blogg.svenskakyrkan.se\/vandravagen\/#\/schema\/logo\/image\/","url":"https:\/\/blogg.svenskakyrkan.se\/vandravagen\/files\/2023\/05\/Ulr_logo_RGB.png","contentUrl":"https:\/\/blogg.svenskakyrkan.se\/vandravagen\/files\/2023\/05\/Ulr_logo_RGB.png","width":205,"height":77,"caption":"ulricehamns pastorat"},"image":{"@id":"https:\/\/blogg.svenskakyrkan.se\/vandravagen\/#\/schema\/logo\/image\/"},"sameAs":["http:\/\/facebook.com\/vandravagen","https:\/\/x.com\/fadertomas","http:\/\/www.facebook.com\/svenskakyrkaniulricehamn"]},{"@type":"Person","@id":"https:\/\/blogg.svenskakyrkan.se\/vandravagen\/#\/schema\/person\/25da02d4f76b137d04291711e2c9fc16","name":"Tomas Jarvid","image":{"@type":"ImageObject","inLanguage":"sv-SE","@id":"https:\/\/blogg.svenskakyrkan.se\/vandravagen\/#\/schema\/person\/image\/","url":"https:\/\/secure.gravatar.com\/avatar\/7fa71899795e8f540f615a1f5ab25255dc27aa40f05ee7ddd21aac521e01bf50?s=96&d=identicon&r=g","contentUrl":"https:\/\/secure.gravatar.com\/avatar\/7fa71899795e8f540f615a1f5ab25255dc27aa40f05ee7ddd21aac521e01bf50?s=96&d=identicon&r=g","caption":"Tomas Jarvid"},"description":"Jag bor i Ulricehamn i V\u00e4sterg\u00f6tland och \u00e4r f\u00f6rsamlingspr\u00e4st i Svenska Kyrkan f\u00f6r Dalstorps f\u00f6rsamling i Kinds pastorat. P\u00e5 den h\u00e4r bloggen skriver jag ner tankar om vandringen som kristen.","sameAs":["http:\/\/www.vandravagen.se"],"url":"https:\/\/blogg.svenskakyrkan.se\/vandravagen\/author\/vandravagen\/"}]}},"author_meta":{"ID":"392","user_nicename":"vandravagen","user_url":"http:\/\/www.vandravagen.se","user_registered":"2014-05-19 05:44:52","display_name":"Tomas Jarvid","first_name":"Tomas","last_name":"Jarvid","avatar":"https:\/\/secure.gravatar.com\/avatar\/7fa71899795e8f540f615a1f5ab25255dc27aa40f05ee7ddd21aac521e01bf50?s=96&d=identicon&r=g"},"featured_image":false,"bloginfo":{"name":"Vandra V\u00e4gen","url":"https:\/\/blogg.svenskakyrkan.se\/vandravagen"},"_links":{"self":[{"href":"https:\/\/blogg.svenskakyrkan.se\/vandravagen\/wp-json\/wp\/v2\/posts\/77","targetHints":{"allow":["GET"]}}],"collection":[{"href":"https:\/\/blogg.svenskakyrkan.se\/vandravagen\/wp-json\/wp\/v2\/posts"}],"about":[{"href":"https:\/\/blogg.svenskakyrkan.se\/vandravagen\/wp-json\/wp\/v2\/types\/post"}],"author":[{"embeddable":true,"href":"https:\/\/blogg.svenskakyrkan.se\/vandravagen\/wp-json\/wp\/v2\/users\/392"}],"replies":[{"embeddable":true,"href":"https:\/\/blogg.svenskakyrkan.se\/vandravagen\/wp-json\/wp\/v2\/comments?post=77"}],"version-history":[{"count":0,"href":"https:\/\/blogg.svenskakyrkan.se\/vandravagen\/wp-json\/wp\/v2\/posts\/77\/revisions"}],"wp:attachment":[{"href":"https:\/\/blogg.svenskakyrkan.se\/vandravagen\/wp-json\/wp\/v2\/media?parent=77"}],"wp:term":[{"taxonomy":"category","embeddable":true,"href":"https:\/\/blogg.svenskakyrkan.se\/vandravagen\/wp-json\/wp\/v2\/categories?post=77"},{"taxonomy":"post_tag","embeddable":true,"href":"https:\/\/blogg.svenskakyrkan.se\/vandravagen\/wp-json\/wp\/v2\/tags?post=77"}],"curies":[{"name":"wp","href":"https:\/\/api.w.org\/{rel}","templated":true}]}}